{"id":205773,"date":"2024-12-06T10:02:52","date_gmt":"2024-12-06T17:02:52","guid":{"rendered":"https:\/\/www.sonoraenequipo.com.mx\/?p=205773"},"modified":"2024-12-06T23:12:44","modified_gmt":"2024-12-07T06:12:44","slug":"suspenden-a-empresa-que-suministro-alimento-para-bebes-al-sector-salud-por-brote-de-bacteria","status":"publish","type":"post","link":"https:\/\/www.sonoraenequipo.com.mx\/suspenden-a-empresa-que-suministro-alimento-para-bebes-al-sector-salud-por-brote-de-bacteria\/","title":{"rendered":"Suspenden a Empresa que Suministr\u00f3 Alimento para Beb\u00e9s al sector salud por brote de bacteria"},"content":{"rendered":"<p><strong>CIUDAD DE M\u00c9XICO. MX. \u2014<\/strong> La presidenta de M\u00e9xico, Claudia Sheinbaum, confirm\u00f3 este jueves la suspensi\u00f3n inmediata del proveedor de alimentos que caus\u00f3 un brote de Infecci\u00f3n del Torrente Sangu\u00edneo (ITS), relacionado con la bacteria Klebsiella oxytoca, que provoc\u00f3 la muerte de al menos 13 pacientes en hospitales del pa\u00eds, principalmente beb\u00e9s prematuros. La mandataria detall\u00f3 que la empresa responsable fue retirada del sistema de suministro, con la suspensi\u00f3n tanto del contrato como del registro del producto afectado.<\/p>\n<p>&nbsp;<\/p>\n<p>&nbsp;<\/p>\n<p>&nbsp;<\/p>\n<p> <\/p>\n<p><strong><em>\u201cSe pidi\u00f3 que se suspendiera el contrato y registro de este alimento que se le da a los peque\u00f1itos. La mayor\u00eda son beb\u00e9s prematuros. Se suspendi\u00f3 a la empresa\u201d<\/em><\/strong>, explic\u00f3 Sheinbaum durante su rueda de prensa en Palacio Nacional.<\/p>\n<p>&nbsp;<\/p>\n<p>&nbsp;<\/p>\n<h3>Investigaci\u00f3n en curso<\/h3>\n<p>&nbsp;<\/p>\n<p>&nbsp;<\/p>\n<p>Sheinbaum tambi\u00e9n inform\u00f3 que la Comisi\u00f3n Federal para la Protecci\u00f3n contra Riesgos Sanitarios (Cofepris) contin\u00faa con las investigaciones para esclarecer las causas del brote. La presidenta subray\u00f3 que se est\u00e1n realizando estudios microbiol\u00f3gicos para determinar con precisi\u00f3n la fuente de la infecci\u00f3n y las razones detr\u00e1s de la serie de muertes.<\/p>\n<p>&nbsp;<\/p>\n<p>&nbsp;<\/p>\n<p>&nbsp;<\/p>\n<p>\u201cSe est\u00e1n haciendo los estudios de cultivos para saber cu\u00e1l es la causa\u201d, se\u00f1al\u00f3 Sheinbaum, al referirse a la situaci\u00f3n que ha generado alarma en el pa\u00eds, especialmente por el hecho de que las v\u00edctimas eran pacientes pedi\u00e1tricos, con edades que van de los 0 a los 14 a\u00f1os.<\/p>\n<p>&nbsp;<\/p>\n<p>&nbsp;<\/p>\n<h3>Posible contaminaci\u00f3n de nutrici\u00f3n parenteral<\/h3>\n<p>&nbsp;<\/p>\n<p>&nbsp;<\/p>\n<p>El Secretar\u00eda de Salud (SSa), a trav\u00e9s de la Direcci\u00f3n General de Epidemiolog\u00eda (DGE), inform\u00f3 que las investigaciones iniciales sugieren una posible contaminaci\u00f3n de las soluciones de Nutrici\u00f3n Parenteral (NPT) proporcionadas por la empresa SAFE, aunque no se descartan otras hip\u00f3tesis. Las soluciones intravenosas de nutrici\u00f3n, esenciales para los beb\u00e9s prematuros, podr\u00edan estar contaminadas con la bacteria Klebsiella oxytoca, que es resistente a varios antibi\u00f3ticos, lo que complica su tratamiento.<\/p>\n<p>&nbsp;<\/p>\n<p>&nbsp;<\/p>\n<p>El brote de ITS se detect\u00f3 en cuatro hospitales del Estado de M\u00e9xico: tres p\u00fablicos y uno privado. La Secretar\u00eda de Salud ha confirmado hasta ahora 20 casos de ITS en pacientes pedi\u00e1tricos, de los cuales 15 fueron confirmados y 13 resultaron en muertes.<\/p>\n<p>&nbsp;<\/p>\n<p>&nbsp;<\/p>\n<h3>Medidas preventivas y seguimiento<\/h3>\n<p>&nbsp;<\/p>\n<p>&nbsp;<\/p>\n<p>La presidenta Sheinbaum expres\u00f3 su profundo pesar por las muertes, se\u00f1alando que \u201ces muy triste que haya ocurrido esto\u201d. Asegur\u00f3 que su gobierno est\u00e1 tomando medidas para prevenir nuevos casos y que se mantiene un monitoreo constante de los hospitales para identificar posibles brotes adicionales en otras regiones del pa\u00eds.<\/p>\n<p>&nbsp;<\/p>\n<p>&nbsp;<\/p>\n<p>El Secretario de Salud, David Kershenobich Stalnikowitz, se encuentra al tanto de las investigaciones, colaborando con la Cofepris y otras autoridades para dar con el origen del brote y evitar m\u00e1s tragedias.<\/p>\n<p>&nbsp;<\/p>\n<p>&nbsp;<\/p>\n<p>Este incidente ha puesto de manifiesto las deficiencias en la seguridad de los productos m\u00e9dicos y la necesidad urgente de revisar los procesos de certificaci\u00f3n de los insumos utilizados en los hospitales del pa\u00eds.<\/p>\n<p>&nbsp;<\/p>\n<p>&nbsp;<\/p>\n<p>PUBLICADO EL 06 DE DICIEMBRE DE 2024 \/Medios nacionales y redes sociales)<\/p>\n","protected":false},"excerpt":{"rendered":"<p>CIUDAD DE M\u00c9XICO. MX. \u2014 La presidenta de M\u00e9xico, Claudia Sheinbaum, confirm\u00f3 este jueves la&#8230;<\/p>\n","protected":false},"author":1,"featured_media":205768,"comment_status":"open","ping_status":"open","sticky":false,"template":"","format":"standard","meta":{"_monsterinsights_skip_tracking":false,"_monsterinsights_sitenote_active":false,"_monsterinsights_sitenote_note":"","_monsterinsights_sitenote_category":0,"footnotes":""},"categories":[5],"tags":[],"class_list":["post"],"yoast_head":" \n<title>Sonora en Equipo. Suspenden a Empresa que Suministr\u00f3 Alimento para Beb\u00e9s al sector salud por brote de bacteria Rep\u00fablica<\/title>\n<meta name=\"description\" content=\"CIUDAD DE M\u00c9XICO. MX. \u2014 La presidenta de M\u00e9xico, Claudia Sheinbaum, confirm\u00f3 este jueves la suspensi\u00f3n inmediata del proveedor de alimentos que caus\u00f3 un En Sonora en Equipo publicamos toda la informaci\u00f3n de Sonora, M\u00e9xico y el Mundo de manera oportuna y busca que la libertad de expresi\u00f3n sea real. Visita nuestro medio informativo publicado desde Hermosillo, Sonora. %\" \/>\n<meta name=\"robots\" content=\"index, follow, max-snippet:-1, max-image-preview:large, max-video-preview:-1\" \/>\n<link rel=\"canonical\" href=\"https:\/\/www.sonoraenequipo.com.mx\/suspenden-a-empresa-que-suministro-alimento-para-bebes-al-sector-salud-por-brote-de-bacteria\/\" \/>\n<meta property=\"og:locale\" content=\"es_ES\" \/>\n<meta property=\"og:type\" content=\"article\" \/>\n<meta property=\"og:title\" content=\"Sonora en Equipo. Suspenden a Empresa que Suministr\u00f3 Alimento para Beb\u00e9s al sector salud por brote de bacteria Rep\u00fablica\" \/>\n<meta property=\"og:description\" content=\"CIUDAD DE M\u00c9XICO. MX. \u2014 La presidenta de M\u00e9xico, Claudia Sheinbaum, confirm\u00f3 este jueves la suspensi\u00f3n inmediata del proveedor de alimentos que caus\u00f3 un En Sonora en Equipo publicamos toda la informaci\u00f3n de Sonora, M\u00e9xico y el Mundo de manera oportuna y busca que la libertad de expresi\u00f3n sea real. Visita nuestro medio informativo publicado desde Hermosillo, Sonora. %\" \/>\n<meta property=\"og:url\" content=\"https:\/\/www.sonoraenequipo.com.mx\/suspenden-a-empresa-que-suministro-alimento-para-bebes-al-sector-salud-por-brote-de-bacteria\/\" \/>\n<meta property=\"og:site_name\" content=\"Sonora en Equipo.\" \/>\n<meta property=\"article:publisher\" content=\"https:\/\/www.facebook.com\/SonoraEE\/\" \/>\n<meta property=\"article:author\" content=\"https:\/\/www.facebook.com\/SonoraEE\" \/>\n<meta property=\"article:published_time\" content=\"2024-12-06T17:02:52+00:00\" \/>\n<meta property=\"article:modified_time\" content=\"2024-12-07T06:12:44+00:00\" \/>\n<meta property=\"og:image\" content=\"https:\/\/www.sonoraenequipo.com.mx\/storage\/2024\/12\/claudia-sheinbaum-min-1.jpg\" \/>\n\t<meta property=\"og:image:width\" content=\"1000\" \/>\n\t<meta property=\"og:image:height\" content=\"635\" \/>\n\t<meta property=\"og:image:type\" content=\"image\/jpeg\" \/>\n<meta name=\"author\" content=\"enequipo\" \/>\n<meta name=\"twitter:card\" content=\"summary_large_image\" \/>\n<meta name=\"twitter:creator\" content=\"@sonoraenequipo\" \/>\n<meta name=\"twitter:site\" content=\"@sonoraenequipo\" \/>\n<meta name=\"twitter:label1\" content=\"Escrito por\" \/>\n\t<meta name=\"twitter:data1\" content=\"enequipo\" \/>\n\t<meta name=\"twitter:label2\" content=\"Tiempo de lectura\" \/>\n\t<meta name=\"twitter:data2\" content=\"3 minutos\" \/>\n<script type=\"application\/ld+json\" class=\"yoast-schema-graph\">{\"@context\":\"https:\/\/schema.org\",\"@graph\":[{\"@type\":\"Article\",\"@id\":\"https:\/\/www.sonoraenequipo.com.mx\/suspenden-a-empresa-que-suministro-alimento-para-bebes-al-sector-salud-por-brote-de-bacteria\/#article\",\"isPartOf\":{\"@id\":\"https:\/\/www.sonoraenequipo.com.mx\/suspenden-a-empresa-que-suministro-alimento-para-bebes-al-sector-salud-por-brote-de-bacteria\/\"},\"author\":{\"name\":\"enequipo\",\"@id\":\"https:\/\/www.sonoraenequipo.com.mx\/#\/schema\/person\/50102df0fb23a8fa9e8effad8fa81386\"},\"headline\":\"Suspenden a Empresa que Suministr\u00f3 Alimento para Beb\u00e9s al sector salud por brote de bacteria\",\"datePublished\":\"2024-12-06T17:02:52+00:00\",\"dateModified\":\"2024-12-07T06:12:44+00:00\",\"mainEntityOfPage\":{\"@id\":\"https:\/\/www.sonoraenequipo.com.mx\/suspenden-a-empresa-que-suministro-alimento-para-bebes-al-sector-salud-por-brote-de-bacteria\/\"},\"wordCount\":556,\"commentCount\":0,\"publisher\":{\"@id\":\"https:\/\/www.sonoraenequipo.com.mx\/#organization\"},\"image\":{\"@id\":\"https:\/\/www.sonoraenequipo.com.mx\/suspenden-a-empresa-que-suministro-alimento-para-bebes-al-sector-salud-por-brote-de-bacteria\/#primaryimage\"},\"thumbnailUrl\":\"https:\/\/www.sonoraenequipo.com.mx\/storage\/2024\/12\/claudia-sheinbaum-min-1.jpg\",\"articleSection\":[\"Rep\u00fablica\"],\"inLanguage\":\"es\",\"potentialAction\":[{\"@type\":\"CommentAction\",\"name\":\"Comment\",\"target\":[\"https:\/\/www.sonoraenequipo.com.mx\/suspenden-a-empresa-que-suministro-alimento-para-bebes-al-sector-salud-por-brote-de-bacteria\/#respond\"]}]},{\"@type\":\"WebPage\",\"@id\":\"https:\/\/www.sonoraenequipo.com.mx\/suspenden-a-empresa-que-suministro-alimento-para-bebes-al-sector-salud-por-brote-de-bacteria\/\",\"url\":\"https:\/\/www.sonoraenequipo.com.mx\/suspenden-a-empresa-que-suministro-alimento-para-bebes-al-sector-salud-por-brote-de-bacteria\/\",\"name\":\"Sonora en Equipo. Suspenden a Empresa que Suministr\u00f3 Alimento para Beb\u00e9s al sector salud por brote de bacteria Rep\u00fablica\",\"isPartOf\":{\"@id\":\"https:\/\/www.sonoraenequipo.com.mx\/#website\"},\"primaryImageOfPage\":{\"@id\":\"https:\/\/www.sonoraenequipo.com.mx\/suspenden-a-empresa-que-suministro-alimento-para-bebes-al-sector-salud-por-brote-de-bacteria\/#primaryimage\"},\"image\":{\"@id\":\"https:\/\/www.sonoraenequipo.com.mx\/suspenden-a-empresa-que-suministro-alimento-para-bebes-al-sector-salud-por-brote-de-bacteria\/#primaryimage\"},\"thumbnailUrl\":\"https:\/\/www.sonoraenequipo.com.mx\/storage\/2024\/12\/claudia-sheinbaum-min-1.jpg\",\"datePublished\":\"2024-12-06T17:02:52+00:00\",\"dateModified\":\"2024-12-07T06:12:44+00:00\",\"description\":\"CIUDAD DE M\u00c9XICO. MX. \u2014 La presidenta de M\u00e9xico, Claudia Sheinbaum, confirm\u00f3 este jueves la suspensi\u00f3n inmediata del proveedor de alimentos que caus\u00f3 un En Sonora en Equipo publicamos toda la informaci\u00f3n de Sonora, M\u00e9xico y el Mundo de manera oportuna y busca que la libertad de expresi\u00f3n sea real. Visita nuestro medio informativo publicado desde Hermosillo, Sonora. %\",\"breadcrumb\":{\"@id\":\"https:\/\/www.sonoraenequipo.com.mx\/suspenden-a-empresa-que-suministro-alimento-para-bebes-al-sector-salud-por-brote-de-bacteria\/#breadcrumb\"},\"inLanguage\":\"es\",\"potentialAction\":[{\"@type\":\"ReadAction\",\"target\":[\"https:\/\/www.sonoraenequipo.com.mx\/suspenden-a-empresa-que-suministro-alimento-para-bebes-al-sector-salud-por-brote-de-bacteria\/\"]}]},{\"@type\":\"ImageObject\",\"inLanguage\":\"es\",\"@id\":\"https:\/\/www.sonoraenequipo.com.mx\/suspenden-a-empresa-que-suministro-alimento-para-bebes-al-sector-salud-por-brote-de-bacteria\/#primaryimage\",\"url\":\"https:\/\/www.sonoraenequipo.com.mx\/storage\/2024\/12\/claudia-sheinbaum-min-1.jpg\",\"contentUrl\":\"https:\/\/www.sonoraenequipo.com.mx\/storage\/2024\/12\/claudia-sheinbaum-min-1.jpg\",\"width\":1000,\"height\":635},{\"@type\":\"BreadcrumbList\",\"@id\":\"https:\/\/www.sonoraenequipo.com.mx\/suspenden-a-empresa-que-suministro-alimento-para-bebes-al-sector-salud-por-brote-de-bacteria\/#breadcrumb\",\"itemListElement\":[{\"@type\":\"ListItem\",\"position\":1,\"name\":\"Portada\",\"item\":\"https:\/\/www.sonoraenequipo.com.mx\/\"},{\"@type\":\"ListItem\",\"position\":2,\"name\":\"Suspenden a Empresa que Suministr\u00f3 Alimento para Beb\u00e9s al sector salud por brote de bacteria\"}]},{\"@type\":\"WebSite\",\"@id\":\"https:\/\/www.sonoraenequipo.com.mx\/#website\",\"url\":\"https:\/\/www.sonoraenequipo.com.mx\/\",\"name\":\"Sonora en Equipo.\",\"description\":\"Diario en l\u00ednea con Noticias desde Hermosillo, Sonora\",\"publisher\":{\"@id\":\"https:\/\/www.sonoraenequipo.com.mx\/#organization\"},\"potentialAction\":[{\"@type\":\"SearchAction\",\"target\":{\"@type\":\"EntryPoint\",\"urlTemplate\":\"https:\/\/www.sonoraenequipo.com.mx\/?s={search_term_string}\"},\"query-input\":{\"@type\":\"PropertyValueSpecification\",\"valueRequired\":true,\"valueName\":\"search_term_string\"}}],\"inLanguage\":\"es\"},{\"@type\":\"Organization\",\"@id\":\"https:\/\/www.sonoraenequipo.com.mx\/#organization\",\"name\":\"Sonoraenequipo.com.mx\",\"url\":\"https:\/\/www.sonoraenequipo.com.mx\/\",\"logo\":{\"@type\":\"ImageObject\",\"inLanguage\":\"es\",\"@id\":\"https:\/\/www.sonoraenequipo.com.mx\/#\/schema\/logo\/image\/\",\"url\":\"https:\/\/www.sonoraenequipo.com.mx\/storage\/2019\/01\/sonoraenequipo_opt.png\",\"contentUrl\":\"https:\/\/www.sonoraenequipo.com.mx\/storage\/2019\/01\/sonoraenequipo_opt.png\",\"width\":375,\"height\":125,\"caption\":\"Sonoraenequipo.com.mx\"},\"image\":{\"@id\":\"https:\/\/www.sonoraenequipo.com.mx\/#\/schema\/logo\/image\/\"},\"sameAs\":[\"https:\/\/www.facebook.com\/SonoraEE\/\",\"https:\/\/x.com\/sonoraenequipo\",\"https:\/\/www.youtube.com\/channel\/UC338nW-lPEYmJQs4ZABQ1SQ\"]},{\"@type\":\"Person\",\"@id\":\"https:\/\/www.sonoraenequipo.com.mx\/#\/schema\/person\/50102df0fb23a8fa9e8effad8fa81386\",\"name\":\"enequipo\",\"image\":{\"@type\":\"ImageObject\",\"inLanguage\":\"es\",\"@id\":\"https:\/\/www.sonoraenequipo.com.mx\/#\/schema\/person\/image\/\",\"url\":\"https:\/\/secure.gravatar.com\/avatar\/049821681b589dabc0bc20695993ccebb09f5b5d4d790cd9251b97faac7c652b?s=96&d=blank&r=g\",\"contentUrl\":\"https:\/\/secure.gravatar.com\/avatar\/049821681b589dabc0bc20695993ccebb09f5b5d4d790cd9251b97faac7c652b?s=96&d=blank&r=g\",\"caption\":\"enequipo\"},\"sameAs\":[\"https:\/\/www.facebook.com\/SonoraEE\"]}]}<\/script>\n ","yoast_head_json":{"title":"Sonora en Equipo. Suspenden a Empresa que Suministr\u00f3 Alimento para Beb\u00e9s al sector salud por brote de bacteria Rep\u00fablica","description":"CIUDAD DE M\u00c9XICO. MX. \u2014 La presidenta de M\u00e9xico, Claudia Sheinbaum, confirm\u00f3 este jueves la suspensi\u00f3n inmediata del proveedor de alimentos que caus\u00f3 un En Sonora en Equipo publicamos toda la informaci\u00f3n de Sonora, M\u00e9xico y el Mundo de manera oportuna y busca que la libertad de expresi\u00f3n sea real. Visita nuestro medio informativo publicado desde Hermosillo, Sonora. %","robots":{"index":"index","follow":"follow","max-snippet":"max-snippet:-1","max-image-preview":"max-image-preview:large","max-video-preview":"max-video-preview:-1"},"canonical":"https:\/\/www.sonoraenequipo.com.mx\/suspenden-a-empresa-que-suministro-alimento-para-bebes-al-sector-salud-por-brote-de-bacteria\/","og_locale":"es_ES","og_type":"article","og_title":"Sonora en Equipo. Suspenden a Empresa que Suministr\u00f3 Alimento para Beb\u00e9s al sector salud por brote de bacteria Rep\u00fablica","og_description":"CIUDAD DE M\u00c9XICO. MX. \u2014 La presidenta de M\u00e9xico, Claudia Sheinbaum, confirm\u00f3 este jueves la suspensi\u00f3n inmediata del proveedor de alimentos que caus\u00f3 un En Sonora en Equipo publicamos toda la informaci\u00f3n de Sonora, M\u00e9xico y el Mundo de manera oportuna y busca que la libertad de expresi\u00f3n sea real. Visita nuestro medio informativo publicado desde Hermosillo, Sonora. %","og_url":"https:\/\/www.sonoraenequipo.com.mx\/suspenden-a-empresa-que-suministro-alimento-para-bebes-al-sector-salud-por-brote-de-bacteria\/","og_site_name":"Sonora en Equipo.","article_publisher":"https:\/\/www.facebook.com\/SonoraEE\/","article_author":"https:\/\/www.facebook.com\/SonoraEE","article_published_time":"2024-12-06T17:02:52+00:00","article_modified_time":"2024-12-07T06:12:44+00:00","og_image":[{"width":1000,"height":635,"url":"https:\/\/www.sonoraenequipo.com.mx\/storage\/2024\/12\/claudia-sheinbaum-min-1.jpg","type":"image\/jpeg"}],"author":"enequipo","twitter_card":"summary_large_image","twitter_creator":"@sonoraenequipo","twitter_site":"@sonoraenequipo","twitter_misc":{"Escrito por":"enequipo","Tiempo de lectura":"3 minutos"},"schema":{"@context":"https:\/\/schema.org","@graph":[{"@type":"Article","@id":"https:\/\/www.sonoraenequipo.com.mx\/suspenden-a-empresa-que-suministro-alimento-para-bebes-al-sector-salud-por-brote-de-bacteria\/#article","isPartOf":{"@id":"https:\/\/www.sonoraenequipo.com.mx\/suspenden-a-empresa-que-suministro-alimento-para-bebes-al-sector-salud-por-brote-de-bacteria\/"},"author":{"name":"enequipo","@id":"https:\/\/www.sonoraenequipo.com.mx\/#\/schema\/person\/50102df0fb23a8fa9e8effad8fa81386"},"headline":"Suspenden a Empresa que Suministr\u00f3 Alimento para Beb\u00e9s al sector salud por brote de bacteria","datePublished":"2024-12-06T17:02:52+00:00","dateModified":"2024-12-07T06:12:44+00:00","mainEntityOfPage":{"@id":"https:\/\/www.sonoraenequipo.com.mx\/suspenden-a-empresa-que-suministro-alimento-para-bebes-al-sector-salud-por-brote-de-bacteria\/"},"wordCount":556,"commentCount":0,"publisher":{"@id":"https:\/\/www.sonoraenequipo.com.mx\/#organization"},"image":{"@id":"https:\/\/www.sonoraenequipo.com.mx\/suspenden-a-empresa-que-suministro-alimento-para-bebes-al-sector-salud-por-brote-de-bacteria\/#primaryimage"},"thumbnailUrl":"https:\/\/www.sonoraenequipo.com.mx\/storage\/2024\/12\/claudia-sheinbaum-min-1.jpg","articleSection":["Rep\u00fablica"],"inLanguage":"es","potentialAction":[{"@type":"CommentAction","name":"Comment","target":["https:\/\/www.sonoraenequipo.com.mx\/suspenden-a-empresa-que-suministro-alimento-para-bebes-al-sector-salud-por-brote-de-bacteria\/#respond"]}]},{"@type":"WebPage","@id":"https:\/\/www.sonoraenequipo.com.mx\/suspenden-a-empresa-que-suministro-alimento-para-bebes-al-sector-salud-por-brote-de-bacteria\/","url":"https:\/\/www.sonoraenequipo.com.mx\/suspenden-a-empresa-que-suministro-alimento-para-bebes-al-sector-salud-por-brote-de-bacteria\/","name":"Sonora en Equipo. Suspenden a Empresa que Suministr\u00f3 Alimento para Beb\u00e9s al sector salud por brote de bacteria Rep\u00fablica","isPartOf":{"@id":"https:\/\/www.sonoraenequipo.com.mx\/#website"},"primaryImageOfPage":{"@id":"https:\/\/www.sonoraenequipo.com.mx\/suspenden-a-empresa-que-suministro-alimento-para-bebes-al-sector-salud-por-brote-de-bacteria\/#primaryimage"},"image":{"@id":"https:\/\/www.sonoraenequipo.com.mx\/suspenden-a-empresa-que-suministro-alimento-para-bebes-al-sector-salud-por-brote-de-bacteria\/#primaryimage"},"thumbnailUrl":"https:\/\/www.sonoraenequipo.com.mx\/storage\/2024\/12\/claudia-sheinbaum-min-1.jpg","datePublished":"2024-12-06T17:02:52+00:00","dateModified":"2024-12-07T06:12:44+00:00","description":"CIUDAD DE M\u00c9XICO. MX. \u2014 La presidenta de M\u00e9xico, Claudia Sheinbaum, confirm\u00f3 este jueves la suspensi\u00f3n inmediata del proveedor de alimentos que caus\u00f3 un En Sonora en Equipo publicamos toda la informaci\u00f3n de Sonora, M\u00e9xico y el Mundo de manera oportuna y busca que la libertad de expresi\u00f3n sea real. Visita nuestro medio informativo publicado desde Hermosillo, Sonora. %","breadcrumb":{"@id":"https:\/\/www.sonoraenequipo.com.mx\/suspenden-a-empresa-que-suministro-alimento-para-bebes-al-sector-salud-por-brote-de-bacteria\/#breadcrumb"},"inLanguage":"es","potentialAction":[{"@type":"ReadAction","target":["https:\/\/www.sonoraenequipo.com.mx\/suspenden-a-empresa-que-suministro-alimento-para-bebes-al-sector-salud-por-brote-de-bacteria\/"]}]},{"@type":"ImageObject","inLanguage":"es","@id":"https:\/\/www.sonoraenequipo.com.mx\/suspenden-a-empresa-que-suministro-alimento-para-bebes-al-sector-salud-por-brote-de-bacteria\/#primaryimage","url":"https:\/\/www.sonoraenequipo.com.mx\/storage\/2024\/12\/claudia-sheinbaum-min-1.jpg","contentUrl":"https:\/\/www.sonoraenequipo.com.mx\/storage\/2024\/12\/claudia-sheinbaum-min-1.jpg","width":1000,"height":635},{"@type":"BreadcrumbList","@id":"https:\/\/www.sonoraenequipo.com.mx\/suspenden-a-empresa-que-suministro-alimento-para-bebes-al-sector-salud-por-brote-de-bacteria\/#breadcrumb","itemListElement":[{"@type":"ListItem","position":1,"name":"Portada","item":"https:\/\/www.sonoraenequipo.com.mx\/"},{"@type":"ListItem","position":2,"name":"Suspenden a Empresa que Suministr\u00f3 Alimento para Beb\u00e9s al sector salud por brote de bacteria"}]},{"@type":"WebSite","@id":"https:\/\/www.sonoraenequipo.com.mx\/#website","url":"https:\/\/www.sonoraenequipo.com.mx\/","name":"Sonora en Equipo.","description":"Diario en l\u00ednea con Noticias desde Hermosillo, Sonora","publisher":{"@id":"https:\/\/www.sonoraenequipo.com.mx\/#organization"},"potentialAction":[{"@type":"SearchAction","target":{"@type":"EntryPoint","urlTemplate":"https:\/\/www.sonoraenequipo.com.mx\/?s={search_term_string}"},"query-input":{"@type":"PropertyValueSpecification","valueRequired":true,"valueName":"search_term_string"}}],"inLanguage":"es"},{"@type":"Organization","@id":"https:\/\/www.sonoraenequipo.com.mx\/#organization","name":"Sonoraenequipo.com.mx","url":"https:\/\/www.sonoraenequipo.com.mx\/","logo":{"@type":"ImageObject","inLanguage":"es","@id":"https:\/\/www.sonoraenequipo.com.mx\/#\/schema\/logo\/image\/","url":"https:\/\/www.sonoraenequipo.com.mx\/storage\/2019\/01\/sonoraenequipo_opt.png","contentUrl":"https:\/\/www.sonoraenequipo.com.mx\/storage\/2019\/01\/sonoraenequipo_opt.png","width":375,"height":125,"caption":"Sonoraenequipo.com.mx"},"image":{"@id":"https:\/\/www.sonoraenequipo.com.mx\/#\/schema\/logo\/image\/"},"sameAs":["https:\/\/www.facebook.com\/SonoraEE\/","https:\/\/x.com\/sonoraenequipo","https:\/\/www.youtube.com\/channel\/UC338nW-lPEYmJQs4ZABQ1SQ"]},{"@type":"Person","@id":"https:\/\/www.sonoraenequipo.com.mx\/#\/schema\/person\/50102df0fb23a8fa9e8effad8fa81386","name":"enequipo","image":{"@type":"ImageObject","inLanguage":"es","@id":"https:\/\/www.sonoraenequipo.com.mx\/#\/schema\/person\/image\/","url":"https:\/\/secure.gravatar.com\/avatar\/049821681b589dabc0bc20695993ccebb09f5b5d4d790cd9251b97faac7c652b?s=96&d=blank&r=g","contentUrl":"https:\/\/secure.gravatar.com\/avatar\/049821681b589dabc0bc20695993ccebb09f5b5d4d790cd9251b97faac7c652b?s=96&d=blank&r=g","caption":"enequipo"},"sameAs":["https:\/\/www.facebook.com\/SonoraEE"]}]}},"jetpack_featured_media_url":"https:\/\/www.sonoraenequipo.com.mx\/storage\/2024\/12\/claudia-sheinbaum-min-1.jpg","_links":{"self":[{"href":"https:\/\/www.sonoraenequipo.com.mx\/api\/wp\/v2\/posts\/205773","targetHints":{"allow":["GET"]}}],"collection":[{"href":"https:\/\/www.sonoraenequipo.com.mx\/api\/wp\/v2\/posts"}],"about":[{"href":"https:\/\/www.sonoraenequipo.com.mx\/api\/wp\/v2\/types\/post"}],"author":[{"embeddable":true,"href":"https:\/\/www.sonoraenequipo.com.mx\/api\/wp\/v2\/users\/1"}],"replies":[{"embeddable":true,"href":"https:\/\/www.sonoraenequipo.com.mx\/api\/wp\/v2\/comments?post=205773"}],"version-history":[{"count":1,"href":"https:\/\/www.sonoraenequipo.com.mx\/api\/wp\/v2\/posts\/205773\/revisions"}],"predecessor-version":[{"id":205774,"href":"https:\/\/www.sonoraenequipo.com.mx\/api\/wp\/v2\/posts\/205773\/revisions\/205774"}],"wp:featuredmedia":[{"embeddable":true,"href":"https:\/\/www.sonoraenequipo.com.mx\/api\/wp\/v2\/media\/205768"}],"wp:attachment":[{"href":"https:\/\/www.sonoraenequipo.com.mx\/api\/wp\/v2\/media?parent=205773"}],"wp:term":[{"taxonomy":"category","embeddable":true,"href":"https:\/\/www.sonoraenequipo.com.mx\/api\/wp\/v2\/categories?post=205773"},{"taxonomy":"post_tag","embeddable":true,"href":"https:\/\/www.sonoraenequipo.com.mx\/api\/wp\/v2\/tags?post=205773"}],"curies":[{"name":"wp","href":"https:\/\/api.w.org\/{rel}","templated":true}]}}