{"id":205780,"date":"2024-12-06T10:34:30","date_gmt":"2024-12-06T17:34:30","guid":{"rendered":"https:\/\/www.sonoraenequipo.com.mx\/?p=205780"},"modified":"2024-12-07T10:50:55","modified_gmt":"2024-12-07T17:50:55","slug":"sheinbaum-anuncia-mas-inspecciones-a-mineras-luego-de-accidente-en-guerrero","status":"publish","type":"post","link":"https:\/\/www.sonoraenequipo.com.mx\/sheinbaum-anuncia-mas-inspecciones-a-mineras-luego-de-accidente-en-guerrero\/","title":{"rendered":"Sheinbaum\u00a0anuncia m\u00e1s inspecciones a mineras luego de accidente en Guerrero"},"content":{"rendered":"<p><strong>CIUDAD DE M\u00c9XICO. MX. \u2014<\/strong> La presidenta de M\u00e9xico, Claudia Sheinbaum Pardo, expres\u00f3 su indignaci\u00f3n tras el tr\u00e1gico accidente ocurrido el jueves en Guerrero, que result\u00f3 en la muerte de tres trabajadores de la mina Media Luna, propiedad de la empresa canadiense Torex Gold. Sheinbaum cuestion\u00f3 el comportamiento de las mineras extranjeras en el pa\u00eds y advirti\u00f3 que el gobierno federal incrementar\u00e1 las inspecciones en las minas para garantizar el cumplimiento de las normativas laborales y de seguridad.<\/p>\n<p> <\/p>\n<p>En su conferencia matutina, la mandataria se\u00f1al\u00f3 que hab\u00eda solicitado al secretario del Trabajo, Marath Bola\u00f1os, aumentar las inspecciones en las minas y revisar a fondo las condiciones laborales. \u00abLe ped\u00ed a Marath que se incrementen las inspecciones y se revise a fondo porque lo vi hoy en la nota de La Jornada, porque no puede ser que aqu\u00ed se apliquen unas normas por empresas canadienses y en Canad\u00e1 se apliquen otras\u00bb, declar\u00f3 Sheinbaum, mostrando su preocupaci\u00f3n por las diferencias en las regulaciones laborales entre M\u00e9xico y Canad\u00e1.<\/p>\n<p>El tr\u00e1gico accidente ocurri\u00f3 en la mina Media Luna, ubicada en el municipio de Cocula, Guerrero, donde tres trabajadores fallecieron a causa de la inhalaci\u00f3n de mon\u00f3xido de carbono. Este suceso reaviv\u00f3 el debate sobre las condiciones de seguridad en las minas de M\u00e9xico, un tema delicado que ha sido foco de atenci\u00f3n en los \u00faltimos a\u00f1os. En 2022, un derrumbe en la mina de carb\u00f3n El Pinabete en Coahuila caus\u00f3 la muerte de 10 trabajadores, mientras que en 2006, la explosi\u00f3n en la mina Pasta de Conchos dej\u00f3 65 muertos, cuyos restos a\u00fan no han sido recuperados.<\/p>\n<p>Sheinbaum, quien ha mostrado en reiteradas ocasiones su compromiso con la mejora de las condiciones laborales, inform\u00f3 que la Coordinadora de Protecci\u00f3n Civil, Laura Vel\u00e1zquez, ya est\u00e1 revisando el caso y brindando apoyo a las familias afectadas. Adem\u00e1s, la presidenta record\u00f3 que la semana pasada se reuni\u00f3 con las v\u00edctimas de accidentes mineros en Coahuila, donde ofreci\u00f3 su respaldo y prometi\u00f3 mejorar los est\u00e1ndares de seguridad en las minas.<\/p>\n<p>El gobierno mexicano ha estado bajo presi\u00f3n para garantizar que las mineras, tanto nacionales como extranjeras, cumplan con las normativas de seguridad laboral, especialmente despu\u00e9s de varios accidentes que han costado la vida a los trabajadores. Este nuevo incidente subraya la necesidad urgente de revisar y reforzar las pol\u00edticas de seguridad en la industria minera del pa\u00eds.<\/p>\n<p>PUBLICADO EL 06 DE DICIEMBRE DE 2024 Con informaci\u00f3n de Conferencia matutina)<\/p>\n","protected":false},"excerpt":{"rendered":"<p>CIUDAD DE M\u00c9XICO. MX. \u2014 La presidenta de M\u00e9xico, Claudia Sheinbaum Pardo, expres\u00f3 su indignaci\u00f3n&#8230;<\/p>\n","protected":false},"author":1,"featured_media":205781,"comment_status":"open","ping_status":"open","sticky":false,"template":"","format":"standard","meta":{"_monsterinsights_skip_tracking":false,"_monsterinsights_sitenote_active":false,"_monsterinsights_sitenote_note":"","_monsterinsights_sitenote_category":0,"footnotes":""},"categories":[5],"tags":[],"class_list":["post"],"yoast_head":" \n<title>Sonora en Equipo. Sheinbaum\u00a0anuncia m\u00e1s inspecciones a mineras luego de accidente en Guerrero Rep\u00fablica<\/title>\n<meta name=\"description\" content=\"CIUDAD DE M\u00c9XICO. MX. \u2014 La presidenta de M\u00e9xico, Claudia Sheinbaum Pardo, expres\u00f3 su indignaci\u00f3n tras el tr\u00e1gico accidente ocurrido el jueves en Guerrero, En Sonora en Equipo publicamos toda la informaci\u00f3n de Sonora, M\u00e9xico y el Mundo de manera oportuna y busca que la libertad de expresi\u00f3n sea real. Visita nuestro medio informativo publicado desde Hermosillo, Sonora. %\" \/>\n<meta name=\"robots\" content=\"index, follow, max-snippet:-1, max-image-preview:large, max-video-preview:-1\" \/>\n<link rel=\"canonical\" href=\"https:\/\/www.sonoraenequipo.com.mx\/sheinbaum-anuncia-mas-inspecciones-a-mineras-luego-de-accidente-en-guerrero\/\" \/>\n<meta property=\"og:locale\" content=\"es_ES\" \/>\n<meta property=\"og:type\" content=\"article\" \/>\n<meta property=\"og:title\" content=\"Sonora en Equipo. Sheinbaum\u00a0anuncia m\u00e1s inspecciones a mineras luego de accidente en Guerrero Rep\u00fablica\" \/>\n<meta property=\"og:description\" content=\"CIUDAD DE M\u00c9XICO. MX. \u2014 La presidenta de M\u00e9xico, Claudia Sheinbaum Pardo, expres\u00f3 su indignaci\u00f3n tras el tr\u00e1gico accidente ocurrido el jueves en Guerrero, En Sonora en Equipo publicamos toda la informaci\u00f3n de Sonora, M\u00e9xico y el Mundo de manera oportuna y busca que la libertad de expresi\u00f3n sea real. Visita nuestro medio informativo publicado desde Hermosillo, Sonora. %\" \/>\n<meta property=\"og:url\" content=\"https:\/\/www.sonoraenequipo.com.mx\/sheinbaum-anuncia-mas-inspecciones-a-mineras-luego-de-accidente-en-guerrero\/\" \/>\n<meta property=\"og:site_name\" content=\"Sonora en Equipo.\" \/>\n<meta property=\"article:publisher\" content=\"https:\/\/www.facebook.com\/SonoraEE\/\" \/>\n<meta property=\"article:author\" content=\"https:\/\/www.facebook.com\/SonoraEE\" \/>\n<meta property=\"article:published_time\" content=\"2024-12-06T17:34:30+00:00\" \/>\n<meta property=\"article:modified_time\" content=\"2024-12-07T17:50:55+00:00\" \/>\n<meta property=\"og:image\" content=\"https:\/\/www.sonoraenequipo.com.mx\/storage\/2024\/12\/claudia-sheinbaum.conf-0512.2024-min-1.jpg\" \/>\n\t<meta property=\"og:image:width\" content=\"900\" \/>\n\t<meta property=\"og:image:height\" content=\"598\" \/>\n\t<meta property=\"og:image:type\" content=\"image\/jpeg\" \/>\n<meta name=\"author\" content=\"enequipo\" \/>\n<meta name=\"twitter:card\" content=\"summary_large_image\" \/>\n<meta name=\"twitter:creator\" content=\"@sonoraenequipo\" \/>\n<meta name=\"twitter:site\" content=\"@sonoraenequipo\" \/>\n<meta name=\"twitter:label1\" content=\"Escrito por\" \/>\n\t<meta name=\"twitter:data1\" content=\"enequipo\" \/>\n\t<meta name=\"twitter:label2\" content=\"Tiempo de lectura\" \/>\n\t<meta name=\"twitter:data2\" content=\"2 minutos\" \/>\n<script type=\"application\/ld+json\" class=\"yoast-schema-graph\">{\"@context\":\"https:\/\/schema.org\",\"@graph\":[{\"@type\":\"Article\",\"@id\":\"https:\/\/www.sonoraenequipo.com.mx\/sheinbaum-anuncia-mas-inspecciones-a-mineras-luego-de-accidente-en-guerrero\/#article\",\"isPartOf\":{\"@id\":\"https:\/\/www.sonoraenequipo.com.mx\/sheinbaum-anuncia-mas-inspecciones-a-mineras-luego-de-accidente-en-guerrero\/\"},\"author\":{\"name\":\"enequipo\",\"@id\":\"https:\/\/www.sonoraenequipo.com.mx\/#\/schema\/person\/50102df0fb23a8fa9e8effad8fa81386\"},\"headline\":\"Sheinbaum\u00a0anuncia m\u00e1s inspecciones a mineras luego de accidente en Guerrero\",\"datePublished\":\"2024-12-06T17:34:30+00:00\",\"dateModified\":\"2024-12-07T17:50:55+00:00\",\"mainEntityOfPage\":{\"@id\":\"https:\/\/www.sonoraenequipo.com.mx\/sheinbaum-anuncia-mas-inspecciones-a-mineras-luego-de-accidente-en-guerrero\/\"},\"wordCount\":436,\"commentCount\":0,\"publisher\":{\"@id\":\"https:\/\/www.sonoraenequipo.com.mx\/#organization\"},\"image\":{\"@id\":\"https:\/\/www.sonoraenequipo.com.mx\/sheinbaum-anuncia-mas-inspecciones-a-mineras-luego-de-accidente-en-guerrero\/#primaryimage\"},\"thumbnailUrl\":\"https:\/\/www.sonoraenequipo.com.mx\/storage\/2024\/12\/claudia-sheinbaum.conf-0512.2024-min-1.jpg\",\"articleSection\":[\"Rep\u00fablica\"],\"inLanguage\":\"es\",\"potentialAction\":[{\"@type\":\"CommentAction\",\"name\":\"Comment\",\"target\":[\"https:\/\/www.sonoraenequipo.com.mx\/sheinbaum-anuncia-mas-inspecciones-a-mineras-luego-de-accidente-en-guerrero\/#respond\"]}]},{\"@type\":\"WebPage\",\"@id\":\"https:\/\/www.sonoraenequipo.com.mx\/sheinbaum-anuncia-mas-inspecciones-a-mineras-luego-de-accidente-en-guerrero\/\",\"url\":\"https:\/\/www.sonoraenequipo.com.mx\/sheinbaum-anuncia-mas-inspecciones-a-mineras-luego-de-accidente-en-guerrero\/\",\"name\":\"Sonora en Equipo. Sheinbaum\u00a0anuncia m\u00e1s inspecciones a mineras luego de accidente en Guerrero Rep\u00fablica\",\"isPartOf\":{\"@id\":\"https:\/\/www.sonoraenequipo.com.mx\/#website\"},\"primaryImageOfPage\":{\"@id\":\"https:\/\/www.sonoraenequipo.com.mx\/sheinbaum-anuncia-mas-inspecciones-a-mineras-luego-de-accidente-en-guerrero\/#primaryimage\"},\"image\":{\"@id\":\"https:\/\/www.sonoraenequipo.com.mx\/sheinbaum-anuncia-mas-inspecciones-a-mineras-luego-de-accidente-en-guerrero\/#primaryimage\"},\"thumbnailUrl\":\"https:\/\/www.sonoraenequipo.com.mx\/storage\/2024\/12\/claudia-sheinbaum.conf-0512.2024-min-1.jpg\",\"datePublished\":\"2024-12-06T17:34:30+00:00\",\"dateModified\":\"2024-12-07T17:50:55+00:00\",\"description\":\"CIUDAD DE M\u00c9XICO. MX. \u2014 La presidenta de M\u00e9xico, Claudia Sheinbaum Pardo, expres\u00f3 su indignaci\u00f3n tras el tr\u00e1gico accidente ocurrido el jueves en Guerrero, En Sonora en Equipo publicamos toda la informaci\u00f3n de Sonora, M\u00e9xico y el Mundo de manera oportuna y busca que la libertad de expresi\u00f3n sea real. Visita nuestro medio informativo publicado desde Hermosillo, Sonora. %\",\"breadcrumb\":{\"@id\":\"https:\/\/www.sonoraenequipo.com.mx\/sheinbaum-anuncia-mas-inspecciones-a-mineras-luego-de-accidente-en-guerrero\/#breadcrumb\"},\"inLanguage\":\"es\",\"potentialAction\":[{\"@type\":\"ReadAction\",\"target\":[\"https:\/\/www.sonoraenequipo.com.mx\/sheinbaum-anuncia-mas-inspecciones-a-mineras-luego-de-accidente-en-guerrero\/\"]}]},{\"@type\":\"ImageObject\",\"inLanguage\":\"es\",\"@id\":\"https:\/\/www.sonoraenequipo.com.mx\/sheinbaum-anuncia-mas-inspecciones-a-mineras-luego-de-accidente-en-guerrero\/#primaryimage\",\"url\":\"https:\/\/www.sonoraenequipo.com.mx\/storage\/2024\/12\/claudia-sheinbaum.conf-0512.2024-min-1.jpg\",\"contentUrl\":\"https:\/\/www.sonoraenequipo.com.mx\/storage\/2024\/12\/claudia-sheinbaum.conf-0512.2024-min-1.jpg\",\"width\":900,\"height\":598},{\"@type\":\"BreadcrumbList\",\"@id\":\"https:\/\/www.sonoraenequipo.com.mx\/sheinbaum-anuncia-mas-inspecciones-a-mineras-luego-de-accidente-en-guerrero\/#breadcrumb\",\"itemListElement\":[{\"@type\":\"ListItem\",\"position\":1,\"name\":\"Portada\",\"item\":\"https:\/\/www.sonoraenequipo.com.mx\/\"},{\"@type\":\"ListItem\",\"position\":2,\"name\":\"Sheinbaum\u00a0anuncia m\u00e1s inspecciones a mineras luego de accidente en Guerrero\"}]},{\"@type\":\"WebSite\",\"@id\":\"https:\/\/www.sonoraenequipo.com.mx\/#website\",\"url\":\"https:\/\/www.sonoraenequipo.com.mx\/\",\"name\":\"Sonora en Equipo.\",\"description\":\"Diario en l\u00ednea con Noticias desde Hermosillo, Sonora\",\"publisher\":{\"@id\":\"https:\/\/www.sonoraenequipo.com.mx\/#organization\"},\"potentialAction\":[{\"@type\":\"SearchAction\",\"target\":{\"@type\":\"EntryPoint\",\"urlTemplate\":\"https:\/\/www.sonoraenequipo.com.mx\/?s={search_term_string}\"},\"query-input\":{\"@type\":\"PropertyValueSpecification\",\"valueRequired\":true,\"valueName\":\"search_term_string\"}}],\"inLanguage\":\"es\"},{\"@type\":\"Organization\",\"@id\":\"https:\/\/www.sonoraenequipo.com.mx\/#organization\",\"name\":\"Sonoraenequipo.com.mx\",\"url\":\"https:\/\/www.sonoraenequipo.com.mx\/\",\"logo\":{\"@type\":\"ImageObject\",\"inLanguage\":\"es\",\"@id\":\"https:\/\/www.sonoraenequipo.com.mx\/#\/schema\/logo\/image\/\",\"url\":\"https:\/\/www.sonoraenequipo.com.mx\/storage\/2019\/01\/sonoraenequipo_opt.png\",\"contentUrl\":\"https:\/\/www.sonoraenequipo.com.mx\/storage\/2019\/01\/sonoraenequipo_opt.png\",\"width\":375,\"height\":125,\"caption\":\"Sonoraenequipo.com.mx\"},\"image\":{\"@id\":\"https:\/\/www.sonoraenequipo.com.mx\/#\/schema\/logo\/image\/\"},\"sameAs\":[\"https:\/\/www.facebook.com\/SonoraEE\/\",\"https:\/\/x.com\/sonoraenequipo\",\"https:\/\/www.youtube.com\/channel\/UC338nW-lPEYmJQs4ZABQ1SQ\"]},{\"@type\":\"Person\",\"@id\":\"https:\/\/www.sonoraenequipo.com.mx\/#\/schema\/person\/50102df0fb23a8fa9e8effad8fa81386\",\"name\":\"enequipo\",\"image\":{\"@type\":\"ImageObject\",\"inLanguage\":\"es\",\"@id\":\"https:\/\/www.sonoraenequipo.com.mx\/#\/schema\/person\/image\/\",\"url\":\"https:\/\/secure.gravatar.com\/avatar\/049821681b589dabc0bc20695993ccebb09f5b5d4d790cd9251b97faac7c652b?s=96&d=blank&r=g\",\"contentUrl\":\"https:\/\/secure.gravatar.com\/avatar\/049821681b589dabc0bc20695993ccebb09f5b5d4d790cd9251b97faac7c652b?s=96&d=blank&r=g\",\"caption\":\"enequipo\"},\"sameAs\":[\"https:\/\/www.facebook.com\/SonoraEE\"]}]}<\/script>\n ","yoast_head_json":{"title":"Sonora en Equipo. Sheinbaum\u00a0anuncia m\u00e1s inspecciones a mineras luego de accidente en Guerrero Rep\u00fablica","description":"CIUDAD DE M\u00c9XICO. MX. \u2014 La presidenta de M\u00e9xico, Claudia Sheinbaum Pardo, expres\u00f3 su indignaci\u00f3n tras el tr\u00e1gico accidente ocurrido el jueves en Guerrero, En Sonora en Equipo publicamos toda la informaci\u00f3n de Sonora, M\u00e9xico y el Mundo de manera oportuna y busca que la libertad de expresi\u00f3n sea real. Visita nuestro medio informativo publicado desde Hermosillo, Sonora. %","robots":{"index":"index","follow":"follow","max-snippet":"max-snippet:-1","max-image-preview":"max-image-preview:large","max-video-preview":"max-video-preview:-1"},"canonical":"https:\/\/www.sonoraenequipo.com.mx\/sheinbaum-anuncia-mas-inspecciones-a-mineras-luego-de-accidente-en-guerrero\/","og_locale":"es_ES","og_type":"article","og_title":"Sonora en Equipo. Sheinbaum\u00a0anuncia m\u00e1s inspecciones a mineras luego de accidente en Guerrero Rep\u00fablica","og_description":"CIUDAD DE M\u00c9XICO. MX. \u2014 La presidenta de M\u00e9xico, Claudia Sheinbaum Pardo, expres\u00f3 su indignaci\u00f3n tras el tr\u00e1gico accidente ocurrido el jueves en Guerrero, En Sonora en Equipo publicamos toda la informaci\u00f3n de Sonora, M\u00e9xico y el Mundo de manera oportuna y busca que la libertad de expresi\u00f3n sea real. Visita nuestro medio informativo publicado desde Hermosillo, Sonora. %","og_url":"https:\/\/www.sonoraenequipo.com.mx\/sheinbaum-anuncia-mas-inspecciones-a-mineras-luego-de-accidente-en-guerrero\/","og_site_name":"Sonora en Equipo.","article_publisher":"https:\/\/www.facebook.com\/SonoraEE\/","article_author":"https:\/\/www.facebook.com\/SonoraEE","article_published_time":"2024-12-06T17:34:30+00:00","article_modified_time":"2024-12-07T17:50:55+00:00","og_image":[{"width":900,"height":598,"url":"https:\/\/www.sonoraenequipo.com.mx\/storage\/2024\/12\/claudia-sheinbaum.conf-0512.2024-min-1.jpg","type":"image\/jpeg"}],"author":"enequipo","twitter_card":"summary_large_image","twitter_creator":"@sonoraenequipo","twitter_site":"@sonoraenequipo","twitter_misc":{"Escrito por":"enequipo","Tiempo de lectura":"2 minutos"},"schema":{"@context":"https:\/\/schema.org","@graph":[{"@type":"Article","@id":"https:\/\/www.sonoraenequipo.com.mx\/sheinbaum-anuncia-mas-inspecciones-a-mineras-luego-de-accidente-en-guerrero\/#article","isPartOf":{"@id":"https:\/\/www.sonoraenequipo.com.mx\/sheinbaum-anuncia-mas-inspecciones-a-mineras-luego-de-accidente-en-guerrero\/"},"author":{"name":"enequipo","@id":"https:\/\/www.sonoraenequipo.com.mx\/#\/schema\/person\/50102df0fb23a8fa9e8effad8fa81386"},"headline":"Sheinbaum\u00a0anuncia m\u00e1s inspecciones a mineras luego de accidente en Guerrero","datePublished":"2024-12-06T17:34:30+00:00","dateModified":"2024-12-07T17:50:55+00:00","mainEntityOfPage":{"@id":"https:\/\/www.sonoraenequipo.com.mx\/sheinbaum-anuncia-mas-inspecciones-a-mineras-luego-de-accidente-en-guerrero\/"},"wordCount":436,"commentCount":0,"publisher":{"@id":"https:\/\/www.sonoraenequipo.com.mx\/#organization"},"image":{"@id":"https:\/\/www.sonoraenequipo.com.mx\/sheinbaum-anuncia-mas-inspecciones-a-mineras-luego-de-accidente-en-guerrero\/#primaryimage"},"thumbnailUrl":"https:\/\/www.sonoraenequipo.com.mx\/storage\/2024\/12\/claudia-sheinbaum.conf-0512.2024-min-1.jpg","articleSection":["Rep\u00fablica"],"inLanguage":"es","potentialAction":[{"@type":"CommentAction","name":"Comment","target":["https:\/\/www.sonoraenequipo.com.mx\/sheinbaum-anuncia-mas-inspecciones-a-mineras-luego-de-accidente-en-guerrero\/#respond"]}]},{"@type":"WebPage","@id":"https:\/\/www.sonoraenequipo.com.mx\/sheinbaum-anuncia-mas-inspecciones-a-mineras-luego-de-accidente-en-guerrero\/","url":"https:\/\/www.sonoraenequipo.com.mx\/sheinbaum-anuncia-mas-inspecciones-a-mineras-luego-de-accidente-en-guerrero\/","name":"Sonora en Equipo. Sheinbaum\u00a0anuncia m\u00e1s inspecciones a mineras luego de accidente en Guerrero Rep\u00fablica","isPartOf":{"@id":"https:\/\/www.sonoraenequipo.com.mx\/#website"},"primaryImageOfPage":{"@id":"https:\/\/www.sonoraenequipo.com.mx\/sheinbaum-anuncia-mas-inspecciones-a-mineras-luego-de-accidente-en-guerrero\/#primaryimage"},"image":{"@id":"https:\/\/www.sonoraenequipo.com.mx\/sheinbaum-anuncia-mas-inspecciones-a-mineras-luego-de-accidente-en-guerrero\/#primaryimage"},"thumbnailUrl":"https:\/\/www.sonoraenequipo.com.mx\/storage\/2024\/12\/claudia-sheinbaum.conf-0512.2024-min-1.jpg","datePublished":"2024-12-06T17:34:30+00:00","dateModified":"2024-12-07T17:50:55+00:00","description":"CIUDAD DE M\u00c9XICO. MX. \u2014 La presidenta de M\u00e9xico, Claudia Sheinbaum Pardo, expres\u00f3 su indignaci\u00f3n tras el tr\u00e1gico accidente ocurrido el jueves en Guerrero, En Sonora en Equipo publicamos toda la informaci\u00f3n de Sonora, M\u00e9xico y el Mundo de manera oportuna y busca que la libertad de expresi\u00f3n sea real. Visita nuestro medio informativo publicado desde Hermosillo, Sonora. %","breadcrumb":{"@id":"https:\/\/www.sonoraenequipo.com.mx\/sheinbaum-anuncia-mas-inspecciones-a-mineras-luego-de-accidente-en-guerrero\/#breadcrumb"},"inLanguage":"es","potentialAction":[{"@type":"ReadAction","target":["https:\/\/www.sonoraenequipo.com.mx\/sheinbaum-anuncia-mas-inspecciones-a-mineras-luego-de-accidente-en-guerrero\/"]}]},{"@type":"ImageObject","inLanguage":"es","@id":"https:\/\/www.sonoraenequipo.com.mx\/sheinbaum-anuncia-mas-inspecciones-a-mineras-luego-de-accidente-en-guerrero\/#primaryimage","url":"https:\/\/www.sonoraenequipo.com.mx\/storage\/2024\/12\/claudia-sheinbaum.conf-0512.2024-min-1.jpg","contentUrl":"https:\/\/www.sonoraenequipo.com.mx\/storage\/2024\/12\/claudia-sheinbaum.conf-0512.2024-min-1.jpg","width":900,"height":598},{"@type":"BreadcrumbList","@id":"https:\/\/www.sonoraenequipo.com.mx\/sheinbaum-anuncia-mas-inspecciones-a-mineras-luego-de-accidente-en-guerrero\/#breadcrumb","itemListElement":[{"@type":"ListItem","position":1,"name":"Portada","item":"https:\/\/www.sonoraenequipo.com.mx\/"},{"@type":"ListItem","position":2,"name":"Sheinbaum\u00a0anuncia m\u00e1s inspecciones a mineras luego de accidente en Guerrero"}]},{"@type":"WebSite","@id":"https:\/\/www.sonoraenequipo.com.mx\/#website","url":"https:\/\/www.sonoraenequipo.com.mx\/","name":"Sonora en Equipo.","description":"Diario en l\u00ednea con Noticias desde Hermosillo, Sonora","publisher":{"@id":"https:\/\/www.sonoraenequipo.com.mx\/#organization"},"potentialAction":[{"@type":"SearchAction","target":{"@type":"EntryPoint","urlTemplate":"https:\/\/www.sonoraenequipo.com.mx\/?s={search_term_string}"},"query-input":{"@type":"PropertyValueSpecification","valueRequired":true,"valueName":"search_term_string"}}],"inLanguage":"es"},{"@type":"Organization","@id":"https:\/\/www.sonoraenequipo.com.mx\/#organization","name":"Sonoraenequipo.com.mx","url":"https:\/\/www.sonoraenequipo.com.mx\/","logo":{"@type":"ImageObject","inLanguage":"es","@id":"https:\/\/www.sonoraenequipo.com.mx\/#\/schema\/logo\/image\/","url":"https:\/\/www.sonoraenequipo.com.mx\/storage\/2019\/01\/sonoraenequipo_opt.png","contentUrl":"https:\/\/www.sonoraenequipo.com.mx\/storage\/2019\/01\/sonoraenequipo_opt.png","width":375,"height":125,"caption":"Sonoraenequipo.com.mx"},"image":{"@id":"https:\/\/www.sonoraenequipo.com.mx\/#\/schema\/logo\/image\/"},"sameAs":["https:\/\/www.facebook.com\/SonoraEE\/","https:\/\/x.com\/sonoraenequipo","https:\/\/www.youtube.com\/channel\/UC338nW-lPEYmJQs4ZABQ1SQ"]},{"@type":"Person","@id":"https:\/\/www.sonoraenequipo.com.mx\/#\/schema\/person\/50102df0fb23a8fa9e8effad8fa81386","name":"enequipo","image":{"@type":"ImageObject","inLanguage":"es","@id":"https:\/\/www.sonoraenequipo.com.mx\/#\/schema\/person\/image\/","url":"https:\/\/secure.gravatar.com\/avatar\/049821681b589dabc0bc20695993ccebb09f5b5d4d790cd9251b97faac7c652b?s=96&d=blank&r=g","contentUrl":"https:\/\/secure.gravatar.com\/avatar\/049821681b589dabc0bc20695993ccebb09f5b5d4d790cd9251b97faac7c652b?s=96&d=blank&r=g","caption":"enequipo"},"sameAs":["https:\/\/www.facebook.com\/SonoraEE"]}]}},"jetpack_featured_media_url":"https:\/\/www.sonoraenequipo.com.mx\/storage\/2024\/12\/claudia-sheinbaum.conf-0512.2024-min-1.jpg","_links":{"self":[{"href":"https:\/\/www.sonoraenequipo.com.mx\/api\/wp\/v2\/posts\/205780","targetHints":{"allow":["GET"]}}],"collection":[{"href":"https:\/\/www.sonoraenequipo.com.mx\/api\/wp\/v2\/posts"}],"about":[{"href":"https:\/\/www.sonoraenequipo.com.mx\/api\/wp\/v2\/types\/post"}],"author":[{"embeddable":true,"href":"https:\/\/www.sonoraenequipo.com.mx\/api\/wp\/v2\/users\/1"}],"replies":[{"embeddable":true,"href":"https:\/\/www.sonoraenequipo.com.mx\/api\/wp\/v2\/comments?post=205780"}],"version-history":[{"count":2,"href":"https:\/\/www.sonoraenequipo.com.mx\/api\/wp\/v2\/posts\/205780\/revisions"}],"predecessor-version":[{"id":205783,"href":"https:\/\/www.sonoraenequipo.com.mx\/api\/wp\/v2\/posts\/205780\/revisions\/205783"}],"wp:featuredmedia":[{"embeddable":true,"href":"https:\/\/www.sonoraenequipo.com.mx\/api\/wp\/v2\/media\/205781"}],"wp:attachment":[{"href":"https:\/\/www.sonoraenequipo.com.mx\/api\/wp\/v2\/media?parent=205780"}],"wp:term":[{"taxonomy":"category","embeddable":true,"href":"https:\/\/www.sonoraenequipo.com.mx\/api\/wp\/v2\/categories?post=205780"},{"taxonomy":"post_tag","embeddable":true,"href":"https:\/\/www.sonoraenequipo.com.mx\/api\/wp\/v2\/tags?post=205780"}],"curies":[{"name":"wp","href":"https:\/\/api.w.org\/{rel}","templated":true}]}}