{"id":205794,"date":"2024-12-07T11:12:17","date_gmt":"2024-12-07T18:12:17","guid":{"rendered":"https:\/\/www.sonoraenequipo.com.mx\/?p=205794"},"modified":"2024-12-07T13:54:28","modified_gmt":"2024-12-07T20:54:28","slug":"que-ocurre-en-siria-en-pleno-embate-yihadista","status":"publish","type":"post","link":"https:\/\/www.sonoraenequipo.com.mx\/que-ocurre-en-siria-en-pleno-embate-yihadista\/","title":{"rendered":"\u00bfQu\u00e9 ocurre en Siria en pleno embate yihadista?"},"content":{"rendered":"<p><strong>SIRIA.<\/strong> \u2014 La ofensiva yihadista lanzada la semana pasada desde la provincia de Idlib por una coalici\u00f3n islamista liderada por la organizaci\u00f3n terrorista Hayat Tahrir al Sham ha desencadenado la mayor escalada de la guerra civil en Siria desde 2019.<\/p>\n<p>&nbsp;<\/p>\n<p>&nbsp;<\/p>\n<p>&nbsp;<\/p>\n<p> <\/p>\n<p>El Ej\u00e9rcito \u00c1rabe Sirio ha tenido que retirarse de algunas ciudades clave, como Alepo y Hama, a pesar de haber atacado, en colaboraci\u00f3n con las Fuerzas Aeroespaciales de Rusia, a grupos armados yihadistas, eliminando a centenares de milicianos y destruyendo decenas de unidades de material b\u00e9lico.<\/p>\n<p>&nbsp;<\/p>\n<p>&nbsp;<\/p>\n<p>El ministro sirio de Defensa, el general Ali Mahmoud Abbas, admiti\u00f3 el pasado 5 de diciembre que el Ej\u00e9rcito tuvo que retirarse de Hama para preservar las vidas civiles y que las organizaciones terroristas controlan partes de la localidad y de la gobernaci\u00f3n hom\u00f3nima. Sin embargo, las tropas sirias a\u00fan est\u00e1n presentes en las afueras de esa localidad y se encuentran plenamente preparadas y dispuestas para actuar, recoge el sitio web Sada El Balad.<\/p>\n<p>&nbsp;<\/p>\n<p>&nbsp;<\/p>\n<p>Seg\u00fan el alto responsable militar, el Ej\u00e9rcito est\u00e1 librando una batalla feroz y continua contra las organizaciones terroristas m\u00e1s poderosas, que utilizan t\u00e1cticas de guerra de guerrillas, lo que obliga a los militares a recurrir a m\u00e9todos apropiados, incluyendo el de \u00abavance y retirada\u00bb.<\/p>\n<p>&nbsp;<\/p>\n<p>&nbsp;<\/p>\n<p><em><strong>\u00abEstamos en una buena posici\u00f3n sobre el terreno y nuestras Fuerzas Armadas han trabajado para redesplegarse a fin de preservar vidas\u00bb,<\/strong><\/em> afirm\u00f3 Abbas, que explic\u00f3 que las t\u00e1cticas de batalla requieren a veces de un repliegue.<\/p>\n<p>&nbsp;<\/p>\n<p>&nbsp;<\/p>\n<p>Mientras varios medios informaban de duros combates entre las fuerzas sirias y terroristas en las provincias de Hama y Homs, el ministro de Defensa de Siria pidi\u00f3 el viernes a su pueblo firmeza y confianza en el Ej\u00e9rcito.<\/p>\n<p>&nbsp;<\/p>\n<p>&nbsp;<\/p>\n<p>El Ministerio de Defensa tambi\u00e9n desminti\u00f3 informaciones medi\u00e1ticas sobre la retirada de sus tropas de la ciudad de Homs y sus alrededores y asegur\u00f3 que las Fuerzas Armadas son capaces de repeler cualquier ataque terrorista.<\/p>\n<p>&nbsp;<\/p>\n<h3><\/h3>\n<h3>Ayuda militar de Rusia<\/h3>\n<p>&nbsp;<\/p>\n<p>Las Fuerzas Aeroespaciales de Rusia han estado desplegadas en el pa\u00eds, con sede en la base a\u00e9rea de Jmeimim (Latakia), desde 2015, despu\u00e9s de que fueran invitadas por el presidente Bashar al Assad para colaborar en la lucha contra la organizaci\u00f3n terrorista Estado Isl\u00e1mico.<\/p>\n<p>&nbsp;<\/p>\n<p>&nbsp;<\/p>\n<p>Aviones rusos est\u00e1n proporcionando fuerte apoyo a las fuerzas gubernamentales sirias, realizando ataques contra grupos armados de terroristas desde el aire. As\u00ed, el Centro ruso para la reconciliaci\u00f3n de las partes enfrentadas en la Rep\u00fablica \u00c1rabe Siria comunic\u00f3 este viernes, 6 de diciembre, que \u00aben las \u00faltimas 24 horas, aviones de las Fuerzas Aeroespaciales rusas y de la Fuerza A\u00e9rea siria llevaron a cabo ataques con misiles y bombas contra lugares de concentraci\u00f3n de extremistas y dep\u00f3sitos de municiones en las provincias de Idlib, Hama y Alepo\u00bb.<\/p>\n<p>&nbsp;<\/p>\n<p>&nbsp;<\/p>\n<p>&nbsp;<\/p>\n<p><em><strong>\u00abFueron destruidos hasta 200 terroristas, 15 veh\u00edculos blindados de combate, dos lanzacohetes, dos morteros, 43 autos, nueve motocicletas, 15 veh\u00edculos a\u00e9reos no tripulados, dos puntos de mando y control y siete dep\u00f3sitos de material b\u00e9lico\u00bb<\/strong><\/em>, inform\u00f3 el director adjunto del centro, Oleg Ignasiuk.<\/p>\n<p>&nbsp;<\/p>\n<p>&nbsp;<\/p>\n<p>Asimismo, Rusia cuenta con una base naval en el puerto de Tart\u00fas, tambi\u00e9n en la gobernaci\u00f3n de Latakia, que opera bajo un acuerdo de arrendamiento por 49 a\u00f1os firmado con el Gobierno sirio en 2017<\/p>\n<p>&nbsp;<\/p>\n<p>&nbsp;<\/p>\n<h3>Formaciones kurdas<\/h3>\n<p>&nbsp;<\/p>\n<p>Un grupo de combatientes kurdos sirios ha tomado este viernes la principal ciudad del este del pa\u00eds \u00e1rabe, Deir ez Zor, as\u00ed como el cruce fronterizo m\u00e1s importante con Irak, informa Reuters, citando fuentes familiarizadas con el asunto.<\/p>\n<p>&nbsp;<\/p>\n<p>Seg\u00fan la agencia, la alianza conocida como Fuerzas Democr\u00e1ticas Sirias (FDS), apoyada por EE.UU., ahora tiene el control total de la ciudad.<\/p>\n<p>&nbsp;<\/p>\n<p>&nbsp;<\/p>\n<p>&nbsp;<\/p>\n<p>Por su parte, el mando de las FDS confirm\u00f3 en un comunicado citado por el canal iraqu\u00ed Rudaw la toma de la ciudad y de la parte occidental de la provincia hom\u00f3nima, as\u00ed como que la decisi\u00f3n se tom\u00f3 despu\u00e9s de que las fuerzas sirias se retiraran de esa zona.<\/p>\n<p>&nbsp;<\/p>\n<p>&nbsp;<\/p>\n<p>El 3 de diciembre, el representante permanente de Rusia ante la ONU, Vasili Nebenzia, denunci\u00f3 en una reuni\u00f3n del Consejo de Seguridad la huella de la inteligencia ucraniana en Siria.<\/p>\n<p>&nbsp;<\/p>\n<p>&nbsp;<\/p>\n<p>&nbsp;<\/p>\n<p><em><strong>\u00abNos gustar\u00eda llamar especialmente la atenci\u00f3n sobre el rastro de la Direcci\u00f3n Principal de Inteligencia de Ucrania en la organizaci\u00f3n de actividades de combate y de suministro de armas a milicianos que operan en el noroeste de la Rep\u00fablica \u00c1rabe Siria\u00bb,<\/strong><\/em> afirm\u00f3 el alto diplom\u00e1tico. Asimismo, indic\u00f3 que, seg\u00fan la informaci\u00f3n disponible, son EE.UU. y sus aliados quienes, en mayor o menor medida, prestan apoyo a los yihadistas.<\/p>\n<p>&nbsp;<\/p>\n<p>&nbsp;<\/p>\n<p>En este contexto, Nebenzia reiter\u00f3 que en la provincia siria de Idlib hay instructores militares ucranianos del personal de la Inteligencia del pa\u00eds eslavo que han preparado a terroristas para los combates. <strong><em>\u00abLos terroristas ucranianos y sirios, movidos por el odio a Rusia y a Siria, est\u00e1n cooperando, tanto para reclutar combatientes para las Fuerzas Armadas ucranianas como para llevar a cabo ataques contra los militares rusos y sirios en Siria\u00bb,<\/em> <\/strong>dijo.<\/p>\n<p>&nbsp;<\/p>\n<p>&nbsp;<\/p>\n<p>Anteriormente, el medio ucraniano Kyiv Post report\u00f3 que algunos grupos islamistas que atacaron la provincia septentrional siria de Alepo recibieron entrenamiento de una unidad de las Fuerzas Especiales del servicio de inteligencia militar ucraniano.<\/p>\n<p>&nbsp;<\/p>\n<p>&nbsp;<\/p>\n<p>Por su parte, el Ministerio de Asuntos Exteriores de Ir\u00e1n ha exigido a Ucrania que deje de apoyar a las milicias sirias y ponga fin a los env\u00edos de armas. Seg\u00fan el jefe de la Direcci\u00f3n de Asuntos Euroasi\u00e1ticos de la Canciller\u00eda iran\u00ed, Mojtaba Demirchilu, citado por IRNA, <strong>\u00abestas acciones suponen una clara violaci\u00f3n de las obligaciones internacionales de los Estados en materia de prevenci\u00f3n y lucha contra el terrorismo\u00bb<\/strong>.<\/p>\n<p>&nbsp;<\/p>\n<p>El nuevo l\u00edder de Hezbol\u00e1, Naim Qassem, declar\u00f3 el 5 de diciembre que el movimiento de resistencia liban\u00e9s seguir\u00e1 apoyando a Siria.<\/p>\n<p>&nbsp;<\/p>\n<p>&nbsp;<\/p>\n<p>Asimismo, denunci\u00f3 que la actual agresi\u00f3n contra el Gobierno de Bashar al Assad \u00abest\u00e1 patrocinada por Estados Unidos e Israel\u00bb. \u00abLos grupos takfir\u00eds siempre han sido sus herramientas desde 2011, cuando comenz\u00f3 la crisis en Siria\u00bb, indic\u00f3, en referencia a los seguidores de la doctrina ultrarradical islamista takfir, de orientaci\u00f3n sunn\u00ed, con la que los terroristas de Al Qaeda justificaban las matanzas de musulmanes.<\/p>\n<p>&nbsp;<\/p>\n<p>&nbsp;<\/p>\n<h3>\u00abAmenaza a la estabilidad de toda la regi\u00f3n\u00bb<\/h3>\n<p>&nbsp;<\/p>\n<p>Al t\u00e9rmino de una reuni\u00f3n tripartita en Bagdad, los ministros de Exteriores de Ir\u00e1n, Irak y Siria emitieron este viernes una declaraci\u00f3n conjunta en la que acent\u00faan la importancia de preservar la soberan\u00eda y la independencia de Siria, al tiempo que muestran su apoyo al gobierno y a la naci\u00f3n sirios en su lucha contra los terroristas takfir\u00eds.<\/p>\n<p>&nbsp;<\/p>\n<p>&nbsp;<\/p>\n<p>Los cancilleres indican que la amenaza a la seguridad de Siria \u00abes una amenaza a la estabilidad de toda la regi\u00f3n\u00bb, por lo que es indispensable la coordinaci\u00f3n y la cooperaci\u00f3n, as\u00ed como las continuas consultas diplom\u00e1ticas entre los pa\u00edses para sacar a la regi\u00f3n de las consecuencias de esas tensiones, reporta IRNA.<\/p>\n<p>&nbsp;<\/p>\n<p>&nbsp;<\/p>\n<p>&nbsp;<\/p>\n<h3>Impacto de la escalada<\/h3>\n<p>&nbsp;<\/p>\n<p>Stephane Dujarric, portavoz del secretario general de la ONU, evalu\u00f3 en al menos 370.000 la cantidad de personas que se han visto desplazadas por los combates en Siria desde el 27 de noviembre.<\/p>\n<p>&nbsp;<\/p>\n<p>&nbsp;<\/p>\n<p>\u00abDesde la escalada de las hostilidades, al menos 370.000 hombres, mujeres y menores de edad, ni\u00f1os y ni\u00f1as, han sido desplazados, incluidos 100.000 que abandonaron sus hogares m\u00e1s de una vez. La mayor\u00eda de los desplazados son mujeres y ni\u00f1os\u00bb, precis\u00f3, citado por AFP.<\/p>\n<p>&nbsp;<\/p>\n<p>&nbsp;<\/p>\n<p>PUBLICADO EL 06 DE DICIEMBRE DE 2024 Con informaci\u00f3n de Ghaith Alsayed \/ AP)<\/p>\n","protected":false},"excerpt":{"rendered":"<p>SIRIA. \u2014 La ofensiva yihadista lanzada la semana pasada desde la provincia de Idlib por&#8230;<\/p>\n","protected":false},"author":1,"featured_media":205810,"comment_status":"open","ping_status":"open","sticky":false,"template":"","format":"standard","meta":{"_monsterinsights_skip_tracking":false,"_monsterinsights_sitenote_active":false,"_monsterinsights_sitenote_note":"","_monsterinsights_sitenote_category":0,"footnotes":""},"categories":[3],"tags":[],"class_list":["post"],"yoast_head":" \n<title>Sonora en Equipo. \u00bfQu\u00e9 ocurre en Siria en pleno embate yihadista? MUNDO<\/title>\n<meta name=\"description\" content=\"SIRIA. \u2014 La ofensiva yihadista lanzada la semana pasada desde la provincia de Idlib por una coalici\u00f3n islamista liderada por la organizaci\u00f3n terrorista En Sonora en Equipo publicamos toda la informaci\u00f3n de Sonora, M\u00e9xico y el Mundo de manera oportuna y busca que la libertad de expresi\u00f3n sea real. Visita nuestro medio informativo publicado desde Hermosillo, Sonora. %\" \/>\n<meta name=\"robots\" content=\"index, follow, max-snippet:-1, max-image-preview:large, max-video-preview:-1\" \/>\n<link rel=\"canonical\" href=\"https:\/\/www.sonoraenequipo.com.mx\/que-ocurre-en-siria-en-pleno-embate-yihadista\/\" \/>\n<meta property=\"og:locale\" content=\"es_ES\" \/>\n<meta property=\"og:type\" content=\"article\" \/>\n<meta property=\"og:title\" content=\"Sonora en Equipo. \u00bfQu\u00e9 ocurre en Siria en pleno embate yihadista? MUNDO\" \/>\n<meta property=\"og:description\" content=\"SIRIA. \u2014 La ofensiva yihadista lanzada la semana pasada desde la provincia de Idlib por una coalici\u00f3n islamista liderada por la organizaci\u00f3n terrorista En Sonora en Equipo publicamos toda la informaci\u00f3n de Sonora, M\u00e9xico y el Mundo de manera oportuna y busca que la libertad de expresi\u00f3n sea real. Visita nuestro medio informativo publicado desde Hermosillo, Sonora. %\" \/>\n<meta property=\"og:url\" content=\"https:\/\/www.sonoraenequipo.com.mx\/que-ocurre-en-siria-en-pleno-embate-yihadista\/\" \/>\n<meta property=\"og:site_name\" content=\"Sonora en Equipo.\" \/>\n<meta property=\"article:publisher\" content=\"https:\/\/www.facebook.com\/SonoraEE\/\" \/>\n<meta property=\"article:author\" content=\"https:\/\/www.facebook.com\/SonoraEE\" \/>\n<meta property=\"article:published_time\" content=\"2024-12-07T18:12:17+00:00\" \/>\n<meta property=\"article:modified_time\" content=\"2024-12-07T20:54:28+00:00\" \/>\n<meta property=\"og:image\" content=\"https:\/\/www.sonoraenequipo.com.mx\/storage\/2024\/12\/siria-min.jpg\" \/>\n\t<meta property=\"og:image:width\" content=\"1104\" \/>\n\t<meta property=\"og:image:height\" content=\"622\" \/>\n\t<meta property=\"og:image:type\" content=\"image\/jpeg\" \/>\n<meta name=\"author\" content=\"enequipo\" \/>\n<meta name=\"twitter:card\" content=\"summary_large_image\" \/>\n<meta name=\"twitter:creator\" content=\"@sonoraenequipo\" \/>\n<meta name=\"twitter:site\" content=\"@sonoraenequipo\" \/>\n<meta name=\"twitter:label1\" content=\"Escrito por\" \/>\n\t<meta name=\"twitter:data1\" content=\"enequipo\" \/>\n\t<meta name=\"twitter:label2\" content=\"Tiempo de lectura\" \/>\n\t<meta name=\"twitter:data2\" content=\"7 minutos\" \/>\n<script type=\"application\/ld+json\" class=\"yoast-schema-graph\">{\"@context\":\"https:\/\/schema.org\",\"@graph\":[{\"@type\":\"Article\",\"@id\":\"https:\/\/www.sonoraenequipo.com.mx\/que-ocurre-en-siria-en-pleno-embate-yihadista\/#article\",\"isPartOf\":{\"@id\":\"https:\/\/www.sonoraenequipo.com.mx\/que-ocurre-en-siria-en-pleno-embate-yihadista\/\"},\"author\":{\"name\":\"enequipo\",\"@id\":\"https:\/\/www.sonoraenequipo.com.mx\/#\/schema\/person\/50102df0fb23a8fa9e8effad8fa81386\"},\"headline\":\"\u00bfQu\u00e9 ocurre en Siria en pleno embate yihadista?\",\"datePublished\":\"2024-12-07T18:12:17+00:00\",\"dateModified\":\"2024-12-07T20:54:28+00:00\",\"mainEntityOfPage\":{\"@id\":\"https:\/\/www.sonoraenequipo.com.mx\/que-ocurre-en-siria-en-pleno-embate-yihadista\/\"},\"wordCount\":1348,\"commentCount\":0,\"publisher\":{\"@id\":\"https:\/\/www.sonoraenequipo.com.mx\/#organization\"},\"image\":{\"@id\":\"https:\/\/www.sonoraenequipo.com.mx\/que-ocurre-en-siria-en-pleno-embate-yihadista\/#primaryimage\"},\"thumbnailUrl\":\"https:\/\/www.sonoraenequipo.com.mx\/storage\/2024\/12\/siria-min.jpg\",\"articleSection\":[\"MUNDO\"],\"inLanguage\":\"es\",\"potentialAction\":[{\"@type\":\"CommentAction\",\"name\":\"Comment\",\"target\":[\"https:\/\/www.sonoraenequipo.com.mx\/que-ocurre-en-siria-en-pleno-embate-yihadista\/#respond\"]}]},{\"@type\":\"WebPage\",\"@id\":\"https:\/\/www.sonoraenequipo.com.mx\/que-ocurre-en-siria-en-pleno-embate-yihadista\/\",\"url\":\"https:\/\/www.sonoraenequipo.com.mx\/que-ocurre-en-siria-en-pleno-embate-yihadista\/\",\"name\":\"Sonora en Equipo. \u00bfQu\u00e9 ocurre en Siria en pleno embate yihadista? MUNDO\",\"isPartOf\":{\"@id\":\"https:\/\/www.sonoraenequipo.com.mx\/#website\"},\"primaryImageOfPage\":{\"@id\":\"https:\/\/www.sonoraenequipo.com.mx\/que-ocurre-en-siria-en-pleno-embate-yihadista\/#primaryimage\"},\"image\":{\"@id\":\"https:\/\/www.sonoraenequipo.com.mx\/que-ocurre-en-siria-en-pleno-embate-yihadista\/#primaryimage\"},\"thumbnailUrl\":\"https:\/\/www.sonoraenequipo.com.mx\/storage\/2024\/12\/siria-min.jpg\",\"datePublished\":\"2024-12-07T18:12:17+00:00\",\"dateModified\":\"2024-12-07T20:54:28+00:00\",\"description\":\"SIRIA. \u2014 La ofensiva yihadista lanzada la semana pasada desde la provincia de Idlib por una coalici\u00f3n islamista liderada por la organizaci\u00f3n terrorista En Sonora en Equipo publicamos toda la informaci\u00f3n de Sonora, M\u00e9xico y el Mundo de manera oportuna y busca que la libertad de expresi\u00f3n sea real. Visita nuestro medio informativo publicado desde Hermosillo, Sonora. %\",\"breadcrumb\":{\"@id\":\"https:\/\/www.sonoraenequipo.com.mx\/que-ocurre-en-siria-en-pleno-embate-yihadista\/#breadcrumb\"},\"inLanguage\":\"es\",\"potentialAction\":[{\"@type\":\"ReadAction\",\"target\":[\"https:\/\/www.sonoraenequipo.com.mx\/que-ocurre-en-siria-en-pleno-embate-yihadista\/\"]}]},{\"@type\":\"ImageObject\",\"inLanguage\":\"es\",\"@id\":\"https:\/\/www.sonoraenequipo.com.mx\/que-ocurre-en-siria-en-pleno-embate-yihadista\/#primaryimage\",\"url\":\"https:\/\/www.sonoraenequipo.com.mx\/storage\/2024\/12\/siria-min.jpg\",\"contentUrl\":\"https:\/\/www.sonoraenequipo.com.mx\/storage\/2024\/12\/siria-min.jpg\",\"width\":1104,\"height\":622},{\"@type\":\"BreadcrumbList\",\"@id\":\"https:\/\/www.sonoraenequipo.com.mx\/que-ocurre-en-siria-en-pleno-embate-yihadista\/#breadcrumb\",\"itemListElement\":[{\"@type\":\"ListItem\",\"position\":1,\"name\":\"Portada\",\"item\":\"https:\/\/www.sonoraenequipo.com.mx\/\"},{\"@type\":\"ListItem\",\"position\":2,\"name\":\"\u00bfQu\u00e9 ocurre en Siria en pleno embate yihadista?\"}]},{\"@type\":\"WebSite\",\"@id\":\"https:\/\/www.sonoraenequipo.com.mx\/#website\",\"url\":\"https:\/\/www.sonoraenequipo.com.mx\/\",\"name\":\"Sonora en Equipo.\",\"description\":\"Diario en l\u00ednea con Noticias desde Hermosillo, Sonora\",\"publisher\":{\"@id\":\"https:\/\/www.sonoraenequipo.com.mx\/#organization\"},\"potentialAction\":[{\"@type\":\"SearchAction\",\"target\":{\"@type\":\"EntryPoint\",\"urlTemplate\":\"https:\/\/www.sonoraenequipo.com.mx\/?s={search_term_string}\"},\"query-input\":{\"@type\":\"PropertyValueSpecification\",\"valueRequired\":true,\"valueName\":\"search_term_string\"}}],\"inLanguage\":\"es\"},{\"@type\":\"Organization\",\"@id\":\"https:\/\/www.sonoraenequipo.com.mx\/#organization\",\"name\":\"Sonoraenequipo.com.mx\",\"url\":\"https:\/\/www.sonoraenequipo.com.mx\/\",\"logo\":{\"@type\":\"ImageObject\",\"inLanguage\":\"es\",\"@id\":\"https:\/\/www.sonoraenequipo.com.mx\/#\/schema\/logo\/image\/\",\"url\":\"https:\/\/www.sonoraenequipo.com.mx\/storage\/2019\/01\/sonoraenequipo_opt.png\",\"contentUrl\":\"https:\/\/www.sonoraenequipo.com.mx\/storage\/2019\/01\/sonoraenequipo_opt.png\",\"width\":375,\"height\":125,\"caption\":\"Sonoraenequipo.com.mx\"},\"image\":{\"@id\":\"https:\/\/www.sonoraenequipo.com.mx\/#\/schema\/logo\/image\/\"},\"sameAs\":[\"https:\/\/www.facebook.com\/SonoraEE\/\",\"https:\/\/x.com\/sonoraenequipo\",\"https:\/\/www.youtube.com\/channel\/UC338nW-lPEYmJQs4ZABQ1SQ\"]},{\"@type\":\"Person\",\"@id\":\"https:\/\/www.sonoraenequipo.com.mx\/#\/schema\/person\/50102df0fb23a8fa9e8effad8fa81386\",\"name\":\"enequipo\",\"image\":{\"@type\":\"ImageObject\",\"inLanguage\":\"es\",\"@id\":\"https:\/\/www.sonoraenequipo.com.mx\/#\/schema\/person\/image\/\",\"url\":\"https:\/\/secure.gravatar.com\/avatar\/049821681b589dabc0bc20695993ccebb09f5b5d4d790cd9251b97faac7c652b?s=96&d=blank&r=g\",\"contentUrl\":\"https:\/\/secure.gravatar.com\/avatar\/049821681b589dabc0bc20695993ccebb09f5b5d4d790cd9251b97faac7c652b?s=96&d=blank&r=g\",\"caption\":\"enequipo\"},\"sameAs\":[\"https:\/\/www.facebook.com\/SonoraEE\"]}]}<\/script>\n ","yoast_head_json":{"title":"Sonora en Equipo. \u00bfQu\u00e9 ocurre en Siria en pleno embate yihadista? MUNDO","description":"SIRIA. \u2014 La ofensiva yihadista lanzada la semana pasada desde la provincia de Idlib por una coalici\u00f3n islamista liderada por la organizaci\u00f3n terrorista En Sonora en Equipo publicamos toda la informaci\u00f3n de Sonora, M\u00e9xico y el Mundo de manera oportuna y busca que la libertad de expresi\u00f3n sea real. Visita nuestro medio informativo publicado desde Hermosillo, Sonora. %","robots":{"index":"index","follow":"follow","max-snippet":"max-snippet:-1","max-image-preview":"max-image-preview:large","max-video-preview":"max-video-preview:-1"},"canonical":"https:\/\/www.sonoraenequipo.com.mx\/que-ocurre-en-siria-en-pleno-embate-yihadista\/","og_locale":"es_ES","og_type":"article","og_title":"Sonora en Equipo. \u00bfQu\u00e9 ocurre en Siria en pleno embate yihadista? MUNDO","og_description":"SIRIA. \u2014 La ofensiva yihadista lanzada la semana pasada desde la provincia de Idlib por una coalici\u00f3n islamista liderada por la organizaci\u00f3n terrorista En Sonora en Equipo publicamos toda la informaci\u00f3n de Sonora, M\u00e9xico y el Mundo de manera oportuna y busca que la libertad de expresi\u00f3n sea real. Visita nuestro medio informativo publicado desde Hermosillo, Sonora. %","og_url":"https:\/\/www.sonoraenequipo.com.mx\/que-ocurre-en-siria-en-pleno-embate-yihadista\/","og_site_name":"Sonora en Equipo.","article_publisher":"https:\/\/www.facebook.com\/SonoraEE\/","article_author":"https:\/\/www.facebook.com\/SonoraEE","article_published_time":"2024-12-07T18:12:17+00:00","article_modified_time":"2024-12-07T20:54:28+00:00","og_image":[{"width":1104,"height":622,"url":"https:\/\/www.sonoraenequipo.com.mx\/storage\/2024\/12\/siria-min.jpg","type":"image\/jpeg"}],"author":"enequipo","twitter_card":"summary_large_image","twitter_creator":"@sonoraenequipo","twitter_site":"@sonoraenequipo","twitter_misc":{"Escrito por":"enequipo","Tiempo de lectura":"7 minutos"},"schema":{"@context":"https:\/\/schema.org","@graph":[{"@type":"Article","@id":"https:\/\/www.sonoraenequipo.com.mx\/que-ocurre-en-siria-en-pleno-embate-yihadista\/#article","isPartOf":{"@id":"https:\/\/www.sonoraenequipo.com.mx\/que-ocurre-en-siria-en-pleno-embate-yihadista\/"},"author":{"name":"enequipo","@id":"https:\/\/www.sonoraenequipo.com.mx\/#\/schema\/person\/50102df0fb23a8fa9e8effad8fa81386"},"headline":"\u00bfQu\u00e9 ocurre en Siria en pleno embate yihadista?","datePublished":"2024-12-07T18:12:17+00:00","dateModified":"2024-12-07T20:54:28+00:00","mainEntityOfPage":{"@id":"https:\/\/www.sonoraenequipo.com.mx\/que-ocurre-en-siria-en-pleno-embate-yihadista\/"},"wordCount":1348,"commentCount":0,"publisher":{"@id":"https:\/\/www.sonoraenequipo.com.mx\/#organization"},"image":{"@id":"https:\/\/www.sonoraenequipo.com.mx\/que-ocurre-en-siria-en-pleno-embate-yihadista\/#primaryimage"},"thumbnailUrl":"https:\/\/www.sonoraenequipo.com.mx\/storage\/2024\/12\/siria-min.jpg","articleSection":["MUNDO"],"inLanguage":"es","potentialAction":[{"@type":"CommentAction","name":"Comment","target":["https:\/\/www.sonoraenequipo.com.mx\/que-ocurre-en-siria-en-pleno-embate-yihadista\/#respond"]}]},{"@type":"WebPage","@id":"https:\/\/www.sonoraenequipo.com.mx\/que-ocurre-en-siria-en-pleno-embate-yihadista\/","url":"https:\/\/www.sonoraenequipo.com.mx\/que-ocurre-en-siria-en-pleno-embate-yihadista\/","name":"Sonora en Equipo. \u00bfQu\u00e9 ocurre en Siria en pleno embate yihadista? MUNDO","isPartOf":{"@id":"https:\/\/www.sonoraenequipo.com.mx\/#website"},"primaryImageOfPage":{"@id":"https:\/\/www.sonoraenequipo.com.mx\/que-ocurre-en-siria-en-pleno-embate-yihadista\/#primaryimage"},"image":{"@id":"https:\/\/www.sonoraenequipo.com.mx\/que-ocurre-en-siria-en-pleno-embate-yihadista\/#primaryimage"},"thumbnailUrl":"https:\/\/www.sonoraenequipo.com.mx\/storage\/2024\/12\/siria-min.jpg","datePublished":"2024-12-07T18:12:17+00:00","dateModified":"2024-12-07T20:54:28+00:00","description":"SIRIA. \u2014 La ofensiva yihadista lanzada la semana pasada desde la provincia de Idlib por una coalici\u00f3n islamista liderada por la organizaci\u00f3n terrorista En Sonora en Equipo publicamos toda la informaci\u00f3n de Sonora, M\u00e9xico y el Mundo de manera oportuna y busca que la libertad de expresi\u00f3n sea real. Visita nuestro medio informativo publicado desde Hermosillo, Sonora. %","breadcrumb":{"@id":"https:\/\/www.sonoraenequipo.com.mx\/que-ocurre-en-siria-en-pleno-embate-yihadista\/#breadcrumb"},"inLanguage":"es","potentialAction":[{"@type":"ReadAction","target":["https:\/\/www.sonoraenequipo.com.mx\/que-ocurre-en-siria-en-pleno-embate-yihadista\/"]}]},{"@type":"ImageObject","inLanguage":"es","@id":"https:\/\/www.sonoraenequipo.com.mx\/que-ocurre-en-siria-en-pleno-embate-yihadista\/#primaryimage","url":"https:\/\/www.sonoraenequipo.com.mx\/storage\/2024\/12\/siria-min.jpg","contentUrl":"https:\/\/www.sonoraenequipo.com.mx\/storage\/2024\/12\/siria-min.jpg","width":1104,"height":622},{"@type":"BreadcrumbList","@id":"https:\/\/www.sonoraenequipo.com.mx\/que-ocurre-en-siria-en-pleno-embate-yihadista\/#breadcrumb","itemListElement":[{"@type":"ListItem","position":1,"name":"Portada","item":"https:\/\/www.sonoraenequipo.com.mx\/"},{"@type":"ListItem","position":2,"name":"\u00bfQu\u00e9 ocurre en Siria en pleno embate yihadista?"}]},{"@type":"WebSite","@id":"https:\/\/www.sonoraenequipo.com.mx\/#website","url":"https:\/\/www.sonoraenequipo.com.mx\/","name":"Sonora en Equipo.","description":"Diario en l\u00ednea con Noticias desde Hermosillo, Sonora","publisher":{"@id":"https:\/\/www.sonoraenequipo.com.mx\/#organization"},"potentialAction":[{"@type":"SearchAction","target":{"@type":"EntryPoint","urlTemplate":"https:\/\/www.sonoraenequipo.com.mx\/?s={search_term_string}"},"query-input":{"@type":"PropertyValueSpecification","valueRequired":true,"valueName":"search_term_string"}}],"inLanguage":"es"},{"@type":"Organization","@id":"https:\/\/www.sonoraenequipo.com.mx\/#organization","name":"Sonoraenequipo.com.mx","url":"https:\/\/www.sonoraenequipo.com.mx\/","logo":{"@type":"ImageObject","inLanguage":"es","@id":"https:\/\/www.sonoraenequipo.com.mx\/#\/schema\/logo\/image\/","url":"https:\/\/www.sonoraenequipo.com.mx\/storage\/2019\/01\/sonoraenequipo_opt.png","contentUrl":"https:\/\/www.sonoraenequipo.com.mx\/storage\/2019\/01\/sonoraenequipo_opt.png","width":375,"height":125,"caption":"Sonoraenequipo.com.mx"},"image":{"@id":"https:\/\/www.sonoraenequipo.com.mx\/#\/schema\/logo\/image\/"},"sameAs":["https:\/\/www.facebook.com\/SonoraEE\/","https:\/\/x.com\/sonoraenequipo","https:\/\/www.youtube.com\/channel\/UC338nW-lPEYmJQs4ZABQ1SQ"]},{"@type":"Person","@id":"https:\/\/www.sonoraenequipo.com.mx\/#\/schema\/person\/50102df0fb23a8fa9e8effad8fa81386","name":"enequipo","image":{"@type":"ImageObject","inLanguage":"es","@id":"https:\/\/www.sonoraenequipo.com.mx\/#\/schema\/person\/image\/","url":"https:\/\/secure.gravatar.com\/avatar\/049821681b589dabc0bc20695993ccebb09f5b5d4d790cd9251b97faac7c652b?s=96&d=blank&r=g","contentUrl":"https:\/\/secure.gravatar.com\/avatar\/049821681b589dabc0bc20695993ccebb09f5b5d4d790cd9251b97faac7c652b?s=96&d=blank&r=g","caption":"enequipo"},"sameAs":["https:\/\/www.facebook.com\/SonoraEE"]}]}},"jetpack_featured_media_url":"https:\/\/www.sonoraenequipo.com.mx\/storage\/2024\/12\/siria-min.jpg","_links":{"self":[{"href":"https:\/\/www.sonoraenequipo.com.mx\/api\/wp\/v2\/posts\/205794","targetHints":{"allow":["GET"]}}],"collection":[{"href":"https:\/\/www.sonoraenequipo.com.mx\/api\/wp\/v2\/posts"}],"about":[{"href":"https:\/\/www.sonoraenequipo.com.mx\/api\/wp\/v2\/types\/post"}],"author":[{"embeddable":true,"href":"https:\/\/www.sonoraenequipo.com.mx\/api\/wp\/v2\/users\/1"}],"replies":[{"embeddable":true,"href":"https:\/\/www.sonoraenequipo.com.mx\/api\/wp\/v2\/comments?post=205794"}],"version-history":[{"count":1,"href":"https:\/\/www.sonoraenequipo.com.mx\/api\/wp\/v2\/posts\/205794\/revisions"}],"predecessor-version":[{"id":205812,"href":"https:\/\/www.sonoraenequipo.com.mx\/api\/wp\/v2\/posts\/205794\/revisions\/205812"}],"wp:featuredmedia":[{"embeddable":true,"href":"https:\/\/www.sonoraenequipo.com.mx\/api\/wp\/v2\/media\/205810"}],"wp:attachment":[{"href":"https:\/\/www.sonoraenequipo.com.mx\/api\/wp\/v2\/media?parent=205794"}],"wp:term":[{"taxonomy":"category","embeddable":true,"href":"https:\/\/www.sonoraenequipo.com.mx\/api\/wp\/v2\/categories?post=205794"},{"taxonomy":"post_tag","embeddable":true,"href":"https:\/\/www.sonoraenequipo.com.mx\/api\/wp\/v2\/tags?post=205794"}],"curies":[{"name":"wp","href":"https:\/\/api.w.org\/{rel}","templated":true}]}}