{"id":205799,"date":"2024-12-07T13:06:11","date_gmt":"2024-12-07T20:06:11","guid":{"rendered":"https:\/\/www.sonoraenequipo.com.mx\/?p=205799"},"modified":"2024-12-07T14:06:25","modified_gmt":"2024-12-07T21:06:25","slug":"somos-nuestra-memoria-recursos-para-la-ansiedad-y-depresion","status":"publish","type":"post","link":"https:\/\/www.sonoraenequipo.com.mx\/somos-nuestra-memoria-recursos-para-la-ansiedad-y-depresion\/","title":{"rendered":"SOMOS NUESTRA MEMORIA. Recursos para la ansiedad y depresi\u00f3n"},"content":{"rendered":"<p>El dolor derivado de padecimientos como la ansiedad y depresi\u00f3n tiene soluci\u00f3n; no obstante, algunas personas buscan \u201crespuestas\u201d equivocadas o que ofrecen el olvido de estos sentimientos por unos instantes, ya sea a trav\u00e9s del alcohol, de las compras excesivas, del robo, etc.<\/p>\n<p><img loading=\"lazy\" decoding=\"async\" class=\"size-full  x-left\" src=\"https:\/\/www.sonoraenequipo.com.mx\/storage\/2024\/12\/boris.jpg\" alt=\"\" width=\"217\" height=\"280\" \/>Tanto la depresi\u00f3n como la ansiedad pueden ser exacerbadas por situaciones estresantes y falta de autocuidado, pero en todos los casos, con atenci\u00f3n profesional, pueden llegar a un buen puerto, ya que debemos entender que estos padecimientos son representantes de otros problemas.<\/p>\n<p>Como profesionales de la salud mental, te compartimos algunos consejos para aliviar la angustia que generan la ansiedad y la depresi\u00f3n:<\/p>\n<p><strong><em>Busca ayuda psicol\u00f3gica<\/em><\/strong>: aunque parezca una obviedad, muchas personas piensan que con el tarot o los hor\u00f3scopos van a encontrar luz en la obscuridad, y es un poco m\u00e1s complicado que eso. De hecho, para algunos puede significar grandes p\u00e9rdidas sentimentales, econ\u00f3micas y energ\u00e9ticas, el no contar con atenci\u00f3n profesional. En el consultorio virtual puedes encontrar ayuda <a href=\"https:\/\/psicologiaydesarrollocomunitario.com\/consultorio\/\">https:\/\/psicologiaydesarrollocomunitario.com\/consultorio\/<\/a><\/p>\n<p><strong><em>Ama<\/em><\/strong>: Conectarse con tus seres queridos a trav\u00e9s del di\u00e1logo diario, ya sea presencial o virtual en caso de que se encuentren lejos; es fundamental estar cerca de esa red de apoyo que representa la familia, b\u00fascalos, proc\u00faralos, perdona sus faltas. Siempre es bueno saber que somos imperfectos, que hay que procurar el lado positivo, porque lo negativo llega solo.<\/p>\n<p><strong><em>Pasea<\/em><\/strong>: Sal a pasear con tu perro, o solo en la naturaleza y toma un poco de vitamina D natural. Convivir con las personas, ser generoso, hacer donaciones y buscar a \u00a0las personas, sobre todo despu\u00e9s del COVID 19 que nos dej\u00f3 tan ensimismados, es una necesidad apremiante.<\/p>\n<p><strong><em>Haz actividad f\u00edsica<\/em><\/strong>: Mantente en forma. Sal a correr o saca tus pesas. El deporte permite a las personas conocer su cuerpo, retar la concentraci\u00f3n y liberar sustancias que nos hacen apreciar mejor el mundo. A algunos no les alcanza con ir al gym: si todav\u00eda te sientes mal, haz una cita con un psic\u00f3logo. No est\u00e1s solo, hay muchos psic\u00f3logos que est\u00e1n haciendo asesoramiento virtual.<\/p>\n<p><strong><em>Date chance<\/em><\/strong>: Deja de ser tan duro contigo. Si no te cuidas a ti mismo, entonces \u00bfc\u00f3mo puedes cuidar a los dem\u00e1s? Aprender a soltar, a dejar, a expresarte.<\/p>\n<p><strong><em>Conoce tu debilidad<\/em><\/strong>: Ser resistente es importante ante una crisis. La resiliencia es la habilidad de una persona para enfrentar una urgencia, y cuando actuamos desde nuestras fortalezas podemos hacer m\u00e1s con menos. La resiliencia significa considerar los problemas como circunstancias aceptables o problemas que pueden ser cambiados.<\/p>\n<p><strong><em>Acepta tus pensamientos<\/em><\/strong>: todos tenemos pensamientos buenos y malos, pero saber que su pensamiento es solo eso, al igual que un sentimiento, hace que las cosas sean mejor en sociedad. Evita luchar contra ellos y simplemente ac\u00e9ptalo y d\u00e9jalo pasar. Lidiar con pensamientos dif\u00edciles es muy humano.<\/p>\n<p><strong><em>Medita<\/em><\/strong>: La meditaci\u00f3n es el uso de la atenci\u00f3n para calmarse.<\/p>\n<p><strong><em>Respira<\/em><\/strong>: Aunque el yoga no sea lo tuyo, el tipo de respiraci\u00f3n que se realiza durante el yoga tiene beneficios incre\u00edbles. Respirar os har\u00e1 libres.<\/p>\n<p><strong><em>R\u00edete<\/em><\/strong>: Esto lo puedes hacer leyendo esta columna o viendo una comedia. Re\u00edrse es un arte, una pr\u00e1ctica y un h\u00e1bito. \u00a1Que la amargura no te domine, sonr\u00ede!<\/p>\n<p><strong><em>Est\u00e1 presente<\/em><\/strong>: Un buen truco para hacer pasar un ataque de p\u00e1nico es forzarme a decir una cosa que pueda ver, una cosa que pueda o\u00edr, una cosa que pueda tocar, y una cosa que pueda oler (por ejemplo, las hojas verdes revoloteando en la rama, el sonido de los coches en mi calle, la cabeza de mi hijo y mi taza de t\u00e9).<\/p>\n<p><strong><em>Conc\u00e9ntrate<\/em><\/strong>: aprende a comprometerte con los valores vinculantes (puntualidad, respeto, reciprocidad) y en lo que es importante para ti.<\/p>\n<p><strong><em>Practica la gratitud<\/em><\/strong>: busca las cosas buenas de la vida. Agradece a tu cuerpo. Ya que como es sabido, la gratitud atrae abundancia, y la queja atrae pobreza.<\/p>\n<p><strong><em>Tr\u00e1tate con compasi\u00f3n<\/em><\/strong>: Date el respeto que te mereces y s\u00e9 m\u00e1s consciente de ti mismo, perd\u00f3nate y aprende a perdonar a los dem\u00e1s.<\/p>\n<p>El cuidado de s\u00ed es un requisito indispensable para poder cuidar a nuestros hijos, a nuestro equipo de trabajo y compa\u00f1eros de oficina. \u00bfC\u00f3mo podemos ser mejores personas sino nos cuidamos a nosotros mismos?<\/p>\n<p><strong>Causas y azares\u2026<\/strong><\/p>\n<ul>\n<li>La falta de presupuesto p\u00fablico del Gobierno Federal y de los Estados a la Secretar\u00eda de Salud, con el personal eventual precarizado y hecho de lado, es una clara afrenta a la vida de las personas vulnerables, una estafa por la que no votamos nadie.<\/li>\n<li>Darle m\u00e1s dinero a las Universidades p\u00fablicas con la corrupci\u00f3n que tienen, es como darle dinero a un borracho para que se rehabilite. Sin un sistema realista de control, con falta de transparencia, son un barril sin fondo, un dolor para los que aportamos nuestros impuestos.<\/li>\n<\/ul>\n<p>Hasta la pr\u00f3xima, que lo que angustia no es ni esto ni aquello, es el mundo mismo.<\/p>\n<p>Conoce m\u00e1s en: <a href=\"https:\/\/linktr.ee\/psicologiaparati\">https:\/\/linktr.ee\/psicologiaparati<\/a><\/p>\n<p><u>\u00a0<\/u><\/p>\n<p><strong>Fecha de publicaci\u00f3n viernes 6\u00a0 de diciembre de 2024 \/<\/strong><\/p>\n","protected":false},"excerpt":{"rendered":"<p>El dolor derivado de padecimientos como la ansiedad y depresi\u00f3n tiene soluci\u00f3n; no obstante, algunas&#8230;<\/p>\n","protected":false},"author":1,"featured_media":159664,"comment_status":"open","ping_status":"open","sticky":false,"template":"","format":"standard","meta":{"_monsterinsights_skip_tracking":false,"_monsterinsights_sitenote_active":false,"_monsterinsights_sitenote_note":"","_monsterinsights_sitenote_category":0,"footnotes":""},"categories":[14],"tags":[8509,2025],"class_list":["post"],"yoast_head":" \n<title>Sonora en Equipo. SOMOS NUESTRA MEMORIA. Recursos para la ansiedad y depresi\u00f3n Voces<\/title>\n<meta name=\"description\" content=\"El dolor derivado de padecimientos como la ansiedad y depresi\u00f3n tiene soluci\u00f3n; no obstante, algunas personas buscan \u201crespuestas\u201d equivocadas o que En Sonora en Equipo publicamos toda la informaci\u00f3n de Sonora, M\u00e9xico y el Mundo de manera oportuna y busca que la libertad de expresi\u00f3n sea real. Visita nuestro medio informativo publicado desde Hermosillo, Sonora. %\" \/>\n<meta name=\"robots\" content=\"index, follow, max-snippet:-1, max-image-preview:large, max-video-preview:-1\" \/>\n<link rel=\"canonical\" href=\"https:\/\/www.sonoraenequipo.com.mx\/somos-nuestra-memoria-recursos-para-la-ansiedad-y-depresion\/\" \/>\n<meta property=\"og:locale\" content=\"es_ES\" \/>\n<meta property=\"og:type\" content=\"article\" \/>\n<meta property=\"og:title\" content=\"Sonora en Equipo. SOMOS NUESTRA MEMORIA. Recursos para la ansiedad y depresi\u00f3n Voces\" \/>\n<meta property=\"og:description\" content=\"El dolor derivado de padecimientos como la ansiedad y depresi\u00f3n tiene soluci\u00f3n; no obstante, algunas personas buscan \u201crespuestas\u201d equivocadas o que En Sonora en Equipo publicamos toda la informaci\u00f3n de Sonora, M\u00e9xico y el Mundo de manera oportuna y busca que la libertad de expresi\u00f3n sea real. Visita nuestro medio informativo publicado desde Hermosillo, Sonora. %\" \/>\n<meta property=\"og:url\" content=\"https:\/\/www.sonoraenequipo.com.mx\/somos-nuestra-memoria-recursos-para-la-ansiedad-y-depresion\/\" \/>\n<meta property=\"og:site_name\" content=\"Sonora en Equipo.\" \/>\n<meta property=\"article:publisher\" content=\"https:\/\/www.facebook.com\/SonoraEE\/\" \/>\n<meta property=\"article:author\" content=\"https:\/\/www.facebook.com\/SonoraEE\" \/>\n<meta property=\"article:published_time\" content=\"2024-12-07T20:06:11+00:00\" \/>\n<meta property=\"article:modified_time\" content=\"2024-12-07T21:06:25+00:00\" \/>\n<meta property=\"og:image\" content=\"https:\/\/www.sonoraenequipo.com.mx\/storage\/2023\/02\/depresion.jpg\" \/>\n\t<meta property=\"og:image:width\" content=\"600\" \/>\n\t<meta property=\"og:image:height\" content=\"400\" \/>\n\t<meta property=\"og:image:type\" content=\"image\/jpeg\" \/>\n<meta name=\"author\" content=\"enequipo\" \/>\n<meta name=\"twitter:card\" content=\"summary_large_image\" \/>\n<meta name=\"twitter:creator\" content=\"@sonoraenequipo\" \/>\n<meta name=\"twitter:site\" content=\"@sonoraenequipo\" \/>\n<meta name=\"twitter:label1\" content=\"Escrito por\" \/>\n\t<meta name=\"twitter:data1\" content=\"enequipo\" \/>\n\t<meta name=\"twitter:label2\" content=\"Tiempo de lectura\" \/>\n\t<meta name=\"twitter:data2\" content=\"4 minutos\" \/>\n<script type=\"application\/ld+json\" class=\"yoast-schema-graph\">{\"@context\":\"https:\/\/schema.org\",\"@graph\":[{\"@type\":\"Article\",\"@id\":\"https:\/\/www.sonoraenequipo.com.mx\/somos-nuestra-memoria-recursos-para-la-ansiedad-y-depresion\/#article\",\"isPartOf\":{\"@id\":\"https:\/\/www.sonoraenequipo.com.mx\/somos-nuestra-memoria-recursos-para-la-ansiedad-y-depresion\/\"},\"author\":{\"name\":\"enequipo\",\"@id\":\"https:\/\/www.sonoraenequipo.com.mx\/#\/schema\/person\/50102df0fb23a8fa9e8effad8fa81386\"},\"headline\":\"SOMOS NUESTRA MEMORIA. Recursos para la ansiedad y depresi\u00f3n\",\"datePublished\":\"2024-12-07T20:06:11+00:00\",\"dateModified\":\"2024-12-07T21:06:25+00:00\",\"mainEntityOfPage\":{\"@id\":\"https:\/\/www.sonoraenequipo.com.mx\/somos-nuestra-memoria-recursos-para-la-ansiedad-y-depresion\/\"},\"wordCount\":890,\"commentCount\":0,\"publisher\":{\"@id\":\"https:\/\/www.sonoraenequipo.com.mx\/#organization\"},\"image\":{\"@id\":\"https:\/\/www.sonoraenequipo.com.mx\/somos-nuestra-memoria-recursos-para-la-ansiedad-y-depresion\/#primaryimage\"},\"thumbnailUrl\":\"https:\/\/www.sonoraenequipo.com.mx\/storage\/2023\/02\/depresion.jpg\",\"keywords\":[\"ansiedad\",\"depresi\u00f3n\"],\"articleSection\":[\"Voces\"],\"inLanguage\":\"es\",\"potentialAction\":[{\"@type\":\"CommentAction\",\"name\":\"Comment\",\"target\":[\"https:\/\/www.sonoraenequipo.com.mx\/somos-nuestra-memoria-recursos-para-la-ansiedad-y-depresion\/#respond\"]}]},{\"@type\":\"WebPage\",\"@id\":\"https:\/\/www.sonoraenequipo.com.mx\/somos-nuestra-memoria-recursos-para-la-ansiedad-y-depresion\/\",\"url\":\"https:\/\/www.sonoraenequipo.com.mx\/somos-nuestra-memoria-recursos-para-la-ansiedad-y-depresion\/\",\"name\":\"Sonora en Equipo. SOMOS NUESTRA MEMORIA. Recursos para la ansiedad y depresi\u00f3n Voces\",\"isPartOf\":{\"@id\":\"https:\/\/www.sonoraenequipo.com.mx\/#website\"},\"primaryImageOfPage\":{\"@id\":\"https:\/\/www.sonoraenequipo.com.mx\/somos-nuestra-memoria-recursos-para-la-ansiedad-y-depresion\/#primaryimage\"},\"image\":{\"@id\":\"https:\/\/www.sonoraenequipo.com.mx\/somos-nuestra-memoria-recursos-para-la-ansiedad-y-depresion\/#primaryimage\"},\"thumbnailUrl\":\"https:\/\/www.sonoraenequipo.com.mx\/storage\/2023\/02\/depresion.jpg\",\"datePublished\":\"2024-12-07T20:06:11+00:00\",\"dateModified\":\"2024-12-07T21:06:25+00:00\",\"description\":\"El dolor derivado de padecimientos como la ansiedad y depresi\u00f3n tiene soluci\u00f3n; no obstante, algunas personas buscan \u201crespuestas\u201d equivocadas o que En Sonora en Equipo publicamos toda la informaci\u00f3n de Sonora, M\u00e9xico y el Mundo de manera oportuna y busca que la libertad de expresi\u00f3n sea real. Visita nuestro medio informativo publicado desde Hermosillo, Sonora. %\",\"breadcrumb\":{\"@id\":\"https:\/\/www.sonoraenequipo.com.mx\/somos-nuestra-memoria-recursos-para-la-ansiedad-y-depresion\/#breadcrumb\"},\"inLanguage\":\"es\",\"potentialAction\":[{\"@type\":\"ReadAction\",\"target\":[\"https:\/\/www.sonoraenequipo.com.mx\/somos-nuestra-memoria-recursos-para-la-ansiedad-y-depresion\/\"]}]},{\"@type\":\"ImageObject\",\"inLanguage\":\"es\",\"@id\":\"https:\/\/www.sonoraenequipo.com.mx\/somos-nuestra-memoria-recursos-para-la-ansiedad-y-depresion\/#primaryimage\",\"url\":\"https:\/\/www.sonoraenequipo.com.mx\/storage\/2023\/02\/depresion.jpg\",\"contentUrl\":\"https:\/\/www.sonoraenequipo.com.mx\/storage\/2023\/02\/depresion.jpg\",\"width\":600,\"height\":400},{\"@type\":\"BreadcrumbList\",\"@id\":\"https:\/\/www.sonoraenequipo.com.mx\/somos-nuestra-memoria-recursos-para-la-ansiedad-y-depresion\/#breadcrumb\",\"itemListElement\":[{\"@type\":\"ListItem\",\"position\":1,\"name\":\"Portada\",\"item\":\"https:\/\/www.sonoraenequipo.com.mx\/\"},{\"@type\":\"ListItem\",\"position\":2,\"name\":\"SOMOS NUESTRA MEMORIA. Recursos para la ansiedad y depresi\u00f3n\"}]},{\"@type\":\"WebSite\",\"@id\":\"https:\/\/www.sonoraenequipo.com.mx\/#website\",\"url\":\"https:\/\/www.sonoraenequipo.com.mx\/\",\"name\":\"Sonora en Equipo.\",\"description\":\"Diario en l\u00ednea con Noticias desde Hermosillo, Sonora\",\"publisher\":{\"@id\":\"https:\/\/www.sonoraenequipo.com.mx\/#organization\"},\"potentialAction\":[{\"@type\":\"SearchAction\",\"target\":{\"@type\":\"EntryPoint\",\"urlTemplate\":\"https:\/\/www.sonoraenequipo.com.mx\/?s={search_term_string}\"},\"query-input\":{\"@type\":\"PropertyValueSpecification\",\"valueRequired\":true,\"valueName\":\"search_term_string\"}}],\"inLanguage\":\"es\"},{\"@type\":\"Organization\",\"@id\":\"https:\/\/www.sonoraenequipo.com.mx\/#organization\",\"name\":\"Sonoraenequipo.com.mx\",\"url\":\"https:\/\/www.sonoraenequipo.com.mx\/\",\"logo\":{\"@type\":\"ImageObject\",\"inLanguage\":\"es\",\"@id\":\"https:\/\/www.sonoraenequipo.com.mx\/#\/schema\/logo\/image\/\",\"url\":\"https:\/\/www.sonoraenequipo.com.mx\/storage\/2019\/01\/sonoraenequipo_opt.png\",\"contentUrl\":\"https:\/\/www.sonoraenequipo.com.mx\/storage\/2019\/01\/sonoraenequipo_opt.png\",\"width\":375,\"height\":125,\"caption\":\"Sonoraenequipo.com.mx\"},\"image\":{\"@id\":\"https:\/\/www.sonoraenequipo.com.mx\/#\/schema\/logo\/image\/\"},\"sameAs\":[\"https:\/\/www.facebook.com\/SonoraEE\/\",\"https:\/\/x.com\/sonoraenequipo\",\"https:\/\/www.youtube.com\/channel\/UC338nW-lPEYmJQs4ZABQ1SQ\"]},{\"@type\":\"Person\",\"@id\":\"https:\/\/www.sonoraenequipo.com.mx\/#\/schema\/person\/50102df0fb23a8fa9e8effad8fa81386\",\"name\":\"enequipo\",\"image\":{\"@type\":\"ImageObject\",\"inLanguage\":\"es\",\"@id\":\"https:\/\/www.sonoraenequipo.com.mx\/#\/schema\/person\/image\/\",\"url\":\"https:\/\/secure.gravatar.com\/avatar\/049821681b589dabc0bc20695993ccebb09f5b5d4d790cd9251b97faac7c652b?s=96&d=blank&r=g\",\"contentUrl\":\"https:\/\/secure.gravatar.com\/avatar\/049821681b589dabc0bc20695993ccebb09f5b5d4d790cd9251b97faac7c652b?s=96&d=blank&r=g\",\"caption\":\"enequipo\"},\"sameAs\":[\"https:\/\/www.facebook.com\/SonoraEE\"]}]}<\/script>\n ","yoast_head_json":{"title":"Sonora en Equipo. SOMOS NUESTRA MEMORIA. Recursos para la ansiedad y depresi\u00f3n Voces","description":"El dolor derivado de padecimientos como la ansiedad y depresi\u00f3n tiene soluci\u00f3n; no obstante, algunas personas buscan \u201crespuestas\u201d equivocadas o que En Sonora en Equipo publicamos toda la informaci\u00f3n de Sonora, M\u00e9xico y el Mundo de manera oportuna y busca que la libertad de expresi\u00f3n sea real. Visita nuestro medio informativo publicado desde Hermosillo, Sonora. %","robots":{"index":"index","follow":"follow","max-snippet":"max-snippet:-1","max-image-preview":"max-image-preview:large","max-video-preview":"max-video-preview:-1"},"canonical":"https:\/\/www.sonoraenequipo.com.mx\/somos-nuestra-memoria-recursos-para-la-ansiedad-y-depresion\/","og_locale":"es_ES","og_type":"article","og_title":"Sonora en Equipo. SOMOS NUESTRA MEMORIA. Recursos para la ansiedad y depresi\u00f3n Voces","og_description":"El dolor derivado de padecimientos como la ansiedad y depresi\u00f3n tiene soluci\u00f3n; no obstante, algunas personas buscan \u201crespuestas\u201d equivocadas o que En Sonora en Equipo publicamos toda la informaci\u00f3n de Sonora, M\u00e9xico y el Mundo de manera oportuna y busca que la libertad de expresi\u00f3n sea real. Visita nuestro medio informativo publicado desde Hermosillo, Sonora. %","og_url":"https:\/\/www.sonoraenequipo.com.mx\/somos-nuestra-memoria-recursos-para-la-ansiedad-y-depresion\/","og_site_name":"Sonora en Equipo.","article_publisher":"https:\/\/www.facebook.com\/SonoraEE\/","article_author":"https:\/\/www.facebook.com\/SonoraEE","article_published_time":"2024-12-07T20:06:11+00:00","article_modified_time":"2024-12-07T21:06:25+00:00","og_image":[{"width":600,"height":400,"url":"https:\/\/www.sonoraenequipo.com.mx\/storage\/2023\/02\/depresion.jpg","type":"image\/jpeg"}],"author":"enequipo","twitter_card":"summary_large_image","twitter_creator":"@sonoraenequipo","twitter_site":"@sonoraenequipo","twitter_misc":{"Escrito por":"enequipo","Tiempo de lectura":"4 minutos"},"schema":{"@context":"https:\/\/schema.org","@graph":[{"@type":"Article","@id":"https:\/\/www.sonoraenequipo.com.mx\/somos-nuestra-memoria-recursos-para-la-ansiedad-y-depresion\/#article","isPartOf":{"@id":"https:\/\/www.sonoraenequipo.com.mx\/somos-nuestra-memoria-recursos-para-la-ansiedad-y-depresion\/"},"author":{"name":"enequipo","@id":"https:\/\/www.sonoraenequipo.com.mx\/#\/schema\/person\/50102df0fb23a8fa9e8effad8fa81386"},"headline":"SOMOS NUESTRA MEMORIA. Recursos para la ansiedad y depresi\u00f3n","datePublished":"2024-12-07T20:06:11+00:00","dateModified":"2024-12-07T21:06:25+00:00","mainEntityOfPage":{"@id":"https:\/\/www.sonoraenequipo.com.mx\/somos-nuestra-memoria-recursos-para-la-ansiedad-y-depresion\/"},"wordCount":890,"commentCount":0,"publisher":{"@id":"https:\/\/www.sonoraenequipo.com.mx\/#organization"},"image":{"@id":"https:\/\/www.sonoraenequipo.com.mx\/somos-nuestra-memoria-recursos-para-la-ansiedad-y-depresion\/#primaryimage"},"thumbnailUrl":"https:\/\/www.sonoraenequipo.com.mx\/storage\/2023\/02\/depresion.jpg","keywords":["ansiedad","depresi\u00f3n"],"articleSection":["Voces"],"inLanguage":"es","potentialAction":[{"@type":"CommentAction","name":"Comment","target":["https:\/\/www.sonoraenequipo.com.mx\/somos-nuestra-memoria-recursos-para-la-ansiedad-y-depresion\/#respond"]}]},{"@type":"WebPage","@id":"https:\/\/www.sonoraenequipo.com.mx\/somos-nuestra-memoria-recursos-para-la-ansiedad-y-depresion\/","url":"https:\/\/www.sonoraenequipo.com.mx\/somos-nuestra-memoria-recursos-para-la-ansiedad-y-depresion\/","name":"Sonora en Equipo. SOMOS NUESTRA MEMORIA. Recursos para la ansiedad y depresi\u00f3n Voces","isPartOf":{"@id":"https:\/\/www.sonoraenequipo.com.mx\/#website"},"primaryImageOfPage":{"@id":"https:\/\/www.sonoraenequipo.com.mx\/somos-nuestra-memoria-recursos-para-la-ansiedad-y-depresion\/#primaryimage"},"image":{"@id":"https:\/\/www.sonoraenequipo.com.mx\/somos-nuestra-memoria-recursos-para-la-ansiedad-y-depresion\/#primaryimage"},"thumbnailUrl":"https:\/\/www.sonoraenequipo.com.mx\/storage\/2023\/02\/depresion.jpg","datePublished":"2024-12-07T20:06:11+00:00","dateModified":"2024-12-07T21:06:25+00:00","description":"El dolor derivado de padecimientos como la ansiedad y depresi\u00f3n tiene soluci\u00f3n; no obstante, algunas personas buscan \u201crespuestas\u201d equivocadas o que En Sonora en Equipo publicamos toda la informaci\u00f3n de Sonora, M\u00e9xico y el Mundo de manera oportuna y busca que la libertad de expresi\u00f3n sea real. Visita nuestro medio informativo publicado desde Hermosillo, Sonora. %","breadcrumb":{"@id":"https:\/\/www.sonoraenequipo.com.mx\/somos-nuestra-memoria-recursos-para-la-ansiedad-y-depresion\/#breadcrumb"},"inLanguage":"es","potentialAction":[{"@type":"ReadAction","target":["https:\/\/www.sonoraenequipo.com.mx\/somos-nuestra-memoria-recursos-para-la-ansiedad-y-depresion\/"]}]},{"@type":"ImageObject","inLanguage":"es","@id":"https:\/\/www.sonoraenequipo.com.mx\/somos-nuestra-memoria-recursos-para-la-ansiedad-y-depresion\/#primaryimage","url":"https:\/\/www.sonoraenequipo.com.mx\/storage\/2023\/02\/depresion.jpg","contentUrl":"https:\/\/www.sonoraenequipo.com.mx\/storage\/2023\/02\/depresion.jpg","width":600,"height":400},{"@type":"BreadcrumbList","@id":"https:\/\/www.sonoraenequipo.com.mx\/somos-nuestra-memoria-recursos-para-la-ansiedad-y-depresion\/#breadcrumb","itemListElement":[{"@type":"ListItem","position":1,"name":"Portada","item":"https:\/\/www.sonoraenequipo.com.mx\/"},{"@type":"ListItem","position":2,"name":"SOMOS NUESTRA MEMORIA. Recursos para la ansiedad y depresi\u00f3n"}]},{"@type":"WebSite","@id":"https:\/\/www.sonoraenequipo.com.mx\/#website","url":"https:\/\/www.sonoraenequipo.com.mx\/","name":"Sonora en Equipo.","description":"Diario en l\u00ednea con Noticias desde Hermosillo, Sonora","publisher":{"@id":"https:\/\/www.sonoraenequipo.com.mx\/#organization"},"potentialAction":[{"@type":"SearchAction","target":{"@type":"EntryPoint","urlTemplate":"https:\/\/www.sonoraenequipo.com.mx\/?s={search_term_string}"},"query-input":{"@type":"PropertyValueSpecification","valueRequired":true,"valueName":"search_term_string"}}],"inLanguage":"es"},{"@type":"Organization","@id":"https:\/\/www.sonoraenequipo.com.mx\/#organization","name":"Sonoraenequipo.com.mx","url":"https:\/\/www.sonoraenequipo.com.mx\/","logo":{"@type":"ImageObject","inLanguage":"es","@id":"https:\/\/www.sonoraenequipo.com.mx\/#\/schema\/logo\/image\/","url":"https:\/\/www.sonoraenequipo.com.mx\/storage\/2019\/01\/sonoraenequipo_opt.png","contentUrl":"https:\/\/www.sonoraenequipo.com.mx\/storage\/2019\/01\/sonoraenequipo_opt.png","width":375,"height":125,"caption":"Sonoraenequipo.com.mx"},"image":{"@id":"https:\/\/www.sonoraenequipo.com.mx\/#\/schema\/logo\/image\/"},"sameAs":["https:\/\/www.facebook.com\/SonoraEE\/","https:\/\/x.com\/sonoraenequipo","https:\/\/www.youtube.com\/channel\/UC338nW-lPEYmJQs4ZABQ1SQ"]},{"@type":"Person","@id":"https:\/\/www.sonoraenequipo.com.mx\/#\/schema\/person\/50102df0fb23a8fa9e8effad8fa81386","name":"enequipo","image":{"@type":"ImageObject","inLanguage":"es","@id":"https:\/\/www.sonoraenequipo.com.mx\/#\/schema\/person\/image\/","url":"https:\/\/secure.gravatar.com\/avatar\/049821681b589dabc0bc20695993ccebb09f5b5d4d790cd9251b97faac7c652b?s=96&d=blank&r=g","contentUrl":"https:\/\/secure.gravatar.com\/avatar\/049821681b589dabc0bc20695993ccebb09f5b5d4d790cd9251b97faac7c652b?s=96&d=blank&r=g","caption":"enequipo"},"sameAs":["https:\/\/www.facebook.com\/SonoraEE"]}]}},"jetpack_featured_media_url":"https:\/\/www.sonoraenequipo.com.mx\/storage\/2023\/02\/depresion.jpg","_links":{"self":[{"href":"https:\/\/www.sonoraenequipo.com.mx\/api\/wp\/v2\/posts\/205799","targetHints":{"allow":["GET"]}}],"collection":[{"href":"https:\/\/www.sonoraenequipo.com.mx\/api\/wp\/v2\/posts"}],"about":[{"href":"https:\/\/www.sonoraenequipo.com.mx\/api\/wp\/v2\/types\/post"}],"author":[{"embeddable":true,"href":"https:\/\/www.sonoraenequipo.com.mx\/api\/wp\/v2\/users\/1"}],"replies":[{"embeddable":true,"href":"https:\/\/www.sonoraenequipo.com.mx\/api\/wp\/v2\/comments?post=205799"}],"version-history":[{"count":4,"href":"https:\/\/www.sonoraenequipo.com.mx\/api\/wp\/v2\/posts\/205799\/revisions"}],"predecessor-version":[{"id":205815,"href":"https:\/\/www.sonoraenequipo.com.mx\/api\/wp\/v2\/posts\/205799\/revisions\/205815"}],"wp:featuredmedia":[{"embeddable":true,"href":"https:\/\/www.sonoraenequipo.com.mx\/api\/wp\/v2\/media\/159664"}],"wp:attachment":[{"href":"https:\/\/www.sonoraenequipo.com.mx\/api\/wp\/v2\/media?parent=205799"}],"wp:term":[{"taxonomy":"category","embeddable":true,"href":"https:\/\/www.sonoraenequipo.com.mx\/api\/wp\/v2\/categories?post=205799"},{"taxonomy":"post_tag","embeddable":true,"href":"https:\/\/www.sonoraenequipo.com.mx\/api\/wp\/v2\/tags?post=205799"}],"curies":[{"name":"wp","href":"https:\/\/api.w.org\/{rel}","templated":true}]}}