{"id":205816,"date":"2024-12-07T14:14:39","date_gmt":"2024-12-07T21:14:39","guid":{"rendered":"https:\/\/www.sonoraenequipo.com.mx\/?p=205816"},"modified":"2024-12-07T14:14:39","modified_gmt":"2024-12-07T21:14:39","slug":"notas-sueltas-un-salto-sindical-cualitativo","status":"publish","type":"post","link":"https:\/\/www.sonoraenequipo.com.mx\/notas-sueltas-un-salto-sindical-cualitativo\/","title":{"rendered":"NOTAS SUELTAS \u00bfUn salto sindical cualitativo?"},"content":{"rendered":"<p><strong>HERMOSILLO, SONORA, MX.<\/strong> \u2014 Crece la atenci\u00f3n p\u00fablica sobre la sucesi\u00f3n rectoral, al borde de que, a querer o no, nos asomamos a las tripas de la m\u00e1xima instituci\u00f3n educativa en el Estado y descubrimos, para sorpresa de muchos, que uno de los suspirantes a ocupar el sill\u00f3n rectoral es, ni m\u00e1s ni menos, el actual secretario general del sindicato que agrupa al personal acad\u00e9mico, el STAUS.<\/p>\n<p>&nbsp;<\/p>\n<p>Nadie pone en duda la leg\u00edtima aspiraci\u00f3n de cualquier miembro de la comunidad acad\u00e9mica de ocupar el nivel m\u00e1ximo de la cadena alimenticia universitaria, la representaci\u00f3n legal, la cabeza de la administraci\u00f3n universitaria y, dicho de forma clara, la parte patronal de la instituci\u00f3n frente a sus sindicatos.<\/p>\n<p>&nbsp;<\/p>\n<p>Estamos ante el curioso caso de un sindicalismo que, al parecer, promueve el ascenso de uno de sus miembros distinguidos a ser la contraparte en las confrontaciones y negociaciones entre dos factores esenciales del proceso productivo universitario: fuerza de trabajo acad\u00e9mica y administraci\u00f3n institucional.<\/p>\n<p>&nbsp;<\/p>\n<p>Tenemos el caso en el que uno de los polos de la relaci\u00f3n, representando aqu\u00ed al factor trabajo, pretende saltar cualitativamente a la esfera de la parte patronal, es decir, a la representaci\u00f3n simb\u00f3lica del capital.<\/p>\n<p>&nbsp;<\/p>\n<p>Aqu\u00ed el problema es de idea del significado y los intereses que representa, o debiera representar el sindicato frente a quien administra y dirige la estructura de control institucional, lo que incluye la capacidad para decidir el destino de los recursos t\u00e9cnicos, materiales y humanos, y establece procedimientos y normas internas de funcionamiento.<\/p>\n<p>&nbsp;<\/p>\n<p>Una cosa es la administraci\u00f3n institucional, lo que incluye las relaciones con el gobierno y la sociedad, la administraci\u00f3n de los contratos colectivos de trabajo, el modelo curricular, los programas acad\u00e9micos, los correspondientes a las materias, formas de evaluaci\u00f3n, aparato log\u00edstico y, en general, los mecanismos y procedimientos para que la instituci\u00f3n funcione de acuerdo a sus prop\u00f3sitos legales y otra es velar por los intereses de una parte del todo, como son los derechos y expectativas de los trabajadores universitarios.<\/p>\n<p>&nbsp;<\/p>\n<p>As\u00ed pues, independientemente de que el suspirante sindical a la silla rectoral pueda tener el derecho, la capacidad y los m\u00e9ritos para ello, lo cierto es que no se acaba de esclarecer porqu\u00e9, teniendo la representaci\u00f3n de los intereses de los trabajadores acad\u00e9micos universitarios se quiera pasar al otro lado de la mesa, donde se pone en evidencia la diferencia de objetivos, intereses y conductas, por ser dos partes sujetas a contradicciones que por su naturaleza son las m\u00e1s de las veces antag\u00f3nicas.<\/p>\n<p>&nbsp;<\/p>\n<p>La primera impresi\u00f3n es que a alguien no le ha quedado claro cu\u00e1l es el papel hist\u00f3rico de los sindicatos y cu\u00e1l es el sentido de su existencia y lucha permanente.<\/p>\n<p>&nbsp;<\/p>\n<p>Lo verdaderamente lamentable ser\u00eda que tuvi\u00e9ramos un sindicato que ha perdido la br\u00fajula, que ha renunciado a su esencia y se ha convertido en una extensi\u00f3n de la administraci\u00f3n universitaria con la cual se puede establecer un sistema de puertas giratorias, ajeno a principios y valores colectivos y apegado a aspiraciones personales o de grupo. El poder como objetivo, o la idea que algunos puedan tener de su significado, no deja de ser una tr\u00e1gica paradoja en el marco de la organizaci\u00f3n de los trabajadores.<\/p>\n<p>&nbsp;<\/p>\n<p>Suena bastante raro que desde la organizaci\u00f3n sindical se ceda ante la tentaci\u00f3n de poder manejar no s\u00f3lo relaciones pol\u00edticas sino el presupuesto institucional, y asumir un lenguaje que pudiera ser incluyente, \u201cdemocr\u00e1tico\u201d, pero que apenas encubra la calidad en pugna de los intereses que representa frente a los de los trabajadores.<\/p>\n<p>&nbsp;<\/p>\n<p>La situaci\u00f3n actual de un sindicalismo confuso y claudicante se pone en evidencia con las aspiraciones de algunos de sus miembros representativos, en una clara contradicci\u00f3n donde se ponen en juego los valores y principios de la acci\u00f3n sindical de cara a los intereses representados por la administraci\u00f3n universitaria, finalmente correa de transmisi\u00f3n de la ideolog\u00eda dominante y las conductas \u201csocialmente correctas\u201d, pero lamentablemente acr\u00edticas y reaccionarias a todo cambio verdadero.<\/p>\n<p>&nbsp;<\/p>\n<p>Finalmente, \u201ccambiar para no cambiar\u201d es la consigna del conservadurismo de ayer y de hoy.<\/p>\n<p>&nbsp;<\/p>\n<p>&nbsp;<\/p>\n<p><a href=\"http:\/\/jdarredondo.blogspot.com\">http:\/\/jdarredondo.blogspot.com<\/a><\/p>\n<p>&nbsp;<\/p>\n<p><strong>Fecha de publicaci\u00f3n s\u00e1bado 7\u00a0 de diciembre de 2024 \/<\/strong><\/p>\n<p>&nbsp;<\/p>\n<p>&nbsp;<\/p>\n<p>&nbsp;<\/p>\n","protected":false},"excerpt":{"rendered":"<p>HERMOSILLO, SONORA, MX. \u2014 Crece la atenci\u00f3n p\u00fablica sobre la sucesi\u00f3n rectoral, al borde de&#8230;<\/p>\n","protected":false},"author":1,"featured_media":27717,"comment_status":"open","ping_status":"open","sticky":false,"template":"","format":"standard","meta":{"_monsterinsights_skip_tracking":false,"_monsterinsights_sitenote_active":false,"_monsterinsights_sitenote_note":"","_monsterinsights_sitenote_category":0,"footnotes":""},"categories":[14],"tags":[2669],"class_list":["post"],"yoast_head":" \n<title>Sonora en Equipo. NOTAS SUELTAS \u00bfUn salto sindical cualitativo? Voces<\/title>\n<meta name=\"description\" content=\"HERMOSILLO, SONORA, MX. \u2014 Crece la atenci\u00f3n p\u00fablica sobre la sucesi\u00f3n rectoral, al borde de que, a querer o no, nos asomamos a las tripas de la m\u00e1xima En Sonora en Equipo publicamos toda la informaci\u00f3n de Sonora, M\u00e9xico y el Mundo de manera oportuna y busca que la libertad de expresi\u00f3n sea real. Visita nuestro medio informativo publicado desde Hermosillo, Sonora. %\" \/>\n<meta name=\"robots\" content=\"index, follow, max-snippet:-1, max-image-preview:large, max-video-preview:-1\" \/>\n<link rel=\"canonical\" href=\"https:\/\/www.sonoraenequipo.com.mx\/notas-sueltas-un-salto-sindical-cualitativo\/\" \/>\n<meta property=\"og:locale\" content=\"es_ES\" \/>\n<meta property=\"og:type\" content=\"article\" \/>\n<meta property=\"og:title\" content=\"Sonora en Equipo. NOTAS SUELTAS \u00bfUn salto sindical cualitativo? Voces\" \/>\n<meta property=\"og:description\" content=\"HERMOSILLO, SONORA, MX. \u2014 Crece la atenci\u00f3n p\u00fablica sobre la sucesi\u00f3n rectoral, al borde de que, a querer o no, nos asomamos a las tripas de la m\u00e1xima En Sonora en Equipo publicamos toda la informaci\u00f3n de Sonora, M\u00e9xico y el Mundo de manera oportuna y busca que la libertad de expresi\u00f3n sea real. Visita nuestro medio informativo publicado desde Hermosillo, Sonora. %\" \/>\n<meta property=\"og:url\" content=\"https:\/\/www.sonoraenequipo.com.mx\/notas-sueltas-un-salto-sindical-cualitativo\/\" \/>\n<meta property=\"og:site_name\" content=\"Sonora en Equipo.\" \/>\n<meta property=\"article:publisher\" content=\"https:\/\/www.facebook.com\/SonoraEE\/\" \/>\n<meta property=\"article:author\" content=\"https:\/\/www.facebook.com\/SonoraEE\" \/>\n<meta property=\"article:published_time\" content=\"2024-12-07T21:14:39+00:00\" \/>\n<meta property=\"og:image\" content=\"https:\/\/www.sonoraenequipo.com.mx\/storage\/2017\/10\/sindicatos-trabajadores_opt.jpg\" \/>\n\t<meta property=\"og:image:width\" content=\"604\" \/>\n\t<meta property=\"og:image:height\" content=\"400\" \/>\n\t<meta property=\"og:image:type\" content=\"image\/jpeg\" \/>\n<meta name=\"author\" content=\"enequipo\" \/>\n<meta name=\"twitter:card\" content=\"summary_large_image\" \/>\n<meta name=\"twitter:creator\" content=\"@sonoraenequipo\" \/>\n<meta name=\"twitter:site\" content=\"@sonoraenequipo\" \/>\n<meta name=\"twitter:label1\" content=\"Escrito por\" \/>\n\t<meta name=\"twitter:data1\" content=\"enequipo\" \/>\n\t<meta name=\"twitter:label2\" content=\"Tiempo de lectura\" \/>\n\t<meta name=\"twitter:data2\" content=\"4 minutos\" \/>\n<script type=\"application\/ld+json\" class=\"yoast-schema-graph\">{\"@context\":\"https:\/\/schema.org\",\"@graph\":[{\"@type\":\"Article\",\"@id\":\"https:\/\/www.sonoraenequipo.com.mx\/notas-sueltas-un-salto-sindical-cualitativo\/#article\",\"isPartOf\":{\"@id\":\"https:\/\/www.sonoraenequipo.com.mx\/notas-sueltas-un-salto-sindical-cualitativo\/\"},\"author\":{\"name\":\"enequipo\",\"@id\":\"https:\/\/www.sonoraenequipo.com.mx\/#\/schema\/person\/50102df0fb23a8fa9e8effad8fa81386\"},\"headline\":\"NOTAS SUELTAS \u00bfUn salto sindical cualitativo?\",\"datePublished\":\"2024-12-07T21:14:39+00:00\",\"mainEntityOfPage\":{\"@id\":\"https:\/\/www.sonoraenequipo.com.mx\/notas-sueltas-un-salto-sindical-cualitativo\/\"},\"wordCount\":757,\"commentCount\":0,\"publisher\":{\"@id\":\"https:\/\/www.sonoraenequipo.com.mx\/#organization\"},\"image\":{\"@id\":\"https:\/\/www.sonoraenequipo.com.mx\/notas-sueltas-un-salto-sindical-cualitativo\/#primaryimage\"},\"thumbnailUrl\":\"https:\/\/www.sonoraenequipo.com.mx\/storage\/2017\/10\/sindicatos-trabajadores_opt.jpg\",\"keywords\":[\"sindicatos\"],\"articleSection\":[\"Voces\"],\"inLanguage\":\"es\",\"potentialAction\":[{\"@type\":\"CommentAction\",\"name\":\"Comment\",\"target\":[\"https:\/\/www.sonoraenequipo.com.mx\/notas-sueltas-un-salto-sindical-cualitativo\/#respond\"]}]},{\"@type\":\"WebPage\",\"@id\":\"https:\/\/www.sonoraenequipo.com.mx\/notas-sueltas-un-salto-sindical-cualitativo\/\",\"url\":\"https:\/\/www.sonoraenequipo.com.mx\/notas-sueltas-un-salto-sindical-cualitativo\/\",\"name\":\"Sonora en Equipo. NOTAS SUELTAS \u00bfUn salto sindical cualitativo? Voces\",\"isPartOf\":{\"@id\":\"https:\/\/www.sonoraenequipo.com.mx\/#website\"},\"primaryImageOfPage\":{\"@id\":\"https:\/\/www.sonoraenequipo.com.mx\/notas-sueltas-un-salto-sindical-cualitativo\/#primaryimage\"},\"image\":{\"@id\":\"https:\/\/www.sonoraenequipo.com.mx\/notas-sueltas-un-salto-sindical-cualitativo\/#primaryimage\"},\"thumbnailUrl\":\"https:\/\/www.sonoraenequipo.com.mx\/storage\/2017\/10\/sindicatos-trabajadores_opt.jpg\",\"datePublished\":\"2024-12-07T21:14:39+00:00\",\"description\":\"HERMOSILLO, SONORA, MX. \u2014 Crece la atenci\u00f3n p\u00fablica sobre la sucesi\u00f3n rectoral, al borde de que, a querer o no, nos asomamos a las tripas de la m\u00e1xima En Sonora en Equipo publicamos toda la informaci\u00f3n de Sonora, M\u00e9xico y el Mundo de manera oportuna y busca que la libertad de expresi\u00f3n sea real. Visita nuestro medio informativo publicado desde Hermosillo, Sonora. %\",\"breadcrumb\":{\"@id\":\"https:\/\/www.sonoraenequipo.com.mx\/notas-sueltas-un-salto-sindical-cualitativo\/#breadcrumb\"},\"inLanguage\":\"es\",\"potentialAction\":[{\"@type\":\"ReadAction\",\"target\":[\"https:\/\/www.sonoraenequipo.com.mx\/notas-sueltas-un-salto-sindical-cualitativo\/\"]}]},{\"@type\":\"ImageObject\",\"inLanguage\":\"es\",\"@id\":\"https:\/\/www.sonoraenequipo.com.mx\/notas-sueltas-un-salto-sindical-cualitativo\/#primaryimage\",\"url\":\"https:\/\/www.sonoraenequipo.com.mx\/storage\/2017\/10\/sindicatos-trabajadores_opt.jpg\",\"contentUrl\":\"https:\/\/www.sonoraenequipo.com.mx\/storage\/2017\/10\/sindicatos-trabajadores_opt.jpg\",\"width\":604,\"height\":400},{\"@type\":\"BreadcrumbList\",\"@id\":\"https:\/\/www.sonoraenequipo.com.mx\/notas-sueltas-un-salto-sindical-cualitativo\/#breadcrumb\",\"itemListElement\":[{\"@type\":\"ListItem\",\"position\":1,\"name\":\"Portada\",\"item\":\"https:\/\/www.sonoraenequipo.com.mx\/\"},{\"@type\":\"ListItem\",\"position\":2,\"name\":\"NOTAS SUELTAS \u00bfUn salto sindical cualitativo?\"}]},{\"@type\":\"WebSite\",\"@id\":\"https:\/\/www.sonoraenequipo.com.mx\/#website\",\"url\":\"https:\/\/www.sonoraenequipo.com.mx\/\",\"name\":\"Sonora en Equipo.\",\"description\":\"Diario en l\u00ednea con Noticias desde Hermosillo, Sonora\",\"publisher\":{\"@id\":\"https:\/\/www.sonoraenequipo.com.mx\/#organization\"},\"potentialAction\":[{\"@type\":\"SearchAction\",\"target\":{\"@type\":\"EntryPoint\",\"urlTemplate\":\"https:\/\/www.sonoraenequipo.com.mx\/?s={search_term_string}\"},\"query-input\":{\"@type\":\"PropertyValueSpecification\",\"valueRequired\":true,\"valueName\":\"search_term_string\"}}],\"inLanguage\":\"es\"},{\"@type\":\"Organization\",\"@id\":\"https:\/\/www.sonoraenequipo.com.mx\/#organization\",\"name\":\"Sonoraenequipo.com.mx\",\"url\":\"https:\/\/www.sonoraenequipo.com.mx\/\",\"logo\":{\"@type\":\"ImageObject\",\"inLanguage\":\"es\",\"@id\":\"https:\/\/www.sonoraenequipo.com.mx\/#\/schema\/logo\/image\/\",\"url\":\"https:\/\/www.sonoraenequipo.com.mx\/storage\/2019\/01\/sonoraenequipo_opt.png\",\"contentUrl\":\"https:\/\/www.sonoraenequipo.com.mx\/storage\/2019\/01\/sonoraenequipo_opt.png\",\"width\":375,\"height\":125,\"caption\":\"Sonoraenequipo.com.mx\"},\"image\":{\"@id\":\"https:\/\/www.sonoraenequipo.com.mx\/#\/schema\/logo\/image\/\"},\"sameAs\":[\"https:\/\/www.facebook.com\/SonoraEE\/\",\"https:\/\/x.com\/sonoraenequipo\",\"https:\/\/www.youtube.com\/channel\/UC338nW-lPEYmJQs4ZABQ1SQ\"]},{\"@type\":\"Person\",\"@id\":\"https:\/\/www.sonoraenequipo.com.mx\/#\/schema\/person\/50102df0fb23a8fa9e8effad8fa81386\",\"name\":\"enequipo\",\"image\":{\"@type\":\"ImageObject\",\"inLanguage\":\"es\",\"@id\":\"https:\/\/www.sonoraenequipo.com.mx\/#\/schema\/person\/image\/\",\"url\":\"https:\/\/secure.gravatar.com\/avatar\/049821681b589dabc0bc20695993ccebb09f5b5d4d790cd9251b97faac7c652b?s=96&d=blank&r=g\",\"contentUrl\":\"https:\/\/secure.gravatar.com\/avatar\/049821681b589dabc0bc20695993ccebb09f5b5d4d790cd9251b97faac7c652b?s=96&d=blank&r=g\",\"caption\":\"enequipo\"},\"sameAs\":[\"https:\/\/www.facebook.com\/SonoraEE\"]}]}<\/script>\n ","yoast_head_json":{"title":"Sonora en Equipo. NOTAS SUELTAS \u00bfUn salto sindical cualitativo? Voces","description":"HERMOSILLO, SONORA, MX. \u2014 Crece la atenci\u00f3n p\u00fablica sobre la sucesi\u00f3n rectoral, al borde de que, a querer o no, nos asomamos a las tripas de la m\u00e1xima En Sonora en Equipo publicamos toda la informaci\u00f3n de Sonora, M\u00e9xico y el Mundo de manera oportuna y busca que la libertad de expresi\u00f3n sea real. Visita nuestro medio informativo publicado desde Hermosillo, Sonora. %","robots":{"index":"index","follow":"follow","max-snippet":"max-snippet:-1","max-image-preview":"max-image-preview:large","max-video-preview":"max-video-preview:-1"},"canonical":"https:\/\/www.sonoraenequipo.com.mx\/notas-sueltas-un-salto-sindical-cualitativo\/","og_locale":"es_ES","og_type":"article","og_title":"Sonora en Equipo. NOTAS SUELTAS \u00bfUn salto sindical cualitativo? Voces","og_description":"HERMOSILLO, SONORA, MX. \u2014 Crece la atenci\u00f3n p\u00fablica sobre la sucesi\u00f3n rectoral, al borde de que, a querer o no, nos asomamos a las tripas de la m\u00e1xima En Sonora en Equipo publicamos toda la informaci\u00f3n de Sonora, M\u00e9xico y el Mundo de manera oportuna y busca que la libertad de expresi\u00f3n sea real. Visita nuestro medio informativo publicado desde Hermosillo, Sonora. %","og_url":"https:\/\/www.sonoraenequipo.com.mx\/notas-sueltas-un-salto-sindical-cualitativo\/","og_site_name":"Sonora en Equipo.","article_publisher":"https:\/\/www.facebook.com\/SonoraEE\/","article_author":"https:\/\/www.facebook.com\/SonoraEE","article_published_time":"2024-12-07T21:14:39+00:00","og_image":[{"width":604,"height":400,"url":"https:\/\/www.sonoraenequipo.com.mx\/storage\/2017\/10\/sindicatos-trabajadores_opt.jpg","type":"image\/jpeg"}],"author":"enequipo","twitter_card":"summary_large_image","twitter_creator":"@sonoraenequipo","twitter_site":"@sonoraenequipo","twitter_misc":{"Escrito por":"enequipo","Tiempo de lectura":"4 minutos"},"schema":{"@context":"https:\/\/schema.org","@graph":[{"@type":"Article","@id":"https:\/\/www.sonoraenequipo.com.mx\/notas-sueltas-un-salto-sindical-cualitativo\/#article","isPartOf":{"@id":"https:\/\/www.sonoraenequipo.com.mx\/notas-sueltas-un-salto-sindical-cualitativo\/"},"author":{"name":"enequipo","@id":"https:\/\/www.sonoraenequipo.com.mx\/#\/schema\/person\/50102df0fb23a8fa9e8effad8fa81386"},"headline":"NOTAS SUELTAS \u00bfUn salto sindical cualitativo?","datePublished":"2024-12-07T21:14:39+00:00","mainEntityOfPage":{"@id":"https:\/\/www.sonoraenequipo.com.mx\/notas-sueltas-un-salto-sindical-cualitativo\/"},"wordCount":757,"commentCount":0,"publisher":{"@id":"https:\/\/www.sonoraenequipo.com.mx\/#organization"},"image":{"@id":"https:\/\/www.sonoraenequipo.com.mx\/notas-sueltas-un-salto-sindical-cualitativo\/#primaryimage"},"thumbnailUrl":"https:\/\/www.sonoraenequipo.com.mx\/storage\/2017\/10\/sindicatos-trabajadores_opt.jpg","keywords":["sindicatos"],"articleSection":["Voces"],"inLanguage":"es","potentialAction":[{"@type":"CommentAction","name":"Comment","target":["https:\/\/www.sonoraenequipo.com.mx\/notas-sueltas-un-salto-sindical-cualitativo\/#respond"]}]},{"@type":"WebPage","@id":"https:\/\/www.sonoraenequipo.com.mx\/notas-sueltas-un-salto-sindical-cualitativo\/","url":"https:\/\/www.sonoraenequipo.com.mx\/notas-sueltas-un-salto-sindical-cualitativo\/","name":"Sonora en Equipo. NOTAS SUELTAS \u00bfUn salto sindical cualitativo? Voces","isPartOf":{"@id":"https:\/\/www.sonoraenequipo.com.mx\/#website"},"primaryImageOfPage":{"@id":"https:\/\/www.sonoraenequipo.com.mx\/notas-sueltas-un-salto-sindical-cualitativo\/#primaryimage"},"image":{"@id":"https:\/\/www.sonoraenequipo.com.mx\/notas-sueltas-un-salto-sindical-cualitativo\/#primaryimage"},"thumbnailUrl":"https:\/\/www.sonoraenequipo.com.mx\/storage\/2017\/10\/sindicatos-trabajadores_opt.jpg","datePublished":"2024-12-07T21:14:39+00:00","description":"HERMOSILLO, SONORA, MX. \u2014 Crece la atenci\u00f3n p\u00fablica sobre la sucesi\u00f3n rectoral, al borde de que, a querer o no, nos asomamos a las tripas de la m\u00e1xima En Sonora en Equipo publicamos toda la informaci\u00f3n de Sonora, M\u00e9xico y el Mundo de manera oportuna y busca que la libertad de expresi\u00f3n sea real. Visita nuestro medio informativo publicado desde Hermosillo, Sonora. %","breadcrumb":{"@id":"https:\/\/www.sonoraenequipo.com.mx\/notas-sueltas-un-salto-sindical-cualitativo\/#breadcrumb"},"inLanguage":"es","potentialAction":[{"@type":"ReadAction","target":["https:\/\/www.sonoraenequipo.com.mx\/notas-sueltas-un-salto-sindical-cualitativo\/"]}]},{"@type":"ImageObject","inLanguage":"es","@id":"https:\/\/www.sonoraenequipo.com.mx\/notas-sueltas-un-salto-sindical-cualitativo\/#primaryimage","url":"https:\/\/www.sonoraenequipo.com.mx\/storage\/2017\/10\/sindicatos-trabajadores_opt.jpg","contentUrl":"https:\/\/www.sonoraenequipo.com.mx\/storage\/2017\/10\/sindicatos-trabajadores_opt.jpg","width":604,"height":400},{"@type":"BreadcrumbList","@id":"https:\/\/www.sonoraenequipo.com.mx\/notas-sueltas-un-salto-sindical-cualitativo\/#breadcrumb","itemListElement":[{"@type":"ListItem","position":1,"name":"Portada","item":"https:\/\/www.sonoraenequipo.com.mx\/"},{"@type":"ListItem","position":2,"name":"NOTAS SUELTAS \u00bfUn salto sindical cualitativo?"}]},{"@type":"WebSite","@id":"https:\/\/www.sonoraenequipo.com.mx\/#website","url":"https:\/\/www.sonoraenequipo.com.mx\/","name":"Sonora en Equipo.","description":"Diario en l\u00ednea con Noticias desde Hermosillo, Sonora","publisher":{"@id":"https:\/\/www.sonoraenequipo.com.mx\/#organization"},"potentialAction":[{"@type":"SearchAction","target":{"@type":"EntryPoint","urlTemplate":"https:\/\/www.sonoraenequipo.com.mx\/?s={search_term_string}"},"query-input":{"@type":"PropertyValueSpecification","valueRequired":true,"valueName":"search_term_string"}}],"inLanguage":"es"},{"@type":"Organization","@id":"https:\/\/www.sonoraenequipo.com.mx\/#organization","name":"Sonoraenequipo.com.mx","url":"https:\/\/www.sonoraenequipo.com.mx\/","logo":{"@type":"ImageObject","inLanguage":"es","@id":"https:\/\/www.sonoraenequipo.com.mx\/#\/schema\/logo\/image\/","url":"https:\/\/www.sonoraenequipo.com.mx\/storage\/2019\/01\/sonoraenequipo_opt.png","contentUrl":"https:\/\/www.sonoraenequipo.com.mx\/storage\/2019\/01\/sonoraenequipo_opt.png","width":375,"height":125,"caption":"Sonoraenequipo.com.mx"},"image":{"@id":"https:\/\/www.sonoraenequipo.com.mx\/#\/schema\/logo\/image\/"},"sameAs":["https:\/\/www.facebook.com\/SonoraEE\/","https:\/\/x.com\/sonoraenequipo","https:\/\/www.youtube.com\/channel\/UC338nW-lPEYmJQs4ZABQ1SQ"]},{"@type":"Person","@id":"https:\/\/www.sonoraenequipo.com.mx\/#\/schema\/person\/50102df0fb23a8fa9e8effad8fa81386","name":"enequipo","image":{"@type":"ImageObject","inLanguage":"es","@id":"https:\/\/www.sonoraenequipo.com.mx\/#\/schema\/person\/image\/","url":"https:\/\/secure.gravatar.com\/avatar\/049821681b589dabc0bc20695993ccebb09f5b5d4d790cd9251b97faac7c652b?s=96&d=blank&r=g","contentUrl":"https:\/\/secure.gravatar.com\/avatar\/049821681b589dabc0bc20695993ccebb09f5b5d4d790cd9251b97faac7c652b?s=96&d=blank&r=g","caption":"enequipo"},"sameAs":["https:\/\/www.facebook.com\/SonoraEE"]}]}},"jetpack_featured_media_url":"https:\/\/www.sonoraenequipo.com.mx\/storage\/2017\/10\/sindicatos-trabajadores_opt.jpg","_links":{"self":[{"href":"https:\/\/www.sonoraenequipo.com.mx\/api\/wp\/v2\/posts\/205816","targetHints":{"allow":["GET"]}}],"collection":[{"href":"https:\/\/www.sonoraenequipo.com.mx\/api\/wp\/v2\/posts"}],"about":[{"href":"https:\/\/www.sonoraenequipo.com.mx\/api\/wp\/v2\/types\/post"}],"author":[{"embeddable":true,"href":"https:\/\/www.sonoraenequipo.com.mx\/api\/wp\/v2\/users\/1"}],"replies":[{"embeddable":true,"href":"https:\/\/www.sonoraenequipo.com.mx\/api\/wp\/v2\/comments?post=205816"}],"version-history":[{"count":1,"href":"https:\/\/www.sonoraenequipo.com.mx\/api\/wp\/v2\/posts\/205816\/revisions"}],"predecessor-version":[{"id":205817,"href":"https:\/\/www.sonoraenequipo.com.mx\/api\/wp\/v2\/posts\/205816\/revisions\/205817"}],"wp:featuredmedia":[{"embeddable":true,"href":"https:\/\/www.sonoraenequipo.com.mx\/api\/wp\/v2\/media\/27717"}],"wp:attachment":[{"href":"https:\/\/www.sonoraenequipo.com.mx\/api\/wp\/v2\/media?parent=205816"}],"wp:term":[{"taxonomy":"category","embeddable":true,"href":"https:\/\/www.sonoraenequipo.com.mx\/api\/wp\/v2\/categories?post=205816"},{"taxonomy":"post_tag","embeddable":true,"href":"https:\/\/www.sonoraenequipo.com.mx\/api\/wp\/v2\/tags?post=205816"}],"curies":[{"name":"wp","href":"https:\/\/api.w.org\/{rel}","templated":true}]}}