{"id":205818,"date":"2024-12-07T10:25:00","date_gmt":"2024-12-07T17:25:00","guid":{"rendered":"https:\/\/www.sonoraenequipo.com.mx\/?p=205818"},"modified":"2024-12-07T16:58:07","modified_gmt":"2024-12-07T23:58:07","slug":"sonora-tendra-en-2025-un-presupuesto-a-favor-del-pueblo-dip-paloma-teran","status":"publish","type":"post","link":"https:\/\/www.sonoraenequipo.com.mx\/sonora-tendra-en-2025-un-presupuesto-a-favor-del-pueblo-dip-paloma-teran\/","title":{"rendered":"Sonora tendr\u00e1 en 2025 un presupuesto a favor del pueblo: Dip. Paloma Ter\u00e1n"},"content":{"rendered":"<p><strong>HERMOSILLO, SONORA, MX.<\/strong> \u2014 La diputada Paloma Mar\u00eda Ter\u00e1n Villalobos (PES) destac\u00f3 que el paquete econ\u00f3mico aprobado para el ejercicio fiscal del a\u00f1o 2025, por el Congreso de Sonora, responde a la visi\u00f3n de un gobierno humanista que atiende las necesidades del pueblo.<\/p>\n<p> <\/p>\n<p>La legisladora critic\u00f3 fuertemente a legisladores de oposici\u00f3n por votar en contra del paquete econ\u00f3mico 2025, y asegur\u00f3 que este representa una herramienta clave para el desarrollo de proyectos que benefician directamente a la ciudadan\u00eda, particularmente en \u00e1reas vulnerables.<\/p>\n<p>La aprobaci\u00f3n del presupuesto se ver\u00e1 reflejado, dijo, en seguridad y justicia; el programa de becas; infraestructura; transporte; atenci\u00f3n de personas adultas mayores; igualdad sustantiva; entre otras acciones a favor de la gente.<\/p>\n<p><em><strong>\u201cDesde el grupo parlamentario del PES respaldamos la administraci\u00f3n del gobernador Alfonso Durazo Monta\u00f1o; as\u00ed como lo hizo el pueblo con el respaldo de su voto al movimiento en las recientes elecciones\u201d<\/strong><\/em>, puntualiz\u00f3.<\/p>\n<p>Por \u00faltimo, Ter\u00e1n Villalobos extern\u00f3 que, como parte de la Cuarta Transformaci\u00f3n, seguir\u00e1n trabajando a la orden de Sonora y su pueblo con resultados y de frente a la gente.<\/p>\n<p><strong>Fecha de publicaci\u00f3n s\u00e1bado 7\u00a0 de diciembre de 2024 \/<\/strong><\/p>\n","protected":false},"excerpt":{"rendered":"<p>HERMOSILLO, SONORA, MX. \u2014 La diputada Paloma Mar\u00eda Ter\u00e1n Villalobos (PES) destac\u00f3 que el paquete&#8230;<\/p>\n","protected":false},"author":1,"featured_media":205819,"comment_status":"open","ping_status":"open","sticky":false,"template":"","format":"standard","meta":{"_monsterinsights_skip_tracking":false,"_monsterinsights_sitenote_active":false,"_monsterinsights_sitenote_note":"","_monsterinsights_sitenote_category":0,"footnotes":""},"categories":[3281],"tags":[10342,7715,25,7716],"class_list":["post"],"yoast_head":" \n<title>Sonora en Equipo. Sonora tendr\u00e1 en 2025 un presupuesto a favor del pueblo: Dip. Paloma Ter\u00e1n Congreso<\/title>\n<meta name=\"description\" content=\"HERMOSILLO, SONORA, MX. \u2014 La diputada Paloma Mar\u00eda Ter\u00e1n Villalobos (PES) destac\u00f3 que el paquete econ\u00f3mico aprobado para el ejercicio fiscal del a\u00f1o 2025, En Sonora en Equipo publicamos toda la informaci\u00f3n de Sonora, M\u00e9xico y el Mundo de manera oportuna y busca que la libertad de expresi\u00f3n sea real. Visita nuestro medio informativo publicado desde Hermosillo, Sonora. %\" \/>\n<meta name=\"robots\" content=\"index, follow, max-snippet:-1, max-image-preview:large, max-video-preview:-1\" \/>\n<link rel=\"canonical\" href=\"https:\/\/www.sonoraenequipo.com.mx\/sonora-tendra-en-2025-un-presupuesto-a-favor-del-pueblo-dip-paloma-teran\/\" \/>\n<meta property=\"og:locale\" content=\"es_ES\" \/>\n<meta property=\"og:type\" content=\"article\" \/>\n<meta property=\"og:title\" content=\"Sonora en Equipo. Sonora tendr\u00e1 en 2025 un presupuesto a favor del pueblo: Dip. Paloma Ter\u00e1n Congreso\" \/>\n<meta property=\"og:description\" content=\"HERMOSILLO, SONORA, MX. \u2014 La diputada Paloma Mar\u00eda Ter\u00e1n Villalobos (PES) destac\u00f3 que el paquete econ\u00f3mico aprobado para el ejercicio fiscal del a\u00f1o 2025, En Sonora en Equipo publicamos toda la informaci\u00f3n de Sonora, M\u00e9xico y el Mundo de manera oportuna y busca que la libertad de expresi\u00f3n sea real. Visita nuestro medio informativo publicado desde Hermosillo, Sonora. %\" \/>\n<meta property=\"og:url\" content=\"https:\/\/www.sonoraenequipo.com.mx\/sonora-tendra-en-2025-un-presupuesto-a-favor-del-pueblo-dip-paloma-teran\/\" \/>\n<meta property=\"og:site_name\" content=\"Sonora en Equipo.\" \/>\n<meta property=\"article:publisher\" content=\"https:\/\/www.facebook.com\/SonoraEE\/\" \/>\n<meta property=\"article:author\" content=\"https:\/\/www.facebook.com\/SonoraEE\" \/>\n<meta property=\"article:published_time\" content=\"2024-12-07T17:25:00+00:00\" \/>\n<meta property=\"article:modified_time\" content=\"2024-12-07T23:58:07+00:00\" \/>\n<meta property=\"og:image\" content=\"https:\/\/www.sonoraenequipo.com.mx\/storage\/2024\/12\/paloma-teran.jpg\" \/>\n\t<meta property=\"og:image:width\" content=\"600\" \/>\n\t<meta property=\"og:image:height\" content=\"400\" \/>\n\t<meta property=\"og:image:type\" content=\"image\/jpeg\" \/>\n<meta name=\"author\" content=\"enequipo\" \/>\n<meta name=\"twitter:card\" content=\"summary_large_image\" \/>\n<meta name=\"twitter:creator\" content=\"@sonoraenequipo\" \/>\n<meta name=\"twitter:site\" content=\"@sonoraenequipo\" \/>\n<meta name=\"twitter:label1\" content=\"Escrito por\" \/>\n\t<meta name=\"twitter:data1\" content=\"enequipo\" \/>\n\t<meta name=\"twitter:label2\" content=\"Tiempo de lectura\" \/>\n\t<meta name=\"twitter:data2\" content=\"1 minuto\" \/>\n<script type=\"application\/ld+json\" class=\"yoast-schema-graph\">{\"@context\":\"https:\/\/schema.org\",\"@graph\":[{\"@type\":\"Article\",\"@id\":\"https:\/\/www.sonoraenequipo.com.mx\/sonora-tendra-en-2025-un-presupuesto-a-favor-del-pueblo-dip-paloma-teran\/#article\",\"isPartOf\":{\"@id\":\"https:\/\/www.sonoraenequipo.com.mx\/sonora-tendra-en-2025-un-presupuesto-a-favor-del-pueblo-dip-paloma-teran\/\"},\"author\":{\"name\":\"enequipo\",\"@id\":\"https:\/\/www.sonoraenequipo.com.mx\/#\/schema\/person\/50102df0fb23a8fa9e8effad8fa81386\"},\"headline\":\"Sonora tendr\u00e1 en 2025 un presupuesto a favor del pueblo: Dip. Paloma Ter\u00e1n\",\"datePublished\":\"2024-12-07T17:25:00+00:00\",\"dateModified\":\"2024-12-07T23:58:07+00:00\",\"mainEntityOfPage\":{\"@id\":\"https:\/\/www.sonoraenequipo.com.mx\/sonora-tendra-en-2025-un-presupuesto-a-favor-del-pueblo-dip-paloma-teran\/\"},\"wordCount\":212,\"commentCount\":0,\"publisher\":{\"@id\":\"https:\/\/www.sonoraenequipo.com.mx\/#organization\"},\"image\":{\"@id\":\"https:\/\/www.sonoraenequipo.com.mx\/sonora-tendra-en-2025-un-presupuesto-a-favor-del-pueblo-dip-paloma-teran\/#primaryimage\"},\"thumbnailUrl\":\"https:\/\/www.sonoraenequipo.com.mx\/storage\/2024\/12\/paloma-teran.jpg\",\"keywords\":[\"2025\",\"paloma\",\"presupuesto\",\"teran\"],\"articleSection\":[\"Congreso\"],\"inLanguage\":\"es\",\"potentialAction\":[{\"@type\":\"CommentAction\",\"name\":\"Comment\",\"target\":[\"https:\/\/www.sonoraenequipo.com.mx\/sonora-tendra-en-2025-un-presupuesto-a-favor-del-pueblo-dip-paloma-teran\/#respond\"]}]},{\"@type\":\"WebPage\",\"@id\":\"https:\/\/www.sonoraenequipo.com.mx\/sonora-tendra-en-2025-un-presupuesto-a-favor-del-pueblo-dip-paloma-teran\/\",\"url\":\"https:\/\/www.sonoraenequipo.com.mx\/sonora-tendra-en-2025-un-presupuesto-a-favor-del-pueblo-dip-paloma-teran\/\",\"name\":\"Sonora en Equipo. Sonora tendr\u00e1 en 2025 un presupuesto a favor del pueblo: Dip. Paloma Ter\u00e1n Congreso\",\"isPartOf\":{\"@id\":\"https:\/\/www.sonoraenequipo.com.mx\/#website\"},\"primaryImageOfPage\":{\"@id\":\"https:\/\/www.sonoraenequipo.com.mx\/sonora-tendra-en-2025-un-presupuesto-a-favor-del-pueblo-dip-paloma-teran\/#primaryimage\"},\"image\":{\"@id\":\"https:\/\/www.sonoraenequipo.com.mx\/sonora-tendra-en-2025-un-presupuesto-a-favor-del-pueblo-dip-paloma-teran\/#primaryimage\"},\"thumbnailUrl\":\"https:\/\/www.sonoraenequipo.com.mx\/storage\/2024\/12\/paloma-teran.jpg\",\"datePublished\":\"2024-12-07T17:25:00+00:00\",\"dateModified\":\"2024-12-07T23:58:07+00:00\",\"description\":\"HERMOSILLO, SONORA, MX. \u2014 La diputada Paloma Mar\u00eda Ter\u00e1n Villalobos (PES) destac\u00f3 que el paquete econ\u00f3mico aprobado para el ejercicio fiscal del a\u00f1o 2025, En Sonora en Equipo publicamos toda la informaci\u00f3n de Sonora, M\u00e9xico y el Mundo de manera oportuna y busca que la libertad de expresi\u00f3n sea real. Visita nuestro medio informativo publicado desde Hermosillo, Sonora. %\",\"breadcrumb\":{\"@id\":\"https:\/\/www.sonoraenequipo.com.mx\/sonora-tendra-en-2025-un-presupuesto-a-favor-del-pueblo-dip-paloma-teran\/#breadcrumb\"},\"inLanguage\":\"es\",\"potentialAction\":[{\"@type\":\"ReadAction\",\"target\":[\"https:\/\/www.sonoraenequipo.com.mx\/sonora-tendra-en-2025-un-presupuesto-a-favor-del-pueblo-dip-paloma-teran\/\"]}]},{\"@type\":\"ImageObject\",\"inLanguage\":\"es\",\"@id\":\"https:\/\/www.sonoraenequipo.com.mx\/sonora-tendra-en-2025-un-presupuesto-a-favor-del-pueblo-dip-paloma-teran\/#primaryimage\",\"url\":\"https:\/\/www.sonoraenequipo.com.mx\/storage\/2024\/12\/paloma-teran.jpg\",\"contentUrl\":\"https:\/\/www.sonoraenequipo.com.mx\/storage\/2024\/12\/paloma-teran.jpg\",\"width\":600,\"height\":400,\"caption\":\"Imagen de archivo\"},{\"@type\":\"BreadcrumbList\",\"@id\":\"https:\/\/www.sonoraenequipo.com.mx\/sonora-tendra-en-2025-un-presupuesto-a-favor-del-pueblo-dip-paloma-teran\/#breadcrumb\",\"itemListElement\":[{\"@type\":\"ListItem\",\"position\":1,\"name\":\"Portada\",\"item\":\"https:\/\/www.sonoraenequipo.com.mx\/\"},{\"@type\":\"ListItem\",\"position\":2,\"name\":\"Sonora tendr\u00e1 en 2025 un presupuesto a favor del pueblo: Dip. Paloma Ter\u00e1n\"}]},{\"@type\":\"WebSite\",\"@id\":\"https:\/\/www.sonoraenequipo.com.mx\/#website\",\"url\":\"https:\/\/www.sonoraenequipo.com.mx\/\",\"name\":\"Sonora en Equipo.\",\"description\":\"Diario en l\u00ednea con Noticias desde Hermosillo, Sonora\",\"publisher\":{\"@id\":\"https:\/\/www.sonoraenequipo.com.mx\/#organization\"},\"potentialAction\":[{\"@type\":\"SearchAction\",\"target\":{\"@type\":\"EntryPoint\",\"urlTemplate\":\"https:\/\/www.sonoraenequipo.com.mx\/?s={search_term_string}\"},\"query-input\":{\"@type\":\"PropertyValueSpecification\",\"valueRequired\":true,\"valueName\":\"search_term_string\"}}],\"inLanguage\":\"es\"},{\"@type\":\"Organization\",\"@id\":\"https:\/\/www.sonoraenequipo.com.mx\/#organization\",\"name\":\"Sonoraenequipo.com.mx\",\"url\":\"https:\/\/www.sonoraenequipo.com.mx\/\",\"logo\":{\"@type\":\"ImageObject\",\"inLanguage\":\"es\",\"@id\":\"https:\/\/www.sonoraenequipo.com.mx\/#\/schema\/logo\/image\/\",\"url\":\"https:\/\/www.sonoraenequipo.com.mx\/storage\/2019\/01\/sonoraenequipo_opt.png\",\"contentUrl\":\"https:\/\/www.sonoraenequipo.com.mx\/storage\/2019\/01\/sonoraenequipo_opt.png\",\"width\":375,\"height\":125,\"caption\":\"Sonoraenequipo.com.mx\"},\"image\":{\"@id\":\"https:\/\/www.sonoraenequipo.com.mx\/#\/schema\/logo\/image\/\"},\"sameAs\":[\"https:\/\/www.facebook.com\/SonoraEE\/\",\"https:\/\/x.com\/sonoraenequipo\",\"https:\/\/www.youtube.com\/channel\/UC338nW-lPEYmJQs4ZABQ1SQ\"]},{\"@type\":\"Person\",\"@id\":\"https:\/\/www.sonoraenequipo.com.mx\/#\/schema\/person\/50102df0fb23a8fa9e8effad8fa81386\",\"name\":\"enequipo\",\"image\":{\"@type\":\"ImageObject\",\"inLanguage\":\"es\",\"@id\":\"https:\/\/www.sonoraenequipo.com.mx\/#\/schema\/person\/image\/\",\"url\":\"https:\/\/secure.gravatar.com\/avatar\/049821681b589dabc0bc20695993ccebb09f5b5d4d790cd9251b97faac7c652b?s=96&d=blank&r=g\",\"contentUrl\":\"https:\/\/secure.gravatar.com\/avatar\/049821681b589dabc0bc20695993ccebb09f5b5d4d790cd9251b97faac7c652b?s=96&d=blank&r=g\",\"caption\":\"enequipo\"},\"sameAs\":[\"https:\/\/www.facebook.com\/SonoraEE\"]}]}<\/script>\n ","yoast_head_json":{"title":"Sonora en Equipo. Sonora tendr\u00e1 en 2025 un presupuesto a favor del pueblo: Dip. Paloma Ter\u00e1n Congreso","description":"HERMOSILLO, SONORA, MX. \u2014 La diputada Paloma Mar\u00eda Ter\u00e1n Villalobos (PES) destac\u00f3 que el paquete econ\u00f3mico aprobado para el ejercicio fiscal del a\u00f1o 2025, En Sonora en Equipo publicamos toda la informaci\u00f3n de Sonora, M\u00e9xico y el Mundo de manera oportuna y busca que la libertad de expresi\u00f3n sea real. Visita nuestro medio informativo publicado desde Hermosillo, Sonora. %","robots":{"index":"index","follow":"follow","max-snippet":"max-snippet:-1","max-image-preview":"max-image-preview:large","max-video-preview":"max-video-preview:-1"},"canonical":"https:\/\/www.sonoraenequipo.com.mx\/sonora-tendra-en-2025-un-presupuesto-a-favor-del-pueblo-dip-paloma-teran\/","og_locale":"es_ES","og_type":"article","og_title":"Sonora en Equipo. Sonora tendr\u00e1 en 2025 un presupuesto a favor del pueblo: Dip. Paloma Ter\u00e1n Congreso","og_description":"HERMOSILLO, SONORA, MX. \u2014 La diputada Paloma Mar\u00eda Ter\u00e1n Villalobos (PES) destac\u00f3 que el paquete econ\u00f3mico aprobado para el ejercicio fiscal del a\u00f1o 2025, En Sonora en Equipo publicamos toda la informaci\u00f3n de Sonora, M\u00e9xico y el Mundo de manera oportuna y busca que la libertad de expresi\u00f3n sea real. Visita nuestro medio informativo publicado desde Hermosillo, Sonora. %","og_url":"https:\/\/www.sonoraenequipo.com.mx\/sonora-tendra-en-2025-un-presupuesto-a-favor-del-pueblo-dip-paloma-teran\/","og_site_name":"Sonora en Equipo.","article_publisher":"https:\/\/www.facebook.com\/SonoraEE\/","article_author":"https:\/\/www.facebook.com\/SonoraEE","article_published_time":"2024-12-07T17:25:00+00:00","article_modified_time":"2024-12-07T23:58:07+00:00","og_image":[{"width":600,"height":400,"url":"https:\/\/www.sonoraenequipo.com.mx\/storage\/2024\/12\/paloma-teran.jpg","type":"image\/jpeg"}],"author":"enequipo","twitter_card":"summary_large_image","twitter_creator":"@sonoraenequipo","twitter_site":"@sonoraenequipo","twitter_misc":{"Escrito por":"enequipo","Tiempo de lectura":"1 minuto"},"schema":{"@context":"https:\/\/schema.org","@graph":[{"@type":"Article","@id":"https:\/\/www.sonoraenequipo.com.mx\/sonora-tendra-en-2025-un-presupuesto-a-favor-del-pueblo-dip-paloma-teran\/#article","isPartOf":{"@id":"https:\/\/www.sonoraenequipo.com.mx\/sonora-tendra-en-2025-un-presupuesto-a-favor-del-pueblo-dip-paloma-teran\/"},"author":{"name":"enequipo","@id":"https:\/\/www.sonoraenequipo.com.mx\/#\/schema\/person\/50102df0fb23a8fa9e8effad8fa81386"},"headline":"Sonora tendr\u00e1 en 2025 un presupuesto a favor del pueblo: Dip. Paloma Ter\u00e1n","datePublished":"2024-12-07T17:25:00+00:00","dateModified":"2024-12-07T23:58:07+00:00","mainEntityOfPage":{"@id":"https:\/\/www.sonoraenequipo.com.mx\/sonora-tendra-en-2025-un-presupuesto-a-favor-del-pueblo-dip-paloma-teran\/"},"wordCount":212,"commentCount":0,"publisher":{"@id":"https:\/\/www.sonoraenequipo.com.mx\/#organization"},"image":{"@id":"https:\/\/www.sonoraenequipo.com.mx\/sonora-tendra-en-2025-un-presupuesto-a-favor-del-pueblo-dip-paloma-teran\/#primaryimage"},"thumbnailUrl":"https:\/\/www.sonoraenequipo.com.mx\/storage\/2024\/12\/paloma-teran.jpg","keywords":["2025","paloma","presupuesto","teran"],"articleSection":["Congreso"],"inLanguage":"es","potentialAction":[{"@type":"CommentAction","name":"Comment","target":["https:\/\/www.sonoraenequipo.com.mx\/sonora-tendra-en-2025-un-presupuesto-a-favor-del-pueblo-dip-paloma-teran\/#respond"]}]},{"@type":"WebPage","@id":"https:\/\/www.sonoraenequipo.com.mx\/sonora-tendra-en-2025-un-presupuesto-a-favor-del-pueblo-dip-paloma-teran\/","url":"https:\/\/www.sonoraenequipo.com.mx\/sonora-tendra-en-2025-un-presupuesto-a-favor-del-pueblo-dip-paloma-teran\/","name":"Sonora en Equipo. Sonora tendr\u00e1 en 2025 un presupuesto a favor del pueblo: Dip. Paloma Ter\u00e1n Congreso","isPartOf":{"@id":"https:\/\/www.sonoraenequipo.com.mx\/#website"},"primaryImageOfPage":{"@id":"https:\/\/www.sonoraenequipo.com.mx\/sonora-tendra-en-2025-un-presupuesto-a-favor-del-pueblo-dip-paloma-teran\/#primaryimage"},"image":{"@id":"https:\/\/www.sonoraenequipo.com.mx\/sonora-tendra-en-2025-un-presupuesto-a-favor-del-pueblo-dip-paloma-teran\/#primaryimage"},"thumbnailUrl":"https:\/\/www.sonoraenequipo.com.mx\/storage\/2024\/12\/paloma-teran.jpg","datePublished":"2024-12-07T17:25:00+00:00","dateModified":"2024-12-07T23:58:07+00:00","description":"HERMOSILLO, SONORA, MX. \u2014 La diputada Paloma Mar\u00eda Ter\u00e1n Villalobos (PES) destac\u00f3 que el paquete econ\u00f3mico aprobado para el ejercicio fiscal del a\u00f1o 2025, En Sonora en Equipo publicamos toda la informaci\u00f3n de Sonora, M\u00e9xico y el Mundo de manera oportuna y busca que la libertad de expresi\u00f3n sea real. Visita nuestro medio informativo publicado desde Hermosillo, Sonora. %","breadcrumb":{"@id":"https:\/\/www.sonoraenequipo.com.mx\/sonora-tendra-en-2025-un-presupuesto-a-favor-del-pueblo-dip-paloma-teran\/#breadcrumb"},"inLanguage":"es","potentialAction":[{"@type":"ReadAction","target":["https:\/\/www.sonoraenequipo.com.mx\/sonora-tendra-en-2025-un-presupuesto-a-favor-del-pueblo-dip-paloma-teran\/"]}]},{"@type":"ImageObject","inLanguage":"es","@id":"https:\/\/www.sonoraenequipo.com.mx\/sonora-tendra-en-2025-un-presupuesto-a-favor-del-pueblo-dip-paloma-teran\/#primaryimage","url":"https:\/\/www.sonoraenequipo.com.mx\/storage\/2024\/12\/paloma-teran.jpg","contentUrl":"https:\/\/www.sonoraenequipo.com.mx\/storage\/2024\/12\/paloma-teran.jpg","width":600,"height":400,"caption":"Imagen de archivo"},{"@type":"BreadcrumbList","@id":"https:\/\/www.sonoraenequipo.com.mx\/sonora-tendra-en-2025-un-presupuesto-a-favor-del-pueblo-dip-paloma-teran\/#breadcrumb","itemListElement":[{"@type":"ListItem","position":1,"name":"Portada","item":"https:\/\/www.sonoraenequipo.com.mx\/"},{"@type":"ListItem","position":2,"name":"Sonora tendr\u00e1 en 2025 un presupuesto a favor del pueblo: Dip. Paloma Ter\u00e1n"}]},{"@type":"WebSite","@id":"https:\/\/www.sonoraenequipo.com.mx\/#website","url":"https:\/\/www.sonoraenequipo.com.mx\/","name":"Sonora en Equipo.","description":"Diario en l\u00ednea con Noticias desde Hermosillo, Sonora","publisher":{"@id":"https:\/\/www.sonoraenequipo.com.mx\/#organization"},"potentialAction":[{"@type":"SearchAction","target":{"@type":"EntryPoint","urlTemplate":"https:\/\/www.sonoraenequipo.com.mx\/?s={search_term_string}"},"query-input":{"@type":"PropertyValueSpecification","valueRequired":true,"valueName":"search_term_string"}}],"inLanguage":"es"},{"@type":"Organization","@id":"https:\/\/www.sonoraenequipo.com.mx\/#organization","name":"Sonoraenequipo.com.mx","url":"https:\/\/www.sonoraenequipo.com.mx\/","logo":{"@type":"ImageObject","inLanguage":"es","@id":"https:\/\/www.sonoraenequipo.com.mx\/#\/schema\/logo\/image\/","url":"https:\/\/www.sonoraenequipo.com.mx\/storage\/2019\/01\/sonoraenequipo_opt.png","contentUrl":"https:\/\/www.sonoraenequipo.com.mx\/storage\/2019\/01\/sonoraenequipo_opt.png","width":375,"height":125,"caption":"Sonoraenequipo.com.mx"},"image":{"@id":"https:\/\/www.sonoraenequipo.com.mx\/#\/schema\/logo\/image\/"},"sameAs":["https:\/\/www.facebook.com\/SonoraEE\/","https:\/\/x.com\/sonoraenequipo","https:\/\/www.youtube.com\/channel\/UC338nW-lPEYmJQs4ZABQ1SQ"]},{"@type":"Person","@id":"https:\/\/www.sonoraenequipo.com.mx\/#\/schema\/person\/50102df0fb23a8fa9e8effad8fa81386","name":"enequipo","image":{"@type":"ImageObject","inLanguage":"es","@id":"https:\/\/www.sonoraenequipo.com.mx\/#\/schema\/person\/image\/","url":"https:\/\/secure.gravatar.com\/avatar\/049821681b589dabc0bc20695993ccebb09f5b5d4d790cd9251b97faac7c652b?s=96&d=blank&r=g","contentUrl":"https:\/\/secure.gravatar.com\/avatar\/049821681b589dabc0bc20695993ccebb09f5b5d4d790cd9251b97faac7c652b?s=96&d=blank&r=g","caption":"enequipo"},"sameAs":["https:\/\/www.facebook.com\/SonoraEE"]}]}},"jetpack_featured_media_url":"https:\/\/www.sonoraenequipo.com.mx\/storage\/2024\/12\/paloma-teran.jpg","_links":{"self":[{"href":"https:\/\/www.sonoraenequipo.com.mx\/api\/wp\/v2\/posts\/205818","targetHints":{"allow":["GET"]}}],"collection":[{"href":"https:\/\/www.sonoraenequipo.com.mx\/api\/wp\/v2\/posts"}],"about":[{"href":"https:\/\/www.sonoraenequipo.com.mx\/api\/wp\/v2\/types\/post"}],"author":[{"embeddable":true,"href":"https:\/\/www.sonoraenequipo.com.mx\/api\/wp\/v2\/users\/1"}],"replies":[{"embeddable":true,"href":"https:\/\/www.sonoraenequipo.com.mx\/api\/wp\/v2\/comments?post=205818"}],"version-history":[{"count":3,"href":"https:\/\/www.sonoraenequipo.com.mx\/api\/wp\/v2\/posts\/205818\/revisions"}],"predecessor-version":[{"id":205840,"href":"https:\/\/www.sonoraenequipo.com.mx\/api\/wp\/v2\/posts\/205818\/revisions\/205840"}],"wp:featuredmedia":[{"embeddable":true,"href":"https:\/\/www.sonoraenequipo.com.mx\/api\/wp\/v2\/media\/205819"}],"wp:attachment":[{"href":"https:\/\/www.sonoraenequipo.com.mx\/api\/wp\/v2\/media?parent=205818"}],"wp:term":[{"taxonomy":"category","embeddable":true,"href":"https:\/\/www.sonoraenequipo.com.mx\/api\/wp\/v2\/categories?post=205818"},{"taxonomy":"post_tag","embeddable":true,"href":"https:\/\/www.sonoraenequipo.com.mx\/api\/wp\/v2\/tags?post=205818"}],"curies":[{"name":"wp","href":"https:\/\/api.w.org\/{rel}","templated":true}]}}