{"id":205826,"date":"2024-12-07T15:39:31","date_gmt":"2024-12-07T22:39:31","guid":{"rendered":"https:\/\/www.sonoraenequipo.com.mx\/?p=205826"},"modified":"2024-12-07T15:40:47","modified_gmt":"2024-12-07T22:40:47","slug":"paris-arzobispo-reabre-catedral-de-notre-dame-oficialmente","status":"publish","type":"post","link":"https:\/\/www.sonoraenequipo.com.mx\/paris-arzobispo-reabre-catedral-de-notre-dame-oficialmente\/","title":{"rendered":"PAR\u00cdS. Arzobispo reabre catedral de Notre Dame oficialmente"},"content":{"rendered":"<p>Cinco a\u00f1os y medio despu\u00e9s de un incendio que afect\u00f3\u00a0 gravemente la catedral de Notre Dame, el arzobispo de Par\u00eds, Laurent Ulrich, reabri\u00f3 oficialmente el templo este s\u00e1bado (07.12.2024) al golpear con su b\u00e1culo tres veces las puertas del recinto, de m\u00e1s de 860 a\u00f1os de antig\u00fcedad, tras lo cual el coro de la catedral respondi\u00f3 invitando a los fieles a volver a entrar.<\/p>\n<p>El presidente franc\u00e9s Emmanuel Macron, junto a su esposa Brigitte y la alcaldesa de Par\u00eds, Anne Hidalgo, entraron detr\u00e1s del arzobispo y la comitiva de autoridades eclesi\u00e1sticas. A causa de la lluvia, la ceremonia se vio alterada y los cerca de 1.500 invitados, entre ellos unos 40 dignatarios, ya estaban en el interior.<\/p>\n<p>Macron puso todo su empe\u00f1o personal en esta ambiciosa reconstrucci\u00f3n de la catedral g\u00f3tica m\u00e1s famosa del mundo, algo que se ve opacado por la grave crisis pol\u00edtica que vive Francia. \u00abAqu\u00ed estamos. El mundo nos est\u00e1 viendo. Vamos a reabrir Notre-Dame\u00bb, escribi\u00f3 en la red social X.<\/p>\n<p><strong>Trump, Musk, Zelenski y el pr\u00edncipe Guillermo entre los asistentes a la ceremonia<\/strong><\/p>\n<p>El presidente electo de Estados Unidos, Donald Trump, as\u00ed como el multimillonario y propietario de la red social X, Elon Musk, que forma parte de su equipo, figuraron entre los invitados, al igual que el presidente de Ucrania, Volodimir Zelenski.<\/p>\n<p>Tambi\u00e9n estaban el pr\u00edncipe Guillermo, heredero de la corona brit\u00e1nica, el pr\u00edncipe Alberto de M\u00f3naco, el presidente alem\u00e1n Frank-Walter Steinmeier y la primera dama estadounidense Jill Biden.<\/p>\n<p>Las obras de reconstrucci\u00f3n para instalar un nuevo tejado, limpiar y restaurar las partes da\u00f1adas y crear toda una nueva iluminaci\u00f3n modulable, costaron cerca de 770 millones de d\u00f3lares, provenientes de donaciones del mundo entero.<\/p>\n<p><strong>Fecha de publicaci\u00f3n s\u00e1bado 7\u00a0 de diciembre de 2024 \/DW<\/strong><\/p>\n<p>rr (afp\/efe\/reuters)<\/p>\n","protected":false},"excerpt":{"rendered":"<p>Cinco a\u00f1os y medio despu\u00e9s de un incendio que afect\u00f3\u00a0 gravemente la catedral de Notre&#8230;<\/p>\n","protected":false},"author":1,"featured_media":205827,"comment_status":"open","ping_status":"open","sticky":false,"template":"","format":"standard","meta":{"_monsterinsights_skip_tracking":false,"_monsterinsights_sitenote_active":false,"_monsterinsights_sitenote_note":"","_monsterinsights_sitenote_category":0,"footnotes":""},"categories":[3],"tags":[10595,10596],"class_list":["post"],"yoast_head":" \n<title>Sonora en Equipo. PAR\u00cdS. Arzobispo reabre catedral de Notre Dame oficialmente MUNDO<\/title>\n<meta name=\"description\" content=\"Cinco a\u00f1os y medio despu\u00e9s de un incendio que afect\u00f3\u00a0 gravemente la catedral de Notre Dame, el arzobispo de Par\u00eds, Laurent Ulrich, reabri\u00f3 oficialmente el En Sonora en Equipo publicamos toda la informaci\u00f3n de Sonora, M\u00e9xico y el Mundo de manera oportuna y busca que la libertad de expresi\u00f3n sea real. Visita nuestro medio informativo publicado desde Hermosillo, Sonora. %\" \/>\n<meta name=\"robots\" content=\"index, follow, max-snippet:-1, max-image-preview:large, max-video-preview:-1\" \/>\n<link rel=\"canonical\" href=\"https:\/\/www.sonoraenequipo.com.mx\/paris-arzobispo-reabre-catedral-de-notre-dame-oficialmente\/\" \/>\n<meta property=\"og:locale\" content=\"es_ES\" \/>\n<meta property=\"og:type\" content=\"article\" \/>\n<meta property=\"og:title\" content=\"Sonora en Equipo. PAR\u00cdS. Arzobispo reabre catedral de Notre Dame oficialmente MUNDO\" \/>\n<meta property=\"og:description\" content=\"Cinco a\u00f1os y medio despu\u00e9s de un incendio que afect\u00f3\u00a0 gravemente la catedral de Notre Dame, el arzobispo de Par\u00eds, Laurent Ulrich, reabri\u00f3 oficialmente el En Sonora en Equipo publicamos toda la informaci\u00f3n de Sonora, M\u00e9xico y el Mundo de manera oportuna y busca que la libertad de expresi\u00f3n sea real. Visita nuestro medio informativo publicado desde Hermosillo, Sonora. %\" \/>\n<meta property=\"og:url\" content=\"https:\/\/www.sonoraenequipo.com.mx\/paris-arzobispo-reabre-catedral-de-notre-dame-oficialmente\/\" \/>\n<meta property=\"og:site_name\" content=\"Sonora en Equipo.\" \/>\n<meta property=\"article:publisher\" content=\"https:\/\/www.facebook.com\/SonoraEE\/\" \/>\n<meta property=\"article:author\" content=\"https:\/\/www.facebook.com\/SonoraEE\" \/>\n<meta property=\"article:published_time\" content=\"2024-12-07T22:39:31+00:00\" \/>\n<meta property=\"article:modified_time\" content=\"2024-12-07T22:40:47+00:00\" \/>\n<meta property=\"og:image\" content=\"https:\/\/www.sonoraenequipo.com.mx\/storage\/2024\/12\/notredame.jpg\" \/>\n\t<meta property=\"og:image:width\" content=\"600\" \/>\n\t<meta property=\"og:image:height\" content=\"400\" \/>\n\t<meta property=\"og:image:type\" content=\"image\/jpeg\" \/>\n<meta name=\"author\" content=\"enequipo\" \/>\n<meta name=\"twitter:card\" content=\"summary_large_image\" \/>\n<meta name=\"twitter:creator\" content=\"@sonoraenequipo\" \/>\n<meta name=\"twitter:site\" content=\"@sonoraenequipo\" \/>\n<meta name=\"twitter:label1\" content=\"Escrito por\" \/>\n\t<meta name=\"twitter:data1\" content=\"enequipo\" \/>\n\t<meta name=\"twitter:label2\" content=\"Tiempo de lectura\" \/>\n\t<meta name=\"twitter:data2\" content=\"2 minutos\" \/>\n<script type=\"application\/ld+json\" class=\"yoast-schema-graph\">{\"@context\":\"https:\/\/schema.org\",\"@graph\":[{\"@type\":\"Article\",\"@id\":\"https:\/\/www.sonoraenequipo.com.mx\/paris-arzobispo-reabre-catedral-de-notre-dame-oficialmente\/#article\",\"isPartOf\":{\"@id\":\"https:\/\/www.sonoraenequipo.com.mx\/paris-arzobispo-reabre-catedral-de-notre-dame-oficialmente\/\"},\"author\":{\"name\":\"enequipo\",\"@id\":\"https:\/\/www.sonoraenequipo.com.mx\/#\/schema\/person\/50102df0fb23a8fa9e8effad8fa81386\"},\"headline\":\"PAR\u00cdS. Arzobispo reabre catedral de Notre Dame oficialmente\",\"datePublished\":\"2024-12-07T22:39:31+00:00\",\"dateModified\":\"2024-12-07T22:40:47+00:00\",\"mainEntityOfPage\":{\"@id\":\"https:\/\/www.sonoraenequipo.com.mx\/paris-arzobispo-reabre-catedral-de-notre-dame-oficialmente\/\"},\"wordCount\":326,\"commentCount\":0,\"publisher\":{\"@id\":\"https:\/\/www.sonoraenequipo.com.mx\/#organization\"},\"image\":{\"@id\":\"https:\/\/www.sonoraenequipo.com.mx\/paris-arzobispo-reabre-catedral-de-notre-dame-oficialmente\/#primaryimage\"},\"thumbnailUrl\":\"https:\/\/www.sonoraenequipo.com.mx\/storage\/2024\/12\/notredame.jpg\",\"keywords\":[\"catedral\",\"notredame\"],\"articleSection\":[\"MUNDO\"],\"inLanguage\":\"es\",\"potentialAction\":[{\"@type\":\"CommentAction\",\"name\":\"Comment\",\"target\":[\"https:\/\/www.sonoraenequipo.com.mx\/paris-arzobispo-reabre-catedral-de-notre-dame-oficialmente\/#respond\"]}]},{\"@type\":\"WebPage\",\"@id\":\"https:\/\/www.sonoraenequipo.com.mx\/paris-arzobispo-reabre-catedral-de-notre-dame-oficialmente\/\",\"url\":\"https:\/\/www.sonoraenequipo.com.mx\/paris-arzobispo-reabre-catedral-de-notre-dame-oficialmente\/\",\"name\":\"Sonora en Equipo. PAR\u00cdS. Arzobispo reabre catedral de Notre Dame oficialmente MUNDO\",\"isPartOf\":{\"@id\":\"https:\/\/www.sonoraenequipo.com.mx\/#website\"},\"primaryImageOfPage\":{\"@id\":\"https:\/\/www.sonoraenequipo.com.mx\/paris-arzobispo-reabre-catedral-de-notre-dame-oficialmente\/#primaryimage\"},\"image\":{\"@id\":\"https:\/\/www.sonoraenequipo.com.mx\/paris-arzobispo-reabre-catedral-de-notre-dame-oficialmente\/#primaryimage\"},\"thumbnailUrl\":\"https:\/\/www.sonoraenequipo.com.mx\/storage\/2024\/12\/notredame.jpg\",\"datePublished\":\"2024-12-07T22:39:31+00:00\",\"dateModified\":\"2024-12-07T22:40:47+00:00\",\"description\":\"Cinco a\u00f1os y medio despu\u00e9s de un incendio que afect\u00f3\u00a0 gravemente la catedral de Notre Dame, el arzobispo de Par\u00eds, Laurent Ulrich, reabri\u00f3 oficialmente el En Sonora en Equipo publicamos toda la informaci\u00f3n de Sonora, M\u00e9xico y el Mundo de manera oportuna y busca que la libertad de expresi\u00f3n sea real. Visita nuestro medio informativo publicado desde Hermosillo, Sonora. %\",\"breadcrumb\":{\"@id\":\"https:\/\/www.sonoraenequipo.com.mx\/paris-arzobispo-reabre-catedral-de-notre-dame-oficialmente\/#breadcrumb\"},\"inLanguage\":\"es\",\"potentialAction\":[{\"@type\":\"ReadAction\",\"target\":[\"https:\/\/www.sonoraenequipo.com.mx\/paris-arzobispo-reabre-catedral-de-notre-dame-oficialmente\/\"]}]},{\"@type\":\"ImageObject\",\"inLanguage\":\"es\",\"@id\":\"https:\/\/www.sonoraenequipo.com.mx\/paris-arzobispo-reabre-catedral-de-notre-dame-oficialmente\/#primaryimage\",\"url\":\"https:\/\/www.sonoraenequipo.com.mx\/storage\/2024\/12\/notredame.jpg\",\"contentUrl\":\"https:\/\/www.sonoraenequipo.com.mx\/storage\/2024\/12\/notredame.jpg\",\"width\":600,\"height\":400},{\"@type\":\"BreadcrumbList\",\"@id\":\"https:\/\/www.sonoraenequipo.com.mx\/paris-arzobispo-reabre-catedral-de-notre-dame-oficialmente\/#breadcrumb\",\"itemListElement\":[{\"@type\":\"ListItem\",\"position\":1,\"name\":\"Portada\",\"item\":\"https:\/\/www.sonoraenequipo.com.mx\/\"},{\"@type\":\"ListItem\",\"position\":2,\"name\":\"PAR\u00cdS. Arzobispo reabre catedral de Notre Dame oficialmente\"}]},{\"@type\":\"WebSite\",\"@id\":\"https:\/\/www.sonoraenequipo.com.mx\/#website\",\"url\":\"https:\/\/www.sonoraenequipo.com.mx\/\",\"name\":\"Sonora en Equipo.\",\"description\":\"Diario en l\u00ednea con Noticias desde Hermosillo, Sonora\",\"publisher\":{\"@id\":\"https:\/\/www.sonoraenequipo.com.mx\/#organization\"},\"potentialAction\":[{\"@type\":\"SearchAction\",\"target\":{\"@type\":\"EntryPoint\",\"urlTemplate\":\"https:\/\/www.sonoraenequipo.com.mx\/?s={search_term_string}\"},\"query-input\":{\"@type\":\"PropertyValueSpecification\",\"valueRequired\":true,\"valueName\":\"search_term_string\"}}],\"inLanguage\":\"es\"},{\"@type\":\"Organization\",\"@id\":\"https:\/\/www.sonoraenequipo.com.mx\/#organization\",\"name\":\"Sonoraenequipo.com.mx\",\"url\":\"https:\/\/www.sonoraenequipo.com.mx\/\",\"logo\":{\"@type\":\"ImageObject\",\"inLanguage\":\"es\",\"@id\":\"https:\/\/www.sonoraenequipo.com.mx\/#\/schema\/logo\/image\/\",\"url\":\"https:\/\/www.sonoraenequipo.com.mx\/storage\/2019\/01\/sonoraenequipo_opt.png\",\"contentUrl\":\"https:\/\/www.sonoraenequipo.com.mx\/storage\/2019\/01\/sonoraenequipo_opt.png\",\"width\":375,\"height\":125,\"caption\":\"Sonoraenequipo.com.mx\"},\"image\":{\"@id\":\"https:\/\/www.sonoraenequipo.com.mx\/#\/schema\/logo\/image\/\"},\"sameAs\":[\"https:\/\/www.facebook.com\/SonoraEE\/\",\"https:\/\/x.com\/sonoraenequipo\",\"https:\/\/www.youtube.com\/channel\/UC338nW-lPEYmJQs4ZABQ1SQ\"]},{\"@type\":\"Person\",\"@id\":\"https:\/\/www.sonoraenequipo.com.mx\/#\/schema\/person\/50102df0fb23a8fa9e8effad8fa81386\",\"name\":\"enequipo\",\"image\":{\"@type\":\"ImageObject\",\"inLanguage\":\"es\",\"@id\":\"https:\/\/www.sonoraenequipo.com.mx\/#\/schema\/person\/image\/\",\"url\":\"https:\/\/secure.gravatar.com\/avatar\/049821681b589dabc0bc20695993ccebb09f5b5d4d790cd9251b97faac7c652b?s=96&d=blank&r=g\",\"contentUrl\":\"https:\/\/secure.gravatar.com\/avatar\/049821681b589dabc0bc20695993ccebb09f5b5d4d790cd9251b97faac7c652b?s=96&d=blank&r=g\",\"caption\":\"enequipo\"},\"sameAs\":[\"https:\/\/www.facebook.com\/SonoraEE\"]}]}<\/script>\n ","yoast_head_json":{"title":"Sonora en Equipo. PAR\u00cdS. Arzobispo reabre catedral de Notre Dame oficialmente MUNDO","description":"Cinco a\u00f1os y medio despu\u00e9s de un incendio que afect\u00f3\u00a0 gravemente la catedral de Notre Dame, el arzobispo de Par\u00eds, Laurent Ulrich, reabri\u00f3 oficialmente el En Sonora en Equipo publicamos toda la informaci\u00f3n de Sonora, M\u00e9xico y el Mundo de manera oportuna y busca que la libertad de expresi\u00f3n sea real. Visita nuestro medio informativo publicado desde Hermosillo, Sonora. %","robots":{"index":"index","follow":"follow","max-snippet":"max-snippet:-1","max-image-preview":"max-image-preview:large","max-video-preview":"max-video-preview:-1"},"canonical":"https:\/\/www.sonoraenequipo.com.mx\/paris-arzobispo-reabre-catedral-de-notre-dame-oficialmente\/","og_locale":"es_ES","og_type":"article","og_title":"Sonora en Equipo. PAR\u00cdS. Arzobispo reabre catedral de Notre Dame oficialmente MUNDO","og_description":"Cinco a\u00f1os y medio despu\u00e9s de un incendio que afect\u00f3\u00a0 gravemente la catedral de Notre Dame, el arzobispo de Par\u00eds, Laurent Ulrich, reabri\u00f3 oficialmente el En Sonora en Equipo publicamos toda la informaci\u00f3n de Sonora, M\u00e9xico y el Mundo de manera oportuna y busca que la libertad de expresi\u00f3n sea real. Visita nuestro medio informativo publicado desde Hermosillo, Sonora. %","og_url":"https:\/\/www.sonoraenequipo.com.mx\/paris-arzobispo-reabre-catedral-de-notre-dame-oficialmente\/","og_site_name":"Sonora en Equipo.","article_publisher":"https:\/\/www.facebook.com\/SonoraEE\/","article_author":"https:\/\/www.facebook.com\/SonoraEE","article_published_time":"2024-12-07T22:39:31+00:00","article_modified_time":"2024-12-07T22:40:47+00:00","og_image":[{"width":600,"height":400,"url":"https:\/\/www.sonoraenequipo.com.mx\/storage\/2024\/12\/notredame.jpg","type":"image\/jpeg"}],"author":"enequipo","twitter_card":"summary_large_image","twitter_creator":"@sonoraenequipo","twitter_site":"@sonoraenequipo","twitter_misc":{"Escrito por":"enequipo","Tiempo de lectura":"2 minutos"},"schema":{"@context":"https:\/\/schema.org","@graph":[{"@type":"Article","@id":"https:\/\/www.sonoraenequipo.com.mx\/paris-arzobispo-reabre-catedral-de-notre-dame-oficialmente\/#article","isPartOf":{"@id":"https:\/\/www.sonoraenequipo.com.mx\/paris-arzobispo-reabre-catedral-de-notre-dame-oficialmente\/"},"author":{"name":"enequipo","@id":"https:\/\/www.sonoraenequipo.com.mx\/#\/schema\/person\/50102df0fb23a8fa9e8effad8fa81386"},"headline":"PAR\u00cdS. Arzobispo reabre catedral de Notre Dame oficialmente","datePublished":"2024-12-07T22:39:31+00:00","dateModified":"2024-12-07T22:40:47+00:00","mainEntityOfPage":{"@id":"https:\/\/www.sonoraenequipo.com.mx\/paris-arzobispo-reabre-catedral-de-notre-dame-oficialmente\/"},"wordCount":326,"commentCount":0,"publisher":{"@id":"https:\/\/www.sonoraenequipo.com.mx\/#organization"},"image":{"@id":"https:\/\/www.sonoraenequipo.com.mx\/paris-arzobispo-reabre-catedral-de-notre-dame-oficialmente\/#primaryimage"},"thumbnailUrl":"https:\/\/www.sonoraenequipo.com.mx\/storage\/2024\/12\/notredame.jpg","keywords":["catedral","notredame"],"articleSection":["MUNDO"],"inLanguage":"es","potentialAction":[{"@type":"CommentAction","name":"Comment","target":["https:\/\/www.sonoraenequipo.com.mx\/paris-arzobispo-reabre-catedral-de-notre-dame-oficialmente\/#respond"]}]},{"@type":"WebPage","@id":"https:\/\/www.sonoraenequipo.com.mx\/paris-arzobispo-reabre-catedral-de-notre-dame-oficialmente\/","url":"https:\/\/www.sonoraenequipo.com.mx\/paris-arzobispo-reabre-catedral-de-notre-dame-oficialmente\/","name":"Sonora en Equipo. PAR\u00cdS. Arzobispo reabre catedral de Notre Dame oficialmente MUNDO","isPartOf":{"@id":"https:\/\/www.sonoraenequipo.com.mx\/#website"},"primaryImageOfPage":{"@id":"https:\/\/www.sonoraenequipo.com.mx\/paris-arzobispo-reabre-catedral-de-notre-dame-oficialmente\/#primaryimage"},"image":{"@id":"https:\/\/www.sonoraenequipo.com.mx\/paris-arzobispo-reabre-catedral-de-notre-dame-oficialmente\/#primaryimage"},"thumbnailUrl":"https:\/\/www.sonoraenequipo.com.mx\/storage\/2024\/12\/notredame.jpg","datePublished":"2024-12-07T22:39:31+00:00","dateModified":"2024-12-07T22:40:47+00:00","description":"Cinco a\u00f1os y medio despu\u00e9s de un incendio que afect\u00f3\u00a0 gravemente la catedral de Notre Dame, el arzobispo de Par\u00eds, Laurent Ulrich, reabri\u00f3 oficialmente el En Sonora en Equipo publicamos toda la informaci\u00f3n de Sonora, M\u00e9xico y el Mundo de manera oportuna y busca que la libertad de expresi\u00f3n sea real. Visita nuestro medio informativo publicado desde Hermosillo, Sonora. %","breadcrumb":{"@id":"https:\/\/www.sonoraenequipo.com.mx\/paris-arzobispo-reabre-catedral-de-notre-dame-oficialmente\/#breadcrumb"},"inLanguage":"es","potentialAction":[{"@type":"ReadAction","target":["https:\/\/www.sonoraenequipo.com.mx\/paris-arzobispo-reabre-catedral-de-notre-dame-oficialmente\/"]}]},{"@type":"ImageObject","inLanguage":"es","@id":"https:\/\/www.sonoraenequipo.com.mx\/paris-arzobispo-reabre-catedral-de-notre-dame-oficialmente\/#primaryimage","url":"https:\/\/www.sonoraenequipo.com.mx\/storage\/2024\/12\/notredame.jpg","contentUrl":"https:\/\/www.sonoraenequipo.com.mx\/storage\/2024\/12\/notredame.jpg","width":600,"height":400},{"@type":"BreadcrumbList","@id":"https:\/\/www.sonoraenequipo.com.mx\/paris-arzobispo-reabre-catedral-de-notre-dame-oficialmente\/#breadcrumb","itemListElement":[{"@type":"ListItem","position":1,"name":"Portada","item":"https:\/\/www.sonoraenequipo.com.mx\/"},{"@type":"ListItem","position":2,"name":"PAR\u00cdS. Arzobispo reabre catedral de Notre Dame oficialmente"}]},{"@type":"WebSite","@id":"https:\/\/www.sonoraenequipo.com.mx\/#website","url":"https:\/\/www.sonoraenequipo.com.mx\/","name":"Sonora en Equipo.","description":"Diario en l\u00ednea con Noticias desde Hermosillo, Sonora","publisher":{"@id":"https:\/\/www.sonoraenequipo.com.mx\/#organization"},"potentialAction":[{"@type":"SearchAction","target":{"@type":"EntryPoint","urlTemplate":"https:\/\/www.sonoraenequipo.com.mx\/?s={search_term_string}"},"query-input":{"@type":"PropertyValueSpecification","valueRequired":true,"valueName":"search_term_string"}}],"inLanguage":"es"},{"@type":"Organization","@id":"https:\/\/www.sonoraenequipo.com.mx\/#organization","name":"Sonoraenequipo.com.mx","url":"https:\/\/www.sonoraenequipo.com.mx\/","logo":{"@type":"ImageObject","inLanguage":"es","@id":"https:\/\/www.sonoraenequipo.com.mx\/#\/schema\/logo\/image\/","url":"https:\/\/www.sonoraenequipo.com.mx\/storage\/2019\/01\/sonoraenequipo_opt.png","contentUrl":"https:\/\/www.sonoraenequipo.com.mx\/storage\/2019\/01\/sonoraenequipo_opt.png","width":375,"height":125,"caption":"Sonoraenequipo.com.mx"},"image":{"@id":"https:\/\/www.sonoraenequipo.com.mx\/#\/schema\/logo\/image\/"},"sameAs":["https:\/\/www.facebook.com\/SonoraEE\/","https:\/\/x.com\/sonoraenequipo","https:\/\/www.youtube.com\/channel\/UC338nW-lPEYmJQs4ZABQ1SQ"]},{"@type":"Person","@id":"https:\/\/www.sonoraenequipo.com.mx\/#\/schema\/person\/50102df0fb23a8fa9e8effad8fa81386","name":"enequipo","image":{"@type":"ImageObject","inLanguage":"es","@id":"https:\/\/www.sonoraenequipo.com.mx\/#\/schema\/person\/image\/","url":"https:\/\/secure.gravatar.com\/avatar\/049821681b589dabc0bc20695993ccebb09f5b5d4d790cd9251b97faac7c652b?s=96&d=blank&r=g","contentUrl":"https:\/\/secure.gravatar.com\/avatar\/049821681b589dabc0bc20695993ccebb09f5b5d4d790cd9251b97faac7c652b?s=96&d=blank&r=g","caption":"enequipo"},"sameAs":["https:\/\/www.facebook.com\/SonoraEE"]}]}},"jetpack_featured_media_url":"https:\/\/www.sonoraenequipo.com.mx\/storage\/2024\/12\/notredame.jpg","_links":{"self":[{"href":"https:\/\/www.sonoraenequipo.com.mx\/api\/wp\/v2\/posts\/205826","targetHints":{"allow":["GET"]}}],"collection":[{"href":"https:\/\/www.sonoraenequipo.com.mx\/api\/wp\/v2\/posts"}],"about":[{"href":"https:\/\/www.sonoraenequipo.com.mx\/api\/wp\/v2\/types\/post"}],"author":[{"embeddable":true,"href":"https:\/\/www.sonoraenequipo.com.mx\/api\/wp\/v2\/users\/1"}],"replies":[{"embeddable":true,"href":"https:\/\/www.sonoraenequipo.com.mx\/api\/wp\/v2\/comments?post=205826"}],"version-history":[{"count":2,"href":"https:\/\/www.sonoraenequipo.com.mx\/api\/wp\/v2\/posts\/205826\/revisions"}],"predecessor-version":[{"id":205829,"href":"https:\/\/www.sonoraenequipo.com.mx\/api\/wp\/v2\/posts\/205826\/revisions\/205829"}],"wp:featuredmedia":[{"embeddable":true,"href":"https:\/\/www.sonoraenequipo.com.mx\/api\/wp\/v2\/media\/205827"}],"wp:attachment":[{"href":"https:\/\/www.sonoraenequipo.com.mx\/api\/wp\/v2\/media?parent=205826"}],"wp:term":[{"taxonomy":"category","embeddable":true,"href":"https:\/\/www.sonoraenequipo.com.mx\/api\/wp\/v2\/categories?post=205826"},{"taxonomy":"post_tag","embeddable":true,"href":"https:\/\/www.sonoraenequipo.com.mx\/api\/wp\/v2\/tags?post=205826"}],"curies":[{"name":"wp","href":"https:\/\/api.w.org\/{rel}","templated":true}]}}