{"id":205836,"date":"2024-12-07T16:28:39","date_gmt":"2024-12-07T23:28:39","guid":{"rendered":"https:\/\/www.sonoraenequipo.com.mx\/?p=205836"},"modified":"2024-12-07T16:28:39","modified_gmt":"2024-12-07T23:28:39","slug":"ee-uu-conmemora-el-83-aniversario-del-ataque-a-pearl-harbor","status":"publish","type":"post","link":"https:\/\/www.sonoraenequipo.com.mx\/ee-uu-conmemora-el-83-aniversario-del-ataque-a-pearl-harbor\/","title":{"rendered":"EE.UU. conmemora el 83 aniversario del ataque a Pearl Harbor"},"content":{"rendered":"<p>El s\u00e1bado 7 de diciembre se cumple el 83 aniversario (1941) del ataque sorpresa de Jap\u00f3n a Pearl Harbor, una base naval estadounidense en la isla de Oahu, Haw\u00e1i, cerca de Honolulu.<\/p>\n<p>&nbsp;<\/p>\n<p>El presidente estadounidense, Joe Biden, dijo el viernes en un evento en la Casa Blanca para veteranos y sus familias que Pearl Harbor \u00abcambi\u00f3 el futuro del mundo\u00bb.<\/p>\n<p>&nbsp;<\/p>\n<p>El presidente record\u00f3 que \u00abescuch\u00f3 mucho\u00bb sobre Pearl Harbor cuando era ni\u00f1o y habl\u00f3 de sus t\u00edos que se alistaron en el Ej\u00e9rcito despu\u00e9s del ataque.<\/p>\n<p>&nbsp;<\/p>\n<p>\u00abDurante la Segunda Guerra Mundial, nos encontramos en un punto de inflexi\u00f3n\u00bb, dijo el presidente. \u00abSeguimos estando en un punto de inflexi\u00f3n. Las decisiones que tomemos ahora en los pr\u00f3ximos cuatro o cinco a\u00f1os determinar\u00e1n el curso de nuestro futuro en las pr\u00f3ximas d\u00e9cadas&#8230; Le debemos a la pr\u00f3xima generaci\u00f3n establecer ese rumbo en un camino m\u00e1s libre, m\u00e1s seguro y m\u00e1s justo\u00bb.<\/p>\n<p>&nbsp;<\/p>\n<p>El veterano de la Marina Bob Fern\u00e1ndez sostiene una fotograf\u00eda del USS Curtiss, en el que sirvi\u00f3 durante el ataque a Pearl Harbor, el martes 19 de noviembre de 2024, en Lodi, California (Foto AP\/Godofredo A. V\u00e1squez)<\/p>\n<p>Tambi\u00e9n lea<\/p>\n<p>Sobreviviente de Pearl Harbor de 100 a\u00f1os recuerda confusi\u00f3n y caos durante bombardeo japon\u00e9s hace 83 a\u00f1os<\/p>\n<p>El s\u00e1bado 7 de diciembre se cumple el 83 aniversario del ataque sorpresa de Jap\u00f3n a Pearl Harbor, una base naval estadounidense en la isla de Oahu, Haw\u00e1i, cerca de Honolulu.<\/p>\n<p>&nbsp;<\/p>\n<p>Cientos de aviones de combate japoneses lanzaron bombas, balas y torpedos a\u00e9reos contra la Flota del Pac\u00edfico de Estados Unidos en el ataque del domingo por la ma\u00f1ana.<\/p>\n<p>&nbsp;<\/p>\n<p>M\u00e1s de 2.400 marineros, soldados y civiles estadounidenses murieron ese d\u00eda. Aproximadamente la mitad de ellos murieron en el acorazado USS Arizona.<\/p>\n<p>&nbsp;<\/p>\n<p>Los japoneses lograron hundir cuatro de los ocho acorazados estadounidenses en Pearl Harbor y da\u00f1ar los cuatro restantes.<\/p>\n<p>eg\u00fan el sitio web del Comando de Historia Naval e Historia, \u00abel hecho de que no se derribaran m\u00e1s aviones japoneses no tuvo nada que ver con la habilidad, el entrenamiento o la valent\u00eda de nuestros marineros y otros miembros del servicio.<\/p>\n<p>&nbsp;<\/p>\n<p>\u00abM\u00e1s bien, las armas antia\u00e9reas estadounidenses eran inadecuadas en n\u00famero y capacidad, ya que los japoneses no solo hab\u00edan logrado la sorpresa t\u00e1ctica, sino que lograron la sorpresa tecnol\u00f3gica con aviones y armas mucho mejores de lo previsto, una lecci\u00f3n sobre el peligro de subestimar al enemigo que resuena hasta el d\u00eda de hoy\u00bb.<\/p>\n<p>&nbsp;<\/p>\n<p>El d\u00eda despu\u00e9s del ataque, el presidente estadounidense Franklin Roosevelt compareci\u00f3 ante una sesi\u00f3n conjunta del Congreso, solicitando una declaraci\u00f3n de guerra. Despu\u00e9s de pronunciar su famoso discurso del \u00abD\u00eda de la Infamia\u00bb, el Senado apoy\u00f3 un\u00e1nimemente la declaraci\u00f3n. En la C\u00e1mara de Representantes, hubo una disidente, la representante de Montana Jeanette Rankin, una pacifista.<\/p>\n<p>&nbsp;<\/p>\n<p>Roosevelt firm\u00f3 la declaraci\u00f3n el lunes por la tarde. Estados Unidos se hab\u00eda visto ahora oficialmente involucrado en la Segunda Guerra Mundial.<\/p>\n<p>&nbsp;<\/p>\n<p>Antes del ataque sorpresa a Pearl Harbor, Estados Unidos hab\u00eda impuesto sanciones econ\u00f3micas a Jap\u00f3n como una forma de detener los objetivos de expansi\u00f3n de Jap\u00f3n en Asia. Las sanciones afectaron el acceso de Jap\u00f3n a las exportaciones de aeronaves.<\/p>\n<p>&nbsp;<\/p>\n<p>El ataque a la Flota del Pac\u00edfico de Estados Unidos en Pearl Harbor fue parte del plan de Jap\u00f3n para prevenir cualquier desaf\u00edo a esos objetivos en Asia.<\/p>\n<p>&nbsp;<\/p>\n<p>Ahora hay un monumento conmemorativo del USS Arizona que se expande sobre el casco del buque hundido sin tocarlo.<\/p>\n<p><strong>Fecha de publicaci\u00f3n s\u00e1bado 7\u00a0 de diciembre de 2024 \/VOA<\/strong><\/p>\n","protected":false},"excerpt":{"rendered":"<p>El s\u00e1bado 7 de diciembre se cumple el 83 aniversario (1941) del ataque sorpresa de&#8230;<\/p>\n","protected":false},"author":1,"featured_media":205837,"comment_status":"open","ping_status":"open","sticky":false,"template":"","format":"standard","meta":{"_monsterinsights_skip_tracking":false,"_monsterinsights_sitenote_active":false,"_monsterinsights_sitenote_note":"","_monsterinsights_sitenote_category":0,"footnotes":""},"categories":[9],"tags":[744,10598],"class_list":["post"],"yoast_head":" \n<title>Sonora en Equipo. EE.UU. conmemora el 83 aniversario del ataque a Pearl Harbor Etc\u00e9tera<\/title>\n<meta name=\"description\" content=\"El s\u00e1bado 7 de diciembre se cumple el 83 aniversario (1941) del ataque sorpresa de Jap\u00f3n a Pearl Harbor, una base naval estadounidense en la isla de Oahu, En Sonora en Equipo publicamos toda la informaci\u00f3n de Sonora, M\u00e9xico y el Mundo de manera oportuna y busca que la libertad de expresi\u00f3n sea real. Visita nuestro medio informativo publicado desde Hermosillo, Sonora. %\" \/>\n<meta name=\"robots\" content=\"index, follow, max-snippet:-1, max-image-preview:large, max-video-preview:-1\" \/>\n<link rel=\"canonical\" href=\"https:\/\/www.sonoraenequipo.com.mx\/ee-uu-conmemora-el-83-aniversario-del-ataque-a-pearl-harbor\/\" \/>\n<meta property=\"og:locale\" content=\"es_ES\" \/>\n<meta property=\"og:type\" content=\"article\" \/>\n<meta property=\"og:title\" content=\"Sonora en Equipo. EE.UU. conmemora el 83 aniversario del ataque a Pearl Harbor Etc\u00e9tera\" \/>\n<meta property=\"og:description\" content=\"El s\u00e1bado 7 de diciembre se cumple el 83 aniversario (1941) del ataque sorpresa de Jap\u00f3n a Pearl Harbor, una base naval estadounidense en la isla de Oahu, En Sonora en Equipo publicamos toda la informaci\u00f3n de Sonora, M\u00e9xico y el Mundo de manera oportuna y busca que la libertad de expresi\u00f3n sea real. Visita nuestro medio informativo publicado desde Hermosillo, Sonora. %\" \/>\n<meta property=\"og:url\" content=\"https:\/\/www.sonoraenequipo.com.mx\/ee-uu-conmemora-el-83-aniversario-del-ataque-a-pearl-harbor\/\" \/>\n<meta property=\"og:site_name\" content=\"Sonora en Equipo.\" \/>\n<meta property=\"article:publisher\" content=\"https:\/\/www.facebook.com\/SonoraEE\/\" \/>\n<meta property=\"article:author\" content=\"https:\/\/www.facebook.com\/SonoraEE\" \/>\n<meta property=\"article:published_time\" content=\"2024-12-07T23:28:39+00:00\" \/>\n<meta property=\"og:image\" content=\"https:\/\/www.sonoraenequipo.com.mx\/storage\/2024\/12\/pearl-harbor.jpg\" \/>\n\t<meta property=\"og:image:width\" content=\"600\" \/>\n\t<meta property=\"og:image:height\" content=\"337\" \/>\n\t<meta property=\"og:image:type\" content=\"image\/jpeg\" \/>\n<meta name=\"author\" content=\"enequipo\" \/>\n<meta name=\"twitter:card\" content=\"summary_large_image\" \/>\n<meta name=\"twitter:creator\" content=\"@sonoraenequipo\" \/>\n<meta name=\"twitter:site\" content=\"@sonoraenequipo\" \/>\n<meta name=\"twitter:label1\" content=\"Escrito por\" \/>\n\t<meta name=\"twitter:data1\" content=\"enequipo\" \/>\n\t<meta name=\"twitter:label2\" content=\"Tiempo de lectura\" \/>\n\t<meta name=\"twitter:data2\" content=\"3 minutos\" \/>\n<script type=\"application\/ld+json\" class=\"yoast-schema-graph\">{\"@context\":\"https:\/\/schema.org\",\"@graph\":[{\"@type\":\"Article\",\"@id\":\"https:\/\/www.sonoraenequipo.com.mx\/ee-uu-conmemora-el-83-aniversario-del-ataque-a-pearl-harbor\/#article\",\"isPartOf\":{\"@id\":\"https:\/\/www.sonoraenequipo.com.mx\/ee-uu-conmemora-el-83-aniversario-del-ataque-a-pearl-harbor\/\"},\"author\":{\"name\":\"enequipo\",\"@id\":\"https:\/\/www.sonoraenequipo.com.mx\/#\/schema\/person\/50102df0fb23a8fa9e8effad8fa81386\"},\"headline\":\"EE.UU. conmemora el 83 aniversario del ataque a Pearl Harbor\",\"datePublished\":\"2024-12-07T23:28:39+00:00\",\"mainEntityOfPage\":{\"@id\":\"https:\/\/www.sonoraenequipo.com.mx\/ee-uu-conmemora-el-83-aniversario-del-ataque-a-pearl-harbor\/\"},\"wordCount\":655,\"commentCount\":0,\"publisher\":{\"@id\":\"https:\/\/www.sonoraenequipo.com.mx\/#organization\"},\"image\":{\"@id\":\"https:\/\/www.sonoraenequipo.com.mx\/ee-uu-conmemora-el-83-aniversario-del-ataque-a-pearl-harbor\/#primaryimage\"},\"thumbnailUrl\":\"https:\/\/www.sonoraenequipo.com.mx\/storage\/2024\/12\/pearl-harbor.jpg\",\"keywords\":[\"Jap\u00f3n\",\"pearl harbor\"],\"articleSection\":[\"Etc\u00e9tera\"],\"inLanguage\":\"es\",\"potentialAction\":[{\"@type\":\"CommentAction\",\"name\":\"Comment\",\"target\":[\"https:\/\/www.sonoraenequipo.com.mx\/ee-uu-conmemora-el-83-aniversario-del-ataque-a-pearl-harbor\/#respond\"]}]},{\"@type\":\"WebPage\",\"@id\":\"https:\/\/www.sonoraenequipo.com.mx\/ee-uu-conmemora-el-83-aniversario-del-ataque-a-pearl-harbor\/\",\"url\":\"https:\/\/www.sonoraenequipo.com.mx\/ee-uu-conmemora-el-83-aniversario-del-ataque-a-pearl-harbor\/\",\"name\":\"Sonora en Equipo. EE.UU. conmemora el 83 aniversario del ataque a Pearl Harbor Etc\u00e9tera\",\"isPartOf\":{\"@id\":\"https:\/\/www.sonoraenequipo.com.mx\/#website\"},\"primaryImageOfPage\":{\"@id\":\"https:\/\/www.sonoraenequipo.com.mx\/ee-uu-conmemora-el-83-aniversario-del-ataque-a-pearl-harbor\/#primaryimage\"},\"image\":{\"@id\":\"https:\/\/www.sonoraenequipo.com.mx\/ee-uu-conmemora-el-83-aniversario-del-ataque-a-pearl-harbor\/#primaryimage\"},\"thumbnailUrl\":\"https:\/\/www.sonoraenequipo.com.mx\/storage\/2024\/12\/pearl-harbor.jpg\",\"datePublished\":\"2024-12-07T23:28:39+00:00\",\"description\":\"El s\u00e1bado 7 de diciembre se cumple el 83 aniversario (1941) del ataque sorpresa de Jap\u00f3n a Pearl Harbor, una base naval estadounidense en la isla de Oahu, En Sonora en Equipo publicamos toda la informaci\u00f3n de Sonora, M\u00e9xico y el Mundo de manera oportuna y busca que la libertad de expresi\u00f3n sea real. Visita nuestro medio informativo publicado desde Hermosillo, Sonora. %\",\"breadcrumb\":{\"@id\":\"https:\/\/www.sonoraenequipo.com.mx\/ee-uu-conmemora-el-83-aniversario-del-ataque-a-pearl-harbor\/#breadcrumb\"},\"inLanguage\":\"es\",\"potentialAction\":[{\"@type\":\"ReadAction\",\"target\":[\"https:\/\/www.sonoraenequipo.com.mx\/ee-uu-conmemora-el-83-aniversario-del-ataque-a-pearl-harbor\/\"]}]},{\"@type\":\"ImageObject\",\"inLanguage\":\"es\",\"@id\":\"https:\/\/www.sonoraenequipo.com.mx\/ee-uu-conmemora-el-83-aniversario-del-ataque-a-pearl-harbor\/#primaryimage\",\"url\":\"https:\/\/www.sonoraenequipo.com.mx\/storage\/2024\/12\/pearl-harbor.jpg\",\"contentUrl\":\"https:\/\/www.sonoraenequipo.com.mx\/storage\/2024\/12\/pearl-harbor.jpg\",\"width\":600,\"height\":337,\"caption\":\"marino sobrevivientes de Pearl Harbor en ceremonia celebrada en 2023: foto AP\"},{\"@type\":\"BreadcrumbList\",\"@id\":\"https:\/\/www.sonoraenequipo.com.mx\/ee-uu-conmemora-el-83-aniversario-del-ataque-a-pearl-harbor\/#breadcrumb\",\"itemListElement\":[{\"@type\":\"ListItem\",\"position\":1,\"name\":\"Portada\",\"item\":\"https:\/\/www.sonoraenequipo.com.mx\/\"},{\"@type\":\"ListItem\",\"position\":2,\"name\":\"EE.UU. conmemora el 83 aniversario del ataque a Pearl Harbor\"}]},{\"@type\":\"WebSite\",\"@id\":\"https:\/\/www.sonoraenequipo.com.mx\/#website\",\"url\":\"https:\/\/www.sonoraenequipo.com.mx\/\",\"name\":\"Sonora en Equipo.\",\"description\":\"Diario en l\u00ednea con Noticias desde Hermosillo, Sonora\",\"publisher\":{\"@id\":\"https:\/\/www.sonoraenequipo.com.mx\/#organization\"},\"potentialAction\":[{\"@type\":\"SearchAction\",\"target\":{\"@type\":\"EntryPoint\",\"urlTemplate\":\"https:\/\/www.sonoraenequipo.com.mx\/?s={search_term_string}\"},\"query-input\":{\"@type\":\"PropertyValueSpecification\",\"valueRequired\":true,\"valueName\":\"search_term_string\"}}],\"inLanguage\":\"es\"},{\"@type\":\"Organization\",\"@id\":\"https:\/\/www.sonoraenequipo.com.mx\/#organization\",\"name\":\"Sonoraenequipo.com.mx\",\"url\":\"https:\/\/www.sonoraenequipo.com.mx\/\",\"logo\":{\"@type\":\"ImageObject\",\"inLanguage\":\"es\",\"@id\":\"https:\/\/www.sonoraenequipo.com.mx\/#\/schema\/logo\/image\/\",\"url\":\"https:\/\/www.sonoraenequipo.com.mx\/storage\/2019\/01\/sonoraenequipo_opt.png\",\"contentUrl\":\"https:\/\/www.sonoraenequipo.com.mx\/storage\/2019\/01\/sonoraenequipo_opt.png\",\"width\":375,\"height\":125,\"caption\":\"Sonoraenequipo.com.mx\"},\"image\":{\"@id\":\"https:\/\/www.sonoraenequipo.com.mx\/#\/schema\/logo\/image\/\"},\"sameAs\":[\"https:\/\/www.facebook.com\/SonoraEE\/\",\"https:\/\/x.com\/sonoraenequipo\",\"https:\/\/www.youtube.com\/channel\/UC338nW-lPEYmJQs4ZABQ1SQ\"]},{\"@type\":\"Person\",\"@id\":\"https:\/\/www.sonoraenequipo.com.mx\/#\/schema\/person\/50102df0fb23a8fa9e8effad8fa81386\",\"name\":\"enequipo\",\"image\":{\"@type\":\"ImageObject\",\"inLanguage\":\"es\",\"@id\":\"https:\/\/www.sonoraenequipo.com.mx\/#\/schema\/person\/image\/\",\"url\":\"https:\/\/secure.gravatar.com\/avatar\/049821681b589dabc0bc20695993ccebb09f5b5d4d790cd9251b97faac7c652b?s=96&d=blank&r=g\",\"contentUrl\":\"https:\/\/secure.gravatar.com\/avatar\/049821681b589dabc0bc20695993ccebb09f5b5d4d790cd9251b97faac7c652b?s=96&d=blank&r=g\",\"caption\":\"enequipo\"},\"sameAs\":[\"https:\/\/www.facebook.com\/SonoraEE\"]}]}<\/script>\n ","yoast_head_json":{"title":"Sonora en Equipo. EE.UU. conmemora el 83 aniversario del ataque a Pearl Harbor Etc\u00e9tera","description":"El s\u00e1bado 7 de diciembre se cumple el 83 aniversario (1941) del ataque sorpresa de Jap\u00f3n a Pearl Harbor, una base naval estadounidense en la isla de Oahu, En Sonora en Equipo publicamos toda la informaci\u00f3n de Sonora, M\u00e9xico y el Mundo de manera oportuna y busca que la libertad de expresi\u00f3n sea real. Visita nuestro medio informativo publicado desde Hermosillo, Sonora. %","robots":{"index":"index","follow":"follow","max-snippet":"max-snippet:-1","max-image-preview":"max-image-preview:large","max-video-preview":"max-video-preview:-1"},"canonical":"https:\/\/www.sonoraenequipo.com.mx\/ee-uu-conmemora-el-83-aniversario-del-ataque-a-pearl-harbor\/","og_locale":"es_ES","og_type":"article","og_title":"Sonora en Equipo. EE.UU. conmemora el 83 aniversario del ataque a Pearl Harbor Etc\u00e9tera","og_description":"El s\u00e1bado 7 de diciembre se cumple el 83 aniversario (1941) del ataque sorpresa de Jap\u00f3n a Pearl Harbor, una base naval estadounidense en la isla de Oahu, En Sonora en Equipo publicamos toda la informaci\u00f3n de Sonora, M\u00e9xico y el Mundo de manera oportuna y busca que la libertad de expresi\u00f3n sea real. Visita nuestro medio informativo publicado desde Hermosillo, Sonora. %","og_url":"https:\/\/www.sonoraenequipo.com.mx\/ee-uu-conmemora-el-83-aniversario-del-ataque-a-pearl-harbor\/","og_site_name":"Sonora en Equipo.","article_publisher":"https:\/\/www.facebook.com\/SonoraEE\/","article_author":"https:\/\/www.facebook.com\/SonoraEE","article_published_time":"2024-12-07T23:28:39+00:00","og_image":[{"width":600,"height":337,"url":"https:\/\/www.sonoraenequipo.com.mx\/storage\/2024\/12\/pearl-harbor.jpg","type":"image\/jpeg"}],"author":"enequipo","twitter_card":"summary_large_image","twitter_creator":"@sonoraenequipo","twitter_site":"@sonoraenequipo","twitter_misc":{"Escrito por":"enequipo","Tiempo de lectura":"3 minutos"},"schema":{"@context":"https:\/\/schema.org","@graph":[{"@type":"Article","@id":"https:\/\/www.sonoraenequipo.com.mx\/ee-uu-conmemora-el-83-aniversario-del-ataque-a-pearl-harbor\/#article","isPartOf":{"@id":"https:\/\/www.sonoraenequipo.com.mx\/ee-uu-conmemora-el-83-aniversario-del-ataque-a-pearl-harbor\/"},"author":{"name":"enequipo","@id":"https:\/\/www.sonoraenequipo.com.mx\/#\/schema\/person\/50102df0fb23a8fa9e8effad8fa81386"},"headline":"EE.UU. conmemora el 83 aniversario del ataque a Pearl Harbor","datePublished":"2024-12-07T23:28:39+00:00","mainEntityOfPage":{"@id":"https:\/\/www.sonoraenequipo.com.mx\/ee-uu-conmemora-el-83-aniversario-del-ataque-a-pearl-harbor\/"},"wordCount":655,"commentCount":0,"publisher":{"@id":"https:\/\/www.sonoraenequipo.com.mx\/#organization"},"image":{"@id":"https:\/\/www.sonoraenequipo.com.mx\/ee-uu-conmemora-el-83-aniversario-del-ataque-a-pearl-harbor\/#primaryimage"},"thumbnailUrl":"https:\/\/www.sonoraenequipo.com.mx\/storage\/2024\/12\/pearl-harbor.jpg","keywords":["Jap\u00f3n","pearl harbor"],"articleSection":["Etc\u00e9tera"],"inLanguage":"es","potentialAction":[{"@type":"CommentAction","name":"Comment","target":["https:\/\/www.sonoraenequipo.com.mx\/ee-uu-conmemora-el-83-aniversario-del-ataque-a-pearl-harbor\/#respond"]}]},{"@type":"WebPage","@id":"https:\/\/www.sonoraenequipo.com.mx\/ee-uu-conmemora-el-83-aniversario-del-ataque-a-pearl-harbor\/","url":"https:\/\/www.sonoraenequipo.com.mx\/ee-uu-conmemora-el-83-aniversario-del-ataque-a-pearl-harbor\/","name":"Sonora en Equipo. EE.UU. conmemora el 83 aniversario del ataque a Pearl Harbor Etc\u00e9tera","isPartOf":{"@id":"https:\/\/www.sonoraenequipo.com.mx\/#website"},"primaryImageOfPage":{"@id":"https:\/\/www.sonoraenequipo.com.mx\/ee-uu-conmemora-el-83-aniversario-del-ataque-a-pearl-harbor\/#primaryimage"},"image":{"@id":"https:\/\/www.sonoraenequipo.com.mx\/ee-uu-conmemora-el-83-aniversario-del-ataque-a-pearl-harbor\/#primaryimage"},"thumbnailUrl":"https:\/\/www.sonoraenequipo.com.mx\/storage\/2024\/12\/pearl-harbor.jpg","datePublished":"2024-12-07T23:28:39+00:00","description":"El s\u00e1bado 7 de diciembre se cumple el 83 aniversario (1941) del ataque sorpresa de Jap\u00f3n a Pearl Harbor, una base naval estadounidense en la isla de Oahu, En Sonora en Equipo publicamos toda la informaci\u00f3n de Sonora, M\u00e9xico y el Mundo de manera oportuna y busca que la libertad de expresi\u00f3n sea real. Visita nuestro medio informativo publicado desde Hermosillo, Sonora. %","breadcrumb":{"@id":"https:\/\/www.sonoraenequipo.com.mx\/ee-uu-conmemora-el-83-aniversario-del-ataque-a-pearl-harbor\/#breadcrumb"},"inLanguage":"es","potentialAction":[{"@type":"ReadAction","target":["https:\/\/www.sonoraenequipo.com.mx\/ee-uu-conmemora-el-83-aniversario-del-ataque-a-pearl-harbor\/"]}]},{"@type":"ImageObject","inLanguage":"es","@id":"https:\/\/www.sonoraenequipo.com.mx\/ee-uu-conmemora-el-83-aniversario-del-ataque-a-pearl-harbor\/#primaryimage","url":"https:\/\/www.sonoraenequipo.com.mx\/storage\/2024\/12\/pearl-harbor.jpg","contentUrl":"https:\/\/www.sonoraenequipo.com.mx\/storage\/2024\/12\/pearl-harbor.jpg","width":600,"height":337,"caption":"marino sobrevivientes de Pearl Harbor en ceremonia celebrada en 2023: foto AP"},{"@type":"BreadcrumbList","@id":"https:\/\/www.sonoraenequipo.com.mx\/ee-uu-conmemora-el-83-aniversario-del-ataque-a-pearl-harbor\/#breadcrumb","itemListElement":[{"@type":"ListItem","position":1,"name":"Portada","item":"https:\/\/www.sonoraenequipo.com.mx\/"},{"@type":"ListItem","position":2,"name":"EE.UU. conmemora el 83 aniversario del ataque a Pearl Harbor"}]},{"@type":"WebSite","@id":"https:\/\/www.sonoraenequipo.com.mx\/#website","url":"https:\/\/www.sonoraenequipo.com.mx\/","name":"Sonora en Equipo.","description":"Diario en l\u00ednea con Noticias desde Hermosillo, Sonora","publisher":{"@id":"https:\/\/www.sonoraenequipo.com.mx\/#organization"},"potentialAction":[{"@type":"SearchAction","target":{"@type":"EntryPoint","urlTemplate":"https:\/\/www.sonoraenequipo.com.mx\/?s={search_term_string}"},"query-input":{"@type":"PropertyValueSpecification","valueRequired":true,"valueName":"search_term_string"}}],"inLanguage":"es"},{"@type":"Organization","@id":"https:\/\/www.sonoraenequipo.com.mx\/#organization","name":"Sonoraenequipo.com.mx","url":"https:\/\/www.sonoraenequipo.com.mx\/","logo":{"@type":"ImageObject","inLanguage":"es","@id":"https:\/\/www.sonoraenequipo.com.mx\/#\/schema\/logo\/image\/","url":"https:\/\/www.sonoraenequipo.com.mx\/storage\/2019\/01\/sonoraenequipo_opt.png","contentUrl":"https:\/\/www.sonoraenequipo.com.mx\/storage\/2019\/01\/sonoraenequipo_opt.png","width":375,"height":125,"caption":"Sonoraenequipo.com.mx"},"image":{"@id":"https:\/\/www.sonoraenequipo.com.mx\/#\/schema\/logo\/image\/"},"sameAs":["https:\/\/www.facebook.com\/SonoraEE\/","https:\/\/x.com\/sonoraenequipo","https:\/\/www.youtube.com\/channel\/UC338nW-lPEYmJQs4ZABQ1SQ"]},{"@type":"Person","@id":"https:\/\/www.sonoraenequipo.com.mx\/#\/schema\/person\/50102df0fb23a8fa9e8effad8fa81386","name":"enequipo","image":{"@type":"ImageObject","inLanguage":"es","@id":"https:\/\/www.sonoraenequipo.com.mx\/#\/schema\/person\/image\/","url":"https:\/\/secure.gravatar.com\/avatar\/049821681b589dabc0bc20695993ccebb09f5b5d4d790cd9251b97faac7c652b?s=96&d=blank&r=g","contentUrl":"https:\/\/secure.gravatar.com\/avatar\/049821681b589dabc0bc20695993ccebb09f5b5d4d790cd9251b97faac7c652b?s=96&d=blank&r=g","caption":"enequipo"},"sameAs":["https:\/\/www.facebook.com\/SonoraEE"]}]}},"jetpack_featured_media_url":"https:\/\/www.sonoraenequipo.com.mx\/storage\/2024\/12\/pearl-harbor.jpg","_links":{"self":[{"href":"https:\/\/www.sonoraenequipo.com.mx\/api\/wp\/v2\/posts\/205836","targetHints":{"allow":["GET"]}}],"collection":[{"href":"https:\/\/www.sonoraenequipo.com.mx\/api\/wp\/v2\/posts"}],"about":[{"href":"https:\/\/www.sonoraenequipo.com.mx\/api\/wp\/v2\/types\/post"}],"author":[{"embeddable":true,"href":"https:\/\/www.sonoraenequipo.com.mx\/api\/wp\/v2\/users\/1"}],"replies":[{"embeddable":true,"href":"https:\/\/www.sonoraenequipo.com.mx\/api\/wp\/v2\/comments?post=205836"}],"version-history":[{"count":1,"href":"https:\/\/www.sonoraenequipo.com.mx\/api\/wp\/v2\/posts\/205836\/revisions"}],"predecessor-version":[{"id":205838,"href":"https:\/\/www.sonoraenequipo.com.mx\/api\/wp\/v2\/posts\/205836\/revisions\/205838"}],"wp:featuredmedia":[{"embeddable":true,"href":"https:\/\/www.sonoraenequipo.com.mx\/api\/wp\/v2\/media\/205837"}],"wp:attachment":[{"href":"https:\/\/www.sonoraenequipo.com.mx\/api\/wp\/v2\/media?parent=205836"}],"wp:term":[{"taxonomy":"category","embeddable":true,"href":"https:\/\/www.sonoraenequipo.com.mx\/api\/wp\/v2\/categories?post=205836"},{"taxonomy":"post_tag","embeddable":true,"href":"https:\/\/www.sonoraenequipo.com.mx\/api\/wp\/v2\/tags?post=205836"}],"curies":[{"name":"wp","href":"https:\/\/api.w.org\/{rel}","templated":true}]}}