{"id":205842,"date":"2024-12-07T17:13:58","date_gmt":"2024-12-08T00:13:58","guid":{"rendered":"https:\/\/www.sonoraenequipo.com.mx\/?p=205842"},"modified":"2024-12-07T17:13:58","modified_gmt":"2024-12-08T00:13:58","slug":"corea-del-sur-fracasa-la-mocion-para-destituir-a-yoon","status":"publish","type":"post","link":"https:\/\/www.sonoraenequipo.com.mx\/corea-del-sur-fracasa-la-mocion-para-destituir-a-yoon\/","title":{"rendered":"COREA DEL SUR. Fracasa la moci\u00f3n para destituir a Yoon"},"content":{"rendered":"<p>La moci\u00f3n para destituir al presidente de Corea del Sur, Yoon Suk-yeol, no sali\u00f3 adelante este s\u00e1bado (07.12.2024) en la Asamblea Nacional (Parlamento) del pa\u00eds debido al boicot del partido gobernante a esta medida.<\/p>\n<p>&nbsp;<\/p>\n<p>La iniciativa presentada por la oposici\u00f3n para inhabilitar a Yoon por haber declarado la ley marcial el pasado martes fue votada hoy por solo 195 parlamentarios de los 300 que conforman la c\u00e1mara, un n\u00famero insuficiente para que el resultado de la votaci\u00f3n sea considerado v\u00e1lido.<\/p>\n<p>&nbsp;<\/p>\n<p>Para que la moci\u00f3n fuera aprobada, eran necesarios al menos 200 votos a favor del total de 300 esca\u00f1os. Los votos depositados, de car\u00e1cter an\u00f3nimo y cuyos resultados no llegaron a ser recontados, indican que \u00fanicamente tres diputados del gobernante Partido del Poder Popular (PPP) participaron en la iniciativa, sum\u00e1ndose a los 192 parlamentarios de la oposici\u00f3n que impulsaron la medida para desbancar a Yoon.<\/p>\n<p>&nbsp;<\/p>\n<p>El mandatario seguir\u00e1 de este modo en el poder pese al clamor pol\u00edtico y social en su contra, despu\u00e9s de que en la noche del martes declarara por sorpresa la ley marcial, sumiendo al pa\u00eds en el caos, y se viera obligado a retirar esta medida apenas seis horas despu\u00e9s por otra votaci\u00f3n en la Asamblea, donde la oposici\u00f3n cuenta con la mayor\u00eda.<\/p>\n<p>&nbsp;<\/p>\n<p>La moci\u00f3n fallida para su destituci\u00f3n tuvo lugar tras la votaci\u00f3n de otra propuesta para establecer una investigaci\u00f3n sobre la primera dama, Kim Keon-hee, por supuesta corrupci\u00f3n, que tampoco sali\u00f3 adelante al no alcanzar los dos tercios necesarios de los apoyos, lo que ya apuntaba al fracaso de la iniciativa para inhabilitar a Yoon.<\/p>\n<p>&nbsp;<\/p>\n<p>Bancadas vac\u00edas<\/p>\n<p>&nbsp;<\/p>\n<p>La pr\u00e1ctica totalidad de los diputados del PPP abandonaron el hemiciclo tras ese primer voto, lo que dej\u00f3 gran parte de las bancadas vac\u00edas y motiv\u00f3 varios llamamientos de pol\u00edticos de la oposici\u00f3n a los del partido gobernante a participar en una votaci\u00f3n que calificaron \u00abde importancia hist\u00f3rica\u00bb.<\/p>\n<p>&nbsp;<\/p>\n<p>La sesi\u00f3n parlamentaria extraordinaria se desarroll\u00f3 en un ambiente tenso, con repetidos intercambios airados entre diputados del opositor y liberal Partido Democr\u00e1tico (PD) y el PPP.<\/p>\n<p>&nbsp;<\/p>\n<p>Tras dar varios bandazos en los d\u00edas previos, el PPP estableci\u00f3 hoy disciplina de voto para lograr boicotear el intento de echar al presidente de su puesto.<\/p>\n<p>&nbsp;<\/p>\n<p>A su vez, el l\u00edder del partido gobernante, Han Dong-hoon, afirm\u00f3 este mismo s\u00e1bado antes de la sesi\u00f3n parlamentaria que una \u00abpronta dimisi\u00f3n\u00bb de Yoon \u00abes inevitable\u00bb.<\/p>\n<p>&nbsp;<\/p>\n<p>Sus declaraciones de hoy tuvieron lugar despu\u00e9s de que Yoon pidiera disculpas \u00abpor causar preocupaci\u00f3n e inconveniencias a la ciudadan\u00eda\u00bb con su ley marcial, en una alocuci\u00f3n en la que tambi\u00e9n dijo que dejaba en manos de su partido \u00abla estabilizaci\u00f3n de la situaci\u00f3n pol\u00edtica, incluido su mandato\u00bb.<\/p>\n<p>&nbsp;<\/p>\n<p>Mientras ten\u00eda lugar la votaci\u00f3n parlamentaria, unas 149.000 personas -seg\u00fan datos de la polic\u00eda- se concentraron frente a la Asamblea para reclamar que Yoon dimita de su cargo o sea destituido.<\/p>\n<p><strong>Fecha de publicaci\u00f3n s\u00e1bado 7\u00a0 de diciembre de 2024 \/DW<\/strong><\/p>\n<p>&nbsp;<\/p>\n","protected":false},"excerpt":{"rendered":"<p>La moci\u00f3n para destituir al presidente de Corea del Sur, Yoon Suk-yeol, no sali\u00f3 adelante&#8230;<\/p>\n","protected":false},"author":1,"featured_media":205843,"comment_status":"open","ping_status":"open","sticky":false,"template":"","format":"standard","meta":{"_monsterinsights_skip_tracking":false,"_monsterinsights_sitenote_active":false,"_monsterinsights_sitenote_note":"","_monsterinsights_sitenote_category":0,"footnotes":""},"categories":[3],"tags":[2053],"class_list":["post"],"yoast_head":" \n<title>Sonora en Equipo. COREA DEL SUR. Fracasa la moci\u00f3n para destituir a Yoon MUNDO<\/title>\n<meta name=\"description\" content=\"La moci\u00f3n para destituir al presidente de Corea del Sur, Yoon Suk-yeol, no sali\u00f3 adelante este s\u00e1bado (07.12.2024) en la Asamblea Nacional (Parlamento) En Sonora en Equipo publicamos toda la informaci\u00f3n de Sonora, M\u00e9xico y el Mundo de manera oportuna y busca que la libertad de expresi\u00f3n sea real. Visita nuestro medio informativo publicado desde Hermosillo, Sonora. %\" \/>\n<meta name=\"robots\" content=\"index, follow, max-snippet:-1, max-image-preview:large, max-video-preview:-1\" \/>\n<link rel=\"canonical\" href=\"https:\/\/www.sonoraenequipo.com.mx\/corea-del-sur-fracasa-la-mocion-para-destituir-a-yoon\/\" \/>\n<meta property=\"og:locale\" content=\"es_ES\" \/>\n<meta property=\"og:type\" content=\"article\" \/>\n<meta property=\"og:title\" content=\"Sonora en Equipo. COREA DEL SUR. Fracasa la moci\u00f3n para destituir a Yoon MUNDO\" \/>\n<meta property=\"og:description\" content=\"La moci\u00f3n para destituir al presidente de Corea del Sur, Yoon Suk-yeol, no sali\u00f3 adelante este s\u00e1bado (07.12.2024) en la Asamblea Nacional (Parlamento) En Sonora en Equipo publicamos toda la informaci\u00f3n de Sonora, M\u00e9xico y el Mundo de manera oportuna y busca que la libertad de expresi\u00f3n sea real. Visita nuestro medio informativo publicado desde Hermosillo, Sonora. %\" \/>\n<meta property=\"og:url\" content=\"https:\/\/www.sonoraenequipo.com.mx\/corea-del-sur-fracasa-la-mocion-para-destituir-a-yoon\/\" \/>\n<meta property=\"og:site_name\" content=\"Sonora en Equipo.\" \/>\n<meta property=\"article:publisher\" content=\"https:\/\/www.facebook.com\/SonoraEE\/\" \/>\n<meta property=\"article:author\" content=\"https:\/\/www.facebook.com\/SonoraEE\" \/>\n<meta property=\"article:published_time\" content=\"2024-12-08T00:13:58+00:00\" \/>\n<meta property=\"og:image\" content=\"https:\/\/www.sonoraenequipo.com.mx\/storage\/2024\/12\/yoon-suk-yeol.jpg\" \/>\n\t<meta property=\"og:image:width\" content=\"600\" \/>\n\t<meta property=\"og:image:height\" content=\"400\" \/>\n\t<meta property=\"og:image:type\" content=\"image\/jpeg\" \/>\n<meta name=\"author\" content=\"enequipo\" \/>\n<meta name=\"twitter:card\" content=\"summary_large_image\" \/>\n<meta name=\"twitter:creator\" content=\"@sonoraenequipo\" \/>\n<meta name=\"twitter:site\" content=\"@sonoraenequipo\" \/>\n<meta name=\"twitter:label1\" content=\"Escrito por\" \/>\n\t<meta name=\"twitter:data1\" content=\"enequipo\" \/>\n\t<meta name=\"twitter:label2\" content=\"Tiempo de lectura\" \/>\n\t<meta name=\"twitter:data2\" content=\"3 minutos\" \/>\n<script type=\"application\/ld+json\" class=\"yoast-schema-graph\">{\"@context\":\"https:\/\/schema.org\",\"@graph\":[{\"@type\":\"Article\",\"@id\":\"https:\/\/www.sonoraenequipo.com.mx\/corea-del-sur-fracasa-la-mocion-para-destituir-a-yoon\/#article\",\"isPartOf\":{\"@id\":\"https:\/\/www.sonoraenequipo.com.mx\/corea-del-sur-fracasa-la-mocion-para-destituir-a-yoon\/\"},\"author\":{\"name\":\"enequipo\",\"@id\":\"https:\/\/www.sonoraenequipo.com.mx\/#\/schema\/person\/50102df0fb23a8fa9e8effad8fa81386\"},\"headline\":\"COREA DEL SUR. Fracasa la moci\u00f3n para destituir a Yoon\",\"datePublished\":\"2024-12-08T00:13:58+00:00\",\"mainEntityOfPage\":{\"@id\":\"https:\/\/www.sonoraenequipo.com.mx\/corea-del-sur-fracasa-la-mocion-para-destituir-a-yoon\/\"},\"wordCount\":549,\"commentCount\":0,\"publisher\":{\"@id\":\"https:\/\/www.sonoraenequipo.com.mx\/#organization\"},\"image\":{\"@id\":\"https:\/\/www.sonoraenequipo.com.mx\/corea-del-sur-fracasa-la-mocion-para-destituir-a-yoon\/#primaryimage\"},\"thumbnailUrl\":\"https:\/\/www.sonoraenequipo.com.mx\/storage\/2024\/12\/yoon-suk-yeol.jpg\",\"keywords\":[\"Corea del Sur\"],\"articleSection\":[\"MUNDO\"],\"inLanguage\":\"es\",\"potentialAction\":[{\"@type\":\"CommentAction\",\"name\":\"Comment\",\"target\":[\"https:\/\/www.sonoraenequipo.com.mx\/corea-del-sur-fracasa-la-mocion-para-destituir-a-yoon\/#respond\"]}]},{\"@type\":\"WebPage\",\"@id\":\"https:\/\/www.sonoraenequipo.com.mx\/corea-del-sur-fracasa-la-mocion-para-destituir-a-yoon\/\",\"url\":\"https:\/\/www.sonoraenequipo.com.mx\/corea-del-sur-fracasa-la-mocion-para-destituir-a-yoon\/\",\"name\":\"Sonora en Equipo. COREA DEL SUR. Fracasa la moci\u00f3n para destituir a Yoon MUNDO\",\"isPartOf\":{\"@id\":\"https:\/\/www.sonoraenequipo.com.mx\/#website\"},\"primaryImageOfPage\":{\"@id\":\"https:\/\/www.sonoraenequipo.com.mx\/corea-del-sur-fracasa-la-mocion-para-destituir-a-yoon\/#primaryimage\"},\"image\":{\"@id\":\"https:\/\/www.sonoraenequipo.com.mx\/corea-del-sur-fracasa-la-mocion-para-destituir-a-yoon\/#primaryimage\"},\"thumbnailUrl\":\"https:\/\/www.sonoraenequipo.com.mx\/storage\/2024\/12\/yoon-suk-yeol.jpg\",\"datePublished\":\"2024-12-08T00:13:58+00:00\",\"description\":\"La moci\u00f3n para destituir al presidente de Corea del Sur, Yoon Suk-yeol, no sali\u00f3 adelante este s\u00e1bado (07.12.2024) en la Asamblea Nacional (Parlamento) En Sonora en Equipo publicamos toda la informaci\u00f3n de Sonora, M\u00e9xico y el Mundo de manera oportuna y busca que la libertad de expresi\u00f3n sea real. Visita nuestro medio informativo publicado desde Hermosillo, Sonora. %\",\"breadcrumb\":{\"@id\":\"https:\/\/www.sonoraenequipo.com.mx\/corea-del-sur-fracasa-la-mocion-para-destituir-a-yoon\/#breadcrumb\"},\"inLanguage\":\"es\",\"potentialAction\":[{\"@type\":\"ReadAction\",\"target\":[\"https:\/\/www.sonoraenequipo.com.mx\/corea-del-sur-fracasa-la-mocion-para-destituir-a-yoon\/\"]}]},{\"@type\":\"ImageObject\",\"inLanguage\":\"es\",\"@id\":\"https:\/\/www.sonoraenequipo.com.mx\/corea-del-sur-fracasa-la-mocion-para-destituir-a-yoon\/#primaryimage\",\"url\":\"https:\/\/www.sonoraenequipo.com.mx\/storage\/2024\/12\/yoon-suk-yeol.jpg\",\"contentUrl\":\"https:\/\/www.sonoraenequipo.com.mx\/storage\/2024\/12\/yoon-suk-yeol.jpg\",\"width\":600,\"height\":400,\"caption\":\"Yoon Suk Yeol\"},{\"@type\":\"BreadcrumbList\",\"@id\":\"https:\/\/www.sonoraenequipo.com.mx\/corea-del-sur-fracasa-la-mocion-para-destituir-a-yoon\/#breadcrumb\",\"itemListElement\":[{\"@type\":\"ListItem\",\"position\":1,\"name\":\"Portada\",\"item\":\"https:\/\/www.sonoraenequipo.com.mx\/\"},{\"@type\":\"ListItem\",\"position\":2,\"name\":\"COREA DEL SUR. Fracasa la moci\u00f3n para destituir a Yoon\"}]},{\"@type\":\"WebSite\",\"@id\":\"https:\/\/www.sonoraenequipo.com.mx\/#website\",\"url\":\"https:\/\/www.sonoraenequipo.com.mx\/\",\"name\":\"Sonora en Equipo.\",\"description\":\"Diario en l\u00ednea con Noticias desde Hermosillo, Sonora\",\"publisher\":{\"@id\":\"https:\/\/www.sonoraenequipo.com.mx\/#organization\"},\"potentialAction\":[{\"@type\":\"SearchAction\",\"target\":{\"@type\":\"EntryPoint\",\"urlTemplate\":\"https:\/\/www.sonoraenequipo.com.mx\/?s={search_term_string}\"},\"query-input\":{\"@type\":\"PropertyValueSpecification\",\"valueRequired\":true,\"valueName\":\"search_term_string\"}}],\"inLanguage\":\"es\"},{\"@type\":\"Organization\",\"@id\":\"https:\/\/www.sonoraenequipo.com.mx\/#organization\",\"name\":\"Sonoraenequipo.com.mx\",\"url\":\"https:\/\/www.sonoraenequipo.com.mx\/\",\"logo\":{\"@type\":\"ImageObject\",\"inLanguage\":\"es\",\"@id\":\"https:\/\/www.sonoraenequipo.com.mx\/#\/schema\/logo\/image\/\",\"url\":\"https:\/\/www.sonoraenequipo.com.mx\/storage\/2019\/01\/sonoraenequipo_opt.png\",\"contentUrl\":\"https:\/\/www.sonoraenequipo.com.mx\/storage\/2019\/01\/sonoraenequipo_opt.png\",\"width\":375,\"height\":125,\"caption\":\"Sonoraenequipo.com.mx\"},\"image\":{\"@id\":\"https:\/\/www.sonoraenequipo.com.mx\/#\/schema\/logo\/image\/\"},\"sameAs\":[\"https:\/\/www.facebook.com\/SonoraEE\/\",\"https:\/\/x.com\/sonoraenequipo\",\"https:\/\/www.youtube.com\/channel\/UC338nW-lPEYmJQs4ZABQ1SQ\"]},{\"@type\":\"Person\",\"@id\":\"https:\/\/www.sonoraenequipo.com.mx\/#\/schema\/person\/50102df0fb23a8fa9e8effad8fa81386\",\"name\":\"enequipo\",\"image\":{\"@type\":\"ImageObject\",\"inLanguage\":\"es\",\"@id\":\"https:\/\/www.sonoraenequipo.com.mx\/#\/schema\/person\/image\/\",\"url\":\"https:\/\/secure.gravatar.com\/avatar\/049821681b589dabc0bc20695993ccebb09f5b5d4d790cd9251b97faac7c652b?s=96&d=blank&r=g\",\"contentUrl\":\"https:\/\/secure.gravatar.com\/avatar\/049821681b589dabc0bc20695993ccebb09f5b5d4d790cd9251b97faac7c652b?s=96&d=blank&r=g\",\"caption\":\"enequipo\"},\"sameAs\":[\"https:\/\/www.facebook.com\/SonoraEE\"]}]}<\/script>\n ","yoast_head_json":{"title":"Sonora en Equipo. COREA DEL SUR. Fracasa la moci\u00f3n para destituir a Yoon MUNDO","description":"La moci\u00f3n para destituir al presidente de Corea del Sur, Yoon Suk-yeol, no sali\u00f3 adelante este s\u00e1bado (07.12.2024) en la Asamblea Nacional (Parlamento) En Sonora en Equipo publicamos toda la informaci\u00f3n de Sonora, M\u00e9xico y el Mundo de manera oportuna y busca que la libertad de expresi\u00f3n sea real. Visita nuestro medio informativo publicado desde Hermosillo, Sonora. %","robots":{"index":"index","follow":"follow","max-snippet":"max-snippet:-1","max-image-preview":"max-image-preview:large","max-video-preview":"max-video-preview:-1"},"canonical":"https:\/\/www.sonoraenequipo.com.mx\/corea-del-sur-fracasa-la-mocion-para-destituir-a-yoon\/","og_locale":"es_ES","og_type":"article","og_title":"Sonora en Equipo. COREA DEL SUR. Fracasa la moci\u00f3n para destituir a Yoon MUNDO","og_description":"La moci\u00f3n para destituir al presidente de Corea del Sur, Yoon Suk-yeol, no sali\u00f3 adelante este s\u00e1bado (07.12.2024) en la Asamblea Nacional (Parlamento) En Sonora en Equipo publicamos toda la informaci\u00f3n de Sonora, M\u00e9xico y el Mundo de manera oportuna y busca que la libertad de expresi\u00f3n sea real. Visita nuestro medio informativo publicado desde Hermosillo, Sonora. %","og_url":"https:\/\/www.sonoraenequipo.com.mx\/corea-del-sur-fracasa-la-mocion-para-destituir-a-yoon\/","og_site_name":"Sonora en Equipo.","article_publisher":"https:\/\/www.facebook.com\/SonoraEE\/","article_author":"https:\/\/www.facebook.com\/SonoraEE","article_published_time":"2024-12-08T00:13:58+00:00","og_image":[{"width":600,"height":400,"url":"https:\/\/www.sonoraenequipo.com.mx\/storage\/2024\/12\/yoon-suk-yeol.jpg","type":"image\/jpeg"}],"author":"enequipo","twitter_card":"summary_large_image","twitter_creator":"@sonoraenequipo","twitter_site":"@sonoraenequipo","twitter_misc":{"Escrito por":"enequipo","Tiempo de lectura":"3 minutos"},"schema":{"@context":"https:\/\/schema.org","@graph":[{"@type":"Article","@id":"https:\/\/www.sonoraenequipo.com.mx\/corea-del-sur-fracasa-la-mocion-para-destituir-a-yoon\/#article","isPartOf":{"@id":"https:\/\/www.sonoraenequipo.com.mx\/corea-del-sur-fracasa-la-mocion-para-destituir-a-yoon\/"},"author":{"name":"enequipo","@id":"https:\/\/www.sonoraenequipo.com.mx\/#\/schema\/person\/50102df0fb23a8fa9e8effad8fa81386"},"headline":"COREA DEL SUR. Fracasa la moci\u00f3n para destituir a Yoon","datePublished":"2024-12-08T00:13:58+00:00","mainEntityOfPage":{"@id":"https:\/\/www.sonoraenequipo.com.mx\/corea-del-sur-fracasa-la-mocion-para-destituir-a-yoon\/"},"wordCount":549,"commentCount":0,"publisher":{"@id":"https:\/\/www.sonoraenequipo.com.mx\/#organization"},"image":{"@id":"https:\/\/www.sonoraenequipo.com.mx\/corea-del-sur-fracasa-la-mocion-para-destituir-a-yoon\/#primaryimage"},"thumbnailUrl":"https:\/\/www.sonoraenequipo.com.mx\/storage\/2024\/12\/yoon-suk-yeol.jpg","keywords":["Corea del Sur"],"articleSection":["MUNDO"],"inLanguage":"es","potentialAction":[{"@type":"CommentAction","name":"Comment","target":["https:\/\/www.sonoraenequipo.com.mx\/corea-del-sur-fracasa-la-mocion-para-destituir-a-yoon\/#respond"]}]},{"@type":"WebPage","@id":"https:\/\/www.sonoraenequipo.com.mx\/corea-del-sur-fracasa-la-mocion-para-destituir-a-yoon\/","url":"https:\/\/www.sonoraenequipo.com.mx\/corea-del-sur-fracasa-la-mocion-para-destituir-a-yoon\/","name":"Sonora en Equipo. COREA DEL SUR. Fracasa la moci\u00f3n para destituir a Yoon MUNDO","isPartOf":{"@id":"https:\/\/www.sonoraenequipo.com.mx\/#website"},"primaryImageOfPage":{"@id":"https:\/\/www.sonoraenequipo.com.mx\/corea-del-sur-fracasa-la-mocion-para-destituir-a-yoon\/#primaryimage"},"image":{"@id":"https:\/\/www.sonoraenequipo.com.mx\/corea-del-sur-fracasa-la-mocion-para-destituir-a-yoon\/#primaryimage"},"thumbnailUrl":"https:\/\/www.sonoraenequipo.com.mx\/storage\/2024\/12\/yoon-suk-yeol.jpg","datePublished":"2024-12-08T00:13:58+00:00","description":"La moci\u00f3n para destituir al presidente de Corea del Sur, Yoon Suk-yeol, no sali\u00f3 adelante este s\u00e1bado (07.12.2024) en la Asamblea Nacional (Parlamento) En Sonora en Equipo publicamos toda la informaci\u00f3n de Sonora, M\u00e9xico y el Mundo de manera oportuna y busca que la libertad de expresi\u00f3n sea real. Visita nuestro medio informativo publicado desde Hermosillo, Sonora. %","breadcrumb":{"@id":"https:\/\/www.sonoraenequipo.com.mx\/corea-del-sur-fracasa-la-mocion-para-destituir-a-yoon\/#breadcrumb"},"inLanguage":"es","potentialAction":[{"@type":"ReadAction","target":["https:\/\/www.sonoraenequipo.com.mx\/corea-del-sur-fracasa-la-mocion-para-destituir-a-yoon\/"]}]},{"@type":"ImageObject","inLanguage":"es","@id":"https:\/\/www.sonoraenequipo.com.mx\/corea-del-sur-fracasa-la-mocion-para-destituir-a-yoon\/#primaryimage","url":"https:\/\/www.sonoraenequipo.com.mx\/storage\/2024\/12\/yoon-suk-yeol.jpg","contentUrl":"https:\/\/www.sonoraenequipo.com.mx\/storage\/2024\/12\/yoon-suk-yeol.jpg","width":600,"height":400,"caption":"Yoon Suk Yeol"},{"@type":"BreadcrumbList","@id":"https:\/\/www.sonoraenequipo.com.mx\/corea-del-sur-fracasa-la-mocion-para-destituir-a-yoon\/#breadcrumb","itemListElement":[{"@type":"ListItem","position":1,"name":"Portada","item":"https:\/\/www.sonoraenequipo.com.mx\/"},{"@type":"ListItem","position":2,"name":"COREA DEL SUR. Fracasa la moci\u00f3n para destituir a Yoon"}]},{"@type":"WebSite","@id":"https:\/\/www.sonoraenequipo.com.mx\/#website","url":"https:\/\/www.sonoraenequipo.com.mx\/","name":"Sonora en Equipo.","description":"Diario en l\u00ednea con Noticias desde Hermosillo, Sonora","publisher":{"@id":"https:\/\/www.sonoraenequipo.com.mx\/#organization"},"potentialAction":[{"@type":"SearchAction","target":{"@type":"EntryPoint","urlTemplate":"https:\/\/www.sonoraenequipo.com.mx\/?s={search_term_string}"},"query-input":{"@type":"PropertyValueSpecification","valueRequired":true,"valueName":"search_term_string"}}],"inLanguage":"es"},{"@type":"Organization","@id":"https:\/\/www.sonoraenequipo.com.mx\/#organization","name":"Sonoraenequipo.com.mx","url":"https:\/\/www.sonoraenequipo.com.mx\/","logo":{"@type":"ImageObject","inLanguage":"es","@id":"https:\/\/www.sonoraenequipo.com.mx\/#\/schema\/logo\/image\/","url":"https:\/\/www.sonoraenequipo.com.mx\/storage\/2019\/01\/sonoraenequipo_opt.png","contentUrl":"https:\/\/www.sonoraenequipo.com.mx\/storage\/2019\/01\/sonoraenequipo_opt.png","width":375,"height":125,"caption":"Sonoraenequipo.com.mx"},"image":{"@id":"https:\/\/www.sonoraenequipo.com.mx\/#\/schema\/logo\/image\/"},"sameAs":["https:\/\/www.facebook.com\/SonoraEE\/","https:\/\/x.com\/sonoraenequipo","https:\/\/www.youtube.com\/channel\/UC338nW-lPEYmJQs4ZABQ1SQ"]},{"@type":"Person","@id":"https:\/\/www.sonoraenequipo.com.mx\/#\/schema\/person\/50102df0fb23a8fa9e8effad8fa81386","name":"enequipo","image":{"@type":"ImageObject","inLanguage":"es","@id":"https:\/\/www.sonoraenequipo.com.mx\/#\/schema\/person\/image\/","url":"https:\/\/secure.gravatar.com\/avatar\/049821681b589dabc0bc20695993ccebb09f5b5d4d790cd9251b97faac7c652b?s=96&d=blank&r=g","contentUrl":"https:\/\/secure.gravatar.com\/avatar\/049821681b589dabc0bc20695993ccebb09f5b5d4d790cd9251b97faac7c652b?s=96&d=blank&r=g","caption":"enequipo"},"sameAs":["https:\/\/www.facebook.com\/SonoraEE"]}]}},"jetpack_featured_media_url":"https:\/\/www.sonoraenequipo.com.mx\/storage\/2024\/12\/yoon-suk-yeol.jpg","_links":{"self":[{"href":"https:\/\/www.sonoraenequipo.com.mx\/api\/wp\/v2\/posts\/205842","targetHints":{"allow":["GET"]}}],"collection":[{"href":"https:\/\/www.sonoraenequipo.com.mx\/api\/wp\/v2\/posts"}],"about":[{"href":"https:\/\/www.sonoraenequipo.com.mx\/api\/wp\/v2\/types\/post"}],"author":[{"embeddable":true,"href":"https:\/\/www.sonoraenequipo.com.mx\/api\/wp\/v2\/users\/1"}],"replies":[{"embeddable":true,"href":"https:\/\/www.sonoraenequipo.com.mx\/api\/wp\/v2\/comments?post=205842"}],"version-history":[{"count":1,"href":"https:\/\/www.sonoraenequipo.com.mx\/api\/wp\/v2\/posts\/205842\/revisions"}],"predecessor-version":[{"id":205844,"href":"https:\/\/www.sonoraenequipo.com.mx\/api\/wp\/v2\/posts\/205842\/revisions\/205844"}],"wp:featuredmedia":[{"embeddable":true,"href":"https:\/\/www.sonoraenequipo.com.mx\/api\/wp\/v2\/media\/205843"}],"wp:attachment":[{"href":"https:\/\/www.sonoraenequipo.com.mx\/api\/wp\/v2\/media?parent=205842"}],"wp:term":[{"taxonomy":"category","embeddable":true,"href":"https:\/\/www.sonoraenequipo.com.mx\/api\/wp\/v2\/categories?post=205842"},{"taxonomy":"post_tag","embeddable":true,"href":"https:\/\/www.sonoraenequipo.com.mx\/api\/wp\/v2\/tags?post=205842"}],"curies":[{"name":"wp","href":"https:\/\/api.w.org\/{rel}","templated":true}]}}