{"id":205867,"date":"2024-12-08T19:25:12","date_gmt":"2024-12-09T02:25:12","guid":{"rendered":"https:\/\/www.sonoraenequipo.com.mx\/?p=205867"},"modified":"2024-12-08T19:25:12","modified_gmt":"2024-12-09T02:25:12","slug":"gobierno-de-sonora-realiza-con-exito-la-feria-del-mar-en-alamos","status":"publish","type":"post","link":"https:\/\/www.sonoraenequipo.com.mx\/gobierno-de-sonora-realiza-con-exito-la-feria-del-mar-en-alamos\/","title":{"rendered":"Gobierno de Sonora realiza con \u00e9xito la \u201cFeria del Mar en \u00c1lamos\u201d"},"content":{"rendered":"<p><strong>\u00c1LAMOS, SONORA. MX. \u2014\u00a0<\/strong> Con la esperanza de que sea permanente y al menos dos veces por a\u00f1o se realiz\u00f3 con \u00e9xito la \u201cTercera Feria del Mar \u00c1lamos\u201d, donde participaron adem\u00e1s los acaldes de Quiriego y Rosario Tesopaco, quienes solicitaron que este evento se realice en sus municipios.<\/p>\n<p>&nbsp;<\/p>\n<p>&nbsp;<\/p>\n<p>&nbsp;<\/p>\n<p> <\/p>\n<p>El evento fue encabezado por el presidente municipal de \u00c1lamos, Samuel Borb\u00f3n Lara, quien agradeci\u00f3 la iniciativa y apoyo del Gobierno de Sonora, a trav\u00e9s de la Subsecretar\u00eda de Pesca y Acuacultura de la Secretar\u00eda de Agricultura, Ganader\u00eda, Recursos Hidr\u00e1ulicos, Pesca y Acuacultura (Sagarhpa).<\/p>\n<p>&nbsp;<\/p>\n<p>&nbsp;<\/p>\n<p>&nbsp;<\/p>\n<p>La primera feria se realiz\u00f3 en Hermosillo, la segunda en Nogales y la tercera en \u00c1lamos, donde asistieron decenas de personas de la regi\u00f3n, quienes degustaron platillos elaborados con especies del mar y de acuacultura.<\/p>\n<p>&nbsp;<\/p>\n<p>&nbsp;<\/p>\n<p>&nbsp;<\/p>\n<p>El alcalde Samuel Borb\u00f3n Lara, reconoci\u00f3 el esfuerzo de la Sagarhpa para promover a las cooperativas y de fomentar el consumo de pescado y mariscos como alimentos sanos y nutritivos, y solicit\u00f3 a la secretaria Celida L\u00f3pez C\u00e1rdenas que, debido al \u00e9xito de esta edici\u00f3n, este festival deber\u00eda realizarse de manera permanente en esta localidad.<\/p>\n<p>&nbsp;<\/p>\n<p>&nbsp;<\/p>\n<p>&nbsp;<\/p>\n<p>La petici\u00f3n del mun\u00edcipe fue secundada por los presidentes municipales de Quiriego, y Rosario Tesopaco, Fredi Renato Flores Campos y Gerardo Mend\u00edvil Valenzuela, respectivamente, quienes pidieron tambi\u00e9n que la \u201cFeria del Mar\u201d se efectu\u00e9 en sus municipios.<\/p>\n<p>&nbsp;<\/p>\n<p>&nbsp;<\/p>\n<p>&nbsp;<\/p>\n<p>En la degustaci\u00f3n y venta de mariscos y pescados se expusieron camar\u00f3n de bah\u00eda y de cultivo, sierra, tilapia, caracol, calamar, pulpo; adem\u00e1s de elaboraci\u00f3n de platillos innovadores como chorizo de sierra, empanadas de pescado, entre otros.<\/p>\n<p>&nbsp;<\/p>\n<p>&nbsp;<\/p>\n<p>Desd\u00e9mona Cota Valenzuela, subsecretaria de Pesca y Acuacultura, resalt\u00f3 la indicaci\u00f3n del gobernador Alfonso Durazo y de la secretaria Celida L\u00f3pez C\u00e1rdenas, de impulsar la producci\u00f3n de alimentos derivados de la pesca y la acuacultura para fortalecer el sistema alimentario y el valor agregado que dan a sus productos y promover e consumo de pescado y mariscos de los productores locales.<\/p>\n<p>&nbsp;<\/p>\n<p>&nbsp;<\/p>\n<p>&nbsp;<\/p>\n<p>A la tercera edici\u00f3n de la \u201cFeria del Mar en \u00c1lamos\u201d, tambi\u00e9n asistieron la diputada local por el Distrito 21, Claudia Zulema Bours Corral, la diputada federal por el 7 Distrito, Alma Manuela Higuera Esquer, adem\u00e1s de la subsecretaria de Promoci\u00f3n y Fomento Tur\u00edstico, Brenda Lizeth C\u00f3rdova B\u00fazani; la s\u00edndico, Sonia Margarita Urbalejo Mu\u00f1oz y el secretario del Ayuntamiento, Rosario Corrales Palafox, entre otros.<\/p>\n<p>&nbsp;<\/p>\n<p>&nbsp;<\/p>\n<p>PUBLICADO EL 08 DE DICIEMBRE DE 2024 Con informaci\u00f3n de GOBSON 1224\/049)<\/p>\n","protected":false},"excerpt":{"rendered":"<p>\u00c1LAMOS, SONORA. MX. \u2014\u00a0 Con la esperanza de que sea permanente y al menos dos&#8230;<\/p>\n","protected":false},"author":1,"featured_media":205868,"comment_status":"open","ping_status":"open","sticky":false,"template":"","format":"standard","meta":{"_monsterinsights_skip_tracking":false,"_monsterinsights_sitenote_active":false,"_monsterinsights_sitenote_note":"","_monsterinsights_sitenote_category":0,"footnotes":""},"categories":[22],"tags":[],"class_list":["post"],"yoast_head":" \n<title>Sonora en Equipo. Gobierno de Sonora realiza con \u00e9xito la \u201cFeria del Mar en \u00c1lamos\u201d Sonora<\/title>\n<meta name=\"description\" content=\"\u00c1LAMOS, SONORA. MX. \u2014\u00a0 Con la esperanza de que sea permanente y al menos dos veces por a\u00f1o se realiz\u00f3 con \u00e9xito la \u201cTercera Feria del Mar \u00c1lamos\u201d, donde En Sonora en Equipo publicamos toda la informaci\u00f3n de Sonora, M\u00e9xico y el Mundo de manera oportuna y busca que la libertad de expresi\u00f3n sea real. Visita nuestro medio informativo publicado desde Hermosillo, Sonora. %\" \/>\n<meta name=\"robots\" content=\"index, follow, max-snippet:-1, max-image-preview:large, max-video-preview:-1\" \/>\n<link rel=\"canonical\" href=\"https:\/\/www.sonoraenequipo.com.mx\/gobierno-de-sonora-realiza-con-exito-la-feria-del-mar-en-alamos\/\" \/>\n<meta property=\"og:locale\" content=\"es_ES\" \/>\n<meta property=\"og:type\" content=\"article\" \/>\n<meta property=\"og:title\" content=\"Sonora en Equipo. Gobierno de Sonora realiza con \u00e9xito la \u201cFeria del Mar en \u00c1lamos\u201d Sonora\" \/>\n<meta property=\"og:description\" content=\"\u00c1LAMOS, SONORA. MX. \u2014\u00a0 Con la esperanza de que sea permanente y al menos dos veces por a\u00f1o se realiz\u00f3 con \u00e9xito la \u201cTercera Feria del Mar \u00c1lamos\u201d, donde En Sonora en Equipo publicamos toda la informaci\u00f3n de Sonora, M\u00e9xico y el Mundo de manera oportuna y busca que la libertad de expresi\u00f3n sea real. Visita nuestro medio informativo publicado desde Hermosillo, Sonora. %\" \/>\n<meta property=\"og:url\" content=\"https:\/\/www.sonoraenequipo.com.mx\/gobierno-de-sonora-realiza-con-exito-la-feria-del-mar-en-alamos\/\" \/>\n<meta property=\"og:site_name\" content=\"Sonora en Equipo.\" \/>\n<meta property=\"article:publisher\" content=\"https:\/\/www.facebook.com\/SonoraEE\/\" \/>\n<meta property=\"article:author\" content=\"https:\/\/www.facebook.com\/SonoraEE\" \/>\n<meta property=\"article:published_time\" content=\"2024-12-09T02:25:12+00:00\" \/>\n<meta property=\"og:image\" content=\"https:\/\/www.sonoraenequipo.com.mx\/storage\/2024\/12\/Feria-del-Mar-en-Alamos.jpg-min.jpg\" \/>\n\t<meta property=\"og:image:width\" content=\"1200\" \/>\n\t<meta property=\"og:image:height\" content=\"800\" \/>\n\t<meta property=\"og:image:type\" content=\"image\/jpeg\" \/>\n<meta name=\"author\" content=\"enequipo\" \/>\n<meta name=\"twitter:card\" content=\"summary_large_image\" \/>\n<meta name=\"twitter:creator\" content=\"@sonoraenequipo\" \/>\n<meta name=\"twitter:site\" content=\"@sonoraenequipo\" \/>\n<meta name=\"twitter:label1\" content=\"Escrito por\" \/>\n\t<meta name=\"twitter:data1\" content=\"enequipo\" \/>\n\t<meta name=\"twitter:label2\" content=\"Tiempo de lectura\" \/>\n\t<meta name=\"twitter:data2\" content=\"2 minutos\" \/>\n<script type=\"application\/ld+json\" class=\"yoast-schema-graph\">{\"@context\":\"https:\/\/schema.org\",\"@graph\":[{\"@type\":\"Article\",\"@id\":\"https:\/\/www.sonoraenequipo.com.mx\/gobierno-de-sonora-realiza-con-exito-la-feria-del-mar-en-alamos\/#article\",\"isPartOf\":{\"@id\":\"https:\/\/www.sonoraenequipo.com.mx\/gobierno-de-sonora-realiza-con-exito-la-feria-del-mar-en-alamos\/\"},\"author\":{\"name\":\"enequipo\",\"@id\":\"https:\/\/www.sonoraenequipo.com.mx\/#\/schema\/person\/50102df0fb23a8fa9e8effad8fa81386\"},\"headline\":\"Gobierno de Sonora realiza con \u00e9xito la \u201cFeria del Mar en \u00c1lamos\u201d\",\"datePublished\":\"2024-12-09T02:25:12+00:00\",\"mainEntityOfPage\":{\"@id\":\"https:\/\/www.sonoraenequipo.com.mx\/gobierno-de-sonora-realiza-con-exito-la-feria-del-mar-en-alamos\/\"},\"wordCount\":459,\"commentCount\":0,\"publisher\":{\"@id\":\"https:\/\/www.sonoraenequipo.com.mx\/#organization\"},\"image\":{\"@id\":\"https:\/\/www.sonoraenequipo.com.mx\/gobierno-de-sonora-realiza-con-exito-la-feria-del-mar-en-alamos\/#primaryimage\"},\"thumbnailUrl\":\"https:\/\/www.sonoraenequipo.com.mx\/storage\/2024\/12\/Feria-del-Mar-en-Alamos.jpg-min.jpg\",\"articleSection\":[\"Sonora\"],\"inLanguage\":\"es\",\"potentialAction\":[{\"@type\":\"CommentAction\",\"name\":\"Comment\",\"target\":[\"https:\/\/www.sonoraenequipo.com.mx\/gobierno-de-sonora-realiza-con-exito-la-feria-del-mar-en-alamos\/#respond\"]}]},{\"@type\":\"WebPage\",\"@id\":\"https:\/\/www.sonoraenequipo.com.mx\/gobierno-de-sonora-realiza-con-exito-la-feria-del-mar-en-alamos\/\",\"url\":\"https:\/\/www.sonoraenequipo.com.mx\/gobierno-de-sonora-realiza-con-exito-la-feria-del-mar-en-alamos\/\",\"name\":\"Sonora en Equipo. Gobierno de Sonora realiza con \u00e9xito la \u201cFeria del Mar en \u00c1lamos\u201d Sonora\",\"isPartOf\":{\"@id\":\"https:\/\/www.sonoraenequipo.com.mx\/#website\"},\"primaryImageOfPage\":{\"@id\":\"https:\/\/www.sonoraenequipo.com.mx\/gobierno-de-sonora-realiza-con-exito-la-feria-del-mar-en-alamos\/#primaryimage\"},\"image\":{\"@id\":\"https:\/\/www.sonoraenequipo.com.mx\/gobierno-de-sonora-realiza-con-exito-la-feria-del-mar-en-alamos\/#primaryimage\"},\"thumbnailUrl\":\"https:\/\/www.sonoraenequipo.com.mx\/storage\/2024\/12\/Feria-del-Mar-en-Alamos.jpg-min.jpg\",\"datePublished\":\"2024-12-09T02:25:12+00:00\",\"description\":\"\u00c1LAMOS, SONORA. MX. \u2014\u00a0 Con la esperanza de que sea permanente y al menos dos veces por a\u00f1o se realiz\u00f3 con \u00e9xito la \u201cTercera Feria del Mar \u00c1lamos\u201d, donde En Sonora en Equipo publicamos toda la informaci\u00f3n de Sonora, M\u00e9xico y el Mundo de manera oportuna y busca que la libertad de expresi\u00f3n sea real. Visita nuestro medio informativo publicado desde Hermosillo, Sonora. %\",\"breadcrumb\":{\"@id\":\"https:\/\/www.sonoraenequipo.com.mx\/gobierno-de-sonora-realiza-con-exito-la-feria-del-mar-en-alamos\/#breadcrumb\"},\"inLanguage\":\"es\",\"potentialAction\":[{\"@type\":\"ReadAction\",\"target\":[\"https:\/\/www.sonoraenequipo.com.mx\/gobierno-de-sonora-realiza-con-exito-la-feria-del-mar-en-alamos\/\"]}]},{\"@type\":\"ImageObject\",\"inLanguage\":\"es\",\"@id\":\"https:\/\/www.sonoraenequipo.com.mx\/gobierno-de-sonora-realiza-con-exito-la-feria-del-mar-en-alamos\/#primaryimage\",\"url\":\"https:\/\/www.sonoraenequipo.com.mx\/storage\/2024\/12\/Feria-del-Mar-en-Alamos.jpg-min.jpg\",\"contentUrl\":\"https:\/\/www.sonoraenequipo.com.mx\/storage\/2024\/12\/Feria-del-Mar-en-Alamos.jpg-min.jpg\",\"width\":1200,\"height\":800},{\"@type\":\"BreadcrumbList\",\"@id\":\"https:\/\/www.sonoraenequipo.com.mx\/gobierno-de-sonora-realiza-con-exito-la-feria-del-mar-en-alamos\/#breadcrumb\",\"itemListElement\":[{\"@type\":\"ListItem\",\"position\":1,\"name\":\"Portada\",\"item\":\"https:\/\/www.sonoraenequipo.com.mx\/\"},{\"@type\":\"ListItem\",\"position\":2,\"name\":\"Gobierno de Sonora realiza con \u00e9xito la \u201cFeria del Mar en \u00c1lamos\u201d\"}]},{\"@type\":\"WebSite\",\"@id\":\"https:\/\/www.sonoraenequipo.com.mx\/#website\",\"url\":\"https:\/\/www.sonoraenequipo.com.mx\/\",\"name\":\"Sonora en Equipo.\",\"description\":\"Diario en l\u00ednea con Noticias desde Hermosillo, Sonora\",\"publisher\":{\"@id\":\"https:\/\/www.sonoraenequipo.com.mx\/#organization\"},\"potentialAction\":[{\"@type\":\"SearchAction\",\"target\":{\"@type\":\"EntryPoint\",\"urlTemplate\":\"https:\/\/www.sonoraenequipo.com.mx\/?s={search_term_string}\"},\"query-input\":{\"@type\":\"PropertyValueSpecification\",\"valueRequired\":true,\"valueName\":\"search_term_string\"}}],\"inLanguage\":\"es\"},{\"@type\":\"Organization\",\"@id\":\"https:\/\/www.sonoraenequipo.com.mx\/#organization\",\"name\":\"Sonoraenequipo.com.mx\",\"url\":\"https:\/\/www.sonoraenequipo.com.mx\/\",\"logo\":{\"@type\":\"ImageObject\",\"inLanguage\":\"es\",\"@id\":\"https:\/\/www.sonoraenequipo.com.mx\/#\/schema\/logo\/image\/\",\"url\":\"https:\/\/www.sonoraenequipo.com.mx\/storage\/2019\/01\/sonoraenequipo_opt.png\",\"contentUrl\":\"https:\/\/www.sonoraenequipo.com.mx\/storage\/2019\/01\/sonoraenequipo_opt.png\",\"width\":375,\"height\":125,\"caption\":\"Sonoraenequipo.com.mx\"},\"image\":{\"@id\":\"https:\/\/www.sonoraenequipo.com.mx\/#\/schema\/logo\/image\/\"},\"sameAs\":[\"https:\/\/www.facebook.com\/SonoraEE\/\",\"https:\/\/x.com\/sonoraenequipo\",\"https:\/\/www.youtube.com\/channel\/UC338nW-lPEYmJQs4ZABQ1SQ\"]},{\"@type\":\"Person\",\"@id\":\"https:\/\/www.sonoraenequipo.com.mx\/#\/schema\/person\/50102df0fb23a8fa9e8effad8fa81386\",\"name\":\"enequipo\",\"image\":{\"@type\":\"ImageObject\",\"inLanguage\":\"es\",\"@id\":\"https:\/\/www.sonoraenequipo.com.mx\/#\/schema\/person\/image\/\",\"url\":\"https:\/\/secure.gravatar.com\/avatar\/049821681b589dabc0bc20695993ccebb09f5b5d4d790cd9251b97faac7c652b?s=96&d=blank&r=g\",\"contentUrl\":\"https:\/\/secure.gravatar.com\/avatar\/049821681b589dabc0bc20695993ccebb09f5b5d4d790cd9251b97faac7c652b?s=96&d=blank&r=g\",\"caption\":\"enequipo\"},\"sameAs\":[\"https:\/\/www.facebook.com\/SonoraEE\"]}]}<\/script>\n ","yoast_head_json":{"title":"Sonora en Equipo. Gobierno de Sonora realiza con \u00e9xito la \u201cFeria del Mar en \u00c1lamos\u201d Sonora","description":"\u00c1LAMOS, SONORA. MX. \u2014\u00a0 Con la esperanza de que sea permanente y al menos dos veces por a\u00f1o se realiz\u00f3 con \u00e9xito la \u201cTercera Feria del Mar \u00c1lamos\u201d, donde En Sonora en Equipo publicamos toda la informaci\u00f3n de Sonora, M\u00e9xico y el Mundo de manera oportuna y busca que la libertad de expresi\u00f3n sea real. Visita nuestro medio informativo publicado desde Hermosillo, Sonora. %","robots":{"index":"index","follow":"follow","max-snippet":"max-snippet:-1","max-image-preview":"max-image-preview:large","max-video-preview":"max-video-preview:-1"},"canonical":"https:\/\/www.sonoraenequipo.com.mx\/gobierno-de-sonora-realiza-con-exito-la-feria-del-mar-en-alamos\/","og_locale":"es_ES","og_type":"article","og_title":"Sonora en Equipo. Gobierno de Sonora realiza con \u00e9xito la \u201cFeria del Mar en \u00c1lamos\u201d Sonora","og_description":"\u00c1LAMOS, SONORA. MX. \u2014\u00a0 Con la esperanza de que sea permanente y al menos dos veces por a\u00f1o se realiz\u00f3 con \u00e9xito la \u201cTercera Feria del Mar \u00c1lamos\u201d, donde En Sonora en Equipo publicamos toda la informaci\u00f3n de Sonora, M\u00e9xico y el Mundo de manera oportuna y busca que la libertad de expresi\u00f3n sea real. Visita nuestro medio informativo publicado desde Hermosillo, Sonora. %","og_url":"https:\/\/www.sonoraenequipo.com.mx\/gobierno-de-sonora-realiza-con-exito-la-feria-del-mar-en-alamos\/","og_site_name":"Sonora en Equipo.","article_publisher":"https:\/\/www.facebook.com\/SonoraEE\/","article_author":"https:\/\/www.facebook.com\/SonoraEE","article_published_time":"2024-12-09T02:25:12+00:00","og_image":[{"width":1200,"height":800,"url":"https:\/\/www.sonoraenequipo.com.mx\/storage\/2024\/12\/Feria-del-Mar-en-Alamos.jpg-min.jpg","type":"image\/jpeg"}],"author":"enequipo","twitter_card":"summary_large_image","twitter_creator":"@sonoraenequipo","twitter_site":"@sonoraenequipo","twitter_misc":{"Escrito por":"enequipo","Tiempo de lectura":"2 minutos"},"schema":{"@context":"https:\/\/schema.org","@graph":[{"@type":"Article","@id":"https:\/\/www.sonoraenequipo.com.mx\/gobierno-de-sonora-realiza-con-exito-la-feria-del-mar-en-alamos\/#article","isPartOf":{"@id":"https:\/\/www.sonoraenequipo.com.mx\/gobierno-de-sonora-realiza-con-exito-la-feria-del-mar-en-alamos\/"},"author":{"name":"enequipo","@id":"https:\/\/www.sonoraenequipo.com.mx\/#\/schema\/person\/50102df0fb23a8fa9e8effad8fa81386"},"headline":"Gobierno de Sonora realiza con \u00e9xito la \u201cFeria del Mar en \u00c1lamos\u201d","datePublished":"2024-12-09T02:25:12+00:00","mainEntityOfPage":{"@id":"https:\/\/www.sonoraenequipo.com.mx\/gobierno-de-sonora-realiza-con-exito-la-feria-del-mar-en-alamos\/"},"wordCount":459,"commentCount":0,"publisher":{"@id":"https:\/\/www.sonoraenequipo.com.mx\/#organization"},"image":{"@id":"https:\/\/www.sonoraenequipo.com.mx\/gobierno-de-sonora-realiza-con-exito-la-feria-del-mar-en-alamos\/#primaryimage"},"thumbnailUrl":"https:\/\/www.sonoraenequipo.com.mx\/storage\/2024\/12\/Feria-del-Mar-en-Alamos.jpg-min.jpg","articleSection":["Sonora"],"inLanguage":"es","potentialAction":[{"@type":"CommentAction","name":"Comment","target":["https:\/\/www.sonoraenequipo.com.mx\/gobierno-de-sonora-realiza-con-exito-la-feria-del-mar-en-alamos\/#respond"]}]},{"@type":"WebPage","@id":"https:\/\/www.sonoraenequipo.com.mx\/gobierno-de-sonora-realiza-con-exito-la-feria-del-mar-en-alamos\/","url":"https:\/\/www.sonoraenequipo.com.mx\/gobierno-de-sonora-realiza-con-exito-la-feria-del-mar-en-alamos\/","name":"Sonora en Equipo. Gobierno de Sonora realiza con \u00e9xito la \u201cFeria del Mar en \u00c1lamos\u201d Sonora","isPartOf":{"@id":"https:\/\/www.sonoraenequipo.com.mx\/#website"},"primaryImageOfPage":{"@id":"https:\/\/www.sonoraenequipo.com.mx\/gobierno-de-sonora-realiza-con-exito-la-feria-del-mar-en-alamos\/#primaryimage"},"image":{"@id":"https:\/\/www.sonoraenequipo.com.mx\/gobierno-de-sonora-realiza-con-exito-la-feria-del-mar-en-alamos\/#primaryimage"},"thumbnailUrl":"https:\/\/www.sonoraenequipo.com.mx\/storage\/2024\/12\/Feria-del-Mar-en-Alamos.jpg-min.jpg","datePublished":"2024-12-09T02:25:12+00:00","description":"\u00c1LAMOS, SONORA. MX. \u2014\u00a0 Con la esperanza de que sea permanente y al menos dos veces por a\u00f1o se realiz\u00f3 con \u00e9xito la \u201cTercera Feria del Mar \u00c1lamos\u201d, donde En Sonora en Equipo publicamos toda la informaci\u00f3n de Sonora, M\u00e9xico y el Mundo de manera oportuna y busca que la libertad de expresi\u00f3n sea real. Visita nuestro medio informativo publicado desde Hermosillo, Sonora. %","breadcrumb":{"@id":"https:\/\/www.sonoraenequipo.com.mx\/gobierno-de-sonora-realiza-con-exito-la-feria-del-mar-en-alamos\/#breadcrumb"},"inLanguage":"es","potentialAction":[{"@type":"ReadAction","target":["https:\/\/www.sonoraenequipo.com.mx\/gobierno-de-sonora-realiza-con-exito-la-feria-del-mar-en-alamos\/"]}]},{"@type":"ImageObject","inLanguage":"es","@id":"https:\/\/www.sonoraenequipo.com.mx\/gobierno-de-sonora-realiza-con-exito-la-feria-del-mar-en-alamos\/#primaryimage","url":"https:\/\/www.sonoraenequipo.com.mx\/storage\/2024\/12\/Feria-del-Mar-en-Alamos.jpg-min.jpg","contentUrl":"https:\/\/www.sonoraenequipo.com.mx\/storage\/2024\/12\/Feria-del-Mar-en-Alamos.jpg-min.jpg","width":1200,"height":800},{"@type":"BreadcrumbList","@id":"https:\/\/www.sonoraenequipo.com.mx\/gobierno-de-sonora-realiza-con-exito-la-feria-del-mar-en-alamos\/#breadcrumb","itemListElement":[{"@type":"ListItem","position":1,"name":"Portada","item":"https:\/\/www.sonoraenequipo.com.mx\/"},{"@type":"ListItem","position":2,"name":"Gobierno de Sonora realiza con \u00e9xito la \u201cFeria del Mar en \u00c1lamos\u201d"}]},{"@type":"WebSite","@id":"https:\/\/www.sonoraenequipo.com.mx\/#website","url":"https:\/\/www.sonoraenequipo.com.mx\/","name":"Sonora en Equipo.","description":"Diario en l\u00ednea con Noticias desde Hermosillo, Sonora","publisher":{"@id":"https:\/\/www.sonoraenequipo.com.mx\/#organization"},"potentialAction":[{"@type":"SearchAction","target":{"@type":"EntryPoint","urlTemplate":"https:\/\/www.sonoraenequipo.com.mx\/?s={search_term_string}"},"query-input":{"@type":"PropertyValueSpecification","valueRequired":true,"valueName":"search_term_string"}}],"inLanguage":"es"},{"@type":"Organization","@id":"https:\/\/www.sonoraenequipo.com.mx\/#organization","name":"Sonoraenequipo.com.mx","url":"https:\/\/www.sonoraenequipo.com.mx\/","logo":{"@type":"ImageObject","inLanguage":"es","@id":"https:\/\/www.sonoraenequipo.com.mx\/#\/schema\/logo\/image\/","url":"https:\/\/www.sonoraenequipo.com.mx\/storage\/2019\/01\/sonoraenequipo_opt.png","contentUrl":"https:\/\/www.sonoraenequipo.com.mx\/storage\/2019\/01\/sonoraenequipo_opt.png","width":375,"height":125,"caption":"Sonoraenequipo.com.mx"},"image":{"@id":"https:\/\/www.sonoraenequipo.com.mx\/#\/schema\/logo\/image\/"},"sameAs":["https:\/\/www.facebook.com\/SonoraEE\/","https:\/\/x.com\/sonoraenequipo","https:\/\/www.youtube.com\/channel\/UC338nW-lPEYmJQs4ZABQ1SQ"]},{"@type":"Person","@id":"https:\/\/www.sonoraenequipo.com.mx\/#\/schema\/person\/50102df0fb23a8fa9e8effad8fa81386","name":"enequipo","image":{"@type":"ImageObject","inLanguage":"es","@id":"https:\/\/www.sonoraenequipo.com.mx\/#\/schema\/person\/image\/","url":"https:\/\/secure.gravatar.com\/avatar\/049821681b589dabc0bc20695993ccebb09f5b5d4d790cd9251b97faac7c652b?s=96&d=blank&r=g","contentUrl":"https:\/\/secure.gravatar.com\/avatar\/049821681b589dabc0bc20695993ccebb09f5b5d4d790cd9251b97faac7c652b?s=96&d=blank&r=g","caption":"enequipo"},"sameAs":["https:\/\/www.facebook.com\/SonoraEE"]}]}},"jetpack_featured_media_url":"https:\/\/www.sonoraenequipo.com.mx\/storage\/2024\/12\/Feria-del-Mar-en-Alamos.jpg-min.jpg","_links":{"self":[{"href":"https:\/\/www.sonoraenequipo.com.mx\/api\/wp\/v2\/posts\/205867","targetHints":{"allow":["GET"]}}],"collection":[{"href":"https:\/\/www.sonoraenequipo.com.mx\/api\/wp\/v2\/posts"}],"about":[{"href":"https:\/\/www.sonoraenequipo.com.mx\/api\/wp\/v2\/types\/post"}],"author":[{"embeddable":true,"href":"https:\/\/www.sonoraenequipo.com.mx\/api\/wp\/v2\/users\/1"}],"replies":[{"embeddable":true,"href":"https:\/\/www.sonoraenequipo.com.mx\/api\/wp\/v2\/comments?post=205867"}],"version-history":[{"count":1,"href":"https:\/\/www.sonoraenequipo.com.mx\/api\/wp\/v2\/posts\/205867\/revisions"}],"predecessor-version":[{"id":205870,"href":"https:\/\/www.sonoraenequipo.com.mx\/api\/wp\/v2\/posts\/205867\/revisions\/205870"}],"wp:featuredmedia":[{"embeddable":true,"href":"https:\/\/www.sonoraenequipo.com.mx\/api\/wp\/v2\/media\/205868"}],"wp:attachment":[{"href":"https:\/\/www.sonoraenequipo.com.mx\/api\/wp\/v2\/media?parent=205867"}],"wp:term":[{"taxonomy":"category","embeddable":true,"href":"https:\/\/www.sonoraenequipo.com.mx\/api\/wp\/v2\/categories?post=205867"},{"taxonomy":"post_tag","embeddable":true,"href":"https:\/\/www.sonoraenequipo.com.mx\/api\/wp\/v2\/tags?post=205867"}],"curies":[{"name":"wp","href":"https:\/\/api.w.org\/{rel}","templated":true}]}}