{"id":205887,"date":"2024-12-08T20:32:51","date_gmt":"2024-12-09T03:32:51","guid":{"rendered":"https:\/\/www.sonoraenequipo.com.mx\/?p=205887"},"modified":"2024-12-09T12:15:48","modified_gmt":"2024-12-09T19:15:48","slug":"trump-reafirma-promesa-de-deportaciones-y-aranceles","status":"publish","type":"post","link":"https:\/\/www.sonoraenequipo.com.mx\/trump-reafirma-promesa-de-deportaciones-y-aranceles\/","title":{"rendered":"Trump reafirma promesa de deportaciones y aranceles"},"content":{"rendered":"<p><strong>ESTADOS UNIDOS.<\/strong> \u2014 El presidente electo de Estados Unidos, Donald Trump, expuso sus principales objetivos de gobierno en una entrevista con la periodista Kristen Welker, transmitida en el programa Meet the Press de NBC.<\/p>\n<p>&nbsp;<\/p>\n<p>&nbsp;<\/p>\n<p>&nbsp;<\/p>\n<p>&nbsp;<\/p>\n<p> <\/p>\n<p>A semanas de asumir la presidencia, Trump reiter\u00f3 sus propuestas sobre migraci\u00f3n, comercio y alianzas internacionales, delineando el rumbo que tomar\u00e1 su administraci\u00f3n.<\/p>\n<p>&nbsp;<\/p>\n<p>&nbsp;<\/p>\n<h3>Deportaciones y cambio en ciudadan\u00eda por nacimiento<\/h3>\n<p>&nbsp;<\/p>\n<p>Trump declar\u00f3 que su prioridad ser\u00e1 endurecer las pol\u00edticas migratorias. Reafirm\u00f3 su intenci\u00f3n de deportar a los migrantes que residen ilegalmente en el pa\u00eds y de eliminar el derecho a la ciudadan\u00eda para los nacidos en Estados Unidos de padres indocumentados.<\/p>\n<p>&nbsp;<\/p>\n<p>&nbsp;<\/p>\n<p><em><strong>\u201cCreo que hay que hacerlo. Es algo muy dif\u00edcil de hacer, pero hay que tener normas, reglamentos, leyes. Entraron ilegalmente\u201d,<\/strong><\/em> sostuvo el mandatario electo.<\/p>\n<p>&nbsp;<\/p>\n<p>El republicano consider\u00f3 que modificar este derecho constitucional, al que calific\u00f3 de \u201crid\u00edculo\u201d, podr\u00eda lograrse mediante una acci\u00f3n ejecutiva o un refer\u00e9ndum, sin embargo, adopt\u00f3 un tono m\u00e1s moderado hacia los beneficiarios del programa DACA, conocidos como \u201cdreamers\u201d, indicando que podr\u00edan permanecer en el pa\u00eds.<\/p>\n<p>&nbsp;<\/p>\n<h3><\/h3>\n<h3>Aranceles y postura comercial de Trump<\/h3>\n<p>&nbsp;<\/p>\n<p>En materia econ\u00f3mica, Trump asegur\u00f3 que Estados Unidos dejar\u00e1 de \u201csubsidiar\u201d a pa\u00edses como M\u00e9xico y Canad\u00e1, destacando su plan de aumentar aranceles a estos socios comerciales.<\/p>\n<p>&nbsp;<\/p>\n<p>&nbsp;<\/p>\n<p>&nbsp;<\/p>\n<p>Argument\u00f3 que esta estrategia fortalecer\u00e1 la econom\u00eda nacional, aunque admiti\u00f3 que no puede garantizar que no impacte en los precios al consumidor.<\/p>\n<p>&nbsp;<\/p>\n<p>&nbsp;<\/p>\n<p><em><strong>\u201cSoy un gran creyente en los aranceles\u201d<\/strong><\/em>, enfatiz\u00f3, al describirlos como una herramienta eficaz para promover intereses econ\u00f3micos y pol\u00edticos.<\/p>\n<p>&nbsp;<\/p>\n<p>&nbsp;<\/p>\n<h3>Futuro de la OTAN y otros compromisos internacionales<\/h3>\n<p>&nbsp;<\/p>\n<p>Trump abord\u00f3 la posibilidad de que Estados Unidos abandone la Organizaci\u00f3n del Tratado del Atl\u00e1ntico Norte (OTAN) si los miembros no cumplen con sus aportaciones econ\u00f3micas.<\/p>\n<p>&nbsp;<\/p>\n<p>&nbsp;<\/p>\n<p>\u201cSi est\u00e1n pagando sus cuentas, y si creo que nos est\u00e1n tratando de manera justa, la respuesta es absolutamente que me quedar\u00eda en la OTAN\u201d, se\u00f1al\u00f3.<\/p>\n<p>&nbsp;<\/p>\n<p>&nbsp;<\/p>\n<p>Adem\u00e1s, expres\u00f3 su intenci\u00f3n de reducir el apoyo militar y financiero a Ucrania, argumentando que revisar\u00e1 los compromisos internacionales de su pa\u00eds.<\/p>\n<p>&nbsp;<\/p>\n<p>&nbsp;<\/p>\n<p>Esta entrevista, realizada semanas antes de su toma de posesi\u00f3n el pr\u00f3ximo 20 de enero, subraya la visi\u00f3n de Trump para reformar pol\u00edticas clave y redefinir la posici\u00f3n de Estados Unidos en el escenario global.<\/p>\n<p>&nbsp;<\/p>\n<p>&nbsp;<\/p>\n<p>PUBLICADO EL 08 DE DICIEMBRE DE 2024 Con informaci\u00f3n de AFP)<\/p>\n","protected":false},"excerpt":{"rendered":"<p>ESTADOS UNIDOS. \u2014 El presidente electo de Estados Unidos, Donald Trump, expuso sus principales objetivos&#8230;<\/p>\n","protected":false},"author":1,"featured_media":205888,"comment_status":"open","ping_status":"open","sticky":false,"template":"","format":"standard","meta":{"_monsterinsights_skip_tracking":false,"_monsterinsights_sitenote_active":false,"_monsterinsights_sitenote_note":"","_monsterinsights_sitenote_category":0,"footnotes":""},"categories":[3],"tags":[],"class_list":["post"],"yoast_head":" \n<title>Sonora en Equipo. Trump reafirma promesa de deportaciones y aranceles MUNDO<\/title>\n<meta name=\"description\" content=\"ESTADOS UNIDOS. \u2014 El presidente electo de Estados Unidos, Donald Trump, expuso sus principales objetivos de gobierno en una entrevista con la periodista En Sonora en Equipo publicamos toda la informaci\u00f3n de Sonora, M\u00e9xico y el Mundo de manera oportuna y busca que la libertad de expresi\u00f3n sea real. Visita nuestro medio informativo publicado desde Hermosillo, Sonora. %\" \/>\n<meta name=\"robots\" content=\"index, follow, max-snippet:-1, max-image-preview:large, max-video-preview:-1\" \/>\n<link rel=\"canonical\" href=\"https:\/\/www.sonoraenequipo.com.mx\/trump-reafirma-promesa-de-deportaciones-y-aranceles\/\" \/>\n<meta property=\"og:locale\" content=\"es_ES\" \/>\n<meta property=\"og:type\" content=\"article\" \/>\n<meta property=\"og:title\" content=\"Sonora en Equipo. Trump reafirma promesa de deportaciones y aranceles MUNDO\" \/>\n<meta property=\"og:description\" content=\"ESTADOS UNIDOS. \u2014 El presidente electo de Estados Unidos, Donald Trump, expuso sus principales objetivos de gobierno en una entrevista con la periodista En Sonora en Equipo publicamos toda la informaci\u00f3n de Sonora, M\u00e9xico y el Mundo de manera oportuna y busca que la libertad de expresi\u00f3n sea real. Visita nuestro medio informativo publicado desde Hermosillo, Sonora. %\" \/>\n<meta property=\"og:url\" content=\"https:\/\/www.sonoraenequipo.com.mx\/trump-reafirma-promesa-de-deportaciones-y-aranceles\/\" \/>\n<meta property=\"og:site_name\" content=\"Sonora en Equipo.\" \/>\n<meta property=\"article:publisher\" content=\"https:\/\/www.facebook.com\/SonoraEE\/\" \/>\n<meta property=\"article:author\" content=\"https:\/\/www.facebook.com\/SonoraEE\" \/>\n<meta property=\"article:published_time\" content=\"2024-12-09T03:32:51+00:00\" \/>\n<meta property=\"article:modified_time\" content=\"2024-12-09T19:15:48+00:00\" \/>\n<meta property=\"og:image\" content=\"https:\/\/www.sonoraenequipo.com.mx\/storage\/2024\/12\/Trump-reafirma-deportaciones-min.jpg\" \/>\n\t<meta property=\"og:image:width\" content=\"900\" \/>\n\t<meta property=\"og:image:height\" content=\"673\" \/>\n\t<meta property=\"og:image:type\" content=\"image\/jpeg\" \/>\n<meta name=\"author\" content=\"enequipo\" \/>\n<meta name=\"twitter:card\" content=\"summary_large_image\" \/>\n<meta name=\"twitter:creator\" content=\"@sonoraenequipo\" \/>\n<meta name=\"twitter:site\" content=\"@sonoraenequipo\" \/>\n<meta name=\"twitter:label1\" content=\"Escrito por\" \/>\n\t<meta name=\"twitter:data1\" content=\"enequipo\" \/>\n\t<meta name=\"twitter:label2\" content=\"Tiempo de lectura\" \/>\n\t<meta name=\"twitter:data2\" content=\"2 minutos\" \/>\n<script type=\"application\/ld+json\" class=\"yoast-schema-graph\">{\"@context\":\"https:\/\/schema.org\",\"@graph\":[{\"@type\":\"Article\",\"@id\":\"https:\/\/www.sonoraenequipo.com.mx\/trump-reafirma-promesa-de-deportaciones-y-aranceles\/#article\",\"isPartOf\":{\"@id\":\"https:\/\/www.sonoraenequipo.com.mx\/trump-reafirma-promesa-de-deportaciones-y-aranceles\/\"},\"author\":{\"name\":\"enequipo\",\"@id\":\"https:\/\/www.sonoraenequipo.com.mx\/#\/schema\/person\/50102df0fb23a8fa9e8effad8fa81386\"},\"headline\":\"Trump reafirma promesa de deportaciones y aranceles\",\"datePublished\":\"2024-12-09T03:32:51+00:00\",\"dateModified\":\"2024-12-09T19:15:48+00:00\",\"mainEntityOfPage\":{\"@id\":\"https:\/\/www.sonoraenequipo.com.mx\/trump-reafirma-promesa-de-deportaciones-y-aranceles\/\"},\"wordCount\":445,\"commentCount\":0,\"publisher\":{\"@id\":\"https:\/\/www.sonoraenequipo.com.mx\/#organization\"},\"image\":{\"@id\":\"https:\/\/www.sonoraenequipo.com.mx\/trump-reafirma-promesa-de-deportaciones-y-aranceles\/#primaryimage\"},\"thumbnailUrl\":\"https:\/\/www.sonoraenequipo.com.mx\/storage\/2024\/12\/Trump-reafirma-deportaciones-min.jpg\",\"articleSection\":[\"MUNDO\"],\"inLanguage\":\"es\",\"potentialAction\":[{\"@type\":\"CommentAction\",\"name\":\"Comment\",\"target\":[\"https:\/\/www.sonoraenequipo.com.mx\/trump-reafirma-promesa-de-deportaciones-y-aranceles\/#respond\"]}]},{\"@type\":\"WebPage\",\"@id\":\"https:\/\/www.sonoraenequipo.com.mx\/trump-reafirma-promesa-de-deportaciones-y-aranceles\/\",\"url\":\"https:\/\/www.sonoraenequipo.com.mx\/trump-reafirma-promesa-de-deportaciones-y-aranceles\/\",\"name\":\"Sonora en Equipo. Trump reafirma promesa de deportaciones y aranceles MUNDO\",\"isPartOf\":{\"@id\":\"https:\/\/www.sonoraenequipo.com.mx\/#website\"},\"primaryImageOfPage\":{\"@id\":\"https:\/\/www.sonoraenequipo.com.mx\/trump-reafirma-promesa-de-deportaciones-y-aranceles\/#primaryimage\"},\"image\":{\"@id\":\"https:\/\/www.sonoraenequipo.com.mx\/trump-reafirma-promesa-de-deportaciones-y-aranceles\/#primaryimage\"},\"thumbnailUrl\":\"https:\/\/www.sonoraenequipo.com.mx\/storage\/2024\/12\/Trump-reafirma-deportaciones-min.jpg\",\"datePublished\":\"2024-12-09T03:32:51+00:00\",\"dateModified\":\"2024-12-09T19:15:48+00:00\",\"description\":\"ESTADOS UNIDOS. \u2014 El presidente electo de Estados Unidos, Donald Trump, expuso sus principales objetivos de gobierno en una entrevista con la periodista En Sonora en Equipo publicamos toda la informaci\u00f3n de Sonora, M\u00e9xico y el Mundo de manera oportuna y busca que la libertad de expresi\u00f3n sea real. Visita nuestro medio informativo publicado desde Hermosillo, Sonora. %\",\"breadcrumb\":{\"@id\":\"https:\/\/www.sonoraenequipo.com.mx\/trump-reafirma-promesa-de-deportaciones-y-aranceles\/#breadcrumb\"},\"inLanguage\":\"es\",\"potentialAction\":[{\"@type\":\"ReadAction\",\"target\":[\"https:\/\/www.sonoraenequipo.com.mx\/trump-reafirma-promesa-de-deportaciones-y-aranceles\/\"]}]},{\"@type\":\"ImageObject\",\"inLanguage\":\"es\",\"@id\":\"https:\/\/www.sonoraenequipo.com.mx\/trump-reafirma-promesa-de-deportaciones-y-aranceles\/#primaryimage\",\"url\":\"https:\/\/www.sonoraenequipo.com.mx\/storage\/2024\/12\/Trump-reafirma-deportaciones-min.jpg\",\"contentUrl\":\"https:\/\/www.sonoraenequipo.com.mx\/storage\/2024\/12\/Trump-reafirma-deportaciones-min.jpg\",\"width\":900,\"height\":673},{\"@type\":\"BreadcrumbList\",\"@id\":\"https:\/\/www.sonoraenequipo.com.mx\/trump-reafirma-promesa-de-deportaciones-y-aranceles\/#breadcrumb\",\"itemListElement\":[{\"@type\":\"ListItem\",\"position\":1,\"name\":\"Portada\",\"item\":\"https:\/\/www.sonoraenequipo.com.mx\/\"},{\"@type\":\"ListItem\",\"position\":2,\"name\":\"Trump reafirma promesa de deportaciones y aranceles\"}]},{\"@type\":\"WebSite\",\"@id\":\"https:\/\/www.sonoraenequipo.com.mx\/#website\",\"url\":\"https:\/\/www.sonoraenequipo.com.mx\/\",\"name\":\"Sonora en Equipo.\",\"description\":\"Diario en l\u00ednea con Noticias desde Hermosillo, Sonora\",\"publisher\":{\"@id\":\"https:\/\/www.sonoraenequipo.com.mx\/#organization\"},\"potentialAction\":[{\"@type\":\"SearchAction\",\"target\":{\"@type\":\"EntryPoint\",\"urlTemplate\":\"https:\/\/www.sonoraenequipo.com.mx\/?s={search_term_string}\"},\"query-input\":{\"@type\":\"PropertyValueSpecification\",\"valueRequired\":true,\"valueName\":\"search_term_string\"}}],\"inLanguage\":\"es\"},{\"@type\":\"Organization\",\"@id\":\"https:\/\/www.sonoraenequipo.com.mx\/#organization\",\"name\":\"Sonoraenequipo.com.mx\",\"url\":\"https:\/\/www.sonoraenequipo.com.mx\/\",\"logo\":{\"@type\":\"ImageObject\",\"inLanguage\":\"es\",\"@id\":\"https:\/\/www.sonoraenequipo.com.mx\/#\/schema\/logo\/image\/\",\"url\":\"https:\/\/www.sonoraenequipo.com.mx\/storage\/2019\/01\/sonoraenequipo_opt.png\",\"contentUrl\":\"https:\/\/www.sonoraenequipo.com.mx\/storage\/2019\/01\/sonoraenequipo_opt.png\",\"width\":375,\"height\":125,\"caption\":\"Sonoraenequipo.com.mx\"},\"image\":{\"@id\":\"https:\/\/www.sonoraenequipo.com.mx\/#\/schema\/logo\/image\/\"},\"sameAs\":[\"https:\/\/www.facebook.com\/SonoraEE\/\",\"https:\/\/x.com\/sonoraenequipo\",\"https:\/\/www.youtube.com\/channel\/UC338nW-lPEYmJQs4ZABQ1SQ\"]},{\"@type\":\"Person\",\"@id\":\"https:\/\/www.sonoraenequipo.com.mx\/#\/schema\/person\/50102df0fb23a8fa9e8effad8fa81386\",\"name\":\"enequipo\",\"image\":{\"@type\":\"ImageObject\",\"inLanguage\":\"es\",\"@id\":\"https:\/\/www.sonoraenequipo.com.mx\/#\/schema\/person\/image\/\",\"url\":\"https:\/\/secure.gravatar.com\/avatar\/049821681b589dabc0bc20695993ccebb09f5b5d4d790cd9251b97faac7c652b?s=96&d=blank&r=g\",\"contentUrl\":\"https:\/\/secure.gravatar.com\/avatar\/049821681b589dabc0bc20695993ccebb09f5b5d4d790cd9251b97faac7c652b?s=96&d=blank&r=g\",\"caption\":\"enequipo\"},\"sameAs\":[\"https:\/\/www.facebook.com\/SonoraEE\"]}]}<\/script>\n ","yoast_head_json":{"title":"Sonora en Equipo. Trump reafirma promesa de deportaciones y aranceles MUNDO","description":"ESTADOS UNIDOS. \u2014 El presidente electo de Estados Unidos, Donald Trump, expuso sus principales objetivos de gobierno en una entrevista con la periodista En Sonora en Equipo publicamos toda la informaci\u00f3n de Sonora, M\u00e9xico y el Mundo de manera oportuna y busca que la libertad de expresi\u00f3n sea real. Visita nuestro medio informativo publicado desde Hermosillo, Sonora. %","robots":{"index":"index","follow":"follow","max-snippet":"max-snippet:-1","max-image-preview":"max-image-preview:large","max-video-preview":"max-video-preview:-1"},"canonical":"https:\/\/www.sonoraenequipo.com.mx\/trump-reafirma-promesa-de-deportaciones-y-aranceles\/","og_locale":"es_ES","og_type":"article","og_title":"Sonora en Equipo. Trump reafirma promesa de deportaciones y aranceles MUNDO","og_description":"ESTADOS UNIDOS. \u2014 El presidente electo de Estados Unidos, Donald Trump, expuso sus principales objetivos de gobierno en una entrevista con la periodista En Sonora en Equipo publicamos toda la informaci\u00f3n de Sonora, M\u00e9xico y el Mundo de manera oportuna y busca que la libertad de expresi\u00f3n sea real. Visita nuestro medio informativo publicado desde Hermosillo, Sonora. %","og_url":"https:\/\/www.sonoraenequipo.com.mx\/trump-reafirma-promesa-de-deportaciones-y-aranceles\/","og_site_name":"Sonora en Equipo.","article_publisher":"https:\/\/www.facebook.com\/SonoraEE\/","article_author":"https:\/\/www.facebook.com\/SonoraEE","article_published_time":"2024-12-09T03:32:51+00:00","article_modified_time":"2024-12-09T19:15:48+00:00","og_image":[{"width":900,"height":673,"url":"https:\/\/www.sonoraenequipo.com.mx\/storage\/2024\/12\/Trump-reafirma-deportaciones-min.jpg","type":"image\/jpeg"}],"author":"enequipo","twitter_card":"summary_large_image","twitter_creator":"@sonoraenequipo","twitter_site":"@sonoraenequipo","twitter_misc":{"Escrito por":"enequipo","Tiempo de lectura":"2 minutos"},"schema":{"@context":"https:\/\/schema.org","@graph":[{"@type":"Article","@id":"https:\/\/www.sonoraenequipo.com.mx\/trump-reafirma-promesa-de-deportaciones-y-aranceles\/#article","isPartOf":{"@id":"https:\/\/www.sonoraenequipo.com.mx\/trump-reafirma-promesa-de-deportaciones-y-aranceles\/"},"author":{"name":"enequipo","@id":"https:\/\/www.sonoraenequipo.com.mx\/#\/schema\/person\/50102df0fb23a8fa9e8effad8fa81386"},"headline":"Trump reafirma promesa de deportaciones y aranceles","datePublished":"2024-12-09T03:32:51+00:00","dateModified":"2024-12-09T19:15:48+00:00","mainEntityOfPage":{"@id":"https:\/\/www.sonoraenequipo.com.mx\/trump-reafirma-promesa-de-deportaciones-y-aranceles\/"},"wordCount":445,"commentCount":0,"publisher":{"@id":"https:\/\/www.sonoraenequipo.com.mx\/#organization"},"image":{"@id":"https:\/\/www.sonoraenequipo.com.mx\/trump-reafirma-promesa-de-deportaciones-y-aranceles\/#primaryimage"},"thumbnailUrl":"https:\/\/www.sonoraenequipo.com.mx\/storage\/2024\/12\/Trump-reafirma-deportaciones-min.jpg","articleSection":["MUNDO"],"inLanguage":"es","potentialAction":[{"@type":"CommentAction","name":"Comment","target":["https:\/\/www.sonoraenequipo.com.mx\/trump-reafirma-promesa-de-deportaciones-y-aranceles\/#respond"]}]},{"@type":"WebPage","@id":"https:\/\/www.sonoraenequipo.com.mx\/trump-reafirma-promesa-de-deportaciones-y-aranceles\/","url":"https:\/\/www.sonoraenequipo.com.mx\/trump-reafirma-promesa-de-deportaciones-y-aranceles\/","name":"Sonora en Equipo. Trump reafirma promesa de deportaciones y aranceles MUNDO","isPartOf":{"@id":"https:\/\/www.sonoraenequipo.com.mx\/#website"},"primaryImageOfPage":{"@id":"https:\/\/www.sonoraenequipo.com.mx\/trump-reafirma-promesa-de-deportaciones-y-aranceles\/#primaryimage"},"image":{"@id":"https:\/\/www.sonoraenequipo.com.mx\/trump-reafirma-promesa-de-deportaciones-y-aranceles\/#primaryimage"},"thumbnailUrl":"https:\/\/www.sonoraenequipo.com.mx\/storage\/2024\/12\/Trump-reafirma-deportaciones-min.jpg","datePublished":"2024-12-09T03:32:51+00:00","dateModified":"2024-12-09T19:15:48+00:00","description":"ESTADOS UNIDOS. \u2014 El presidente electo de Estados Unidos, Donald Trump, expuso sus principales objetivos de gobierno en una entrevista con la periodista En Sonora en Equipo publicamos toda la informaci\u00f3n de Sonora, M\u00e9xico y el Mundo de manera oportuna y busca que la libertad de expresi\u00f3n sea real. Visita nuestro medio informativo publicado desde Hermosillo, Sonora. %","breadcrumb":{"@id":"https:\/\/www.sonoraenequipo.com.mx\/trump-reafirma-promesa-de-deportaciones-y-aranceles\/#breadcrumb"},"inLanguage":"es","potentialAction":[{"@type":"ReadAction","target":["https:\/\/www.sonoraenequipo.com.mx\/trump-reafirma-promesa-de-deportaciones-y-aranceles\/"]}]},{"@type":"ImageObject","inLanguage":"es","@id":"https:\/\/www.sonoraenequipo.com.mx\/trump-reafirma-promesa-de-deportaciones-y-aranceles\/#primaryimage","url":"https:\/\/www.sonoraenequipo.com.mx\/storage\/2024\/12\/Trump-reafirma-deportaciones-min.jpg","contentUrl":"https:\/\/www.sonoraenequipo.com.mx\/storage\/2024\/12\/Trump-reafirma-deportaciones-min.jpg","width":900,"height":673},{"@type":"BreadcrumbList","@id":"https:\/\/www.sonoraenequipo.com.mx\/trump-reafirma-promesa-de-deportaciones-y-aranceles\/#breadcrumb","itemListElement":[{"@type":"ListItem","position":1,"name":"Portada","item":"https:\/\/www.sonoraenequipo.com.mx\/"},{"@type":"ListItem","position":2,"name":"Trump reafirma promesa de deportaciones y aranceles"}]},{"@type":"WebSite","@id":"https:\/\/www.sonoraenequipo.com.mx\/#website","url":"https:\/\/www.sonoraenequipo.com.mx\/","name":"Sonora en Equipo.","description":"Diario en l\u00ednea con Noticias desde Hermosillo, Sonora","publisher":{"@id":"https:\/\/www.sonoraenequipo.com.mx\/#organization"},"potentialAction":[{"@type":"SearchAction","target":{"@type":"EntryPoint","urlTemplate":"https:\/\/www.sonoraenequipo.com.mx\/?s={search_term_string}"},"query-input":{"@type":"PropertyValueSpecification","valueRequired":true,"valueName":"search_term_string"}}],"inLanguage":"es"},{"@type":"Organization","@id":"https:\/\/www.sonoraenequipo.com.mx\/#organization","name":"Sonoraenequipo.com.mx","url":"https:\/\/www.sonoraenequipo.com.mx\/","logo":{"@type":"ImageObject","inLanguage":"es","@id":"https:\/\/www.sonoraenequipo.com.mx\/#\/schema\/logo\/image\/","url":"https:\/\/www.sonoraenequipo.com.mx\/storage\/2019\/01\/sonoraenequipo_opt.png","contentUrl":"https:\/\/www.sonoraenequipo.com.mx\/storage\/2019\/01\/sonoraenequipo_opt.png","width":375,"height":125,"caption":"Sonoraenequipo.com.mx"},"image":{"@id":"https:\/\/www.sonoraenequipo.com.mx\/#\/schema\/logo\/image\/"},"sameAs":["https:\/\/www.facebook.com\/SonoraEE\/","https:\/\/x.com\/sonoraenequipo","https:\/\/www.youtube.com\/channel\/UC338nW-lPEYmJQs4ZABQ1SQ"]},{"@type":"Person","@id":"https:\/\/www.sonoraenequipo.com.mx\/#\/schema\/person\/50102df0fb23a8fa9e8effad8fa81386","name":"enequipo","image":{"@type":"ImageObject","inLanguage":"es","@id":"https:\/\/www.sonoraenequipo.com.mx\/#\/schema\/person\/image\/","url":"https:\/\/secure.gravatar.com\/avatar\/049821681b589dabc0bc20695993ccebb09f5b5d4d790cd9251b97faac7c652b?s=96&d=blank&r=g","contentUrl":"https:\/\/secure.gravatar.com\/avatar\/049821681b589dabc0bc20695993ccebb09f5b5d4d790cd9251b97faac7c652b?s=96&d=blank&r=g","caption":"enequipo"},"sameAs":["https:\/\/www.facebook.com\/SonoraEE"]}]}},"jetpack_featured_media_url":"https:\/\/www.sonoraenequipo.com.mx\/storage\/2024\/12\/Trump-reafirma-deportaciones-min.jpg","_links":{"self":[{"href":"https:\/\/www.sonoraenequipo.com.mx\/api\/wp\/v2\/posts\/205887","targetHints":{"allow":["GET"]}}],"collection":[{"href":"https:\/\/www.sonoraenequipo.com.mx\/api\/wp\/v2\/posts"}],"about":[{"href":"https:\/\/www.sonoraenequipo.com.mx\/api\/wp\/v2\/types\/post"}],"author":[{"embeddable":true,"href":"https:\/\/www.sonoraenequipo.com.mx\/api\/wp\/v2\/users\/1"}],"replies":[{"embeddable":true,"href":"https:\/\/www.sonoraenequipo.com.mx\/api\/wp\/v2\/comments?post=205887"}],"version-history":[{"count":1,"href":"https:\/\/www.sonoraenequipo.com.mx\/api\/wp\/v2\/posts\/205887\/revisions"}],"predecessor-version":[{"id":205890,"href":"https:\/\/www.sonoraenequipo.com.mx\/api\/wp\/v2\/posts\/205887\/revisions\/205890"}],"wp:featuredmedia":[{"embeddable":true,"href":"https:\/\/www.sonoraenequipo.com.mx\/api\/wp\/v2\/media\/205888"}],"wp:attachment":[{"href":"https:\/\/www.sonoraenequipo.com.mx\/api\/wp\/v2\/media?parent=205887"}],"wp:term":[{"taxonomy":"category","embeddable":true,"href":"https:\/\/www.sonoraenequipo.com.mx\/api\/wp\/v2\/categories?post=205887"},{"taxonomy":"post_tag","embeddable":true,"href":"https:\/\/www.sonoraenequipo.com.mx\/api\/wp\/v2\/tags?post=205887"}],"curies":[{"name":"wp","href":"https:\/\/api.w.org\/{rel}","templated":true}]}}