{"id":205893,"date":"2024-12-09T13:50:51","date_gmt":"2024-12-09T20:50:51","guid":{"rendered":"https:\/\/www.sonoraenequipo.com.mx\/?p=205893"},"modified":"2024-12-09T13:50:51","modified_gmt":"2024-12-09T20:50:51","slug":"el-cruz-azul-vs-america-termino-en-bronca-no-en-la-cancha-si-no-con-periodistas-ver-video","status":"publish","type":"post","link":"https:\/\/www.sonoraenequipo.com.mx\/el-cruz-azul-vs-america-termino-en-bronca-no-en-la-cancha-si-no-con-periodistas-ver-video\/","title":{"rendered":"El Cruz Azul vs Am\u00e9rica termin\u00f3 en bronca no en la cancha si no \u00a0con periodistas ver video"},"content":{"rendered":"<p><strong>CIUDAD DE M\u00c9XICO.<\/strong> \u2014 La derrota que sufri\u00f3 Cruz Azul en la semifinal de vuelta del Apertura 2024, y m\u00e1s por la forma en la que perdi\u00f3 nuevamente el equipo celeste contra Am\u00e9rica, dej\u00f3 el \u00e1nimo caliente entre los jugadores, cuerpo t\u00e9cnico, directiva, staff y hasta de la propia seguridad celeste, lo que provoc\u00f3 un caos en los pasillos del estadio Ciudad de los Deportes con escenas de violencia con algunos integrantes de los medios de comunicaci\u00f3n.<\/p>\n<p><iframe loading=\"lazy\" title=\"Agreden a reporteros y prensa tras la Semifinal  Cruz Azul vs Am\u00e9rica\" width=\"640\" height=\"360\" src=\"https:\/\/www.youtube.com\/embed\/HGL9Uyws0Ls?feature=oembed\" frameborder=\"0\" allow=\"accelerometer; autoplay; clipboard-write; encrypted-media; gyroscope; picture-in-picture; web-share\" referrerpolicy=\"strict-origin-when-cross-origin\" allowfullscreen><\/iframe><\/p>\n<p>&nbsp;<\/p>\n<p>En un lugar con poco espacio de circulaci\u00f3n, y por m\u00e1s que lo evitaron, los trabajadores de La M\u00e1quina en todas sus \u00e1reas se encontraron inevitablemente a la gente de prensa que iba en camino a la sala principal para dar comienzo a las conferencias de cada director t\u00e9cnico, es decir, de Andr\u00e9 Jardine y Martin Anselmi.<\/p>\n<p>A la postre Am\u00e9rica venci\u00f3 4-3 a Cruz Azul y avanz\u00f3 a su tercera final consecutiva.<\/p>\n<p><strong>Fecha de publicaci\u00f3n\u00a0 lunes 9\u00a0 de diciembre de 2024 \/ Medio\u00a0 Tiempo<\/strong><\/p>\n","protected":false},"excerpt":{"rendered":"<p>CIUDAD DE M\u00c9XICO. \u2014 La derrota que sufri\u00f3 Cruz Azul en la semifinal de vuelta&#8230;<\/p>\n","protected":false},"author":1,"featured_media":205894,"comment_status":"open","ping_status":"open","sticky":false,"template":"","format":"standard","meta":{"_monsterinsights_skip_tracking":false,"_monsterinsights_sitenote_active":false,"_monsterinsights_sitenote_note":"","_monsterinsights_sitenote_category":0,"footnotes":""},"categories":[10],"tags":[9734,3629],"class_list":["post"],"yoast_head":" \n<title>Sonora en Equipo. El Cruz Azul vs Am\u00e9rica termin\u00f3 en bronca no en la cancha si no \u00a0con periodistas ver video Deportes<\/title>\n<meta name=\"description\" content=\"CIUDAD DE M\u00c9XICO. \u2014 La derrota que sufri\u00f3 Cruz Azul en la semifinal de vuelta del Apertura 2024, y m\u00e1s por la forma en la que perdi\u00f3 nuevamente el equipo En Sonora en Equipo publicamos toda la informaci\u00f3n de Sonora, M\u00e9xico y el Mundo de manera oportuna y busca que la libertad de expresi\u00f3n sea real. Visita nuestro medio informativo publicado desde Hermosillo, Sonora. %\" \/>\n<meta name=\"robots\" content=\"index, follow, max-snippet:-1, max-image-preview:large, max-video-preview:-1\" \/>\n<link rel=\"canonical\" href=\"https:\/\/www.sonoraenequipo.com.mx\/el-cruz-azul-vs-america-termino-en-bronca-no-en-la-cancha-si-no-con-periodistas-ver-video\/\" \/>\n<meta property=\"og:locale\" content=\"es_ES\" \/>\n<meta property=\"og:type\" content=\"article\" \/>\n<meta property=\"og:title\" content=\"Sonora en Equipo. El Cruz Azul vs Am\u00e9rica termin\u00f3 en bronca no en la cancha si no \u00a0con periodistas ver video Deportes\" \/>\n<meta property=\"og:description\" content=\"CIUDAD DE M\u00c9XICO. \u2014 La derrota que sufri\u00f3 Cruz Azul en la semifinal de vuelta del Apertura 2024, y m\u00e1s por la forma en la que perdi\u00f3 nuevamente el equipo En Sonora en Equipo publicamos toda la informaci\u00f3n de Sonora, M\u00e9xico y el Mundo de manera oportuna y busca que la libertad de expresi\u00f3n sea real. Visita nuestro medio informativo publicado desde Hermosillo, Sonora. %\" \/>\n<meta property=\"og:url\" content=\"https:\/\/www.sonoraenequipo.com.mx\/el-cruz-azul-vs-america-termino-en-bronca-no-en-la-cancha-si-no-con-periodistas-ver-video\/\" \/>\n<meta property=\"og:site_name\" content=\"Sonora en Equipo.\" \/>\n<meta property=\"article:publisher\" content=\"https:\/\/www.facebook.com\/SonoraEE\/\" \/>\n<meta property=\"article:author\" content=\"https:\/\/www.facebook.com\/SonoraEE\" \/>\n<meta property=\"article:published_time\" content=\"2024-12-09T20:50:51+00:00\" \/>\n<meta property=\"og:image\" content=\"https:\/\/www.sonoraenequipo.com.mx\/storage\/2024\/12\/bronca-caz-ame.jpg\" \/>\n\t<meta property=\"og:image:width\" content=\"600\" \/>\n\t<meta property=\"og:image:height\" content=\"400\" \/>\n\t<meta property=\"og:image:type\" content=\"image\/jpeg\" \/>\n<meta name=\"author\" content=\"enequipo\" \/>\n<meta name=\"twitter:card\" content=\"summary_large_image\" \/>\n<meta name=\"twitter:creator\" content=\"@sonoraenequipo\" \/>\n<meta name=\"twitter:site\" content=\"@sonoraenequipo\" \/>\n<meta name=\"twitter:label1\" content=\"Escrito por\" \/>\n\t<meta name=\"twitter:data1\" content=\"enequipo\" \/>\n\t<meta name=\"twitter:label2\" content=\"Tiempo de lectura\" \/>\n\t<meta name=\"twitter:data2\" content=\"1 minuto\" \/>\n<script type=\"application\/ld+json\" class=\"yoast-schema-graph\">{\"@context\":\"https:\/\/schema.org\",\"@graph\":[{\"@type\":\"Article\",\"@id\":\"https:\/\/www.sonoraenequipo.com.mx\/el-cruz-azul-vs-america-termino-en-bronca-no-en-la-cancha-si-no-con-periodistas-ver-video\/#article\",\"isPartOf\":{\"@id\":\"https:\/\/www.sonoraenequipo.com.mx\/el-cruz-azul-vs-america-termino-en-bronca-no-en-la-cancha-si-no-con-periodistas-ver-video\/\"},\"author\":{\"name\":\"enequipo\",\"@id\":\"https:\/\/www.sonoraenequipo.com.mx\/#\/schema\/person\/50102df0fb23a8fa9e8effad8fa81386\"},\"headline\":\"El Cruz Azul vs Am\u00e9rica termin\u00f3 en bronca no en la cancha si no \u00a0con periodistas ver video\",\"datePublished\":\"2024-12-09T20:50:51+00:00\",\"mainEntityOfPage\":{\"@id\":\"https:\/\/www.sonoraenequipo.com.mx\/el-cruz-azul-vs-america-termino-en-bronca-no-en-la-cancha-si-no-con-periodistas-ver-video\/\"},\"wordCount\":194,\"commentCount\":0,\"publisher\":{\"@id\":\"https:\/\/www.sonoraenequipo.com.mx\/#organization\"},\"image\":{\"@id\":\"https:\/\/www.sonoraenequipo.com.mx\/el-cruz-azul-vs-america-termino-en-bronca-no-en-la-cancha-si-no-con-periodistas-ver-video\/#primaryimage\"},\"thumbnailUrl\":\"https:\/\/www.sonoraenequipo.com.mx\/storage\/2024\/12\/bronca-caz-ame.jpg\",\"keywords\":[\"aguilas del am\u00e9rica\",\"club\"],\"articleSection\":[\"Deportes\"],\"inLanguage\":\"es\",\"potentialAction\":[{\"@type\":\"CommentAction\",\"name\":\"Comment\",\"target\":[\"https:\/\/www.sonoraenequipo.com.mx\/el-cruz-azul-vs-america-termino-en-bronca-no-en-la-cancha-si-no-con-periodistas-ver-video\/#respond\"]}]},{\"@type\":\"WebPage\",\"@id\":\"https:\/\/www.sonoraenequipo.com.mx\/el-cruz-azul-vs-america-termino-en-bronca-no-en-la-cancha-si-no-con-periodistas-ver-video\/\",\"url\":\"https:\/\/www.sonoraenequipo.com.mx\/el-cruz-azul-vs-america-termino-en-bronca-no-en-la-cancha-si-no-con-periodistas-ver-video\/\",\"name\":\"Sonora en Equipo. El Cruz Azul vs Am\u00e9rica termin\u00f3 en bronca no en la cancha si no \u00a0con periodistas ver video Deportes\",\"isPartOf\":{\"@id\":\"https:\/\/www.sonoraenequipo.com.mx\/#website\"},\"primaryImageOfPage\":{\"@id\":\"https:\/\/www.sonoraenequipo.com.mx\/el-cruz-azul-vs-america-termino-en-bronca-no-en-la-cancha-si-no-con-periodistas-ver-video\/#primaryimage\"},\"image\":{\"@id\":\"https:\/\/www.sonoraenequipo.com.mx\/el-cruz-azul-vs-america-termino-en-bronca-no-en-la-cancha-si-no-con-periodistas-ver-video\/#primaryimage\"},\"thumbnailUrl\":\"https:\/\/www.sonoraenequipo.com.mx\/storage\/2024\/12\/bronca-caz-ame.jpg\",\"datePublished\":\"2024-12-09T20:50:51+00:00\",\"description\":\"CIUDAD DE M\u00c9XICO. \u2014 La derrota que sufri\u00f3 Cruz Azul en la semifinal de vuelta del Apertura 2024, y m\u00e1s por la forma en la que perdi\u00f3 nuevamente el equipo En Sonora en Equipo publicamos toda la informaci\u00f3n de Sonora, M\u00e9xico y el Mundo de manera oportuna y busca que la libertad de expresi\u00f3n sea real. Visita nuestro medio informativo publicado desde Hermosillo, Sonora. %\",\"breadcrumb\":{\"@id\":\"https:\/\/www.sonoraenequipo.com.mx\/el-cruz-azul-vs-america-termino-en-bronca-no-en-la-cancha-si-no-con-periodistas-ver-video\/#breadcrumb\"},\"inLanguage\":\"es\",\"potentialAction\":[{\"@type\":\"ReadAction\",\"target\":[\"https:\/\/www.sonoraenequipo.com.mx\/el-cruz-azul-vs-america-termino-en-bronca-no-en-la-cancha-si-no-con-periodistas-ver-video\/\"]}]},{\"@type\":\"ImageObject\",\"inLanguage\":\"es\",\"@id\":\"https:\/\/www.sonoraenequipo.com.mx\/el-cruz-azul-vs-america-termino-en-bronca-no-en-la-cancha-si-no-con-periodistas-ver-video\/#primaryimage\",\"url\":\"https:\/\/www.sonoraenequipo.com.mx\/storage\/2024\/12\/bronca-caz-ame.jpg\",\"contentUrl\":\"https:\/\/www.sonoraenequipo.com.mx\/storage\/2024\/12\/bronca-caz-ame.jpg\",\"width\":600,\"height\":400},{\"@type\":\"BreadcrumbList\",\"@id\":\"https:\/\/www.sonoraenequipo.com.mx\/el-cruz-azul-vs-america-termino-en-bronca-no-en-la-cancha-si-no-con-periodistas-ver-video\/#breadcrumb\",\"itemListElement\":[{\"@type\":\"ListItem\",\"position\":1,\"name\":\"Portada\",\"item\":\"https:\/\/www.sonoraenequipo.com.mx\/\"},{\"@type\":\"ListItem\",\"position\":2,\"name\":\"El Cruz Azul vs Am\u00e9rica termin\u00f3 en bronca no en la cancha si no \u00a0con periodistas ver video\"}]},{\"@type\":\"WebSite\",\"@id\":\"https:\/\/www.sonoraenequipo.com.mx\/#website\",\"url\":\"https:\/\/www.sonoraenequipo.com.mx\/\",\"name\":\"Sonora en Equipo.\",\"description\":\"Diario en l\u00ednea con Noticias desde Hermosillo, Sonora\",\"publisher\":{\"@id\":\"https:\/\/www.sonoraenequipo.com.mx\/#organization\"},\"potentialAction\":[{\"@type\":\"SearchAction\",\"target\":{\"@type\":\"EntryPoint\",\"urlTemplate\":\"https:\/\/www.sonoraenequipo.com.mx\/?s={search_term_string}\"},\"query-input\":{\"@type\":\"PropertyValueSpecification\",\"valueRequired\":true,\"valueName\":\"search_term_string\"}}],\"inLanguage\":\"es\"},{\"@type\":\"Organization\",\"@id\":\"https:\/\/www.sonoraenequipo.com.mx\/#organization\",\"name\":\"Sonoraenequipo.com.mx\",\"url\":\"https:\/\/www.sonoraenequipo.com.mx\/\",\"logo\":{\"@type\":\"ImageObject\",\"inLanguage\":\"es\",\"@id\":\"https:\/\/www.sonoraenequipo.com.mx\/#\/schema\/logo\/image\/\",\"url\":\"https:\/\/www.sonoraenequipo.com.mx\/storage\/2019\/01\/sonoraenequipo_opt.png\",\"contentUrl\":\"https:\/\/www.sonoraenequipo.com.mx\/storage\/2019\/01\/sonoraenequipo_opt.png\",\"width\":375,\"height\":125,\"caption\":\"Sonoraenequipo.com.mx\"},\"image\":{\"@id\":\"https:\/\/www.sonoraenequipo.com.mx\/#\/schema\/logo\/image\/\"},\"sameAs\":[\"https:\/\/www.facebook.com\/SonoraEE\/\",\"https:\/\/x.com\/sonoraenequipo\",\"https:\/\/www.youtube.com\/channel\/UC338nW-lPEYmJQs4ZABQ1SQ\"]},{\"@type\":\"Person\",\"@id\":\"https:\/\/www.sonoraenequipo.com.mx\/#\/schema\/person\/50102df0fb23a8fa9e8effad8fa81386\",\"name\":\"enequipo\",\"image\":{\"@type\":\"ImageObject\",\"inLanguage\":\"es\",\"@id\":\"https:\/\/www.sonoraenequipo.com.mx\/#\/schema\/person\/image\/\",\"url\":\"https:\/\/secure.gravatar.com\/avatar\/049821681b589dabc0bc20695993ccebb09f5b5d4d790cd9251b97faac7c652b?s=96&d=blank&r=g\",\"contentUrl\":\"https:\/\/secure.gravatar.com\/avatar\/049821681b589dabc0bc20695993ccebb09f5b5d4d790cd9251b97faac7c652b?s=96&d=blank&r=g\",\"caption\":\"enequipo\"},\"sameAs\":[\"https:\/\/www.facebook.com\/SonoraEE\"]}]}<\/script>\n ","yoast_head_json":{"title":"Sonora en Equipo. El Cruz Azul vs Am\u00e9rica termin\u00f3 en bronca no en la cancha si no \u00a0con periodistas ver video Deportes","description":"CIUDAD DE M\u00c9XICO. \u2014 La derrota que sufri\u00f3 Cruz Azul en la semifinal de vuelta del Apertura 2024, y m\u00e1s por la forma en la que perdi\u00f3 nuevamente el equipo En Sonora en Equipo publicamos toda la informaci\u00f3n de Sonora, M\u00e9xico y el Mundo de manera oportuna y busca que la libertad de expresi\u00f3n sea real. Visita nuestro medio informativo publicado desde Hermosillo, Sonora. %","robots":{"index":"index","follow":"follow","max-snippet":"max-snippet:-1","max-image-preview":"max-image-preview:large","max-video-preview":"max-video-preview:-1"},"canonical":"https:\/\/www.sonoraenequipo.com.mx\/el-cruz-azul-vs-america-termino-en-bronca-no-en-la-cancha-si-no-con-periodistas-ver-video\/","og_locale":"es_ES","og_type":"article","og_title":"Sonora en Equipo. El Cruz Azul vs Am\u00e9rica termin\u00f3 en bronca no en la cancha si no \u00a0con periodistas ver video Deportes","og_description":"CIUDAD DE M\u00c9XICO. \u2014 La derrota que sufri\u00f3 Cruz Azul en la semifinal de vuelta del Apertura 2024, y m\u00e1s por la forma en la que perdi\u00f3 nuevamente el equipo En Sonora en Equipo publicamos toda la informaci\u00f3n de Sonora, M\u00e9xico y el Mundo de manera oportuna y busca que la libertad de expresi\u00f3n sea real. Visita nuestro medio informativo publicado desde Hermosillo, Sonora. %","og_url":"https:\/\/www.sonoraenequipo.com.mx\/el-cruz-azul-vs-america-termino-en-bronca-no-en-la-cancha-si-no-con-periodistas-ver-video\/","og_site_name":"Sonora en Equipo.","article_publisher":"https:\/\/www.facebook.com\/SonoraEE\/","article_author":"https:\/\/www.facebook.com\/SonoraEE","article_published_time":"2024-12-09T20:50:51+00:00","og_image":[{"width":600,"height":400,"url":"https:\/\/www.sonoraenequipo.com.mx\/storage\/2024\/12\/bronca-caz-ame.jpg","type":"image\/jpeg"}],"author":"enequipo","twitter_card":"summary_large_image","twitter_creator":"@sonoraenequipo","twitter_site":"@sonoraenequipo","twitter_misc":{"Escrito por":"enequipo","Tiempo de lectura":"1 minuto"},"schema":{"@context":"https:\/\/schema.org","@graph":[{"@type":"Article","@id":"https:\/\/www.sonoraenequipo.com.mx\/el-cruz-azul-vs-america-termino-en-bronca-no-en-la-cancha-si-no-con-periodistas-ver-video\/#article","isPartOf":{"@id":"https:\/\/www.sonoraenequipo.com.mx\/el-cruz-azul-vs-america-termino-en-bronca-no-en-la-cancha-si-no-con-periodistas-ver-video\/"},"author":{"name":"enequipo","@id":"https:\/\/www.sonoraenequipo.com.mx\/#\/schema\/person\/50102df0fb23a8fa9e8effad8fa81386"},"headline":"El Cruz Azul vs Am\u00e9rica termin\u00f3 en bronca no en la cancha si no \u00a0con periodistas ver video","datePublished":"2024-12-09T20:50:51+00:00","mainEntityOfPage":{"@id":"https:\/\/www.sonoraenequipo.com.mx\/el-cruz-azul-vs-america-termino-en-bronca-no-en-la-cancha-si-no-con-periodistas-ver-video\/"},"wordCount":194,"commentCount":0,"publisher":{"@id":"https:\/\/www.sonoraenequipo.com.mx\/#organization"},"image":{"@id":"https:\/\/www.sonoraenequipo.com.mx\/el-cruz-azul-vs-america-termino-en-bronca-no-en-la-cancha-si-no-con-periodistas-ver-video\/#primaryimage"},"thumbnailUrl":"https:\/\/www.sonoraenequipo.com.mx\/storage\/2024\/12\/bronca-caz-ame.jpg","keywords":["aguilas del am\u00e9rica","club"],"articleSection":["Deportes"],"inLanguage":"es","potentialAction":[{"@type":"CommentAction","name":"Comment","target":["https:\/\/www.sonoraenequipo.com.mx\/el-cruz-azul-vs-america-termino-en-bronca-no-en-la-cancha-si-no-con-periodistas-ver-video\/#respond"]}]},{"@type":"WebPage","@id":"https:\/\/www.sonoraenequipo.com.mx\/el-cruz-azul-vs-america-termino-en-bronca-no-en-la-cancha-si-no-con-periodistas-ver-video\/","url":"https:\/\/www.sonoraenequipo.com.mx\/el-cruz-azul-vs-america-termino-en-bronca-no-en-la-cancha-si-no-con-periodistas-ver-video\/","name":"Sonora en Equipo. El Cruz Azul vs Am\u00e9rica termin\u00f3 en bronca no en la cancha si no \u00a0con periodistas ver video Deportes","isPartOf":{"@id":"https:\/\/www.sonoraenequipo.com.mx\/#website"},"primaryImageOfPage":{"@id":"https:\/\/www.sonoraenequipo.com.mx\/el-cruz-azul-vs-america-termino-en-bronca-no-en-la-cancha-si-no-con-periodistas-ver-video\/#primaryimage"},"image":{"@id":"https:\/\/www.sonoraenequipo.com.mx\/el-cruz-azul-vs-america-termino-en-bronca-no-en-la-cancha-si-no-con-periodistas-ver-video\/#primaryimage"},"thumbnailUrl":"https:\/\/www.sonoraenequipo.com.mx\/storage\/2024\/12\/bronca-caz-ame.jpg","datePublished":"2024-12-09T20:50:51+00:00","description":"CIUDAD DE M\u00c9XICO. \u2014 La derrota que sufri\u00f3 Cruz Azul en la semifinal de vuelta del Apertura 2024, y m\u00e1s por la forma en la que perdi\u00f3 nuevamente el equipo En Sonora en Equipo publicamos toda la informaci\u00f3n de Sonora, M\u00e9xico y el Mundo de manera oportuna y busca que la libertad de expresi\u00f3n sea real. Visita nuestro medio informativo publicado desde Hermosillo, Sonora. %","breadcrumb":{"@id":"https:\/\/www.sonoraenequipo.com.mx\/el-cruz-azul-vs-america-termino-en-bronca-no-en-la-cancha-si-no-con-periodistas-ver-video\/#breadcrumb"},"inLanguage":"es","potentialAction":[{"@type":"ReadAction","target":["https:\/\/www.sonoraenequipo.com.mx\/el-cruz-azul-vs-america-termino-en-bronca-no-en-la-cancha-si-no-con-periodistas-ver-video\/"]}]},{"@type":"ImageObject","inLanguage":"es","@id":"https:\/\/www.sonoraenequipo.com.mx\/el-cruz-azul-vs-america-termino-en-bronca-no-en-la-cancha-si-no-con-periodistas-ver-video\/#primaryimage","url":"https:\/\/www.sonoraenequipo.com.mx\/storage\/2024\/12\/bronca-caz-ame.jpg","contentUrl":"https:\/\/www.sonoraenequipo.com.mx\/storage\/2024\/12\/bronca-caz-ame.jpg","width":600,"height":400},{"@type":"BreadcrumbList","@id":"https:\/\/www.sonoraenequipo.com.mx\/el-cruz-azul-vs-america-termino-en-bronca-no-en-la-cancha-si-no-con-periodistas-ver-video\/#breadcrumb","itemListElement":[{"@type":"ListItem","position":1,"name":"Portada","item":"https:\/\/www.sonoraenequipo.com.mx\/"},{"@type":"ListItem","position":2,"name":"El Cruz Azul vs Am\u00e9rica termin\u00f3 en bronca no en la cancha si no \u00a0con periodistas ver video"}]},{"@type":"WebSite","@id":"https:\/\/www.sonoraenequipo.com.mx\/#website","url":"https:\/\/www.sonoraenequipo.com.mx\/","name":"Sonora en Equipo.","description":"Diario en l\u00ednea con Noticias desde Hermosillo, Sonora","publisher":{"@id":"https:\/\/www.sonoraenequipo.com.mx\/#organization"},"potentialAction":[{"@type":"SearchAction","target":{"@type":"EntryPoint","urlTemplate":"https:\/\/www.sonoraenequipo.com.mx\/?s={search_term_string}"},"query-input":{"@type":"PropertyValueSpecification","valueRequired":true,"valueName":"search_term_string"}}],"inLanguage":"es"},{"@type":"Organization","@id":"https:\/\/www.sonoraenequipo.com.mx\/#organization","name":"Sonoraenequipo.com.mx","url":"https:\/\/www.sonoraenequipo.com.mx\/","logo":{"@type":"ImageObject","inLanguage":"es","@id":"https:\/\/www.sonoraenequipo.com.mx\/#\/schema\/logo\/image\/","url":"https:\/\/www.sonoraenequipo.com.mx\/storage\/2019\/01\/sonoraenequipo_opt.png","contentUrl":"https:\/\/www.sonoraenequipo.com.mx\/storage\/2019\/01\/sonoraenequipo_opt.png","width":375,"height":125,"caption":"Sonoraenequipo.com.mx"},"image":{"@id":"https:\/\/www.sonoraenequipo.com.mx\/#\/schema\/logo\/image\/"},"sameAs":["https:\/\/www.facebook.com\/SonoraEE\/","https:\/\/x.com\/sonoraenequipo","https:\/\/www.youtube.com\/channel\/UC338nW-lPEYmJQs4ZABQ1SQ"]},{"@type":"Person","@id":"https:\/\/www.sonoraenequipo.com.mx\/#\/schema\/person\/50102df0fb23a8fa9e8effad8fa81386","name":"enequipo","image":{"@type":"ImageObject","inLanguage":"es","@id":"https:\/\/www.sonoraenequipo.com.mx\/#\/schema\/person\/image\/","url":"https:\/\/secure.gravatar.com\/avatar\/049821681b589dabc0bc20695993ccebb09f5b5d4d790cd9251b97faac7c652b?s=96&d=blank&r=g","contentUrl":"https:\/\/secure.gravatar.com\/avatar\/049821681b589dabc0bc20695993ccebb09f5b5d4d790cd9251b97faac7c652b?s=96&d=blank&r=g","caption":"enequipo"},"sameAs":["https:\/\/www.facebook.com\/SonoraEE"]}]}},"jetpack_featured_media_url":"https:\/\/www.sonoraenequipo.com.mx\/storage\/2024\/12\/bronca-caz-ame.jpg","_links":{"self":[{"href":"https:\/\/www.sonoraenequipo.com.mx\/api\/wp\/v2\/posts\/205893","targetHints":{"allow":["GET"]}}],"collection":[{"href":"https:\/\/www.sonoraenequipo.com.mx\/api\/wp\/v2\/posts"}],"about":[{"href":"https:\/\/www.sonoraenequipo.com.mx\/api\/wp\/v2\/types\/post"}],"author":[{"embeddable":true,"href":"https:\/\/www.sonoraenequipo.com.mx\/api\/wp\/v2\/users\/1"}],"replies":[{"embeddable":true,"href":"https:\/\/www.sonoraenequipo.com.mx\/api\/wp\/v2\/comments?post=205893"}],"version-history":[{"count":1,"href":"https:\/\/www.sonoraenequipo.com.mx\/api\/wp\/v2\/posts\/205893\/revisions"}],"predecessor-version":[{"id":205895,"href":"https:\/\/www.sonoraenequipo.com.mx\/api\/wp\/v2\/posts\/205893\/revisions\/205895"}],"wp:featuredmedia":[{"embeddable":true,"href":"https:\/\/www.sonoraenequipo.com.mx\/api\/wp\/v2\/media\/205894"}],"wp:attachment":[{"href":"https:\/\/www.sonoraenequipo.com.mx\/api\/wp\/v2\/media?parent=205893"}],"wp:term":[{"taxonomy":"category","embeddable":true,"href":"https:\/\/www.sonoraenequipo.com.mx\/api\/wp\/v2\/categories?post=205893"},{"taxonomy":"post_tag","embeddable":true,"href":"https:\/\/www.sonoraenequipo.com.mx\/api\/wp\/v2\/tags?post=205893"}],"curies":[{"name":"wp","href":"https:\/\/api.w.org\/{rel}","templated":true}]}}