{"id":205915,"date":"2024-12-10T09:55:13","date_gmt":"2024-12-10T16:55:13","guid":{"rendered":"https:\/\/www.sonoraenequipo.com.mx\/?p=205915"},"modified":"2024-12-10T09:59:50","modified_gmt":"2024-12-10T16:59:50","slug":"mexico-podria-implementar-un-programa-de-braceros-para-migrantes-centroamericanos","status":"publish","type":"post","link":"https:\/\/www.sonoraenequipo.com.mx\/mexico-podria-implementar-un-programa-de-braceros-para-migrantes-centroamericanos\/","title":{"rendered":"M\u00e9xico podr\u00eda implementar un programa de braceros para migrantes centroamericanos"},"content":{"rendered":"<p><strong>CIUDAD DE M\u00c9XICO. MX. \u2014<\/strong>&nbsp; El Consejo Nacional Agropecuario, ha pedido en varias ocasiones que se lance una campa\u00f1a para que M\u00e9xico establezca un tipo de Programa Bracero para trabajadores de Centroam\u00e9rica porque el campo mexicano se est\u00e1 despoblando de fuerza de trabajo.<\/p>\n<p>&nbsp;<\/p>\n<p>&nbsp;<\/p>\n<p> <\/p>\n<p>Las cifras que report\u00f3 durante el primer trimestre de 2024 el Instituto Nacional de Estad\u00edstica y Geograf\u00eda (INEGI) indicaban que en el \u00faltimo a\u00f1o, el n\u00famero de trabajadores en la agricultura, ganader\u00eda, silvicultura, caza y pesca se redujo en 192 mil 419.<\/p>\n<p>&nbsp;<\/p>\n<p>&nbsp;<\/p>\n<p>Un factor importante de la reducci\u00f3n de la poblaci\u00f3n que trabaja en el sector primario, espec\u00edficamente agr\u00edcola, se remonta al cambio de pol\u00edtica econ\u00f3mica desde finales de la d\u00e9cada de 1980 y principios de 1990 cuando fue implementado el nuevo modelo de desarrollo econ\u00f3mico, que se consolid\u00f3 con el Tratado de Libre Comercio.<\/p>\n<p>&nbsp;<\/p>\n<p>El problema de mano de obra ya se vio en el Valle del Yaqui desde el ciclo 2023-2024, lo que retraso algunas producciones, sobre todo en las hortalizas y que este a\u00f1o podr\u00eda repetirse.<\/p>\n<p>&nbsp;<\/p>\n<p>&nbsp;<\/p>\n<p>Esto se debe a una competitividad entre sectores, como la manufactura, construcci\u00f3n y la migraci\u00f3n, situaci\u00f3n que puede empeorar, pues con el miedo que hay ante la falta de siembras, el personal no podr\u00eda llegar a ser suficientes con el \u00e1rea que se tenga.<\/p>\n<p>&nbsp;<\/p>\n<p>&nbsp;<\/p>\n<p>Se ha se\u00f1alado que la cosecha de las hortalizas podr\u00eda generar gran mano de obra, pero muchos de los trabajadores no pueden esperar tanto tiempo por lo que optaran por otra forma de trabajo que les d\u00e9 para llevar comida a casa.<\/p>\n<p>&nbsp;<\/p>\n<p>&nbsp;<\/p>\n<p>PUBLICADO EL 10 DE DICIEMBRE DE 2024 Con informaci\u00f3n de Patricia Zazueta\/ redes sociales\/otros medios\/EE)<\/p>\n","protected":false},"excerpt":{"rendered":"<p>CIUDAD DE M\u00c9XICO. MX. \u2014&nbsp; El Consejo Nacional Agropecuario, ha pedido en varias ocasiones que&#8230;<\/p>\n","protected":false},"author":29,"featured_media":205916,"comment_status":"open","ping_status":"open","sticky":false,"template":"","format":"standard","meta":{"_monsterinsights_skip_tracking":false,"_monsterinsights_sitenote_active":false,"_monsterinsights_sitenote_note":"","_monsterinsights_sitenote_category":0,"footnotes":""},"categories":[5],"tags":[],"class_list":["post"],"yoast_head":" \n<title>Sonora en Equipo. M\u00e9xico podr\u00eda implementar un programa de braceros para migrantes centroamericanos Rep\u00fablica<\/title>\n<meta name=\"description\" content=\"CIUDAD DE M\u00c9XICO. MX. \u2014&nbsp; El Consejo Nacional Agropecuario, ha pedido en varias ocasiones que se lance una campa\u00f1a para que M\u00e9xico establezca un tipo En Sonora en Equipo publicamos toda la informaci\u00f3n de Sonora, M\u00e9xico y el Mundo de manera oportuna y busca que la libertad de expresi\u00f3n sea real. Visita nuestro medio informativo publicado desde Hermosillo, Sonora. %\" \/>\n<meta name=\"robots\" content=\"index, follow, max-snippet:-1, max-image-preview:large, max-video-preview:-1\" \/>\n<link rel=\"canonical\" href=\"https:\/\/www.sonoraenequipo.com.mx\/mexico-podria-implementar-un-programa-de-braceros-para-migrantes-centroamericanos\/\" \/>\n<meta property=\"og:locale\" content=\"es_ES\" \/>\n<meta property=\"og:type\" content=\"article\" \/>\n<meta property=\"og:title\" content=\"Sonora en Equipo. M\u00e9xico podr\u00eda implementar un programa de braceros para migrantes centroamericanos Rep\u00fablica\" \/>\n<meta property=\"og:description\" content=\"CIUDAD DE M\u00c9XICO. MX. \u2014&nbsp; El Consejo Nacional Agropecuario, ha pedido en varias ocasiones que se lance una campa\u00f1a para que M\u00e9xico establezca un tipo En Sonora en Equipo publicamos toda la informaci\u00f3n de Sonora, M\u00e9xico y el Mundo de manera oportuna y busca que la libertad de expresi\u00f3n sea real. Visita nuestro medio informativo publicado desde Hermosillo, Sonora. %\" \/>\n<meta property=\"og:url\" content=\"https:\/\/www.sonoraenequipo.com.mx\/mexico-podria-implementar-un-programa-de-braceros-para-migrantes-centroamericanos\/\" \/>\n<meta property=\"og:site_name\" content=\"Sonora en Equipo.\" \/>\n<meta property=\"article:publisher\" content=\"https:\/\/www.facebook.com\/SonoraEE\/\" \/>\n<meta property=\"article:published_time\" content=\"2024-12-10T16:55:13+00:00\" \/>\n<meta property=\"article:modified_time\" content=\"2024-12-10T16:59:50+00:00\" \/>\n<meta property=\"og:image\" content=\"https:\/\/www.sonoraenequipo.com.mx\/storage\/2024\/12\/campo-cultivos-min.jpg\" \/>\n\t<meta property=\"og:image:width\" content=\"1000\" \/>\n\t<meta property=\"og:image:height\" content=\"615\" \/>\n\t<meta property=\"og:image:type\" content=\"image\/jpeg\" \/>\n<meta name=\"author\" content=\"Patricia Zazueta Zazueta\" \/>\n<meta name=\"twitter:card\" content=\"summary_large_image\" \/>\n<meta name=\"twitter:creator\" content=\"@sonoraenequipo\" \/>\n<meta name=\"twitter:site\" content=\"@sonoraenequipo\" \/>\n<meta name=\"twitter:label1\" content=\"Escrito por\" \/>\n\t<meta name=\"twitter:data1\" content=\"Patricia Zazueta Zazueta\" \/>\n\t<meta name=\"twitter:label2\" content=\"Tiempo de lectura\" \/>\n\t<meta name=\"twitter:data2\" content=\"2 minutos\" \/>\n<script type=\"application\/ld+json\" class=\"yoast-schema-graph\">{\"@context\":\"https:\/\/schema.org\",\"@graph\":[{\"@type\":\"Article\",\"@id\":\"https:\/\/www.sonoraenequipo.com.mx\/mexico-podria-implementar-un-programa-de-braceros-para-migrantes-centroamericanos\/#article\",\"isPartOf\":{\"@id\":\"https:\/\/www.sonoraenequipo.com.mx\/mexico-podria-implementar-un-programa-de-braceros-para-migrantes-centroamericanos\/\"},\"author\":{\"name\":\"Patricia Zazueta Zazueta\",\"@id\":\"https:\/\/www.sonoraenequipo.com.mx\/#\/schema\/person\/f2099c3f73c4deb50bcf06e2141b262a\"},\"headline\":\"M\u00e9xico podr\u00eda implementar un programa de braceros para migrantes centroamericanos\",\"datePublished\":\"2024-12-10T16:55:13+00:00\",\"dateModified\":\"2024-12-10T16:59:50+00:00\",\"mainEntityOfPage\":{\"@id\":\"https:\/\/www.sonoraenequipo.com.mx\/mexico-podria-implementar-un-programa-de-braceros-para-migrantes-centroamericanos\/\"},\"wordCount\":317,\"commentCount\":0,\"publisher\":{\"@id\":\"https:\/\/www.sonoraenequipo.com.mx\/#organization\"},\"image\":{\"@id\":\"https:\/\/www.sonoraenequipo.com.mx\/mexico-podria-implementar-un-programa-de-braceros-para-migrantes-centroamericanos\/#primaryimage\"},\"thumbnailUrl\":\"https:\/\/www.sonoraenequipo.com.mx\/storage\/2024\/12\/campo-cultivos-min.jpg\",\"articleSection\":[\"Rep\u00fablica\"],\"inLanguage\":\"es\",\"potentialAction\":[{\"@type\":\"CommentAction\",\"name\":\"Comment\",\"target\":[\"https:\/\/www.sonoraenequipo.com.mx\/mexico-podria-implementar-un-programa-de-braceros-para-migrantes-centroamericanos\/#respond\"]}]},{\"@type\":\"WebPage\",\"@id\":\"https:\/\/www.sonoraenequipo.com.mx\/mexico-podria-implementar-un-programa-de-braceros-para-migrantes-centroamericanos\/\",\"url\":\"https:\/\/www.sonoraenequipo.com.mx\/mexico-podria-implementar-un-programa-de-braceros-para-migrantes-centroamericanos\/\",\"name\":\"Sonora en Equipo. M\u00e9xico podr\u00eda implementar un programa de braceros para migrantes centroamericanos Rep\u00fablica\",\"isPartOf\":{\"@id\":\"https:\/\/www.sonoraenequipo.com.mx\/#website\"},\"primaryImageOfPage\":{\"@id\":\"https:\/\/www.sonoraenequipo.com.mx\/mexico-podria-implementar-un-programa-de-braceros-para-migrantes-centroamericanos\/#primaryimage\"},\"image\":{\"@id\":\"https:\/\/www.sonoraenequipo.com.mx\/mexico-podria-implementar-un-programa-de-braceros-para-migrantes-centroamericanos\/#primaryimage\"},\"thumbnailUrl\":\"https:\/\/www.sonoraenequipo.com.mx\/storage\/2024\/12\/campo-cultivos-min.jpg\",\"datePublished\":\"2024-12-10T16:55:13+00:00\",\"dateModified\":\"2024-12-10T16:59:50+00:00\",\"description\":\"CIUDAD DE M\u00c9XICO. MX. \u2014&nbsp; El Consejo Nacional Agropecuario, ha pedido en varias ocasiones que se lance una campa\u00f1a para que M\u00e9xico establezca un tipo En Sonora en Equipo publicamos toda la informaci\u00f3n de Sonora, M\u00e9xico y el Mundo de manera oportuna y busca que la libertad de expresi\u00f3n sea real. Visita nuestro medio informativo publicado desde Hermosillo, Sonora. %\",\"breadcrumb\":{\"@id\":\"https:\/\/www.sonoraenequipo.com.mx\/mexico-podria-implementar-un-programa-de-braceros-para-migrantes-centroamericanos\/#breadcrumb\"},\"inLanguage\":\"es\",\"potentialAction\":[{\"@type\":\"ReadAction\",\"target\":[\"https:\/\/www.sonoraenequipo.com.mx\/mexico-podria-implementar-un-programa-de-braceros-para-migrantes-centroamericanos\/\"]}]},{\"@type\":\"ImageObject\",\"inLanguage\":\"es\",\"@id\":\"https:\/\/www.sonoraenequipo.com.mx\/mexico-podria-implementar-un-programa-de-braceros-para-migrantes-centroamericanos\/#primaryimage\",\"url\":\"https:\/\/www.sonoraenequipo.com.mx\/storage\/2024\/12\/campo-cultivos-min.jpg\",\"contentUrl\":\"https:\/\/www.sonoraenequipo.com.mx\/storage\/2024\/12\/campo-cultivos-min.jpg\",\"width\":1000,\"height\":615},{\"@type\":\"BreadcrumbList\",\"@id\":\"https:\/\/www.sonoraenequipo.com.mx\/mexico-podria-implementar-un-programa-de-braceros-para-migrantes-centroamericanos\/#breadcrumb\",\"itemListElement\":[{\"@type\":\"ListItem\",\"position\":1,\"name\":\"Portada\",\"item\":\"https:\/\/www.sonoraenequipo.com.mx\/\"},{\"@type\":\"ListItem\",\"position\":2,\"name\":\"M\u00e9xico podr\u00eda implementar un programa de braceros para migrantes centroamericanos\"}]},{\"@type\":\"WebSite\",\"@id\":\"https:\/\/www.sonoraenequipo.com.mx\/#website\",\"url\":\"https:\/\/www.sonoraenequipo.com.mx\/\",\"name\":\"Sonora en Equipo.\",\"description\":\"Diario en l\u00ednea con Noticias desde Hermosillo, Sonora\",\"publisher\":{\"@id\":\"https:\/\/www.sonoraenequipo.com.mx\/#organization\"},\"potentialAction\":[{\"@type\":\"SearchAction\",\"target\":{\"@type\":\"EntryPoint\",\"urlTemplate\":\"https:\/\/www.sonoraenequipo.com.mx\/?s={search_term_string}\"},\"query-input\":{\"@type\":\"PropertyValueSpecification\",\"valueRequired\":true,\"valueName\":\"search_term_string\"}}],\"inLanguage\":\"es\"},{\"@type\":\"Organization\",\"@id\":\"https:\/\/www.sonoraenequipo.com.mx\/#organization\",\"name\":\"Sonoraenequipo.com.mx\",\"url\":\"https:\/\/www.sonoraenequipo.com.mx\/\",\"logo\":{\"@type\":\"ImageObject\",\"inLanguage\":\"es\",\"@id\":\"https:\/\/www.sonoraenequipo.com.mx\/#\/schema\/logo\/image\/\",\"url\":\"https:\/\/www.sonoraenequipo.com.mx\/storage\/2019\/01\/sonoraenequipo_opt.png\",\"contentUrl\":\"https:\/\/www.sonoraenequipo.com.mx\/storage\/2019\/01\/sonoraenequipo_opt.png\",\"width\":375,\"height\":125,\"caption\":\"Sonoraenequipo.com.mx\"},\"image\":{\"@id\":\"https:\/\/www.sonoraenequipo.com.mx\/#\/schema\/logo\/image\/\"},\"sameAs\":[\"https:\/\/www.facebook.com\/SonoraEE\/\",\"https:\/\/x.com\/sonoraenequipo\",\"https:\/\/www.youtube.com\/channel\/UC338nW-lPEYmJQs4ZABQ1SQ\"]},{\"@type\":\"Person\",\"@id\":\"https:\/\/www.sonoraenequipo.com.mx\/#\/schema\/person\/f2099c3f73c4deb50bcf06e2141b262a\",\"name\":\"Patricia Zazueta Zazueta\",\"image\":{\"@type\":\"ImageObject\",\"inLanguage\":\"es\",\"@id\":\"https:\/\/www.sonoraenequipo.com.mx\/#\/schema\/person\/image\/\",\"url\":\"https:\/\/secure.gravatar.com\/avatar\/db22bf427cd910e3f7e1812847b5c313765decc254730ced3412c484f395809a?s=96&d=blank&r=g\",\"contentUrl\":\"https:\/\/secure.gravatar.com\/avatar\/db22bf427cd910e3f7e1812847b5c313765decc254730ced3412c484f395809a?s=96&d=blank&r=g\",\"caption\":\"Patricia Zazueta Zazueta\"},\"sameAs\":[\"http:\/\/www.sonoraenequipo.com.mx\"]}]}<\/script>\n ","yoast_head_json":{"title":"Sonora en Equipo. M\u00e9xico podr\u00eda implementar un programa de braceros para migrantes centroamericanos Rep\u00fablica","description":"CIUDAD DE M\u00c9XICO. MX. \u2014&nbsp; El Consejo Nacional Agropecuario, ha pedido en varias ocasiones que se lance una campa\u00f1a para que M\u00e9xico establezca un tipo En Sonora en Equipo publicamos toda la informaci\u00f3n de Sonora, M\u00e9xico y el Mundo de manera oportuna y busca que la libertad de expresi\u00f3n sea real. Visita nuestro medio informativo publicado desde Hermosillo, Sonora. %","robots":{"index":"index","follow":"follow","max-snippet":"max-snippet:-1","max-image-preview":"max-image-preview:large","max-video-preview":"max-video-preview:-1"},"canonical":"https:\/\/www.sonoraenequipo.com.mx\/mexico-podria-implementar-un-programa-de-braceros-para-migrantes-centroamericanos\/","og_locale":"es_ES","og_type":"article","og_title":"Sonora en Equipo. M\u00e9xico podr\u00eda implementar un programa de braceros para migrantes centroamericanos Rep\u00fablica","og_description":"CIUDAD DE M\u00c9XICO. MX. \u2014&nbsp; El Consejo Nacional Agropecuario, ha pedido en varias ocasiones que se lance una campa\u00f1a para que M\u00e9xico establezca un tipo En Sonora en Equipo publicamos toda la informaci\u00f3n de Sonora, M\u00e9xico y el Mundo de manera oportuna y busca que la libertad de expresi\u00f3n sea real. Visita nuestro medio informativo publicado desde Hermosillo, Sonora. %","og_url":"https:\/\/www.sonoraenequipo.com.mx\/mexico-podria-implementar-un-programa-de-braceros-para-migrantes-centroamericanos\/","og_site_name":"Sonora en Equipo.","article_publisher":"https:\/\/www.facebook.com\/SonoraEE\/","article_published_time":"2024-12-10T16:55:13+00:00","article_modified_time":"2024-12-10T16:59:50+00:00","og_image":[{"width":1000,"height":615,"url":"https:\/\/www.sonoraenequipo.com.mx\/storage\/2024\/12\/campo-cultivos-min.jpg","type":"image\/jpeg"}],"author":"Patricia Zazueta Zazueta","twitter_card":"summary_large_image","twitter_creator":"@sonoraenequipo","twitter_site":"@sonoraenequipo","twitter_misc":{"Escrito por":"Patricia Zazueta Zazueta","Tiempo de lectura":"2 minutos"},"schema":{"@context":"https:\/\/schema.org","@graph":[{"@type":"Article","@id":"https:\/\/www.sonoraenequipo.com.mx\/mexico-podria-implementar-un-programa-de-braceros-para-migrantes-centroamericanos\/#article","isPartOf":{"@id":"https:\/\/www.sonoraenequipo.com.mx\/mexico-podria-implementar-un-programa-de-braceros-para-migrantes-centroamericanos\/"},"author":{"name":"Patricia Zazueta Zazueta","@id":"https:\/\/www.sonoraenequipo.com.mx\/#\/schema\/person\/f2099c3f73c4deb50bcf06e2141b262a"},"headline":"M\u00e9xico podr\u00eda implementar un programa de braceros para migrantes centroamericanos","datePublished":"2024-12-10T16:55:13+00:00","dateModified":"2024-12-10T16:59:50+00:00","mainEntityOfPage":{"@id":"https:\/\/www.sonoraenequipo.com.mx\/mexico-podria-implementar-un-programa-de-braceros-para-migrantes-centroamericanos\/"},"wordCount":317,"commentCount":0,"publisher":{"@id":"https:\/\/www.sonoraenequipo.com.mx\/#organization"},"image":{"@id":"https:\/\/www.sonoraenequipo.com.mx\/mexico-podria-implementar-un-programa-de-braceros-para-migrantes-centroamericanos\/#primaryimage"},"thumbnailUrl":"https:\/\/www.sonoraenequipo.com.mx\/storage\/2024\/12\/campo-cultivos-min.jpg","articleSection":["Rep\u00fablica"],"inLanguage":"es","potentialAction":[{"@type":"CommentAction","name":"Comment","target":["https:\/\/www.sonoraenequipo.com.mx\/mexico-podria-implementar-un-programa-de-braceros-para-migrantes-centroamericanos\/#respond"]}]},{"@type":"WebPage","@id":"https:\/\/www.sonoraenequipo.com.mx\/mexico-podria-implementar-un-programa-de-braceros-para-migrantes-centroamericanos\/","url":"https:\/\/www.sonoraenequipo.com.mx\/mexico-podria-implementar-un-programa-de-braceros-para-migrantes-centroamericanos\/","name":"Sonora en Equipo. M\u00e9xico podr\u00eda implementar un programa de braceros para migrantes centroamericanos Rep\u00fablica","isPartOf":{"@id":"https:\/\/www.sonoraenequipo.com.mx\/#website"},"primaryImageOfPage":{"@id":"https:\/\/www.sonoraenequipo.com.mx\/mexico-podria-implementar-un-programa-de-braceros-para-migrantes-centroamericanos\/#primaryimage"},"image":{"@id":"https:\/\/www.sonoraenequipo.com.mx\/mexico-podria-implementar-un-programa-de-braceros-para-migrantes-centroamericanos\/#primaryimage"},"thumbnailUrl":"https:\/\/www.sonoraenequipo.com.mx\/storage\/2024\/12\/campo-cultivos-min.jpg","datePublished":"2024-12-10T16:55:13+00:00","dateModified":"2024-12-10T16:59:50+00:00","description":"CIUDAD DE M\u00c9XICO. MX. \u2014&nbsp; El Consejo Nacional Agropecuario, ha pedido en varias ocasiones que se lance una campa\u00f1a para que M\u00e9xico establezca un tipo En Sonora en Equipo publicamos toda la informaci\u00f3n de Sonora, M\u00e9xico y el Mundo de manera oportuna y busca que la libertad de expresi\u00f3n sea real. Visita nuestro medio informativo publicado desde Hermosillo, Sonora. %","breadcrumb":{"@id":"https:\/\/www.sonoraenequipo.com.mx\/mexico-podria-implementar-un-programa-de-braceros-para-migrantes-centroamericanos\/#breadcrumb"},"inLanguage":"es","potentialAction":[{"@type":"ReadAction","target":["https:\/\/www.sonoraenequipo.com.mx\/mexico-podria-implementar-un-programa-de-braceros-para-migrantes-centroamericanos\/"]}]},{"@type":"ImageObject","inLanguage":"es","@id":"https:\/\/www.sonoraenequipo.com.mx\/mexico-podria-implementar-un-programa-de-braceros-para-migrantes-centroamericanos\/#primaryimage","url":"https:\/\/www.sonoraenequipo.com.mx\/storage\/2024\/12\/campo-cultivos-min.jpg","contentUrl":"https:\/\/www.sonoraenequipo.com.mx\/storage\/2024\/12\/campo-cultivos-min.jpg","width":1000,"height":615},{"@type":"BreadcrumbList","@id":"https:\/\/www.sonoraenequipo.com.mx\/mexico-podria-implementar-un-programa-de-braceros-para-migrantes-centroamericanos\/#breadcrumb","itemListElement":[{"@type":"ListItem","position":1,"name":"Portada","item":"https:\/\/www.sonoraenequipo.com.mx\/"},{"@type":"ListItem","position":2,"name":"M\u00e9xico podr\u00eda implementar un programa de braceros para migrantes centroamericanos"}]},{"@type":"WebSite","@id":"https:\/\/www.sonoraenequipo.com.mx\/#website","url":"https:\/\/www.sonoraenequipo.com.mx\/","name":"Sonora en Equipo.","description":"Diario en l\u00ednea con Noticias desde Hermosillo, Sonora","publisher":{"@id":"https:\/\/www.sonoraenequipo.com.mx\/#organization"},"potentialAction":[{"@type":"SearchAction","target":{"@type":"EntryPoint","urlTemplate":"https:\/\/www.sonoraenequipo.com.mx\/?s={search_term_string}"},"query-input":{"@type":"PropertyValueSpecification","valueRequired":true,"valueName":"search_term_string"}}],"inLanguage":"es"},{"@type":"Organization","@id":"https:\/\/www.sonoraenequipo.com.mx\/#organization","name":"Sonoraenequipo.com.mx","url":"https:\/\/www.sonoraenequipo.com.mx\/","logo":{"@type":"ImageObject","inLanguage":"es","@id":"https:\/\/www.sonoraenequipo.com.mx\/#\/schema\/logo\/image\/","url":"https:\/\/www.sonoraenequipo.com.mx\/storage\/2019\/01\/sonoraenequipo_opt.png","contentUrl":"https:\/\/www.sonoraenequipo.com.mx\/storage\/2019\/01\/sonoraenequipo_opt.png","width":375,"height":125,"caption":"Sonoraenequipo.com.mx"},"image":{"@id":"https:\/\/www.sonoraenequipo.com.mx\/#\/schema\/logo\/image\/"},"sameAs":["https:\/\/www.facebook.com\/SonoraEE\/","https:\/\/x.com\/sonoraenequipo","https:\/\/www.youtube.com\/channel\/UC338nW-lPEYmJQs4ZABQ1SQ"]},{"@type":"Person","@id":"https:\/\/www.sonoraenequipo.com.mx\/#\/schema\/person\/f2099c3f73c4deb50bcf06e2141b262a","name":"Patricia Zazueta Zazueta","image":{"@type":"ImageObject","inLanguage":"es","@id":"https:\/\/www.sonoraenequipo.com.mx\/#\/schema\/person\/image\/","url":"https:\/\/secure.gravatar.com\/avatar\/db22bf427cd910e3f7e1812847b5c313765decc254730ced3412c484f395809a?s=96&d=blank&r=g","contentUrl":"https:\/\/secure.gravatar.com\/avatar\/db22bf427cd910e3f7e1812847b5c313765decc254730ced3412c484f395809a?s=96&d=blank&r=g","caption":"Patricia Zazueta Zazueta"},"sameAs":["http:\/\/www.sonoraenequipo.com.mx"]}]}},"jetpack_featured_media_url":"https:\/\/www.sonoraenequipo.com.mx\/storage\/2024\/12\/campo-cultivos-min.jpg","_links":{"self":[{"href":"https:\/\/www.sonoraenequipo.com.mx\/api\/wp\/v2\/posts\/205915","targetHints":{"allow":["GET"]}}],"collection":[{"href":"https:\/\/www.sonoraenequipo.com.mx\/api\/wp\/v2\/posts"}],"about":[{"href":"https:\/\/www.sonoraenequipo.com.mx\/api\/wp\/v2\/types\/post"}],"author":[{"embeddable":true,"href":"https:\/\/www.sonoraenequipo.com.mx\/api\/wp\/v2\/users\/29"}],"replies":[{"embeddable":true,"href":"https:\/\/www.sonoraenequipo.com.mx\/api\/wp\/v2\/comments?post=205915"}],"version-history":[{"count":2,"href":"https:\/\/www.sonoraenequipo.com.mx\/api\/wp\/v2\/posts\/205915\/revisions"}],"predecessor-version":[{"id":205919,"href":"https:\/\/www.sonoraenequipo.com.mx\/api\/wp\/v2\/posts\/205915\/revisions\/205919"}],"wp:featuredmedia":[{"embeddable":true,"href":"https:\/\/www.sonoraenequipo.com.mx\/api\/wp\/v2\/media\/205916"}],"wp:attachment":[{"href":"https:\/\/www.sonoraenequipo.com.mx\/api\/wp\/v2\/media?parent=205915"}],"wp:term":[{"taxonomy":"category","embeddable":true,"href":"https:\/\/www.sonoraenequipo.com.mx\/api\/wp\/v2\/categories?post=205915"},{"taxonomy":"post_tag","embeddable":true,"href":"https:\/\/www.sonoraenequipo.com.mx\/api\/wp\/v2\/tags?post=205915"}],"curies":[{"name":"wp","href":"https:\/\/api.w.org\/{rel}","templated":true}]}}