{"id":205921,"date":"2024-12-09T11:32:41","date_gmt":"2024-12-09T18:32:41","guid":{"rendered":"https:\/\/www.sonoraenequipo.com.mx\/?p=205921"},"modified":"2024-12-10T14:11:26","modified_gmt":"2024-12-10T21:11:26","slug":"contribuyen-universidades-tecnologicas-al-fortalecimiento-profesional-de-sonora-sec","status":"publish","type":"post","link":"https:\/\/www.sonoraenequipo.com.mx\/contribuyen-universidades-tecnologicas-al-fortalecimiento-profesional-de-sonora-sec\/","title":{"rendered":"Contribuyen universidades tecnol\u00f3gicas al fortalecimiento profesional de Sonora: SEC"},"content":{"rendered":"<p><strong>HERMOSILLO, SONORA. MX. \u2014<\/strong> Con m\u00e1s de dos mil profesionistas egresados en el \u00faltimo trimestre del a\u00f1o, las siete Universidades Tecnol\u00f3gicas (UT\u2019s) que brindan servicio educativo en la entidad, aportan talento humano bien capacitado y profesionistas comprometidos a transformar el ma\u00f1ana.<\/p>\n<p>&nbsp;<\/p>\n<p>&nbsp;<\/p>\n<p>&nbsp;<\/p>\n<p> <br \/>\nFroyl\u00e1n G\u00e1mez Gamboa, titular de la Secretar\u00eda de Educaci\u00f3n y Cultura (SEC), presidi\u00f3 la ceremonia de graduaci\u00f3n del alumnado de la Universidad Tecnol\u00f3gica de Hermosillo (UTH) que culmin\u00f3 sus estudios de T\u00e9cnico Superior Universitario (TSU), licenciatura e ingenier\u00eda en la generaci\u00f3n 2022-2024.<\/p>\n<p>&nbsp;<\/p>\n<p>&nbsp;<\/p>\n<p><em><strong>\u201cSonora tiene esperanza porque tiene j\u00f3venes como ustedes, preparados, decididos y conscientes de su papel en la construcci\u00f3n de un mejor porvenir. Sigamos so\u00f1ando en grande, sigamos creyendo en nuestro potencial y hagamos de Sonora el estado que todos queremos\u201d<\/strong><\/em>, enfatiz\u00f3 G\u00e1mez Gamboa.<\/p>\n<p>&nbsp;<\/p>\n<p>Los nuevos profesionistas concluyeron exitosamente sus estudios de los distintos programas educativos que ofrecen las Universidades Tecnol\u00f3gicas de Guaymas (UTG), de Puerto Pe\u00f1asco (UTPP), de San Luis R\u00edo Colorado (Utslrc), de Etchojoa (UTE) y del Sur de Sonora (UTS).<\/p>\n<p>&nbsp;<\/p>\n<p>&nbsp;<\/p>\n<p>Autoridades educativas, rectores y directivos de dichas instituciones coincidieron en que los graduados enfrentar\u00e1n nuevos desaf\u00edos en sus respectivas \u00e1reas de estudio, llevando consigo los valores y conocimientos adquiridos durante su paso por las diferentes casas de estudios.<\/p>\n<p>&nbsp;<\/p>\n<p>&nbsp;<\/p>\n<p>&nbsp;<\/p>\n<p>PUBLICADO EL 09 DE DICIEMBRE DE 2024 Con informaci\u00f3n de GOBSON)<\/p>\n","protected":false},"excerpt":{"rendered":"<p>HERMOSILLO, SONORA. MX. \u2014 Con m\u00e1s de dos mil profesionistas egresados en el \u00faltimo trimestre&#8230;<\/p>\n","protected":false},"author":1,"featured_media":205931,"comment_status":"open","ping_status":"open","sticky":false,"template":"","format":"standard","meta":{"_monsterinsights_skip_tracking":false,"_monsterinsights_sitenote_active":false,"_monsterinsights_sitenote_note":"","_monsterinsights_sitenote_category":0,"footnotes":""},"categories":[22],"tags":[],"class_list":["post"],"yoast_head":" \n<title>Sonora en Equipo. Contribuyen universidades tecnol\u00f3gicas al fortalecimiento profesional de Sonora: SEC Sonora<\/title>\n<meta name=\"description\" content=\"HERMOSILLO, SONORA. MX. \u2014 Con m\u00e1s de dos mil profesionistas egresados en el \u00faltimo trimestre del a\u00f1o, las siete Universidades Tecnol\u00f3gicas (UT\u2019s) que En Sonora en Equipo publicamos toda la informaci\u00f3n de Sonora, M\u00e9xico y el Mundo de manera oportuna y busca que la libertad de expresi\u00f3n sea real. Visita nuestro medio informativo publicado desde Hermosillo, Sonora. %\" \/>\n<meta name=\"robots\" content=\"index, follow, max-snippet:-1, max-image-preview:large, max-video-preview:-1\" \/>\n<link rel=\"canonical\" href=\"https:\/\/www.sonoraenequipo.com.mx\/contribuyen-universidades-tecnologicas-al-fortalecimiento-profesional-de-sonora-sec\/\" \/>\n<meta property=\"og:locale\" content=\"es_ES\" \/>\n<meta property=\"og:type\" content=\"article\" \/>\n<meta property=\"og:title\" content=\"Sonora en Equipo. Contribuyen universidades tecnol\u00f3gicas al fortalecimiento profesional de Sonora: SEC Sonora\" \/>\n<meta property=\"og:description\" content=\"HERMOSILLO, SONORA. MX. \u2014 Con m\u00e1s de dos mil profesionistas egresados en el \u00faltimo trimestre del a\u00f1o, las siete Universidades Tecnol\u00f3gicas (UT\u2019s) que En Sonora en Equipo publicamos toda la informaci\u00f3n de Sonora, M\u00e9xico y el Mundo de manera oportuna y busca que la libertad de expresi\u00f3n sea real. Visita nuestro medio informativo publicado desde Hermosillo, Sonora. %\" \/>\n<meta property=\"og:url\" content=\"https:\/\/www.sonoraenequipo.com.mx\/contribuyen-universidades-tecnologicas-al-fortalecimiento-profesional-de-sonora-sec\/\" \/>\n<meta property=\"og:site_name\" content=\"Sonora en Equipo.\" \/>\n<meta property=\"article:publisher\" content=\"https:\/\/www.facebook.com\/SonoraEE\/\" \/>\n<meta property=\"article:author\" content=\"https:\/\/www.facebook.com\/SonoraEE\" \/>\n<meta property=\"article:published_time\" content=\"2024-12-09T18:32:41+00:00\" \/>\n<meta property=\"article:modified_time\" content=\"2024-12-10T21:11:26+00:00\" \/>\n<meta property=\"og:image\" content=\"https:\/\/www.sonoraenequipo.com.mx\/storage\/2024\/12\/sec-graduacion-min.jpg\" \/>\n\t<meta property=\"og:image:width\" content=\"1000\" \/>\n\t<meta property=\"og:image:height\" content=\"562\" \/>\n\t<meta property=\"og:image:type\" content=\"image\/jpeg\" \/>\n<meta name=\"author\" content=\"enequipo\" \/>\n<meta name=\"twitter:card\" content=\"summary_large_image\" \/>\n<meta name=\"twitter:creator\" content=\"@sonoraenequipo\" \/>\n<meta name=\"twitter:site\" content=\"@sonoraenequipo\" \/>\n<meta name=\"twitter:label1\" content=\"Escrito por\" \/>\n\t<meta name=\"twitter:data1\" content=\"enequipo\" \/>\n\t<meta name=\"twitter:label2\" content=\"Tiempo de lectura\" \/>\n\t<meta name=\"twitter:data2\" content=\"1 minuto\" \/>\n<script type=\"application\/ld+json\" class=\"yoast-schema-graph\">{\"@context\":\"https:\/\/schema.org\",\"@graph\":[{\"@type\":\"Article\",\"@id\":\"https:\/\/www.sonoraenequipo.com.mx\/contribuyen-universidades-tecnologicas-al-fortalecimiento-profesional-de-sonora-sec\/#article\",\"isPartOf\":{\"@id\":\"https:\/\/www.sonoraenequipo.com.mx\/contribuyen-universidades-tecnologicas-al-fortalecimiento-profesional-de-sonora-sec\/\"},\"author\":{\"name\":\"enequipo\",\"@id\":\"https:\/\/www.sonoraenequipo.com.mx\/#\/schema\/person\/50102df0fb23a8fa9e8effad8fa81386\"},\"headline\":\"Contribuyen universidades tecnol\u00f3gicas al fortalecimiento profesional de Sonora: SEC\",\"datePublished\":\"2024-12-09T18:32:41+00:00\",\"dateModified\":\"2024-12-10T21:11:26+00:00\",\"mainEntityOfPage\":{\"@id\":\"https:\/\/www.sonoraenequipo.com.mx\/contribuyen-universidades-tecnologicas-al-fortalecimiento-profesional-de-sonora-sec\/\"},\"wordCount\":256,\"commentCount\":0,\"publisher\":{\"@id\":\"https:\/\/www.sonoraenequipo.com.mx\/#organization\"},\"image\":{\"@id\":\"https:\/\/www.sonoraenequipo.com.mx\/contribuyen-universidades-tecnologicas-al-fortalecimiento-profesional-de-sonora-sec\/#primaryimage\"},\"thumbnailUrl\":\"https:\/\/www.sonoraenequipo.com.mx\/storage\/2024\/12\/sec-graduacion-min.jpg\",\"articleSection\":[\"Sonora\"],\"inLanguage\":\"es\",\"potentialAction\":[{\"@type\":\"CommentAction\",\"name\":\"Comment\",\"target\":[\"https:\/\/www.sonoraenequipo.com.mx\/contribuyen-universidades-tecnologicas-al-fortalecimiento-profesional-de-sonora-sec\/#respond\"]}]},{\"@type\":\"WebPage\",\"@id\":\"https:\/\/www.sonoraenequipo.com.mx\/contribuyen-universidades-tecnologicas-al-fortalecimiento-profesional-de-sonora-sec\/\",\"url\":\"https:\/\/www.sonoraenequipo.com.mx\/contribuyen-universidades-tecnologicas-al-fortalecimiento-profesional-de-sonora-sec\/\",\"name\":\"Sonora en Equipo. Contribuyen universidades tecnol\u00f3gicas al fortalecimiento profesional de Sonora: SEC Sonora\",\"isPartOf\":{\"@id\":\"https:\/\/www.sonoraenequipo.com.mx\/#website\"},\"primaryImageOfPage\":{\"@id\":\"https:\/\/www.sonoraenequipo.com.mx\/contribuyen-universidades-tecnologicas-al-fortalecimiento-profesional-de-sonora-sec\/#primaryimage\"},\"image\":{\"@id\":\"https:\/\/www.sonoraenequipo.com.mx\/contribuyen-universidades-tecnologicas-al-fortalecimiento-profesional-de-sonora-sec\/#primaryimage\"},\"thumbnailUrl\":\"https:\/\/www.sonoraenequipo.com.mx\/storage\/2024\/12\/sec-graduacion-min.jpg\",\"datePublished\":\"2024-12-09T18:32:41+00:00\",\"dateModified\":\"2024-12-10T21:11:26+00:00\",\"description\":\"HERMOSILLO, SONORA. MX. \u2014 Con m\u00e1s de dos mil profesionistas egresados en el \u00faltimo trimestre del a\u00f1o, las siete Universidades Tecnol\u00f3gicas (UT\u2019s) que En Sonora en Equipo publicamos toda la informaci\u00f3n de Sonora, M\u00e9xico y el Mundo de manera oportuna y busca que la libertad de expresi\u00f3n sea real. Visita nuestro medio informativo publicado desde Hermosillo, Sonora. %\",\"breadcrumb\":{\"@id\":\"https:\/\/www.sonoraenequipo.com.mx\/contribuyen-universidades-tecnologicas-al-fortalecimiento-profesional-de-sonora-sec\/#breadcrumb\"},\"inLanguage\":\"es\",\"potentialAction\":[{\"@type\":\"ReadAction\",\"target\":[\"https:\/\/www.sonoraenequipo.com.mx\/contribuyen-universidades-tecnologicas-al-fortalecimiento-profesional-de-sonora-sec\/\"]}]},{\"@type\":\"ImageObject\",\"inLanguage\":\"es\",\"@id\":\"https:\/\/www.sonoraenequipo.com.mx\/contribuyen-universidades-tecnologicas-al-fortalecimiento-profesional-de-sonora-sec\/#primaryimage\",\"url\":\"https:\/\/www.sonoraenequipo.com.mx\/storage\/2024\/12\/sec-graduacion-min.jpg\",\"contentUrl\":\"https:\/\/www.sonoraenequipo.com.mx\/storage\/2024\/12\/sec-graduacion-min.jpg\",\"width\":1000,\"height\":562},{\"@type\":\"BreadcrumbList\",\"@id\":\"https:\/\/www.sonoraenequipo.com.mx\/contribuyen-universidades-tecnologicas-al-fortalecimiento-profesional-de-sonora-sec\/#breadcrumb\",\"itemListElement\":[{\"@type\":\"ListItem\",\"position\":1,\"name\":\"Portada\",\"item\":\"https:\/\/www.sonoraenequipo.com.mx\/\"},{\"@type\":\"ListItem\",\"position\":2,\"name\":\"Contribuyen universidades tecnol\u00f3gicas al fortalecimiento profesional de Sonora: SEC\"}]},{\"@type\":\"WebSite\",\"@id\":\"https:\/\/www.sonoraenequipo.com.mx\/#website\",\"url\":\"https:\/\/www.sonoraenequipo.com.mx\/\",\"name\":\"Sonora en Equipo.\",\"description\":\"Diario en l\u00ednea con Noticias desde Hermosillo, Sonora\",\"publisher\":{\"@id\":\"https:\/\/www.sonoraenequipo.com.mx\/#organization\"},\"potentialAction\":[{\"@type\":\"SearchAction\",\"target\":{\"@type\":\"EntryPoint\",\"urlTemplate\":\"https:\/\/www.sonoraenequipo.com.mx\/?s={search_term_string}\"},\"query-input\":{\"@type\":\"PropertyValueSpecification\",\"valueRequired\":true,\"valueName\":\"search_term_string\"}}],\"inLanguage\":\"es\"},{\"@type\":\"Organization\",\"@id\":\"https:\/\/www.sonoraenequipo.com.mx\/#organization\",\"name\":\"Sonoraenequipo.com.mx\",\"url\":\"https:\/\/www.sonoraenequipo.com.mx\/\",\"logo\":{\"@type\":\"ImageObject\",\"inLanguage\":\"es\",\"@id\":\"https:\/\/www.sonoraenequipo.com.mx\/#\/schema\/logo\/image\/\",\"url\":\"https:\/\/www.sonoraenequipo.com.mx\/storage\/2019\/01\/sonoraenequipo_opt.png\",\"contentUrl\":\"https:\/\/www.sonoraenequipo.com.mx\/storage\/2019\/01\/sonoraenequipo_opt.png\",\"width\":375,\"height\":125,\"caption\":\"Sonoraenequipo.com.mx\"},\"image\":{\"@id\":\"https:\/\/www.sonoraenequipo.com.mx\/#\/schema\/logo\/image\/\"},\"sameAs\":[\"https:\/\/www.facebook.com\/SonoraEE\/\",\"https:\/\/x.com\/sonoraenequipo\",\"https:\/\/www.youtube.com\/channel\/UC338nW-lPEYmJQs4ZABQ1SQ\"]},{\"@type\":\"Person\",\"@id\":\"https:\/\/www.sonoraenequipo.com.mx\/#\/schema\/person\/50102df0fb23a8fa9e8effad8fa81386\",\"name\":\"enequipo\",\"image\":{\"@type\":\"ImageObject\",\"inLanguage\":\"es\",\"@id\":\"https:\/\/www.sonoraenequipo.com.mx\/#\/schema\/person\/image\/\",\"url\":\"https:\/\/secure.gravatar.com\/avatar\/049821681b589dabc0bc20695993ccebb09f5b5d4d790cd9251b97faac7c652b?s=96&d=blank&r=g\",\"contentUrl\":\"https:\/\/secure.gravatar.com\/avatar\/049821681b589dabc0bc20695993ccebb09f5b5d4d790cd9251b97faac7c652b?s=96&d=blank&r=g\",\"caption\":\"enequipo\"},\"sameAs\":[\"https:\/\/www.facebook.com\/SonoraEE\"]}]}<\/script>\n ","yoast_head_json":{"title":"Sonora en Equipo. Contribuyen universidades tecnol\u00f3gicas al fortalecimiento profesional de Sonora: SEC Sonora","description":"HERMOSILLO, SONORA. MX. \u2014 Con m\u00e1s de dos mil profesionistas egresados en el \u00faltimo trimestre del a\u00f1o, las siete Universidades Tecnol\u00f3gicas (UT\u2019s) que En Sonora en Equipo publicamos toda la informaci\u00f3n de Sonora, M\u00e9xico y el Mundo de manera oportuna y busca que la libertad de expresi\u00f3n sea real. Visita nuestro medio informativo publicado desde Hermosillo, Sonora. %","robots":{"index":"index","follow":"follow","max-snippet":"max-snippet:-1","max-image-preview":"max-image-preview:large","max-video-preview":"max-video-preview:-1"},"canonical":"https:\/\/www.sonoraenequipo.com.mx\/contribuyen-universidades-tecnologicas-al-fortalecimiento-profesional-de-sonora-sec\/","og_locale":"es_ES","og_type":"article","og_title":"Sonora en Equipo. Contribuyen universidades tecnol\u00f3gicas al fortalecimiento profesional de Sonora: SEC Sonora","og_description":"HERMOSILLO, SONORA. MX. \u2014 Con m\u00e1s de dos mil profesionistas egresados en el \u00faltimo trimestre del a\u00f1o, las siete Universidades Tecnol\u00f3gicas (UT\u2019s) que En Sonora en Equipo publicamos toda la informaci\u00f3n de Sonora, M\u00e9xico y el Mundo de manera oportuna y busca que la libertad de expresi\u00f3n sea real. Visita nuestro medio informativo publicado desde Hermosillo, Sonora. %","og_url":"https:\/\/www.sonoraenequipo.com.mx\/contribuyen-universidades-tecnologicas-al-fortalecimiento-profesional-de-sonora-sec\/","og_site_name":"Sonora en Equipo.","article_publisher":"https:\/\/www.facebook.com\/SonoraEE\/","article_author":"https:\/\/www.facebook.com\/SonoraEE","article_published_time":"2024-12-09T18:32:41+00:00","article_modified_time":"2024-12-10T21:11:26+00:00","og_image":[{"width":1000,"height":562,"url":"https:\/\/www.sonoraenequipo.com.mx\/storage\/2024\/12\/sec-graduacion-min.jpg","type":"image\/jpeg"}],"author":"enequipo","twitter_card":"summary_large_image","twitter_creator":"@sonoraenequipo","twitter_site":"@sonoraenequipo","twitter_misc":{"Escrito por":"enequipo","Tiempo de lectura":"1 minuto"},"schema":{"@context":"https:\/\/schema.org","@graph":[{"@type":"Article","@id":"https:\/\/www.sonoraenequipo.com.mx\/contribuyen-universidades-tecnologicas-al-fortalecimiento-profesional-de-sonora-sec\/#article","isPartOf":{"@id":"https:\/\/www.sonoraenequipo.com.mx\/contribuyen-universidades-tecnologicas-al-fortalecimiento-profesional-de-sonora-sec\/"},"author":{"name":"enequipo","@id":"https:\/\/www.sonoraenequipo.com.mx\/#\/schema\/person\/50102df0fb23a8fa9e8effad8fa81386"},"headline":"Contribuyen universidades tecnol\u00f3gicas al fortalecimiento profesional de Sonora: SEC","datePublished":"2024-12-09T18:32:41+00:00","dateModified":"2024-12-10T21:11:26+00:00","mainEntityOfPage":{"@id":"https:\/\/www.sonoraenequipo.com.mx\/contribuyen-universidades-tecnologicas-al-fortalecimiento-profesional-de-sonora-sec\/"},"wordCount":256,"commentCount":0,"publisher":{"@id":"https:\/\/www.sonoraenequipo.com.mx\/#organization"},"image":{"@id":"https:\/\/www.sonoraenequipo.com.mx\/contribuyen-universidades-tecnologicas-al-fortalecimiento-profesional-de-sonora-sec\/#primaryimage"},"thumbnailUrl":"https:\/\/www.sonoraenequipo.com.mx\/storage\/2024\/12\/sec-graduacion-min.jpg","articleSection":["Sonora"],"inLanguage":"es","potentialAction":[{"@type":"CommentAction","name":"Comment","target":["https:\/\/www.sonoraenequipo.com.mx\/contribuyen-universidades-tecnologicas-al-fortalecimiento-profesional-de-sonora-sec\/#respond"]}]},{"@type":"WebPage","@id":"https:\/\/www.sonoraenequipo.com.mx\/contribuyen-universidades-tecnologicas-al-fortalecimiento-profesional-de-sonora-sec\/","url":"https:\/\/www.sonoraenequipo.com.mx\/contribuyen-universidades-tecnologicas-al-fortalecimiento-profesional-de-sonora-sec\/","name":"Sonora en Equipo. Contribuyen universidades tecnol\u00f3gicas al fortalecimiento profesional de Sonora: SEC Sonora","isPartOf":{"@id":"https:\/\/www.sonoraenequipo.com.mx\/#website"},"primaryImageOfPage":{"@id":"https:\/\/www.sonoraenequipo.com.mx\/contribuyen-universidades-tecnologicas-al-fortalecimiento-profesional-de-sonora-sec\/#primaryimage"},"image":{"@id":"https:\/\/www.sonoraenequipo.com.mx\/contribuyen-universidades-tecnologicas-al-fortalecimiento-profesional-de-sonora-sec\/#primaryimage"},"thumbnailUrl":"https:\/\/www.sonoraenequipo.com.mx\/storage\/2024\/12\/sec-graduacion-min.jpg","datePublished":"2024-12-09T18:32:41+00:00","dateModified":"2024-12-10T21:11:26+00:00","description":"HERMOSILLO, SONORA. MX. \u2014 Con m\u00e1s de dos mil profesionistas egresados en el \u00faltimo trimestre del a\u00f1o, las siete Universidades Tecnol\u00f3gicas (UT\u2019s) que En Sonora en Equipo publicamos toda la informaci\u00f3n de Sonora, M\u00e9xico y el Mundo de manera oportuna y busca que la libertad de expresi\u00f3n sea real. Visita nuestro medio informativo publicado desde Hermosillo, Sonora. %","breadcrumb":{"@id":"https:\/\/www.sonoraenequipo.com.mx\/contribuyen-universidades-tecnologicas-al-fortalecimiento-profesional-de-sonora-sec\/#breadcrumb"},"inLanguage":"es","potentialAction":[{"@type":"ReadAction","target":["https:\/\/www.sonoraenequipo.com.mx\/contribuyen-universidades-tecnologicas-al-fortalecimiento-profesional-de-sonora-sec\/"]}]},{"@type":"ImageObject","inLanguage":"es","@id":"https:\/\/www.sonoraenequipo.com.mx\/contribuyen-universidades-tecnologicas-al-fortalecimiento-profesional-de-sonora-sec\/#primaryimage","url":"https:\/\/www.sonoraenequipo.com.mx\/storage\/2024\/12\/sec-graduacion-min.jpg","contentUrl":"https:\/\/www.sonoraenequipo.com.mx\/storage\/2024\/12\/sec-graduacion-min.jpg","width":1000,"height":562},{"@type":"BreadcrumbList","@id":"https:\/\/www.sonoraenequipo.com.mx\/contribuyen-universidades-tecnologicas-al-fortalecimiento-profesional-de-sonora-sec\/#breadcrumb","itemListElement":[{"@type":"ListItem","position":1,"name":"Portada","item":"https:\/\/www.sonoraenequipo.com.mx\/"},{"@type":"ListItem","position":2,"name":"Contribuyen universidades tecnol\u00f3gicas al fortalecimiento profesional de Sonora: SEC"}]},{"@type":"WebSite","@id":"https:\/\/www.sonoraenequipo.com.mx\/#website","url":"https:\/\/www.sonoraenequipo.com.mx\/","name":"Sonora en Equipo.","description":"Diario en l\u00ednea con Noticias desde Hermosillo, Sonora","publisher":{"@id":"https:\/\/www.sonoraenequipo.com.mx\/#organization"},"potentialAction":[{"@type":"SearchAction","target":{"@type":"EntryPoint","urlTemplate":"https:\/\/www.sonoraenequipo.com.mx\/?s={search_term_string}"},"query-input":{"@type":"PropertyValueSpecification","valueRequired":true,"valueName":"search_term_string"}}],"inLanguage":"es"},{"@type":"Organization","@id":"https:\/\/www.sonoraenequipo.com.mx\/#organization","name":"Sonoraenequipo.com.mx","url":"https:\/\/www.sonoraenequipo.com.mx\/","logo":{"@type":"ImageObject","inLanguage":"es","@id":"https:\/\/www.sonoraenequipo.com.mx\/#\/schema\/logo\/image\/","url":"https:\/\/www.sonoraenequipo.com.mx\/storage\/2019\/01\/sonoraenequipo_opt.png","contentUrl":"https:\/\/www.sonoraenequipo.com.mx\/storage\/2019\/01\/sonoraenequipo_opt.png","width":375,"height":125,"caption":"Sonoraenequipo.com.mx"},"image":{"@id":"https:\/\/www.sonoraenequipo.com.mx\/#\/schema\/logo\/image\/"},"sameAs":["https:\/\/www.facebook.com\/SonoraEE\/","https:\/\/x.com\/sonoraenequipo","https:\/\/www.youtube.com\/channel\/UC338nW-lPEYmJQs4ZABQ1SQ"]},{"@type":"Person","@id":"https:\/\/www.sonoraenequipo.com.mx\/#\/schema\/person\/50102df0fb23a8fa9e8effad8fa81386","name":"enequipo","image":{"@type":"ImageObject","inLanguage":"es","@id":"https:\/\/www.sonoraenequipo.com.mx\/#\/schema\/person\/image\/","url":"https:\/\/secure.gravatar.com\/avatar\/049821681b589dabc0bc20695993ccebb09f5b5d4d790cd9251b97faac7c652b?s=96&d=blank&r=g","contentUrl":"https:\/\/secure.gravatar.com\/avatar\/049821681b589dabc0bc20695993ccebb09f5b5d4d790cd9251b97faac7c652b?s=96&d=blank&r=g","caption":"enequipo"},"sameAs":["https:\/\/www.facebook.com\/SonoraEE"]}]}},"jetpack_featured_media_url":"https:\/\/www.sonoraenequipo.com.mx\/storage\/2024\/12\/sec-graduacion-min.jpg","_links":{"self":[{"href":"https:\/\/www.sonoraenequipo.com.mx\/api\/wp\/v2\/posts\/205921","targetHints":{"allow":["GET"]}}],"collection":[{"href":"https:\/\/www.sonoraenequipo.com.mx\/api\/wp\/v2\/posts"}],"about":[{"href":"https:\/\/www.sonoraenequipo.com.mx\/api\/wp\/v2\/types\/post"}],"author":[{"embeddable":true,"href":"https:\/\/www.sonoraenequipo.com.mx\/api\/wp\/v2\/users\/1"}],"replies":[{"embeddable":true,"href":"https:\/\/www.sonoraenequipo.com.mx\/api\/wp\/v2\/comments?post=205921"}],"version-history":[{"count":1,"href":"https:\/\/www.sonoraenequipo.com.mx\/api\/wp\/v2\/posts\/205921\/revisions"}],"predecessor-version":[{"id":205932,"href":"https:\/\/www.sonoraenequipo.com.mx\/api\/wp\/v2\/posts\/205921\/revisions\/205932"}],"wp:featuredmedia":[{"embeddable":true,"href":"https:\/\/www.sonoraenequipo.com.mx\/api\/wp\/v2\/media\/205931"}],"wp:attachment":[{"href":"https:\/\/www.sonoraenequipo.com.mx\/api\/wp\/v2\/media?parent=205921"}],"wp:term":[{"taxonomy":"category","embeddable":true,"href":"https:\/\/www.sonoraenequipo.com.mx\/api\/wp\/v2\/categories?post=205921"},{"taxonomy":"post_tag","embeddable":true,"href":"https:\/\/www.sonoraenequipo.com.mx\/api\/wp\/v2\/tags?post=205921"}],"curies":[{"name":"wp","href":"https:\/\/api.w.org\/{rel}","templated":true}]}}