{"id":205922,"date":"2024-12-10T10:53:01","date_gmt":"2024-12-10T17:53:01","guid":{"rendered":"https:\/\/www.sonoraenequipo.com.mx\/?p=205922"},"modified":"2024-12-10T10:53:01","modified_gmt":"2024-12-10T17:53:01","slug":"sonora-registra-la-tasa-mas-alta-de-victimizacion-de-empresas-en-2023-inegi","status":"publish","type":"post","link":"https:\/\/www.sonoraenequipo.com.mx\/sonora-registra-la-tasa-mas-alta-de-victimizacion-de-empresas-en-2023-inegi\/","title":{"rendered":"Sonora registra la tasa m\u00e1s alta de victimizaci\u00f3n de empresas en 2023: Inegi"},"content":{"rendered":"<ul>\n<li>En 2023, 2.9 millones de delitos afectaron a 1.3 millones de establecimientos.<\/li>\n<li>La extorsi\u00f3n y el robo o asalto de mercanc\u00eda, dinero, insumos o bienes fueron los delitos con mayor incidencia.<\/li>\n<li>Los estados que reportaron inseguridad y delincuencia en mayor medida fueron: Guanajuato (78.2 %), Tabasco (73.7 %) y Morelos (72.5 %).<\/li>\n<\/ul>\n<p>&nbsp;<\/p>\n<p>El Instituto Nacional de Estad\u00edstica y Geograf\u00eda (INEGI) levant\u00f3 la Encuesta Nacional de Victimizaci\u00f3n de Empresas (ENVE) 2024. El objetivo es generar informaci\u00f3n sobre las caracter\u00edsticas de las unidades econ\u00f3micas que son v\u00edctimas de delito, los delitos m\u00e1s representativos del fuero com\u00fan y los da\u00f1os causados, as\u00ed como la percepci\u00f3n sobre la inseguridad y desempe\u00f1o institucional, entre otros factores. Esta informaci\u00f3n es valiosa para el dise\u00f1o de pol\u00edticas p\u00fablicas en materia de seguridad.<\/p>\n<p>Establecimientos v\u00edctimas de delito<\/p>\n<p>El INEGI estim\u00f3 que, en 2023, 1.3 millones de establecimientos fueron v\u00edctimas de alg\u00fan delito. Lo anterior equivale a 27.2 % de las unidades econ\u00f3micas del pa\u00eds. Este mismo porcentaje en 2021 fue de 24.6.<\/p>\n<p>Durante 2023 se cometieron 2.9 millones de delitos asociados a las 1.3 millones de unidades econ\u00f3micas que fueron v\u00edctimas de delitos. En otras palabras, la tasa de concentraci\u00f3n fue de 2.2 delitos por unidad econ\u00f3mica v\u00edctima.<\/p>\n<p>Caracter\u00edsticas de los establecimientos v\u00edctimas de delitos<\/p>\n<p>Los establecimientos que reportaron la mayor tasa de victimizaci\u00f3n fueron los del sector Comercio, con 31.5 por ciento. Siguieron los que se dedican al sector Industrias manufactureras, con 21.6 % y al sector Servicios, con 24.2 por ciento.<\/p>\n<p>Durante 2023, 47.3 % de las unidades econ\u00f3micas grandes fue v\u00edctima de alg\u00fan delito. Por su parte, el porcentaje de las medianas fue 49.0; de las peque\u00f1as, 40.7 y de las micro, 26.3.<\/p>\n<p>Las unidades econ\u00f3micas del sector Servicios tuvieron la mayor concentraci\u00f3n de delitos (2.4 delitos por unidad econ\u00f3mica v\u00edctima). Ahora bien, por tama\u00f1o, las unidades econ\u00f3micas las grandes registraron mayor frecuencia de victimizaci\u00f3n (4.1 delitos por unidad econ\u00f3mica v\u00edctima).<\/p>\n<p><strong><span style=\"color: #ff0000;\">\u00a0\u00a0\u00a0\u00a0\u00a0\u00a0\u00a0\u00a0Prevalencia delictiva en las entidades federativas<\/span><\/strong><\/p>\n<p><span style=\"color: #ff0000;\"><em>Al comparar con 2021, en 2023, la tasa de prevalencia disminuy\u00f3 en 3 entidades federativas, aument\u00f3 en 10 y no tuvo cambios en 19. En 2023, las tasas m\u00e1s altas, por cada 10 mil unidades econ\u00f3micas, se registraron en Sonora, con 3 728; Aguascalientes, con 3 638, y Quer\u00e9taro, con 3 462. Las tasas m\u00e1s bajas se presentaron en Tamaulipas, con 1 756; Oaxaca, con 1 810, y Guerrero, con 1 825.<\/em><\/span><\/p>\n","protected":false},"excerpt":{"rendered":"<p>En 2023, 2.9 millones de delitos afectaron a 1.3 millones de establecimientos. La extorsi\u00f3n y&#8230;<\/p>\n","protected":false},"author":1,"featured_media":102321,"comment_status":"open","ping_status":"open","sticky":false,"template":"","format":"standard","meta":{"_monsterinsights_skip_tracking":false,"_monsterinsights_sitenote_active":false,"_monsterinsights_sitenote_note":"","_monsterinsights_sitenote_category":0,"footnotes":""},"categories":[6493],"tags":[10601,8397],"class_list":["post"],"yoast_head":" \n<title>Sonora en Equipo. Sonora registra la tasa m\u00e1s alta de victimizaci\u00f3n de empresas en 2023: Inegi PALABRAS Y N\u00daMEROS<\/title>\n<meta name=\"description\" content=\"En 2023, 2.9 millones de delitos afectaron a 1.3 millones de establecimientos. La extorsi\u00f3n y el robo o asalto de mercanc\u00eda, dinero, insumos o bienes En Sonora en Equipo publicamos toda la informaci\u00f3n de Sonora, M\u00e9xico y el Mundo de manera oportuna y busca que la libertad de expresi\u00f3n sea real. Visita nuestro medio informativo publicado desde Hermosillo, Sonora. %\" \/>\n<meta name=\"robots\" content=\"index, follow, max-snippet:-1, max-image-preview:large, max-video-preview:-1\" \/>\n<link rel=\"canonical\" href=\"https:\/\/www.sonoraenequipo.com.mx\/sonora-registra-la-tasa-mas-alta-de-victimizacion-de-empresas-en-2023-inegi\/\" \/>\n<meta property=\"og:locale\" content=\"es_ES\" \/>\n<meta property=\"og:type\" content=\"article\" \/>\n<meta property=\"og:title\" content=\"Sonora en Equipo. Sonora registra la tasa m\u00e1s alta de victimizaci\u00f3n de empresas en 2023: Inegi PALABRAS Y N\u00daMEROS\" \/>\n<meta property=\"og:description\" content=\"En 2023, 2.9 millones de delitos afectaron a 1.3 millones de establecimientos. La extorsi\u00f3n y el robo o asalto de mercanc\u00eda, dinero, insumos o bienes En Sonora en Equipo publicamos toda la informaci\u00f3n de Sonora, M\u00e9xico y el Mundo de manera oportuna y busca que la libertad de expresi\u00f3n sea real. Visita nuestro medio informativo publicado desde Hermosillo, Sonora. %\" \/>\n<meta property=\"og:url\" content=\"https:\/\/www.sonoraenequipo.com.mx\/sonora-registra-la-tasa-mas-alta-de-victimizacion-de-empresas-en-2023-inegi\/\" \/>\n<meta property=\"og:site_name\" content=\"Sonora en Equipo.\" \/>\n<meta property=\"article:publisher\" content=\"https:\/\/www.facebook.com\/SonoraEE\/\" \/>\n<meta property=\"article:author\" content=\"https:\/\/www.facebook.com\/SonoraEE\" \/>\n<meta property=\"article:published_time\" content=\"2024-12-10T17:53:01+00:00\" \/>\n<meta property=\"og:image\" content=\"https:\/\/www.sonoraenequipo.com.mx\/storage\/2020\/12\/precios-consumidor_opt.jpg\" \/>\n\t<meta property=\"og:image:width\" content=\"709\" \/>\n\t<meta property=\"og:image:height\" content=\"400\" \/>\n\t<meta property=\"og:image:type\" content=\"image\/jpeg\" \/>\n<meta name=\"author\" content=\"enequipo\" \/>\n<meta name=\"twitter:card\" content=\"summary_large_image\" \/>\n<meta name=\"twitter:creator\" content=\"@sonoraenequipo\" \/>\n<meta name=\"twitter:site\" content=\"@sonoraenequipo\" \/>\n<meta name=\"twitter:label1\" content=\"Escrito por\" \/>\n\t<meta name=\"twitter:data1\" content=\"enequipo\" \/>\n\t<meta name=\"twitter:label2\" content=\"Tiempo de lectura\" \/>\n\t<meta name=\"twitter:data2\" content=\"2 minutos\" \/>\n<script type=\"application\/ld+json\" class=\"yoast-schema-graph\">{\"@context\":\"https:\/\/schema.org\",\"@graph\":[{\"@type\":\"Article\",\"@id\":\"https:\/\/www.sonoraenequipo.com.mx\/sonora-registra-la-tasa-mas-alta-de-victimizacion-de-empresas-en-2023-inegi\/#article\",\"isPartOf\":{\"@id\":\"https:\/\/www.sonoraenequipo.com.mx\/sonora-registra-la-tasa-mas-alta-de-victimizacion-de-empresas-en-2023-inegi\/\"},\"author\":{\"name\":\"enequipo\",\"@id\":\"https:\/\/www.sonoraenequipo.com.mx\/#\/schema\/person\/50102df0fb23a8fa9e8effad8fa81386\"},\"headline\":\"Sonora registra la tasa m\u00e1s alta de victimizaci\u00f3n de empresas en 2023: Inegi\",\"datePublished\":\"2024-12-10T17:53:01+00:00\",\"mainEntityOfPage\":{\"@id\":\"https:\/\/www.sonoraenequipo.com.mx\/sonora-registra-la-tasa-mas-alta-de-victimizacion-de-empresas-en-2023-inegi\/\"},\"wordCount\":406,\"commentCount\":0,\"publisher\":{\"@id\":\"https:\/\/www.sonoraenequipo.com.mx\/#organization\"},\"image\":{\"@id\":\"https:\/\/www.sonoraenequipo.com.mx\/sonora-registra-la-tasa-mas-alta-de-victimizacion-de-empresas-en-2023-inegi\/#primaryimage\"},\"thumbnailUrl\":\"https:\/\/www.sonoraenequipo.com.mx\/storage\/2020\/12\/precios-consumidor_opt.jpg\",\"keywords\":[\"enve\",\"sonora2023\"],\"articleSection\":[\"PALABRAS Y N\u00daMEROS\"],\"inLanguage\":\"es\",\"potentialAction\":[{\"@type\":\"CommentAction\",\"name\":\"Comment\",\"target\":[\"https:\/\/www.sonoraenequipo.com.mx\/sonora-registra-la-tasa-mas-alta-de-victimizacion-de-empresas-en-2023-inegi\/#respond\"]}]},{\"@type\":\"WebPage\",\"@id\":\"https:\/\/www.sonoraenequipo.com.mx\/sonora-registra-la-tasa-mas-alta-de-victimizacion-de-empresas-en-2023-inegi\/\",\"url\":\"https:\/\/www.sonoraenequipo.com.mx\/sonora-registra-la-tasa-mas-alta-de-victimizacion-de-empresas-en-2023-inegi\/\",\"name\":\"Sonora en Equipo. Sonora registra la tasa m\u00e1s alta de victimizaci\u00f3n de empresas en 2023: Inegi PALABRAS Y N\u00daMEROS\",\"isPartOf\":{\"@id\":\"https:\/\/www.sonoraenequipo.com.mx\/#website\"},\"primaryImageOfPage\":{\"@id\":\"https:\/\/www.sonoraenequipo.com.mx\/sonora-registra-la-tasa-mas-alta-de-victimizacion-de-empresas-en-2023-inegi\/#primaryimage\"},\"image\":{\"@id\":\"https:\/\/www.sonoraenequipo.com.mx\/sonora-registra-la-tasa-mas-alta-de-victimizacion-de-empresas-en-2023-inegi\/#primaryimage\"},\"thumbnailUrl\":\"https:\/\/www.sonoraenequipo.com.mx\/storage\/2020\/12\/precios-consumidor_opt.jpg\",\"datePublished\":\"2024-12-10T17:53:01+00:00\",\"description\":\"En 2023, 2.9 millones de delitos afectaron a 1.3 millones de establecimientos. La extorsi\u00f3n y el robo o asalto de mercanc\u00eda, dinero, insumos o bienes En Sonora en Equipo publicamos toda la informaci\u00f3n de Sonora, M\u00e9xico y el Mundo de manera oportuna y busca que la libertad de expresi\u00f3n sea real. Visita nuestro medio informativo publicado desde Hermosillo, Sonora. %\",\"breadcrumb\":{\"@id\":\"https:\/\/www.sonoraenequipo.com.mx\/sonora-registra-la-tasa-mas-alta-de-victimizacion-de-empresas-en-2023-inegi\/#breadcrumb\"},\"inLanguage\":\"es\",\"potentialAction\":[{\"@type\":\"ReadAction\",\"target\":[\"https:\/\/www.sonoraenequipo.com.mx\/sonora-registra-la-tasa-mas-alta-de-victimizacion-de-empresas-en-2023-inegi\/\"]}]},{\"@type\":\"ImageObject\",\"inLanguage\":\"es\",\"@id\":\"https:\/\/www.sonoraenequipo.com.mx\/sonora-registra-la-tasa-mas-alta-de-victimizacion-de-empresas-en-2023-inegi\/#primaryimage\",\"url\":\"https:\/\/www.sonoraenequipo.com.mx\/storage\/2020\/12\/precios-consumidor_opt.jpg\",\"contentUrl\":\"https:\/\/www.sonoraenequipo.com.mx\/storage\/2020\/12\/precios-consumidor_opt.jpg\",\"width\":709,\"height\":400},{\"@type\":\"BreadcrumbList\",\"@id\":\"https:\/\/www.sonoraenequipo.com.mx\/sonora-registra-la-tasa-mas-alta-de-victimizacion-de-empresas-en-2023-inegi\/#breadcrumb\",\"itemListElement\":[{\"@type\":\"ListItem\",\"position\":1,\"name\":\"Portada\",\"item\":\"https:\/\/www.sonoraenequipo.com.mx\/\"},{\"@type\":\"ListItem\",\"position\":2,\"name\":\"Sonora registra la tasa m\u00e1s alta de victimizaci\u00f3n de empresas en 2023: Inegi\"}]},{\"@type\":\"WebSite\",\"@id\":\"https:\/\/www.sonoraenequipo.com.mx\/#website\",\"url\":\"https:\/\/www.sonoraenequipo.com.mx\/\",\"name\":\"Sonora en Equipo.\",\"description\":\"Diario en l\u00ednea con Noticias desde Hermosillo, Sonora\",\"publisher\":{\"@id\":\"https:\/\/www.sonoraenequipo.com.mx\/#organization\"},\"potentialAction\":[{\"@type\":\"SearchAction\",\"target\":{\"@type\":\"EntryPoint\",\"urlTemplate\":\"https:\/\/www.sonoraenequipo.com.mx\/?s={search_term_string}\"},\"query-input\":{\"@type\":\"PropertyValueSpecification\",\"valueRequired\":true,\"valueName\":\"search_term_string\"}}],\"inLanguage\":\"es\"},{\"@type\":\"Organization\",\"@id\":\"https:\/\/www.sonoraenequipo.com.mx\/#organization\",\"name\":\"Sonoraenequipo.com.mx\",\"url\":\"https:\/\/www.sonoraenequipo.com.mx\/\",\"logo\":{\"@type\":\"ImageObject\",\"inLanguage\":\"es\",\"@id\":\"https:\/\/www.sonoraenequipo.com.mx\/#\/schema\/logo\/image\/\",\"url\":\"https:\/\/www.sonoraenequipo.com.mx\/storage\/2019\/01\/sonoraenequipo_opt.png\",\"contentUrl\":\"https:\/\/www.sonoraenequipo.com.mx\/storage\/2019\/01\/sonoraenequipo_opt.png\",\"width\":375,\"height\":125,\"caption\":\"Sonoraenequipo.com.mx\"},\"image\":{\"@id\":\"https:\/\/www.sonoraenequipo.com.mx\/#\/schema\/logo\/image\/\"},\"sameAs\":[\"https:\/\/www.facebook.com\/SonoraEE\/\",\"https:\/\/x.com\/sonoraenequipo\",\"https:\/\/www.youtube.com\/channel\/UC338nW-lPEYmJQs4ZABQ1SQ\"]},{\"@type\":\"Person\",\"@id\":\"https:\/\/www.sonoraenequipo.com.mx\/#\/schema\/person\/50102df0fb23a8fa9e8effad8fa81386\",\"name\":\"enequipo\",\"image\":{\"@type\":\"ImageObject\",\"inLanguage\":\"es\",\"@id\":\"https:\/\/www.sonoraenequipo.com.mx\/#\/schema\/person\/image\/\",\"url\":\"https:\/\/secure.gravatar.com\/avatar\/049821681b589dabc0bc20695993ccebb09f5b5d4d790cd9251b97faac7c652b?s=96&d=blank&r=g\",\"contentUrl\":\"https:\/\/secure.gravatar.com\/avatar\/049821681b589dabc0bc20695993ccebb09f5b5d4d790cd9251b97faac7c652b?s=96&d=blank&r=g\",\"caption\":\"enequipo\"},\"sameAs\":[\"https:\/\/www.facebook.com\/SonoraEE\"]}]}<\/script>\n ","yoast_head_json":{"title":"Sonora en Equipo. Sonora registra la tasa m\u00e1s alta de victimizaci\u00f3n de empresas en 2023: Inegi PALABRAS Y N\u00daMEROS","description":"En 2023, 2.9 millones de delitos afectaron a 1.3 millones de establecimientos. La extorsi\u00f3n y el robo o asalto de mercanc\u00eda, dinero, insumos o bienes En Sonora en Equipo publicamos toda la informaci\u00f3n de Sonora, M\u00e9xico y el Mundo de manera oportuna y busca que la libertad de expresi\u00f3n sea real. Visita nuestro medio informativo publicado desde Hermosillo, Sonora. %","robots":{"index":"index","follow":"follow","max-snippet":"max-snippet:-1","max-image-preview":"max-image-preview:large","max-video-preview":"max-video-preview:-1"},"canonical":"https:\/\/www.sonoraenequipo.com.mx\/sonora-registra-la-tasa-mas-alta-de-victimizacion-de-empresas-en-2023-inegi\/","og_locale":"es_ES","og_type":"article","og_title":"Sonora en Equipo. Sonora registra la tasa m\u00e1s alta de victimizaci\u00f3n de empresas en 2023: Inegi PALABRAS Y N\u00daMEROS","og_description":"En 2023, 2.9 millones de delitos afectaron a 1.3 millones de establecimientos. La extorsi\u00f3n y el robo o asalto de mercanc\u00eda, dinero, insumos o bienes En Sonora en Equipo publicamos toda la informaci\u00f3n de Sonora, M\u00e9xico y el Mundo de manera oportuna y busca que la libertad de expresi\u00f3n sea real. Visita nuestro medio informativo publicado desde Hermosillo, Sonora. %","og_url":"https:\/\/www.sonoraenequipo.com.mx\/sonora-registra-la-tasa-mas-alta-de-victimizacion-de-empresas-en-2023-inegi\/","og_site_name":"Sonora en Equipo.","article_publisher":"https:\/\/www.facebook.com\/SonoraEE\/","article_author":"https:\/\/www.facebook.com\/SonoraEE","article_published_time":"2024-12-10T17:53:01+00:00","og_image":[{"width":709,"height":400,"url":"https:\/\/www.sonoraenequipo.com.mx\/storage\/2020\/12\/precios-consumidor_opt.jpg","type":"image\/jpeg"}],"author":"enequipo","twitter_card":"summary_large_image","twitter_creator":"@sonoraenequipo","twitter_site":"@sonoraenequipo","twitter_misc":{"Escrito por":"enequipo","Tiempo de lectura":"2 minutos"},"schema":{"@context":"https:\/\/schema.org","@graph":[{"@type":"Article","@id":"https:\/\/www.sonoraenequipo.com.mx\/sonora-registra-la-tasa-mas-alta-de-victimizacion-de-empresas-en-2023-inegi\/#article","isPartOf":{"@id":"https:\/\/www.sonoraenequipo.com.mx\/sonora-registra-la-tasa-mas-alta-de-victimizacion-de-empresas-en-2023-inegi\/"},"author":{"name":"enequipo","@id":"https:\/\/www.sonoraenequipo.com.mx\/#\/schema\/person\/50102df0fb23a8fa9e8effad8fa81386"},"headline":"Sonora registra la tasa m\u00e1s alta de victimizaci\u00f3n de empresas en 2023: Inegi","datePublished":"2024-12-10T17:53:01+00:00","mainEntityOfPage":{"@id":"https:\/\/www.sonoraenequipo.com.mx\/sonora-registra-la-tasa-mas-alta-de-victimizacion-de-empresas-en-2023-inegi\/"},"wordCount":406,"commentCount":0,"publisher":{"@id":"https:\/\/www.sonoraenequipo.com.mx\/#organization"},"image":{"@id":"https:\/\/www.sonoraenequipo.com.mx\/sonora-registra-la-tasa-mas-alta-de-victimizacion-de-empresas-en-2023-inegi\/#primaryimage"},"thumbnailUrl":"https:\/\/www.sonoraenequipo.com.mx\/storage\/2020\/12\/precios-consumidor_opt.jpg","keywords":["enve","sonora2023"],"articleSection":["PALABRAS Y N\u00daMEROS"],"inLanguage":"es","potentialAction":[{"@type":"CommentAction","name":"Comment","target":["https:\/\/www.sonoraenequipo.com.mx\/sonora-registra-la-tasa-mas-alta-de-victimizacion-de-empresas-en-2023-inegi\/#respond"]}]},{"@type":"WebPage","@id":"https:\/\/www.sonoraenequipo.com.mx\/sonora-registra-la-tasa-mas-alta-de-victimizacion-de-empresas-en-2023-inegi\/","url":"https:\/\/www.sonoraenequipo.com.mx\/sonora-registra-la-tasa-mas-alta-de-victimizacion-de-empresas-en-2023-inegi\/","name":"Sonora en Equipo. Sonora registra la tasa m\u00e1s alta de victimizaci\u00f3n de empresas en 2023: Inegi PALABRAS Y N\u00daMEROS","isPartOf":{"@id":"https:\/\/www.sonoraenequipo.com.mx\/#website"},"primaryImageOfPage":{"@id":"https:\/\/www.sonoraenequipo.com.mx\/sonora-registra-la-tasa-mas-alta-de-victimizacion-de-empresas-en-2023-inegi\/#primaryimage"},"image":{"@id":"https:\/\/www.sonoraenequipo.com.mx\/sonora-registra-la-tasa-mas-alta-de-victimizacion-de-empresas-en-2023-inegi\/#primaryimage"},"thumbnailUrl":"https:\/\/www.sonoraenequipo.com.mx\/storage\/2020\/12\/precios-consumidor_opt.jpg","datePublished":"2024-12-10T17:53:01+00:00","description":"En 2023, 2.9 millones de delitos afectaron a 1.3 millones de establecimientos. La extorsi\u00f3n y el robo o asalto de mercanc\u00eda, dinero, insumos o bienes En Sonora en Equipo publicamos toda la informaci\u00f3n de Sonora, M\u00e9xico y el Mundo de manera oportuna y busca que la libertad de expresi\u00f3n sea real. Visita nuestro medio informativo publicado desde Hermosillo, Sonora. %","breadcrumb":{"@id":"https:\/\/www.sonoraenequipo.com.mx\/sonora-registra-la-tasa-mas-alta-de-victimizacion-de-empresas-en-2023-inegi\/#breadcrumb"},"inLanguage":"es","potentialAction":[{"@type":"ReadAction","target":["https:\/\/www.sonoraenequipo.com.mx\/sonora-registra-la-tasa-mas-alta-de-victimizacion-de-empresas-en-2023-inegi\/"]}]},{"@type":"ImageObject","inLanguage":"es","@id":"https:\/\/www.sonoraenequipo.com.mx\/sonora-registra-la-tasa-mas-alta-de-victimizacion-de-empresas-en-2023-inegi\/#primaryimage","url":"https:\/\/www.sonoraenequipo.com.mx\/storage\/2020\/12\/precios-consumidor_opt.jpg","contentUrl":"https:\/\/www.sonoraenequipo.com.mx\/storage\/2020\/12\/precios-consumidor_opt.jpg","width":709,"height":400},{"@type":"BreadcrumbList","@id":"https:\/\/www.sonoraenequipo.com.mx\/sonora-registra-la-tasa-mas-alta-de-victimizacion-de-empresas-en-2023-inegi\/#breadcrumb","itemListElement":[{"@type":"ListItem","position":1,"name":"Portada","item":"https:\/\/www.sonoraenequipo.com.mx\/"},{"@type":"ListItem","position":2,"name":"Sonora registra la tasa m\u00e1s alta de victimizaci\u00f3n de empresas en 2023: Inegi"}]},{"@type":"WebSite","@id":"https:\/\/www.sonoraenequipo.com.mx\/#website","url":"https:\/\/www.sonoraenequipo.com.mx\/","name":"Sonora en Equipo.","description":"Diario en l\u00ednea con Noticias desde Hermosillo, Sonora","publisher":{"@id":"https:\/\/www.sonoraenequipo.com.mx\/#organization"},"potentialAction":[{"@type":"SearchAction","target":{"@type":"EntryPoint","urlTemplate":"https:\/\/www.sonoraenequipo.com.mx\/?s={search_term_string}"},"query-input":{"@type":"PropertyValueSpecification","valueRequired":true,"valueName":"search_term_string"}}],"inLanguage":"es"},{"@type":"Organization","@id":"https:\/\/www.sonoraenequipo.com.mx\/#organization","name":"Sonoraenequipo.com.mx","url":"https:\/\/www.sonoraenequipo.com.mx\/","logo":{"@type":"ImageObject","inLanguage":"es","@id":"https:\/\/www.sonoraenequipo.com.mx\/#\/schema\/logo\/image\/","url":"https:\/\/www.sonoraenequipo.com.mx\/storage\/2019\/01\/sonoraenequipo_opt.png","contentUrl":"https:\/\/www.sonoraenequipo.com.mx\/storage\/2019\/01\/sonoraenequipo_opt.png","width":375,"height":125,"caption":"Sonoraenequipo.com.mx"},"image":{"@id":"https:\/\/www.sonoraenequipo.com.mx\/#\/schema\/logo\/image\/"},"sameAs":["https:\/\/www.facebook.com\/SonoraEE\/","https:\/\/x.com\/sonoraenequipo","https:\/\/www.youtube.com\/channel\/UC338nW-lPEYmJQs4ZABQ1SQ"]},{"@type":"Person","@id":"https:\/\/www.sonoraenequipo.com.mx\/#\/schema\/person\/50102df0fb23a8fa9e8effad8fa81386","name":"enequipo","image":{"@type":"ImageObject","inLanguage":"es","@id":"https:\/\/www.sonoraenequipo.com.mx\/#\/schema\/person\/image\/","url":"https:\/\/secure.gravatar.com\/avatar\/049821681b589dabc0bc20695993ccebb09f5b5d4d790cd9251b97faac7c652b?s=96&d=blank&r=g","contentUrl":"https:\/\/secure.gravatar.com\/avatar\/049821681b589dabc0bc20695993ccebb09f5b5d4d790cd9251b97faac7c652b?s=96&d=blank&r=g","caption":"enequipo"},"sameAs":["https:\/\/www.facebook.com\/SonoraEE"]}]}},"jetpack_featured_media_url":"https:\/\/www.sonoraenequipo.com.mx\/storage\/2020\/12\/precios-consumidor_opt.jpg","_links":{"self":[{"href":"https:\/\/www.sonoraenequipo.com.mx\/api\/wp\/v2\/posts\/205922","targetHints":{"allow":["GET"]}}],"collection":[{"href":"https:\/\/www.sonoraenequipo.com.mx\/api\/wp\/v2\/posts"}],"about":[{"href":"https:\/\/www.sonoraenequipo.com.mx\/api\/wp\/v2\/types\/post"}],"author":[{"embeddable":true,"href":"https:\/\/www.sonoraenequipo.com.mx\/api\/wp\/v2\/users\/1"}],"replies":[{"embeddable":true,"href":"https:\/\/www.sonoraenequipo.com.mx\/api\/wp\/v2\/comments?post=205922"}],"version-history":[{"count":1,"href":"https:\/\/www.sonoraenequipo.com.mx\/api\/wp\/v2\/posts\/205922\/revisions"}],"predecessor-version":[{"id":205923,"href":"https:\/\/www.sonoraenequipo.com.mx\/api\/wp\/v2\/posts\/205922\/revisions\/205923"}],"wp:featuredmedia":[{"embeddable":true,"href":"https:\/\/www.sonoraenequipo.com.mx\/api\/wp\/v2\/media\/102321"}],"wp:attachment":[{"href":"https:\/\/www.sonoraenequipo.com.mx\/api\/wp\/v2\/media?parent=205922"}],"wp:term":[{"taxonomy":"category","embeddable":true,"href":"https:\/\/www.sonoraenequipo.com.mx\/api\/wp\/v2\/categories?post=205922"},{"taxonomy":"post_tag","embeddable":true,"href":"https:\/\/www.sonoraenequipo.com.mx\/api\/wp\/v2\/tags?post=205922"}],"curies":[{"name":"wp","href":"https:\/\/api.w.org\/{rel}","templated":true}]}}