{"id":205934,"date":"2024-12-09T21:38:09","date_gmt":"2024-12-10T04:38:09","guid":{"rendered":"https:\/\/www.sonoraenequipo.com.mx\/?p=205934"},"modified":"2024-12-10T14:57:12","modified_gmt":"2024-12-10T21:57:12","slug":"recomienda-salud-sonora-protegerse-de-las-bajas-temperaturas","status":"publish","type":"post","link":"https:\/\/www.sonoraenequipo.com.mx\/recomienda-salud-sonora-protegerse-de-las-bajas-temperaturas\/","title":{"rendered":"Recomienda Salud Sonora protegerse de las bajas temperaturas"},"content":{"rendered":"<p><strong>HERMOSILLO, SONORA. MX. \u2014 <\/strong>Ante la \u00e9poca donde las enfermedades respiratorias son m\u00e1s comunes, la Secretar\u00eda de Salud (SSP) recomend\u00f3 a la poblaci\u00f3n protegerse antes de salir de casa, evitando los cambios bruscos de temperatura, salir bien abrigados y consumir frutas y verduras.<\/p>\n<p>&nbsp;<\/p>\n<p>&nbsp;<\/p>\n<p>&nbsp;<\/p>\n<p> <\/p>\n<p>Para proteger al organismo es importante vacunarse en esta temporada contra la influenza y el covid-19, principalmente los grupos m\u00e1s vulnerables ante esta enfermedad, que son los menores de 5 a\u00f1os de edad y adultos mayores de 65 a\u00f1os, as\u00ed como grupos de inter\u00e9s como mujeres embarazadas, quienes viven con VIH, con un sistema inmunol\u00f3gico comprometido, entre otros.<\/p>\n<p>&nbsp;<\/p>\n<p>&nbsp;<\/p>\n<p>&nbsp;<\/p>\n<p>Otra medida preventiva es beber m\u00ednimo ocho vasos de agua al d\u00eda, aunque no tenga sed; consumir frutas ricas en vitamina C y diversas verduras, lo que ayuda a que el organismo se proteja ante las enfermedades respiratorias.<\/p>\n<p>&nbsp;<\/p>\n<p>&nbsp;<\/p>\n<p>Abrigarse bien antes de salir de casa es de suma importancia para evitar los cambios bruscos de temperatura, por ello hay que usar ropa t\u00e9rmica, chamarra, gorro, bufanda, y en caso de ser necesario, cubreboca.<\/p>\n<p>&nbsp;<\/p>\n<p>&nbsp;<\/p>\n<p>Los s\u00edntomas m\u00e1s frecuentes de enfermedades respiratorias son: dolor de cabeza y detr\u00e1s de los ojos, cansancio, dolor muscular, irritaci\u00f3n, dolor de garganta, entre otros.<\/p>\n<p>&nbsp;<\/p>\n<p>&nbsp;<\/p>\n<p>Ante esto hay que evitar automedicarse y acudir al m\u00e9dico para descartar o confirmar la enfermedad y llevar un tratamiento adecuado.<\/p>\n<p>&nbsp;<\/p>\n<p>&nbsp;<\/p>\n<p>&nbsp;<\/p>\n<p>PUBLICADO EL 09 DE DICIEMBRE DE 2024 Con informaci\u00f3n de GOBSON 1224\/051)<\/p>\n","protected":false},"excerpt":{"rendered":"<p>HERMOSILLO, SONORA. MX. \u2014 Ante la \u00e9poca donde las enfermedades respiratorias son m\u00e1s comunes, la&#8230;<\/p>\n","protected":false},"author":1,"featured_media":205938,"comment_status":"open","ping_status":"open","sticky":false,"template":"","format":"standard","meta":{"_monsterinsights_skip_tracking":false,"_monsterinsights_sitenote_active":false,"_monsterinsights_sitenote_note":"","_monsterinsights_sitenote_category":0,"footnotes":""},"categories":[22],"tags":[],"class_list":["post"],"yoast_head":" \n<title>Sonora en Equipo. Recomienda Salud Sonora protegerse de las bajas temperaturas Sonora<\/title>\n<meta name=\"description\" content=\"HERMOSILLO, SONORA. MX. \u2014 Ante la \u00e9poca donde las enfermedades respiratorias son m\u00e1s comunes, la Secretar\u00eda de Salud (SSP) recomend\u00f3 a la poblaci\u00f3n En Sonora en Equipo publicamos toda la informaci\u00f3n de Sonora, M\u00e9xico y el Mundo de manera oportuna y busca que la libertad de expresi\u00f3n sea real. Visita nuestro medio informativo publicado desde Hermosillo, Sonora. %\" \/>\n<meta name=\"robots\" content=\"index, follow, max-snippet:-1, max-image-preview:large, max-video-preview:-1\" \/>\n<link rel=\"canonical\" href=\"https:\/\/www.sonoraenequipo.com.mx\/recomienda-salud-sonora-protegerse-de-las-bajas-temperaturas\/\" \/>\n<meta property=\"og:locale\" content=\"es_ES\" \/>\n<meta property=\"og:type\" content=\"article\" \/>\n<meta property=\"og:title\" content=\"Sonora en Equipo. Recomienda Salud Sonora protegerse de las bajas temperaturas Sonora\" \/>\n<meta property=\"og:description\" content=\"HERMOSILLO, SONORA. MX. \u2014 Ante la \u00e9poca donde las enfermedades respiratorias son m\u00e1s comunes, la Secretar\u00eda de Salud (SSP) recomend\u00f3 a la poblaci\u00f3n En Sonora en Equipo publicamos toda la informaci\u00f3n de Sonora, M\u00e9xico y el Mundo de manera oportuna y busca que la libertad de expresi\u00f3n sea real. Visita nuestro medio informativo publicado desde Hermosillo, Sonora. %\" \/>\n<meta property=\"og:url\" content=\"https:\/\/www.sonoraenequipo.com.mx\/recomienda-salud-sonora-protegerse-de-las-bajas-temperaturas\/\" \/>\n<meta property=\"og:site_name\" content=\"Sonora en Equipo.\" \/>\n<meta property=\"article:publisher\" content=\"https:\/\/www.facebook.com\/SonoraEE\/\" \/>\n<meta property=\"article:author\" content=\"https:\/\/www.facebook.com\/SonoraEE\" \/>\n<meta property=\"article:published_time\" content=\"2024-12-10T04:38:09+00:00\" \/>\n<meta property=\"article:modified_time\" content=\"2024-12-10T21:57:12+00:00\" \/>\n<meta property=\"og:image\" content=\"https:\/\/www.sonoraenequipo.com.mx\/storage\/2024\/12\/sintomas-mas-comunes-min.jpg\" \/>\n\t<meta property=\"og:image:width\" content=\"1000\" \/>\n\t<meta property=\"og:image:height\" content=\"1000\" \/>\n\t<meta property=\"og:image:type\" content=\"image\/jpeg\" \/>\n<meta name=\"author\" content=\"enequipo\" \/>\n<meta name=\"twitter:card\" content=\"summary_large_image\" \/>\n<meta name=\"twitter:creator\" content=\"@sonoraenequipo\" \/>\n<meta name=\"twitter:site\" content=\"@sonoraenequipo\" \/>\n<meta name=\"twitter:label1\" content=\"Escrito por\" \/>\n\t<meta name=\"twitter:data1\" content=\"enequipo\" \/>\n\t<meta name=\"twitter:label2\" content=\"Tiempo de lectura\" \/>\n\t<meta name=\"twitter:data2\" content=\"1 minuto\" \/>\n<script type=\"application\/ld+json\" class=\"yoast-schema-graph\">{\"@context\":\"https:\/\/schema.org\",\"@graph\":[{\"@type\":\"Article\",\"@id\":\"https:\/\/www.sonoraenequipo.com.mx\/recomienda-salud-sonora-protegerse-de-las-bajas-temperaturas\/#article\",\"isPartOf\":{\"@id\":\"https:\/\/www.sonoraenequipo.com.mx\/recomienda-salud-sonora-protegerse-de-las-bajas-temperaturas\/\"},\"author\":{\"name\":\"enequipo\",\"@id\":\"https:\/\/www.sonoraenequipo.com.mx\/#\/schema\/person\/50102df0fb23a8fa9e8effad8fa81386\"},\"headline\":\"Recomienda Salud Sonora protegerse de las bajas temperaturas\",\"datePublished\":\"2024-12-10T04:38:09+00:00\",\"dateModified\":\"2024-12-10T21:57:12+00:00\",\"mainEntityOfPage\":{\"@id\":\"https:\/\/www.sonoraenequipo.com.mx\/recomienda-salud-sonora-protegerse-de-las-bajas-temperaturas\/\"},\"wordCount\":266,\"commentCount\":0,\"publisher\":{\"@id\":\"https:\/\/www.sonoraenequipo.com.mx\/#organization\"},\"image\":{\"@id\":\"https:\/\/www.sonoraenequipo.com.mx\/recomienda-salud-sonora-protegerse-de-las-bajas-temperaturas\/#primaryimage\"},\"thumbnailUrl\":\"https:\/\/www.sonoraenequipo.com.mx\/storage\/2024\/12\/sintomas-mas-comunes-min.jpg\",\"articleSection\":[\"Sonora\"],\"inLanguage\":\"es\",\"potentialAction\":[{\"@type\":\"CommentAction\",\"name\":\"Comment\",\"target\":[\"https:\/\/www.sonoraenequipo.com.mx\/recomienda-salud-sonora-protegerse-de-las-bajas-temperaturas\/#respond\"]}]},{\"@type\":\"WebPage\",\"@id\":\"https:\/\/www.sonoraenequipo.com.mx\/recomienda-salud-sonora-protegerse-de-las-bajas-temperaturas\/\",\"url\":\"https:\/\/www.sonoraenequipo.com.mx\/recomienda-salud-sonora-protegerse-de-las-bajas-temperaturas\/\",\"name\":\"Sonora en Equipo. Recomienda Salud Sonora protegerse de las bajas temperaturas Sonora\",\"isPartOf\":{\"@id\":\"https:\/\/www.sonoraenequipo.com.mx\/#website\"},\"primaryImageOfPage\":{\"@id\":\"https:\/\/www.sonoraenequipo.com.mx\/recomienda-salud-sonora-protegerse-de-las-bajas-temperaturas\/#primaryimage\"},\"image\":{\"@id\":\"https:\/\/www.sonoraenequipo.com.mx\/recomienda-salud-sonora-protegerse-de-las-bajas-temperaturas\/#primaryimage\"},\"thumbnailUrl\":\"https:\/\/www.sonoraenequipo.com.mx\/storage\/2024\/12\/sintomas-mas-comunes-min.jpg\",\"datePublished\":\"2024-12-10T04:38:09+00:00\",\"dateModified\":\"2024-12-10T21:57:12+00:00\",\"description\":\"HERMOSILLO, SONORA. MX. \u2014 Ante la \u00e9poca donde las enfermedades respiratorias son m\u00e1s comunes, la Secretar\u00eda de Salud (SSP) recomend\u00f3 a la poblaci\u00f3n En Sonora en Equipo publicamos toda la informaci\u00f3n de Sonora, M\u00e9xico y el Mundo de manera oportuna y busca que la libertad de expresi\u00f3n sea real. Visita nuestro medio informativo publicado desde Hermosillo, Sonora. %\",\"breadcrumb\":{\"@id\":\"https:\/\/www.sonoraenequipo.com.mx\/recomienda-salud-sonora-protegerse-de-las-bajas-temperaturas\/#breadcrumb\"},\"inLanguage\":\"es\",\"potentialAction\":[{\"@type\":\"ReadAction\",\"target\":[\"https:\/\/www.sonoraenequipo.com.mx\/recomienda-salud-sonora-protegerse-de-las-bajas-temperaturas\/\"]}]},{\"@type\":\"ImageObject\",\"inLanguage\":\"es\",\"@id\":\"https:\/\/www.sonoraenequipo.com.mx\/recomienda-salud-sonora-protegerse-de-las-bajas-temperaturas\/#primaryimage\",\"url\":\"https:\/\/www.sonoraenequipo.com.mx\/storage\/2024\/12\/sintomas-mas-comunes-min.jpg\",\"contentUrl\":\"https:\/\/www.sonoraenequipo.com.mx\/storage\/2024\/12\/sintomas-mas-comunes-min.jpg\",\"width\":1000,\"height\":1000},{\"@type\":\"BreadcrumbList\",\"@id\":\"https:\/\/www.sonoraenequipo.com.mx\/recomienda-salud-sonora-protegerse-de-las-bajas-temperaturas\/#breadcrumb\",\"itemListElement\":[{\"@type\":\"ListItem\",\"position\":1,\"name\":\"Portada\",\"item\":\"https:\/\/www.sonoraenequipo.com.mx\/\"},{\"@type\":\"ListItem\",\"position\":2,\"name\":\"Recomienda Salud Sonora protegerse de las bajas temperaturas\"}]},{\"@type\":\"WebSite\",\"@id\":\"https:\/\/www.sonoraenequipo.com.mx\/#website\",\"url\":\"https:\/\/www.sonoraenequipo.com.mx\/\",\"name\":\"Sonora en Equipo.\",\"description\":\"Diario en l\u00ednea con Noticias desde Hermosillo, Sonora\",\"publisher\":{\"@id\":\"https:\/\/www.sonoraenequipo.com.mx\/#organization\"},\"potentialAction\":[{\"@type\":\"SearchAction\",\"target\":{\"@type\":\"EntryPoint\",\"urlTemplate\":\"https:\/\/www.sonoraenequipo.com.mx\/?s={search_term_string}\"},\"query-input\":{\"@type\":\"PropertyValueSpecification\",\"valueRequired\":true,\"valueName\":\"search_term_string\"}}],\"inLanguage\":\"es\"},{\"@type\":\"Organization\",\"@id\":\"https:\/\/www.sonoraenequipo.com.mx\/#organization\",\"name\":\"Sonoraenequipo.com.mx\",\"url\":\"https:\/\/www.sonoraenequipo.com.mx\/\",\"logo\":{\"@type\":\"ImageObject\",\"inLanguage\":\"es\",\"@id\":\"https:\/\/www.sonoraenequipo.com.mx\/#\/schema\/logo\/image\/\",\"url\":\"https:\/\/www.sonoraenequipo.com.mx\/storage\/2019\/01\/sonoraenequipo_opt.png\",\"contentUrl\":\"https:\/\/www.sonoraenequipo.com.mx\/storage\/2019\/01\/sonoraenequipo_opt.png\",\"width\":375,\"height\":125,\"caption\":\"Sonoraenequipo.com.mx\"},\"image\":{\"@id\":\"https:\/\/www.sonoraenequipo.com.mx\/#\/schema\/logo\/image\/\"},\"sameAs\":[\"https:\/\/www.facebook.com\/SonoraEE\/\",\"https:\/\/x.com\/sonoraenequipo\",\"https:\/\/www.youtube.com\/channel\/UC338nW-lPEYmJQs4ZABQ1SQ\"]},{\"@type\":\"Person\",\"@id\":\"https:\/\/www.sonoraenequipo.com.mx\/#\/schema\/person\/50102df0fb23a8fa9e8effad8fa81386\",\"name\":\"enequipo\",\"image\":{\"@type\":\"ImageObject\",\"inLanguage\":\"es\",\"@id\":\"https:\/\/www.sonoraenequipo.com.mx\/#\/schema\/person\/image\/\",\"url\":\"https:\/\/secure.gravatar.com\/avatar\/049821681b589dabc0bc20695993ccebb09f5b5d4d790cd9251b97faac7c652b?s=96&d=blank&r=g\",\"contentUrl\":\"https:\/\/secure.gravatar.com\/avatar\/049821681b589dabc0bc20695993ccebb09f5b5d4d790cd9251b97faac7c652b?s=96&d=blank&r=g\",\"caption\":\"enequipo\"},\"sameAs\":[\"https:\/\/www.facebook.com\/SonoraEE\"]}]}<\/script>\n ","yoast_head_json":{"title":"Sonora en Equipo. Recomienda Salud Sonora protegerse de las bajas temperaturas Sonora","description":"HERMOSILLO, SONORA. MX. \u2014 Ante la \u00e9poca donde las enfermedades respiratorias son m\u00e1s comunes, la Secretar\u00eda de Salud (SSP) recomend\u00f3 a la poblaci\u00f3n En Sonora en Equipo publicamos toda la informaci\u00f3n de Sonora, M\u00e9xico y el Mundo de manera oportuna y busca que la libertad de expresi\u00f3n sea real. Visita nuestro medio informativo publicado desde Hermosillo, Sonora. %","robots":{"index":"index","follow":"follow","max-snippet":"max-snippet:-1","max-image-preview":"max-image-preview:large","max-video-preview":"max-video-preview:-1"},"canonical":"https:\/\/www.sonoraenequipo.com.mx\/recomienda-salud-sonora-protegerse-de-las-bajas-temperaturas\/","og_locale":"es_ES","og_type":"article","og_title":"Sonora en Equipo. Recomienda Salud Sonora protegerse de las bajas temperaturas Sonora","og_description":"HERMOSILLO, SONORA. MX. \u2014 Ante la \u00e9poca donde las enfermedades respiratorias son m\u00e1s comunes, la Secretar\u00eda de Salud (SSP) recomend\u00f3 a la poblaci\u00f3n En Sonora en Equipo publicamos toda la informaci\u00f3n de Sonora, M\u00e9xico y el Mundo de manera oportuna y busca que la libertad de expresi\u00f3n sea real. Visita nuestro medio informativo publicado desde Hermosillo, Sonora. %","og_url":"https:\/\/www.sonoraenequipo.com.mx\/recomienda-salud-sonora-protegerse-de-las-bajas-temperaturas\/","og_site_name":"Sonora en Equipo.","article_publisher":"https:\/\/www.facebook.com\/SonoraEE\/","article_author":"https:\/\/www.facebook.com\/SonoraEE","article_published_time":"2024-12-10T04:38:09+00:00","article_modified_time":"2024-12-10T21:57:12+00:00","og_image":[{"width":1000,"height":1000,"url":"https:\/\/www.sonoraenequipo.com.mx\/storage\/2024\/12\/sintomas-mas-comunes-min.jpg","type":"image\/jpeg"}],"author":"enequipo","twitter_card":"summary_large_image","twitter_creator":"@sonoraenequipo","twitter_site":"@sonoraenequipo","twitter_misc":{"Escrito por":"enequipo","Tiempo de lectura":"1 minuto"},"schema":{"@context":"https:\/\/schema.org","@graph":[{"@type":"Article","@id":"https:\/\/www.sonoraenequipo.com.mx\/recomienda-salud-sonora-protegerse-de-las-bajas-temperaturas\/#article","isPartOf":{"@id":"https:\/\/www.sonoraenequipo.com.mx\/recomienda-salud-sonora-protegerse-de-las-bajas-temperaturas\/"},"author":{"name":"enequipo","@id":"https:\/\/www.sonoraenequipo.com.mx\/#\/schema\/person\/50102df0fb23a8fa9e8effad8fa81386"},"headline":"Recomienda Salud Sonora protegerse de las bajas temperaturas","datePublished":"2024-12-10T04:38:09+00:00","dateModified":"2024-12-10T21:57:12+00:00","mainEntityOfPage":{"@id":"https:\/\/www.sonoraenequipo.com.mx\/recomienda-salud-sonora-protegerse-de-las-bajas-temperaturas\/"},"wordCount":266,"commentCount":0,"publisher":{"@id":"https:\/\/www.sonoraenequipo.com.mx\/#organization"},"image":{"@id":"https:\/\/www.sonoraenequipo.com.mx\/recomienda-salud-sonora-protegerse-de-las-bajas-temperaturas\/#primaryimage"},"thumbnailUrl":"https:\/\/www.sonoraenequipo.com.mx\/storage\/2024\/12\/sintomas-mas-comunes-min.jpg","articleSection":["Sonora"],"inLanguage":"es","potentialAction":[{"@type":"CommentAction","name":"Comment","target":["https:\/\/www.sonoraenequipo.com.mx\/recomienda-salud-sonora-protegerse-de-las-bajas-temperaturas\/#respond"]}]},{"@type":"WebPage","@id":"https:\/\/www.sonoraenequipo.com.mx\/recomienda-salud-sonora-protegerse-de-las-bajas-temperaturas\/","url":"https:\/\/www.sonoraenequipo.com.mx\/recomienda-salud-sonora-protegerse-de-las-bajas-temperaturas\/","name":"Sonora en Equipo. Recomienda Salud Sonora protegerse de las bajas temperaturas Sonora","isPartOf":{"@id":"https:\/\/www.sonoraenequipo.com.mx\/#website"},"primaryImageOfPage":{"@id":"https:\/\/www.sonoraenequipo.com.mx\/recomienda-salud-sonora-protegerse-de-las-bajas-temperaturas\/#primaryimage"},"image":{"@id":"https:\/\/www.sonoraenequipo.com.mx\/recomienda-salud-sonora-protegerse-de-las-bajas-temperaturas\/#primaryimage"},"thumbnailUrl":"https:\/\/www.sonoraenequipo.com.mx\/storage\/2024\/12\/sintomas-mas-comunes-min.jpg","datePublished":"2024-12-10T04:38:09+00:00","dateModified":"2024-12-10T21:57:12+00:00","description":"HERMOSILLO, SONORA. MX. \u2014 Ante la \u00e9poca donde las enfermedades respiratorias son m\u00e1s comunes, la Secretar\u00eda de Salud (SSP) recomend\u00f3 a la poblaci\u00f3n En Sonora en Equipo publicamos toda la informaci\u00f3n de Sonora, M\u00e9xico y el Mundo de manera oportuna y busca que la libertad de expresi\u00f3n sea real. Visita nuestro medio informativo publicado desde Hermosillo, Sonora. %","breadcrumb":{"@id":"https:\/\/www.sonoraenequipo.com.mx\/recomienda-salud-sonora-protegerse-de-las-bajas-temperaturas\/#breadcrumb"},"inLanguage":"es","potentialAction":[{"@type":"ReadAction","target":["https:\/\/www.sonoraenequipo.com.mx\/recomienda-salud-sonora-protegerse-de-las-bajas-temperaturas\/"]}]},{"@type":"ImageObject","inLanguage":"es","@id":"https:\/\/www.sonoraenequipo.com.mx\/recomienda-salud-sonora-protegerse-de-las-bajas-temperaturas\/#primaryimage","url":"https:\/\/www.sonoraenequipo.com.mx\/storage\/2024\/12\/sintomas-mas-comunes-min.jpg","contentUrl":"https:\/\/www.sonoraenequipo.com.mx\/storage\/2024\/12\/sintomas-mas-comunes-min.jpg","width":1000,"height":1000},{"@type":"BreadcrumbList","@id":"https:\/\/www.sonoraenequipo.com.mx\/recomienda-salud-sonora-protegerse-de-las-bajas-temperaturas\/#breadcrumb","itemListElement":[{"@type":"ListItem","position":1,"name":"Portada","item":"https:\/\/www.sonoraenequipo.com.mx\/"},{"@type":"ListItem","position":2,"name":"Recomienda Salud Sonora protegerse de las bajas temperaturas"}]},{"@type":"WebSite","@id":"https:\/\/www.sonoraenequipo.com.mx\/#website","url":"https:\/\/www.sonoraenequipo.com.mx\/","name":"Sonora en Equipo.","description":"Diario en l\u00ednea con Noticias desde Hermosillo, Sonora","publisher":{"@id":"https:\/\/www.sonoraenequipo.com.mx\/#organization"},"potentialAction":[{"@type":"SearchAction","target":{"@type":"EntryPoint","urlTemplate":"https:\/\/www.sonoraenequipo.com.mx\/?s={search_term_string}"},"query-input":{"@type":"PropertyValueSpecification","valueRequired":true,"valueName":"search_term_string"}}],"inLanguage":"es"},{"@type":"Organization","@id":"https:\/\/www.sonoraenequipo.com.mx\/#organization","name":"Sonoraenequipo.com.mx","url":"https:\/\/www.sonoraenequipo.com.mx\/","logo":{"@type":"ImageObject","inLanguage":"es","@id":"https:\/\/www.sonoraenequipo.com.mx\/#\/schema\/logo\/image\/","url":"https:\/\/www.sonoraenequipo.com.mx\/storage\/2019\/01\/sonoraenequipo_opt.png","contentUrl":"https:\/\/www.sonoraenequipo.com.mx\/storage\/2019\/01\/sonoraenequipo_opt.png","width":375,"height":125,"caption":"Sonoraenequipo.com.mx"},"image":{"@id":"https:\/\/www.sonoraenequipo.com.mx\/#\/schema\/logo\/image\/"},"sameAs":["https:\/\/www.facebook.com\/SonoraEE\/","https:\/\/x.com\/sonoraenequipo","https:\/\/www.youtube.com\/channel\/UC338nW-lPEYmJQs4ZABQ1SQ"]},{"@type":"Person","@id":"https:\/\/www.sonoraenequipo.com.mx\/#\/schema\/person\/50102df0fb23a8fa9e8effad8fa81386","name":"enequipo","image":{"@type":"ImageObject","inLanguage":"es","@id":"https:\/\/www.sonoraenequipo.com.mx\/#\/schema\/person\/image\/","url":"https:\/\/secure.gravatar.com\/avatar\/049821681b589dabc0bc20695993ccebb09f5b5d4d790cd9251b97faac7c652b?s=96&d=blank&r=g","contentUrl":"https:\/\/secure.gravatar.com\/avatar\/049821681b589dabc0bc20695993ccebb09f5b5d4d790cd9251b97faac7c652b?s=96&d=blank&r=g","caption":"enequipo"},"sameAs":["https:\/\/www.facebook.com\/SonoraEE"]}]}},"jetpack_featured_media_url":"https:\/\/www.sonoraenequipo.com.mx\/storage\/2024\/12\/sintomas-mas-comunes-min.jpg","_links":{"self":[{"href":"https:\/\/www.sonoraenequipo.com.mx\/api\/wp\/v2\/posts\/205934","targetHints":{"allow":["GET"]}}],"collection":[{"href":"https:\/\/www.sonoraenequipo.com.mx\/api\/wp\/v2\/posts"}],"about":[{"href":"https:\/\/www.sonoraenequipo.com.mx\/api\/wp\/v2\/types\/post"}],"author":[{"embeddable":true,"href":"https:\/\/www.sonoraenequipo.com.mx\/api\/wp\/v2\/users\/1"}],"replies":[{"embeddable":true,"href":"https:\/\/www.sonoraenequipo.com.mx\/api\/wp\/v2\/comments?post=205934"}],"version-history":[{"count":1,"href":"https:\/\/www.sonoraenequipo.com.mx\/api\/wp\/v2\/posts\/205934\/revisions"}],"predecessor-version":[{"id":205941,"href":"https:\/\/www.sonoraenequipo.com.mx\/api\/wp\/v2\/posts\/205934\/revisions\/205941"}],"wp:featuredmedia":[{"embeddable":true,"href":"https:\/\/www.sonoraenequipo.com.mx\/api\/wp\/v2\/media\/205938"}],"wp:attachment":[{"href":"https:\/\/www.sonoraenequipo.com.mx\/api\/wp\/v2\/media?parent=205934"}],"wp:term":[{"taxonomy":"category","embeddable":true,"href":"https:\/\/www.sonoraenequipo.com.mx\/api\/wp\/v2\/categories?post=205934"},{"taxonomy":"post_tag","embeddable":true,"href":"https:\/\/www.sonoraenequipo.com.mx\/api\/wp\/v2\/tags?post=205934"}],"curies":[{"name":"wp","href":"https:\/\/api.w.org\/{rel}","templated":true}]}}