{"id":205942,"date":"2024-12-09T18:54:20","date_gmt":"2024-12-10T01:54:20","guid":{"rendered":"https:\/\/www.sonoraenequipo.com.mx\/?p=205942"},"modified":"2024-12-10T15:25:51","modified_gmt":"2024-12-10T22:25:51","slug":"promueve-gobernador-durazo-jovenes-estudiantes-sonorenses-del-programa-de-vivienda-nacional","status":"publish","type":"post","link":"https:\/\/www.sonoraenequipo.com.mx\/promueve-gobernador-durazo-jovenes-estudiantes-sonorenses-del-programa-de-vivienda-nacional\/","title":{"rendered":"Promueve Gobernador Durazo j\u00f3venes estudiantes sonorenses del programa de vivienda nacional"},"content":{"rendered":"<p><strong>HERMOSILLO, SONORA. MX \u2014 <\/strong>Con la participaci\u00f3n de alumnos y profesores sonorenses del Tecnol\u00f3gico Nacional de M\u00e9xico en la elaboraci\u00f3n de proyectos arquitect\u00f3nicos del Programa de Vivienda para el Bienestar, promovido por la presidenta Claudia Sheinbaum Pardo, Sonora se coloca a la vanguardia nacional para que la ciudadan\u00eda acceda a viviendas de inter\u00e9s social, asever\u00f3 el gobernador Alfonso Durazo Monta\u00f1o.<\/p>\n<p>&nbsp;<\/p>\n<p>&nbsp;<\/p>\n<p>&nbsp;<\/p>\n<p> <\/p>\n<p>En la conferencia ma\u00f1anera del Pueblo de la presidenta de M\u00e9xico, se dio a conocer que los d\u00edas 22 de diciembre de este a\u00f1o, 29 de enero y 30 de marzo de 2025, se entregar\u00e1n 92 proyectos arquitect\u00f3nicos, siendo Sonora una de las tres entidades que participar\u00e1 con propuestas en estas tres fechas.<\/p>\n<p>&nbsp;<\/p>\n<p>&nbsp;<\/p>\n<p>&nbsp;<\/p>\n<p>Tras el anuncio hecho en la conferencia matutina de la presidenta Sheinbaum, el gobernador de Sonora record\u00f3 que, para este programa, la entidad aportar\u00e1 mil hect\u00e1reas para desarrollar estas viviendas, de las cuales 500 ser\u00e1n por parte del estado y otras 500 por parte de los municipios.<\/p>\n<p>&nbsp;<\/p>\n<p>&nbsp;<\/p>\n<p><em><strong>\u201cTenemos que aplicarnos el gobierno del estado y los ayuntamientos para garantizar que esos predios, ya a disposici\u00f3n, re\u00fanan efectivamente las condiciones t\u00e9cnicas e ir a la vanguardia en el avance de este programa de vivienda. Por parte del gobierno del estado, absolutamente ning\u00fan regateo\u201d,<\/strong> <\/em>indic\u00f3.<\/p>\n<p>&nbsp;<\/p>\n<p>&nbsp;<\/p>\n<p>&nbsp;<\/p>\n<p>Este d\u00eda se inici\u00f3 con la evaluaci\u00f3n y selecci\u00f3n de 60 proyectos arquitect\u00f3nicos correspondientes a los primeros 23 conjuntos habitacionales que ser\u00e1n construidos en 10 entidades, entre ellas Sonora, que representan las primeras 18 mil viviendas de este programa.<\/p>\n<p>&nbsp;<\/p>\n<p>&nbsp;<\/p>\n<p>&nbsp;<\/p>\n<p>Hasta el momento, ya se han instalado todas las mesas de coordinaci\u00f3n en las 32 entidades federativas, y Sonora ha sido uno de los tres estados, junto con Baja California Sur y Tamaulipas, en suscribirse al convenio de colaboraci\u00f3n para el Programa Nacional de Vivienda, que contempla en la entidad la construcci\u00f3n de 33 mil 800 casas de inter\u00e9s social.<\/p>\n<p>&nbsp;<\/p>\n<p>&nbsp;<\/p>\n<p>&nbsp;<\/p>\n<p>Respecto a la congelaci\u00f3n de cr\u00e9ditos con beneficio adicional de disminuci\u00f3n de la mensualidad, la tasa de inter\u00e9s o descuento al saldo se dio a conocer que, en Sonora, 2 mil 058 cuentahabientes de Infonavit han sido beneficiados en los primeros meses de la administraci\u00f3n de la presidenta Sheinbaum.<\/p>\n<p>&nbsp;<\/p>\n<p>&nbsp;<\/p>\n<p>&nbsp;<\/p>\n<p>PUBLICADO EL 09 DE DICIEMBRE DE 2024 Con informaci\u00f3n de GOBSON 1224\/054)<\/p>\n","protected":false},"excerpt":{"rendered":"<p>HERMOSILLO, SONORA. MX \u2014 Con la participaci\u00f3n de alumnos y profesores sonorenses del Tecnol\u00f3gico Nacional&#8230;<\/p>\n","protected":false},"author":1,"featured_media":205948,"comment_status":"open","ping_status":"open","sticky":false,"template":"","format":"standard","meta":{"_monsterinsights_skip_tracking":false,"_monsterinsights_sitenote_active":false,"_monsterinsights_sitenote_note":"","_monsterinsights_sitenote_category":0,"footnotes":""},"categories":[22],"tags":[],"class_list":["post"],"yoast_head":" \n<title>Sonora en Equipo. Promueve Gobernador Durazo j\u00f3venes estudiantes sonorenses del programa de vivienda nacional Sonora<\/title>\n<meta name=\"description\" content=\"HERMOSILLO, SONORA. MX \u2014 Con la participaci\u00f3n de alumnos y profesores sonorenses del Tecnol\u00f3gico Nacional de M\u00e9xico en la elaboraci\u00f3n de proyectos En Sonora en Equipo publicamos toda la informaci\u00f3n de Sonora, M\u00e9xico y el Mundo de manera oportuna y busca que la libertad de expresi\u00f3n sea real. Visita nuestro medio informativo publicado desde Hermosillo, Sonora. %\" \/>\n<meta name=\"robots\" content=\"index, follow, max-snippet:-1, max-image-preview:large, max-video-preview:-1\" \/>\n<link rel=\"canonical\" href=\"https:\/\/www.sonoraenequipo.com.mx\/promueve-gobernador-durazo-jovenes-estudiantes-sonorenses-del-programa-de-vivienda-nacional\/\" \/>\n<meta property=\"og:locale\" content=\"es_ES\" \/>\n<meta property=\"og:type\" content=\"article\" \/>\n<meta property=\"og:title\" content=\"Sonora en Equipo. Promueve Gobernador Durazo j\u00f3venes estudiantes sonorenses del programa de vivienda nacional Sonora\" \/>\n<meta property=\"og:description\" content=\"HERMOSILLO, SONORA. MX \u2014 Con la participaci\u00f3n de alumnos y profesores sonorenses del Tecnol\u00f3gico Nacional de M\u00e9xico en la elaboraci\u00f3n de proyectos En Sonora en Equipo publicamos toda la informaci\u00f3n de Sonora, M\u00e9xico y el Mundo de manera oportuna y busca que la libertad de expresi\u00f3n sea real. Visita nuestro medio informativo publicado desde Hermosillo, Sonora. %\" \/>\n<meta property=\"og:url\" content=\"https:\/\/www.sonoraenequipo.com.mx\/promueve-gobernador-durazo-jovenes-estudiantes-sonorenses-del-programa-de-vivienda-nacional\/\" \/>\n<meta property=\"og:site_name\" content=\"Sonora en Equipo.\" \/>\n<meta property=\"article:publisher\" content=\"https:\/\/www.facebook.com\/SonoraEE\/\" \/>\n<meta property=\"article:author\" content=\"https:\/\/www.facebook.com\/SonoraEE\" \/>\n<meta property=\"article:published_time\" content=\"2024-12-10T01:54:20+00:00\" \/>\n<meta property=\"article:modified_time\" content=\"2024-12-10T22:25:51+00:00\" \/>\n<meta property=\"og:image\" content=\"https:\/\/www.sonoraenequipo.com.mx\/storage\/2024\/12\/vivienda-min.jpg\" \/>\n\t<meta property=\"og:image:width\" content=\"1000\" \/>\n\t<meta property=\"og:image:height\" content=\"629\" \/>\n\t<meta property=\"og:image:type\" content=\"image\/jpeg\" \/>\n<meta name=\"author\" content=\"enequipo\" \/>\n<meta name=\"twitter:card\" content=\"summary_large_image\" \/>\n<meta name=\"twitter:creator\" content=\"@sonoraenequipo\" \/>\n<meta name=\"twitter:site\" content=\"@sonoraenequipo\" \/>\n<meta name=\"twitter:label1\" content=\"Escrito por\" \/>\n\t<meta name=\"twitter:data1\" content=\"enequipo\" \/>\n\t<meta name=\"twitter:label2\" content=\"Tiempo de lectura\" \/>\n\t<meta name=\"twitter:data2\" content=\"2 minutos\" \/>\n<script type=\"application\/ld+json\" class=\"yoast-schema-graph\">{\"@context\":\"https:\/\/schema.org\",\"@graph\":[{\"@type\":\"Article\",\"@id\":\"https:\/\/www.sonoraenequipo.com.mx\/promueve-gobernador-durazo-jovenes-estudiantes-sonorenses-del-programa-de-vivienda-nacional\/#article\",\"isPartOf\":{\"@id\":\"https:\/\/www.sonoraenequipo.com.mx\/promueve-gobernador-durazo-jovenes-estudiantes-sonorenses-del-programa-de-vivienda-nacional\/\"},\"author\":{\"name\":\"enequipo\",\"@id\":\"https:\/\/www.sonoraenequipo.com.mx\/#\/schema\/person\/50102df0fb23a8fa9e8effad8fa81386\"},\"headline\":\"Promueve Gobernador Durazo j\u00f3venes estudiantes sonorenses del programa de vivienda nacional\",\"datePublished\":\"2024-12-10T01:54:20+00:00\",\"dateModified\":\"2024-12-10T22:25:51+00:00\",\"mainEntityOfPage\":{\"@id\":\"https:\/\/www.sonoraenequipo.com.mx\/promueve-gobernador-durazo-jovenes-estudiantes-sonorenses-del-programa-de-vivienda-nacional\/\"},\"wordCount\":413,\"commentCount\":0,\"publisher\":{\"@id\":\"https:\/\/www.sonoraenequipo.com.mx\/#organization\"},\"image\":{\"@id\":\"https:\/\/www.sonoraenequipo.com.mx\/promueve-gobernador-durazo-jovenes-estudiantes-sonorenses-del-programa-de-vivienda-nacional\/#primaryimage\"},\"thumbnailUrl\":\"https:\/\/www.sonoraenequipo.com.mx\/storage\/2024\/12\/vivienda-min.jpg\",\"articleSection\":[\"Sonora\"],\"inLanguage\":\"es\",\"potentialAction\":[{\"@type\":\"CommentAction\",\"name\":\"Comment\",\"target\":[\"https:\/\/www.sonoraenequipo.com.mx\/promueve-gobernador-durazo-jovenes-estudiantes-sonorenses-del-programa-de-vivienda-nacional\/#respond\"]}]},{\"@type\":\"WebPage\",\"@id\":\"https:\/\/www.sonoraenequipo.com.mx\/promueve-gobernador-durazo-jovenes-estudiantes-sonorenses-del-programa-de-vivienda-nacional\/\",\"url\":\"https:\/\/www.sonoraenequipo.com.mx\/promueve-gobernador-durazo-jovenes-estudiantes-sonorenses-del-programa-de-vivienda-nacional\/\",\"name\":\"Sonora en Equipo. Promueve Gobernador Durazo j\u00f3venes estudiantes sonorenses del programa de vivienda nacional Sonora\",\"isPartOf\":{\"@id\":\"https:\/\/www.sonoraenequipo.com.mx\/#website\"},\"primaryImageOfPage\":{\"@id\":\"https:\/\/www.sonoraenequipo.com.mx\/promueve-gobernador-durazo-jovenes-estudiantes-sonorenses-del-programa-de-vivienda-nacional\/#primaryimage\"},\"image\":{\"@id\":\"https:\/\/www.sonoraenequipo.com.mx\/promueve-gobernador-durazo-jovenes-estudiantes-sonorenses-del-programa-de-vivienda-nacional\/#primaryimage\"},\"thumbnailUrl\":\"https:\/\/www.sonoraenequipo.com.mx\/storage\/2024\/12\/vivienda-min.jpg\",\"datePublished\":\"2024-12-10T01:54:20+00:00\",\"dateModified\":\"2024-12-10T22:25:51+00:00\",\"description\":\"HERMOSILLO, SONORA. MX \u2014 Con la participaci\u00f3n de alumnos y profesores sonorenses del Tecnol\u00f3gico Nacional de M\u00e9xico en la elaboraci\u00f3n de proyectos En Sonora en Equipo publicamos toda la informaci\u00f3n de Sonora, M\u00e9xico y el Mundo de manera oportuna y busca que la libertad de expresi\u00f3n sea real. Visita nuestro medio informativo publicado desde Hermosillo, Sonora. %\",\"breadcrumb\":{\"@id\":\"https:\/\/www.sonoraenequipo.com.mx\/promueve-gobernador-durazo-jovenes-estudiantes-sonorenses-del-programa-de-vivienda-nacional\/#breadcrumb\"},\"inLanguage\":\"es\",\"potentialAction\":[{\"@type\":\"ReadAction\",\"target\":[\"https:\/\/www.sonoraenequipo.com.mx\/promueve-gobernador-durazo-jovenes-estudiantes-sonorenses-del-programa-de-vivienda-nacional\/\"]}]},{\"@type\":\"ImageObject\",\"inLanguage\":\"es\",\"@id\":\"https:\/\/www.sonoraenequipo.com.mx\/promueve-gobernador-durazo-jovenes-estudiantes-sonorenses-del-programa-de-vivienda-nacional\/#primaryimage\",\"url\":\"https:\/\/www.sonoraenequipo.com.mx\/storage\/2024\/12\/vivienda-min.jpg\",\"contentUrl\":\"https:\/\/www.sonoraenequipo.com.mx\/storage\/2024\/12\/vivienda-min.jpg\",\"width\":1000,\"height\":629},{\"@type\":\"BreadcrumbList\",\"@id\":\"https:\/\/www.sonoraenequipo.com.mx\/promueve-gobernador-durazo-jovenes-estudiantes-sonorenses-del-programa-de-vivienda-nacional\/#breadcrumb\",\"itemListElement\":[{\"@type\":\"ListItem\",\"position\":1,\"name\":\"Portada\",\"item\":\"https:\/\/www.sonoraenequipo.com.mx\/\"},{\"@type\":\"ListItem\",\"position\":2,\"name\":\"Promueve Gobernador Durazo j\u00f3venes estudiantes sonorenses del programa de vivienda nacional\"}]},{\"@type\":\"WebSite\",\"@id\":\"https:\/\/www.sonoraenequipo.com.mx\/#website\",\"url\":\"https:\/\/www.sonoraenequipo.com.mx\/\",\"name\":\"Sonora en Equipo.\",\"description\":\"Diario en l\u00ednea con Noticias desde Hermosillo, Sonora\",\"publisher\":{\"@id\":\"https:\/\/www.sonoraenequipo.com.mx\/#organization\"},\"potentialAction\":[{\"@type\":\"SearchAction\",\"target\":{\"@type\":\"EntryPoint\",\"urlTemplate\":\"https:\/\/www.sonoraenequipo.com.mx\/?s={search_term_string}\"},\"query-input\":{\"@type\":\"PropertyValueSpecification\",\"valueRequired\":true,\"valueName\":\"search_term_string\"}}],\"inLanguage\":\"es\"},{\"@type\":\"Organization\",\"@id\":\"https:\/\/www.sonoraenequipo.com.mx\/#organization\",\"name\":\"Sonoraenequipo.com.mx\",\"url\":\"https:\/\/www.sonoraenequipo.com.mx\/\",\"logo\":{\"@type\":\"ImageObject\",\"inLanguage\":\"es\",\"@id\":\"https:\/\/www.sonoraenequipo.com.mx\/#\/schema\/logo\/image\/\",\"url\":\"https:\/\/www.sonoraenequipo.com.mx\/storage\/2019\/01\/sonoraenequipo_opt.png\",\"contentUrl\":\"https:\/\/www.sonoraenequipo.com.mx\/storage\/2019\/01\/sonoraenequipo_opt.png\",\"width\":375,\"height\":125,\"caption\":\"Sonoraenequipo.com.mx\"},\"image\":{\"@id\":\"https:\/\/www.sonoraenequipo.com.mx\/#\/schema\/logo\/image\/\"},\"sameAs\":[\"https:\/\/www.facebook.com\/SonoraEE\/\",\"https:\/\/x.com\/sonoraenequipo\",\"https:\/\/www.youtube.com\/channel\/UC338nW-lPEYmJQs4ZABQ1SQ\"]},{\"@type\":\"Person\",\"@id\":\"https:\/\/www.sonoraenequipo.com.mx\/#\/schema\/person\/50102df0fb23a8fa9e8effad8fa81386\",\"name\":\"enequipo\",\"image\":{\"@type\":\"ImageObject\",\"inLanguage\":\"es\",\"@id\":\"https:\/\/www.sonoraenequipo.com.mx\/#\/schema\/person\/image\/\",\"url\":\"https:\/\/secure.gravatar.com\/avatar\/049821681b589dabc0bc20695993ccebb09f5b5d4d790cd9251b97faac7c652b?s=96&d=blank&r=g\",\"contentUrl\":\"https:\/\/secure.gravatar.com\/avatar\/049821681b589dabc0bc20695993ccebb09f5b5d4d790cd9251b97faac7c652b?s=96&d=blank&r=g\",\"caption\":\"enequipo\"},\"sameAs\":[\"https:\/\/www.facebook.com\/SonoraEE\"]}]}<\/script>\n ","yoast_head_json":{"title":"Sonora en Equipo. Promueve Gobernador Durazo j\u00f3venes estudiantes sonorenses del programa de vivienda nacional Sonora","description":"HERMOSILLO, SONORA. MX \u2014 Con la participaci\u00f3n de alumnos y profesores sonorenses del Tecnol\u00f3gico Nacional de M\u00e9xico en la elaboraci\u00f3n de proyectos En Sonora en Equipo publicamos toda la informaci\u00f3n de Sonora, M\u00e9xico y el Mundo de manera oportuna y busca que la libertad de expresi\u00f3n sea real. Visita nuestro medio informativo publicado desde Hermosillo, Sonora. %","robots":{"index":"index","follow":"follow","max-snippet":"max-snippet:-1","max-image-preview":"max-image-preview:large","max-video-preview":"max-video-preview:-1"},"canonical":"https:\/\/www.sonoraenequipo.com.mx\/promueve-gobernador-durazo-jovenes-estudiantes-sonorenses-del-programa-de-vivienda-nacional\/","og_locale":"es_ES","og_type":"article","og_title":"Sonora en Equipo. Promueve Gobernador Durazo j\u00f3venes estudiantes sonorenses del programa de vivienda nacional Sonora","og_description":"HERMOSILLO, SONORA. MX \u2014 Con la participaci\u00f3n de alumnos y profesores sonorenses del Tecnol\u00f3gico Nacional de M\u00e9xico en la elaboraci\u00f3n de proyectos En Sonora en Equipo publicamos toda la informaci\u00f3n de Sonora, M\u00e9xico y el Mundo de manera oportuna y busca que la libertad de expresi\u00f3n sea real. Visita nuestro medio informativo publicado desde Hermosillo, Sonora. %","og_url":"https:\/\/www.sonoraenequipo.com.mx\/promueve-gobernador-durazo-jovenes-estudiantes-sonorenses-del-programa-de-vivienda-nacional\/","og_site_name":"Sonora en Equipo.","article_publisher":"https:\/\/www.facebook.com\/SonoraEE\/","article_author":"https:\/\/www.facebook.com\/SonoraEE","article_published_time":"2024-12-10T01:54:20+00:00","article_modified_time":"2024-12-10T22:25:51+00:00","og_image":[{"width":1000,"height":629,"url":"https:\/\/www.sonoraenequipo.com.mx\/storage\/2024\/12\/vivienda-min.jpg","type":"image\/jpeg"}],"author":"enequipo","twitter_card":"summary_large_image","twitter_creator":"@sonoraenequipo","twitter_site":"@sonoraenequipo","twitter_misc":{"Escrito por":"enequipo","Tiempo de lectura":"2 minutos"},"schema":{"@context":"https:\/\/schema.org","@graph":[{"@type":"Article","@id":"https:\/\/www.sonoraenequipo.com.mx\/promueve-gobernador-durazo-jovenes-estudiantes-sonorenses-del-programa-de-vivienda-nacional\/#article","isPartOf":{"@id":"https:\/\/www.sonoraenequipo.com.mx\/promueve-gobernador-durazo-jovenes-estudiantes-sonorenses-del-programa-de-vivienda-nacional\/"},"author":{"name":"enequipo","@id":"https:\/\/www.sonoraenequipo.com.mx\/#\/schema\/person\/50102df0fb23a8fa9e8effad8fa81386"},"headline":"Promueve Gobernador Durazo j\u00f3venes estudiantes sonorenses del programa de vivienda nacional","datePublished":"2024-12-10T01:54:20+00:00","dateModified":"2024-12-10T22:25:51+00:00","mainEntityOfPage":{"@id":"https:\/\/www.sonoraenequipo.com.mx\/promueve-gobernador-durazo-jovenes-estudiantes-sonorenses-del-programa-de-vivienda-nacional\/"},"wordCount":413,"commentCount":0,"publisher":{"@id":"https:\/\/www.sonoraenequipo.com.mx\/#organization"},"image":{"@id":"https:\/\/www.sonoraenequipo.com.mx\/promueve-gobernador-durazo-jovenes-estudiantes-sonorenses-del-programa-de-vivienda-nacional\/#primaryimage"},"thumbnailUrl":"https:\/\/www.sonoraenequipo.com.mx\/storage\/2024\/12\/vivienda-min.jpg","articleSection":["Sonora"],"inLanguage":"es","potentialAction":[{"@type":"CommentAction","name":"Comment","target":["https:\/\/www.sonoraenequipo.com.mx\/promueve-gobernador-durazo-jovenes-estudiantes-sonorenses-del-programa-de-vivienda-nacional\/#respond"]}]},{"@type":"WebPage","@id":"https:\/\/www.sonoraenequipo.com.mx\/promueve-gobernador-durazo-jovenes-estudiantes-sonorenses-del-programa-de-vivienda-nacional\/","url":"https:\/\/www.sonoraenequipo.com.mx\/promueve-gobernador-durazo-jovenes-estudiantes-sonorenses-del-programa-de-vivienda-nacional\/","name":"Sonora en Equipo. Promueve Gobernador Durazo j\u00f3venes estudiantes sonorenses del programa de vivienda nacional Sonora","isPartOf":{"@id":"https:\/\/www.sonoraenequipo.com.mx\/#website"},"primaryImageOfPage":{"@id":"https:\/\/www.sonoraenequipo.com.mx\/promueve-gobernador-durazo-jovenes-estudiantes-sonorenses-del-programa-de-vivienda-nacional\/#primaryimage"},"image":{"@id":"https:\/\/www.sonoraenequipo.com.mx\/promueve-gobernador-durazo-jovenes-estudiantes-sonorenses-del-programa-de-vivienda-nacional\/#primaryimage"},"thumbnailUrl":"https:\/\/www.sonoraenequipo.com.mx\/storage\/2024\/12\/vivienda-min.jpg","datePublished":"2024-12-10T01:54:20+00:00","dateModified":"2024-12-10T22:25:51+00:00","description":"HERMOSILLO, SONORA. MX \u2014 Con la participaci\u00f3n de alumnos y profesores sonorenses del Tecnol\u00f3gico Nacional de M\u00e9xico en la elaboraci\u00f3n de proyectos En Sonora en Equipo publicamos toda la informaci\u00f3n de Sonora, M\u00e9xico y el Mundo de manera oportuna y busca que la libertad de expresi\u00f3n sea real. Visita nuestro medio informativo publicado desde Hermosillo, Sonora. %","breadcrumb":{"@id":"https:\/\/www.sonoraenequipo.com.mx\/promueve-gobernador-durazo-jovenes-estudiantes-sonorenses-del-programa-de-vivienda-nacional\/#breadcrumb"},"inLanguage":"es","potentialAction":[{"@type":"ReadAction","target":["https:\/\/www.sonoraenequipo.com.mx\/promueve-gobernador-durazo-jovenes-estudiantes-sonorenses-del-programa-de-vivienda-nacional\/"]}]},{"@type":"ImageObject","inLanguage":"es","@id":"https:\/\/www.sonoraenequipo.com.mx\/promueve-gobernador-durazo-jovenes-estudiantes-sonorenses-del-programa-de-vivienda-nacional\/#primaryimage","url":"https:\/\/www.sonoraenequipo.com.mx\/storage\/2024\/12\/vivienda-min.jpg","contentUrl":"https:\/\/www.sonoraenequipo.com.mx\/storage\/2024\/12\/vivienda-min.jpg","width":1000,"height":629},{"@type":"BreadcrumbList","@id":"https:\/\/www.sonoraenequipo.com.mx\/promueve-gobernador-durazo-jovenes-estudiantes-sonorenses-del-programa-de-vivienda-nacional\/#breadcrumb","itemListElement":[{"@type":"ListItem","position":1,"name":"Portada","item":"https:\/\/www.sonoraenequipo.com.mx\/"},{"@type":"ListItem","position":2,"name":"Promueve Gobernador Durazo j\u00f3venes estudiantes sonorenses del programa de vivienda nacional"}]},{"@type":"WebSite","@id":"https:\/\/www.sonoraenequipo.com.mx\/#website","url":"https:\/\/www.sonoraenequipo.com.mx\/","name":"Sonora en Equipo.","description":"Diario en l\u00ednea con Noticias desde Hermosillo, Sonora","publisher":{"@id":"https:\/\/www.sonoraenequipo.com.mx\/#organization"},"potentialAction":[{"@type":"SearchAction","target":{"@type":"EntryPoint","urlTemplate":"https:\/\/www.sonoraenequipo.com.mx\/?s={search_term_string}"},"query-input":{"@type":"PropertyValueSpecification","valueRequired":true,"valueName":"search_term_string"}}],"inLanguage":"es"},{"@type":"Organization","@id":"https:\/\/www.sonoraenequipo.com.mx\/#organization","name":"Sonoraenequipo.com.mx","url":"https:\/\/www.sonoraenequipo.com.mx\/","logo":{"@type":"ImageObject","inLanguage":"es","@id":"https:\/\/www.sonoraenequipo.com.mx\/#\/schema\/logo\/image\/","url":"https:\/\/www.sonoraenequipo.com.mx\/storage\/2019\/01\/sonoraenequipo_opt.png","contentUrl":"https:\/\/www.sonoraenequipo.com.mx\/storage\/2019\/01\/sonoraenequipo_opt.png","width":375,"height":125,"caption":"Sonoraenequipo.com.mx"},"image":{"@id":"https:\/\/www.sonoraenequipo.com.mx\/#\/schema\/logo\/image\/"},"sameAs":["https:\/\/www.facebook.com\/SonoraEE\/","https:\/\/x.com\/sonoraenequipo","https:\/\/www.youtube.com\/channel\/UC338nW-lPEYmJQs4ZABQ1SQ"]},{"@type":"Person","@id":"https:\/\/www.sonoraenequipo.com.mx\/#\/schema\/person\/50102df0fb23a8fa9e8effad8fa81386","name":"enequipo","image":{"@type":"ImageObject","inLanguage":"es","@id":"https:\/\/www.sonoraenequipo.com.mx\/#\/schema\/person\/image\/","url":"https:\/\/secure.gravatar.com\/avatar\/049821681b589dabc0bc20695993ccebb09f5b5d4d790cd9251b97faac7c652b?s=96&d=blank&r=g","contentUrl":"https:\/\/secure.gravatar.com\/avatar\/049821681b589dabc0bc20695993ccebb09f5b5d4d790cd9251b97faac7c652b?s=96&d=blank&r=g","caption":"enequipo"},"sameAs":["https:\/\/www.facebook.com\/SonoraEE"]}]}},"jetpack_featured_media_url":"https:\/\/www.sonoraenequipo.com.mx\/storage\/2024\/12\/vivienda-min.jpg","_links":{"self":[{"href":"https:\/\/www.sonoraenequipo.com.mx\/api\/wp\/v2\/posts\/205942","targetHints":{"allow":["GET"]}}],"collection":[{"href":"https:\/\/www.sonoraenequipo.com.mx\/api\/wp\/v2\/posts"}],"about":[{"href":"https:\/\/www.sonoraenequipo.com.mx\/api\/wp\/v2\/types\/post"}],"author":[{"embeddable":true,"href":"https:\/\/www.sonoraenequipo.com.mx\/api\/wp\/v2\/users\/1"}],"replies":[{"embeddable":true,"href":"https:\/\/www.sonoraenequipo.com.mx\/api\/wp\/v2\/comments?post=205942"}],"version-history":[{"count":1,"href":"https:\/\/www.sonoraenequipo.com.mx\/api\/wp\/v2\/posts\/205942\/revisions"}],"predecessor-version":[{"id":205949,"href":"https:\/\/www.sonoraenequipo.com.mx\/api\/wp\/v2\/posts\/205942\/revisions\/205949"}],"wp:featuredmedia":[{"embeddable":true,"href":"https:\/\/www.sonoraenequipo.com.mx\/api\/wp\/v2\/media\/205948"}],"wp:attachment":[{"href":"https:\/\/www.sonoraenequipo.com.mx\/api\/wp\/v2\/media?parent=205942"}],"wp:term":[{"taxonomy":"category","embeddable":true,"href":"https:\/\/www.sonoraenequipo.com.mx\/api\/wp\/v2\/categories?post=205942"},{"taxonomy":"post_tag","embeddable":true,"href":"https:\/\/www.sonoraenequipo.com.mx\/api\/wp\/v2\/tags?post=205942"}],"curies":[{"name":"wp","href":"https:\/\/api.w.org\/{rel}","templated":true}]}}