{"id":206178,"date":"2024-12-13T18:32:00","date_gmt":"2024-12-14T01:32:00","guid":{"rendered":"https:\/\/www.sonoraenequipo.com.mx\/?p=206178"},"modified":"2024-12-13T18:32:00","modified_gmt":"2024-12-14T01:32:00","slug":"en-febrero-de-2025-iniciara-en-sonora-el-programa-salud-casa-por-casa","status":"publish","type":"post","link":"https:\/\/www.sonoraenequipo.com.mx\/en-febrero-de-2025-iniciara-en-sonora-el-programa-salud-casa-por-casa\/","title":{"rendered":"En febrero de 2025 iniciar\u00e1 en Sonora el programa \u201cSalud Casa por Casa"},"content":{"rendered":"<p><strong>CIUDAD DE M\u00c9XICO.<\/strong><strong> \u0336 \u0336\u00a0 <\/strong>Alineado con las directrices marcadas por la presidenta Claudia Sheinbaum, el Gobierno de Sonora trabajar\u00e1 en el fortalecimiento de la seguridad social, los derechos laborales, el IMSS-Bienestar y en el seguimiento al programa Salud Casa por Casa, resalt\u00f3 el gobernador Alfonso Durazo Monta\u00f1o.<\/p>\n<p>&nbsp;<\/p>\n<p>&nbsp;<\/p>\n<p>&nbsp;<\/p>\n<p>Al participar en la 115\u00aa Asamblea General Ordinaria del Instituto Mexicano del Seguro Social, el mandatario sonorense se sum\u00f3 a las iniciativas del sistema de salud a nivel nacional, el cual permite a toda la ciudadan\u00eda, incluso a quienes no est\u00e1n afiliados a un sistema de aseguramiento, acceder a una atenci\u00f3n m\u00e9dica de calidad y oportuna.<\/p>\n<p>&nbsp;<\/p>\n<p>&nbsp;<\/p>\n<p>&nbsp;<\/p>\n<p>El gobernador Durazo record\u00f3 que, en Sonora, el sistema IMSS-Bienestar ha destinado una inversi\u00f3n superior a los dos mil millones de pesos, recursos que se han traducido en la rehabilitaci\u00f3n de la infraestructura hospitalaria, el abasto de medicamentos y el incremento de personal m\u00e9dico especializado.<\/p>\n<p>&nbsp;<\/p>\n<p>&nbsp;<\/p>\n<p>&nbsp;<\/p>\n<p>\u201cConmemoramos la labor tan importante del Seguro Social en sus 81 a\u00f1os, que hoy contribuye de gran manera al bienestar y a la atenci\u00f3n m\u00e9dica de calidad para las familias mexicanas\u201d, mencion\u00f3 el gobernador Durazo Monta\u00f1o.<\/p>\n<p>&nbsp;<\/p>\n<p>&nbsp;<\/p>\n<p>&nbsp;<\/p>\n<p>Como parte de la sinergia entre los Gobiernos de M\u00e9xico y Sonora en materia de salud, 31 hospitales, 240 centros de salud y 13 unidades m\u00f3viles han sido transferidos a IMSS-Bienestar, bajo la supervisi\u00f3n de la coordinaci\u00f3n estatal y con un funcionamiento al 100 por ciento.<\/p>\n<p>&nbsp;<\/p>\n<p>&nbsp;<\/p>\n<p>&nbsp;<\/p>\n<p>Respecto al programa Salud Casa por Casa, que ofrecer\u00e1 consultas y seguimiento m\u00e9dico a personas de 65 a\u00f1os en adelante o con alguna discapacidad, en Sonora inici\u00f3 el censo de beneficiarios en noviembre de este a\u00f1o. Este programa comenzar\u00e1 las visitas a domicilio en febrero de 2025, con la meta de atender hasta 300 mil sonorenses.<\/p>\n<p><strong>Fecha de publicaci\u00f3n viernes 13 de diciembre de 2024 \/<\/strong><\/p>\n","protected":false},"excerpt":{"rendered":"<p>CIUDAD DE M\u00c9XICO. \u0336 \u0336\u00a0 Alineado con las directrices marcadas por la presidenta Claudia Sheinbaum,&#8230;<\/p>\n","protected":false},"author":1,"featured_media":206179,"comment_status":"open","ping_status":"open","sticky":false,"template":"","format":"standard","meta":{"_monsterinsights_skip_tracking":false,"_monsterinsights_sitenote_active":false,"_monsterinsights_sitenote_note":"","_monsterinsights_sitenote_category":0,"footnotes":""},"categories":[22],"tags":[74,15],"class_list":["post"],"yoast_head":" \n<title>Sonora en Equipo. En febrero de 2025 iniciar\u00e1 en Sonora el programa \u201cSalud Casa por Casa Sonora<\/title>\n<meta name=\"description\" content=\"CIUDAD DE M\u00c9XICO. \u0336 \u0336\u00a0 Alineado con las directrices marcadas por la presidenta Claudia Sheinbaum, el Gobierno de Sonora trabajar\u00e1 en el fortalecimiento de En Sonora en Equipo publicamos toda la informaci\u00f3n de Sonora, M\u00e9xico y el Mundo de manera oportuna y busca que la libertad de expresi\u00f3n sea real. Visita nuestro medio informativo publicado desde Hermosillo, Sonora. %\" \/>\n<meta name=\"robots\" content=\"index, follow, max-snippet:-1, max-image-preview:large, max-video-preview:-1\" \/>\n<link rel=\"canonical\" href=\"https:\/\/www.sonoraenequipo.com.mx\/en-febrero-de-2025-iniciara-en-sonora-el-programa-salud-casa-por-casa\/\" \/>\n<meta property=\"og:locale\" content=\"es_ES\" \/>\n<meta property=\"og:type\" content=\"article\" \/>\n<meta property=\"og:title\" content=\"Sonora en Equipo. En febrero de 2025 iniciar\u00e1 en Sonora el programa \u201cSalud Casa por Casa Sonora\" \/>\n<meta property=\"og:description\" content=\"CIUDAD DE M\u00c9XICO. \u0336 \u0336\u00a0 Alineado con las directrices marcadas por la presidenta Claudia Sheinbaum, el Gobierno de Sonora trabajar\u00e1 en el fortalecimiento de En Sonora en Equipo publicamos toda la informaci\u00f3n de Sonora, M\u00e9xico y el Mundo de manera oportuna y busca que la libertad de expresi\u00f3n sea real. Visita nuestro medio informativo publicado desde Hermosillo, Sonora. %\" \/>\n<meta property=\"og:url\" content=\"https:\/\/www.sonoraenequipo.com.mx\/en-febrero-de-2025-iniciara-en-sonora-el-programa-salud-casa-por-casa\/\" \/>\n<meta property=\"og:site_name\" content=\"Sonora en Equipo.\" \/>\n<meta property=\"article:publisher\" content=\"https:\/\/www.facebook.com\/SonoraEE\/\" \/>\n<meta property=\"article:author\" content=\"https:\/\/www.facebook.com\/SonoraEE\" \/>\n<meta property=\"article:published_time\" content=\"2024-12-14T01:32:00+00:00\" \/>\n<meta property=\"og:image\" content=\"https:\/\/www.sonoraenequipo.com.mx\/storage\/2024\/12\/csp-imss.jpg\" \/>\n\t<meta property=\"og:image:width\" content=\"600\" \/>\n\t<meta property=\"og:image:height\" content=\"421\" \/>\n\t<meta property=\"og:image:type\" content=\"image\/jpeg\" \/>\n<meta name=\"author\" content=\"enequipo\" \/>\n<meta name=\"twitter:card\" content=\"summary_large_image\" \/>\n<meta name=\"twitter:creator\" content=\"@sonoraenequipo\" \/>\n<meta name=\"twitter:site\" content=\"@sonoraenequipo\" \/>\n<meta name=\"twitter:label1\" content=\"Escrito por\" \/>\n\t<meta name=\"twitter:data1\" content=\"enequipo\" \/>\n\t<meta name=\"twitter:label2\" content=\"Tiempo de lectura\" \/>\n\t<meta name=\"twitter:data2\" content=\"2 minutos\" \/>\n<script type=\"application\/ld+json\" class=\"yoast-schema-graph\">{\"@context\":\"https:\/\/schema.org\",\"@graph\":[{\"@type\":\"Article\",\"@id\":\"https:\/\/www.sonoraenequipo.com.mx\/en-febrero-de-2025-iniciara-en-sonora-el-programa-salud-casa-por-casa\/#article\",\"isPartOf\":{\"@id\":\"https:\/\/www.sonoraenequipo.com.mx\/en-febrero-de-2025-iniciara-en-sonora-el-programa-salud-casa-por-casa\/\"},\"author\":{\"name\":\"enequipo\",\"@id\":\"https:\/\/www.sonoraenequipo.com.mx\/#\/schema\/person\/50102df0fb23a8fa9e8effad8fa81386\"},\"headline\":\"En febrero de 2025 iniciar\u00e1 en Sonora el programa \u201cSalud Casa por Casa\",\"datePublished\":\"2024-12-14T01:32:00+00:00\",\"mainEntityOfPage\":{\"@id\":\"https:\/\/www.sonoraenequipo.com.mx\/en-febrero-de-2025-iniciara-en-sonora-el-programa-salud-casa-por-casa\/\"},\"wordCount\":331,\"commentCount\":0,\"publisher\":{\"@id\":\"https:\/\/www.sonoraenequipo.com.mx\/#organization\"},\"image\":{\"@id\":\"https:\/\/www.sonoraenequipo.com.mx\/en-febrero-de-2025-iniciara-en-sonora-el-programa-salud-casa-por-casa\/#primaryimage\"},\"thumbnailUrl\":\"https:\/\/www.sonoraenequipo.com.mx\/storage\/2024\/12\/csp-imss.jpg\",\"keywords\":[\"salud\",\"Sonora\"],\"articleSection\":[\"Sonora\"],\"inLanguage\":\"es\",\"potentialAction\":[{\"@type\":\"CommentAction\",\"name\":\"Comment\",\"target\":[\"https:\/\/www.sonoraenequipo.com.mx\/en-febrero-de-2025-iniciara-en-sonora-el-programa-salud-casa-por-casa\/#respond\"]}]},{\"@type\":\"WebPage\",\"@id\":\"https:\/\/www.sonoraenequipo.com.mx\/en-febrero-de-2025-iniciara-en-sonora-el-programa-salud-casa-por-casa\/\",\"url\":\"https:\/\/www.sonoraenequipo.com.mx\/en-febrero-de-2025-iniciara-en-sonora-el-programa-salud-casa-por-casa\/\",\"name\":\"Sonora en Equipo. En febrero de 2025 iniciar\u00e1 en Sonora el programa \u201cSalud Casa por Casa Sonora\",\"isPartOf\":{\"@id\":\"https:\/\/www.sonoraenequipo.com.mx\/#website\"},\"primaryImageOfPage\":{\"@id\":\"https:\/\/www.sonoraenequipo.com.mx\/en-febrero-de-2025-iniciara-en-sonora-el-programa-salud-casa-por-casa\/#primaryimage\"},\"image\":{\"@id\":\"https:\/\/www.sonoraenequipo.com.mx\/en-febrero-de-2025-iniciara-en-sonora-el-programa-salud-casa-por-casa\/#primaryimage\"},\"thumbnailUrl\":\"https:\/\/www.sonoraenequipo.com.mx\/storage\/2024\/12\/csp-imss.jpg\",\"datePublished\":\"2024-12-14T01:32:00+00:00\",\"description\":\"CIUDAD DE M\u00c9XICO. \u0336 \u0336\u00a0 Alineado con las directrices marcadas por la presidenta Claudia Sheinbaum, el Gobierno de Sonora trabajar\u00e1 en el fortalecimiento de En Sonora en Equipo publicamos toda la informaci\u00f3n de Sonora, M\u00e9xico y el Mundo de manera oportuna y busca que la libertad de expresi\u00f3n sea real. Visita nuestro medio informativo publicado desde Hermosillo, Sonora. %\",\"breadcrumb\":{\"@id\":\"https:\/\/www.sonoraenequipo.com.mx\/en-febrero-de-2025-iniciara-en-sonora-el-programa-salud-casa-por-casa\/#breadcrumb\"},\"inLanguage\":\"es\",\"potentialAction\":[{\"@type\":\"ReadAction\",\"target\":[\"https:\/\/www.sonoraenequipo.com.mx\/en-febrero-de-2025-iniciara-en-sonora-el-programa-salud-casa-por-casa\/\"]}]},{\"@type\":\"ImageObject\",\"inLanguage\":\"es\",\"@id\":\"https:\/\/www.sonoraenequipo.com.mx\/en-febrero-de-2025-iniciara-en-sonora-el-programa-salud-casa-por-casa\/#primaryimage\",\"url\":\"https:\/\/www.sonoraenequipo.com.mx\/storage\/2024\/12\/csp-imss.jpg\",\"contentUrl\":\"https:\/\/www.sonoraenequipo.com.mx\/storage\/2024\/12\/csp-imss.jpg\",\"width\":600,\"height\":421},{\"@type\":\"BreadcrumbList\",\"@id\":\"https:\/\/www.sonoraenequipo.com.mx\/en-febrero-de-2025-iniciara-en-sonora-el-programa-salud-casa-por-casa\/#breadcrumb\",\"itemListElement\":[{\"@type\":\"ListItem\",\"position\":1,\"name\":\"Portada\",\"item\":\"https:\/\/www.sonoraenequipo.com.mx\/\"},{\"@type\":\"ListItem\",\"position\":2,\"name\":\"En febrero de 2025 iniciar\u00e1 en Sonora el programa \u201cSalud Casa por Casa\"}]},{\"@type\":\"WebSite\",\"@id\":\"https:\/\/www.sonoraenequipo.com.mx\/#website\",\"url\":\"https:\/\/www.sonoraenequipo.com.mx\/\",\"name\":\"Sonora en Equipo.\",\"description\":\"Diario en l\u00ednea con Noticias desde Hermosillo, Sonora\",\"publisher\":{\"@id\":\"https:\/\/www.sonoraenequipo.com.mx\/#organization\"},\"potentialAction\":[{\"@type\":\"SearchAction\",\"target\":{\"@type\":\"EntryPoint\",\"urlTemplate\":\"https:\/\/www.sonoraenequipo.com.mx\/?s={search_term_string}\"},\"query-input\":{\"@type\":\"PropertyValueSpecification\",\"valueRequired\":true,\"valueName\":\"search_term_string\"}}],\"inLanguage\":\"es\"},{\"@type\":\"Organization\",\"@id\":\"https:\/\/www.sonoraenequipo.com.mx\/#organization\",\"name\":\"Sonoraenequipo.com.mx\",\"url\":\"https:\/\/www.sonoraenequipo.com.mx\/\",\"logo\":{\"@type\":\"ImageObject\",\"inLanguage\":\"es\",\"@id\":\"https:\/\/www.sonoraenequipo.com.mx\/#\/schema\/logo\/image\/\",\"url\":\"https:\/\/www.sonoraenequipo.com.mx\/storage\/2019\/01\/sonoraenequipo_opt.png\",\"contentUrl\":\"https:\/\/www.sonoraenequipo.com.mx\/storage\/2019\/01\/sonoraenequipo_opt.png\",\"width\":375,\"height\":125,\"caption\":\"Sonoraenequipo.com.mx\"},\"image\":{\"@id\":\"https:\/\/www.sonoraenequipo.com.mx\/#\/schema\/logo\/image\/\"},\"sameAs\":[\"https:\/\/www.facebook.com\/SonoraEE\/\",\"https:\/\/x.com\/sonoraenequipo\",\"https:\/\/www.youtube.com\/channel\/UC338nW-lPEYmJQs4ZABQ1SQ\"]},{\"@type\":\"Person\",\"@id\":\"https:\/\/www.sonoraenequipo.com.mx\/#\/schema\/person\/50102df0fb23a8fa9e8effad8fa81386\",\"name\":\"enequipo\",\"image\":{\"@type\":\"ImageObject\",\"inLanguage\":\"es\",\"@id\":\"https:\/\/www.sonoraenequipo.com.mx\/#\/schema\/person\/image\/\",\"url\":\"https:\/\/secure.gravatar.com\/avatar\/049821681b589dabc0bc20695993ccebb09f5b5d4d790cd9251b97faac7c652b?s=96&d=blank&r=g\",\"contentUrl\":\"https:\/\/secure.gravatar.com\/avatar\/049821681b589dabc0bc20695993ccebb09f5b5d4d790cd9251b97faac7c652b?s=96&d=blank&r=g\",\"caption\":\"enequipo\"},\"sameAs\":[\"https:\/\/www.facebook.com\/SonoraEE\"]}]}<\/script>\n ","yoast_head_json":{"title":"Sonora en Equipo. En febrero de 2025 iniciar\u00e1 en Sonora el programa \u201cSalud Casa por Casa Sonora","description":"CIUDAD DE M\u00c9XICO. \u0336 \u0336\u00a0 Alineado con las directrices marcadas por la presidenta Claudia Sheinbaum, el Gobierno de Sonora trabajar\u00e1 en el fortalecimiento de En Sonora en Equipo publicamos toda la informaci\u00f3n de Sonora, M\u00e9xico y el Mundo de manera oportuna y busca que la libertad de expresi\u00f3n sea real. Visita nuestro medio informativo publicado desde Hermosillo, Sonora. %","robots":{"index":"index","follow":"follow","max-snippet":"max-snippet:-1","max-image-preview":"max-image-preview:large","max-video-preview":"max-video-preview:-1"},"canonical":"https:\/\/www.sonoraenequipo.com.mx\/en-febrero-de-2025-iniciara-en-sonora-el-programa-salud-casa-por-casa\/","og_locale":"es_ES","og_type":"article","og_title":"Sonora en Equipo. En febrero de 2025 iniciar\u00e1 en Sonora el programa \u201cSalud Casa por Casa Sonora","og_description":"CIUDAD DE M\u00c9XICO. \u0336 \u0336\u00a0 Alineado con las directrices marcadas por la presidenta Claudia Sheinbaum, el Gobierno de Sonora trabajar\u00e1 en el fortalecimiento de En Sonora en Equipo publicamos toda la informaci\u00f3n de Sonora, M\u00e9xico y el Mundo de manera oportuna y busca que la libertad de expresi\u00f3n sea real. Visita nuestro medio informativo publicado desde Hermosillo, Sonora. %","og_url":"https:\/\/www.sonoraenequipo.com.mx\/en-febrero-de-2025-iniciara-en-sonora-el-programa-salud-casa-por-casa\/","og_site_name":"Sonora en Equipo.","article_publisher":"https:\/\/www.facebook.com\/SonoraEE\/","article_author":"https:\/\/www.facebook.com\/SonoraEE","article_published_time":"2024-12-14T01:32:00+00:00","og_image":[{"width":600,"height":421,"url":"https:\/\/www.sonoraenequipo.com.mx\/storage\/2024\/12\/csp-imss.jpg","type":"image\/jpeg"}],"author":"enequipo","twitter_card":"summary_large_image","twitter_creator":"@sonoraenequipo","twitter_site":"@sonoraenequipo","twitter_misc":{"Escrito por":"enequipo","Tiempo de lectura":"2 minutos"},"schema":{"@context":"https:\/\/schema.org","@graph":[{"@type":"Article","@id":"https:\/\/www.sonoraenequipo.com.mx\/en-febrero-de-2025-iniciara-en-sonora-el-programa-salud-casa-por-casa\/#article","isPartOf":{"@id":"https:\/\/www.sonoraenequipo.com.mx\/en-febrero-de-2025-iniciara-en-sonora-el-programa-salud-casa-por-casa\/"},"author":{"name":"enequipo","@id":"https:\/\/www.sonoraenequipo.com.mx\/#\/schema\/person\/50102df0fb23a8fa9e8effad8fa81386"},"headline":"En febrero de 2025 iniciar\u00e1 en Sonora el programa \u201cSalud Casa por Casa","datePublished":"2024-12-14T01:32:00+00:00","mainEntityOfPage":{"@id":"https:\/\/www.sonoraenequipo.com.mx\/en-febrero-de-2025-iniciara-en-sonora-el-programa-salud-casa-por-casa\/"},"wordCount":331,"commentCount":0,"publisher":{"@id":"https:\/\/www.sonoraenequipo.com.mx\/#organization"},"image":{"@id":"https:\/\/www.sonoraenequipo.com.mx\/en-febrero-de-2025-iniciara-en-sonora-el-programa-salud-casa-por-casa\/#primaryimage"},"thumbnailUrl":"https:\/\/www.sonoraenequipo.com.mx\/storage\/2024\/12\/csp-imss.jpg","keywords":["salud","Sonora"],"articleSection":["Sonora"],"inLanguage":"es","potentialAction":[{"@type":"CommentAction","name":"Comment","target":["https:\/\/www.sonoraenequipo.com.mx\/en-febrero-de-2025-iniciara-en-sonora-el-programa-salud-casa-por-casa\/#respond"]}]},{"@type":"WebPage","@id":"https:\/\/www.sonoraenequipo.com.mx\/en-febrero-de-2025-iniciara-en-sonora-el-programa-salud-casa-por-casa\/","url":"https:\/\/www.sonoraenequipo.com.mx\/en-febrero-de-2025-iniciara-en-sonora-el-programa-salud-casa-por-casa\/","name":"Sonora en Equipo. En febrero de 2025 iniciar\u00e1 en Sonora el programa \u201cSalud Casa por Casa Sonora","isPartOf":{"@id":"https:\/\/www.sonoraenequipo.com.mx\/#website"},"primaryImageOfPage":{"@id":"https:\/\/www.sonoraenequipo.com.mx\/en-febrero-de-2025-iniciara-en-sonora-el-programa-salud-casa-por-casa\/#primaryimage"},"image":{"@id":"https:\/\/www.sonoraenequipo.com.mx\/en-febrero-de-2025-iniciara-en-sonora-el-programa-salud-casa-por-casa\/#primaryimage"},"thumbnailUrl":"https:\/\/www.sonoraenequipo.com.mx\/storage\/2024\/12\/csp-imss.jpg","datePublished":"2024-12-14T01:32:00+00:00","description":"CIUDAD DE M\u00c9XICO. \u0336 \u0336\u00a0 Alineado con las directrices marcadas por la presidenta Claudia Sheinbaum, el Gobierno de Sonora trabajar\u00e1 en el fortalecimiento de En Sonora en Equipo publicamos toda la informaci\u00f3n de Sonora, M\u00e9xico y el Mundo de manera oportuna y busca que la libertad de expresi\u00f3n sea real. Visita nuestro medio informativo publicado desde Hermosillo, Sonora. %","breadcrumb":{"@id":"https:\/\/www.sonoraenequipo.com.mx\/en-febrero-de-2025-iniciara-en-sonora-el-programa-salud-casa-por-casa\/#breadcrumb"},"inLanguage":"es","potentialAction":[{"@type":"ReadAction","target":["https:\/\/www.sonoraenequipo.com.mx\/en-febrero-de-2025-iniciara-en-sonora-el-programa-salud-casa-por-casa\/"]}]},{"@type":"ImageObject","inLanguage":"es","@id":"https:\/\/www.sonoraenequipo.com.mx\/en-febrero-de-2025-iniciara-en-sonora-el-programa-salud-casa-por-casa\/#primaryimage","url":"https:\/\/www.sonoraenequipo.com.mx\/storage\/2024\/12\/csp-imss.jpg","contentUrl":"https:\/\/www.sonoraenequipo.com.mx\/storage\/2024\/12\/csp-imss.jpg","width":600,"height":421},{"@type":"BreadcrumbList","@id":"https:\/\/www.sonoraenequipo.com.mx\/en-febrero-de-2025-iniciara-en-sonora-el-programa-salud-casa-por-casa\/#breadcrumb","itemListElement":[{"@type":"ListItem","position":1,"name":"Portada","item":"https:\/\/www.sonoraenequipo.com.mx\/"},{"@type":"ListItem","position":2,"name":"En febrero de 2025 iniciar\u00e1 en Sonora el programa \u201cSalud Casa por Casa"}]},{"@type":"WebSite","@id":"https:\/\/www.sonoraenequipo.com.mx\/#website","url":"https:\/\/www.sonoraenequipo.com.mx\/","name":"Sonora en Equipo.","description":"Diario en l\u00ednea con Noticias desde Hermosillo, Sonora","publisher":{"@id":"https:\/\/www.sonoraenequipo.com.mx\/#organization"},"potentialAction":[{"@type":"SearchAction","target":{"@type":"EntryPoint","urlTemplate":"https:\/\/www.sonoraenequipo.com.mx\/?s={search_term_string}"},"query-input":{"@type":"PropertyValueSpecification","valueRequired":true,"valueName":"search_term_string"}}],"inLanguage":"es"},{"@type":"Organization","@id":"https:\/\/www.sonoraenequipo.com.mx\/#organization","name":"Sonoraenequipo.com.mx","url":"https:\/\/www.sonoraenequipo.com.mx\/","logo":{"@type":"ImageObject","inLanguage":"es","@id":"https:\/\/www.sonoraenequipo.com.mx\/#\/schema\/logo\/image\/","url":"https:\/\/www.sonoraenequipo.com.mx\/storage\/2019\/01\/sonoraenequipo_opt.png","contentUrl":"https:\/\/www.sonoraenequipo.com.mx\/storage\/2019\/01\/sonoraenequipo_opt.png","width":375,"height":125,"caption":"Sonoraenequipo.com.mx"},"image":{"@id":"https:\/\/www.sonoraenequipo.com.mx\/#\/schema\/logo\/image\/"},"sameAs":["https:\/\/www.facebook.com\/SonoraEE\/","https:\/\/x.com\/sonoraenequipo","https:\/\/www.youtube.com\/channel\/UC338nW-lPEYmJQs4ZABQ1SQ"]},{"@type":"Person","@id":"https:\/\/www.sonoraenequipo.com.mx\/#\/schema\/person\/50102df0fb23a8fa9e8effad8fa81386","name":"enequipo","image":{"@type":"ImageObject","inLanguage":"es","@id":"https:\/\/www.sonoraenequipo.com.mx\/#\/schema\/person\/image\/","url":"https:\/\/secure.gravatar.com\/avatar\/049821681b589dabc0bc20695993ccebb09f5b5d4d790cd9251b97faac7c652b?s=96&d=blank&r=g","contentUrl":"https:\/\/secure.gravatar.com\/avatar\/049821681b589dabc0bc20695993ccebb09f5b5d4d790cd9251b97faac7c652b?s=96&d=blank&r=g","caption":"enequipo"},"sameAs":["https:\/\/www.facebook.com\/SonoraEE"]}]}},"jetpack_featured_media_url":"https:\/\/www.sonoraenequipo.com.mx\/storage\/2024\/12\/csp-imss.jpg","_links":{"self":[{"href":"https:\/\/www.sonoraenequipo.com.mx\/api\/wp\/v2\/posts\/206178","targetHints":{"allow":["GET"]}}],"collection":[{"href":"https:\/\/www.sonoraenequipo.com.mx\/api\/wp\/v2\/posts"}],"about":[{"href":"https:\/\/www.sonoraenequipo.com.mx\/api\/wp\/v2\/types\/post"}],"author":[{"embeddable":true,"href":"https:\/\/www.sonoraenequipo.com.mx\/api\/wp\/v2\/users\/1"}],"replies":[{"embeddable":true,"href":"https:\/\/www.sonoraenequipo.com.mx\/api\/wp\/v2\/comments?post=206178"}],"version-history":[{"count":1,"href":"https:\/\/www.sonoraenequipo.com.mx\/api\/wp\/v2\/posts\/206178\/revisions"}],"predecessor-version":[{"id":206180,"href":"https:\/\/www.sonoraenequipo.com.mx\/api\/wp\/v2\/posts\/206178\/revisions\/206180"}],"wp:featuredmedia":[{"embeddable":true,"href":"https:\/\/www.sonoraenequipo.com.mx\/api\/wp\/v2\/media\/206179"}],"wp:attachment":[{"href":"https:\/\/www.sonoraenequipo.com.mx\/api\/wp\/v2\/media?parent=206178"}],"wp:term":[{"taxonomy":"category","embeddable":true,"href":"https:\/\/www.sonoraenequipo.com.mx\/api\/wp\/v2\/categories?post=206178"},{"taxonomy":"post_tag","embeddable":true,"href":"https:\/\/www.sonoraenequipo.com.mx\/api\/wp\/v2\/tags?post=206178"}],"curies":[{"name":"wp","href":"https:\/\/api.w.org\/{rel}","templated":true}]}}