{"id":206181,"date":"2024-12-13T18:48:55","date_gmt":"2024-12-14T01:48:55","guid":{"rendered":"https:\/\/www.sonoraenequipo.com.mx\/?p=206181"},"modified":"2024-12-13T18:48:55","modified_gmt":"2024-12-14T01:48:55","slug":"capacitaran-a-operadores-de-transporte-con-simulador-de-manejo-de-vanguardia-en-mexico","status":"publish","type":"post","link":"https:\/\/www.sonoraenequipo.com.mx\/capacitaran-a-operadores-de-transporte-con-simulador-de-manejo-de-vanguardia-en-mexico\/","title":{"rendered":"Capacitar\u00e1n a operadores de transporte con simulador de manejo de vanguardia en M\u00e9xico"},"content":{"rendered":"<p><strong>HERMOSILLO, SONORA, MX.<\/strong> \u2014 El nuevo programa de capacitaci\u00f3n que se implementar\u00e1 en 2025 incluye entrenamiento con un simulador para potenciar las \u201cHabilidades para la conducci\u00f3n de autotransporte responsable\u201d, inform\u00f3 Carlos Sosa Casta\u00f1eda.<\/p>\n<p>&nbsp;<\/p>\n<p>&nbsp;<\/p>\n<p>&nbsp;<\/p>\n<p>El coordinador ejecutivo del Instituto de Movilidad y Transporte para el Estado de Sonora (Imtes), expres\u00f3 que lo anterior ser\u00e1 una acci\u00f3n posible al firmar un convenio de colaboraci\u00f3n con el director general de Icatson, Manuel Eduardo Gallegos Salgado e Ir\u00e1n Humberto Espinoza Moreno, representante legal de la empresa Movilidad Integral de Hermosillo.<\/p>\n<p>&nbsp;<\/p>\n<p>&nbsp;<\/p>\n<p>&nbsp;<\/p>\n<p>\u201cUno de los grandes retos que tenemos quienes estamos en esta mesa, es capacitar y profesionalizar a los operadores de transporte p\u00fablico; podremos tener unidades nuevas, equipadas, con aire acondicionado, y si quien la conduce, es mal evaluado por la ciudadan\u00eda, el servicio estar\u00e1 reprobado\u201d, resalt\u00f3 el funcionario estatal.<\/p>\n<p>&nbsp;<\/p>\n<p>&nbsp;<\/p>\n<p>&nbsp;<\/p>\n<p>El nuevo programa de capacitaci\u00f3n \u201cHabilidades para la conducci\u00f3n de autotransporte responsable\u201d entrenar\u00e1 aproximadamente a 200 personas operadoras del transporte p\u00fablico en el municipio de Hermosillo, incluir\u00e1 material did\u00e1ctico actualizado, y un equipo simulador de manejo que har\u00e1 \u00e9nfasis en la educaci\u00f3n vial, la conducci\u00f3n preventiva y la operaci\u00f3n inteligente.<\/p>\n<p>&nbsp;<\/p>\n<p>&nbsp;<\/p>\n<p>&nbsp;<\/p>\n<p>Los grupos se integrar\u00e1n de 10 a 12 participantes con tres sesiones de tres horas en las instalaciones de Icatson. Quienes resulten acreditados al finalizar de su capacitaci\u00f3n, recibir\u00e1n una constancia oficial de la Secretar\u00eda de Educaci\u00f3n P\u00fablica.<\/p>\n<p><strong>Fecha de publicaci\u00f3n viernes 13 de diciembre de 2024 \/<\/strong><\/p>\n","protected":false},"excerpt":{"rendered":"<p>HERMOSILLO, SONORA, MX. \u2014 El nuevo programa de capacitaci\u00f3n que se implementar\u00e1 en 2025 incluye&#8230;<\/p>\n","protected":false},"author":1,"featured_media":206182,"comment_status":"open","ping_status":"open","sticky":false,"template":"","format":"standard","meta":{"_monsterinsights_skip_tracking":false,"_monsterinsights_sitenote_active":false,"_monsterinsights_sitenote_note":"","_monsterinsights_sitenote_category":0,"footnotes":""},"categories":[22],"tags":[1830,10618,7543],"class_list":["post"],"yoast_head":" \n<title>Sonora en Equipo. Capacitar\u00e1n a operadores de transporte con simulador de manejo de vanguardia en M\u00e9xico Sonora<\/title>\n<meta name=\"description\" content=\"HERMOSILLO, SONORA, MX. \u2014 El nuevo programa de capacitaci\u00f3n que se implementar\u00e1 en 2025 incluye entrenamiento con un simulador para potenciar las En Sonora en Equipo publicamos toda la informaci\u00f3n de Sonora, M\u00e9xico y el Mundo de manera oportuna y busca que la libertad de expresi\u00f3n sea real. Visita nuestro medio informativo publicado desde Hermosillo, Sonora. %\" \/>\n<meta name=\"robots\" content=\"index, follow, max-snippet:-1, max-image-preview:large, max-video-preview:-1\" \/>\n<link rel=\"canonical\" href=\"https:\/\/www.sonoraenequipo.com.mx\/capacitaran-a-operadores-de-transporte-con-simulador-de-manejo-de-vanguardia-en-mexico\/\" \/>\n<meta property=\"og:locale\" content=\"es_ES\" \/>\n<meta property=\"og:type\" content=\"article\" \/>\n<meta property=\"og:title\" content=\"Sonora en Equipo. Capacitar\u00e1n a operadores de transporte con simulador de manejo de vanguardia en M\u00e9xico Sonora\" \/>\n<meta property=\"og:description\" content=\"HERMOSILLO, SONORA, MX. \u2014 El nuevo programa de capacitaci\u00f3n que se implementar\u00e1 en 2025 incluye entrenamiento con un simulador para potenciar las En Sonora en Equipo publicamos toda la informaci\u00f3n de Sonora, M\u00e9xico y el Mundo de manera oportuna y busca que la libertad de expresi\u00f3n sea real. Visita nuestro medio informativo publicado desde Hermosillo, Sonora. %\" \/>\n<meta property=\"og:url\" content=\"https:\/\/www.sonoraenequipo.com.mx\/capacitaran-a-operadores-de-transporte-con-simulador-de-manejo-de-vanguardia-en-mexico\/\" \/>\n<meta property=\"og:site_name\" content=\"Sonora en Equipo.\" \/>\n<meta property=\"article:publisher\" content=\"https:\/\/www.facebook.com\/SonoraEE\/\" \/>\n<meta property=\"article:author\" content=\"https:\/\/www.facebook.com\/SonoraEE\" \/>\n<meta property=\"article:published_time\" content=\"2024-12-14T01:48:55+00:00\" \/>\n<meta property=\"og:image\" content=\"https:\/\/www.sonoraenequipo.com.mx\/storage\/2024\/12\/transporte-capacitacion.jpg\" \/>\n\t<meta property=\"og:image:width\" content=\"600\" \/>\n\t<meta property=\"og:image:height\" content=\"400\" \/>\n\t<meta property=\"og:image:type\" content=\"image\/jpeg\" \/>\n<meta name=\"author\" content=\"enequipo\" \/>\n<meta name=\"twitter:card\" content=\"summary_large_image\" \/>\n<meta name=\"twitter:creator\" content=\"@sonoraenequipo\" \/>\n<meta name=\"twitter:site\" content=\"@sonoraenequipo\" \/>\n<meta name=\"twitter:label1\" content=\"Escrito por\" \/>\n\t<meta name=\"twitter:data1\" content=\"enequipo\" \/>\n\t<meta name=\"twitter:label2\" content=\"Tiempo de lectura\" \/>\n\t<meta name=\"twitter:data2\" content=\"1 minuto\" \/>\n<script type=\"application\/ld+json\" class=\"yoast-schema-graph\">{\"@context\":\"https:\/\/schema.org\",\"@graph\":[{\"@type\":\"Article\",\"@id\":\"https:\/\/www.sonoraenequipo.com.mx\/capacitaran-a-operadores-de-transporte-con-simulador-de-manejo-de-vanguardia-en-mexico\/#article\",\"isPartOf\":{\"@id\":\"https:\/\/www.sonoraenequipo.com.mx\/capacitaran-a-operadores-de-transporte-con-simulador-de-manejo-de-vanguardia-en-mexico\/\"},\"author\":{\"name\":\"enequipo\",\"@id\":\"https:\/\/www.sonoraenequipo.com.mx\/#\/schema\/person\/50102df0fb23a8fa9e8effad8fa81386\"},\"headline\":\"Capacitar\u00e1n a operadores de transporte con simulador de manejo de vanguardia en M\u00e9xico\",\"datePublished\":\"2024-12-14T01:48:55+00:00\",\"mainEntityOfPage\":{\"@id\":\"https:\/\/www.sonoraenequipo.com.mx\/capacitaran-a-operadores-de-transporte-con-simulador-de-manejo-de-vanguardia-en-mexico\/\"},\"wordCount\":274,\"commentCount\":0,\"publisher\":{\"@id\":\"https:\/\/www.sonoraenequipo.com.mx\/#organization\"},\"image\":{\"@id\":\"https:\/\/www.sonoraenequipo.com.mx\/capacitaran-a-operadores-de-transporte-con-simulador-de-manejo-de-vanguardia-en-mexico\/#primaryimage\"},\"thumbnailUrl\":\"https:\/\/www.sonoraenequipo.com.mx\/storage\/2024\/12\/transporte-capacitacion.jpg\",\"keywords\":[\"capacitaci\u00f3n\",\"operadores\",\"urbano\"],\"articleSection\":[\"Sonora\"],\"inLanguage\":\"es\",\"potentialAction\":[{\"@type\":\"CommentAction\",\"name\":\"Comment\",\"target\":[\"https:\/\/www.sonoraenequipo.com.mx\/capacitaran-a-operadores-de-transporte-con-simulador-de-manejo-de-vanguardia-en-mexico\/#respond\"]}]},{\"@type\":\"WebPage\",\"@id\":\"https:\/\/www.sonoraenequipo.com.mx\/capacitaran-a-operadores-de-transporte-con-simulador-de-manejo-de-vanguardia-en-mexico\/\",\"url\":\"https:\/\/www.sonoraenequipo.com.mx\/capacitaran-a-operadores-de-transporte-con-simulador-de-manejo-de-vanguardia-en-mexico\/\",\"name\":\"Sonora en Equipo. Capacitar\u00e1n a operadores de transporte con simulador de manejo de vanguardia en M\u00e9xico Sonora\",\"isPartOf\":{\"@id\":\"https:\/\/www.sonoraenequipo.com.mx\/#website\"},\"primaryImageOfPage\":{\"@id\":\"https:\/\/www.sonoraenequipo.com.mx\/capacitaran-a-operadores-de-transporte-con-simulador-de-manejo-de-vanguardia-en-mexico\/#primaryimage\"},\"image\":{\"@id\":\"https:\/\/www.sonoraenequipo.com.mx\/capacitaran-a-operadores-de-transporte-con-simulador-de-manejo-de-vanguardia-en-mexico\/#primaryimage\"},\"thumbnailUrl\":\"https:\/\/www.sonoraenequipo.com.mx\/storage\/2024\/12\/transporte-capacitacion.jpg\",\"datePublished\":\"2024-12-14T01:48:55+00:00\",\"description\":\"HERMOSILLO, SONORA, MX. \u2014 El nuevo programa de capacitaci\u00f3n que se implementar\u00e1 en 2025 incluye entrenamiento con un simulador para potenciar las En Sonora en Equipo publicamos toda la informaci\u00f3n de Sonora, M\u00e9xico y el Mundo de manera oportuna y busca que la libertad de expresi\u00f3n sea real. Visita nuestro medio informativo publicado desde Hermosillo, Sonora. %\",\"breadcrumb\":{\"@id\":\"https:\/\/www.sonoraenequipo.com.mx\/capacitaran-a-operadores-de-transporte-con-simulador-de-manejo-de-vanguardia-en-mexico\/#breadcrumb\"},\"inLanguage\":\"es\",\"potentialAction\":[{\"@type\":\"ReadAction\",\"target\":[\"https:\/\/www.sonoraenequipo.com.mx\/capacitaran-a-operadores-de-transporte-con-simulador-de-manejo-de-vanguardia-en-mexico\/\"]}]},{\"@type\":\"ImageObject\",\"inLanguage\":\"es\",\"@id\":\"https:\/\/www.sonoraenequipo.com.mx\/capacitaran-a-operadores-de-transporte-con-simulador-de-manejo-de-vanguardia-en-mexico\/#primaryimage\",\"url\":\"https:\/\/www.sonoraenequipo.com.mx\/storage\/2024\/12\/transporte-capacitacion.jpg\",\"contentUrl\":\"https:\/\/www.sonoraenequipo.com.mx\/storage\/2024\/12\/transporte-capacitacion.jpg\",\"width\":600,\"height\":400},{\"@type\":\"BreadcrumbList\",\"@id\":\"https:\/\/www.sonoraenequipo.com.mx\/capacitaran-a-operadores-de-transporte-con-simulador-de-manejo-de-vanguardia-en-mexico\/#breadcrumb\",\"itemListElement\":[{\"@type\":\"ListItem\",\"position\":1,\"name\":\"Portada\",\"item\":\"https:\/\/www.sonoraenequipo.com.mx\/\"},{\"@type\":\"ListItem\",\"position\":2,\"name\":\"Capacitar\u00e1n a operadores de transporte con simulador de manejo de vanguardia en M\u00e9xico\"}]},{\"@type\":\"WebSite\",\"@id\":\"https:\/\/www.sonoraenequipo.com.mx\/#website\",\"url\":\"https:\/\/www.sonoraenequipo.com.mx\/\",\"name\":\"Sonora en Equipo.\",\"description\":\"Diario en l\u00ednea con Noticias desde Hermosillo, Sonora\",\"publisher\":{\"@id\":\"https:\/\/www.sonoraenequipo.com.mx\/#organization\"},\"potentialAction\":[{\"@type\":\"SearchAction\",\"target\":{\"@type\":\"EntryPoint\",\"urlTemplate\":\"https:\/\/www.sonoraenequipo.com.mx\/?s={search_term_string}\"},\"query-input\":{\"@type\":\"PropertyValueSpecification\",\"valueRequired\":true,\"valueName\":\"search_term_string\"}}],\"inLanguage\":\"es\"},{\"@type\":\"Organization\",\"@id\":\"https:\/\/www.sonoraenequipo.com.mx\/#organization\",\"name\":\"Sonoraenequipo.com.mx\",\"url\":\"https:\/\/www.sonoraenequipo.com.mx\/\",\"logo\":{\"@type\":\"ImageObject\",\"inLanguage\":\"es\",\"@id\":\"https:\/\/www.sonoraenequipo.com.mx\/#\/schema\/logo\/image\/\",\"url\":\"https:\/\/www.sonoraenequipo.com.mx\/storage\/2019\/01\/sonoraenequipo_opt.png\",\"contentUrl\":\"https:\/\/www.sonoraenequipo.com.mx\/storage\/2019\/01\/sonoraenequipo_opt.png\",\"width\":375,\"height\":125,\"caption\":\"Sonoraenequipo.com.mx\"},\"image\":{\"@id\":\"https:\/\/www.sonoraenequipo.com.mx\/#\/schema\/logo\/image\/\"},\"sameAs\":[\"https:\/\/www.facebook.com\/SonoraEE\/\",\"https:\/\/x.com\/sonoraenequipo\",\"https:\/\/www.youtube.com\/channel\/UC338nW-lPEYmJQs4ZABQ1SQ\"]},{\"@type\":\"Person\",\"@id\":\"https:\/\/www.sonoraenequipo.com.mx\/#\/schema\/person\/50102df0fb23a8fa9e8effad8fa81386\",\"name\":\"enequipo\",\"image\":{\"@type\":\"ImageObject\",\"inLanguage\":\"es\",\"@id\":\"https:\/\/www.sonoraenequipo.com.mx\/#\/schema\/person\/image\/\",\"url\":\"https:\/\/secure.gravatar.com\/avatar\/049821681b589dabc0bc20695993ccebb09f5b5d4d790cd9251b97faac7c652b?s=96&d=blank&r=g\",\"contentUrl\":\"https:\/\/secure.gravatar.com\/avatar\/049821681b589dabc0bc20695993ccebb09f5b5d4d790cd9251b97faac7c652b?s=96&d=blank&r=g\",\"caption\":\"enequipo\"},\"sameAs\":[\"https:\/\/www.facebook.com\/SonoraEE\"]}]}<\/script>\n ","yoast_head_json":{"title":"Sonora en Equipo. Capacitar\u00e1n a operadores de transporte con simulador de manejo de vanguardia en M\u00e9xico Sonora","description":"HERMOSILLO, SONORA, MX. \u2014 El nuevo programa de capacitaci\u00f3n que se implementar\u00e1 en 2025 incluye entrenamiento con un simulador para potenciar las En Sonora en Equipo publicamos toda la informaci\u00f3n de Sonora, M\u00e9xico y el Mundo de manera oportuna y busca que la libertad de expresi\u00f3n sea real. Visita nuestro medio informativo publicado desde Hermosillo, Sonora. %","robots":{"index":"index","follow":"follow","max-snippet":"max-snippet:-1","max-image-preview":"max-image-preview:large","max-video-preview":"max-video-preview:-1"},"canonical":"https:\/\/www.sonoraenequipo.com.mx\/capacitaran-a-operadores-de-transporte-con-simulador-de-manejo-de-vanguardia-en-mexico\/","og_locale":"es_ES","og_type":"article","og_title":"Sonora en Equipo. Capacitar\u00e1n a operadores de transporte con simulador de manejo de vanguardia en M\u00e9xico Sonora","og_description":"HERMOSILLO, SONORA, MX. \u2014 El nuevo programa de capacitaci\u00f3n que se implementar\u00e1 en 2025 incluye entrenamiento con un simulador para potenciar las En Sonora en Equipo publicamos toda la informaci\u00f3n de Sonora, M\u00e9xico y el Mundo de manera oportuna y busca que la libertad de expresi\u00f3n sea real. Visita nuestro medio informativo publicado desde Hermosillo, Sonora. %","og_url":"https:\/\/www.sonoraenequipo.com.mx\/capacitaran-a-operadores-de-transporte-con-simulador-de-manejo-de-vanguardia-en-mexico\/","og_site_name":"Sonora en Equipo.","article_publisher":"https:\/\/www.facebook.com\/SonoraEE\/","article_author":"https:\/\/www.facebook.com\/SonoraEE","article_published_time":"2024-12-14T01:48:55+00:00","og_image":[{"width":600,"height":400,"url":"https:\/\/www.sonoraenequipo.com.mx\/storage\/2024\/12\/transporte-capacitacion.jpg","type":"image\/jpeg"}],"author":"enequipo","twitter_card":"summary_large_image","twitter_creator":"@sonoraenequipo","twitter_site":"@sonoraenequipo","twitter_misc":{"Escrito por":"enequipo","Tiempo de lectura":"1 minuto"},"schema":{"@context":"https:\/\/schema.org","@graph":[{"@type":"Article","@id":"https:\/\/www.sonoraenequipo.com.mx\/capacitaran-a-operadores-de-transporte-con-simulador-de-manejo-de-vanguardia-en-mexico\/#article","isPartOf":{"@id":"https:\/\/www.sonoraenequipo.com.mx\/capacitaran-a-operadores-de-transporte-con-simulador-de-manejo-de-vanguardia-en-mexico\/"},"author":{"name":"enequipo","@id":"https:\/\/www.sonoraenequipo.com.mx\/#\/schema\/person\/50102df0fb23a8fa9e8effad8fa81386"},"headline":"Capacitar\u00e1n a operadores de transporte con simulador de manejo de vanguardia en M\u00e9xico","datePublished":"2024-12-14T01:48:55+00:00","mainEntityOfPage":{"@id":"https:\/\/www.sonoraenequipo.com.mx\/capacitaran-a-operadores-de-transporte-con-simulador-de-manejo-de-vanguardia-en-mexico\/"},"wordCount":274,"commentCount":0,"publisher":{"@id":"https:\/\/www.sonoraenequipo.com.mx\/#organization"},"image":{"@id":"https:\/\/www.sonoraenequipo.com.mx\/capacitaran-a-operadores-de-transporte-con-simulador-de-manejo-de-vanguardia-en-mexico\/#primaryimage"},"thumbnailUrl":"https:\/\/www.sonoraenequipo.com.mx\/storage\/2024\/12\/transporte-capacitacion.jpg","keywords":["capacitaci\u00f3n","operadores","urbano"],"articleSection":["Sonora"],"inLanguage":"es","potentialAction":[{"@type":"CommentAction","name":"Comment","target":["https:\/\/www.sonoraenequipo.com.mx\/capacitaran-a-operadores-de-transporte-con-simulador-de-manejo-de-vanguardia-en-mexico\/#respond"]}]},{"@type":"WebPage","@id":"https:\/\/www.sonoraenequipo.com.mx\/capacitaran-a-operadores-de-transporte-con-simulador-de-manejo-de-vanguardia-en-mexico\/","url":"https:\/\/www.sonoraenequipo.com.mx\/capacitaran-a-operadores-de-transporte-con-simulador-de-manejo-de-vanguardia-en-mexico\/","name":"Sonora en Equipo. Capacitar\u00e1n a operadores de transporte con simulador de manejo de vanguardia en M\u00e9xico Sonora","isPartOf":{"@id":"https:\/\/www.sonoraenequipo.com.mx\/#website"},"primaryImageOfPage":{"@id":"https:\/\/www.sonoraenequipo.com.mx\/capacitaran-a-operadores-de-transporte-con-simulador-de-manejo-de-vanguardia-en-mexico\/#primaryimage"},"image":{"@id":"https:\/\/www.sonoraenequipo.com.mx\/capacitaran-a-operadores-de-transporte-con-simulador-de-manejo-de-vanguardia-en-mexico\/#primaryimage"},"thumbnailUrl":"https:\/\/www.sonoraenequipo.com.mx\/storage\/2024\/12\/transporte-capacitacion.jpg","datePublished":"2024-12-14T01:48:55+00:00","description":"HERMOSILLO, SONORA, MX. \u2014 El nuevo programa de capacitaci\u00f3n que se implementar\u00e1 en 2025 incluye entrenamiento con un simulador para potenciar las En Sonora en Equipo publicamos toda la informaci\u00f3n de Sonora, M\u00e9xico y el Mundo de manera oportuna y busca que la libertad de expresi\u00f3n sea real. Visita nuestro medio informativo publicado desde Hermosillo, Sonora. %","breadcrumb":{"@id":"https:\/\/www.sonoraenequipo.com.mx\/capacitaran-a-operadores-de-transporte-con-simulador-de-manejo-de-vanguardia-en-mexico\/#breadcrumb"},"inLanguage":"es","potentialAction":[{"@type":"ReadAction","target":["https:\/\/www.sonoraenequipo.com.mx\/capacitaran-a-operadores-de-transporte-con-simulador-de-manejo-de-vanguardia-en-mexico\/"]}]},{"@type":"ImageObject","inLanguage":"es","@id":"https:\/\/www.sonoraenequipo.com.mx\/capacitaran-a-operadores-de-transporte-con-simulador-de-manejo-de-vanguardia-en-mexico\/#primaryimage","url":"https:\/\/www.sonoraenequipo.com.mx\/storage\/2024\/12\/transporte-capacitacion.jpg","contentUrl":"https:\/\/www.sonoraenequipo.com.mx\/storage\/2024\/12\/transporte-capacitacion.jpg","width":600,"height":400},{"@type":"BreadcrumbList","@id":"https:\/\/www.sonoraenequipo.com.mx\/capacitaran-a-operadores-de-transporte-con-simulador-de-manejo-de-vanguardia-en-mexico\/#breadcrumb","itemListElement":[{"@type":"ListItem","position":1,"name":"Portada","item":"https:\/\/www.sonoraenequipo.com.mx\/"},{"@type":"ListItem","position":2,"name":"Capacitar\u00e1n a operadores de transporte con simulador de manejo de vanguardia en M\u00e9xico"}]},{"@type":"WebSite","@id":"https:\/\/www.sonoraenequipo.com.mx\/#website","url":"https:\/\/www.sonoraenequipo.com.mx\/","name":"Sonora en Equipo.","description":"Diario en l\u00ednea con Noticias desde Hermosillo, Sonora","publisher":{"@id":"https:\/\/www.sonoraenequipo.com.mx\/#organization"},"potentialAction":[{"@type":"SearchAction","target":{"@type":"EntryPoint","urlTemplate":"https:\/\/www.sonoraenequipo.com.mx\/?s={search_term_string}"},"query-input":{"@type":"PropertyValueSpecification","valueRequired":true,"valueName":"search_term_string"}}],"inLanguage":"es"},{"@type":"Organization","@id":"https:\/\/www.sonoraenequipo.com.mx\/#organization","name":"Sonoraenequipo.com.mx","url":"https:\/\/www.sonoraenequipo.com.mx\/","logo":{"@type":"ImageObject","inLanguage":"es","@id":"https:\/\/www.sonoraenequipo.com.mx\/#\/schema\/logo\/image\/","url":"https:\/\/www.sonoraenequipo.com.mx\/storage\/2019\/01\/sonoraenequipo_opt.png","contentUrl":"https:\/\/www.sonoraenequipo.com.mx\/storage\/2019\/01\/sonoraenequipo_opt.png","width":375,"height":125,"caption":"Sonoraenequipo.com.mx"},"image":{"@id":"https:\/\/www.sonoraenequipo.com.mx\/#\/schema\/logo\/image\/"},"sameAs":["https:\/\/www.facebook.com\/SonoraEE\/","https:\/\/x.com\/sonoraenequipo","https:\/\/www.youtube.com\/channel\/UC338nW-lPEYmJQs4ZABQ1SQ"]},{"@type":"Person","@id":"https:\/\/www.sonoraenequipo.com.mx\/#\/schema\/person\/50102df0fb23a8fa9e8effad8fa81386","name":"enequipo","image":{"@type":"ImageObject","inLanguage":"es","@id":"https:\/\/www.sonoraenequipo.com.mx\/#\/schema\/person\/image\/","url":"https:\/\/secure.gravatar.com\/avatar\/049821681b589dabc0bc20695993ccebb09f5b5d4d790cd9251b97faac7c652b?s=96&d=blank&r=g","contentUrl":"https:\/\/secure.gravatar.com\/avatar\/049821681b589dabc0bc20695993ccebb09f5b5d4d790cd9251b97faac7c652b?s=96&d=blank&r=g","caption":"enequipo"},"sameAs":["https:\/\/www.facebook.com\/SonoraEE"]}]}},"jetpack_featured_media_url":"https:\/\/www.sonoraenequipo.com.mx\/storage\/2024\/12\/transporte-capacitacion.jpg","_links":{"self":[{"href":"https:\/\/www.sonoraenequipo.com.mx\/api\/wp\/v2\/posts\/206181","targetHints":{"allow":["GET"]}}],"collection":[{"href":"https:\/\/www.sonoraenequipo.com.mx\/api\/wp\/v2\/posts"}],"about":[{"href":"https:\/\/www.sonoraenequipo.com.mx\/api\/wp\/v2\/types\/post"}],"author":[{"embeddable":true,"href":"https:\/\/www.sonoraenequipo.com.mx\/api\/wp\/v2\/users\/1"}],"replies":[{"embeddable":true,"href":"https:\/\/www.sonoraenequipo.com.mx\/api\/wp\/v2\/comments?post=206181"}],"version-history":[{"count":1,"href":"https:\/\/www.sonoraenequipo.com.mx\/api\/wp\/v2\/posts\/206181\/revisions"}],"predecessor-version":[{"id":206183,"href":"https:\/\/www.sonoraenequipo.com.mx\/api\/wp\/v2\/posts\/206181\/revisions\/206183"}],"wp:featuredmedia":[{"embeddable":true,"href":"https:\/\/www.sonoraenequipo.com.mx\/api\/wp\/v2\/media\/206182"}],"wp:attachment":[{"href":"https:\/\/www.sonoraenequipo.com.mx\/api\/wp\/v2\/media?parent=206181"}],"wp:term":[{"taxonomy":"category","embeddable":true,"href":"https:\/\/www.sonoraenequipo.com.mx\/api\/wp\/v2\/categories?post=206181"},{"taxonomy":"post_tag","embeddable":true,"href":"https:\/\/www.sonoraenequipo.com.mx\/api\/wp\/v2\/tags?post=206181"}],"curies":[{"name":"wp","href":"https:\/\/api.w.org\/{rel}","templated":true}]}}