{"id":206184,"date":"2024-12-13T19:00:17","date_gmt":"2024-12-14T02:00:17","guid":{"rendered":"https:\/\/www.sonoraenequipo.com.mx\/?p=206184"},"modified":"2024-12-13T19:00:17","modified_gmt":"2024-12-14T02:00:17","slug":"alcalde-de-hermosillo-instala-consejo-municipal-de-salud","status":"publish","type":"post","link":"https:\/\/www.sonoraenequipo.com.mx\/alcalde-de-hermosillo-instala-consejo-municipal-de-salud\/","title":{"rendered":"Alcalde de Hermosillo instala \u00a0Consejo Municipal de Salud"},"content":{"rendered":"<p><strong>HERMOSILLO, SONORA, MX.<\/strong> \u2014 Con la prioridad de atender a la poblaci\u00f3n vulnerable, y sobre todo en la actualidad con las bajas temperaturas brindar los servicios necesarios, el presidente municipal Antonio Astiazar\u00e1n Guti\u00e9rrez tom\u00f3 protesta a los integrantes del Comit\u00e9 Municipal de Salud Municipal.<\/p>\n<p>&nbsp;<\/p>\n<p>To\u00f1o Astiazar\u00e1n puntualiz\u00f3 que la atenci\u00f3n oportuna, acciones\u00a0 y recomendaciones a favor de proteger la integridad de los hermosillenses en especial de quienes son m\u00e1s vulnerables es fundamental en el Gobierno de Hermosillo.<\/p>\n<p>&nbsp;<\/p>\n<p>El Comit\u00e9 Municipal de Salud Municipal propondr\u00e1 acciones espec\u00edficas de concertaci\u00f3n, coordinaci\u00f3n, planeaci\u00f3n, creaci\u00f3n de pol\u00edticas p\u00fablicas de alcance municipal y promoci\u00f3n a la salud necesarios para prevenir y atender a la poblaci\u00f3n.<\/p>\n<p>&nbsp;<\/p>\n<p>Adem\u00e1s analiza y propone acciones para reducir riesgos sanitarios derivados de contingencias epidemiol\u00f3gicas y\/o meteorol\u00f3gicas.<\/p>\n<p>&nbsp;<\/p>\n<p>Este consejo, donde fungir\u00e1 como secretario t\u00e9cnico Luis Becerra Hurtado, director de Salud P\u00fablica Municipal, est\u00e1 constituido por representantes de dependencias municipales y estatales; empresariado, academia y sociedad civil organizada.<\/p>\n<p>&nbsp;<\/p>\n<p>El Presidente Municipal Antonio Astiazar\u00e1n Guti\u00e9rrez ubic\u00f3 la participaci\u00f3n de cada integrante del \u00f3rgano colegiado como expresi\u00f3n de una visi\u00f3n del Gobierno que promueve la participaci\u00f3n ciudadana y alianzas con el sector p\u00fablico, la sociedad civil organizada, los organismos empresariales, la academia y colegios de profesionistas, para fortalecer el quehacer p\u00fablico.<\/p>\n<p>&nbsp;<\/p>\n<p>\u201cCreo que en la medida que podamos construir puentes, no solo en lo transversal sino tambi\u00e9n con los otros niveles de Gobierno podemos ser m\u00e1s efectivos en la atenci\u00f3n de la salud\u201d, consider\u00f3.<\/p>\n<p>&nbsp;<\/p>\n<p>Conformaci\u00f3n del Consejo Municipal de Salud:<\/p>\n<p>Presidente: Antonio Francisco Astiazar\u00e1n Guti\u00e9rrez<\/p>\n<p>Vicepresidente Ejecutivo y Suplente del Presidente del Consejo: Eduardo Alejo Acu\u00f1a Padilla, Secretario del Ayuntamiento<\/p>\n<p>Secretario T\u00e9cnico: Luis Becerra Hurtado, director de Salud P\u00fablica Municipal<\/p>\n<p>Vocal de Acuerdos y Compromisos: Daniel Garc\u00eda Escalante, director de Participaci\u00f3n Ciudadana<\/p>\n<p>Vocal de Acuerdos y Compromisos: Mar\u00eda Celina Aldana Mart\u00ednez, regidora presidenta de la Comisi\u00f3n de Salud del Cabildo<\/p>\n<p>&nbsp;<\/p>\n<p>Vocales con voz y voto:<\/p>\n<p>Madeleine Bonnafoux Alcaraz, directora de DIF Hermosillo<\/p>\n<p>Jes\u00fas Fernando Morales Flores, Coordinador Municipal Protecci\u00f3n Civil VIII<\/p>\n<p>Renato Ulloa Valdez, director de Agua de Hermosillo<\/p>\n<p>Cristian Miguel Tapia Torres, jefe de Distrito de Salud n\u00famero 1 de la Secretar\u00eda de Salud P\u00fablica del Estado de Sonora<\/p>\n<p>Pablo Fern\u00e1ndez Mend\u00edvil, presidente de la Delegaci\u00f3n Hermosillo de la Cruz Roja Mexicana<\/p>\n<p>Arturo D\u00edaz Monge: Presidente de Hermosillo \u00bfC\u00f3mo Vamos?<\/p>\n<p>Juan \u00c1lvaro Corral Aguirre, presidente de CANACINTRA Hermosillo<\/p>\n<p>Juan Bautista C\u00f3rdova, presidente de la Federaci\u00f3n M\u00e9dica de Sonora<\/p>\n<p>Sergio Trujillo L\u00f3pez, jefe del departamento de Medicina y Ciencias de la Salud de la Universidad de Sonora<\/p>\n<p>On\u00e9simo Aguilera Burrola, regidor propietario del Cabildo de Hermosillo.<\/p>\n<p><strong>Fecha de publicaci\u00f3n viernes 13 de diciembre de 2024 \/<\/strong><\/p>\n<p>&nbsp;<\/p>\n","protected":false},"excerpt":{"rendered":"<p>HERMOSILLO, SONORA, MX. \u2014 Con la prioridad de atender a la poblaci\u00f3n vulnerable, y sobre&#8230;<\/p>\n","protected":false},"author":1,"featured_media":206185,"comment_status":"open","ping_status":"open","sticky":false,"template":"","format":"standard","meta":{"_monsterinsights_skip_tracking":false,"_monsterinsights_sitenote_active":false,"_monsterinsights_sitenote_note":"","_monsterinsights_sitenote_category":0,"footnotes":""},"categories":[4],"tags":[6551,1460,74],"class_list":["post"],"yoast_head":" \n<title>Sonora en Equipo. Alcalde de Hermosillo instala \u00a0Consejo Municipal de Salud Municipios<\/title>\n<meta name=\"description\" content=\"HERMOSILLO, SONORA, MX. \u2014 Con la prioridad de atender a la poblaci\u00f3n vulnerable, y sobre todo en la actualidad con las bajas temperaturas brindar los En Sonora en Equipo publicamos toda la informaci\u00f3n de Sonora, M\u00e9xico y el Mundo de manera oportuna y busca que la libertad de expresi\u00f3n sea real. Visita nuestro medio informativo publicado desde Hermosillo, Sonora. %\" \/>\n<meta name=\"robots\" content=\"index, follow, max-snippet:-1, max-image-preview:large, max-video-preview:-1\" \/>\n<link rel=\"canonical\" href=\"https:\/\/www.sonoraenequipo.com.mx\/alcalde-de-hermosillo-instala-consejo-municipal-de-salud\/\" \/>\n<meta property=\"og:locale\" content=\"es_ES\" \/>\n<meta property=\"og:type\" content=\"article\" \/>\n<meta property=\"og:title\" content=\"Sonora en Equipo. Alcalde de Hermosillo instala \u00a0Consejo Municipal de Salud Municipios\" \/>\n<meta property=\"og:description\" content=\"HERMOSILLO, SONORA, MX. \u2014 Con la prioridad de atender a la poblaci\u00f3n vulnerable, y sobre todo en la actualidad con las bajas temperaturas brindar los En Sonora en Equipo publicamos toda la informaci\u00f3n de Sonora, M\u00e9xico y el Mundo de manera oportuna y busca que la libertad de expresi\u00f3n sea real. Visita nuestro medio informativo publicado desde Hermosillo, Sonora. %\" \/>\n<meta property=\"og:url\" content=\"https:\/\/www.sonoraenequipo.com.mx\/alcalde-de-hermosillo-instala-consejo-municipal-de-salud\/\" \/>\n<meta property=\"og:site_name\" content=\"Sonora en Equipo.\" \/>\n<meta property=\"article:publisher\" content=\"https:\/\/www.facebook.com\/SonoraEE\/\" \/>\n<meta property=\"article:author\" content=\"https:\/\/www.facebook.com\/SonoraEE\" \/>\n<meta property=\"article:published_time\" content=\"2024-12-14T02:00:17+00:00\" \/>\n<meta property=\"og:image\" content=\"https:\/\/www.sonoraenequipo.com.mx\/storage\/2024\/12\/consejo-salud-hmo.jpg\" \/>\n\t<meta property=\"og:image:width\" content=\"600\" \/>\n\t<meta property=\"og:image:height\" content=\"400\" \/>\n\t<meta property=\"og:image:type\" content=\"image\/jpeg\" \/>\n<meta name=\"author\" content=\"enequipo\" \/>\n<meta name=\"twitter:card\" content=\"summary_large_image\" \/>\n<meta name=\"twitter:creator\" content=\"@sonoraenequipo\" \/>\n<meta name=\"twitter:site\" content=\"@sonoraenequipo\" \/>\n<meta name=\"twitter:label1\" content=\"Escrito por\" \/>\n\t<meta name=\"twitter:data1\" content=\"enequipo\" \/>\n\t<meta name=\"twitter:label2\" content=\"Tiempo de lectura\" \/>\n\t<meta name=\"twitter:data2\" content=\"2 minutos\" \/>\n<script type=\"application\/ld+json\" class=\"yoast-schema-graph\">{\"@context\":\"https:\/\/schema.org\",\"@graph\":[{\"@type\":\"Article\",\"@id\":\"https:\/\/www.sonoraenequipo.com.mx\/alcalde-de-hermosillo-instala-consejo-municipal-de-salud\/#article\",\"isPartOf\":{\"@id\":\"https:\/\/www.sonoraenequipo.com.mx\/alcalde-de-hermosillo-instala-consejo-municipal-de-salud\/\"},\"author\":{\"name\":\"enequipo\",\"@id\":\"https:\/\/www.sonoraenequipo.com.mx\/#\/schema\/person\/50102df0fb23a8fa9e8effad8fa81386\"},\"headline\":\"Alcalde de Hermosillo instala \u00a0Consejo Municipal de Salud\",\"datePublished\":\"2024-12-14T02:00:17+00:00\",\"mainEntityOfPage\":{\"@id\":\"https:\/\/www.sonoraenequipo.com.mx\/alcalde-de-hermosillo-instala-consejo-municipal-de-salud\/\"},\"wordCount\":503,\"commentCount\":0,\"publisher\":{\"@id\":\"https:\/\/www.sonoraenequipo.com.mx\/#organization\"},\"image\":{\"@id\":\"https:\/\/www.sonoraenequipo.com.mx\/alcalde-de-hermosillo-instala-consejo-municipal-de-salud\/#primaryimage\"},\"thumbnailUrl\":\"https:\/\/www.sonoraenequipo.com.mx\/storage\/2024\/12\/consejo-salud-hmo.jpg\",\"keywords\":[\"consejo\",\"HMO\",\"salud\"],\"articleSection\":[\"Municipios\"],\"inLanguage\":\"es\",\"potentialAction\":[{\"@type\":\"CommentAction\",\"name\":\"Comment\",\"target\":[\"https:\/\/www.sonoraenequipo.com.mx\/alcalde-de-hermosillo-instala-consejo-municipal-de-salud\/#respond\"]}]},{\"@type\":\"WebPage\",\"@id\":\"https:\/\/www.sonoraenequipo.com.mx\/alcalde-de-hermosillo-instala-consejo-municipal-de-salud\/\",\"url\":\"https:\/\/www.sonoraenequipo.com.mx\/alcalde-de-hermosillo-instala-consejo-municipal-de-salud\/\",\"name\":\"Sonora en Equipo. Alcalde de Hermosillo instala \u00a0Consejo Municipal de Salud Municipios\",\"isPartOf\":{\"@id\":\"https:\/\/www.sonoraenequipo.com.mx\/#website\"},\"primaryImageOfPage\":{\"@id\":\"https:\/\/www.sonoraenequipo.com.mx\/alcalde-de-hermosillo-instala-consejo-municipal-de-salud\/#primaryimage\"},\"image\":{\"@id\":\"https:\/\/www.sonoraenequipo.com.mx\/alcalde-de-hermosillo-instala-consejo-municipal-de-salud\/#primaryimage\"},\"thumbnailUrl\":\"https:\/\/www.sonoraenequipo.com.mx\/storage\/2024\/12\/consejo-salud-hmo.jpg\",\"datePublished\":\"2024-12-14T02:00:17+00:00\",\"description\":\"HERMOSILLO, SONORA, MX. \u2014 Con la prioridad de atender a la poblaci\u00f3n vulnerable, y sobre todo en la actualidad con las bajas temperaturas brindar los En Sonora en Equipo publicamos toda la informaci\u00f3n de Sonora, M\u00e9xico y el Mundo de manera oportuna y busca que la libertad de expresi\u00f3n sea real. Visita nuestro medio informativo publicado desde Hermosillo, Sonora. %\",\"breadcrumb\":{\"@id\":\"https:\/\/www.sonoraenequipo.com.mx\/alcalde-de-hermosillo-instala-consejo-municipal-de-salud\/#breadcrumb\"},\"inLanguage\":\"es\",\"potentialAction\":[{\"@type\":\"ReadAction\",\"target\":[\"https:\/\/www.sonoraenequipo.com.mx\/alcalde-de-hermosillo-instala-consejo-municipal-de-salud\/\"]}]},{\"@type\":\"ImageObject\",\"inLanguage\":\"es\",\"@id\":\"https:\/\/www.sonoraenequipo.com.mx\/alcalde-de-hermosillo-instala-consejo-municipal-de-salud\/#primaryimage\",\"url\":\"https:\/\/www.sonoraenequipo.com.mx\/storage\/2024\/12\/consejo-salud-hmo.jpg\",\"contentUrl\":\"https:\/\/www.sonoraenequipo.com.mx\/storage\/2024\/12\/consejo-salud-hmo.jpg\",\"width\":600,\"height\":400},{\"@type\":\"BreadcrumbList\",\"@id\":\"https:\/\/www.sonoraenequipo.com.mx\/alcalde-de-hermosillo-instala-consejo-municipal-de-salud\/#breadcrumb\",\"itemListElement\":[{\"@type\":\"ListItem\",\"position\":1,\"name\":\"Portada\",\"item\":\"https:\/\/www.sonoraenequipo.com.mx\/\"},{\"@type\":\"ListItem\",\"position\":2,\"name\":\"Alcalde de Hermosillo instala \u00a0Consejo Municipal de Salud\"}]},{\"@type\":\"WebSite\",\"@id\":\"https:\/\/www.sonoraenequipo.com.mx\/#website\",\"url\":\"https:\/\/www.sonoraenequipo.com.mx\/\",\"name\":\"Sonora en Equipo.\",\"description\":\"Diario en l\u00ednea con Noticias desde Hermosillo, Sonora\",\"publisher\":{\"@id\":\"https:\/\/www.sonoraenequipo.com.mx\/#organization\"},\"potentialAction\":[{\"@type\":\"SearchAction\",\"target\":{\"@type\":\"EntryPoint\",\"urlTemplate\":\"https:\/\/www.sonoraenequipo.com.mx\/?s={search_term_string}\"},\"query-input\":{\"@type\":\"PropertyValueSpecification\",\"valueRequired\":true,\"valueName\":\"search_term_string\"}}],\"inLanguage\":\"es\"},{\"@type\":\"Organization\",\"@id\":\"https:\/\/www.sonoraenequipo.com.mx\/#organization\",\"name\":\"Sonoraenequipo.com.mx\",\"url\":\"https:\/\/www.sonoraenequipo.com.mx\/\",\"logo\":{\"@type\":\"ImageObject\",\"inLanguage\":\"es\",\"@id\":\"https:\/\/www.sonoraenequipo.com.mx\/#\/schema\/logo\/image\/\",\"url\":\"https:\/\/www.sonoraenequipo.com.mx\/storage\/2019\/01\/sonoraenequipo_opt.png\",\"contentUrl\":\"https:\/\/www.sonoraenequipo.com.mx\/storage\/2019\/01\/sonoraenequipo_opt.png\",\"width\":375,\"height\":125,\"caption\":\"Sonoraenequipo.com.mx\"},\"image\":{\"@id\":\"https:\/\/www.sonoraenequipo.com.mx\/#\/schema\/logo\/image\/\"},\"sameAs\":[\"https:\/\/www.facebook.com\/SonoraEE\/\",\"https:\/\/x.com\/sonoraenequipo\",\"https:\/\/www.youtube.com\/channel\/UC338nW-lPEYmJQs4ZABQ1SQ\"]},{\"@type\":\"Person\",\"@id\":\"https:\/\/www.sonoraenequipo.com.mx\/#\/schema\/person\/50102df0fb23a8fa9e8effad8fa81386\",\"name\":\"enequipo\",\"image\":{\"@type\":\"ImageObject\",\"inLanguage\":\"es\",\"@id\":\"https:\/\/www.sonoraenequipo.com.mx\/#\/schema\/person\/image\/\",\"url\":\"https:\/\/secure.gravatar.com\/avatar\/049821681b589dabc0bc20695993ccebb09f5b5d4d790cd9251b97faac7c652b?s=96&d=blank&r=g\",\"contentUrl\":\"https:\/\/secure.gravatar.com\/avatar\/049821681b589dabc0bc20695993ccebb09f5b5d4d790cd9251b97faac7c652b?s=96&d=blank&r=g\",\"caption\":\"enequipo\"},\"sameAs\":[\"https:\/\/www.facebook.com\/SonoraEE\"]}]}<\/script>\n ","yoast_head_json":{"title":"Sonora en Equipo. Alcalde de Hermosillo instala \u00a0Consejo Municipal de Salud Municipios","description":"HERMOSILLO, SONORA, MX. \u2014 Con la prioridad de atender a la poblaci\u00f3n vulnerable, y sobre todo en la actualidad con las bajas temperaturas brindar los En Sonora en Equipo publicamos toda la informaci\u00f3n de Sonora, M\u00e9xico y el Mundo de manera oportuna y busca que la libertad de expresi\u00f3n sea real. Visita nuestro medio informativo publicado desde Hermosillo, Sonora. %","robots":{"index":"index","follow":"follow","max-snippet":"max-snippet:-1","max-image-preview":"max-image-preview:large","max-video-preview":"max-video-preview:-1"},"canonical":"https:\/\/www.sonoraenequipo.com.mx\/alcalde-de-hermosillo-instala-consejo-municipal-de-salud\/","og_locale":"es_ES","og_type":"article","og_title":"Sonora en Equipo. Alcalde de Hermosillo instala \u00a0Consejo Municipal de Salud Municipios","og_description":"HERMOSILLO, SONORA, MX. \u2014 Con la prioridad de atender a la poblaci\u00f3n vulnerable, y sobre todo en la actualidad con las bajas temperaturas brindar los En Sonora en Equipo publicamos toda la informaci\u00f3n de Sonora, M\u00e9xico y el Mundo de manera oportuna y busca que la libertad de expresi\u00f3n sea real. Visita nuestro medio informativo publicado desde Hermosillo, Sonora. %","og_url":"https:\/\/www.sonoraenequipo.com.mx\/alcalde-de-hermosillo-instala-consejo-municipal-de-salud\/","og_site_name":"Sonora en Equipo.","article_publisher":"https:\/\/www.facebook.com\/SonoraEE\/","article_author":"https:\/\/www.facebook.com\/SonoraEE","article_published_time":"2024-12-14T02:00:17+00:00","og_image":[{"width":600,"height":400,"url":"https:\/\/www.sonoraenequipo.com.mx\/storage\/2024\/12\/consejo-salud-hmo.jpg","type":"image\/jpeg"}],"author":"enequipo","twitter_card":"summary_large_image","twitter_creator":"@sonoraenequipo","twitter_site":"@sonoraenequipo","twitter_misc":{"Escrito por":"enequipo","Tiempo de lectura":"2 minutos"},"schema":{"@context":"https:\/\/schema.org","@graph":[{"@type":"Article","@id":"https:\/\/www.sonoraenequipo.com.mx\/alcalde-de-hermosillo-instala-consejo-municipal-de-salud\/#article","isPartOf":{"@id":"https:\/\/www.sonoraenequipo.com.mx\/alcalde-de-hermosillo-instala-consejo-municipal-de-salud\/"},"author":{"name":"enequipo","@id":"https:\/\/www.sonoraenequipo.com.mx\/#\/schema\/person\/50102df0fb23a8fa9e8effad8fa81386"},"headline":"Alcalde de Hermosillo instala \u00a0Consejo Municipal de Salud","datePublished":"2024-12-14T02:00:17+00:00","mainEntityOfPage":{"@id":"https:\/\/www.sonoraenequipo.com.mx\/alcalde-de-hermosillo-instala-consejo-municipal-de-salud\/"},"wordCount":503,"commentCount":0,"publisher":{"@id":"https:\/\/www.sonoraenequipo.com.mx\/#organization"},"image":{"@id":"https:\/\/www.sonoraenequipo.com.mx\/alcalde-de-hermosillo-instala-consejo-municipal-de-salud\/#primaryimage"},"thumbnailUrl":"https:\/\/www.sonoraenequipo.com.mx\/storage\/2024\/12\/consejo-salud-hmo.jpg","keywords":["consejo","HMO","salud"],"articleSection":["Municipios"],"inLanguage":"es","potentialAction":[{"@type":"CommentAction","name":"Comment","target":["https:\/\/www.sonoraenequipo.com.mx\/alcalde-de-hermosillo-instala-consejo-municipal-de-salud\/#respond"]}]},{"@type":"WebPage","@id":"https:\/\/www.sonoraenequipo.com.mx\/alcalde-de-hermosillo-instala-consejo-municipal-de-salud\/","url":"https:\/\/www.sonoraenequipo.com.mx\/alcalde-de-hermosillo-instala-consejo-municipal-de-salud\/","name":"Sonora en Equipo. Alcalde de Hermosillo instala \u00a0Consejo Municipal de Salud Municipios","isPartOf":{"@id":"https:\/\/www.sonoraenequipo.com.mx\/#website"},"primaryImageOfPage":{"@id":"https:\/\/www.sonoraenequipo.com.mx\/alcalde-de-hermosillo-instala-consejo-municipal-de-salud\/#primaryimage"},"image":{"@id":"https:\/\/www.sonoraenequipo.com.mx\/alcalde-de-hermosillo-instala-consejo-municipal-de-salud\/#primaryimage"},"thumbnailUrl":"https:\/\/www.sonoraenequipo.com.mx\/storage\/2024\/12\/consejo-salud-hmo.jpg","datePublished":"2024-12-14T02:00:17+00:00","description":"HERMOSILLO, SONORA, MX. \u2014 Con la prioridad de atender a la poblaci\u00f3n vulnerable, y sobre todo en la actualidad con las bajas temperaturas brindar los En Sonora en Equipo publicamos toda la informaci\u00f3n de Sonora, M\u00e9xico y el Mundo de manera oportuna y busca que la libertad de expresi\u00f3n sea real. Visita nuestro medio informativo publicado desde Hermosillo, Sonora. %","breadcrumb":{"@id":"https:\/\/www.sonoraenequipo.com.mx\/alcalde-de-hermosillo-instala-consejo-municipal-de-salud\/#breadcrumb"},"inLanguage":"es","potentialAction":[{"@type":"ReadAction","target":["https:\/\/www.sonoraenequipo.com.mx\/alcalde-de-hermosillo-instala-consejo-municipal-de-salud\/"]}]},{"@type":"ImageObject","inLanguage":"es","@id":"https:\/\/www.sonoraenequipo.com.mx\/alcalde-de-hermosillo-instala-consejo-municipal-de-salud\/#primaryimage","url":"https:\/\/www.sonoraenequipo.com.mx\/storage\/2024\/12\/consejo-salud-hmo.jpg","contentUrl":"https:\/\/www.sonoraenequipo.com.mx\/storage\/2024\/12\/consejo-salud-hmo.jpg","width":600,"height":400},{"@type":"BreadcrumbList","@id":"https:\/\/www.sonoraenequipo.com.mx\/alcalde-de-hermosillo-instala-consejo-municipal-de-salud\/#breadcrumb","itemListElement":[{"@type":"ListItem","position":1,"name":"Portada","item":"https:\/\/www.sonoraenequipo.com.mx\/"},{"@type":"ListItem","position":2,"name":"Alcalde de Hermosillo instala \u00a0Consejo Municipal de Salud"}]},{"@type":"WebSite","@id":"https:\/\/www.sonoraenequipo.com.mx\/#website","url":"https:\/\/www.sonoraenequipo.com.mx\/","name":"Sonora en Equipo.","description":"Diario en l\u00ednea con Noticias desde Hermosillo, Sonora","publisher":{"@id":"https:\/\/www.sonoraenequipo.com.mx\/#organization"},"potentialAction":[{"@type":"SearchAction","target":{"@type":"EntryPoint","urlTemplate":"https:\/\/www.sonoraenequipo.com.mx\/?s={search_term_string}"},"query-input":{"@type":"PropertyValueSpecification","valueRequired":true,"valueName":"search_term_string"}}],"inLanguage":"es"},{"@type":"Organization","@id":"https:\/\/www.sonoraenequipo.com.mx\/#organization","name":"Sonoraenequipo.com.mx","url":"https:\/\/www.sonoraenequipo.com.mx\/","logo":{"@type":"ImageObject","inLanguage":"es","@id":"https:\/\/www.sonoraenequipo.com.mx\/#\/schema\/logo\/image\/","url":"https:\/\/www.sonoraenequipo.com.mx\/storage\/2019\/01\/sonoraenequipo_opt.png","contentUrl":"https:\/\/www.sonoraenequipo.com.mx\/storage\/2019\/01\/sonoraenequipo_opt.png","width":375,"height":125,"caption":"Sonoraenequipo.com.mx"},"image":{"@id":"https:\/\/www.sonoraenequipo.com.mx\/#\/schema\/logo\/image\/"},"sameAs":["https:\/\/www.facebook.com\/SonoraEE\/","https:\/\/x.com\/sonoraenequipo","https:\/\/www.youtube.com\/channel\/UC338nW-lPEYmJQs4ZABQ1SQ"]},{"@type":"Person","@id":"https:\/\/www.sonoraenequipo.com.mx\/#\/schema\/person\/50102df0fb23a8fa9e8effad8fa81386","name":"enequipo","image":{"@type":"ImageObject","inLanguage":"es","@id":"https:\/\/www.sonoraenequipo.com.mx\/#\/schema\/person\/image\/","url":"https:\/\/secure.gravatar.com\/avatar\/049821681b589dabc0bc20695993ccebb09f5b5d4d790cd9251b97faac7c652b?s=96&d=blank&r=g","contentUrl":"https:\/\/secure.gravatar.com\/avatar\/049821681b589dabc0bc20695993ccebb09f5b5d4d790cd9251b97faac7c652b?s=96&d=blank&r=g","caption":"enequipo"},"sameAs":["https:\/\/www.facebook.com\/SonoraEE"]}]}},"jetpack_featured_media_url":"https:\/\/www.sonoraenequipo.com.mx\/storage\/2024\/12\/consejo-salud-hmo.jpg","_links":{"self":[{"href":"https:\/\/www.sonoraenequipo.com.mx\/api\/wp\/v2\/posts\/206184","targetHints":{"allow":["GET"]}}],"collection":[{"href":"https:\/\/www.sonoraenequipo.com.mx\/api\/wp\/v2\/posts"}],"about":[{"href":"https:\/\/www.sonoraenequipo.com.mx\/api\/wp\/v2\/types\/post"}],"author":[{"embeddable":true,"href":"https:\/\/www.sonoraenequipo.com.mx\/api\/wp\/v2\/users\/1"}],"replies":[{"embeddable":true,"href":"https:\/\/www.sonoraenequipo.com.mx\/api\/wp\/v2\/comments?post=206184"}],"version-history":[{"count":1,"href":"https:\/\/www.sonoraenequipo.com.mx\/api\/wp\/v2\/posts\/206184\/revisions"}],"predecessor-version":[{"id":206186,"href":"https:\/\/www.sonoraenequipo.com.mx\/api\/wp\/v2\/posts\/206184\/revisions\/206186"}],"wp:featuredmedia":[{"embeddable":true,"href":"https:\/\/www.sonoraenequipo.com.mx\/api\/wp\/v2\/media\/206185"}],"wp:attachment":[{"href":"https:\/\/www.sonoraenequipo.com.mx\/api\/wp\/v2\/media?parent=206184"}],"wp:term":[{"taxonomy":"category","embeddable":true,"href":"https:\/\/www.sonoraenequipo.com.mx\/api\/wp\/v2\/categories?post=206184"},{"taxonomy":"post_tag","embeddable":true,"href":"https:\/\/www.sonoraenequipo.com.mx\/api\/wp\/v2\/tags?post=206184"}],"curies":[{"name":"wp","href":"https:\/\/api.w.org\/{rel}","templated":true}]}}