{"id":206207,"date":"2024-12-14T14:25:04","date_gmt":"2024-12-14T21:25:04","guid":{"rendered":"https:\/\/www.sonoraenequipo.com.mx\/?p=206207"},"modified":"2024-12-14T14:37:35","modified_gmt":"2024-12-14T21:37:35","slug":"detienen-al-exministro-del-ultraderechista-bolsonaro-por-trama-golpista","status":"publish","type":"post","link":"https:\/\/www.sonoraenequipo.com.mx\/detienen-al-exministro-del-ultraderechista-bolsonaro-por-trama-golpista\/","title":{"rendered":"Detienen al exministro del ultraderechista Bolsonaro por trama golpista"},"content":{"rendered":"<p><strong>BRASILIA, BRASIL. \u2014<\/strong> La Polic\u00eda Federal de Brasil detuvo este s\u00e1bado 14 de diciembre al general Walter Braga Netto, exministro de Defensa con Jair Bolsonaro, por participar en una presunta tentativa de golpe de estado en 2022, as\u00ed como por, presuntamente, intentar obstruir las investigaciones, informaron las autoridades.<\/p>\n<p>&nbsp;<\/p>\n<p>&nbsp;<\/p>\n<p>&nbsp;<\/p>\n<p> <\/p>\n<p>El general, que tambi\u00e9n fue ministro de la Presidencia y candidato a vicepresidente como compa\u00f1ero de Bolsonaro en las elecciones de 2022, fue conducido a la sede de la Primera Divisi\u00f3n del Ej\u00e9rcito, en la llamada \u00abVilla Militar\u00bb de R\u00edo de Janeiro. Junto con \u00e9l, su asesor, el coronel Fl\u00e1vio Botelho Peregrino, tambi\u00e9n fue detenido.<\/p>\n<p>&nbsp;<\/p>\n<p>&nbsp;<\/p>\n<p>&nbsp;<\/p>\n<p>Cabe mencionar que la detenci\u00f3n fue ordenada por el juez del Supremo Tribunal Federal (STF) Alexandre de Moraes a pedido de la Polic\u00eda Federal por la \u00abparticipaci\u00f3n\u00bb de Braga Netto \u00aben un intento de golpe de Estado y de obstrucci\u00f3n a la justicia por intentar obstaculizar las investigaciones sobre el episodio\u00bb, seg\u00fan sostuvo a La Corte en una nota.<\/p>\n<p>&nbsp;<\/p>\n<p>&nbsp;<\/p>\n<p>&nbsp;<\/p>\n<p>Las investigaciones \u00abrevelaron la grav\u00edsima participaci\u00f3n de Walter Braga Neto en los hechos investigados y su verdadero papel de l\u00edder, organizador y financiador\u00bb, de acuerdo a la sentencia del magistrado.<\/p>\n<p>&nbsp;<\/p>\n<p>&nbsp;<\/p>\n<p>&nbsp;<\/p>\n<p>Antes, Braga Netto ya hab\u00eda sido objeto de una operaci\u00f3n policial en febrero como parte de la investigaci\u00f3n sobre \u00abla organizaci\u00f3n criminal que actu\u00f3 en el intento de golpe de Estado\u00bb, pero no fue detenido entonces.<\/p>\n<p>&nbsp;<\/p>\n<p>&nbsp;<\/p>\n<p>La polic\u00eda recomend\u00f3 a fines de noviembre inculpar al expresidente ultraderechista Jair Bolsonaro, de 69 a\u00f1os, y varios de sus aliados por una supuesta tentativa de golpe de Estado para impedir la asunci\u00f3n del izquierdista Luiz In\u00e1cio Lula da Silva tras su victoria en las elecciones de 2022. Adem\u00e1s de al exmandatario (2019-2022), la polic\u00eda recomend\u00f3 entonces procesar a su exministro de Defensa, el general Braga Netto.<\/p>\n<p>&nbsp;<\/p>\n<p>&nbsp;<\/p>\n<p>&nbsp;<\/p>\n<p>Seg\u00fan la investigaci\u00f3n policial, Braga Netto tuvo una \u00abparticipaci\u00f3n activa\u00bb en un intento de presionar a los comandantes de las fuerzas armadas brasile\u00f1as \u00aba adherirse al intento de golpe\u00bb. El general tambi\u00e9n estar\u00eda involucrado en la obtenci\u00f3n y entrega de recursos financieros para operaciones de vigilancia, y \u00abla planificaci\u00f3n de secuestros y, posiblemente, homicidios de autoridades\u00bb. Y habr\u00eda actuado luego para conseguir informaciones bajo secreto judicial sobre la investigaci\u00f3n.<\/p>\n<p>&nbsp;<\/p>\n<p>&nbsp;<\/p>\n<p>PUBLICADO EL 14 DE DICIEMBRE DE 2024 Con informaci\u00f3n de AFP)<\/p>\n","protected":false},"excerpt":{"rendered":"<p>BRASILIA, BRASIL. \u2014 La Polic\u00eda Federal de Brasil detuvo este s\u00e1bado 14 de diciembre al&#8230;<\/p>\n","protected":false},"author":1,"featured_media":206209,"comment_status":"open","ping_status":"open","sticky":false,"template":"","format":"standard","meta":{"_monsterinsights_skip_tracking":false,"_monsterinsights_sitenote_active":false,"_monsterinsights_sitenote_note":"","_monsterinsights_sitenote_category":0,"footnotes":""},"categories":[3],"tags":[],"class_list":["post"],"yoast_head":" \n<title>Sonora en Equipo. Detienen al exministro del ultraderechista Bolsonaro por trama golpista MUNDO<\/title>\n<meta name=\"description\" content=\"BRASILIA, BRASIL. \u2014 La Polic\u00eda Federal de Brasil detuvo este s\u00e1bado 14 de diciembre al general Walter Braga Netto, exministro de Defensa con Jair En Sonora en Equipo publicamos toda la informaci\u00f3n de Sonora, M\u00e9xico y el Mundo de manera oportuna y busca que la libertad de expresi\u00f3n sea real. Visita nuestro medio informativo publicado desde Hermosillo, Sonora. %\" \/>\n<meta name=\"robots\" content=\"index, follow, max-snippet:-1, max-image-preview:large, max-video-preview:-1\" \/>\n<link rel=\"canonical\" href=\"https:\/\/www.sonoraenequipo.com.mx\/detienen-al-exministro-del-ultraderechista-bolsonaro-por-trama-golpista\/\" \/>\n<meta property=\"og:locale\" content=\"es_ES\" \/>\n<meta property=\"og:type\" content=\"article\" \/>\n<meta property=\"og:title\" content=\"Sonora en Equipo. Detienen al exministro del ultraderechista Bolsonaro por trama golpista MUNDO\" \/>\n<meta property=\"og:description\" content=\"BRASILIA, BRASIL. \u2014 La Polic\u00eda Federal de Brasil detuvo este s\u00e1bado 14 de diciembre al general Walter Braga Netto, exministro de Defensa con Jair En Sonora en Equipo publicamos toda la informaci\u00f3n de Sonora, M\u00e9xico y el Mundo de manera oportuna y busca que la libertad de expresi\u00f3n sea real. Visita nuestro medio informativo publicado desde Hermosillo, Sonora. %\" \/>\n<meta property=\"og:url\" content=\"https:\/\/www.sonoraenequipo.com.mx\/detienen-al-exministro-del-ultraderechista-bolsonaro-por-trama-golpista\/\" \/>\n<meta property=\"og:site_name\" content=\"Sonora en Equipo.\" \/>\n<meta property=\"article:publisher\" content=\"https:\/\/www.facebook.com\/SonoraEE\/\" \/>\n<meta property=\"article:author\" content=\"https:\/\/www.facebook.com\/SonoraEE\" \/>\n<meta property=\"article:published_time\" content=\"2024-12-14T21:25:04+00:00\" \/>\n<meta property=\"article:modified_time\" content=\"2024-12-14T21:37:35+00:00\" \/>\n<meta property=\"og:image\" content=\"https:\/\/www.sonoraenequipo.com.mx\/storage\/2024\/12\/funcionario-del-gobierno-de-bolonaro-min.jpg\" \/>\n\t<meta property=\"og:image:width\" content=\"1000\" \/>\n\t<meta property=\"og:image:height\" content=\"666\" \/>\n\t<meta property=\"og:image:type\" content=\"image\/jpeg\" \/>\n<meta name=\"author\" content=\"enequipo\" \/>\n<meta name=\"twitter:card\" content=\"summary_large_image\" \/>\n<meta name=\"twitter:creator\" content=\"@sonoraenequipo\" \/>\n<meta name=\"twitter:site\" content=\"@sonoraenequipo\" \/>\n<meta name=\"twitter:label1\" content=\"Escrito por\" \/>\n\t<meta name=\"twitter:data1\" content=\"enequipo\" \/>\n\t<meta name=\"twitter:label2\" content=\"Tiempo de lectura\" \/>\n\t<meta name=\"twitter:data2\" content=\"2 minutos\" \/>\n<script type=\"application\/ld+json\" class=\"yoast-schema-graph\">{\"@context\":\"https:\/\/schema.org\",\"@graph\":[{\"@type\":\"Article\",\"@id\":\"https:\/\/www.sonoraenequipo.com.mx\/detienen-al-exministro-del-ultraderechista-bolsonaro-por-trama-golpista\/#article\",\"isPartOf\":{\"@id\":\"https:\/\/www.sonoraenequipo.com.mx\/detienen-al-exministro-del-ultraderechista-bolsonaro-por-trama-golpista\/\"},\"author\":{\"name\":\"enequipo\",\"@id\":\"https:\/\/www.sonoraenequipo.com.mx\/#\/schema\/person\/50102df0fb23a8fa9e8effad8fa81386\"},\"headline\":\"Detienen al exministro del ultraderechista Bolsonaro por trama golpista\",\"datePublished\":\"2024-12-14T21:25:04+00:00\",\"dateModified\":\"2024-12-14T21:37:35+00:00\",\"mainEntityOfPage\":{\"@id\":\"https:\/\/www.sonoraenequipo.com.mx\/detienen-al-exministro-del-ultraderechista-bolsonaro-por-trama-golpista\/\"},\"wordCount\":433,\"commentCount\":0,\"publisher\":{\"@id\":\"https:\/\/www.sonoraenequipo.com.mx\/#organization\"},\"image\":{\"@id\":\"https:\/\/www.sonoraenequipo.com.mx\/detienen-al-exministro-del-ultraderechista-bolsonaro-por-trama-golpista\/#primaryimage\"},\"thumbnailUrl\":\"https:\/\/www.sonoraenequipo.com.mx\/storage\/2024\/12\/funcionario-del-gobierno-de-bolonaro-min.jpg\",\"articleSection\":[\"MUNDO\"],\"inLanguage\":\"es\",\"potentialAction\":[{\"@type\":\"CommentAction\",\"name\":\"Comment\",\"target\":[\"https:\/\/www.sonoraenequipo.com.mx\/detienen-al-exministro-del-ultraderechista-bolsonaro-por-trama-golpista\/#respond\"]}]},{\"@type\":\"WebPage\",\"@id\":\"https:\/\/www.sonoraenequipo.com.mx\/detienen-al-exministro-del-ultraderechista-bolsonaro-por-trama-golpista\/\",\"url\":\"https:\/\/www.sonoraenequipo.com.mx\/detienen-al-exministro-del-ultraderechista-bolsonaro-por-trama-golpista\/\",\"name\":\"Sonora en Equipo. Detienen al exministro del ultraderechista Bolsonaro por trama golpista MUNDO\",\"isPartOf\":{\"@id\":\"https:\/\/www.sonoraenequipo.com.mx\/#website\"},\"primaryImageOfPage\":{\"@id\":\"https:\/\/www.sonoraenequipo.com.mx\/detienen-al-exministro-del-ultraderechista-bolsonaro-por-trama-golpista\/#primaryimage\"},\"image\":{\"@id\":\"https:\/\/www.sonoraenequipo.com.mx\/detienen-al-exministro-del-ultraderechista-bolsonaro-por-trama-golpista\/#primaryimage\"},\"thumbnailUrl\":\"https:\/\/www.sonoraenequipo.com.mx\/storage\/2024\/12\/funcionario-del-gobierno-de-bolonaro-min.jpg\",\"datePublished\":\"2024-12-14T21:25:04+00:00\",\"dateModified\":\"2024-12-14T21:37:35+00:00\",\"description\":\"BRASILIA, BRASIL. \u2014 La Polic\u00eda Federal de Brasil detuvo este s\u00e1bado 14 de diciembre al general Walter Braga Netto, exministro de Defensa con Jair En Sonora en Equipo publicamos toda la informaci\u00f3n de Sonora, M\u00e9xico y el Mundo de manera oportuna y busca que la libertad de expresi\u00f3n sea real. Visita nuestro medio informativo publicado desde Hermosillo, Sonora. %\",\"breadcrumb\":{\"@id\":\"https:\/\/www.sonoraenequipo.com.mx\/detienen-al-exministro-del-ultraderechista-bolsonaro-por-trama-golpista\/#breadcrumb\"},\"inLanguage\":\"es\",\"potentialAction\":[{\"@type\":\"ReadAction\",\"target\":[\"https:\/\/www.sonoraenequipo.com.mx\/detienen-al-exministro-del-ultraderechista-bolsonaro-por-trama-golpista\/\"]}]},{\"@type\":\"ImageObject\",\"inLanguage\":\"es\",\"@id\":\"https:\/\/www.sonoraenequipo.com.mx\/detienen-al-exministro-del-ultraderechista-bolsonaro-por-trama-golpista\/#primaryimage\",\"url\":\"https:\/\/www.sonoraenequipo.com.mx\/storage\/2024\/12\/funcionario-del-gobierno-de-bolonaro-min.jpg\",\"contentUrl\":\"https:\/\/www.sonoraenequipo.com.mx\/storage\/2024\/12\/funcionario-del-gobierno-de-bolonaro-min.jpg\",\"width\":1000,\"height\":666},{\"@type\":\"BreadcrumbList\",\"@id\":\"https:\/\/www.sonoraenequipo.com.mx\/detienen-al-exministro-del-ultraderechista-bolsonaro-por-trama-golpista\/#breadcrumb\",\"itemListElement\":[{\"@type\":\"ListItem\",\"position\":1,\"name\":\"Portada\",\"item\":\"https:\/\/www.sonoraenequipo.com.mx\/\"},{\"@type\":\"ListItem\",\"position\":2,\"name\":\"Detienen al exministro del ultraderechista Bolsonaro por trama golpista\"}]},{\"@type\":\"WebSite\",\"@id\":\"https:\/\/www.sonoraenequipo.com.mx\/#website\",\"url\":\"https:\/\/www.sonoraenequipo.com.mx\/\",\"name\":\"Sonora en Equipo.\",\"description\":\"Diario en l\u00ednea con Noticias desde Hermosillo, Sonora\",\"publisher\":{\"@id\":\"https:\/\/www.sonoraenequipo.com.mx\/#organization\"},\"potentialAction\":[{\"@type\":\"SearchAction\",\"target\":{\"@type\":\"EntryPoint\",\"urlTemplate\":\"https:\/\/www.sonoraenequipo.com.mx\/?s={search_term_string}\"},\"query-input\":{\"@type\":\"PropertyValueSpecification\",\"valueRequired\":true,\"valueName\":\"search_term_string\"}}],\"inLanguage\":\"es\"},{\"@type\":\"Organization\",\"@id\":\"https:\/\/www.sonoraenequipo.com.mx\/#organization\",\"name\":\"Sonoraenequipo.com.mx\",\"url\":\"https:\/\/www.sonoraenequipo.com.mx\/\",\"logo\":{\"@type\":\"ImageObject\",\"inLanguage\":\"es\",\"@id\":\"https:\/\/www.sonoraenequipo.com.mx\/#\/schema\/logo\/image\/\",\"url\":\"https:\/\/www.sonoraenequipo.com.mx\/storage\/2019\/01\/sonoraenequipo_opt.png\",\"contentUrl\":\"https:\/\/www.sonoraenequipo.com.mx\/storage\/2019\/01\/sonoraenequipo_opt.png\",\"width\":375,\"height\":125,\"caption\":\"Sonoraenequipo.com.mx\"},\"image\":{\"@id\":\"https:\/\/www.sonoraenequipo.com.mx\/#\/schema\/logo\/image\/\"},\"sameAs\":[\"https:\/\/www.facebook.com\/SonoraEE\/\",\"https:\/\/x.com\/sonoraenequipo\",\"https:\/\/www.youtube.com\/channel\/UC338nW-lPEYmJQs4ZABQ1SQ\"]},{\"@type\":\"Person\",\"@id\":\"https:\/\/www.sonoraenequipo.com.mx\/#\/schema\/person\/50102df0fb23a8fa9e8effad8fa81386\",\"name\":\"enequipo\",\"image\":{\"@type\":\"ImageObject\",\"inLanguage\":\"es\",\"@id\":\"https:\/\/www.sonoraenequipo.com.mx\/#\/schema\/person\/image\/\",\"url\":\"https:\/\/secure.gravatar.com\/avatar\/049821681b589dabc0bc20695993ccebb09f5b5d4d790cd9251b97faac7c652b?s=96&d=blank&r=g\",\"contentUrl\":\"https:\/\/secure.gravatar.com\/avatar\/049821681b589dabc0bc20695993ccebb09f5b5d4d790cd9251b97faac7c652b?s=96&d=blank&r=g\",\"caption\":\"enequipo\"},\"sameAs\":[\"https:\/\/www.facebook.com\/SonoraEE\"]}]}<\/script>\n ","yoast_head_json":{"title":"Sonora en Equipo. Detienen al exministro del ultraderechista Bolsonaro por trama golpista MUNDO","description":"BRASILIA, BRASIL. \u2014 La Polic\u00eda Federal de Brasil detuvo este s\u00e1bado 14 de diciembre al general Walter Braga Netto, exministro de Defensa con Jair En Sonora en Equipo publicamos toda la informaci\u00f3n de Sonora, M\u00e9xico y el Mundo de manera oportuna y busca que la libertad de expresi\u00f3n sea real. Visita nuestro medio informativo publicado desde Hermosillo, Sonora. %","robots":{"index":"index","follow":"follow","max-snippet":"max-snippet:-1","max-image-preview":"max-image-preview:large","max-video-preview":"max-video-preview:-1"},"canonical":"https:\/\/www.sonoraenequipo.com.mx\/detienen-al-exministro-del-ultraderechista-bolsonaro-por-trama-golpista\/","og_locale":"es_ES","og_type":"article","og_title":"Sonora en Equipo. Detienen al exministro del ultraderechista Bolsonaro por trama golpista MUNDO","og_description":"BRASILIA, BRASIL. \u2014 La Polic\u00eda Federal de Brasil detuvo este s\u00e1bado 14 de diciembre al general Walter Braga Netto, exministro de Defensa con Jair En Sonora en Equipo publicamos toda la informaci\u00f3n de Sonora, M\u00e9xico y el Mundo de manera oportuna y busca que la libertad de expresi\u00f3n sea real. Visita nuestro medio informativo publicado desde Hermosillo, Sonora. %","og_url":"https:\/\/www.sonoraenequipo.com.mx\/detienen-al-exministro-del-ultraderechista-bolsonaro-por-trama-golpista\/","og_site_name":"Sonora en Equipo.","article_publisher":"https:\/\/www.facebook.com\/SonoraEE\/","article_author":"https:\/\/www.facebook.com\/SonoraEE","article_published_time":"2024-12-14T21:25:04+00:00","article_modified_time":"2024-12-14T21:37:35+00:00","og_image":[{"width":1000,"height":666,"url":"https:\/\/www.sonoraenequipo.com.mx\/storage\/2024\/12\/funcionario-del-gobierno-de-bolonaro-min.jpg","type":"image\/jpeg"}],"author":"enequipo","twitter_card":"summary_large_image","twitter_creator":"@sonoraenequipo","twitter_site":"@sonoraenequipo","twitter_misc":{"Escrito por":"enequipo","Tiempo de lectura":"2 minutos"},"schema":{"@context":"https:\/\/schema.org","@graph":[{"@type":"Article","@id":"https:\/\/www.sonoraenequipo.com.mx\/detienen-al-exministro-del-ultraderechista-bolsonaro-por-trama-golpista\/#article","isPartOf":{"@id":"https:\/\/www.sonoraenequipo.com.mx\/detienen-al-exministro-del-ultraderechista-bolsonaro-por-trama-golpista\/"},"author":{"name":"enequipo","@id":"https:\/\/www.sonoraenequipo.com.mx\/#\/schema\/person\/50102df0fb23a8fa9e8effad8fa81386"},"headline":"Detienen al exministro del ultraderechista Bolsonaro por trama golpista","datePublished":"2024-12-14T21:25:04+00:00","dateModified":"2024-12-14T21:37:35+00:00","mainEntityOfPage":{"@id":"https:\/\/www.sonoraenequipo.com.mx\/detienen-al-exministro-del-ultraderechista-bolsonaro-por-trama-golpista\/"},"wordCount":433,"commentCount":0,"publisher":{"@id":"https:\/\/www.sonoraenequipo.com.mx\/#organization"},"image":{"@id":"https:\/\/www.sonoraenequipo.com.mx\/detienen-al-exministro-del-ultraderechista-bolsonaro-por-trama-golpista\/#primaryimage"},"thumbnailUrl":"https:\/\/www.sonoraenequipo.com.mx\/storage\/2024\/12\/funcionario-del-gobierno-de-bolonaro-min.jpg","articleSection":["MUNDO"],"inLanguage":"es","potentialAction":[{"@type":"CommentAction","name":"Comment","target":["https:\/\/www.sonoraenequipo.com.mx\/detienen-al-exministro-del-ultraderechista-bolsonaro-por-trama-golpista\/#respond"]}]},{"@type":"WebPage","@id":"https:\/\/www.sonoraenequipo.com.mx\/detienen-al-exministro-del-ultraderechista-bolsonaro-por-trama-golpista\/","url":"https:\/\/www.sonoraenequipo.com.mx\/detienen-al-exministro-del-ultraderechista-bolsonaro-por-trama-golpista\/","name":"Sonora en Equipo. Detienen al exministro del ultraderechista Bolsonaro por trama golpista MUNDO","isPartOf":{"@id":"https:\/\/www.sonoraenequipo.com.mx\/#website"},"primaryImageOfPage":{"@id":"https:\/\/www.sonoraenequipo.com.mx\/detienen-al-exministro-del-ultraderechista-bolsonaro-por-trama-golpista\/#primaryimage"},"image":{"@id":"https:\/\/www.sonoraenequipo.com.mx\/detienen-al-exministro-del-ultraderechista-bolsonaro-por-trama-golpista\/#primaryimage"},"thumbnailUrl":"https:\/\/www.sonoraenequipo.com.mx\/storage\/2024\/12\/funcionario-del-gobierno-de-bolonaro-min.jpg","datePublished":"2024-12-14T21:25:04+00:00","dateModified":"2024-12-14T21:37:35+00:00","description":"BRASILIA, BRASIL. \u2014 La Polic\u00eda Federal de Brasil detuvo este s\u00e1bado 14 de diciembre al general Walter Braga Netto, exministro de Defensa con Jair En Sonora en Equipo publicamos toda la informaci\u00f3n de Sonora, M\u00e9xico y el Mundo de manera oportuna y busca que la libertad de expresi\u00f3n sea real. Visita nuestro medio informativo publicado desde Hermosillo, Sonora. %","breadcrumb":{"@id":"https:\/\/www.sonoraenequipo.com.mx\/detienen-al-exministro-del-ultraderechista-bolsonaro-por-trama-golpista\/#breadcrumb"},"inLanguage":"es","potentialAction":[{"@type":"ReadAction","target":["https:\/\/www.sonoraenequipo.com.mx\/detienen-al-exministro-del-ultraderechista-bolsonaro-por-trama-golpista\/"]}]},{"@type":"ImageObject","inLanguage":"es","@id":"https:\/\/www.sonoraenequipo.com.mx\/detienen-al-exministro-del-ultraderechista-bolsonaro-por-trama-golpista\/#primaryimage","url":"https:\/\/www.sonoraenequipo.com.mx\/storage\/2024\/12\/funcionario-del-gobierno-de-bolonaro-min.jpg","contentUrl":"https:\/\/www.sonoraenequipo.com.mx\/storage\/2024\/12\/funcionario-del-gobierno-de-bolonaro-min.jpg","width":1000,"height":666},{"@type":"BreadcrumbList","@id":"https:\/\/www.sonoraenequipo.com.mx\/detienen-al-exministro-del-ultraderechista-bolsonaro-por-trama-golpista\/#breadcrumb","itemListElement":[{"@type":"ListItem","position":1,"name":"Portada","item":"https:\/\/www.sonoraenequipo.com.mx\/"},{"@type":"ListItem","position":2,"name":"Detienen al exministro del ultraderechista Bolsonaro por trama golpista"}]},{"@type":"WebSite","@id":"https:\/\/www.sonoraenequipo.com.mx\/#website","url":"https:\/\/www.sonoraenequipo.com.mx\/","name":"Sonora en Equipo.","description":"Diario en l\u00ednea con Noticias desde Hermosillo, Sonora","publisher":{"@id":"https:\/\/www.sonoraenequipo.com.mx\/#organization"},"potentialAction":[{"@type":"SearchAction","target":{"@type":"EntryPoint","urlTemplate":"https:\/\/www.sonoraenequipo.com.mx\/?s={search_term_string}"},"query-input":{"@type":"PropertyValueSpecification","valueRequired":true,"valueName":"search_term_string"}}],"inLanguage":"es"},{"@type":"Organization","@id":"https:\/\/www.sonoraenequipo.com.mx\/#organization","name":"Sonoraenequipo.com.mx","url":"https:\/\/www.sonoraenequipo.com.mx\/","logo":{"@type":"ImageObject","inLanguage":"es","@id":"https:\/\/www.sonoraenequipo.com.mx\/#\/schema\/logo\/image\/","url":"https:\/\/www.sonoraenequipo.com.mx\/storage\/2019\/01\/sonoraenequipo_opt.png","contentUrl":"https:\/\/www.sonoraenequipo.com.mx\/storage\/2019\/01\/sonoraenequipo_opt.png","width":375,"height":125,"caption":"Sonoraenequipo.com.mx"},"image":{"@id":"https:\/\/www.sonoraenequipo.com.mx\/#\/schema\/logo\/image\/"},"sameAs":["https:\/\/www.facebook.com\/SonoraEE\/","https:\/\/x.com\/sonoraenequipo","https:\/\/www.youtube.com\/channel\/UC338nW-lPEYmJQs4ZABQ1SQ"]},{"@type":"Person","@id":"https:\/\/www.sonoraenequipo.com.mx\/#\/schema\/person\/50102df0fb23a8fa9e8effad8fa81386","name":"enequipo","image":{"@type":"ImageObject","inLanguage":"es","@id":"https:\/\/www.sonoraenequipo.com.mx\/#\/schema\/person\/image\/","url":"https:\/\/secure.gravatar.com\/avatar\/049821681b589dabc0bc20695993ccebb09f5b5d4d790cd9251b97faac7c652b?s=96&d=blank&r=g","contentUrl":"https:\/\/secure.gravatar.com\/avatar\/049821681b589dabc0bc20695993ccebb09f5b5d4d790cd9251b97faac7c652b?s=96&d=blank&r=g","caption":"enequipo"},"sameAs":["https:\/\/www.facebook.com\/SonoraEE"]}]}},"jetpack_featured_media_url":"https:\/\/www.sonoraenequipo.com.mx\/storage\/2024\/12\/funcionario-del-gobierno-de-bolonaro-min.jpg","_links":{"self":[{"href":"https:\/\/www.sonoraenequipo.com.mx\/api\/wp\/v2\/posts\/206207","targetHints":{"allow":["GET"]}}],"collection":[{"href":"https:\/\/www.sonoraenequipo.com.mx\/api\/wp\/v2\/posts"}],"about":[{"href":"https:\/\/www.sonoraenequipo.com.mx\/api\/wp\/v2\/types\/post"}],"author":[{"embeddable":true,"href":"https:\/\/www.sonoraenequipo.com.mx\/api\/wp\/v2\/users\/1"}],"replies":[{"embeddable":true,"href":"https:\/\/www.sonoraenequipo.com.mx\/api\/wp\/v2\/comments?post=206207"}],"version-history":[{"count":1,"href":"https:\/\/www.sonoraenequipo.com.mx\/api\/wp\/v2\/posts\/206207\/revisions"}],"predecessor-version":[{"id":206211,"href":"https:\/\/www.sonoraenequipo.com.mx\/api\/wp\/v2\/posts\/206207\/revisions\/206211"}],"wp:featuredmedia":[{"embeddable":true,"href":"https:\/\/www.sonoraenequipo.com.mx\/api\/wp\/v2\/media\/206209"}],"wp:attachment":[{"href":"https:\/\/www.sonoraenequipo.com.mx\/api\/wp\/v2\/media?parent=206207"}],"wp:term":[{"taxonomy":"category","embeddable":true,"href":"https:\/\/www.sonoraenequipo.com.mx\/api\/wp\/v2\/categories?post=206207"},{"taxonomy":"post_tag","embeddable":true,"href":"https:\/\/www.sonoraenequipo.com.mx\/api\/wp\/v2\/tags?post=206207"}],"curies":[{"name":"wp","href":"https:\/\/api.w.org\/{rel}","templated":true}]}}