{"id":206212,"date":"2024-12-14T14:44:11","date_gmt":"2024-12-14T21:44:11","guid":{"rendered":"https:\/\/www.sonoraenequipo.com.mx\/?p=206212"},"modified":"2024-12-14T14:44:11","modified_gmt":"2024-12-14T21:44:11","slug":"aprueban-reforma-para-que-infonavit-ahora-pueda-construir-vivienda","status":"publish","type":"post","link":"https:\/\/www.sonoraenequipo.com.mx\/aprueban-reforma-para-que-infonavit-ahora-pueda-construir-vivienda\/","title":{"rendered":"Aprueban reforma para que Infonavit ahora pueda construir vivienda"},"content":{"rendered":"<p><strong>CIUDAD DE M\u00c9XICO. MX.<\/strong> \u2014 La autodenominada \u00abCuarta Transformaci\u00f3n\u00bb aprob\u00f3 ya la iniciativa de reforma a la Ley General del Instituto del Fondo Nacional de la Vivienda para los Trabajadores (Infonavit), que establece que el instituto ahora pueda construir vivienda con participaci\u00f3n a la par y en coordinaci\u00f3n con actores p\u00fablicos, privados y sociales.<\/p>\n<p>&nbsp;<\/p>\n<p>&nbsp;<\/p>\n<p>&nbsp;<\/p>\n<p> <\/p>\n<p>El dictamen, ya aprobado en el Pleno, se hab\u00eda aprobado el mismo viernes en comisiones, y por la velocidad en la que fue discutido y votado.<\/p>\n<p>&nbsp;<\/p>\n<p>&nbsp;<\/p>\n<p>La iniciativa, enviada el jueves por la presidenta Claudia Sheinbaum, busca que el Infonavit construya vivienda, y para ello es necesario constituir una empresa filial que no ser\u00e1 considerada entidad paraestatal y que adem\u00e1s deber\u00e1 tener plena capacidad de gesti\u00f3n para el ejercicio de sus funciones, en t\u00e9rminos del derecho privado.<\/p>\n<p>&nbsp;<\/p>\n<p>&nbsp;<\/p>\n<p>El dictamen fue aprobado por 68 votos favor y 29 en contra, y fija que el patrimonio del instituto y los rendimientos del Fondo Nacional de la Vivienda puedan destinarse, previo acuerdo del Consejo de Administraci\u00f3n, al financiamiento de objetivos en materia de construcci\u00f3n administraci\u00f3n inmobiliaria y arrendamiento social de vivienda. Es decir, no s\u00f3lo se construir\u00e1n casas para vender, si no tambi\u00e9n para rentar.<\/p>\n<p>&nbsp;<\/p>\n<p>&nbsp;<\/p>\n<p>&nbsp;<\/p>\n<p>La reforma tambi\u00e9n aborda cuestiones de cotizaci\u00f3n para la clase trabajadora y establece que, al cumplir un a\u00f1o de cotizaci\u00f3n continua, los trabajadores tendr\u00e1n el derecho de participar en el programa de arrendamiento social de vivienda construida o administrada por el Infonavit que se encuentre cerca de su centro de trabajo, as\u00ed como en los programas de opci\u00f3n de compra de dichas viviendas.<\/p>\n<p>&nbsp;<\/p>\n<p>&nbsp;<\/p>\n<p>&nbsp;<\/p>\n<p>Aunque Morena y sus aliados dominan el Senado de la Rep\u00fablica, los legisladores de la oposici\u00f3n se manifestaron en contra de la iniciativa argumentando que la reforma da facultades al Infonavit para disponer de los recursos bajo su administraci\u00f3n de las subcuentas los trabajadores.<\/p>\n<p>&nbsp;<\/p>\n<p>&nbsp;<\/p>\n<p>&nbsp;<\/p>\n<p>El senador panista Ricardo Anaya fue uno de los que critic\u00f3 esta reforma.<\/p>\n<p>&nbsp;<\/p>\n<p>&nbsp;<\/p>\n<p>&nbsp;<\/p>\n<p>\u201cClaro que queremos que se construyan dos millones de casas. Claro que estamos a favor de que haya viviendas en renta social. Por eso votamos a favor de la reforma constitucional. Pero no contestaron uno de los argumentos que les dimos. No contestaron que el art\u00edculo 42 le permite al gobierno disponer de dos billones de pesos de la subcuenta de vivienda. Dinero de los trabajadores, para que nos entendamos\u201d, explic\u00f3.<\/p>\n<p>&nbsp;<\/p>\n<p>&nbsp;<\/p>\n<p>&nbsp;<\/p>\n<p>Ahora, la iniciativa ser\u00e1 turnada a la C\u00e1mara de Diputados, que por el termin\u00f3 del primero periodo ordinario de la LXVI legislatura, probablemente discutir\u00e1 la iniciativa en la Comisi\u00f3n Permanente. En dicha c\u00e1mara, la autodenominada Cuarta Transformaci\u00f3n tambi\u00e9n tiene mayor\u00eda.<\/p>\n<p>&nbsp;<\/p>\n<p>&nbsp;<\/p>\n<p>PUBLICADO EL 14 DE DICIEMBRE DE 2024 Con informaci\u00f3n de Congreso Mexicano)<\/p>\n","protected":false},"excerpt":{"rendered":"<p>CIUDAD DE M\u00c9XICO. MX. \u2014 La autodenominada \u00abCuarta Transformaci\u00f3n\u00bb aprob\u00f3 ya la iniciativa de reforma&#8230;<\/p>\n","protected":false},"author":1,"featured_media":186900,"comment_status":"open","ping_status":"open","sticky":false,"template":"","format":"standard","meta":{"_monsterinsights_skip_tracking":false,"_monsterinsights_sitenote_active":false,"_monsterinsights_sitenote_note":"","_monsterinsights_sitenote_category":0,"footnotes":""},"categories":[5],"tags":[],"class_list":["post"],"yoast_head":" \n<title>Sonora en Equipo. Aprueban reforma para que Infonavit ahora pueda construir vivienda Rep\u00fablica<\/title>\n<meta name=\"description\" content=\"CIUDAD DE M\u00c9XICO. MX. \u2014 La autodenominada &quot;Cuarta Transformaci\u00f3n&quot; aprob\u00f3 ya la iniciativa de reforma a la Ley General del Instituto del Fondo Nacional de En Sonora en Equipo publicamos toda la informaci\u00f3n de Sonora, M\u00e9xico y el Mundo de manera oportuna y busca que la libertad de expresi\u00f3n sea real. Visita nuestro medio informativo publicado desde Hermosillo, Sonora. %\" \/>\n<meta name=\"robots\" content=\"index, follow, max-snippet:-1, max-image-preview:large, max-video-preview:-1\" \/>\n<link rel=\"canonical\" href=\"https:\/\/www.sonoraenequipo.com.mx\/aprueban-reforma-para-que-infonavit-ahora-pueda-construir-vivienda\/\" \/>\n<meta property=\"og:locale\" content=\"es_ES\" \/>\n<meta property=\"og:type\" content=\"article\" \/>\n<meta property=\"og:title\" content=\"Sonora en Equipo. Aprueban reforma para que Infonavit ahora pueda construir vivienda Rep\u00fablica\" \/>\n<meta property=\"og:description\" content=\"CIUDAD DE M\u00c9XICO. MX. \u2014 La autodenominada &quot;Cuarta Transformaci\u00f3n&quot; aprob\u00f3 ya la iniciativa de reforma a la Ley General del Instituto del Fondo Nacional de En Sonora en Equipo publicamos toda la informaci\u00f3n de Sonora, M\u00e9xico y el Mundo de manera oportuna y busca que la libertad de expresi\u00f3n sea real. Visita nuestro medio informativo publicado desde Hermosillo, Sonora. %\" \/>\n<meta property=\"og:url\" content=\"https:\/\/www.sonoraenequipo.com.mx\/aprueban-reforma-para-que-infonavit-ahora-pueda-construir-vivienda\/\" \/>\n<meta property=\"og:site_name\" content=\"Sonora en Equipo.\" \/>\n<meta property=\"article:publisher\" content=\"https:\/\/www.facebook.com\/SonoraEE\/\" \/>\n<meta property=\"article:author\" content=\"https:\/\/www.facebook.com\/SonoraEE\" \/>\n<meta property=\"article:published_time\" content=\"2024-12-14T21:44:11+00:00\" \/>\n<meta property=\"og:image\" content=\"https:\/\/www.sonoraenequipo.com.mx\/storage\/2024\/04\/infonavit-renta-congelada-min.jpg\" \/>\n\t<meta property=\"og:image:width\" content=\"988\" \/>\n\t<meta property=\"og:image:height\" content=\"607\" \/>\n\t<meta property=\"og:image:type\" content=\"image\/jpeg\" \/>\n<meta name=\"author\" content=\"enequipo\" \/>\n<meta name=\"twitter:card\" content=\"summary_large_image\" \/>\n<meta name=\"twitter:creator\" content=\"@sonoraenequipo\" \/>\n<meta name=\"twitter:site\" content=\"@sonoraenequipo\" \/>\n<meta name=\"twitter:label1\" content=\"Escrito por\" \/>\n\t<meta name=\"twitter:data1\" content=\"enequipo\" \/>\n\t<meta name=\"twitter:label2\" content=\"Tiempo de lectura\" \/>\n\t<meta name=\"twitter:data2\" content=\"2 minutos\" \/>\n<script type=\"application\/ld+json\" class=\"yoast-schema-graph\">{\"@context\":\"https:\/\/schema.org\",\"@graph\":[{\"@type\":\"Article\",\"@id\":\"https:\/\/www.sonoraenequipo.com.mx\/aprueban-reforma-para-que-infonavit-ahora-pueda-construir-vivienda\/#article\",\"isPartOf\":{\"@id\":\"https:\/\/www.sonoraenequipo.com.mx\/aprueban-reforma-para-que-infonavit-ahora-pueda-construir-vivienda\/\"},\"author\":{\"name\":\"enequipo\",\"@id\":\"https:\/\/www.sonoraenequipo.com.mx\/#\/schema\/person\/50102df0fb23a8fa9e8effad8fa81386\"},\"headline\":\"Aprueban reforma para que Infonavit ahora pueda construir vivienda\",\"datePublished\":\"2024-12-14T21:44:11+00:00\",\"mainEntityOfPage\":{\"@id\":\"https:\/\/www.sonoraenequipo.com.mx\/aprueban-reforma-para-que-infonavit-ahora-pueda-construir-vivienda\/\"},\"wordCount\":498,\"commentCount\":0,\"publisher\":{\"@id\":\"https:\/\/www.sonoraenequipo.com.mx\/#organization\"},\"image\":{\"@id\":\"https:\/\/www.sonoraenequipo.com.mx\/aprueban-reforma-para-que-infonavit-ahora-pueda-construir-vivienda\/#primaryimage\"},\"thumbnailUrl\":\"https:\/\/www.sonoraenequipo.com.mx\/storage\/2024\/04\/infonavit-renta-congelada-min.jpg\",\"articleSection\":[\"Rep\u00fablica\"],\"inLanguage\":\"es\",\"potentialAction\":[{\"@type\":\"CommentAction\",\"name\":\"Comment\",\"target\":[\"https:\/\/www.sonoraenequipo.com.mx\/aprueban-reforma-para-que-infonavit-ahora-pueda-construir-vivienda\/#respond\"]}]},{\"@type\":\"WebPage\",\"@id\":\"https:\/\/www.sonoraenequipo.com.mx\/aprueban-reforma-para-que-infonavit-ahora-pueda-construir-vivienda\/\",\"url\":\"https:\/\/www.sonoraenequipo.com.mx\/aprueban-reforma-para-que-infonavit-ahora-pueda-construir-vivienda\/\",\"name\":\"Sonora en Equipo. Aprueban reforma para que Infonavit ahora pueda construir vivienda Rep\u00fablica\",\"isPartOf\":{\"@id\":\"https:\/\/www.sonoraenequipo.com.mx\/#website\"},\"primaryImageOfPage\":{\"@id\":\"https:\/\/www.sonoraenequipo.com.mx\/aprueban-reforma-para-que-infonavit-ahora-pueda-construir-vivienda\/#primaryimage\"},\"image\":{\"@id\":\"https:\/\/www.sonoraenequipo.com.mx\/aprueban-reforma-para-que-infonavit-ahora-pueda-construir-vivienda\/#primaryimage\"},\"thumbnailUrl\":\"https:\/\/www.sonoraenequipo.com.mx\/storage\/2024\/04\/infonavit-renta-congelada-min.jpg\",\"datePublished\":\"2024-12-14T21:44:11+00:00\",\"description\":\"CIUDAD DE M\u00c9XICO. MX. \u2014 La autodenominada \\\"Cuarta Transformaci\u00f3n\\\" aprob\u00f3 ya la iniciativa de reforma a la Ley General del Instituto del Fondo Nacional de En Sonora en Equipo publicamos toda la informaci\u00f3n de Sonora, M\u00e9xico y el Mundo de manera oportuna y busca que la libertad de expresi\u00f3n sea real. Visita nuestro medio informativo publicado desde Hermosillo, Sonora. %\",\"breadcrumb\":{\"@id\":\"https:\/\/www.sonoraenequipo.com.mx\/aprueban-reforma-para-que-infonavit-ahora-pueda-construir-vivienda\/#breadcrumb\"},\"inLanguage\":\"es\",\"potentialAction\":[{\"@type\":\"ReadAction\",\"target\":[\"https:\/\/www.sonoraenequipo.com.mx\/aprueban-reforma-para-que-infonavit-ahora-pueda-construir-vivienda\/\"]}]},{\"@type\":\"ImageObject\",\"inLanguage\":\"es\",\"@id\":\"https:\/\/www.sonoraenequipo.com.mx\/aprueban-reforma-para-que-infonavit-ahora-pueda-construir-vivienda\/#primaryimage\",\"url\":\"https:\/\/www.sonoraenequipo.com.mx\/storage\/2024\/04\/infonavit-renta-congelada-min.jpg\",\"contentUrl\":\"https:\/\/www.sonoraenequipo.com.mx\/storage\/2024\/04\/infonavit-renta-congelada-min.jpg\",\"width\":988,\"height\":607},{\"@type\":\"BreadcrumbList\",\"@id\":\"https:\/\/www.sonoraenequipo.com.mx\/aprueban-reforma-para-que-infonavit-ahora-pueda-construir-vivienda\/#breadcrumb\",\"itemListElement\":[{\"@type\":\"ListItem\",\"position\":1,\"name\":\"Portada\",\"item\":\"https:\/\/www.sonoraenequipo.com.mx\/\"},{\"@type\":\"ListItem\",\"position\":2,\"name\":\"Aprueban reforma para que Infonavit ahora pueda construir vivienda\"}]},{\"@type\":\"WebSite\",\"@id\":\"https:\/\/www.sonoraenequipo.com.mx\/#website\",\"url\":\"https:\/\/www.sonoraenequipo.com.mx\/\",\"name\":\"Sonora en Equipo.\",\"description\":\"Diario en l\u00ednea con Noticias desde Hermosillo, Sonora\",\"publisher\":{\"@id\":\"https:\/\/www.sonoraenequipo.com.mx\/#organization\"},\"potentialAction\":[{\"@type\":\"SearchAction\",\"target\":{\"@type\":\"EntryPoint\",\"urlTemplate\":\"https:\/\/www.sonoraenequipo.com.mx\/?s={search_term_string}\"},\"query-input\":{\"@type\":\"PropertyValueSpecification\",\"valueRequired\":true,\"valueName\":\"search_term_string\"}}],\"inLanguage\":\"es\"},{\"@type\":\"Organization\",\"@id\":\"https:\/\/www.sonoraenequipo.com.mx\/#organization\",\"name\":\"Sonoraenequipo.com.mx\",\"url\":\"https:\/\/www.sonoraenequipo.com.mx\/\",\"logo\":{\"@type\":\"ImageObject\",\"inLanguage\":\"es\",\"@id\":\"https:\/\/www.sonoraenequipo.com.mx\/#\/schema\/logo\/image\/\",\"url\":\"https:\/\/www.sonoraenequipo.com.mx\/storage\/2019\/01\/sonoraenequipo_opt.png\",\"contentUrl\":\"https:\/\/www.sonoraenequipo.com.mx\/storage\/2019\/01\/sonoraenequipo_opt.png\",\"width\":375,\"height\":125,\"caption\":\"Sonoraenequipo.com.mx\"},\"image\":{\"@id\":\"https:\/\/www.sonoraenequipo.com.mx\/#\/schema\/logo\/image\/\"},\"sameAs\":[\"https:\/\/www.facebook.com\/SonoraEE\/\",\"https:\/\/x.com\/sonoraenequipo\",\"https:\/\/www.youtube.com\/channel\/UC338nW-lPEYmJQs4ZABQ1SQ\"]},{\"@type\":\"Person\",\"@id\":\"https:\/\/www.sonoraenequipo.com.mx\/#\/schema\/person\/50102df0fb23a8fa9e8effad8fa81386\",\"name\":\"enequipo\",\"image\":{\"@type\":\"ImageObject\",\"inLanguage\":\"es\",\"@id\":\"https:\/\/www.sonoraenequipo.com.mx\/#\/schema\/person\/image\/\",\"url\":\"https:\/\/secure.gravatar.com\/avatar\/049821681b589dabc0bc20695993ccebb09f5b5d4d790cd9251b97faac7c652b?s=96&d=blank&r=g\",\"contentUrl\":\"https:\/\/secure.gravatar.com\/avatar\/049821681b589dabc0bc20695993ccebb09f5b5d4d790cd9251b97faac7c652b?s=96&d=blank&r=g\",\"caption\":\"enequipo\"},\"sameAs\":[\"https:\/\/www.facebook.com\/SonoraEE\"]}]}<\/script>\n ","yoast_head_json":{"title":"Sonora en Equipo. Aprueban reforma para que Infonavit ahora pueda construir vivienda Rep\u00fablica","description":"CIUDAD DE M\u00c9XICO. MX. \u2014 La autodenominada \"Cuarta Transformaci\u00f3n\" aprob\u00f3 ya la iniciativa de reforma a la Ley General del Instituto del Fondo Nacional de En Sonora en Equipo publicamos toda la informaci\u00f3n de Sonora, M\u00e9xico y el Mundo de manera oportuna y busca que la libertad de expresi\u00f3n sea real. Visita nuestro medio informativo publicado desde Hermosillo, Sonora. %","robots":{"index":"index","follow":"follow","max-snippet":"max-snippet:-1","max-image-preview":"max-image-preview:large","max-video-preview":"max-video-preview:-1"},"canonical":"https:\/\/www.sonoraenequipo.com.mx\/aprueban-reforma-para-que-infonavit-ahora-pueda-construir-vivienda\/","og_locale":"es_ES","og_type":"article","og_title":"Sonora en Equipo. Aprueban reforma para que Infonavit ahora pueda construir vivienda Rep\u00fablica","og_description":"CIUDAD DE M\u00c9XICO. MX. \u2014 La autodenominada \"Cuarta Transformaci\u00f3n\" aprob\u00f3 ya la iniciativa de reforma a la Ley General del Instituto del Fondo Nacional de En Sonora en Equipo publicamos toda la informaci\u00f3n de Sonora, M\u00e9xico y el Mundo de manera oportuna y busca que la libertad de expresi\u00f3n sea real. Visita nuestro medio informativo publicado desde Hermosillo, Sonora. %","og_url":"https:\/\/www.sonoraenequipo.com.mx\/aprueban-reforma-para-que-infonavit-ahora-pueda-construir-vivienda\/","og_site_name":"Sonora en Equipo.","article_publisher":"https:\/\/www.facebook.com\/SonoraEE\/","article_author":"https:\/\/www.facebook.com\/SonoraEE","article_published_time":"2024-12-14T21:44:11+00:00","og_image":[{"width":988,"height":607,"url":"https:\/\/www.sonoraenequipo.com.mx\/storage\/2024\/04\/infonavit-renta-congelada-min.jpg","type":"image\/jpeg"}],"author":"enequipo","twitter_card":"summary_large_image","twitter_creator":"@sonoraenequipo","twitter_site":"@sonoraenequipo","twitter_misc":{"Escrito por":"enequipo","Tiempo de lectura":"2 minutos"},"schema":{"@context":"https:\/\/schema.org","@graph":[{"@type":"Article","@id":"https:\/\/www.sonoraenequipo.com.mx\/aprueban-reforma-para-que-infonavit-ahora-pueda-construir-vivienda\/#article","isPartOf":{"@id":"https:\/\/www.sonoraenequipo.com.mx\/aprueban-reforma-para-que-infonavit-ahora-pueda-construir-vivienda\/"},"author":{"name":"enequipo","@id":"https:\/\/www.sonoraenequipo.com.mx\/#\/schema\/person\/50102df0fb23a8fa9e8effad8fa81386"},"headline":"Aprueban reforma para que Infonavit ahora pueda construir vivienda","datePublished":"2024-12-14T21:44:11+00:00","mainEntityOfPage":{"@id":"https:\/\/www.sonoraenequipo.com.mx\/aprueban-reforma-para-que-infonavit-ahora-pueda-construir-vivienda\/"},"wordCount":498,"commentCount":0,"publisher":{"@id":"https:\/\/www.sonoraenequipo.com.mx\/#organization"},"image":{"@id":"https:\/\/www.sonoraenequipo.com.mx\/aprueban-reforma-para-que-infonavit-ahora-pueda-construir-vivienda\/#primaryimage"},"thumbnailUrl":"https:\/\/www.sonoraenequipo.com.mx\/storage\/2024\/04\/infonavit-renta-congelada-min.jpg","articleSection":["Rep\u00fablica"],"inLanguage":"es","potentialAction":[{"@type":"CommentAction","name":"Comment","target":["https:\/\/www.sonoraenequipo.com.mx\/aprueban-reforma-para-que-infonavit-ahora-pueda-construir-vivienda\/#respond"]}]},{"@type":"WebPage","@id":"https:\/\/www.sonoraenequipo.com.mx\/aprueban-reforma-para-que-infonavit-ahora-pueda-construir-vivienda\/","url":"https:\/\/www.sonoraenequipo.com.mx\/aprueban-reforma-para-que-infonavit-ahora-pueda-construir-vivienda\/","name":"Sonora en Equipo. Aprueban reforma para que Infonavit ahora pueda construir vivienda Rep\u00fablica","isPartOf":{"@id":"https:\/\/www.sonoraenequipo.com.mx\/#website"},"primaryImageOfPage":{"@id":"https:\/\/www.sonoraenequipo.com.mx\/aprueban-reforma-para-que-infonavit-ahora-pueda-construir-vivienda\/#primaryimage"},"image":{"@id":"https:\/\/www.sonoraenequipo.com.mx\/aprueban-reforma-para-que-infonavit-ahora-pueda-construir-vivienda\/#primaryimage"},"thumbnailUrl":"https:\/\/www.sonoraenequipo.com.mx\/storage\/2024\/04\/infonavit-renta-congelada-min.jpg","datePublished":"2024-12-14T21:44:11+00:00","description":"CIUDAD DE M\u00c9XICO. MX. \u2014 La autodenominada \"Cuarta Transformaci\u00f3n\" aprob\u00f3 ya la iniciativa de reforma a la Ley General del Instituto del Fondo Nacional de En Sonora en Equipo publicamos toda la informaci\u00f3n de Sonora, M\u00e9xico y el Mundo de manera oportuna y busca que la libertad de expresi\u00f3n sea real. Visita nuestro medio informativo publicado desde Hermosillo, Sonora. %","breadcrumb":{"@id":"https:\/\/www.sonoraenequipo.com.mx\/aprueban-reforma-para-que-infonavit-ahora-pueda-construir-vivienda\/#breadcrumb"},"inLanguage":"es","potentialAction":[{"@type":"ReadAction","target":["https:\/\/www.sonoraenequipo.com.mx\/aprueban-reforma-para-que-infonavit-ahora-pueda-construir-vivienda\/"]}]},{"@type":"ImageObject","inLanguage":"es","@id":"https:\/\/www.sonoraenequipo.com.mx\/aprueban-reforma-para-que-infonavit-ahora-pueda-construir-vivienda\/#primaryimage","url":"https:\/\/www.sonoraenequipo.com.mx\/storage\/2024\/04\/infonavit-renta-congelada-min.jpg","contentUrl":"https:\/\/www.sonoraenequipo.com.mx\/storage\/2024\/04\/infonavit-renta-congelada-min.jpg","width":988,"height":607},{"@type":"BreadcrumbList","@id":"https:\/\/www.sonoraenequipo.com.mx\/aprueban-reforma-para-que-infonavit-ahora-pueda-construir-vivienda\/#breadcrumb","itemListElement":[{"@type":"ListItem","position":1,"name":"Portada","item":"https:\/\/www.sonoraenequipo.com.mx\/"},{"@type":"ListItem","position":2,"name":"Aprueban reforma para que Infonavit ahora pueda construir vivienda"}]},{"@type":"WebSite","@id":"https:\/\/www.sonoraenequipo.com.mx\/#website","url":"https:\/\/www.sonoraenequipo.com.mx\/","name":"Sonora en Equipo.","description":"Diario en l\u00ednea con Noticias desde Hermosillo, Sonora","publisher":{"@id":"https:\/\/www.sonoraenequipo.com.mx\/#organization"},"potentialAction":[{"@type":"SearchAction","target":{"@type":"EntryPoint","urlTemplate":"https:\/\/www.sonoraenequipo.com.mx\/?s={search_term_string}"},"query-input":{"@type":"PropertyValueSpecification","valueRequired":true,"valueName":"search_term_string"}}],"inLanguage":"es"},{"@type":"Organization","@id":"https:\/\/www.sonoraenequipo.com.mx\/#organization","name":"Sonoraenequipo.com.mx","url":"https:\/\/www.sonoraenequipo.com.mx\/","logo":{"@type":"ImageObject","inLanguage":"es","@id":"https:\/\/www.sonoraenequipo.com.mx\/#\/schema\/logo\/image\/","url":"https:\/\/www.sonoraenequipo.com.mx\/storage\/2019\/01\/sonoraenequipo_opt.png","contentUrl":"https:\/\/www.sonoraenequipo.com.mx\/storage\/2019\/01\/sonoraenequipo_opt.png","width":375,"height":125,"caption":"Sonoraenequipo.com.mx"},"image":{"@id":"https:\/\/www.sonoraenequipo.com.mx\/#\/schema\/logo\/image\/"},"sameAs":["https:\/\/www.facebook.com\/SonoraEE\/","https:\/\/x.com\/sonoraenequipo","https:\/\/www.youtube.com\/channel\/UC338nW-lPEYmJQs4ZABQ1SQ"]},{"@type":"Person","@id":"https:\/\/www.sonoraenequipo.com.mx\/#\/schema\/person\/50102df0fb23a8fa9e8effad8fa81386","name":"enequipo","image":{"@type":"ImageObject","inLanguage":"es","@id":"https:\/\/www.sonoraenequipo.com.mx\/#\/schema\/person\/image\/","url":"https:\/\/secure.gravatar.com\/avatar\/049821681b589dabc0bc20695993ccebb09f5b5d4d790cd9251b97faac7c652b?s=96&d=blank&r=g","contentUrl":"https:\/\/secure.gravatar.com\/avatar\/049821681b589dabc0bc20695993ccebb09f5b5d4d790cd9251b97faac7c652b?s=96&d=blank&r=g","caption":"enequipo"},"sameAs":["https:\/\/www.facebook.com\/SonoraEE"]}]}},"jetpack_featured_media_url":"https:\/\/www.sonoraenequipo.com.mx\/storage\/2024\/04\/infonavit-renta-congelada-min.jpg","_links":{"self":[{"href":"https:\/\/www.sonoraenequipo.com.mx\/api\/wp\/v2\/posts\/206212","targetHints":{"allow":["GET"]}}],"collection":[{"href":"https:\/\/www.sonoraenequipo.com.mx\/api\/wp\/v2\/posts"}],"about":[{"href":"https:\/\/www.sonoraenequipo.com.mx\/api\/wp\/v2\/types\/post"}],"author":[{"embeddable":true,"href":"https:\/\/www.sonoraenequipo.com.mx\/api\/wp\/v2\/users\/1"}],"replies":[{"embeddable":true,"href":"https:\/\/www.sonoraenequipo.com.mx\/api\/wp\/v2\/comments?post=206212"}],"version-history":[{"count":1,"href":"https:\/\/www.sonoraenequipo.com.mx\/api\/wp\/v2\/posts\/206212\/revisions"}],"predecessor-version":[{"id":206213,"href":"https:\/\/www.sonoraenequipo.com.mx\/api\/wp\/v2\/posts\/206212\/revisions\/206213"}],"wp:featuredmedia":[{"embeddable":true,"href":"https:\/\/www.sonoraenequipo.com.mx\/api\/wp\/v2\/media\/186900"}],"wp:attachment":[{"href":"https:\/\/www.sonoraenequipo.com.mx\/api\/wp\/v2\/media?parent=206212"}],"wp:term":[{"taxonomy":"category","embeddable":true,"href":"https:\/\/www.sonoraenequipo.com.mx\/api\/wp\/v2\/categories?post=206212"},{"taxonomy":"post_tag","embeddable":true,"href":"https:\/\/www.sonoraenequipo.com.mx\/api\/wp\/v2\/tags?post=206212"}],"curies":[{"name":"wp","href":"https:\/\/api.w.org\/{rel}","templated":true}]}}