{"id":206214,"date":"2024-12-14T11:32:31","date_gmt":"2024-12-14T18:32:31","guid":{"rendered":"https:\/\/www.sonoraenequipo.com.mx\/?p=206214"},"modified":"2024-12-14T15:48:49","modified_gmt":"2024-12-14T22:48:49","slug":"egresados-de-las-universidades-del-bienestar-podran-competir-para-plazas-de-maestro","status":"publish","type":"post","link":"https:\/\/www.sonoraenequipo.com.mx\/egresados-de-las-universidades-del-bienestar-podran-competir-para-plazas-de-maestro\/","title":{"rendered":"Egresados de las Universidades del Bienestar podr\u00e1n competir para plazas de maestro"},"content":{"rendered":"<p><strong>CIUDAD DE M\u00c9XICO. MX. \u2014<\/strong> A partir del 2025, los egresados de la carrera de Formaci\u00f3n Docente en Educaci\u00f3n B\u00e1sica de las Universidades del Bienestar Benito Ju\u00e1rez Garc\u00eda (UBBJG) -creadas por la autodenominada 4T-, podr\u00e1n participar en el proceso para ocupar una plaza de maestro en el Sistema Educativo Nacional (SEN) de M\u00e9xico, anunci\u00f3 el secretario de Educaci\u00f3n P\u00fablica (SEP), Mario Delgado Carrillo.<\/p>\n<p>&nbsp;<\/p>\n<p>&nbsp;<\/p>\n<p> <\/p>\n<p><em><strong>\u201cPara el a\u00f1o que entra ya podr\u00e1n participar los egresados de las universidades Benito Ju\u00e1rez, porque se lo merecen y porque queremos que las y los mejores maestros egresados de las universidades Benito Ju\u00e1rez est\u00e9n frente a grupo, ayudando a la gran tarea educativa que nos ha pedido la doctora Claudia Sheinbaum\u201d,<\/strong><\/em> dijo.<\/p>\n<p>&nbsp;<\/p>\n<p>&nbsp;<\/p>\n<p>El funcionario asegur\u00f3 que esta pol\u00edtica es \u201cpor instrucciones\u201d de la presidenta Sheinbaum Pardo.<\/p>\n<p>&nbsp;<\/p>\n<p>&nbsp;<\/p>\n<p>&nbsp;<\/p>\n<p>Delgado tambi\u00e9n detall\u00f3 que, antes de que se hagan cambios en la Unidad del Sistema para la Carrera de las Maestras y Maestros (Usicamm), los egresados de la carrera de Formaci\u00f3n Docente en Educaci\u00f3n B\u00e1sica podr\u00e1n participar en el proceso de selecci\u00f3n para poder ense\u00f1ar en un sal\u00f3n de clases.<\/p>\n<p>&nbsp;<\/p>\n<p>&nbsp;<\/p>\n<p>&nbsp;<\/p>\n<p>Asimismo, record\u00f3 que la UBBJG fue la respuesta que dio el gobierno del hoy expresidente Andr\u00e9s Manuel L\u00f3pez Obrador \u201ca casi cuatro d\u00e9cadas de neoliberalismo que tachaba de madera indigna a los j\u00f3venes, dici\u00e9ndoles que eran <strong><em>\u2018Ninis\u2019\u201d.<\/em><\/strong><\/p>\n<p>&nbsp;<\/p>\n<p>&nbsp;<\/p>\n<p>&nbsp;<\/p>\n<p>Adem\u00e1s, la directora general del Organismo Coordinador de las UBBJG, Raquel Sosa El\u00edzaga, consider\u00f3 que con la incorporaci\u00f3n de los egresados de dicha carrera al Sistema Educativo Nacional <em><strong>\u00abya se vio c\u00f3mo importa que se reconozca el esfuerzo de formaci\u00f3n docente que hemos hecho a lo largo de todos estos a\u00f1os\u201d.<\/strong><\/em><\/p>\n<p>&nbsp;<\/p>\n<p>&nbsp;<\/p>\n<p>&nbsp;<\/p>\n<p>PUBLICADO EL 14 DE DICIEMBRE DE 2024 Con informaci\u00f3n de AFP)<\/p>\n","protected":false},"excerpt":{"rendered":"<p>CIUDAD DE M\u00c9XICO. MX. \u2014 A partir del 2025, los egresados de la carrera de&#8230;<\/p>\n","protected":false},"author":1,"featured_media":206232,"comment_status":"open","ping_status":"open","sticky":false,"template":"","format":"standard","meta":{"_monsterinsights_skip_tracking":false,"_monsterinsights_sitenote_active":false,"_monsterinsights_sitenote_note":"","_monsterinsights_sitenote_category":0,"footnotes":""},"categories":[5],"tags":[],"class_list":["post"],"yoast_head":" \n<title>Sonora en Equipo. Egresados de las Universidades del Bienestar podr\u00e1n competir para plazas de maestro Rep\u00fablica<\/title>\n<meta name=\"description\" content=\"CIUDAD DE M\u00c9XICO. MX. \u2014 A partir del 2025, los egresados de la carrera de Formaci\u00f3n Docente en Educaci\u00f3n B\u00e1sica de las Universidades del Bienestar Benito En Sonora en Equipo publicamos toda la informaci\u00f3n de Sonora, M\u00e9xico y el Mundo de manera oportuna y busca que la libertad de expresi\u00f3n sea real. Visita nuestro medio informativo publicado desde Hermosillo, Sonora. %\" \/>\n<meta name=\"robots\" content=\"index, follow, max-snippet:-1, max-image-preview:large, max-video-preview:-1\" \/>\n<link rel=\"canonical\" href=\"https:\/\/www.sonoraenequipo.com.mx\/egresados-de-las-universidades-del-bienestar-podran-competir-para-plazas-de-maestro\/\" \/>\n<meta property=\"og:locale\" content=\"es_ES\" \/>\n<meta property=\"og:type\" content=\"article\" \/>\n<meta property=\"og:title\" content=\"Sonora en Equipo. Egresados de las Universidades del Bienestar podr\u00e1n competir para plazas de maestro Rep\u00fablica\" \/>\n<meta property=\"og:description\" content=\"CIUDAD DE M\u00c9XICO. MX. \u2014 A partir del 2025, los egresados de la carrera de Formaci\u00f3n Docente en Educaci\u00f3n B\u00e1sica de las Universidades del Bienestar Benito En Sonora en Equipo publicamos toda la informaci\u00f3n de Sonora, M\u00e9xico y el Mundo de manera oportuna y busca que la libertad de expresi\u00f3n sea real. Visita nuestro medio informativo publicado desde Hermosillo, Sonora. %\" \/>\n<meta property=\"og:url\" content=\"https:\/\/www.sonoraenequipo.com.mx\/egresados-de-las-universidades-del-bienestar-podran-competir-para-plazas-de-maestro\/\" \/>\n<meta property=\"og:site_name\" content=\"Sonora en Equipo.\" \/>\n<meta property=\"article:publisher\" content=\"https:\/\/www.facebook.com\/SonoraEE\/\" \/>\n<meta property=\"article:author\" content=\"https:\/\/www.facebook.com\/SonoraEE\" \/>\n<meta property=\"article:published_time\" content=\"2024-12-14T18:32:31+00:00\" \/>\n<meta property=\"article:modified_time\" content=\"2024-12-14T22:48:49+00:00\" \/>\n<meta property=\"og:image\" content=\"https:\/\/www.sonoraenequipo.com.mx\/storage\/2024\/12\/universidad-Bienestar-Benito-Juarez-min-3.jpg\" \/>\n\t<meta property=\"og:image:width\" content=\"1024\" \/>\n\t<meta property=\"og:image:height\" content=\"586\" \/>\n\t<meta property=\"og:image:type\" content=\"image\/jpeg\" \/>\n<meta name=\"author\" content=\"enequipo\" \/>\n<meta name=\"twitter:card\" content=\"summary_large_image\" \/>\n<meta name=\"twitter:creator\" content=\"@sonoraenequipo\" \/>\n<meta name=\"twitter:site\" content=\"@sonoraenequipo\" \/>\n<meta name=\"twitter:label1\" content=\"Escrito por\" \/>\n\t<meta name=\"twitter:data1\" content=\"enequipo\" \/>\n\t<meta name=\"twitter:label2\" content=\"Tiempo de lectura\" \/>\n\t<meta name=\"twitter:data2\" content=\"2 minutos\" \/>\n<script type=\"application\/ld+json\" class=\"yoast-schema-graph\">{\"@context\":\"https:\/\/schema.org\",\"@graph\":[{\"@type\":\"Article\",\"@id\":\"https:\/\/www.sonoraenequipo.com.mx\/egresados-de-las-universidades-del-bienestar-podran-competir-para-plazas-de-maestro\/#article\",\"isPartOf\":{\"@id\":\"https:\/\/www.sonoraenequipo.com.mx\/egresados-de-las-universidades-del-bienestar-podran-competir-para-plazas-de-maestro\/\"},\"author\":{\"name\":\"enequipo\",\"@id\":\"https:\/\/www.sonoraenequipo.com.mx\/#\/schema\/person\/50102df0fb23a8fa9e8effad8fa81386\"},\"headline\":\"Egresados de las Universidades del Bienestar podr\u00e1n competir para plazas de maestro\",\"datePublished\":\"2024-12-14T18:32:31+00:00\",\"dateModified\":\"2024-12-14T22:48:49+00:00\",\"mainEntityOfPage\":{\"@id\":\"https:\/\/www.sonoraenequipo.com.mx\/egresados-de-las-universidades-del-bienestar-podran-competir-para-plazas-de-maestro\/\"},\"wordCount\":340,\"commentCount\":0,\"publisher\":{\"@id\":\"https:\/\/www.sonoraenequipo.com.mx\/#organization\"},\"image\":{\"@id\":\"https:\/\/www.sonoraenequipo.com.mx\/egresados-de-las-universidades-del-bienestar-podran-competir-para-plazas-de-maestro\/#primaryimage\"},\"thumbnailUrl\":\"https:\/\/www.sonoraenequipo.com.mx\/storage\/2024\/12\/universidad-Bienestar-Benito-Juarez-min-3.jpg\",\"articleSection\":[\"Rep\u00fablica\"],\"inLanguage\":\"es\",\"potentialAction\":[{\"@type\":\"CommentAction\",\"name\":\"Comment\",\"target\":[\"https:\/\/www.sonoraenequipo.com.mx\/egresados-de-las-universidades-del-bienestar-podran-competir-para-plazas-de-maestro\/#respond\"]}]},{\"@type\":\"WebPage\",\"@id\":\"https:\/\/www.sonoraenequipo.com.mx\/egresados-de-las-universidades-del-bienestar-podran-competir-para-plazas-de-maestro\/\",\"url\":\"https:\/\/www.sonoraenequipo.com.mx\/egresados-de-las-universidades-del-bienestar-podran-competir-para-plazas-de-maestro\/\",\"name\":\"Sonora en Equipo. Egresados de las Universidades del Bienestar podr\u00e1n competir para plazas de maestro Rep\u00fablica\",\"isPartOf\":{\"@id\":\"https:\/\/www.sonoraenequipo.com.mx\/#website\"},\"primaryImageOfPage\":{\"@id\":\"https:\/\/www.sonoraenequipo.com.mx\/egresados-de-las-universidades-del-bienestar-podran-competir-para-plazas-de-maestro\/#primaryimage\"},\"image\":{\"@id\":\"https:\/\/www.sonoraenequipo.com.mx\/egresados-de-las-universidades-del-bienestar-podran-competir-para-plazas-de-maestro\/#primaryimage\"},\"thumbnailUrl\":\"https:\/\/www.sonoraenequipo.com.mx\/storage\/2024\/12\/universidad-Bienestar-Benito-Juarez-min-3.jpg\",\"datePublished\":\"2024-12-14T18:32:31+00:00\",\"dateModified\":\"2024-12-14T22:48:49+00:00\",\"description\":\"CIUDAD DE M\u00c9XICO. MX. \u2014 A partir del 2025, los egresados de la carrera de Formaci\u00f3n Docente en Educaci\u00f3n B\u00e1sica de las Universidades del Bienestar Benito En Sonora en Equipo publicamos toda la informaci\u00f3n de Sonora, M\u00e9xico y el Mundo de manera oportuna y busca que la libertad de expresi\u00f3n sea real. Visita nuestro medio informativo publicado desde Hermosillo, Sonora. %\",\"breadcrumb\":{\"@id\":\"https:\/\/www.sonoraenequipo.com.mx\/egresados-de-las-universidades-del-bienestar-podran-competir-para-plazas-de-maestro\/#breadcrumb\"},\"inLanguage\":\"es\",\"potentialAction\":[{\"@type\":\"ReadAction\",\"target\":[\"https:\/\/www.sonoraenequipo.com.mx\/egresados-de-las-universidades-del-bienestar-podran-competir-para-plazas-de-maestro\/\"]}]},{\"@type\":\"ImageObject\",\"inLanguage\":\"es\",\"@id\":\"https:\/\/www.sonoraenequipo.com.mx\/egresados-de-las-universidades-del-bienestar-podran-competir-para-plazas-de-maestro\/#primaryimage\",\"url\":\"https:\/\/www.sonoraenequipo.com.mx\/storage\/2024\/12\/universidad-Bienestar-Benito-Juarez-min-3.jpg\",\"contentUrl\":\"https:\/\/www.sonoraenequipo.com.mx\/storage\/2024\/12\/universidad-Bienestar-Benito-Juarez-min-3.jpg\",\"width\":1024,\"height\":586},{\"@type\":\"BreadcrumbList\",\"@id\":\"https:\/\/www.sonoraenequipo.com.mx\/egresados-de-las-universidades-del-bienestar-podran-competir-para-plazas-de-maestro\/#breadcrumb\",\"itemListElement\":[{\"@type\":\"ListItem\",\"position\":1,\"name\":\"Portada\",\"item\":\"https:\/\/www.sonoraenequipo.com.mx\/\"},{\"@type\":\"ListItem\",\"position\":2,\"name\":\"Egresados de las Universidades del Bienestar podr\u00e1n competir para plazas de maestro\"}]},{\"@type\":\"WebSite\",\"@id\":\"https:\/\/www.sonoraenequipo.com.mx\/#website\",\"url\":\"https:\/\/www.sonoraenequipo.com.mx\/\",\"name\":\"Sonora en Equipo.\",\"description\":\"Diario en l\u00ednea con Noticias desde Hermosillo, Sonora\",\"publisher\":{\"@id\":\"https:\/\/www.sonoraenequipo.com.mx\/#organization\"},\"potentialAction\":[{\"@type\":\"SearchAction\",\"target\":{\"@type\":\"EntryPoint\",\"urlTemplate\":\"https:\/\/www.sonoraenequipo.com.mx\/?s={search_term_string}\"},\"query-input\":{\"@type\":\"PropertyValueSpecification\",\"valueRequired\":true,\"valueName\":\"search_term_string\"}}],\"inLanguage\":\"es\"},{\"@type\":\"Organization\",\"@id\":\"https:\/\/www.sonoraenequipo.com.mx\/#organization\",\"name\":\"Sonoraenequipo.com.mx\",\"url\":\"https:\/\/www.sonoraenequipo.com.mx\/\",\"logo\":{\"@type\":\"ImageObject\",\"inLanguage\":\"es\",\"@id\":\"https:\/\/www.sonoraenequipo.com.mx\/#\/schema\/logo\/image\/\",\"url\":\"https:\/\/www.sonoraenequipo.com.mx\/storage\/2019\/01\/sonoraenequipo_opt.png\",\"contentUrl\":\"https:\/\/www.sonoraenequipo.com.mx\/storage\/2019\/01\/sonoraenequipo_opt.png\",\"width\":375,\"height\":125,\"caption\":\"Sonoraenequipo.com.mx\"},\"image\":{\"@id\":\"https:\/\/www.sonoraenequipo.com.mx\/#\/schema\/logo\/image\/\"},\"sameAs\":[\"https:\/\/www.facebook.com\/SonoraEE\/\",\"https:\/\/x.com\/sonoraenequipo\",\"https:\/\/www.youtube.com\/channel\/UC338nW-lPEYmJQs4ZABQ1SQ\"]},{\"@type\":\"Person\",\"@id\":\"https:\/\/www.sonoraenequipo.com.mx\/#\/schema\/person\/50102df0fb23a8fa9e8effad8fa81386\",\"name\":\"enequipo\",\"image\":{\"@type\":\"ImageObject\",\"inLanguage\":\"es\",\"@id\":\"https:\/\/www.sonoraenequipo.com.mx\/#\/schema\/person\/image\/\",\"url\":\"https:\/\/secure.gravatar.com\/avatar\/049821681b589dabc0bc20695993ccebb09f5b5d4d790cd9251b97faac7c652b?s=96&d=blank&r=g\",\"contentUrl\":\"https:\/\/secure.gravatar.com\/avatar\/049821681b589dabc0bc20695993ccebb09f5b5d4d790cd9251b97faac7c652b?s=96&d=blank&r=g\",\"caption\":\"enequipo\"},\"sameAs\":[\"https:\/\/www.facebook.com\/SonoraEE\"]}]}<\/script>\n ","yoast_head_json":{"title":"Sonora en Equipo. Egresados de las Universidades del Bienestar podr\u00e1n competir para plazas de maestro Rep\u00fablica","description":"CIUDAD DE M\u00c9XICO. MX. \u2014 A partir del 2025, los egresados de la carrera de Formaci\u00f3n Docente en Educaci\u00f3n B\u00e1sica de las Universidades del Bienestar Benito En Sonora en Equipo publicamos toda la informaci\u00f3n de Sonora, M\u00e9xico y el Mundo de manera oportuna y busca que la libertad de expresi\u00f3n sea real. Visita nuestro medio informativo publicado desde Hermosillo, Sonora. %","robots":{"index":"index","follow":"follow","max-snippet":"max-snippet:-1","max-image-preview":"max-image-preview:large","max-video-preview":"max-video-preview:-1"},"canonical":"https:\/\/www.sonoraenequipo.com.mx\/egresados-de-las-universidades-del-bienestar-podran-competir-para-plazas-de-maestro\/","og_locale":"es_ES","og_type":"article","og_title":"Sonora en Equipo. Egresados de las Universidades del Bienestar podr\u00e1n competir para plazas de maestro Rep\u00fablica","og_description":"CIUDAD DE M\u00c9XICO. MX. \u2014 A partir del 2025, los egresados de la carrera de Formaci\u00f3n Docente en Educaci\u00f3n B\u00e1sica de las Universidades del Bienestar Benito En Sonora en Equipo publicamos toda la informaci\u00f3n de Sonora, M\u00e9xico y el Mundo de manera oportuna y busca que la libertad de expresi\u00f3n sea real. Visita nuestro medio informativo publicado desde Hermosillo, Sonora. %","og_url":"https:\/\/www.sonoraenequipo.com.mx\/egresados-de-las-universidades-del-bienestar-podran-competir-para-plazas-de-maestro\/","og_site_name":"Sonora en Equipo.","article_publisher":"https:\/\/www.facebook.com\/SonoraEE\/","article_author":"https:\/\/www.facebook.com\/SonoraEE","article_published_time":"2024-12-14T18:32:31+00:00","article_modified_time":"2024-12-14T22:48:49+00:00","og_image":[{"width":1024,"height":586,"url":"https:\/\/www.sonoraenequipo.com.mx\/storage\/2024\/12\/universidad-Bienestar-Benito-Juarez-min-3.jpg","type":"image\/jpeg"}],"author":"enequipo","twitter_card":"summary_large_image","twitter_creator":"@sonoraenequipo","twitter_site":"@sonoraenequipo","twitter_misc":{"Escrito por":"enequipo","Tiempo de lectura":"2 minutos"},"schema":{"@context":"https:\/\/schema.org","@graph":[{"@type":"Article","@id":"https:\/\/www.sonoraenequipo.com.mx\/egresados-de-las-universidades-del-bienestar-podran-competir-para-plazas-de-maestro\/#article","isPartOf":{"@id":"https:\/\/www.sonoraenequipo.com.mx\/egresados-de-las-universidades-del-bienestar-podran-competir-para-plazas-de-maestro\/"},"author":{"name":"enequipo","@id":"https:\/\/www.sonoraenequipo.com.mx\/#\/schema\/person\/50102df0fb23a8fa9e8effad8fa81386"},"headline":"Egresados de las Universidades del Bienestar podr\u00e1n competir para plazas de maestro","datePublished":"2024-12-14T18:32:31+00:00","dateModified":"2024-12-14T22:48:49+00:00","mainEntityOfPage":{"@id":"https:\/\/www.sonoraenequipo.com.mx\/egresados-de-las-universidades-del-bienestar-podran-competir-para-plazas-de-maestro\/"},"wordCount":340,"commentCount":0,"publisher":{"@id":"https:\/\/www.sonoraenequipo.com.mx\/#organization"},"image":{"@id":"https:\/\/www.sonoraenequipo.com.mx\/egresados-de-las-universidades-del-bienestar-podran-competir-para-plazas-de-maestro\/#primaryimage"},"thumbnailUrl":"https:\/\/www.sonoraenequipo.com.mx\/storage\/2024\/12\/universidad-Bienestar-Benito-Juarez-min-3.jpg","articleSection":["Rep\u00fablica"],"inLanguage":"es","potentialAction":[{"@type":"CommentAction","name":"Comment","target":["https:\/\/www.sonoraenequipo.com.mx\/egresados-de-las-universidades-del-bienestar-podran-competir-para-plazas-de-maestro\/#respond"]}]},{"@type":"WebPage","@id":"https:\/\/www.sonoraenequipo.com.mx\/egresados-de-las-universidades-del-bienestar-podran-competir-para-plazas-de-maestro\/","url":"https:\/\/www.sonoraenequipo.com.mx\/egresados-de-las-universidades-del-bienestar-podran-competir-para-plazas-de-maestro\/","name":"Sonora en Equipo. Egresados de las Universidades del Bienestar podr\u00e1n competir para plazas de maestro Rep\u00fablica","isPartOf":{"@id":"https:\/\/www.sonoraenequipo.com.mx\/#website"},"primaryImageOfPage":{"@id":"https:\/\/www.sonoraenequipo.com.mx\/egresados-de-las-universidades-del-bienestar-podran-competir-para-plazas-de-maestro\/#primaryimage"},"image":{"@id":"https:\/\/www.sonoraenequipo.com.mx\/egresados-de-las-universidades-del-bienestar-podran-competir-para-plazas-de-maestro\/#primaryimage"},"thumbnailUrl":"https:\/\/www.sonoraenequipo.com.mx\/storage\/2024\/12\/universidad-Bienestar-Benito-Juarez-min-3.jpg","datePublished":"2024-12-14T18:32:31+00:00","dateModified":"2024-12-14T22:48:49+00:00","description":"CIUDAD DE M\u00c9XICO. MX. \u2014 A partir del 2025, los egresados de la carrera de Formaci\u00f3n Docente en Educaci\u00f3n B\u00e1sica de las Universidades del Bienestar Benito En Sonora en Equipo publicamos toda la informaci\u00f3n de Sonora, M\u00e9xico y el Mundo de manera oportuna y busca que la libertad de expresi\u00f3n sea real. Visita nuestro medio informativo publicado desde Hermosillo, Sonora. %","breadcrumb":{"@id":"https:\/\/www.sonoraenequipo.com.mx\/egresados-de-las-universidades-del-bienestar-podran-competir-para-plazas-de-maestro\/#breadcrumb"},"inLanguage":"es","potentialAction":[{"@type":"ReadAction","target":["https:\/\/www.sonoraenequipo.com.mx\/egresados-de-las-universidades-del-bienestar-podran-competir-para-plazas-de-maestro\/"]}]},{"@type":"ImageObject","inLanguage":"es","@id":"https:\/\/www.sonoraenequipo.com.mx\/egresados-de-las-universidades-del-bienestar-podran-competir-para-plazas-de-maestro\/#primaryimage","url":"https:\/\/www.sonoraenequipo.com.mx\/storage\/2024\/12\/universidad-Bienestar-Benito-Juarez-min-3.jpg","contentUrl":"https:\/\/www.sonoraenequipo.com.mx\/storage\/2024\/12\/universidad-Bienestar-Benito-Juarez-min-3.jpg","width":1024,"height":586},{"@type":"BreadcrumbList","@id":"https:\/\/www.sonoraenequipo.com.mx\/egresados-de-las-universidades-del-bienestar-podran-competir-para-plazas-de-maestro\/#breadcrumb","itemListElement":[{"@type":"ListItem","position":1,"name":"Portada","item":"https:\/\/www.sonoraenequipo.com.mx\/"},{"@type":"ListItem","position":2,"name":"Egresados de las Universidades del Bienestar podr\u00e1n competir para plazas de maestro"}]},{"@type":"WebSite","@id":"https:\/\/www.sonoraenequipo.com.mx\/#website","url":"https:\/\/www.sonoraenequipo.com.mx\/","name":"Sonora en Equipo.","description":"Diario en l\u00ednea con Noticias desde Hermosillo, Sonora","publisher":{"@id":"https:\/\/www.sonoraenequipo.com.mx\/#organization"},"potentialAction":[{"@type":"SearchAction","target":{"@type":"EntryPoint","urlTemplate":"https:\/\/www.sonoraenequipo.com.mx\/?s={search_term_string}"},"query-input":{"@type":"PropertyValueSpecification","valueRequired":true,"valueName":"search_term_string"}}],"inLanguage":"es"},{"@type":"Organization","@id":"https:\/\/www.sonoraenequipo.com.mx\/#organization","name":"Sonoraenequipo.com.mx","url":"https:\/\/www.sonoraenequipo.com.mx\/","logo":{"@type":"ImageObject","inLanguage":"es","@id":"https:\/\/www.sonoraenequipo.com.mx\/#\/schema\/logo\/image\/","url":"https:\/\/www.sonoraenequipo.com.mx\/storage\/2019\/01\/sonoraenequipo_opt.png","contentUrl":"https:\/\/www.sonoraenequipo.com.mx\/storage\/2019\/01\/sonoraenequipo_opt.png","width":375,"height":125,"caption":"Sonoraenequipo.com.mx"},"image":{"@id":"https:\/\/www.sonoraenequipo.com.mx\/#\/schema\/logo\/image\/"},"sameAs":["https:\/\/www.facebook.com\/SonoraEE\/","https:\/\/x.com\/sonoraenequipo","https:\/\/www.youtube.com\/channel\/UC338nW-lPEYmJQs4ZABQ1SQ"]},{"@type":"Person","@id":"https:\/\/www.sonoraenequipo.com.mx\/#\/schema\/person\/50102df0fb23a8fa9e8effad8fa81386","name":"enequipo","image":{"@type":"ImageObject","inLanguage":"es","@id":"https:\/\/www.sonoraenequipo.com.mx\/#\/schema\/person\/image\/","url":"https:\/\/secure.gravatar.com\/avatar\/049821681b589dabc0bc20695993ccebb09f5b5d4d790cd9251b97faac7c652b?s=96&d=blank&r=g","contentUrl":"https:\/\/secure.gravatar.com\/avatar\/049821681b589dabc0bc20695993ccebb09f5b5d4d790cd9251b97faac7c652b?s=96&d=blank&r=g","caption":"enequipo"},"sameAs":["https:\/\/www.facebook.com\/SonoraEE"]}]}},"jetpack_featured_media_url":"https:\/\/www.sonoraenequipo.com.mx\/storage\/2024\/12\/universidad-Bienestar-Benito-Juarez-min-3.jpg","_links":{"self":[{"href":"https:\/\/www.sonoraenequipo.com.mx\/api\/wp\/v2\/posts\/206214","targetHints":{"allow":["GET"]}}],"collection":[{"href":"https:\/\/www.sonoraenequipo.com.mx\/api\/wp\/v2\/posts"}],"about":[{"href":"https:\/\/www.sonoraenequipo.com.mx\/api\/wp\/v2\/types\/post"}],"author":[{"embeddable":true,"href":"https:\/\/www.sonoraenequipo.com.mx\/api\/wp\/v2\/users\/1"}],"replies":[{"embeddable":true,"href":"https:\/\/www.sonoraenequipo.com.mx\/api\/wp\/v2\/comments?post=206214"}],"version-history":[{"count":1,"href":"https:\/\/www.sonoraenequipo.com.mx\/api\/wp\/v2\/posts\/206214\/revisions"}],"predecessor-version":[{"id":206233,"href":"https:\/\/www.sonoraenequipo.com.mx\/api\/wp\/v2\/posts\/206214\/revisions\/206233"}],"wp:featuredmedia":[{"embeddable":true,"href":"https:\/\/www.sonoraenequipo.com.mx\/api\/wp\/v2\/media\/206232"}],"wp:attachment":[{"href":"https:\/\/www.sonoraenequipo.com.mx\/api\/wp\/v2\/media?parent=206214"}],"wp:term":[{"taxonomy":"category","embeddable":true,"href":"https:\/\/www.sonoraenequipo.com.mx\/api\/wp\/v2\/categories?post=206214"},{"taxonomy":"post_tag","embeddable":true,"href":"https:\/\/www.sonoraenequipo.com.mx\/api\/wp\/v2\/tags?post=206214"}],"curies":[{"name":"wp","href":"https:\/\/api.w.org\/{rel}","templated":true}]}}