{"id":206221,"date":"2024-12-14T15:24:52","date_gmt":"2024-12-14T22:24:52","guid":{"rendered":"https:\/\/www.sonoraenequipo.com.mx\/?p=206221"},"modified":"2024-12-14T15:28:34","modified_gmt":"2024-12-14T22:28:34","slug":"fallece-isak-andi-fundador-de-la-marca-de-ropa-mango","status":"publish","type":"post","link":"https:\/\/www.sonoraenequipo.com.mx\/fallece-isak-andi-fundador-de-la-marca-de-ropa-mango\/","title":{"rendered":"Fallece Isak Andic fundador de la marca de ropa Mango"},"content":{"rendered":"<p>Isak Andic, de 71 a\u00f1os, el fundador de la cadena espa\u00f1ola de ropa Mango, uno de los grupos de moda m\u00e1s grandes de Europa con casi 2.800 tiendas repartidas por todo el mundo, incluidas m\u00e1s de doscientas en Latinoam\u00e9rica, muri\u00f3 este s\u00e1bado (14.12.2024), anunci\u00f3 la compa\u00f1\u00eda. \u00abCon profundo pesar lamentamos comunicar el inesperado fallecimiento de Isak Andic, nuestro presidente no ejecutivo y fundador de Mango, en un accidente ocurrido este s\u00e1bado\u00bb dijo el CEO de la compa\u00f1\u00eda, Toni Ruiz, en comunicado.<\/p>\n<p>&nbsp;<\/p>\n<p>\u00abIsak ha sido un ejemplo para todos nosotros. Ha dedicado su vida al proyecto de Mango, dejando una huella imborrable gracias a su visi\u00f3n estrat\u00e9gica, su liderazgo inspirador y su compromiso inquebrantable con unos valores que son los que \u00e9l mismo ha impregnado a nuestra compa\u00f1\u00eda\u00bb, a\u00f1adi\u00f3 el comunicado. La compa\u00f1\u00eda no dio detalles del accidente, pero seg\u00fan adelantaron los medios espa\u00f1oles, muri\u00f3 al caerse en la monta\u00f1a cuando caminaba con varios miembros de su familia cerca de Barcelona. Seg\u00fan confirmaron a Efe fuentes de la compa\u00f1\u00eda, el empresario, que iba acompa\u00f1ado de su hijo y de su mujer, resbal\u00f3 en uno de los senderos y cay\u00f3 de una gran altura.<\/p>\n<p>&nbsp;<\/p>\n<p>Mango se fund\u00f3 en 1984 cuando Andic, de origen turco, abri\u00f3 su primera tienda en el Paseo de Gracia, la famosa calle comercial de Barcelona, con la ayuda de su hermano mayor Nahman. La compa\u00f1\u00eda se ha consolidado como uno de los principales grupos internacionales de moda, con presencia en m\u00e1s de 120 mercados, cerca de 2.800 tiendas y 15.500 empleados en todo el mundo, seg\u00fan su p\u00e1gina web.<\/p>\n<p>&nbsp;<\/p>\n<p>Andic, due\u00f1o del 95% de la compa\u00f1\u00eda, ocupaba el quinto puesto en la \u00faltima lista de los 100 espa\u00f1oles m\u00e1s ricos publicada a principios de noviembre por Forbes Espa\u00f1a, con un patrimonio total estimado de unos 4.500 millones de euros, 1.800 millones m\u00e1s que el a\u00f1o anterior. \u00abSu partida deja un vac\u00edo enorme pero todos nosotros somos, de alg\u00fan modo, su legado y el testimonio de sus logros. Nos corresponde, y este es el mejor homenaje que podemos hacer a Isak y que vamos a cumplir, velar para que Mango siga siendo el proyecto que Isak ambicionaba y del que se sentir\u00eda orgulloso\u00bb, concluye el comunicado de la compa\u00f1\u00eda.<\/p>\n<p><strong>Fecha de publicaci\u00f3n s\u00e1bado 14 de diciembre de 2024 \/DW<\/strong><\/p>\n","protected":false},"excerpt":{"rendered":"<p>Isak Andic, de 71 a\u00f1os, el fundador de la cadena espa\u00f1ola de ropa Mango, uno&#8230;<\/p>\n","protected":false},"author":1,"featured_media":206222,"comment_status":"open","ping_status":"open","sticky":false,"template":"","format":"standard","meta":{"_monsterinsights_skip_tracking":false,"_monsterinsights_sitenote_active":false,"_monsterinsights_sitenote_note":"","_monsterinsights_sitenote_category":0,"footnotes":""},"categories":[2987],"tags":[10622],"class_list":["post"],"yoast_head":" \n<title>Sonora en Equipo. Fallece Isak Andic fundador de la marca de ropa Mango Showbiz<\/title>\n<meta name=\"description\" content=\"Isak Andic, de 71 a\u00f1os, el fundador de la cadena espa\u00f1ola de ropa Mango, uno de los grupos de moda m\u00e1s grandes de Europa con casi 2.800 tiendas repartidas En Sonora en Equipo publicamos toda la informaci\u00f3n de Sonora, M\u00e9xico y el Mundo de manera oportuna y busca que la libertad de expresi\u00f3n sea real. Visita nuestro medio informativo publicado desde Hermosillo, Sonora. %\" \/>\n<meta name=\"robots\" content=\"index, follow, max-snippet:-1, max-image-preview:large, max-video-preview:-1\" \/>\n<link rel=\"canonical\" href=\"https:\/\/www.sonoraenequipo.com.mx\/fallece-isak-andi-fundador-de-la-marca-de-ropa-mango\/\" \/>\n<meta property=\"og:locale\" content=\"es_ES\" \/>\n<meta property=\"og:type\" content=\"article\" \/>\n<meta property=\"og:title\" content=\"Sonora en Equipo. Fallece Isak Andic fundador de la marca de ropa Mango Showbiz\" \/>\n<meta property=\"og:description\" content=\"Isak Andic, de 71 a\u00f1os, el fundador de la cadena espa\u00f1ola de ropa Mango, uno de los grupos de moda m\u00e1s grandes de Europa con casi 2.800 tiendas repartidas En Sonora en Equipo publicamos toda la informaci\u00f3n de Sonora, M\u00e9xico y el Mundo de manera oportuna y busca que la libertad de expresi\u00f3n sea real. Visita nuestro medio informativo publicado desde Hermosillo, Sonora. %\" \/>\n<meta property=\"og:url\" content=\"https:\/\/www.sonoraenequipo.com.mx\/fallece-isak-andi-fundador-de-la-marca-de-ropa-mango\/\" \/>\n<meta property=\"og:site_name\" content=\"Sonora en Equipo.\" \/>\n<meta property=\"article:publisher\" content=\"https:\/\/www.facebook.com\/SonoraEE\/\" \/>\n<meta property=\"article:author\" content=\"https:\/\/www.facebook.com\/SonoraEE\" \/>\n<meta property=\"article:published_time\" content=\"2024-12-14T22:24:52+00:00\" \/>\n<meta property=\"article:modified_time\" content=\"2024-12-14T22:28:34+00:00\" \/>\n<meta property=\"og:image\" content=\"https:\/\/www.sonoraenequipo.com.mx\/storage\/2024\/12\/mango.jpg\" \/>\n\t<meta property=\"og:image:width\" content=\"600\" \/>\n\t<meta property=\"og:image:height\" content=\"400\" \/>\n\t<meta property=\"og:image:type\" content=\"image\/jpeg\" \/>\n<meta name=\"author\" content=\"enequipo\" \/>\n<meta name=\"twitter:card\" content=\"summary_large_image\" \/>\n<meta name=\"twitter:creator\" content=\"@sonoraenequipo\" \/>\n<meta name=\"twitter:site\" content=\"@sonoraenequipo\" \/>\n<meta name=\"twitter:label1\" content=\"Escrito por\" \/>\n\t<meta name=\"twitter:data1\" content=\"enequipo\" \/>\n\t<meta name=\"twitter:label2\" content=\"Tiempo de lectura\" \/>\n\t<meta name=\"twitter:data2\" content=\"2 minutos\" \/>\n<script type=\"application\/ld+json\" class=\"yoast-schema-graph\">{\"@context\":\"https:\/\/schema.org\",\"@graph\":[{\"@type\":\"Article\",\"@id\":\"https:\/\/www.sonoraenequipo.com.mx\/fallece-isak-andi-fundador-de-la-marca-de-ropa-mango\/#article\",\"isPartOf\":{\"@id\":\"https:\/\/www.sonoraenequipo.com.mx\/fallece-isak-andi-fundador-de-la-marca-de-ropa-mango\/\"},\"author\":{\"name\":\"enequipo\",\"@id\":\"https:\/\/www.sonoraenequipo.com.mx\/#\/schema\/person\/50102df0fb23a8fa9e8effad8fa81386\"},\"headline\":\"Fallece Isak Andic fundador de la marca de ropa Mango\",\"datePublished\":\"2024-12-14T22:24:52+00:00\",\"dateModified\":\"2024-12-14T22:28:34+00:00\",\"mainEntityOfPage\":{\"@id\":\"https:\/\/www.sonoraenequipo.com.mx\/fallece-isak-andi-fundador-de-la-marca-de-ropa-mango\/\"},\"wordCount\":417,\"commentCount\":0,\"publisher\":{\"@id\":\"https:\/\/www.sonoraenequipo.com.mx\/#organization\"},\"image\":{\"@id\":\"https:\/\/www.sonoraenequipo.com.mx\/fallece-isak-andi-fundador-de-la-marca-de-ropa-mango\/#primaryimage\"},\"thumbnailUrl\":\"https:\/\/www.sonoraenequipo.com.mx\/storage\/2024\/12\/mango.jpg\",\"keywords\":[\"isak Andi\"],\"articleSection\":[\"Showbiz\"],\"inLanguage\":\"es\",\"potentialAction\":[{\"@type\":\"CommentAction\",\"name\":\"Comment\",\"target\":[\"https:\/\/www.sonoraenequipo.com.mx\/fallece-isak-andi-fundador-de-la-marca-de-ropa-mango\/#respond\"]}]},{\"@type\":\"WebPage\",\"@id\":\"https:\/\/www.sonoraenequipo.com.mx\/fallece-isak-andi-fundador-de-la-marca-de-ropa-mango\/\",\"url\":\"https:\/\/www.sonoraenequipo.com.mx\/fallece-isak-andi-fundador-de-la-marca-de-ropa-mango\/\",\"name\":\"Sonora en Equipo. Fallece Isak Andic fundador de la marca de ropa Mango Showbiz\",\"isPartOf\":{\"@id\":\"https:\/\/www.sonoraenequipo.com.mx\/#website\"},\"primaryImageOfPage\":{\"@id\":\"https:\/\/www.sonoraenequipo.com.mx\/fallece-isak-andi-fundador-de-la-marca-de-ropa-mango\/#primaryimage\"},\"image\":{\"@id\":\"https:\/\/www.sonoraenequipo.com.mx\/fallece-isak-andi-fundador-de-la-marca-de-ropa-mango\/#primaryimage\"},\"thumbnailUrl\":\"https:\/\/www.sonoraenequipo.com.mx\/storage\/2024\/12\/mango.jpg\",\"datePublished\":\"2024-12-14T22:24:52+00:00\",\"dateModified\":\"2024-12-14T22:28:34+00:00\",\"description\":\"Isak Andic, de 71 a\u00f1os, el fundador de la cadena espa\u00f1ola de ropa Mango, uno de los grupos de moda m\u00e1s grandes de Europa con casi 2.800 tiendas repartidas En Sonora en Equipo publicamos toda la informaci\u00f3n de Sonora, M\u00e9xico y el Mundo de manera oportuna y busca que la libertad de expresi\u00f3n sea real. Visita nuestro medio informativo publicado desde Hermosillo, Sonora. %\",\"breadcrumb\":{\"@id\":\"https:\/\/www.sonoraenequipo.com.mx\/fallece-isak-andi-fundador-de-la-marca-de-ropa-mango\/#breadcrumb\"},\"inLanguage\":\"es\",\"potentialAction\":[{\"@type\":\"ReadAction\",\"target\":[\"https:\/\/www.sonoraenequipo.com.mx\/fallece-isak-andi-fundador-de-la-marca-de-ropa-mango\/\"]}]},{\"@type\":\"ImageObject\",\"inLanguage\":\"es\",\"@id\":\"https:\/\/www.sonoraenequipo.com.mx\/fallece-isak-andi-fundador-de-la-marca-de-ropa-mango\/#primaryimage\",\"url\":\"https:\/\/www.sonoraenequipo.com.mx\/storage\/2024\/12\/mango.jpg\",\"contentUrl\":\"https:\/\/www.sonoraenequipo.com.mx\/storage\/2024\/12\/mango.jpg\",\"width\":600,\"height\":400},{\"@type\":\"BreadcrumbList\",\"@id\":\"https:\/\/www.sonoraenequipo.com.mx\/fallece-isak-andi-fundador-de-la-marca-de-ropa-mango\/#breadcrumb\",\"itemListElement\":[{\"@type\":\"ListItem\",\"position\":1,\"name\":\"Portada\",\"item\":\"https:\/\/www.sonoraenequipo.com.mx\/\"},{\"@type\":\"ListItem\",\"position\":2,\"name\":\"Fallece Isak Andic fundador de la marca de ropa Mango\"}]},{\"@type\":\"WebSite\",\"@id\":\"https:\/\/www.sonoraenequipo.com.mx\/#website\",\"url\":\"https:\/\/www.sonoraenequipo.com.mx\/\",\"name\":\"Sonora en Equipo.\",\"description\":\"Diario en l\u00ednea con Noticias desde Hermosillo, Sonora\",\"publisher\":{\"@id\":\"https:\/\/www.sonoraenequipo.com.mx\/#organization\"},\"potentialAction\":[{\"@type\":\"SearchAction\",\"target\":{\"@type\":\"EntryPoint\",\"urlTemplate\":\"https:\/\/www.sonoraenequipo.com.mx\/?s={search_term_string}\"},\"query-input\":{\"@type\":\"PropertyValueSpecification\",\"valueRequired\":true,\"valueName\":\"search_term_string\"}}],\"inLanguage\":\"es\"},{\"@type\":\"Organization\",\"@id\":\"https:\/\/www.sonoraenequipo.com.mx\/#organization\",\"name\":\"Sonoraenequipo.com.mx\",\"url\":\"https:\/\/www.sonoraenequipo.com.mx\/\",\"logo\":{\"@type\":\"ImageObject\",\"inLanguage\":\"es\",\"@id\":\"https:\/\/www.sonoraenequipo.com.mx\/#\/schema\/logo\/image\/\",\"url\":\"https:\/\/www.sonoraenequipo.com.mx\/storage\/2019\/01\/sonoraenequipo_opt.png\",\"contentUrl\":\"https:\/\/www.sonoraenequipo.com.mx\/storage\/2019\/01\/sonoraenequipo_opt.png\",\"width\":375,\"height\":125,\"caption\":\"Sonoraenequipo.com.mx\"},\"image\":{\"@id\":\"https:\/\/www.sonoraenequipo.com.mx\/#\/schema\/logo\/image\/\"},\"sameAs\":[\"https:\/\/www.facebook.com\/SonoraEE\/\",\"https:\/\/x.com\/sonoraenequipo\",\"https:\/\/www.youtube.com\/channel\/UC338nW-lPEYmJQs4ZABQ1SQ\"]},{\"@type\":\"Person\",\"@id\":\"https:\/\/www.sonoraenequipo.com.mx\/#\/schema\/person\/50102df0fb23a8fa9e8effad8fa81386\",\"name\":\"enequipo\",\"image\":{\"@type\":\"ImageObject\",\"inLanguage\":\"es\",\"@id\":\"https:\/\/www.sonoraenequipo.com.mx\/#\/schema\/person\/image\/\",\"url\":\"https:\/\/secure.gravatar.com\/avatar\/049821681b589dabc0bc20695993ccebb09f5b5d4d790cd9251b97faac7c652b?s=96&d=blank&r=g\",\"contentUrl\":\"https:\/\/secure.gravatar.com\/avatar\/049821681b589dabc0bc20695993ccebb09f5b5d4d790cd9251b97faac7c652b?s=96&d=blank&r=g\",\"caption\":\"enequipo\"},\"sameAs\":[\"https:\/\/www.facebook.com\/SonoraEE\"]}]}<\/script>\n ","yoast_head_json":{"title":"Sonora en Equipo. Fallece Isak Andic fundador de la marca de ropa Mango Showbiz","description":"Isak Andic, de 71 a\u00f1os, el fundador de la cadena espa\u00f1ola de ropa Mango, uno de los grupos de moda m\u00e1s grandes de Europa con casi 2.800 tiendas repartidas En Sonora en Equipo publicamos toda la informaci\u00f3n de Sonora, M\u00e9xico y el Mundo de manera oportuna y busca que la libertad de expresi\u00f3n sea real. Visita nuestro medio informativo publicado desde Hermosillo, Sonora. %","robots":{"index":"index","follow":"follow","max-snippet":"max-snippet:-1","max-image-preview":"max-image-preview:large","max-video-preview":"max-video-preview:-1"},"canonical":"https:\/\/www.sonoraenequipo.com.mx\/fallece-isak-andi-fundador-de-la-marca-de-ropa-mango\/","og_locale":"es_ES","og_type":"article","og_title":"Sonora en Equipo. Fallece Isak Andic fundador de la marca de ropa Mango Showbiz","og_description":"Isak Andic, de 71 a\u00f1os, el fundador de la cadena espa\u00f1ola de ropa Mango, uno de los grupos de moda m\u00e1s grandes de Europa con casi 2.800 tiendas repartidas En Sonora en Equipo publicamos toda la informaci\u00f3n de Sonora, M\u00e9xico y el Mundo de manera oportuna y busca que la libertad de expresi\u00f3n sea real. Visita nuestro medio informativo publicado desde Hermosillo, Sonora. %","og_url":"https:\/\/www.sonoraenequipo.com.mx\/fallece-isak-andi-fundador-de-la-marca-de-ropa-mango\/","og_site_name":"Sonora en Equipo.","article_publisher":"https:\/\/www.facebook.com\/SonoraEE\/","article_author":"https:\/\/www.facebook.com\/SonoraEE","article_published_time":"2024-12-14T22:24:52+00:00","article_modified_time":"2024-12-14T22:28:34+00:00","og_image":[{"width":600,"height":400,"url":"https:\/\/www.sonoraenequipo.com.mx\/storage\/2024\/12\/mango.jpg","type":"image\/jpeg"}],"author":"enequipo","twitter_card":"summary_large_image","twitter_creator":"@sonoraenequipo","twitter_site":"@sonoraenequipo","twitter_misc":{"Escrito por":"enequipo","Tiempo de lectura":"2 minutos"},"schema":{"@context":"https:\/\/schema.org","@graph":[{"@type":"Article","@id":"https:\/\/www.sonoraenequipo.com.mx\/fallece-isak-andi-fundador-de-la-marca-de-ropa-mango\/#article","isPartOf":{"@id":"https:\/\/www.sonoraenequipo.com.mx\/fallece-isak-andi-fundador-de-la-marca-de-ropa-mango\/"},"author":{"name":"enequipo","@id":"https:\/\/www.sonoraenequipo.com.mx\/#\/schema\/person\/50102df0fb23a8fa9e8effad8fa81386"},"headline":"Fallece Isak Andic fundador de la marca de ropa Mango","datePublished":"2024-12-14T22:24:52+00:00","dateModified":"2024-12-14T22:28:34+00:00","mainEntityOfPage":{"@id":"https:\/\/www.sonoraenequipo.com.mx\/fallece-isak-andi-fundador-de-la-marca-de-ropa-mango\/"},"wordCount":417,"commentCount":0,"publisher":{"@id":"https:\/\/www.sonoraenequipo.com.mx\/#organization"},"image":{"@id":"https:\/\/www.sonoraenequipo.com.mx\/fallece-isak-andi-fundador-de-la-marca-de-ropa-mango\/#primaryimage"},"thumbnailUrl":"https:\/\/www.sonoraenequipo.com.mx\/storage\/2024\/12\/mango.jpg","keywords":["isak Andi"],"articleSection":["Showbiz"],"inLanguage":"es","potentialAction":[{"@type":"CommentAction","name":"Comment","target":["https:\/\/www.sonoraenequipo.com.mx\/fallece-isak-andi-fundador-de-la-marca-de-ropa-mango\/#respond"]}]},{"@type":"WebPage","@id":"https:\/\/www.sonoraenequipo.com.mx\/fallece-isak-andi-fundador-de-la-marca-de-ropa-mango\/","url":"https:\/\/www.sonoraenequipo.com.mx\/fallece-isak-andi-fundador-de-la-marca-de-ropa-mango\/","name":"Sonora en Equipo. Fallece Isak Andic fundador de la marca de ropa Mango Showbiz","isPartOf":{"@id":"https:\/\/www.sonoraenequipo.com.mx\/#website"},"primaryImageOfPage":{"@id":"https:\/\/www.sonoraenequipo.com.mx\/fallece-isak-andi-fundador-de-la-marca-de-ropa-mango\/#primaryimage"},"image":{"@id":"https:\/\/www.sonoraenequipo.com.mx\/fallece-isak-andi-fundador-de-la-marca-de-ropa-mango\/#primaryimage"},"thumbnailUrl":"https:\/\/www.sonoraenequipo.com.mx\/storage\/2024\/12\/mango.jpg","datePublished":"2024-12-14T22:24:52+00:00","dateModified":"2024-12-14T22:28:34+00:00","description":"Isak Andic, de 71 a\u00f1os, el fundador de la cadena espa\u00f1ola de ropa Mango, uno de los grupos de moda m\u00e1s grandes de Europa con casi 2.800 tiendas repartidas En Sonora en Equipo publicamos toda la informaci\u00f3n de Sonora, M\u00e9xico y el Mundo de manera oportuna y busca que la libertad de expresi\u00f3n sea real. Visita nuestro medio informativo publicado desde Hermosillo, Sonora. %","breadcrumb":{"@id":"https:\/\/www.sonoraenequipo.com.mx\/fallece-isak-andi-fundador-de-la-marca-de-ropa-mango\/#breadcrumb"},"inLanguage":"es","potentialAction":[{"@type":"ReadAction","target":["https:\/\/www.sonoraenequipo.com.mx\/fallece-isak-andi-fundador-de-la-marca-de-ropa-mango\/"]}]},{"@type":"ImageObject","inLanguage":"es","@id":"https:\/\/www.sonoraenequipo.com.mx\/fallece-isak-andi-fundador-de-la-marca-de-ropa-mango\/#primaryimage","url":"https:\/\/www.sonoraenequipo.com.mx\/storage\/2024\/12\/mango.jpg","contentUrl":"https:\/\/www.sonoraenequipo.com.mx\/storage\/2024\/12\/mango.jpg","width":600,"height":400},{"@type":"BreadcrumbList","@id":"https:\/\/www.sonoraenequipo.com.mx\/fallece-isak-andi-fundador-de-la-marca-de-ropa-mango\/#breadcrumb","itemListElement":[{"@type":"ListItem","position":1,"name":"Portada","item":"https:\/\/www.sonoraenequipo.com.mx\/"},{"@type":"ListItem","position":2,"name":"Fallece Isak Andic fundador de la marca de ropa Mango"}]},{"@type":"WebSite","@id":"https:\/\/www.sonoraenequipo.com.mx\/#website","url":"https:\/\/www.sonoraenequipo.com.mx\/","name":"Sonora en Equipo.","description":"Diario en l\u00ednea con Noticias desde Hermosillo, Sonora","publisher":{"@id":"https:\/\/www.sonoraenequipo.com.mx\/#organization"},"potentialAction":[{"@type":"SearchAction","target":{"@type":"EntryPoint","urlTemplate":"https:\/\/www.sonoraenequipo.com.mx\/?s={search_term_string}"},"query-input":{"@type":"PropertyValueSpecification","valueRequired":true,"valueName":"search_term_string"}}],"inLanguage":"es"},{"@type":"Organization","@id":"https:\/\/www.sonoraenequipo.com.mx\/#organization","name":"Sonoraenequipo.com.mx","url":"https:\/\/www.sonoraenequipo.com.mx\/","logo":{"@type":"ImageObject","inLanguage":"es","@id":"https:\/\/www.sonoraenequipo.com.mx\/#\/schema\/logo\/image\/","url":"https:\/\/www.sonoraenequipo.com.mx\/storage\/2019\/01\/sonoraenequipo_opt.png","contentUrl":"https:\/\/www.sonoraenequipo.com.mx\/storage\/2019\/01\/sonoraenequipo_opt.png","width":375,"height":125,"caption":"Sonoraenequipo.com.mx"},"image":{"@id":"https:\/\/www.sonoraenequipo.com.mx\/#\/schema\/logo\/image\/"},"sameAs":["https:\/\/www.facebook.com\/SonoraEE\/","https:\/\/x.com\/sonoraenequipo","https:\/\/www.youtube.com\/channel\/UC338nW-lPEYmJQs4ZABQ1SQ"]},{"@type":"Person","@id":"https:\/\/www.sonoraenequipo.com.mx\/#\/schema\/person\/50102df0fb23a8fa9e8effad8fa81386","name":"enequipo","image":{"@type":"ImageObject","inLanguage":"es","@id":"https:\/\/www.sonoraenequipo.com.mx\/#\/schema\/person\/image\/","url":"https:\/\/secure.gravatar.com\/avatar\/049821681b589dabc0bc20695993ccebb09f5b5d4d790cd9251b97faac7c652b?s=96&d=blank&r=g","contentUrl":"https:\/\/secure.gravatar.com\/avatar\/049821681b589dabc0bc20695993ccebb09f5b5d4d790cd9251b97faac7c652b?s=96&d=blank&r=g","caption":"enequipo"},"sameAs":["https:\/\/www.facebook.com\/SonoraEE"]}]}},"jetpack_featured_media_url":"https:\/\/www.sonoraenequipo.com.mx\/storage\/2024\/12\/mango.jpg","_links":{"self":[{"href":"https:\/\/www.sonoraenequipo.com.mx\/api\/wp\/v2\/posts\/206221","targetHints":{"allow":["GET"]}}],"collection":[{"href":"https:\/\/www.sonoraenequipo.com.mx\/api\/wp\/v2\/posts"}],"about":[{"href":"https:\/\/www.sonoraenequipo.com.mx\/api\/wp\/v2\/types\/post"}],"author":[{"embeddable":true,"href":"https:\/\/www.sonoraenequipo.com.mx\/api\/wp\/v2\/users\/1"}],"replies":[{"embeddable":true,"href":"https:\/\/www.sonoraenequipo.com.mx\/api\/wp\/v2\/comments?post=206221"}],"version-history":[{"count":2,"href":"https:\/\/www.sonoraenequipo.com.mx\/api\/wp\/v2\/posts\/206221\/revisions"}],"predecessor-version":[{"id":206225,"href":"https:\/\/www.sonoraenequipo.com.mx\/api\/wp\/v2\/posts\/206221\/revisions\/206225"}],"wp:featuredmedia":[{"embeddable":true,"href":"https:\/\/www.sonoraenequipo.com.mx\/api\/wp\/v2\/media\/206222"}],"wp:attachment":[{"href":"https:\/\/www.sonoraenequipo.com.mx\/api\/wp\/v2\/media?parent=206221"}],"wp:term":[{"taxonomy":"category","embeddable":true,"href":"https:\/\/www.sonoraenequipo.com.mx\/api\/wp\/v2\/categories?post=206221"},{"taxonomy":"post_tag","embeddable":true,"href":"https:\/\/www.sonoraenequipo.com.mx\/api\/wp\/v2\/tags?post=206221"}],"curies":[{"name":"wp","href":"https:\/\/api.w.org\/{rel}","templated":true}]}}