{"id":206227,"date":"2024-12-14T15:38:00","date_gmt":"2024-12-14T22:38:00","guid":{"rendered":"https:\/\/www.sonoraenequipo.com.mx\/?p=206227"},"modified":"2024-12-14T15:38:00","modified_gmt":"2024-12-14T22:38:00","slug":"fortalece-utguaymas-colaboracion-con-empresa-del-sector-aeroespacial","status":"publish","type":"post","link":"https:\/\/www.sonoraenequipo.com.mx\/fortalece-utguaymas-colaboracion-con-empresa-del-sector-aeroespacial\/","title":{"rendered":"Fortalece UTGuaymas colaboraci\u00f3n con empresa del sector aeroespacial"},"content":{"rendered":"<p>&nbsp;<\/p>\n<p><strong>GUAYMAS, SONORA, MX.<\/strong><strong> \u0336 \u0336\u00a0 <\/strong>Con el objetivo de consolidar el desarrollo de talento tecnol\u00f3gico en la regi\u00f3n, la Universidad Tecnol\u00f3gica de Guaymas (UTG) y Consolidated Precision Products (CPP) implementar\u00e1n acciones coordinadas que fortalezcan la vinculaci\u00f3n entre los sectores educativo e industrial, inform\u00f3 Javier Carrizales Salazar.<\/p>\n<p>&nbsp;<\/p>\n<p>&nbsp;<\/p>\n<p>&nbsp;<\/p>\n<p>El rector de la UTG se reuni\u00f3 con James Stewart, CEO de CPP y un equipo de alto nivel de la empresa internacional dedicada al sector aeroespacial, para explorar nuevos esquemas de colaboraci\u00f3n que permita al alumnado obtener las habilidades adecuadas para destacar en el mercado laboral actual.<\/p>\n<p>&nbsp;<\/p>\n<p>&nbsp;<\/p>\n<p>&nbsp;<\/p>\n<p>Este encuentro, destac\u00f3 Carrizales Salazar, representa un paso clave en la colaboraci\u00f3n entre ambas instituciones, que trabajan en conjunto para desarrollar programas tecnol\u00f3gicos avanzados y capacitar a mano de obra especializada en tecnolog\u00edas de punta.<\/p>\n<p>&nbsp;<\/p>\n<p>&nbsp;<\/p>\n<p>&nbsp;<\/p>\n<p>En su visita a los laboratorios de la UTG, James Stewart pudo observar de cerca las \u00e1reas donde los estudiantes llevan a cabo las pr\u00e1cticas en soldadura TIG y Rayos X, mismas que son de gran relevancia para los sectores aeroespacial y manufacturero.<\/p>\n<p>&nbsp;<\/p>\n<p>&nbsp;<\/p>\n<p>&nbsp;<\/p>\n<p>\u201cEs admirable el compromiso de la universidad en la formaci\u00f3n de j\u00f3venes con habilidades t\u00e9cnicas avanzadas. Estas iniciativas son fundamentales para garantizar el progreso de la industria\u201d, coment\u00f3 el CEO de CPP, quien result\u00f3 la influencia positiva que la universidad tiene en la regi\u00f3n.<\/p>\n<p>&nbsp;<\/p>\n<p>&nbsp;<\/p>\n<p>&nbsp;<\/p>\n<p>Ambos directivos coincidieron en la importancia de impulsar la innovaci\u00f3n tecnol\u00f3gica y mejorar la preparaci\u00f3n profesional para consolidar a Guaymas como un referente en la formaci\u00f3n de talento especializado y en el desarrollo industrial, generando nuevas oportunidades tanto para los estudiantes como para el crecimiento econ\u00f3mico de Sonora.<\/p>\n<p><strong>Fecha de publicaci\u00f3n s\u00e1bado 14 de diciembre de 2024 \/<\/strong><\/p>\n","protected":false},"excerpt":{"rendered":"<p>&nbsp; GUAYMAS, SONORA, MX. \u0336 \u0336\u00a0 Con el objetivo de consolidar el desarrollo de talento&#8230;<\/p>\n","protected":false},"author":1,"featured_media":156246,"comment_status":"open","ping_status":"open","sticky":false,"template":"","format":"standard","meta":{"_monsterinsights_skip_tracking":false,"_monsterinsights_sitenote_active":false,"_monsterinsights_sitenote_note":"","_monsterinsights_sitenote_category":0,"footnotes":""},"categories":[2216],"tags":[10623,9774],"class_list":["post"],"yoast_head":" \n<title>Sonora en Equipo. Fortalece UTGuaymas colaboraci\u00f3n con empresa del sector aeroespacial Ciencia y Tecnolog\u00eda<\/title>\n<meta name=\"description\" content=\"&nbsp; GUAYMAS, SONORA, MX. \u0336 \u0336\u00a0 Con el objetivo de consolidar el desarrollo de talento tecnol\u00f3gico en la regi\u00f3n, la Universidad Tecnol\u00f3gica de Guaymas En Sonora en Equipo publicamos toda la informaci\u00f3n de Sonora, M\u00e9xico y el Mundo de manera oportuna y busca que la libertad de expresi\u00f3n sea real. Visita nuestro medio informativo publicado desde Hermosillo, Sonora. %\" \/>\n<meta name=\"robots\" content=\"index, follow, max-snippet:-1, max-image-preview:large, max-video-preview:-1\" \/>\n<link rel=\"canonical\" href=\"https:\/\/www.sonoraenequipo.com.mx\/fortalece-utguaymas-colaboracion-con-empresa-del-sector-aeroespacial\/\" \/>\n<meta property=\"og:locale\" content=\"es_ES\" \/>\n<meta property=\"og:type\" content=\"article\" \/>\n<meta property=\"og:title\" content=\"Sonora en Equipo. Fortalece UTGuaymas colaboraci\u00f3n con empresa del sector aeroespacial Ciencia y Tecnolog\u00eda\" \/>\n<meta property=\"og:description\" content=\"&nbsp; GUAYMAS, SONORA, MX. \u0336 \u0336\u00a0 Con el objetivo de consolidar el desarrollo de talento tecnol\u00f3gico en la regi\u00f3n, la Universidad Tecnol\u00f3gica de Guaymas En Sonora en Equipo publicamos toda la informaci\u00f3n de Sonora, M\u00e9xico y el Mundo de manera oportuna y busca que la libertad de expresi\u00f3n sea real. Visita nuestro medio informativo publicado desde Hermosillo, Sonora. %\" \/>\n<meta property=\"og:url\" content=\"https:\/\/www.sonoraenequipo.com.mx\/fortalece-utguaymas-colaboracion-con-empresa-del-sector-aeroespacial\/\" \/>\n<meta property=\"og:site_name\" content=\"Sonora en Equipo.\" \/>\n<meta property=\"article:publisher\" content=\"https:\/\/www.facebook.com\/SonoraEE\/\" \/>\n<meta property=\"article:author\" content=\"https:\/\/www.facebook.com\/SonoraEE\" \/>\n<meta property=\"article:published_time\" content=\"2024-12-14T22:38:00+00:00\" \/>\n<meta property=\"og:image\" content=\"https:\/\/www.sonoraenequipo.com.mx\/storage\/2023\/01\/Sonora-sera-sede-de-asamblea-nacional-aeroespacial-2301.09.jpg\" \/>\n\t<meta property=\"og:image:width\" content=\"900\" \/>\n\t<meta property=\"og:image:height\" content=\"514\" \/>\n\t<meta property=\"og:image:type\" content=\"image\/jpeg\" \/>\n<meta name=\"author\" content=\"enequipo\" \/>\n<meta name=\"twitter:card\" content=\"summary_large_image\" \/>\n<meta name=\"twitter:creator\" content=\"@sonoraenequipo\" \/>\n<meta name=\"twitter:site\" content=\"@sonoraenequipo\" \/>\n<meta name=\"twitter:label1\" content=\"Escrito por\" \/>\n\t<meta name=\"twitter:data1\" content=\"enequipo\" \/>\n\t<meta name=\"twitter:label2\" content=\"Tiempo de lectura\" \/>\n\t<meta name=\"twitter:data2\" content=\"2 minutos\" \/>\n<script type=\"application\/ld+json\" class=\"yoast-schema-graph\">{\"@context\":\"https:\/\/schema.org\",\"@graph\":[{\"@type\":\"Article\",\"@id\":\"https:\/\/www.sonoraenequipo.com.mx\/fortalece-utguaymas-colaboracion-con-empresa-del-sector-aeroespacial\/#article\",\"isPartOf\":{\"@id\":\"https:\/\/www.sonoraenequipo.com.mx\/fortalece-utguaymas-colaboracion-con-empresa-del-sector-aeroespacial\/\"},\"author\":{\"name\":\"enequipo\",\"@id\":\"https:\/\/www.sonoraenequipo.com.mx\/#\/schema\/person\/50102df0fb23a8fa9e8effad8fa81386\"},\"headline\":\"Fortalece UTGuaymas colaboraci\u00f3n con empresa del sector aeroespacial\",\"datePublished\":\"2024-12-14T22:38:00+00:00\",\"mainEntityOfPage\":{\"@id\":\"https:\/\/www.sonoraenequipo.com.mx\/fortalece-utguaymas-colaboracion-con-empresa-del-sector-aeroespacial\/\"},\"wordCount\":315,\"commentCount\":0,\"publisher\":{\"@id\":\"https:\/\/www.sonoraenequipo.com.mx\/#organization\"},\"image\":{\"@id\":\"https:\/\/www.sonoraenequipo.com.mx\/fortalece-utguaymas-colaboracion-con-empresa-del-sector-aeroespacial\/#primaryimage\"},\"thumbnailUrl\":\"https:\/\/www.sonoraenequipo.com.mx\/storage\/2023\/01\/Sonora-sera-sede-de-asamblea-nacional-aeroespacial-2301.09.jpg\",\"keywords\":[\"sectoraeroespacial\",\"ut guaymas\"],\"articleSection\":[\"Ciencia y Tecnolog\u00eda\"],\"inLanguage\":\"es\",\"potentialAction\":[{\"@type\":\"CommentAction\",\"name\":\"Comment\",\"target\":[\"https:\/\/www.sonoraenequipo.com.mx\/fortalece-utguaymas-colaboracion-con-empresa-del-sector-aeroespacial\/#respond\"]}]},{\"@type\":\"WebPage\",\"@id\":\"https:\/\/www.sonoraenequipo.com.mx\/fortalece-utguaymas-colaboracion-con-empresa-del-sector-aeroespacial\/\",\"url\":\"https:\/\/www.sonoraenequipo.com.mx\/fortalece-utguaymas-colaboracion-con-empresa-del-sector-aeroespacial\/\",\"name\":\"Sonora en Equipo. Fortalece UTGuaymas colaboraci\u00f3n con empresa del sector aeroespacial Ciencia y Tecnolog\u00eda\",\"isPartOf\":{\"@id\":\"https:\/\/www.sonoraenequipo.com.mx\/#website\"},\"primaryImageOfPage\":{\"@id\":\"https:\/\/www.sonoraenequipo.com.mx\/fortalece-utguaymas-colaboracion-con-empresa-del-sector-aeroespacial\/#primaryimage\"},\"image\":{\"@id\":\"https:\/\/www.sonoraenequipo.com.mx\/fortalece-utguaymas-colaboracion-con-empresa-del-sector-aeroespacial\/#primaryimage\"},\"thumbnailUrl\":\"https:\/\/www.sonoraenequipo.com.mx\/storage\/2023\/01\/Sonora-sera-sede-de-asamblea-nacional-aeroespacial-2301.09.jpg\",\"datePublished\":\"2024-12-14T22:38:00+00:00\",\"description\":\"&nbsp; GUAYMAS, SONORA, MX. \u0336 \u0336\u00a0 Con el objetivo de consolidar el desarrollo de talento tecnol\u00f3gico en la regi\u00f3n, la Universidad Tecnol\u00f3gica de Guaymas En Sonora en Equipo publicamos toda la informaci\u00f3n de Sonora, M\u00e9xico y el Mundo de manera oportuna y busca que la libertad de expresi\u00f3n sea real. Visita nuestro medio informativo publicado desde Hermosillo, Sonora. %\",\"breadcrumb\":{\"@id\":\"https:\/\/www.sonoraenequipo.com.mx\/fortalece-utguaymas-colaboracion-con-empresa-del-sector-aeroespacial\/#breadcrumb\"},\"inLanguage\":\"es\",\"potentialAction\":[{\"@type\":\"ReadAction\",\"target\":[\"https:\/\/www.sonoraenequipo.com.mx\/fortalece-utguaymas-colaboracion-con-empresa-del-sector-aeroespacial\/\"]}]},{\"@type\":\"ImageObject\",\"inLanguage\":\"es\",\"@id\":\"https:\/\/www.sonoraenequipo.com.mx\/fortalece-utguaymas-colaboracion-con-empresa-del-sector-aeroespacial\/#primaryimage\",\"url\":\"https:\/\/www.sonoraenequipo.com.mx\/storage\/2023\/01\/Sonora-sera-sede-de-asamblea-nacional-aeroespacial-2301.09.jpg\",\"contentUrl\":\"https:\/\/www.sonoraenequipo.com.mx\/storage\/2023\/01\/Sonora-sera-sede-de-asamblea-nacional-aeroespacial-2301.09.jpg\",\"width\":900,\"height\":514,\"caption\":\"imagen de archivo\"},{\"@type\":\"BreadcrumbList\",\"@id\":\"https:\/\/www.sonoraenequipo.com.mx\/fortalece-utguaymas-colaboracion-con-empresa-del-sector-aeroespacial\/#breadcrumb\",\"itemListElement\":[{\"@type\":\"ListItem\",\"position\":1,\"name\":\"Portada\",\"item\":\"https:\/\/www.sonoraenequipo.com.mx\/\"},{\"@type\":\"ListItem\",\"position\":2,\"name\":\"Fortalece UTGuaymas colaboraci\u00f3n con empresa del sector aeroespacial\"}]},{\"@type\":\"WebSite\",\"@id\":\"https:\/\/www.sonoraenequipo.com.mx\/#website\",\"url\":\"https:\/\/www.sonoraenequipo.com.mx\/\",\"name\":\"Sonora en Equipo.\",\"description\":\"Diario en l\u00ednea con Noticias desde Hermosillo, Sonora\",\"publisher\":{\"@id\":\"https:\/\/www.sonoraenequipo.com.mx\/#organization\"},\"potentialAction\":[{\"@type\":\"SearchAction\",\"target\":{\"@type\":\"EntryPoint\",\"urlTemplate\":\"https:\/\/www.sonoraenequipo.com.mx\/?s={search_term_string}\"},\"query-input\":{\"@type\":\"PropertyValueSpecification\",\"valueRequired\":true,\"valueName\":\"search_term_string\"}}],\"inLanguage\":\"es\"},{\"@type\":\"Organization\",\"@id\":\"https:\/\/www.sonoraenequipo.com.mx\/#organization\",\"name\":\"Sonoraenequipo.com.mx\",\"url\":\"https:\/\/www.sonoraenequipo.com.mx\/\",\"logo\":{\"@type\":\"ImageObject\",\"inLanguage\":\"es\",\"@id\":\"https:\/\/www.sonoraenequipo.com.mx\/#\/schema\/logo\/image\/\",\"url\":\"https:\/\/www.sonoraenequipo.com.mx\/storage\/2019\/01\/sonoraenequipo_opt.png\",\"contentUrl\":\"https:\/\/www.sonoraenequipo.com.mx\/storage\/2019\/01\/sonoraenequipo_opt.png\",\"width\":375,\"height\":125,\"caption\":\"Sonoraenequipo.com.mx\"},\"image\":{\"@id\":\"https:\/\/www.sonoraenequipo.com.mx\/#\/schema\/logo\/image\/\"},\"sameAs\":[\"https:\/\/www.facebook.com\/SonoraEE\/\",\"https:\/\/x.com\/sonoraenequipo\",\"https:\/\/www.youtube.com\/channel\/UC338nW-lPEYmJQs4ZABQ1SQ\"]},{\"@type\":\"Person\",\"@id\":\"https:\/\/www.sonoraenequipo.com.mx\/#\/schema\/person\/50102df0fb23a8fa9e8effad8fa81386\",\"name\":\"enequipo\",\"image\":{\"@type\":\"ImageObject\",\"inLanguage\":\"es\",\"@id\":\"https:\/\/www.sonoraenequipo.com.mx\/#\/schema\/person\/image\/\",\"url\":\"https:\/\/secure.gravatar.com\/avatar\/049821681b589dabc0bc20695993ccebb09f5b5d4d790cd9251b97faac7c652b?s=96&d=blank&r=g\",\"contentUrl\":\"https:\/\/secure.gravatar.com\/avatar\/049821681b589dabc0bc20695993ccebb09f5b5d4d790cd9251b97faac7c652b?s=96&d=blank&r=g\",\"caption\":\"enequipo\"},\"sameAs\":[\"https:\/\/www.facebook.com\/SonoraEE\"]}]}<\/script>\n ","yoast_head_json":{"title":"Sonora en Equipo. Fortalece UTGuaymas colaboraci\u00f3n con empresa del sector aeroespacial Ciencia y Tecnolog\u00eda","description":"&nbsp; GUAYMAS, SONORA, MX. \u0336 \u0336\u00a0 Con el objetivo de consolidar el desarrollo de talento tecnol\u00f3gico en la regi\u00f3n, la Universidad Tecnol\u00f3gica de Guaymas En Sonora en Equipo publicamos toda la informaci\u00f3n de Sonora, M\u00e9xico y el Mundo de manera oportuna y busca que la libertad de expresi\u00f3n sea real. Visita nuestro medio informativo publicado desde Hermosillo, Sonora. %","robots":{"index":"index","follow":"follow","max-snippet":"max-snippet:-1","max-image-preview":"max-image-preview:large","max-video-preview":"max-video-preview:-1"},"canonical":"https:\/\/www.sonoraenequipo.com.mx\/fortalece-utguaymas-colaboracion-con-empresa-del-sector-aeroespacial\/","og_locale":"es_ES","og_type":"article","og_title":"Sonora en Equipo. Fortalece UTGuaymas colaboraci\u00f3n con empresa del sector aeroespacial Ciencia y Tecnolog\u00eda","og_description":"&nbsp; GUAYMAS, SONORA, MX. \u0336 \u0336\u00a0 Con el objetivo de consolidar el desarrollo de talento tecnol\u00f3gico en la regi\u00f3n, la Universidad Tecnol\u00f3gica de Guaymas En Sonora en Equipo publicamos toda la informaci\u00f3n de Sonora, M\u00e9xico y el Mundo de manera oportuna y busca que la libertad de expresi\u00f3n sea real. Visita nuestro medio informativo publicado desde Hermosillo, Sonora. %","og_url":"https:\/\/www.sonoraenequipo.com.mx\/fortalece-utguaymas-colaboracion-con-empresa-del-sector-aeroespacial\/","og_site_name":"Sonora en Equipo.","article_publisher":"https:\/\/www.facebook.com\/SonoraEE\/","article_author":"https:\/\/www.facebook.com\/SonoraEE","article_published_time":"2024-12-14T22:38:00+00:00","og_image":[{"width":900,"height":514,"url":"https:\/\/www.sonoraenequipo.com.mx\/storage\/2023\/01\/Sonora-sera-sede-de-asamblea-nacional-aeroespacial-2301.09.jpg","type":"image\/jpeg"}],"author":"enequipo","twitter_card":"summary_large_image","twitter_creator":"@sonoraenequipo","twitter_site":"@sonoraenequipo","twitter_misc":{"Escrito por":"enequipo","Tiempo de lectura":"2 minutos"},"schema":{"@context":"https:\/\/schema.org","@graph":[{"@type":"Article","@id":"https:\/\/www.sonoraenequipo.com.mx\/fortalece-utguaymas-colaboracion-con-empresa-del-sector-aeroespacial\/#article","isPartOf":{"@id":"https:\/\/www.sonoraenequipo.com.mx\/fortalece-utguaymas-colaboracion-con-empresa-del-sector-aeroespacial\/"},"author":{"name":"enequipo","@id":"https:\/\/www.sonoraenequipo.com.mx\/#\/schema\/person\/50102df0fb23a8fa9e8effad8fa81386"},"headline":"Fortalece UTGuaymas colaboraci\u00f3n con empresa del sector aeroespacial","datePublished":"2024-12-14T22:38:00+00:00","mainEntityOfPage":{"@id":"https:\/\/www.sonoraenequipo.com.mx\/fortalece-utguaymas-colaboracion-con-empresa-del-sector-aeroespacial\/"},"wordCount":315,"commentCount":0,"publisher":{"@id":"https:\/\/www.sonoraenequipo.com.mx\/#organization"},"image":{"@id":"https:\/\/www.sonoraenequipo.com.mx\/fortalece-utguaymas-colaboracion-con-empresa-del-sector-aeroespacial\/#primaryimage"},"thumbnailUrl":"https:\/\/www.sonoraenequipo.com.mx\/storage\/2023\/01\/Sonora-sera-sede-de-asamblea-nacional-aeroespacial-2301.09.jpg","keywords":["sectoraeroespacial","ut guaymas"],"articleSection":["Ciencia y Tecnolog\u00eda"],"inLanguage":"es","potentialAction":[{"@type":"CommentAction","name":"Comment","target":["https:\/\/www.sonoraenequipo.com.mx\/fortalece-utguaymas-colaboracion-con-empresa-del-sector-aeroespacial\/#respond"]}]},{"@type":"WebPage","@id":"https:\/\/www.sonoraenequipo.com.mx\/fortalece-utguaymas-colaboracion-con-empresa-del-sector-aeroespacial\/","url":"https:\/\/www.sonoraenequipo.com.mx\/fortalece-utguaymas-colaboracion-con-empresa-del-sector-aeroespacial\/","name":"Sonora en Equipo. Fortalece UTGuaymas colaboraci\u00f3n con empresa del sector aeroespacial Ciencia y Tecnolog\u00eda","isPartOf":{"@id":"https:\/\/www.sonoraenequipo.com.mx\/#website"},"primaryImageOfPage":{"@id":"https:\/\/www.sonoraenequipo.com.mx\/fortalece-utguaymas-colaboracion-con-empresa-del-sector-aeroespacial\/#primaryimage"},"image":{"@id":"https:\/\/www.sonoraenequipo.com.mx\/fortalece-utguaymas-colaboracion-con-empresa-del-sector-aeroespacial\/#primaryimage"},"thumbnailUrl":"https:\/\/www.sonoraenequipo.com.mx\/storage\/2023\/01\/Sonora-sera-sede-de-asamblea-nacional-aeroespacial-2301.09.jpg","datePublished":"2024-12-14T22:38:00+00:00","description":"&nbsp; GUAYMAS, SONORA, MX. \u0336 \u0336\u00a0 Con el objetivo de consolidar el desarrollo de talento tecnol\u00f3gico en la regi\u00f3n, la Universidad Tecnol\u00f3gica de Guaymas En Sonora en Equipo publicamos toda la informaci\u00f3n de Sonora, M\u00e9xico y el Mundo de manera oportuna y busca que la libertad de expresi\u00f3n sea real. Visita nuestro medio informativo publicado desde Hermosillo, Sonora. %","breadcrumb":{"@id":"https:\/\/www.sonoraenequipo.com.mx\/fortalece-utguaymas-colaboracion-con-empresa-del-sector-aeroespacial\/#breadcrumb"},"inLanguage":"es","potentialAction":[{"@type":"ReadAction","target":["https:\/\/www.sonoraenequipo.com.mx\/fortalece-utguaymas-colaboracion-con-empresa-del-sector-aeroespacial\/"]}]},{"@type":"ImageObject","inLanguage":"es","@id":"https:\/\/www.sonoraenequipo.com.mx\/fortalece-utguaymas-colaboracion-con-empresa-del-sector-aeroespacial\/#primaryimage","url":"https:\/\/www.sonoraenequipo.com.mx\/storage\/2023\/01\/Sonora-sera-sede-de-asamblea-nacional-aeroespacial-2301.09.jpg","contentUrl":"https:\/\/www.sonoraenequipo.com.mx\/storage\/2023\/01\/Sonora-sera-sede-de-asamblea-nacional-aeroespacial-2301.09.jpg","width":900,"height":514,"caption":"imagen de archivo"},{"@type":"BreadcrumbList","@id":"https:\/\/www.sonoraenequipo.com.mx\/fortalece-utguaymas-colaboracion-con-empresa-del-sector-aeroespacial\/#breadcrumb","itemListElement":[{"@type":"ListItem","position":1,"name":"Portada","item":"https:\/\/www.sonoraenequipo.com.mx\/"},{"@type":"ListItem","position":2,"name":"Fortalece UTGuaymas colaboraci\u00f3n con empresa del sector aeroespacial"}]},{"@type":"WebSite","@id":"https:\/\/www.sonoraenequipo.com.mx\/#website","url":"https:\/\/www.sonoraenequipo.com.mx\/","name":"Sonora en Equipo.","description":"Diario en l\u00ednea con Noticias desde Hermosillo, Sonora","publisher":{"@id":"https:\/\/www.sonoraenequipo.com.mx\/#organization"},"potentialAction":[{"@type":"SearchAction","target":{"@type":"EntryPoint","urlTemplate":"https:\/\/www.sonoraenequipo.com.mx\/?s={search_term_string}"},"query-input":{"@type":"PropertyValueSpecification","valueRequired":true,"valueName":"search_term_string"}}],"inLanguage":"es"},{"@type":"Organization","@id":"https:\/\/www.sonoraenequipo.com.mx\/#organization","name":"Sonoraenequipo.com.mx","url":"https:\/\/www.sonoraenequipo.com.mx\/","logo":{"@type":"ImageObject","inLanguage":"es","@id":"https:\/\/www.sonoraenequipo.com.mx\/#\/schema\/logo\/image\/","url":"https:\/\/www.sonoraenequipo.com.mx\/storage\/2019\/01\/sonoraenequipo_opt.png","contentUrl":"https:\/\/www.sonoraenequipo.com.mx\/storage\/2019\/01\/sonoraenequipo_opt.png","width":375,"height":125,"caption":"Sonoraenequipo.com.mx"},"image":{"@id":"https:\/\/www.sonoraenequipo.com.mx\/#\/schema\/logo\/image\/"},"sameAs":["https:\/\/www.facebook.com\/SonoraEE\/","https:\/\/x.com\/sonoraenequipo","https:\/\/www.youtube.com\/channel\/UC338nW-lPEYmJQs4ZABQ1SQ"]},{"@type":"Person","@id":"https:\/\/www.sonoraenequipo.com.mx\/#\/schema\/person\/50102df0fb23a8fa9e8effad8fa81386","name":"enequipo","image":{"@type":"ImageObject","inLanguage":"es","@id":"https:\/\/www.sonoraenequipo.com.mx\/#\/schema\/person\/image\/","url":"https:\/\/secure.gravatar.com\/avatar\/049821681b589dabc0bc20695993ccebb09f5b5d4d790cd9251b97faac7c652b?s=96&d=blank&r=g","contentUrl":"https:\/\/secure.gravatar.com\/avatar\/049821681b589dabc0bc20695993ccebb09f5b5d4d790cd9251b97faac7c652b?s=96&d=blank&r=g","caption":"enequipo"},"sameAs":["https:\/\/www.facebook.com\/SonoraEE"]}]}},"jetpack_featured_media_url":"https:\/\/www.sonoraenequipo.com.mx\/storage\/2023\/01\/Sonora-sera-sede-de-asamblea-nacional-aeroespacial-2301.09.jpg","_links":{"self":[{"href":"https:\/\/www.sonoraenequipo.com.mx\/api\/wp\/v2\/posts\/206227","targetHints":{"allow":["GET"]}}],"collection":[{"href":"https:\/\/www.sonoraenequipo.com.mx\/api\/wp\/v2\/posts"}],"about":[{"href":"https:\/\/www.sonoraenequipo.com.mx\/api\/wp\/v2\/types\/post"}],"author":[{"embeddable":true,"href":"https:\/\/www.sonoraenequipo.com.mx\/api\/wp\/v2\/users\/1"}],"replies":[{"embeddable":true,"href":"https:\/\/www.sonoraenequipo.com.mx\/api\/wp\/v2\/comments?post=206227"}],"version-history":[{"count":1,"href":"https:\/\/www.sonoraenequipo.com.mx\/api\/wp\/v2\/posts\/206227\/revisions"}],"predecessor-version":[{"id":206228,"href":"https:\/\/www.sonoraenequipo.com.mx\/api\/wp\/v2\/posts\/206227\/revisions\/206228"}],"wp:featuredmedia":[{"embeddable":true,"href":"https:\/\/www.sonoraenequipo.com.mx\/api\/wp\/v2\/media\/156246"}],"wp:attachment":[{"href":"https:\/\/www.sonoraenequipo.com.mx\/api\/wp\/v2\/media?parent=206227"}],"wp:term":[{"taxonomy":"category","embeddable":true,"href":"https:\/\/www.sonoraenequipo.com.mx\/api\/wp\/v2\/categories?post=206227"},{"taxonomy":"post_tag","embeddable":true,"href":"https:\/\/www.sonoraenequipo.com.mx\/api\/wp\/v2\/tags?post=206227"}],"curies":[{"name":"wp","href":"https:\/\/api.w.org\/{rel}","templated":true}]}}