{"id":206229,"date":"2024-12-14T15:45:17","date_gmt":"2024-12-14T22:45:17","guid":{"rendered":"https:\/\/www.sonoraenequipo.com.mx\/?p=206229"},"modified":"2024-12-14T15:45:17","modified_gmt":"2024-12-14T22:45:17","slug":"gobernador-durazo-y-sep-fortalecen-becas-y-programas-educativos-con-mas-presupuesto-para-sonora","status":"publish","type":"post","link":"https:\/\/www.sonoraenequipo.com.mx\/gobernador-durazo-y-sep-fortalecen-becas-y-programas-educativos-con-mas-presupuesto-para-sonora\/","title":{"rendered":"Gobernador Durazo y SEP fortalecen becas y programas educativos con m\u00e1s presupuesto para Sonora"},"content":{"rendered":"<p><strong>HERMOSILLO, SONORA, MX.<\/strong> \u2014 Con el objetivo de impulsar el desarrollo educativo en Sonora, el gobernador Alfonso Durazo se reuni\u00f3 con el secretario de Educaci\u00f3n P\u00fablica, Mario Delgado, para definir una estrategia conjunta que permita fortalecer los programas de becas y otros como \u201cLa Escuela es Nuestra\u201d, los cuales han logrado disminuir la deserci\u00f3n escolar en un 10% en la entidad.<\/p>\n<p>&nbsp;<\/p>\n<p>&nbsp;<\/p>\n<p>&nbsp;<\/p>\n<p>Durante el encuentro, ambas autoridades coincidieron en la importancia de garantizar mayor acceso a la educaci\u00f3n y mejorar las condiciones de aprendizaje en el estado. Por ello, acordaron trabajar en programas como \u201cLa Escuela es Nuestra\u201d y las becas federales Benito Ju\u00e1rez, dirigidas al alumnado de educaci\u00f3n media superior, as\u00ed como en el pr\u00f3ximo programa Rita Cetina para estudiantes de secundaria. Estas iniciativas, junto con el programa impulsado por el gobernador Durazo, Sonora de Oportunidades, buscan brindar respaldo econ\u00f3mico a las y los j\u00f3venes para que contin\u00faen sus estudios sin limitaciones.<\/p>\n<p>&nbsp;<\/p>\n<p>&nbsp;<\/p>\n<p>&nbsp;<\/p>\n<p>\u201cFortaleceremos nuestra labor conjunta en la transformaci\u00f3n del estado desde las aulas. Dimos seguimiento a acciones clave como las becas Sonora de Oportunidades, que garantizan las herramientas necesarias para que nuestras ni\u00f1as, ni\u00f1os y j\u00f3venes sigan adelante con sus estudios sin limitaciones econ\u00f3micas\u201d, se\u00f1al\u00f3 el gobernador.<\/p>\n<p>&nbsp;<\/p>\n<p>&nbsp;<\/p>\n<p>&nbsp;<\/p>\n<p>El titular del Ejecutivo estatal destac\u00f3 que el programa Sonora de Oportunidades ya est\u00e1 garantizado al haberse elevado a rango constitucional como un derecho de todas y todos los j\u00f3venes sonorenses. Adem\u00e1s, enfatiz\u00f3 que cada a\u00f1o este programa deber\u00e1 contar con un presupuesto mayor al del a\u00f1o anterior. Para 2025 se destinar\u00e1n 830 millones de pesos, lo que permitir\u00e1 beneficiar a 190 mil estudiantes sonorenses.<\/p>\n<p><strong>Fecha de publicaci\u00f3n s\u00e1bado 14 de diciembre de 2024 \/<\/strong><\/p>\n<p>&nbsp;<\/p>\n","protected":false},"excerpt":{"rendered":"<p>HERMOSILLO, SONORA, MX. \u2014 Con el objetivo de impulsar el desarrollo educativo en Sonora, el&#8230;<\/p>\n","protected":false},"author":1,"featured_media":206230,"comment_status":"open","ping_status":"open","sticky":false,"template":"","format":"standard","meta":{"_monsterinsights_skip_tracking":false,"_monsterinsights_sitenote_active":false,"_monsterinsights_sitenote_note":"","_monsterinsights_sitenote_category":0,"footnotes":""},"categories":[22],"tags":[10624,3179],"class_list":["post"],"yoast_head":" \n<title>Sonora en Equipo. Gobernador Durazo y SEP fortalecen becas y programas educativos con m\u00e1s presupuesto para Sonora Sonora<\/title>\n<meta name=\"description\" content=\"HERMOSILLO, SONORA, MX. \u2014 Con el objetivo de impulsar el desarrollo educativo en Sonora, el gobernador Alfonso Durazo se reuni\u00f3 con el secretario de En Sonora en Equipo publicamos toda la informaci\u00f3n de Sonora, M\u00e9xico y el Mundo de manera oportuna y busca que la libertad de expresi\u00f3n sea real. Visita nuestro medio informativo publicado desde Hermosillo, Sonora. %\" \/>\n<meta name=\"robots\" content=\"index, follow, max-snippet:-1, max-image-preview:large, max-video-preview:-1\" \/>\n<link rel=\"canonical\" href=\"https:\/\/www.sonoraenequipo.com.mx\/gobernador-durazo-y-sep-fortalecen-becas-y-programas-educativos-con-mas-presupuesto-para-sonora\/\" \/>\n<meta property=\"og:locale\" content=\"es_ES\" \/>\n<meta property=\"og:type\" content=\"article\" \/>\n<meta property=\"og:title\" content=\"Sonora en Equipo. Gobernador Durazo y SEP fortalecen becas y programas educativos con m\u00e1s presupuesto para Sonora Sonora\" \/>\n<meta property=\"og:description\" content=\"HERMOSILLO, SONORA, MX. \u2014 Con el objetivo de impulsar el desarrollo educativo en Sonora, el gobernador Alfonso Durazo se reuni\u00f3 con el secretario de En Sonora en Equipo publicamos toda la informaci\u00f3n de Sonora, M\u00e9xico y el Mundo de manera oportuna y busca que la libertad de expresi\u00f3n sea real. Visita nuestro medio informativo publicado desde Hermosillo, Sonora. %\" \/>\n<meta property=\"og:url\" content=\"https:\/\/www.sonoraenequipo.com.mx\/gobernador-durazo-y-sep-fortalecen-becas-y-programas-educativos-con-mas-presupuesto-para-sonora\/\" \/>\n<meta property=\"og:site_name\" content=\"Sonora en Equipo.\" \/>\n<meta property=\"article:publisher\" content=\"https:\/\/www.facebook.com\/SonoraEE\/\" \/>\n<meta property=\"article:author\" content=\"https:\/\/www.facebook.com\/SonoraEE\" \/>\n<meta property=\"article:published_time\" content=\"2024-12-14T22:45:17+00:00\" \/>\n<meta property=\"og:image\" content=\"https:\/\/www.sonoraenequipo.com.mx\/storage\/2024\/12\/adm-sep.jpg\" \/>\n\t<meta property=\"og:image:width\" content=\"600\" \/>\n\t<meta property=\"og:image:height\" content=\"409\" \/>\n\t<meta property=\"og:image:type\" content=\"image\/jpeg\" \/>\n<meta name=\"author\" content=\"enequipo\" \/>\n<meta name=\"twitter:card\" content=\"summary_large_image\" \/>\n<meta name=\"twitter:creator\" content=\"@sonoraenequipo\" \/>\n<meta name=\"twitter:site\" content=\"@sonoraenequipo\" \/>\n<meta name=\"twitter:label1\" content=\"Escrito por\" \/>\n\t<meta name=\"twitter:data1\" content=\"enequipo\" \/>\n\t<meta name=\"twitter:label2\" content=\"Tiempo de lectura\" \/>\n\t<meta name=\"twitter:data2\" content=\"1 minuto\" \/>\n<script type=\"application\/ld+json\" class=\"yoast-schema-graph\">{\"@context\":\"https:\/\/schema.org\",\"@graph\":[{\"@type\":\"Article\",\"@id\":\"https:\/\/www.sonoraenequipo.com.mx\/gobernador-durazo-y-sep-fortalecen-becas-y-programas-educativos-con-mas-presupuesto-para-sonora\/#article\",\"isPartOf\":{\"@id\":\"https:\/\/www.sonoraenequipo.com.mx\/gobernador-durazo-y-sep-fortalecen-becas-y-programas-educativos-con-mas-presupuesto-para-sonora\/\"},\"author\":{\"name\":\"enequipo\",\"@id\":\"https:\/\/www.sonoraenequipo.com.mx\/#\/schema\/person\/50102df0fb23a8fa9e8effad8fa81386\"},\"headline\":\"Gobernador Durazo y SEP fortalecen becas y programas educativos con m\u00e1s presupuesto para Sonora\",\"datePublished\":\"2024-12-14T22:45:17+00:00\",\"mainEntityOfPage\":{\"@id\":\"https:\/\/www.sonoraenequipo.com.mx\/gobernador-durazo-y-sep-fortalecen-becas-y-programas-educativos-con-mas-presupuesto-para-sonora\/\"},\"wordCount\":313,\"commentCount\":0,\"publisher\":{\"@id\":\"https:\/\/www.sonoraenequipo.com.mx\/#organization\"},\"image\":{\"@id\":\"https:\/\/www.sonoraenequipo.com.mx\/gobernador-durazo-y-sep-fortalecen-becas-y-programas-educativos-con-mas-presupuesto-para-sonora\/#primaryimage\"},\"thumbnailUrl\":\"https:\/\/www.sonoraenequipo.com.mx\/storage\/2024\/12\/adm-sep.jpg\",\"keywords\":[\"adm sep\",\"mario delgado\"],\"articleSection\":[\"Sonora\"],\"inLanguage\":\"es\",\"potentialAction\":[{\"@type\":\"CommentAction\",\"name\":\"Comment\",\"target\":[\"https:\/\/www.sonoraenequipo.com.mx\/gobernador-durazo-y-sep-fortalecen-becas-y-programas-educativos-con-mas-presupuesto-para-sonora\/#respond\"]}]},{\"@type\":\"WebPage\",\"@id\":\"https:\/\/www.sonoraenequipo.com.mx\/gobernador-durazo-y-sep-fortalecen-becas-y-programas-educativos-con-mas-presupuesto-para-sonora\/\",\"url\":\"https:\/\/www.sonoraenequipo.com.mx\/gobernador-durazo-y-sep-fortalecen-becas-y-programas-educativos-con-mas-presupuesto-para-sonora\/\",\"name\":\"Sonora en Equipo. Gobernador Durazo y SEP fortalecen becas y programas educativos con m\u00e1s presupuesto para Sonora Sonora\",\"isPartOf\":{\"@id\":\"https:\/\/www.sonoraenequipo.com.mx\/#website\"},\"primaryImageOfPage\":{\"@id\":\"https:\/\/www.sonoraenequipo.com.mx\/gobernador-durazo-y-sep-fortalecen-becas-y-programas-educativos-con-mas-presupuesto-para-sonora\/#primaryimage\"},\"image\":{\"@id\":\"https:\/\/www.sonoraenequipo.com.mx\/gobernador-durazo-y-sep-fortalecen-becas-y-programas-educativos-con-mas-presupuesto-para-sonora\/#primaryimage\"},\"thumbnailUrl\":\"https:\/\/www.sonoraenequipo.com.mx\/storage\/2024\/12\/adm-sep.jpg\",\"datePublished\":\"2024-12-14T22:45:17+00:00\",\"description\":\"HERMOSILLO, SONORA, MX. \u2014 Con el objetivo de impulsar el desarrollo educativo en Sonora, el gobernador Alfonso Durazo se reuni\u00f3 con el secretario de En Sonora en Equipo publicamos toda la informaci\u00f3n de Sonora, M\u00e9xico y el Mundo de manera oportuna y busca que la libertad de expresi\u00f3n sea real. Visita nuestro medio informativo publicado desde Hermosillo, Sonora. %\",\"breadcrumb\":{\"@id\":\"https:\/\/www.sonoraenequipo.com.mx\/gobernador-durazo-y-sep-fortalecen-becas-y-programas-educativos-con-mas-presupuesto-para-sonora\/#breadcrumb\"},\"inLanguage\":\"es\",\"potentialAction\":[{\"@type\":\"ReadAction\",\"target\":[\"https:\/\/www.sonoraenequipo.com.mx\/gobernador-durazo-y-sep-fortalecen-becas-y-programas-educativos-con-mas-presupuesto-para-sonora\/\"]}]},{\"@type\":\"ImageObject\",\"inLanguage\":\"es\",\"@id\":\"https:\/\/www.sonoraenequipo.com.mx\/gobernador-durazo-y-sep-fortalecen-becas-y-programas-educativos-con-mas-presupuesto-para-sonora\/#primaryimage\",\"url\":\"https:\/\/www.sonoraenequipo.com.mx\/storage\/2024\/12\/adm-sep.jpg\",\"contentUrl\":\"https:\/\/www.sonoraenequipo.com.mx\/storage\/2024\/12\/adm-sep.jpg\",\"width\":600,\"height\":409},{\"@type\":\"BreadcrumbList\",\"@id\":\"https:\/\/www.sonoraenequipo.com.mx\/gobernador-durazo-y-sep-fortalecen-becas-y-programas-educativos-con-mas-presupuesto-para-sonora\/#breadcrumb\",\"itemListElement\":[{\"@type\":\"ListItem\",\"position\":1,\"name\":\"Portada\",\"item\":\"https:\/\/www.sonoraenequipo.com.mx\/\"},{\"@type\":\"ListItem\",\"position\":2,\"name\":\"Gobernador Durazo y SEP fortalecen becas y programas educativos con m\u00e1s presupuesto para Sonora\"}]},{\"@type\":\"WebSite\",\"@id\":\"https:\/\/www.sonoraenequipo.com.mx\/#website\",\"url\":\"https:\/\/www.sonoraenequipo.com.mx\/\",\"name\":\"Sonora en Equipo.\",\"description\":\"Diario en l\u00ednea con Noticias desde Hermosillo, Sonora\",\"publisher\":{\"@id\":\"https:\/\/www.sonoraenequipo.com.mx\/#organization\"},\"potentialAction\":[{\"@type\":\"SearchAction\",\"target\":{\"@type\":\"EntryPoint\",\"urlTemplate\":\"https:\/\/www.sonoraenequipo.com.mx\/?s={search_term_string}\"},\"query-input\":{\"@type\":\"PropertyValueSpecification\",\"valueRequired\":true,\"valueName\":\"search_term_string\"}}],\"inLanguage\":\"es\"},{\"@type\":\"Organization\",\"@id\":\"https:\/\/www.sonoraenequipo.com.mx\/#organization\",\"name\":\"Sonoraenequipo.com.mx\",\"url\":\"https:\/\/www.sonoraenequipo.com.mx\/\",\"logo\":{\"@type\":\"ImageObject\",\"inLanguage\":\"es\",\"@id\":\"https:\/\/www.sonoraenequipo.com.mx\/#\/schema\/logo\/image\/\",\"url\":\"https:\/\/www.sonoraenequipo.com.mx\/storage\/2019\/01\/sonoraenequipo_opt.png\",\"contentUrl\":\"https:\/\/www.sonoraenequipo.com.mx\/storage\/2019\/01\/sonoraenequipo_opt.png\",\"width\":375,\"height\":125,\"caption\":\"Sonoraenequipo.com.mx\"},\"image\":{\"@id\":\"https:\/\/www.sonoraenequipo.com.mx\/#\/schema\/logo\/image\/\"},\"sameAs\":[\"https:\/\/www.facebook.com\/SonoraEE\/\",\"https:\/\/x.com\/sonoraenequipo\",\"https:\/\/www.youtube.com\/channel\/UC338nW-lPEYmJQs4ZABQ1SQ\"]},{\"@type\":\"Person\",\"@id\":\"https:\/\/www.sonoraenequipo.com.mx\/#\/schema\/person\/50102df0fb23a8fa9e8effad8fa81386\",\"name\":\"enequipo\",\"image\":{\"@type\":\"ImageObject\",\"inLanguage\":\"es\",\"@id\":\"https:\/\/www.sonoraenequipo.com.mx\/#\/schema\/person\/image\/\",\"url\":\"https:\/\/secure.gravatar.com\/avatar\/049821681b589dabc0bc20695993ccebb09f5b5d4d790cd9251b97faac7c652b?s=96&d=blank&r=g\",\"contentUrl\":\"https:\/\/secure.gravatar.com\/avatar\/049821681b589dabc0bc20695993ccebb09f5b5d4d790cd9251b97faac7c652b?s=96&d=blank&r=g\",\"caption\":\"enequipo\"},\"sameAs\":[\"https:\/\/www.facebook.com\/SonoraEE\"]}]}<\/script>\n ","yoast_head_json":{"title":"Sonora en Equipo. Gobernador Durazo y SEP fortalecen becas y programas educativos con m\u00e1s presupuesto para Sonora Sonora","description":"HERMOSILLO, SONORA, MX. \u2014 Con el objetivo de impulsar el desarrollo educativo en Sonora, el gobernador Alfonso Durazo se reuni\u00f3 con el secretario de En Sonora en Equipo publicamos toda la informaci\u00f3n de Sonora, M\u00e9xico y el Mundo de manera oportuna y busca que la libertad de expresi\u00f3n sea real. Visita nuestro medio informativo publicado desde Hermosillo, Sonora. %","robots":{"index":"index","follow":"follow","max-snippet":"max-snippet:-1","max-image-preview":"max-image-preview:large","max-video-preview":"max-video-preview:-1"},"canonical":"https:\/\/www.sonoraenequipo.com.mx\/gobernador-durazo-y-sep-fortalecen-becas-y-programas-educativos-con-mas-presupuesto-para-sonora\/","og_locale":"es_ES","og_type":"article","og_title":"Sonora en Equipo. Gobernador Durazo y SEP fortalecen becas y programas educativos con m\u00e1s presupuesto para Sonora Sonora","og_description":"HERMOSILLO, SONORA, MX. \u2014 Con el objetivo de impulsar el desarrollo educativo en Sonora, el gobernador Alfonso Durazo se reuni\u00f3 con el secretario de En Sonora en Equipo publicamos toda la informaci\u00f3n de Sonora, M\u00e9xico y el Mundo de manera oportuna y busca que la libertad de expresi\u00f3n sea real. Visita nuestro medio informativo publicado desde Hermosillo, Sonora. %","og_url":"https:\/\/www.sonoraenequipo.com.mx\/gobernador-durazo-y-sep-fortalecen-becas-y-programas-educativos-con-mas-presupuesto-para-sonora\/","og_site_name":"Sonora en Equipo.","article_publisher":"https:\/\/www.facebook.com\/SonoraEE\/","article_author":"https:\/\/www.facebook.com\/SonoraEE","article_published_time":"2024-12-14T22:45:17+00:00","og_image":[{"width":600,"height":409,"url":"https:\/\/www.sonoraenequipo.com.mx\/storage\/2024\/12\/adm-sep.jpg","type":"image\/jpeg"}],"author":"enequipo","twitter_card":"summary_large_image","twitter_creator":"@sonoraenequipo","twitter_site":"@sonoraenequipo","twitter_misc":{"Escrito por":"enequipo","Tiempo de lectura":"1 minuto"},"schema":{"@context":"https:\/\/schema.org","@graph":[{"@type":"Article","@id":"https:\/\/www.sonoraenequipo.com.mx\/gobernador-durazo-y-sep-fortalecen-becas-y-programas-educativos-con-mas-presupuesto-para-sonora\/#article","isPartOf":{"@id":"https:\/\/www.sonoraenequipo.com.mx\/gobernador-durazo-y-sep-fortalecen-becas-y-programas-educativos-con-mas-presupuesto-para-sonora\/"},"author":{"name":"enequipo","@id":"https:\/\/www.sonoraenequipo.com.mx\/#\/schema\/person\/50102df0fb23a8fa9e8effad8fa81386"},"headline":"Gobernador Durazo y SEP fortalecen becas y programas educativos con m\u00e1s presupuesto para Sonora","datePublished":"2024-12-14T22:45:17+00:00","mainEntityOfPage":{"@id":"https:\/\/www.sonoraenequipo.com.mx\/gobernador-durazo-y-sep-fortalecen-becas-y-programas-educativos-con-mas-presupuesto-para-sonora\/"},"wordCount":313,"commentCount":0,"publisher":{"@id":"https:\/\/www.sonoraenequipo.com.mx\/#organization"},"image":{"@id":"https:\/\/www.sonoraenequipo.com.mx\/gobernador-durazo-y-sep-fortalecen-becas-y-programas-educativos-con-mas-presupuesto-para-sonora\/#primaryimage"},"thumbnailUrl":"https:\/\/www.sonoraenequipo.com.mx\/storage\/2024\/12\/adm-sep.jpg","keywords":["adm sep","mario delgado"],"articleSection":["Sonora"],"inLanguage":"es","potentialAction":[{"@type":"CommentAction","name":"Comment","target":["https:\/\/www.sonoraenequipo.com.mx\/gobernador-durazo-y-sep-fortalecen-becas-y-programas-educativos-con-mas-presupuesto-para-sonora\/#respond"]}]},{"@type":"WebPage","@id":"https:\/\/www.sonoraenequipo.com.mx\/gobernador-durazo-y-sep-fortalecen-becas-y-programas-educativos-con-mas-presupuesto-para-sonora\/","url":"https:\/\/www.sonoraenequipo.com.mx\/gobernador-durazo-y-sep-fortalecen-becas-y-programas-educativos-con-mas-presupuesto-para-sonora\/","name":"Sonora en Equipo. Gobernador Durazo y SEP fortalecen becas y programas educativos con m\u00e1s presupuesto para Sonora Sonora","isPartOf":{"@id":"https:\/\/www.sonoraenequipo.com.mx\/#website"},"primaryImageOfPage":{"@id":"https:\/\/www.sonoraenequipo.com.mx\/gobernador-durazo-y-sep-fortalecen-becas-y-programas-educativos-con-mas-presupuesto-para-sonora\/#primaryimage"},"image":{"@id":"https:\/\/www.sonoraenequipo.com.mx\/gobernador-durazo-y-sep-fortalecen-becas-y-programas-educativos-con-mas-presupuesto-para-sonora\/#primaryimage"},"thumbnailUrl":"https:\/\/www.sonoraenequipo.com.mx\/storage\/2024\/12\/adm-sep.jpg","datePublished":"2024-12-14T22:45:17+00:00","description":"HERMOSILLO, SONORA, MX. \u2014 Con el objetivo de impulsar el desarrollo educativo en Sonora, el gobernador Alfonso Durazo se reuni\u00f3 con el secretario de En Sonora en Equipo publicamos toda la informaci\u00f3n de Sonora, M\u00e9xico y el Mundo de manera oportuna y busca que la libertad de expresi\u00f3n sea real. Visita nuestro medio informativo publicado desde Hermosillo, Sonora. %","breadcrumb":{"@id":"https:\/\/www.sonoraenequipo.com.mx\/gobernador-durazo-y-sep-fortalecen-becas-y-programas-educativos-con-mas-presupuesto-para-sonora\/#breadcrumb"},"inLanguage":"es","potentialAction":[{"@type":"ReadAction","target":["https:\/\/www.sonoraenequipo.com.mx\/gobernador-durazo-y-sep-fortalecen-becas-y-programas-educativos-con-mas-presupuesto-para-sonora\/"]}]},{"@type":"ImageObject","inLanguage":"es","@id":"https:\/\/www.sonoraenequipo.com.mx\/gobernador-durazo-y-sep-fortalecen-becas-y-programas-educativos-con-mas-presupuesto-para-sonora\/#primaryimage","url":"https:\/\/www.sonoraenequipo.com.mx\/storage\/2024\/12\/adm-sep.jpg","contentUrl":"https:\/\/www.sonoraenequipo.com.mx\/storage\/2024\/12\/adm-sep.jpg","width":600,"height":409},{"@type":"BreadcrumbList","@id":"https:\/\/www.sonoraenequipo.com.mx\/gobernador-durazo-y-sep-fortalecen-becas-y-programas-educativos-con-mas-presupuesto-para-sonora\/#breadcrumb","itemListElement":[{"@type":"ListItem","position":1,"name":"Portada","item":"https:\/\/www.sonoraenequipo.com.mx\/"},{"@type":"ListItem","position":2,"name":"Gobernador Durazo y SEP fortalecen becas y programas educativos con m\u00e1s presupuesto para Sonora"}]},{"@type":"WebSite","@id":"https:\/\/www.sonoraenequipo.com.mx\/#website","url":"https:\/\/www.sonoraenequipo.com.mx\/","name":"Sonora en Equipo.","description":"Diario en l\u00ednea con Noticias desde Hermosillo, Sonora","publisher":{"@id":"https:\/\/www.sonoraenequipo.com.mx\/#organization"},"potentialAction":[{"@type":"SearchAction","target":{"@type":"EntryPoint","urlTemplate":"https:\/\/www.sonoraenequipo.com.mx\/?s={search_term_string}"},"query-input":{"@type":"PropertyValueSpecification","valueRequired":true,"valueName":"search_term_string"}}],"inLanguage":"es"},{"@type":"Organization","@id":"https:\/\/www.sonoraenequipo.com.mx\/#organization","name":"Sonoraenequipo.com.mx","url":"https:\/\/www.sonoraenequipo.com.mx\/","logo":{"@type":"ImageObject","inLanguage":"es","@id":"https:\/\/www.sonoraenequipo.com.mx\/#\/schema\/logo\/image\/","url":"https:\/\/www.sonoraenequipo.com.mx\/storage\/2019\/01\/sonoraenequipo_opt.png","contentUrl":"https:\/\/www.sonoraenequipo.com.mx\/storage\/2019\/01\/sonoraenequipo_opt.png","width":375,"height":125,"caption":"Sonoraenequipo.com.mx"},"image":{"@id":"https:\/\/www.sonoraenequipo.com.mx\/#\/schema\/logo\/image\/"},"sameAs":["https:\/\/www.facebook.com\/SonoraEE\/","https:\/\/x.com\/sonoraenequipo","https:\/\/www.youtube.com\/channel\/UC338nW-lPEYmJQs4ZABQ1SQ"]},{"@type":"Person","@id":"https:\/\/www.sonoraenequipo.com.mx\/#\/schema\/person\/50102df0fb23a8fa9e8effad8fa81386","name":"enequipo","image":{"@type":"ImageObject","inLanguage":"es","@id":"https:\/\/www.sonoraenequipo.com.mx\/#\/schema\/person\/image\/","url":"https:\/\/secure.gravatar.com\/avatar\/049821681b589dabc0bc20695993ccebb09f5b5d4d790cd9251b97faac7c652b?s=96&d=blank&r=g","contentUrl":"https:\/\/secure.gravatar.com\/avatar\/049821681b589dabc0bc20695993ccebb09f5b5d4d790cd9251b97faac7c652b?s=96&d=blank&r=g","caption":"enequipo"},"sameAs":["https:\/\/www.facebook.com\/SonoraEE"]}]}},"jetpack_featured_media_url":"https:\/\/www.sonoraenequipo.com.mx\/storage\/2024\/12\/adm-sep.jpg","_links":{"self":[{"href":"https:\/\/www.sonoraenequipo.com.mx\/api\/wp\/v2\/posts\/206229","targetHints":{"allow":["GET"]}}],"collection":[{"href":"https:\/\/www.sonoraenequipo.com.mx\/api\/wp\/v2\/posts"}],"about":[{"href":"https:\/\/www.sonoraenequipo.com.mx\/api\/wp\/v2\/types\/post"}],"author":[{"embeddable":true,"href":"https:\/\/www.sonoraenequipo.com.mx\/api\/wp\/v2\/users\/1"}],"replies":[{"embeddable":true,"href":"https:\/\/www.sonoraenequipo.com.mx\/api\/wp\/v2\/comments?post=206229"}],"version-history":[{"count":1,"href":"https:\/\/www.sonoraenequipo.com.mx\/api\/wp\/v2\/posts\/206229\/revisions"}],"predecessor-version":[{"id":206231,"href":"https:\/\/www.sonoraenequipo.com.mx\/api\/wp\/v2\/posts\/206229\/revisions\/206231"}],"wp:featuredmedia":[{"embeddable":true,"href":"https:\/\/www.sonoraenequipo.com.mx\/api\/wp\/v2\/media\/206230"}],"wp:attachment":[{"href":"https:\/\/www.sonoraenequipo.com.mx\/api\/wp\/v2\/media?parent=206229"}],"wp:term":[{"taxonomy":"category","embeddable":true,"href":"https:\/\/www.sonoraenequipo.com.mx\/api\/wp\/v2\/categories?post=206229"},{"taxonomy":"post_tag","embeddable":true,"href":"https:\/\/www.sonoraenequipo.com.mx\/api\/wp\/v2\/tags?post=206229"}],"curies":[{"name":"wp","href":"https:\/\/api.w.org\/{rel}","templated":true}]}}