{"id":206256,"date":"2024-12-15T14:49:38","date_gmt":"2024-12-15T21:49:38","guid":{"rendered":"https:\/\/www.sonoraenequipo.com.mx\/?p=206256"},"modified":"2024-12-15T14:49:38","modified_gmt":"2024-12-15T21:49:38","slug":"indio-de-18-anos-nuevo-campeon-mundial-de-ajedrez","status":"publish","type":"post","link":"https:\/\/www.sonoraenequipo.com.mx\/indio-de-18-anos-nuevo-campeon-mundial-de-ajedrez\/","title":{"rendered":"Indio de 18 a\u00f1os nuevo\u00a0 campe\u00f3n mundial de ajedrez"},"content":{"rendered":"<p>Dommaraju Gukesh, de s\u00f3lo 18 a\u00f1os de edad, es el campe\u00f3n mundial de ajedrez m\u00e1s joven de la historia. El indio gan\u00f3 el duelo del Campeonato Mundial contra el actual campe\u00f3n Ding Liren por 7:5 a 6:5. Gukesh se benefici\u00f3 de un gran error del chino en el decimocuarto y \u00faltimo partido, cuando ya parec\u00eda un empate y se avecinaba un desempate decisivo.<\/p>\n<p>&nbsp;<\/p>\n<p>Gukesh es el segundo campe\u00f3n mundial indio despu\u00e9s de Viswanathan Anand (2007-2013). Por su \u00e9xito en Singapur, Gukesh recibe la mayor parte del premio en met\u00e1lico de 2,5 millones de d\u00f3lares (unos 2,37 millones de euros). El a\u00f1o pasado, Liren fue el primer chino en ganar el t\u00edtulo contra el ruso Ian Nepomniachtchi .<\/p>\n<p>&nbsp;<\/p>\n<p>Los dos finalistas, por primera vez dos asi\u00e1ticos, llegaron a la \u00faltima partida por el t\u00edtulo empatados a 6,5 puntos, igualdad que Gukesh rompi\u00f3 jugando con las piezas negras.<\/p>\n<p><strong>Fecha de publicaci\u00f3n domingo 15 de diciembre de 2024 \/<\/strong><\/p>\n<p>el(DPA, EFE)<\/p>\n","protected":false},"excerpt":{"rendered":"<p>Dommaraju Gukesh, de s\u00f3lo 18 a\u00f1os de edad, es el campe\u00f3n mundial de ajedrez m\u00e1s&#8230;<\/p>\n","protected":false},"author":1,"featured_media":206257,"comment_status":"open","ping_status":"open","sticky":false,"template":"","format":"standard","meta":{"_monsterinsights_skip_tracking":false,"_monsterinsights_sitenote_active":false,"_monsterinsights_sitenote_note":"","_monsterinsights_sitenote_category":0,"footnotes":""},"categories":[10],"tags":[10626],"class_list":["post"],"yoast_head":" \n<title>Sonora en Equipo. Indio de 18 a\u00f1os nuevo\u00a0 campe\u00f3n mundial de ajedrez Deportes<\/title>\n<meta name=\"description\" content=\"Dommaraju Gukesh, de s\u00f3lo 18 a\u00f1os de edad, es el campe\u00f3n mundial de ajedrez m\u00e1s joven de la historia. El indio gan\u00f3 el duelo del Campeonato Mundial contra En Sonora en Equipo publicamos toda la informaci\u00f3n de Sonora, M\u00e9xico y el Mundo de manera oportuna y busca que la libertad de expresi\u00f3n sea real. Visita nuestro medio informativo publicado desde Hermosillo, Sonora. %\" \/>\n<meta name=\"robots\" content=\"index, follow, max-snippet:-1, max-image-preview:large, max-video-preview:-1\" \/>\n<link rel=\"canonical\" href=\"https:\/\/www.sonoraenequipo.com.mx\/indio-de-18-anos-nuevo-campeon-mundial-de-ajedrez\/\" \/>\n<meta property=\"og:locale\" content=\"es_ES\" \/>\n<meta property=\"og:type\" content=\"article\" \/>\n<meta property=\"og:title\" content=\"Sonora en Equipo. Indio de 18 a\u00f1os nuevo\u00a0 campe\u00f3n mundial de ajedrez Deportes\" \/>\n<meta property=\"og:description\" content=\"Dommaraju Gukesh, de s\u00f3lo 18 a\u00f1os de edad, es el campe\u00f3n mundial de ajedrez m\u00e1s joven de la historia. El indio gan\u00f3 el duelo del Campeonato Mundial contra En Sonora en Equipo publicamos toda la informaci\u00f3n de Sonora, M\u00e9xico y el Mundo de manera oportuna y busca que la libertad de expresi\u00f3n sea real. Visita nuestro medio informativo publicado desde Hermosillo, Sonora. %\" \/>\n<meta property=\"og:url\" content=\"https:\/\/www.sonoraenequipo.com.mx\/indio-de-18-anos-nuevo-campeon-mundial-de-ajedrez\/\" \/>\n<meta property=\"og:site_name\" content=\"Sonora en Equipo.\" \/>\n<meta property=\"article:publisher\" content=\"https:\/\/www.facebook.com\/SonoraEE\/\" \/>\n<meta property=\"article:author\" content=\"https:\/\/www.facebook.com\/SonoraEE\" \/>\n<meta property=\"article:published_time\" content=\"2024-12-15T21:49:38+00:00\" \/>\n<meta property=\"og:image\" content=\"https:\/\/www.sonoraenequipo.com.mx\/storage\/2024\/12\/dukesh.jpg\" \/>\n\t<meta property=\"og:image:width\" content=\"600\" \/>\n\t<meta property=\"og:image:height\" content=\"400\" \/>\n\t<meta property=\"og:image:type\" content=\"image\/jpeg\" \/>\n<meta name=\"author\" content=\"enequipo\" \/>\n<meta name=\"twitter:card\" content=\"summary_large_image\" \/>\n<meta name=\"twitter:creator\" content=\"@sonoraenequipo\" \/>\n<meta name=\"twitter:site\" content=\"@sonoraenequipo\" \/>\n<meta name=\"twitter:label1\" content=\"Escrito por\" \/>\n\t<meta name=\"twitter:data1\" content=\"enequipo\" \/>\n\t<meta name=\"twitter:label2\" content=\"Tiempo de lectura\" \/>\n\t<meta name=\"twitter:data2\" content=\"1 minuto\" \/>\n<script type=\"application\/ld+json\" class=\"yoast-schema-graph\">{\"@context\":\"https:\/\/schema.org\",\"@graph\":[{\"@type\":\"Article\",\"@id\":\"https:\/\/www.sonoraenequipo.com.mx\/indio-de-18-anos-nuevo-campeon-mundial-de-ajedrez\/#article\",\"isPartOf\":{\"@id\":\"https:\/\/www.sonoraenequipo.com.mx\/indio-de-18-anos-nuevo-campeon-mundial-de-ajedrez\/\"},\"author\":{\"name\":\"enequipo\",\"@id\":\"https:\/\/www.sonoraenequipo.com.mx\/#\/schema\/person\/50102df0fb23a8fa9e8effad8fa81386\"},\"headline\":\"Indio de 18 a\u00f1os nuevo\u00a0 campe\u00f3n mundial de ajedrez\",\"datePublished\":\"2024-12-15T21:49:38+00:00\",\"mainEntityOfPage\":{\"@id\":\"https:\/\/www.sonoraenequipo.com.mx\/indio-de-18-anos-nuevo-campeon-mundial-de-ajedrez\/\"},\"wordCount\":176,\"commentCount\":0,\"publisher\":{\"@id\":\"https:\/\/www.sonoraenequipo.com.mx\/#organization\"},\"image\":{\"@id\":\"https:\/\/www.sonoraenequipo.com.mx\/indio-de-18-anos-nuevo-campeon-mundial-de-ajedrez\/#primaryimage\"},\"thumbnailUrl\":\"https:\/\/www.sonoraenequipo.com.mx\/storage\/2024\/12\/dukesh.jpg\",\"keywords\":[\"mundial de ajedrez\"],\"articleSection\":[\"Deportes\"],\"inLanguage\":\"es\",\"potentialAction\":[{\"@type\":\"CommentAction\",\"name\":\"Comment\",\"target\":[\"https:\/\/www.sonoraenequipo.com.mx\/indio-de-18-anos-nuevo-campeon-mundial-de-ajedrez\/#respond\"]}]},{\"@type\":\"WebPage\",\"@id\":\"https:\/\/www.sonoraenequipo.com.mx\/indio-de-18-anos-nuevo-campeon-mundial-de-ajedrez\/\",\"url\":\"https:\/\/www.sonoraenequipo.com.mx\/indio-de-18-anos-nuevo-campeon-mundial-de-ajedrez\/\",\"name\":\"Sonora en Equipo. Indio de 18 a\u00f1os nuevo\u00a0 campe\u00f3n mundial de ajedrez Deportes\",\"isPartOf\":{\"@id\":\"https:\/\/www.sonoraenequipo.com.mx\/#website\"},\"primaryImageOfPage\":{\"@id\":\"https:\/\/www.sonoraenequipo.com.mx\/indio-de-18-anos-nuevo-campeon-mundial-de-ajedrez\/#primaryimage\"},\"image\":{\"@id\":\"https:\/\/www.sonoraenequipo.com.mx\/indio-de-18-anos-nuevo-campeon-mundial-de-ajedrez\/#primaryimage\"},\"thumbnailUrl\":\"https:\/\/www.sonoraenequipo.com.mx\/storage\/2024\/12\/dukesh.jpg\",\"datePublished\":\"2024-12-15T21:49:38+00:00\",\"description\":\"Dommaraju Gukesh, de s\u00f3lo 18 a\u00f1os de edad, es el campe\u00f3n mundial de ajedrez m\u00e1s joven de la historia. El indio gan\u00f3 el duelo del Campeonato Mundial contra En Sonora en Equipo publicamos toda la informaci\u00f3n de Sonora, M\u00e9xico y el Mundo de manera oportuna y busca que la libertad de expresi\u00f3n sea real. Visita nuestro medio informativo publicado desde Hermosillo, Sonora. %\",\"breadcrumb\":{\"@id\":\"https:\/\/www.sonoraenequipo.com.mx\/indio-de-18-anos-nuevo-campeon-mundial-de-ajedrez\/#breadcrumb\"},\"inLanguage\":\"es\",\"potentialAction\":[{\"@type\":\"ReadAction\",\"target\":[\"https:\/\/www.sonoraenequipo.com.mx\/indio-de-18-anos-nuevo-campeon-mundial-de-ajedrez\/\"]}]},{\"@type\":\"ImageObject\",\"inLanguage\":\"es\",\"@id\":\"https:\/\/www.sonoraenequipo.com.mx\/indio-de-18-anos-nuevo-campeon-mundial-de-ajedrez\/#primaryimage\",\"url\":\"https:\/\/www.sonoraenequipo.com.mx\/storage\/2024\/12\/dukesh.jpg\",\"contentUrl\":\"https:\/\/www.sonoraenequipo.com.mx\/storage\/2024\/12\/dukesh.jpg\",\"width\":600,\"height\":400,\"caption\":\"Dommaraju Gukesh\"},{\"@type\":\"BreadcrumbList\",\"@id\":\"https:\/\/www.sonoraenequipo.com.mx\/indio-de-18-anos-nuevo-campeon-mundial-de-ajedrez\/#breadcrumb\",\"itemListElement\":[{\"@type\":\"ListItem\",\"position\":1,\"name\":\"Portada\",\"item\":\"https:\/\/www.sonoraenequipo.com.mx\/\"},{\"@type\":\"ListItem\",\"position\":2,\"name\":\"Indio de 18 a\u00f1os nuevo\u00a0 campe\u00f3n mundial de ajedrez\"}]},{\"@type\":\"WebSite\",\"@id\":\"https:\/\/www.sonoraenequipo.com.mx\/#website\",\"url\":\"https:\/\/www.sonoraenequipo.com.mx\/\",\"name\":\"Sonora en Equipo.\",\"description\":\"Diario en l\u00ednea con Noticias desde Hermosillo, Sonora\",\"publisher\":{\"@id\":\"https:\/\/www.sonoraenequipo.com.mx\/#organization\"},\"potentialAction\":[{\"@type\":\"SearchAction\",\"target\":{\"@type\":\"EntryPoint\",\"urlTemplate\":\"https:\/\/www.sonoraenequipo.com.mx\/?s={search_term_string}\"},\"query-input\":{\"@type\":\"PropertyValueSpecification\",\"valueRequired\":true,\"valueName\":\"search_term_string\"}}],\"inLanguage\":\"es\"},{\"@type\":\"Organization\",\"@id\":\"https:\/\/www.sonoraenequipo.com.mx\/#organization\",\"name\":\"Sonoraenequipo.com.mx\",\"url\":\"https:\/\/www.sonoraenequipo.com.mx\/\",\"logo\":{\"@type\":\"ImageObject\",\"inLanguage\":\"es\",\"@id\":\"https:\/\/www.sonoraenequipo.com.mx\/#\/schema\/logo\/image\/\",\"url\":\"https:\/\/www.sonoraenequipo.com.mx\/storage\/2019\/01\/sonoraenequipo_opt.png\",\"contentUrl\":\"https:\/\/www.sonoraenequipo.com.mx\/storage\/2019\/01\/sonoraenequipo_opt.png\",\"width\":375,\"height\":125,\"caption\":\"Sonoraenequipo.com.mx\"},\"image\":{\"@id\":\"https:\/\/www.sonoraenequipo.com.mx\/#\/schema\/logo\/image\/\"},\"sameAs\":[\"https:\/\/www.facebook.com\/SonoraEE\/\",\"https:\/\/x.com\/sonoraenequipo\",\"https:\/\/www.youtube.com\/channel\/UC338nW-lPEYmJQs4ZABQ1SQ\"]},{\"@type\":\"Person\",\"@id\":\"https:\/\/www.sonoraenequipo.com.mx\/#\/schema\/person\/50102df0fb23a8fa9e8effad8fa81386\",\"name\":\"enequipo\",\"image\":{\"@type\":\"ImageObject\",\"inLanguage\":\"es\",\"@id\":\"https:\/\/www.sonoraenequipo.com.mx\/#\/schema\/person\/image\/\",\"url\":\"https:\/\/secure.gravatar.com\/avatar\/049821681b589dabc0bc20695993ccebb09f5b5d4d790cd9251b97faac7c652b?s=96&d=blank&r=g\",\"contentUrl\":\"https:\/\/secure.gravatar.com\/avatar\/049821681b589dabc0bc20695993ccebb09f5b5d4d790cd9251b97faac7c652b?s=96&d=blank&r=g\",\"caption\":\"enequipo\"},\"sameAs\":[\"https:\/\/www.facebook.com\/SonoraEE\"]}]}<\/script>\n ","yoast_head_json":{"title":"Sonora en Equipo. Indio de 18 a\u00f1os nuevo\u00a0 campe\u00f3n mundial de ajedrez Deportes","description":"Dommaraju Gukesh, de s\u00f3lo 18 a\u00f1os de edad, es el campe\u00f3n mundial de ajedrez m\u00e1s joven de la historia. El indio gan\u00f3 el duelo del Campeonato Mundial contra En Sonora en Equipo publicamos toda la informaci\u00f3n de Sonora, M\u00e9xico y el Mundo de manera oportuna y busca que la libertad de expresi\u00f3n sea real. Visita nuestro medio informativo publicado desde Hermosillo, Sonora. %","robots":{"index":"index","follow":"follow","max-snippet":"max-snippet:-1","max-image-preview":"max-image-preview:large","max-video-preview":"max-video-preview:-1"},"canonical":"https:\/\/www.sonoraenequipo.com.mx\/indio-de-18-anos-nuevo-campeon-mundial-de-ajedrez\/","og_locale":"es_ES","og_type":"article","og_title":"Sonora en Equipo. Indio de 18 a\u00f1os nuevo\u00a0 campe\u00f3n mundial de ajedrez Deportes","og_description":"Dommaraju Gukesh, de s\u00f3lo 18 a\u00f1os de edad, es el campe\u00f3n mundial de ajedrez m\u00e1s joven de la historia. El indio gan\u00f3 el duelo del Campeonato Mundial contra En Sonora en Equipo publicamos toda la informaci\u00f3n de Sonora, M\u00e9xico y el Mundo de manera oportuna y busca que la libertad de expresi\u00f3n sea real. Visita nuestro medio informativo publicado desde Hermosillo, Sonora. %","og_url":"https:\/\/www.sonoraenequipo.com.mx\/indio-de-18-anos-nuevo-campeon-mundial-de-ajedrez\/","og_site_name":"Sonora en Equipo.","article_publisher":"https:\/\/www.facebook.com\/SonoraEE\/","article_author":"https:\/\/www.facebook.com\/SonoraEE","article_published_time":"2024-12-15T21:49:38+00:00","og_image":[{"width":600,"height":400,"url":"https:\/\/www.sonoraenequipo.com.mx\/storage\/2024\/12\/dukesh.jpg","type":"image\/jpeg"}],"author":"enequipo","twitter_card":"summary_large_image","twitter_creator":"@sonoraenequipo","twitter_site":"@sonoraenequipo","twitter_misc":{"Escrito por":"enequipo","Tiempo de lectura":"1 minuto"},"schema":{"@context":"https:\/\/schema.org","@graph":[{"@type":"Article","@id":"https:\/\/www.sonoraenequipo.com.mx\/indio-de-18-anos-nuevo-campeon-mundial-de-ajedrez\/#article","isPartOf":{"@id":"https:\/\/www.sonoraenequipo.com.mx\/indio-de-18-anos-nuevo-campeon-mundial-de-ajedrez\/"},"author":{"name":"enequipo","@id":"https:\/\/www.sonoraenequipo.com.mx\/#\/schema\/person\/50102df0fb23a8fa9e8effad8fa81386"},"headline":"Indio de 18 a\u00f1os nuevo\u00a0 campe\u00f3n mundial de ajedrez","datePublished":"2024-12-15T21:49:38+00:00","mainEntityOfPage":{"@id":"https:\/\/www.sonoraenequipo.com.mx\/indio-de-18-anos-nuevo-campeon-mundial-de-ajedrez\/"},"wordCount":176,"commentCount":0,"publisher":{"@id":"https:\/\/www.sonoraenequipo.com.mx\/#organization"},"image":{"@id":"https:\/\/www.sonoraenequipo.com.mx\/indio-de-18-anos-nuevo-campeon-mundial-de-ajedrez\/#primaryimage"},"thumbnailUrl":"https:\/\/www.sonoraenequipo.com.mx\/storage\/2024\/12\/dukesh.jpg","keywords":["mundial de ajedrez"],"articleSection":["Deportes"],"inLanguage":"es","potentialAction":[{"@type":"CommentAction","name":"Comment","target":["https:\/\/www.sonoraenequipo.com.mx\/indio-de-18-anos-nuevo-campeon-mundial-de-ajedrez\/#respond"]}]},{"@type":"WebPage","@id":"https:\/\/www.sonoraenequipo.com.mx\/indio-de-18-anos-nuevo-campeon-mundial-de-ajedrez\/","url":"https:\/\/www.sonoraenequipo.com.mx\/indio-de-18-anos-nuevo-campeon-mundial-de-ajedrez\/","name":"Sonora en Equipo. Indio de 18 a\u00f1os nuevo\u00a0 campe\u00f3n mundial de ajedrez Deportes","isPartOf":{"@id":"https:\/\/www.sonoraenequipo.com.mx\/#website"},"primaryImageOfPage":{"@id":"https:\/\/www.sonoraenequipo.com.mx\/indio-de-18-anos-nuevo-campeon-mundial-de-ajedrez\/#primaryimage"},"image":{"@id":"https:\/\/www.sonoraenequipo.com.mx\/indio-de-18-anos-nuevo-campeon-mundial-de-ajedrez\/#primaryimage"},"thumbnailUrl":"https:\/\/www.sonoraenequipo.com.mx\/storage\/2024\/12\/dukesh.jpg","datePublished":"2024-12-15T21:49:38+00:00","description":"Dommaraju Gukesh, de s\u00f3lo 18 a\u00f1os de edad, es el campe\u00f3n mundial de ajedrez m\u00e1s joven de la historia. El indio gan\u00f3 el duelo del Campeonato Mundial contra En Sonora en Equipo publicamos toda la informaci\u00f3n de Sonora, M\u00e9xico y el Mundo de manera oportuna y busca que la libertad de expresi\u00f3n sea real. Visita nuestro medio informativo publicado desde Hermosillo, Sonora. %","breadcrumb":{"@id":"https:\/\/www.sonoraenequipo.com.mx\/indio-de-18-anos-nuevo-campeon-mundial-de-ajedrez\/#breadcrumb"},"inLanguage":"es","potentialAction":[{"@type":"ReadAction","target":["https:\/\/www.sonoraenequipo.com.mx\/indio-de-18-anos-nuevo-campeon-mundial-de-ajedrez\/"]}]},{"@type":"ImageObject","inLanguage":"es","@id":"https:\/\/www.sonoraenequipo.com.mx\/indio-de-18-anos-nuevo-campeon-mundial-de-ajedrez\/#primaryimage","url":"https:\/\/www.sonoraenequipo.com.mx\/storage\/2024\/12\/dukesh.jpg","contentUrl":"https:\/\/www.sonoraenequipo.com.mx\/storage\/2024\/12\/dukesh.jpg","width":600,"height":400,"caption":"Dommaraju Gukesh"},{"@type":"BreadcrumbList","@id":"https:\/\/www.sonoraenequipo.com.mx\/indio-de-18-anos-nuevo-campeon-mundial-de-ajedrez\/#breadcrumb","itemListElement":[{"@type":"ListItem","position":1,"name":"Portada","item":"https:\/\/www.sonoraenequipo.com.mx\/"},{"@type":"ListItem","position":2,"name":"Indio de 18 a\u00f1os nuevo\u00a0 campe\u00f3n mundial de ajedrez"}]},{"@type":"WebSite","@id":"https:\/\/www.sonoraenequipo.com.mx\/#website","url":"https:\/\/www.sonoraenequipo.com.mx\/","name":"Sonora en Equipo.","description":"Diario en l\u00ednea con Noticias desde Hermosillo, Sonora","publisher":{"@id":"https:\/\/www.sonoraenequipo.com.mx\/#organization"},"potentialAction":[{"@type":"SearchAction","target":{"@type":"EntryPoint","urlTemplate":"https:\/\/www.sonoraenequipo.com.mx\/?s={search_term_string}"},"query-input":{"@type":"PropertyValueSpecification","valueRequired":true,"valueName":"search_term_string"}}],"inLanguage":"es"},{"@type":"Organization","@id":"https:\/\/www.sonoraenequipo.com.mx\/#organization","name":"Sonoraenequipo.com.mx","url":"https:\/\/www.sonoraenequipo.com.mx\/","logo":{"@type":"ImageObject","inLanguage":"es","@id":"https:\/\/www.sonoraenequipo.com.mx\/#\/schema\/logo\/image\/","url":"https:\/\/www.sonoraenequipo.com.mx\/storage\/2019\/01\/sonoraenequipo_opt.png","contentUrl":"https:\/\/www.sonoraenequipo.com.mx\/storage\/2019\/01\/sonoraenequipo_opt.png","width":375,"height":125,"caption":"Sonoraenequipo.com.mx"},"image":{"@id":"https:\/\/www.sonoraenequipo.com.mx\/#\/schema\/logo\/image\/"},"sameAs":["https:\/\/www.facebook.com\/SonoraEE\/","https:\/\/x.com\/sonoraenequipo","https:\/\/www.youtube.com\/channel\/UC338nW-lPEYmJQs4ZABQ1SQ"]},{"@type":"Person","@id":"https:\/\/www.sonoraenequipo.com.mx\/#\/schema\/person\/50102df0fb23a8fa9e8effad8fa81386","name":"enequipo","image":{"@type":"ImageObject","inLanguage":"es","@id":"https:\/\/www.sonoraenequipo.com.mx\/#\/schema\/person\/image\/","url":"https:\/\/secure.gravatar.com\/avatar\/049821681b589dabc0bc20695993ccebb09f5b5d4d790cd9251b97faac7c652b?s=96&d=blank&r=g","contentUrl":"https:\/\/secure.gravatar.com\/avatar\/049821681b589dabc0bc20695993ccebb09f5b5d4d790cd9251b97faac7c652b?s=96&d=blank&r=g","caption":"enequipo"},"sameAs":["https:\/\/www.facebook.com\/SonoraEE"]}]}},"jetpack_featured_media_url":"https:\/\/www.sonoraenequipo.com.mx\/storage\/2024\/12\/dukesh.jpg","_links":{"self":[{"href":"https:\/\/www.sonoraenequipo.com.mx\/api\/wp\/v2\/posts\/206256","targetHints":{"allow":["GET"]}}],"collection":[{"href":"https:\/\/www.sonoraenequipo.com.mx\/api\/wp\/v2\/posts"}],"about":[{"href":"https:\/\/www.sonoraenequipo.com.mx\/api\/wp\/v2\/types\/post"}],"author":[{"embeddable":true,"href":"https:\/\/www.sonoraenequipo.com.mx\/api\/wp\/v2\/users\/1"}],"replies":[{"embeddable":true,"href":"https:\/\/www.sonoraenequipo.com.mx\/api\/wp\/v2\/comments?post=206256"}],"version-history":[{"count":1,"href":"https:\/\/www.sonoraenequipo.com.mx\/api\/wp\/v2\/posts\/206256\/revisions"}],"predecessor-version":[{"id":206258,"href":"https:\/\/www.sonoraenequipo.com.mx\/api\/wp\/v2\/posts\/206256\/revisions\/206258"}],"wp:featuredmedia":[{"embeddable":true,"href":"https:\/\/www.sonoraenequipo.com.mx\/api\/wp\/v2\/media\/206257"}],"wp:attachment":[{"href":"https:\/\/www.sonoraenequipo.com.mx\/api\/wp\/v2\/media?parent=206256"}],"wp:term":[{"taxonomy":"category","embeddable":true,"href":"https:\/\/www.sonoraenequipo.com.mx\/api\/wp\/v2\/categories?post=206256"},{"taxonomy":"post_tag","embeddable":true,"href":"https:\/\/www.sonoraenequipo.com.mx\/api\/wp\/v2\/tags?post=206256"}],"curies":[{"name":"wp","href":"https:\/\/api.w.org\/{rel}","templated":true}]}}