{"id":206259,"date":"2024-12-15T15:40:54","date_gmt":"2024-12-15T22:40:54","guid":{"rendered":"https:\/\/www.sonoraenequipo.com.mx\/?p=206259"},"modified":"2024-12-15T15:40:54","modified_gmt":"2024-12-15T22:40:54","slug":"impulsa-tono-astiazaran-participacion-de-jovenes-en-programas-del-gobierno-de-hermosillo","status":"publish","type":"post","link":"https:\/\/www.sonoraenequipo.com.mx\/impulsa-tono-astiazaran-participacion-de-jovenes-en-programas-del-gobierno-de-hermosillo\/","title":{"rendered":"Impulsa To\u00f1o Astiazar\u00e1n participaci\u00f3n de j\u00f3venes en programas del gobierno de Hermosillo"},"content":{"rendered":"<p><strong>HERMOSILLO, SONORA, MX.<\/strong> \u2014 \u201cEl Cabildo Juvenil de Hermosillo no es s\u00f3lo para ser escuchados o proponer, es tambi\u00e9n una oportunidad para abrirse espacios y que m\u00e1s j\u00f3venes participen en la pol\u00edtica\u201d, expres\u00f3 Antonio Astiazar\u00e1n Guti\u00e9rrez al instalar el Cabildo Juvenil de Hermosillo 2024-2025.<\/p>\n<p>&nbsp;<\/p>\n<p>&nbsp;<\/p>\n<p>&nbsp;<\/p>\n<p>El presidente municipal dio la bienvenida a la segunda generaci\u00f3n de Cabildo Juvenil, una iniciativa que surge en su administraci\u00f3n con el prop\u00f3sito de fortalecer el desarrollo de la juventud en los diversos \u00e1mbitos en que se desenvuelven.<\/p>\n<p>&nbsp;<\/p>\n<p>&nbsp;<\/p>\n<p>&nbsp;<\/p>\n<p>Acompa\u00f1ado por titulares de dependencias del Ayuntamiento de Hermosillo, regidoras y regidores platic\u00f3 sobre la importancia del Cabildo Juvenil que en su primera generaci\u00f3n logr\u00f3 la creaci\u00f3n del Consejo Estudiantil Universitario del cual surge la iniciativa del H Bus.<\/p>\n<p>&nbsp;<\/p>\n<p>&nbsp;<\/p>\n<p>&nbsp;<\/p>\n<p>\u201cSe cre\u00f3 el Consejo Estudiantil Universitario, \u00f3rgano que representa las diferentes sociedades de alumnos de universidades y de ah\u00ed naci\u00f3 la idea del programa H Bus que pronto ser\u00e1 una realidad en donde nuestros estudiantes universitarios contar\u00e1n con transporte el\u00e9ctrico gratuito\u201d, destac\u00f3.<\/p>\n<p>&nbsp;<\/p>\n<p>&nbsp;<\/p>\n<p>&nbsp;<\/p>\n<p>La sesi\u00f3n solemne celebrada en la Sala de Cabildo cont\u00f3 con el acto protocolario de instalaci\u00f3n donde j\u00f3venes nombraron los diferentes cargos a desempe\u00f1ar por el periodo 2024-2025 y asumieron el compromiso de trabajar de la mano sin distinci\u00f3n de partidos ni ideolog\u00edas como el Gobierno Municipal.<\/p>\n<p>&nbsp;<\/p>\n<p>&nbsp;<\/p>\n<p>&nbsp;<\/p>\n<p>Rindieron protesta Karim Abraham L\u00f3pez Gonz\u00e1lez, presidente municipal; Mayra Ail\u00edn Moreno Ortiz, s\u00edndica Municipal; Dahana Marlene Monroy Morales, regidora \u00e9tnica y Francis Pamela Aramburo P\u00e9rez, secretaria del Ayuntamiento de Hermosillo.<\/p>\n<p>&nbsp;<\/p>\n<p>&nbsp;<\/p>\n<p>&nbsp;<\/p>\n<p>Como regidoras y regidores Agust\u00edn Alejandro Cruz Moreno, Alejandra Luis Cruz, Andrea Meneses Ojeda, \u00c1ngel Ronaldo R\u00edos Ram\u00edrez, Arantxa Gricelda Villanez Ju\u00e1rez, Camila Guadalupe Henry Vejar, C\u00e9sar D\u00edaz Maldonado y Christian Jes\u00fas Romanos Hurtado.<\/p>\n<p>&nbsp;<\/p>\n<p>&nbsp;<\/p>\n<p>&nbsp;<\/p>\n<p>Tambi\u00e9n Danna Luc\u00eda Moreno Jim\u00e9nez, F\u00e1tima Gonz\u00e1lez V\u00e1squez, Israel L\u00f3pez Sa\u00f1udo, Jenifer Viridiana Mart\u00ednez Dur\u00e1n, Jes\u00fas Russel C\u00e1rdenas Jim\u00e9nez, Jorge Luis Artee Tirado y Jos\u00e9 Manuel V\u00e1squez B\u00f3rquez.<\/p>\n<p>&nbsp;<\/p>\n<p>&nbsp;<\/p>\n<p>&nbsp;<\/p>\n<p>Asistieron tambi\u00e9n el director del Instituto Hermosillense de la Juventud, Francisco Villaescusa Carrillo; Ana Paula Villalvazo quien fungi\u00f3 como presidenta en la primera generaci\u00f3n y actualmente como regidora, as\u00ed como tambi\u00e9n, titulares de dependencias, regidoras y regidores.<\/p>\n<p><strong>Fecha de publicaci\u00f3n domingo 15 de diciembre de 2024 \/<\/strong><\/p>\n<p>&nbsp;<\/p>\n","protected":false},"excerpt":{"rendered":"<p>HERMOSILLO, SONORA, MX. \u2014 \u201cEl Cabildo Juvenil de Hermosillo no es s\u00f3lo para ser escuchados&#8230;<\/p>\n","protected":false},"author":1,"featured_media":206260,"comment_status":"open","ping_status":"open","sticky":false,"template":"","format":"standard","meta":{"_monsterinsights_skip_tracking":false,"_monsterinsights_sitenote_active":false,"_monsterinsights_sitenote_note":"","_monsterinsights_sitenote_category":0,"footnotes":""},"categories":[4],"tags":[35,10627,7468],"class_list":["post"],"yoast_head":" \n<title>Sonora en Equipo. Impulsa To\u00f1o Astiazar\u00e1n participaci\u00f3n de j\u00f3venes en programas del gobierno de Hermosillo Municipios<\/title>\n<meta name=\"description\" content=\"HERMOSILLO, SONORA, MX. \u2014 \u201cEl Cabildo Juvenil de Hermosillo no es s\u00f3lo para ser escuchados o proponer, es tambi\u00e9n una oportunidad para abrirse espacios y En Sonora en Equipo publicamos toda la informaci\u00f3n de Sonora, M\u00e9xico y el Mundo de manera oportuna y busca que la libertad de expresi\u00f3n sea real. Visita nuestro medio informativo publicado desde Hermosillo, Sonora. %\" \/>\n<meta name=\"robots\" content=\"index, follow, max-snippet:-1, max-image-preview:large, max-video-preview:-1\" \/>\n<link rel=\"canonical\" href=\"https:\/\/www.sonoraenequipo.com.mx\/impulsa-tono-astiazaran-participacion-de-jovenes-en-programas-del-gobierno-de-hermosillo\/\" \/>\n<meta property=\"og:locale\" content=\"es_ES\" \/>\n<meta property=\"og:type\" content=\"article\" \/>\n<meta property=\"og:title\" content=\"Sonora en Equipo. Impulsa To\u00f1o Astiazar\u00e1n participaci\u00f3n de j\u00f3venes en programas del gobierno de Hermosillo Municipios\" \/>\n<meta property=\"og:description\" content=\"HERMOSILLO, SONORA, MX. \u2014 \u201cEl Cabildo Juvenil de Hermosillo no es s\u00f3lo para ser escuchados o proponer, es tambi\u00e9n una oportunidad para abrirse espacios y En Sonora en Equipo publicamos toda la informaci\u00f3n de Sonora, M\u00e9xico y el Mundo de manera oportuna y busca que la libertad de expresi\u00f3n sea real. Visita nuestro medio informativo publicado desde Hermosillo, Sonora. %\" \/>\n<meta property=\"og:url\" content=\"https:\/\/www.sonoraenequipo.com.mx\/impulsa-tono-astiazaran-participacion-de-jovenes-en-programas-del-gobierno-de-hermosillo\/\" \/>\n<meta property=\"og:site_name\" content=\"Sonora en Equipo.\" \/>\n<meta property=\"article:publisher\" content=\"https:\/\/www.facebook.com\/SonoraEE\/\" \/>\n<meta property=\"article:author\" content=\"https:\/\/www.facebook.com\/SonoraEE\" \/>\n<meta property=\"article:published_time\" content=\"2024-12-15T22:40:54+00:00\" \/>\n<meta property=\"og:image\" content=\"https:\/\/www.sonoraenequipo.com.mx\/storage\/2024\/12\/tono-jovenes.jpg\" \/>\n\t<meta property=\"og:image:width\" content=\"600\" \/>\n\t<meta property=\"og:image:height\" content=\"400\" \/>\n\t<meta property=\"og:image:type\" content=\"image\/jpeg\" \/>\n<meta name=\"author\" content=\"enequipo\" \/>\n<meta name=\"twitter:card\" content=\"summary_large_image\" \/>\n<meta name=\"twitter:creator\" content=\"@sonoraenequipo\" \/>\n<meta name=\"twitter:site\" content=\"@sonoraenequipo\" \/>\n<meta name=\"twitter:label1\" content=\"Escrito por\" \/>\n\t<meta name=\"twitter:data1\" content=\"enequipo\" \/>\n\t<meta name=\"twitter:label2\" content=\"Tiempo de lectura\" \/>\n\t<meta name=\"twitter:data2\" content=\"2 minutos\" \/>\n<script type=\"application\/ld+json\" class=\"yoast-schema-graph\">{\"@context\":\"https:\/\/schema.org\",\"@graph\":[{\"@type\":\"Article\",\"@id\":\"https:\/\/www.sonoraenequipo.com.mx\/impulsa-tono-astiazaran-participacion-de-jovenes-en-programas-del-gobierno-de-hermosillo\/#article\",\"isPartOf\":{\"@id\":\"https:\/\/www.sonoraenequipo.com.mx\/impulsa-tono-astiazaran-participacion-de-jovenes-en-programas-del-gobierno-de-hermosillo\/\"},\"author\":{\"name\":\"enequipo\",\"@id\":\"https:\/\/www.sonoraenequipo.com.mx\/#\/schema\/person\/50102df0fb23a8fa9e8effad8fa81386\"},\"headline\":\"Impulsa To\u00f1o Astiazar\u00e1n participaci\u00f3n de j\u00f3venes en programas del gobierno de Hermosillo\",\"datePublished\":\"2024-12-15T22:40:54+00:00\",\"mainEntityOfPage\":{\"@id\":\"https:\/\/www.sonoraenequipo.com.mx\/impulsa-tono-astiazaran-participacion-de-jovenes-en-programas-del-gobierno-de-hermosillo\/\"},\"wordCount\":438,\"commentCount\":0,\"publisher\":{\"@id\":\"https:\/\/www.sonoraenequipo.com.mx\/#organization\"},\"image\":{\"@id\":\"https:\/\/www.sonoraenequipo.com.mx\/impulsa-tono-astiazaran-participacion-de-jovenes-en-programas-del-gobierno-de-hermosillo\/#primaryimage\"},\"thumbnailUrl\":\"https:\/\/www.sonoraenequipo.com.mx\/storage\/2024\/12\/tono-jovenes.jpg\",\"keywords\":[\"hermosillo\",\"joves\",\"programas\"],\"articleSection\":[\"Municipios\"],\"inLanguage\":\"es\",\"potentialAction\":[{\"@type\":\"CommentAction\",\"name\":\"Comment\",\"target\":[\"https:\/\/www.sonoraenequipo.com.mx\/impulsa-tono-astiazaran-participacion-de-jovenes-en-programas-del-gobierno-de-hermosillo\/#respond\"]}]},{\"@type\":\"WebPage\",\"@id\":\"https:\/\/www.sonoraenequipo.com.mx\/impulsa-tono-astiazaran-participacion-de-jovenes-en-programas-del-gobierno-de-hermosillo\/\",\"url\":\"https:\/\/www.sonoraenequipo.com.mx\/impulsa-tono-astiazaran-participacion-de-jovenes-en-programas-del-gobierno-de-hermosillo\/\",\"name\":\"Sonora en Equipo. Impulsa To\u00f1o Astiazar\u00e1n participaci\u00f3n de j\u00f3venes en programas del gobierno de Hermosillo Municipios\",\"isPartOf\":{\"@id\":\"https:\/\/www.sonoraenequipo.com.mx\/#website\"},\"primaryImageOfPage\":{\"@id\":\"https:\/\/www.sonoraenequipo.com.mx\/impulsa-tono-astiazaran-participacion-de-jovenes-en-programas-del-gobierno-de-hermosillo\/#primaryimage\"},\"image\":{\"@id\":\"https:\/\/www.sonoraenequipo.com.mx\/impulsa-tono-astiazaran-participacion-de-jovenes-en-programas-del-gobierno-de-hermosillo\/#primaryimage\"},\"thumbnailUrl\":\"https:\/\/www.sonoraenequipo.com.mx\/storage\/2024\/12\/tono-jovenes.jpg\",\"datePublished\":\"2024-12-15T22:40:54+00:00\",\"description\":\"HERMOSILLO, SONORA, MX. \u2014 \u201cEl Cabildo Juvenil de Hermosillo no es s\u00f3lo para ser escuchados o proponer, es tambi\u00e9n una oportunidad para abrirse espacios y En Sonora en Equipo publicamos toda la informaci\u00f3n de Sonora, M\u00e9xico y el Mundo de manera oportuna y busca que la libertad de expresi\u00f3n sea real. Visita nuestro medio informativo publicado desde Hermosillo, Sonora. %\",\"breadcrumb\":{\"@id\":\"https:\/\/www.sonoraenequipo.com.mx\/impulsa-tono-astiazaran-participacion-de-jovenes-en-programas-del-gobierno-de-hermosillo\/#breadcrumb\"},\"inLanguage\":\"es\",\"potentialAction\":[{\"@type\":\"ReadAction\",\"target\":[\"https:\/\/www.sonoraenequipo.com.mx\/impulsa-tono-astiazaran-participacion-de-jovenes-en-programas-del-gobierno-de-hermosillo\/\"]}]},{\"@type\":\"ImageObject\",\"inLanguage\":\"es\",\"@id\":\"https:\/\/www.sonoraenequipo.com.mx\/impulsa-tono-astiazaran-participacion-de-jovenes-en-programas-del-gobierno-de-hermosillo\/#primaryimage\",\"url\":\"https:\/\/www.sonoraenequipo.com.mx\/storage\/2024\/12\/tono-jovenes.jpg\",\"contentUrl\":\"https:\/\/www.sonoraenequipo.com.mx\/storage\/2024\/12\/tono-jovenes.jpg\",\"width\":600,\"height\":400},{\"@type\":\"BreadcrumbList\",\"@id\":\"https:\/\/www.sonoraenequipo.com.mx\/impulsa-tono-astiazaran-participacion-de-jovenes-en-programas-del-gobierno-de-hermosillo\/#breadcrumb\",\"itemListElement\":[{\"@type\":\"ListItem\",\"position\":1,\"name\":\"Portada\",\"item\":\"https:\/\/www.sonoraenequipo.com.mx\/\"},{\"@type\":\"ListItem\",\"position\":2,\"name\":\"Impulsa To\u00f1o Astiazar\u00e1n participaci\u00f3n de j\u00f3venes en programas del gobierno de Hermosillo\"}]},{\"@type\":\"WebSite\",\"@id\":\"https:\/\/www.sonoraenequipo.com.mx\/#website\",\"url\":\"https:\/\/www.sonoraenequipo.com.mx\/\",\"name\":\"Sonora en Equipo.\",\"description\":\"Diario en l\u00ednea con Noticias desde Hermosillo, Sonora\",\"publisher\":{\"@id\":\"https:\/\/www.sonoraenequipo.com.mx\/#organization\"},\"potentialAction\":[{\"@type\":\"SearchAction\",\"target\":{\"@type\":\"EntryPoint\",\"urlTemplate\":\"https:\/\/www.sonoraenequipo.com.mx\/?s={search_term_string}\"},\"query-input\":{\"@type\":\"PropertyValueSpecification\",\"valueRequired\":true,\"valueName\":\"search_term_string\"}}],\"inLanguage\":\"es\"},{\"@type\":\"Organization\",\"@id\":\"https:\/\/www.sonoraenequipo.com.mx\/#organization\",\"name\":\"Sonoraenequipo.com.mx\",\"url\":\"https:\/\/www.sonoraenequipo.com.mx\/\",\"logo\":{\"@type\":\"ImageObject\",\"inLanguage\":\"es\",\"@id\":\"https:\/\/www.sonoraenequipo.com.mx\/#\/schema\/logo\/image\/\",\"url\":\"https:\/\/www.sonoraenequipo.com.mx\/storage\/2019\/01\/sonoraenequipo_opt.png\",\"contentUrl\":\"https:\/\/www.sonoraenequipo.com.mx\/storage\/2019\/01\/sonoraenequipo_opt.png\",\"width\":375,\"height\":125,\"caption\":\"Sonoraenequipo.com.mx\"},\"image\":{\"@id\":\"https:\/\/www.sonoraenequipo.com.mx\/#\/schema\/logo\/image\/\"},\"sameAs\":[\"https:\/\/www.facebook.com\/SonoraEE\/\",\"https:\/\/x.com\/sonoraenequipo\",\"https:\/\/www.youtube.com\/channel\/UC338nW-lPEYmJQs4ZABQ1SQ\"]},{\"@type\":\"Person\",\"@id\":\"https:\/\/www.sonoraenequipo.com.mx\/#\/schema\/person\/50102df0fb23a8fa9e8effad8fa81386\",\"name\":\"enequipo\",\"image\":{\"@type\":\"ImageObject\",\"inLanguage\":\"es\",\"@id\":\"https:\/\/www.sonoraenequipo.com.mx\/#\/schema\/person\/image\/\",\"url\":\"https:\/\/secure.gravatar.com\/avatar\/049821681b589dabc0bc20695993ccebb09f5b5d4d790cd9251b97faac7c652b?s=96&d=blank&r=g\",\"contentUrl\":\"https:\/\/secure.gravatar.com\/avatar\/049821681b589dabc0bc20695993ccebb09f5b5d4d790cd9251b97faac7c652b?s=96&d=blank&r=g\",\"caption\":\"enequipo\"},\"sameAs\":[\"https:\/\/www.facebook.com\/SonoraEE\"]}]}<\/script>\n ","yoast_head_json":{"title":"Sonora en Equipo. Impulsa To\u00f1o Astiazar\u00e1n participaci\u00f3n de j\u00f3venes en programas del gobierno de Hermosillo Municipios","description":"HERMOSILLO, SONORA, MX. \u2014 \u201cEl Cabildo Juvenil de Hermosillo no es s\u00f3lo para ser escuchados o proponer, es tambi\u00e9n una oportunidad para abrirse espacios y En Sonora en Equipo publicamos toda la informaci\u00f3n de Sonora, M\u00e9xico y el Mundo de manera oportuna y busca que la libertad de expresi\u00f3n sea real. Visita nuestro medio informativo publicado desde Hermosillo, Sonora. %","robots":{"index":"index","follow":"follow","max-snippet":"max-snippet:-1","max-image-preview":"max-image-preview:large","max-video-preview":"max-video-preview:-1"},"canonical":"https:\/\/www.sonoraenequipo.com.mx\/impulsa-tono-astiazaran-participacion-de-jovenes-en-programas-del-gobierno-de-hermosillo\/","og_locale":"es_ES","og_type":"article","og_title":"Sonora en Equipo. Impulsa To\u00f1o Astiazar\u00e1n participaci\u00f3n de j\u00f3venes en programas del gobierno de Hermosillo Municipios","og_description":"HERMOSILLO, SONORA, MX. \u2014 \u201cEl Cabildo Juvenil de Hermosillo no es s\u00f3lo para ser escuchados o proponer, es tambi\u00e9n una oportunidad para abrirse espacios y En Sonora en Equipo publicamos toda la informaci\u00f3n de Sonora, M\u00e9xico y el Mundo de manera oportuna y busca que la libertad de expresi\u00f3n sea real. Visita nuestro medio informativo publicado desde Hermosillo, Sonora. %","og_url":"https:\/\/www.sonoraenequipo.com.mx\/impulsa-tono-astiazaran-participacion-de-jovenes-en-programas-del-gobierno-de-hermosillo\/","og_site_name":"Sonora en Equipo.","article_publisher":"https:\/\/www.facebook.com\/SonoraEE\/","article_author":"https:\/\/www.facebook.com\/SonoraEE","article_published_time":"2024-12-15T22:40:54+00:00","og_image":[{"width":600,"height":400,"url":"https:\/\/www.sonoraenequipo.com.mx\/storage\/2024\/12\/tono-jovenes.jpg","type":"image\/jpeg"}],"author":"enequipo","twitter_card":"summary_large_image","twitter_creator":"@sonoraenequipo","twitter_site":"@sonoraenequipo","twitter_misc":{"Escrito por":"enequipo","Tiempo de lectura":"2 minutos"},"schema":{"@context":"https:\/\/schema.org","@graph":[{"@type":"Article","@id":"https:\/\/www.sonoraenequipo.com.mx\/impulsa-tono-astiazaran-participacion-de-jovenes-en-programas-del-gobierno-de-hermosillo\/#article","isPartOf":{"@id":"https:\/\/www.sonoraenequipo.com.mx\/impulsa-tono-astiazaran-participacion-de-jovenes-en-programas-del-gobierno-de-hermosillo\/"},"author":{"name":"enequipo","@id":"https:\/\/www.sonoraenequipo.com.mx\/#\/schema\/person\/50102df0fb23a8fa9e8effad8fa81386"},"headline":"Impulsa To\u00f1o Astiazar\u00e1n participaci\u00f3n de j\u00f3venes en programas del gobierno de Hermosillo","datePublished":"2024-12-15T22:40:54+00:00","mainEntityOfPage":{"@id":"https:\/\/www.sonoraenequipo.com.mx\/impulsa-tono-astiazaran-participacion-de-jovenes-en-programas-del-gobierno-de-hermosillo\/"},"wordCount":438,"commentCount":0,"publisher":{"@id":"https:\/\/www.sonoraenequipo.com.mx\/#organization"},"image":{"@id":"https:\/\/www.sonoraenequipo.com.mx\/impulsa-tono-astiazaran-participacion-de-jovenes-en-programas-del-gobierno-de-hermosillo\/#primaryimage"},"thumbnailUrl":"https:\/\/www.sonoraenequipo.com.mx\/storage\/2024\/12\/tono-jovenes.jpg","keywords":["hermosillo","joves","programas"],"articleSection":["Municipios"],"inLanguage":"es","potentialAction":[{"@type":"CommentAction","name":"Comment","target":["https:\/\/www.sonoraenequipo.com.mx\/impulsa-tono-astiazaran-participacion-de-jovenes-en-programas-del-gobierno-de-hermosillo\/#respond"]}]},{"@type":"WebPage","@id":"https:\/\/www.sonoraenequipo.com.mx\/impulsa-tono-astiazaran-participacion-de-jovenes-en-programas-del-gobierno-de-hermosillo\/","url":"https:\/\/www.sonoraenequipo.com.mx\/impulsa-tono-astiazaran-participacion-de-jovenes-en-programas-del-gobierno-de-hermosillo\/","name":"Sonora en Equipo. Impulsa To\u00f1o Astiazar\u00e1n participaci\u00f3n de j\u00f3venes en programas del gobierno de Hermosillo Municipios","isPartOf":{"@id":"https:\/\/www.sonoraenequipo.com.mx\/#website"},"primaryImageOfPage":{"@id":"https:\/\/www.sonoraenequipo.com.mx\/impulsa-tono-astiazaran-participacion-de-jovenes-en-programas-del-gobierno-de-hermosillo\/#primaryimage"},"image":{"@id":"https:\/\/www.sonoraenequipo.com.mx\/impulsa-tono-astiazaran-participacion-de-jovenes-en-programas-del-gobierno-de-hermosillo\/#primaryimage"},"thumbnailUrl":"https:\/\/www.sonoraenequipo.com.mx\/storage\/2024\/12\/tono-jovenes.jpg","datePublished":"2024-12-15T22:40:54+00:00","description":"HERMOSILLO, SONORA, MX. \u2014 \u201cEl Cabildo Juvenil de Hermosillo no es s\u00f3lo para ser escuchados o proponer, es tambi\u00e9n una oportunidad para abrirse espacios y En Sonora en Equipo publicamos toda la informaci\u00f3n de Sonora, M\u00e9xico y el Mundo de manera oportuna y busca que la libertad de expresi\u00f3n sea real. Visita nuestro medio informativo publicado desde Hermosillo, Sonora. %","breadcrumb":{"@id":"https:\/\/www.sonoraenequipo.com.mx\/impulsa-tono-astiazaran-participacion-de-jovenes-en-programas-del-gobierno-de-hermosillo\/#breadcrumb"},"inLanguage":"es","potentialAction":[{"@type":"ReadAction","target":["https:\/\/www.sonoraenequipo.com.mx\/impulsa-tono-astiazaran-participacion-de-jovenes-en-programas-del-gobierno-de-hermosillo\/"]}]},{"@type":"ImageObject","inLanguage":"es","@id":"https:\/\/www.sonoraenequipo.com.mx\/impulsa-tono-astiazaran-participacion-de-jovenes-en-programas-del-gobierno-de-hermosillo\/#primaryimage","url":"https:\/\/www.sonoraenequipo.com.mx\/storage\/2024\/12\/tono-jovenes.jpg","contentUrl":"https:\/\/www.sonoraenequipo.com.mx\/storage\/2024\/12\/tono-jovenes.jpg","width":600,"height":400},{"@type":"BreadcrumbList","@id":"https:\/\/www.sonoraenequipo.com.mx\/impulsa-tono-astiazaran-participacion-de-jovenes-en-programas-del-gobierno-de-hermosillo\/#breadcrumb","itemListElement":[{"@type":"ListItem","position":1,"name":"Portada","item":"https:\/\/www.sonoraenequipo.com.mx\/"},{"@type":"ListItem","position":2,"name":"Impulsa To\u00f1o Astiazar\u00e1n participaci\u00f3n de j\u00f3venes en programas del gobierno de Hermosillo"}]},{"@type":"WebSite","@id":"https:\/\/www.sonoraenequipo.com.mx\/#website","url":"https:\/\/www.sonoraenequipo.com.mx\/","name":"Sonora en Equipo.","description":"Diario en l\u00ednea con Noticias desde Hermosillo, Sonora","publisher":{"@id":"https:\/\/www.sonoraenequipo.com.mx\/#organization"},"potentialAction":[{"@type":"SearchAction","target":{"@type":"EntryPoint","urlTemplate":"https:\/\/www.sonoraenequipo.com.mx\/?s={search_term_string}"},"query-input":{"@type":"PropertyValueSpecification","valueRequired":true,"valueName":"search_term_string"}}],"inLanguage":"es"},{"@type":"Organization","@id":"https:\/\/www.sonoraenequipo.com.mx\/#organization","name":"Sonoraenequipo.com.mx","url":"https:\/\/www.sonoraenequipo.com.mx\/","logo":{"@type":"ImageObject","inLanguage":"es","@id":"https:\/\/www.sonoraenequipo.com.mx\/#\/schema\/logo\/image\/","url":"https:\/\/www.sonoraenequipo.com.mx\/storage\/2019\/01\/sonoraenequipo_opt.png","contentUrl":"https:\/\/www.sonoraenequipo.com.mx\/storage\/2019\/01\/sonoraenequipo_opt.png","width":375,"height":125,"caption":"Sonoraenequipo.com.mx"},"image":{"@id":"https:\/\/www.sonoraenequipo.com.mx\/#\/schema\/logo\/image\/"},"sameAs":["https:\/\/www.facebook.com\/SonoraEE\/","https:\/\/x.com\/sonoraenequipo","https:\/\/www.youtube.com\/channel\/UC338nW-lPEYmJQs4ZABQ1SQ"]},{"@type":"Person","@id":"https:\/\/www.sonoraenequipo.com.mx\/#\/schema\/person\/50102df0fb23a8fa9e8effad8fa81386","name":"enequipo","image":{"@type":"ImageObject","inLanguage":"es","@id":"https:\/\/www.sonoraenequipo.com.mx\/#\/schema\/person\/image\/","url":"https:\/\/secure.gravatar.com\/avatar\/049821681b589dabc0bc20695993ccebb09f5b5d4d790cd9251b97faac7c652b?s=96&d=blank&r=g","contentUrl":"https:\/\/secure.gravatar.com\/avatar\/049821681b589dabc0bc20695993ccebb09f5b5d4d790cd9251b97faac7c652b?s=96&d=blank&r=g","caption":"enequipo"},"sameAs":["https:\/\/www.facebook.com\/SonoraEE"]}]}},"jetpack_featured_media_url":"https:\/\/www.sonoraenequipo.com.mx\/storage\/2024\/12\/tono-jovenes.jpg","_links":{"self":[{"href":"https:\/\/www.sonoraenequipo.com.mx\/api\/wp\/v2\/posts\/206259","targetHints":{"allow":["GET"]}}],"collection":[{"href":"https:\/\/www.sonoraenequipo.com.mx\/api\/wp\/v2\/posts"}],"about":[{"href":"https:\/\/www.sonoraenequipo.com.mx\/api\/wp\/v2\/types\/post"}],"author":[{"embeddable":true,"href":"https:\/\/www.sonoraenequipo.com.mx\/api\/wp\/v2\/users\/1"}],"replies":[{"embeddable":true,"href":"https:\/\/www.sonoraenequipo.com.mx\/api\/wp\/v2\/comments?post=206259"}],"version-history":[{"count":1,"href":"https:\/\/www.sonoraenequipo.com.mx\/api\/wp\/v2\/posts\/206259\/revisions"}],"predecessor-version":[{"id":206261,"href":"https:\/\/www.sonoraenequipo.com.mx\/api\/wp\/v2\/posts\/206259\/revisions\/206261"}],"wp:featuredmedia":[{"embeddable":true,"href":"https:\/\/www.sonoraenequipo.com.mx\/api\/wp\/v2\/media\/206260"}],"wp:attachment":[{"href":"https:\/\/www.sonoraenequipo.com.mx\/api\/wp\/v2\/media?parent=206259"}],"wp:term":[{"taxonomy":"category","embeddable":true,"href":"https:\/\/www.sonoraenequipo.com.mx\/api\/wp\/v2\/categories?post=206259"},{"taxonomy":"post_tag","embeddable":true,"href":"https:\/\/www.sonoraenequipo.com.mx\/api\/wp\/v2\/tags?post=206259"}],"curies":[{"name":"wp","href":"https:\/\/api.w.org\/{rel}","templated":true}]}}