{"id":206269,"date":"2024-12-15T16:23:27","date_gmt":"2024-12-15T23:23:27","guid":{"rendered":"https:\/\/www.sonoraenequipo.com.mx\/?p=206269"},"modified":"2024-12-15T16:23:27","modified_gmt":"2024-12-15T23:23:27","slug":"con-impulso-del-gobernador-durazo-proyecto-de-itesca-es-finalista-del-programa-de-vivienda-nacional","status":"publish","type":"post","link":"https:\/\/www.sonoraenequipo.com.mx\/con-impulso-del-gobernador-durazo-proyecto-de-itesca-es-finalista-del-programa-de-vivienda-nacional\/","title":{"rendered":"Con impulso del Gobernador Durazo proyecto de Itesca es finalista del programa de vivienda nacional"},"content":{"rendered":"<p><strong>CAJEME, SONORA, MX.<\/strong><strong> \u0336 \u0336\u00a0 <\/strong>El proyecto arquitect\u00f3nico \u201cLa Choya\u201d, desarrollado por Iris Nayeli Urbina Alvarado y Jenifher Yoseline Vega Clark, estudiantes del noveno semestre de la carrera de Arquitectura del Instituto Tecnol\u00f3gico Superior de Cajeme (Itesca), fue seleccionado como finalista para formar parte del Programa de Vivienda para el Bienestar.<\/p>\n<p>&nbsp;<\/p>\n<p>&nbsp;<\/p>\n<p>&nbsp;<\/p>\n<p>Margarita V\u00e9lez de la Rocha, directora general del Itesca, destac\u00f3 que las j\u00f3venes participaron en la Exposici\u00f3n del Proyecto Nacional de Vivienda TecNM-Infonavit, realizado en la Ciudad de M\u00e9xico, donde tambi\u00e9n presentaron la propuesta denominada \u201cLos Cabos\u201d.<\/p>\n<p>&nbsp;<\/p>\n<p>&nbsp;<\/p>\n<p>&nbsp;<\/p>\n<p>La funcionaria estatal reconoci\u00f3 el talento de las sonorenses, quienes hicieron propuestas arquitect\u00f3nicas novedosas para formar parte del programa impulsado por la presidenta Claudia Sheinbaum Pardo, a trav\u00e9s del Instituto del Fondo Nacional de la Vivienda para los Trabajadores (Infonavit), con la colaboraci\u00f3n del Tecnol\u00f3gico Nacional de M\u00e9xico (TecNM).<\/p>\n<p>&nbsp;<\/p>\n<p>&nbsp;<\/p>\n<p>&nbsp;<\/p>\n<p>V\u00e9lez de la Rocha detall\u00f3 que Iris Nayeli y Jenifher Yoseline son asesoradas por los docentes de Arquitectura Luis Alberto Cuevas Oth\u00f3n y Fernando Gabriel Lule Mart\u00ednez.<\/p>\n<p>&nbsp;<\/p>\n<p>&nbsp;<\/p>\n<p>&nbsp;<\/p>\n<p>Las propuestas de las estudiantes de Itesca consisten en conjuntos habitacionales en los que se privilegian las \u00e1reas verdes y \u00e1reas sociales, promoviendo la cohesi\u00f3n social para recuperar el tejido comunitario, adem\u00e1s de impulsar la sustentabilidad econ\u00f3mica, al integrar \u00e1reas comerciales en algunos m\u00f3dulos de vivienda.<\/p>\n<p>&nbsp;<\/p>\n<p>&nbsp;<\/p>\n<p>&nbsp;<\/p>\n<p>Los d\u00edas 22 de diciembre del presente a\u00f1o, 29 de enero y 30 de marzo del a\u00f1o 2025, se entregar\u00e1n 92 proyectos arquitect\u00f3nicos, siendo Sonora una de las tres entidades que participar\u00e1 con propuestas en esas tres fechas.<\/p>\n<p><strong>Fecha de publicaci\u00f3n domingo 15 de diciembre de 2024 \/<\/strong><\/p>\n","protected":false},"excerpt":{"rendered":"<p>CAJEME, SONORA, MX. \u0336 \u0336\u00a0 El proyecto arquitect\u00f3nico \u201cLa Choya\u201d, desarrollado por Iris Nayeli Urbina&#8230;<\/p>\n","protected":false},"author":1,"featured_media":206270,"comment_status":"open","ping_status":"open","sticky":false,"template":"","format":"standard","meta":{"_monsterinsights_skip_tracking":false,"_monsterinsights_sitenote_active":false,"_monsterinsights_sitenote_note":"","_monsterinsights_sitenote_category":0,"footnotes":""},"categories":[22],"tags":[6633,2304],"class_list":["post"],"yoast_head":" \n<title>Sonora en Equipo. Con impulso del Gobernador Durazo proyecto de Itesca es finalista del programa de vivienda nacional Sonora<\/title>\n<meta name=\"description\" content=\"CAJEME, SONORA, MX. \u0336 \u0336\u00a0 El proyecto arquitect\u00f3nico \u201cLa Choya\u201d, desarrollado por Iris Nayeli Urbina Alvarado y Jenifher Yoseline Vega Clark, estudiantes En Sonora en Equipo publicamos toda la informaci\u00f3n de Sonora, M\u00e9xico y el Mundo de manera oportuna y busca que la libertad de expresi\u00f3n sea real. Visita nuestro medio informativo publicado desde Hermosillo, Sonora. %\" \/>\n<meta name=\"robots\" content=\"index, follow, max-snippet:-1, max-image-preview:large, max-video-preview:-1\" \/>\n<link rel=\"canonical\" href=\"https:\/\/www.sonoraenequipo.com.mx\/con-impulso-del-gobernador-durazo-proyecto-de-itesca-es-finalista-del-programa-de-vivienda-nacional\/\" \/>\n<meta property=\"og:locale\" content=\"es_ES\" \/>\n<meta property=\"og:type\" content=\"article\" \/>\n<meta property=\"og:title\" content=\"Sonora en Equipo. Con impulso del Gobernador Durazo proyecto de Itesca es finalista del programa de vivienda nacional Sonora\" \/>\n<meta property=\"og:description\" content=\"CAJEME, SONORA, MX. \u0336 \u0336\u00a0 El proyecto arquitect\u00f3nico \u201cLa Choya\u201d, desarrollado por Iris Nayeli Urbina Alvarado y Jenifher Yoseline Vega Clark, estudiantes En Sonora en Equipo publicamos toda la informaci\u00f3n de Sonora, M\u00e9xico y el Mundo de manera oportuna y busca que la libertad de expresi\u00f3n sea real. Visita nuestro medio informativo publicado desde Hermosillo, Sonora. %\" \/>\n<meta property=\"og:url\" content=\"https:\/\/www.sonoraenequipo.com.mx\/con-impulso-del-gobernador-durazo-proyecto-de-itesca-es-finalista-del-programa-de-vivienda-nacional\/\" \/>\n<meta property=\"og:site_name\" content=\"Sonora en Equipo.\" \/>\n<meta property=\"article:publisher\" content=\"https:\/\/www.facebook.com\/SonoraEE\/\" \/>\n<meta property=\"article:author\" content=\"https:\/\/www.facebook.com\/SonoraEE\" \/>\n<meta property=\"article:published_time\" content=\"2024-12-15T23:23:27+00:00\" \/>\n<meta property=\"og:image\" content=\"https:\/\/www.sonoraenequipo.com.mx\/storage\/2024\/12\/itesca-vivienda.jpg\" \/>\n\t<meta property=\"og:image:width\" content=\"600\" \/>\n\t<meta property=\"og:image:height\" content=\"338\" \/>\n\t<meta property=\"og:image:type\" content=\"image\/jpeg\" \/>\n<meta name=\"author\" content=\"enequipo\" \/>\n<meta name=\"twitter:card\" content=\"summary_large_image\" \/>\n<meta name=\"twitter:creator\" content=\"@sonoraenequipo\" \/>\n<meta name=\"twitter:site\" content=\"@sonoraenequipo\" \/>\n<meta name=\"twitter:label1\" content=\"Escrito por\" \/>\n\t<meta name=\"twitter:data1\" content=\"enequipo\" \/>\n\t<meta name=\"twitter:label2\" content=\"Tiempo de lectura\" \/>\n\t<meta name=\"twitter:data2\" content=\"1 minuto\" \/>\n<script type=\"application\/ld+json\" class=\"yoast-schema-graph\">{\"@context\":\"https:\/\/schema.org\",\"@graph\":[{\"@type\":\"Article\",\"@id\":\"https:\/\/www.sonoraenequipo.com.mx\/con-impulso-del-gobernador-durazo-proyecto-de-itesca-es-finalista-del-programa-de-vivienda-nacional\/#article\",\"isPartOf\":{\"@id\":\"https:\/\/www.sonoraenequipo.com.mx\/con-impulso-del-gobernador-durazo-proyecto-de-itesca-es-finalista-del-programa-de-vivienda-nacional\/\"},\"author\":{\"name\":\"enequipo\",\"@id\":\"https:\/\/www.sonoraenequipo.com.mx\/#\/schema\/person\/50102df0fb23a8fa9e8effad8fa81386\"},\"headline\":\"Con impulso del Gobernador Durazo proyecto de Itesca es finalista del programa de vivienda nacional\",\"datePublished\":\"2024-12-15T23:23:27+00:00\",\"mainEntityOfPage\":{\"@id\":\"https:\/\/www.sonoraenequipo.com.mx\/con-impulso-del-gobernador-durazo-proyecto-de-itesca-es-finalista-del-programa-de-vivienda-nacional\/\"},\"wordCount\":303,\"commentCount\":0,\"publisher\":{\"@id\":\"https:\/\/www.sonoraenequipo.com.mx\/#organization\"},\"image\":{\"@id\":\"https:\/\/www.sonoraenequipo.com.mx\/con-impulso-del-gobernador-durazo-proyecto-de-itesca-es-finalista-del-programa-de-vivienda-nacional\/#primaryimage\"},\"thumbnailUrl\":\"https:\/\/www.sonoraenequipo.com.mx\/storage\/2024\/12\/itesca-vivienda.jpg\",\"keywords\":[\"itesca\",\"vivienda\"],\"articleSection\":[\"Sonora\"],\"inLanguage\":\"es\",\"potentialAction\":[{\"@type\":\"CommentAction\",\"name\":\"Comment\",\"target\":[\"https:\/\/www.sonoraenequipo.com.mx\/con-impulso-del-gobernador-durazo-proyecto-de-itesca-es-finalista-del-programa-de-vivienda-nacional\/#respond\"]}]},{\"@type\":\"WebPage\",\"@id\":\"https:\/\/www.sonoraenequipo.com.mx\/con-impulso-del-gobernador-durazo-proyecto-de-itesca-es-finalista-del-programa-de-vivienda-nacional\/\",\"url\":\"https:\/\/www.sonoraenequipo.com.mx\/con-impulso-del-gobernador-durazo-proyecto-de-itesca-es-finalista-del-programa-de-vivienda-nacional\/\",\"name\":\"Sonora en Equipo. Con impulso del Gobernador Durazo proyecto de Itesca es finalista del programa de vivienda nacional Sonora\",\"isPartOf\":{\"@id\":\"https:\/\/www.sonoraenequipo.com.mx\/#website\"},\"primaryImageOfPage\":{\"@id\":\"https:\/\/www.sonoraenequipo.com.mx\/con-impulso-del-gobernador-durazo-proyecto-de-itesca-es-finalista-del-programa-de-vivienda-nacional\/#primaryimage\"},\"image\":{\"@id\":\"https:\/\/www.sonoraenequipo.com.mx\/con-impulso-del-gobernador-durazo-proyecto-de-itesca-es-finalista-del-programa-de-vivienda-nacional\/#primaryimage\"},\"thumbnailUrl\":\"https:\/\/www.sonoraenequipo.com.mx\/storage\/2024\/12\/itesca-vivienda.jpg\",\"datePublished\":\"2024-12-15T23:23:27+00:00\",\"description\":\"CAJEME, SONORA, MX. \u0336 \u0336\u00a0 El proyecto arquitect\u00f3nico \u201cLa Choya\u201d, desarrollado por Iris Nayeli Urbina Alvarado y Jenifher Yoseline Vega Clark, estudiantes En Sonora en Equipo publicamos toda la informaci\u00f3n de Sonora, M\u00e9xico y el Mundo de manera oportuna y busca que la libertad de expresi\u00f3n sea real. Visita nuestro medio informativo publicado desde Hermosillo, Sonora. %\",\"breadcrumb\":{\"@id\":\"https:\/\/www.sonoraenequipo.com.mx\/con-impulso-del-gobernador-durazo-proyecto-de-itesca-es-finalista-del-programa-de-vivienda-nacional\/#breadcrumb\"},\"inLanguage\":\"es\",\"potentialAction\":[{\"@type\":\"ReadAction\",\"target\":[\"https:\/\/www.sonoraenequipo.com.mx\/con-impulso-del-gobernador-durazo-proyecto-de-itesca-es-finalista-del-programa-de-vivienda-nacional\/\"]}]},{\"@type\":\"ImageObject\",\"inLanguage\":\"es\",\"@id\":\"https:\/\/www.sonoraenequipo.com.mx\/con-impulso-del-gobernador-durazo-proyecto-de-itesca-es-finalista-del-programa-de-vivienda-nacional\/#primaryimage\",\"url\":\"https:\/\/www.sonoraenequipo.com.mx\/storage\/2024\/12\/itesca-vivienda.jpg\",\"contentUrl\":\"https:\/\/www.sonoraenequipo.com.mx\/storage\/2024\/12\/itesca-vivienda.jpg\",\"width\":600,\"height\":338},{\"@type\":\"BreadcrumbList\",\"@id\":\"https:\/\/www.sonoraenequipo.com.mx\/con-impulso-del-gobernador-durazo-proyecto-de-itesca-es-finalista-del-programa-de-vivienda-nacional\/#breadcrumb\",\"itemListElement\":[{\"@type\":\"ListItem\",\"position\":1,\"name\":\"Portada\",\"item\":\"https:\/\/www.sonoraenequipo.com.mx\/\"},{\"@type\":\"ListItem\",\"position\":2,\"name\":\"Con impulso del Gobernador Durazo proyecto de Itesca es finalista del programa de vivienda nacional\"}]},{\"@type\":\"WebSite\",\"@id\":\"https:\/\/www.sonoraenequipo.com.mx\/#website\",\"url\":\"https:\/\/www.sonoraenequipo.com.mx\/\",\"name\":\"Sonora en Equipo.\",\"description\":\"Diario en l\u00ednea con Noticias desde Hermosillo, Sonora\",\"publisher\":{\"@id\":\"https:\/\/www.sonoraenequipo.com.mx\/#organization\"},\"potentialAction\":[{\"@type\":\"SearchAction\",\"target\":{\"@type\":\"EntryPoint\",\"urlTemplate\":\"https:\/\/www.sonoraenequipo.com.mx\/?s={search_term_string}\"},\"query-input\":{\"@type\":\"PropertyValueSpecification\",\"valueRequired\":true,\"valueName\":\"search_term_string\"}}],\"inLanguage\":\"es\"},{\"@type\":\"Organization\",\"@id\":\"https:\/\/www.sonoraenequipo.com.mx\/#organization\",\"name\":\"Sonoraenequipo.com.mx\",\"url\":\"https:\/\/www.sonoraenequipo.com.mx\/\",\"logo\":{\"@type\":\"ImageObject\",\"inLanguage\":\"es\",\"@id\":\"https:\/\/www.sonoraenequipo.com.mx\/#\/schema\/logo\/image\/\",\"url\":\"https:\/\/www.sonoraenequipo.com.mx\/storage\/2019\/01\/sonoraenequipo_opt.png\",\"contentUrl\":\"https:\/\/www.sonoraenequipo.com.mx\/storage\/2019\/01\/sonoraenequipo_opt.png\",\"width\":375,\"height\":125,\"caption\":\"Sonoraenequipo.com.mx\"},\"image\":{\"@id\":\"https:\/\/www.sonoraenequipo.com.mx\/#\/schema\/logo\/image\/\"},\"sameAs\":[\"https:\/\/www.facebook.com\/SonoraEE\/\",\"https:\/\/x.com\/sonoraenequipo\",\"https:\/\/www.youtube.com\/channel\/UC338nW-lPEYmJQs4ZABQ1SQ\"]},{\"@type\":\"Person\",\"@id\":\"https:\/\/www.sonoraenequipo.com.mx\/#\/schema\/person\/50102df0fb23a8fa9e8effad8fa81386\",\"name\":\"enequipo\",\"image\":{\"@type\":\"ImageObject\",\"inLanguage\":\"es\",\"@id\":\"https:\/\/www.sonoraenequipo.com.mx\/#\/schema\/person\/image\/\",\"url\":\"https:\/\/secure.gravatar.com\/avatar\/049821681b589dabc0bc20695993ccebb09f5b5d4d790cd9251b97faac7c652b?s=96&d=blank&r=g\",\"contentUrl\":\"https:\/\/secure.gravatar.com\/avatar\/049821681b589dabc0bc20695993ccebb09f5b5d4d790cd9251b97faac7c652b?s=96&d=blank&r=g\",\"caption\":\"enequipo\"},\"sameAs\":[\"https:\/\/www.facebook.com\/SonoraEE\"]}]}<\/script>\n ","yoast_head_json":{"title":"Sonora en Equipo. Con impulso del Gobernador Durazo proyecto de Itesca es finalista del programa de vivienda nacional Sonora","description":"CAJEME, SONORA, MX. \u0336 \u0336\u00a0 El proyecto arquitect\u00f3nico \u201cLa Choya\u201d, desarrollado por Iris Nayeli Urbina Alvarado y Jenifher Yoseline Vega Clark, estudiantes En Sonora en Equipo publicamos toda la informaci\u00f3n de Sonora, M\u00e9xico y el Mundo de manera oportuna y busca que la libertad de expresi\u00f3n sea real. Visita nuestro medio informativo publicado desde Hermosillo, Sonora. %","robots":{"index":"index","follow":"follow","max-snippet":"max-snippet:-1","max-image-preview":"max-image-preview:large","max-video-preview":"max-video-preview:-1"},"canonical":"https:\/\/www.sonoraenequipo.com.mx\/con-impulso-del-gobernador-durazo-proyecto-de-itesca-es-finalista-del-programa-de-vivienda-nacional\/","og_locale":"es_ES","og_type":"article","og_title":"Sonora en Equipo. Con impulso del Gobernador Durazo proyecto de Itesca es finalista del programa de vivienda nacional Sonora","og_description":"CAJEME, SONORA, MX. \u0336 \u0336\u00a0 El proyecto arquitect\u00f3nico \u201cLa Choya\u201d, desarrollado por Iris Nayeli Urbina Alvarado y Jenifher Yoseline Vega Clark, estudiantes En Sonora en Equipo publicamos toda la informaci\u00f3n de Sonora, M\u00e9xico y el Mundo de manera oportuna y busca que la libertad de expresi\u00f3n sea real. Visita nuestro medio informativo publicado desde Hermosillo, Sonora. %","og_url":"https:\/\/www.sonoraenequipo.com.mx\/con-impulso-del-gobernador-durazo-proyecto-de-itesca-es-finalista-del-programa-de-vivienda-nacional\/","og_site_name":"Sonora en Equipo.","article_publisher":"https:\/\/www.facebook.com\/SonoraEE\/","article_author":"https:\/\/www.facebook.com\/SonoraEE","article_published_time":"2024-12-15T23:23:27+00:00","og_image":[{"width":600,"height":338,"url":"https:\/\/www.sonoraenequipo.com.mx\/storage\/2024\/12\/itesca-vivienda.jpg","type":"image\/jpeg"}],"author":"enequipo","twitter_card":"summary_large_image","twitter_creator":"@sonoraenequipo","twitter_site":"@sonoraenequipo","twitter_misc":{"Escrito por":"enequipo","Tiempo de lectura":"1 minuto"},"schema":{"@context":"https:\/\/schema.org","@graph":[{"@type":"Article","@id":"https:\/\/www.sonoraenequipo.com.mx\/con-impulso-del-gobernador-durazo-proyecto-de-itesca-es-finalista-del-programa-de-vivienda-nacional\/#article","isPartOf":{"@id":"https:\/\/www.sonoraenequipo.com.mx\/con-impulso-del-gobernador-durazo-proyecto-de-itesca-es-finalista-del-programa-de-vivienda-nacional\/"},"author":{"name":"enequipo","@id":"https:\/\/www.sonoraenequipo.com.mx\/#\/schema\/person\/50102df0fb23a8fa9e8effad8fa81386"},"headline":"Con impulso del Gobernador Durazo proyecto de Itesca es finalista del programa de vivienda nacional","datePublished":"2024-12-15T23:23:27+00:00","mainEntityOfPage":{"@id":"https:\/\/www.sonoraenequipo.com.mx\/con-impulso-del-gobernador-durazo-proyecto-de-itesca-es-finalista-del-programa-de-vivienda-nacional\/"},"wordCount":303,"commentCount":0,"publisher":{"@id":"https:\/\/www.sonoraenequipo.com.mx\/#organization"},"image":{"@id":"https:\/\/www.sonoraenequipo.com.mx\/con-impulso-del-gobernador-durazo-proyecto-de-itesca-es-finalista-del-programa-de-vivienda-nacional\/#primaryimage"},"thumbnailUrl":"https:\/\/www.sonoraenequipo.com.mx\/storage\/2024\/12\/itesca-vivienda.jpg","keywords":["itesca","vivienda"],"articleSection":["Sonora"],"inLanguage":"es","potentialAction":[{"@type":"CommentAction","name":"Comment","target":["https:\/\/www.sonoraenequipo.com.mx\/con-impulso-del-gobernador-durazo-proyecto-de-itesca-es-finalista-del-programa-de-vivienda-nacional\/#respond"]}]},{"@type":"WebPage","@id":"https:\/\/www.sonoraenequipo.com.mx\/con-impulso-del-gobernador-durazo-proyecto-de-itesca-es-finalista-del-programa-de-vivienda-nacional\/","url":"https:\/\/www.sonoraenequipo.com.mx\/con-impulso-del-gobernador-durazo-proyecto-de-itesca-es-finalista-del-programa-de-vivienda-nacional\/","name":"Sonora en Equipo. Con impulso del Gobernador Durazo proyecto de Itesca es finalista del programa de vivienda nacional Sonora","isPartOf":{"@id":"https:\/\/www.sonoraenequipo.com.mx\/#website"},"primaryImageOfPage":{"@id":"https:\/\/www.sonoraenequipo.com.mx\/con-impulso-del-gobernador-durazo-proyecto-de-itesca-es-finalista-del-programa-de-vivienda-nacional\/#primaryimage"},"image":{"@id":"https:\/\/www.sonoraenequipo.com.mx\/con-impulso-del-gobernador-durazo-proyecto-de-itesca-es-finalista-del-programa-de-vivienda-nacional\/#primaryimage"},"thumbnailUrl":"https:\/\/www.sonoraenequipo.com.mx\/storage\/2024\/12\/itesca-vivienda.jpg","datePublished":"2024-12-15T23:23:27+00:00","description":"CAJEME, SONORA, MX. \u0336 \u0336\u00a0 El proyecto arquitect\u00f3nico \u201cLa Choya\u201d, desarrollado por Iris Nayeli Urbina Alvarado y Jenifher Yoseline Vega Clark, estudiantes En Sonora en Equipo publicamos toda la informaci\u00f3n de Sonora, M\u00e9xico y el Mundo de manera oportuna y busca que la libertad de expresi\u00f3n sea real. Visita nuestro medio informativo publicado desde Hermosillo, Sonora. %","breadcrumb":{"@id":"https:\/\/www.sonoraenequipo.com.mx\/con-impulso-del-gobernador-durazo-proyecto-de-itesca-es-finalista-del-programa-de-vivienda-nacional\/#breadcrumb"},"inLanguage":"es","potentialAction":[{"@type":"ReadAction","target":["https:\/\/www.sonoraenequipo.com.mx\/con-impulso-del-gobernador-durazo-proyecto-de-itesca-es-finalista-del-programa-de-vivienda-nacional\/"]}]},{"@type":"ImageObject","inLanguage":"es","@id":"https:\/\/www.sonoraenequipo.com.mx\/con-impulso-del-gobernador-durazo-proyecto-de-itesca-es-finalista-del-programa-de-vivienda-nacional\/#primaryimage","url":"https:\/\/www.sonoraenequipo.com.mx\/storage\/2024\/12\/itesca-vivienda.jpg","contentUrl":"https:\/\/www.sonoraenequipo.com.mx\/storage\/2024\/12\/itesca-vivienda.jpg","width":600,"height":338},{"@type":"BreadcrumbList","@id":"https:\/\/www.sonoraenequipo.com.mx\/con-impulso-del-gobernador-durazo-proyecto-de-itesca-es-finalista-del-programa-de-vivienda-nacional\/#breadcrumb","itemListElement":[{"@type":"ListItem","position":1,"name":"Portada","item":"https:\/\/www.sonoraenequipo.com.mx\/"},{"@type":"ListItem","position":2,"name":"Con impulso del Gobernador Durazo proyecto de Itesca es finalista del programa de vivienda nacional"}]},{"@type":"WebSite","@id":"https:\/\/www.sonoraenequipo.com.mx\/#website","url":"https:\/\/www.sonoraenequipo.com.mx\/","name":"Sonora en Equipo.","description":"Diario en l\u00ednea con Noticias desde Hermosillo, Sonora","publisher":{"@id":"https:\/\/www.sonoraenequipo.com.mx\/#organization"},"potentialAction":[{"@type":"SearchAction","target":{"@type":"EntryPoint","urlTemplate":"https:\/\/www.sonoraenequipo.com.mx\/?s={search_term_string}"},"query-input":{"@type":"PropertyValueSpecification","valueRequired":true,"valueName":"search_term_string"}}],"inLanguage":"es"},{"@type":"Organization","@id":"https:\/\/www.sonoraenequipo.com.mx\/#organization","name":"Sonoraenequipo.com.mx","url":"https:\/\/www.sonoraenequipo.com.mx\/","logo":{"@type":"ImageObject","inLanguage":"es","@id":"https:\/\/www.sonoraenequipo.com.mx\/#\/schema\/logo\/image\/","url":"https:\/\/www.sonoraenequipo.com.mx\/storage\/2019\/01\/sonoraenequipo_opt.png","contentUrl":"https:\/\/www.sonoraenequipo.com.mx\/storage\/2019\/01\/sonoraenequipo_opt.png","width":375,"height":125,"caption":"Sonoraenequipo.com.mx"},"image":{"@id":"https:\/\/www.sonoraenequipo.com.mx\/#\/schema\/logo\/image\/"},"sameAs":["https:\/\/www.facebook.com\/SonoraEE\/","https:\/\/x.com\/sonoraenequipo","https:\/\/www.youtube.com\/channel\/UC338nW-lPEYmJQs4ZABQ1SQ"]},{"@type":"Person","@id":"https:\/\/www.sonoraenequipo.com.mx\/#\/schema\/person\/50102df0fb23a8fa9e8effad8fa81386","name":"enequipo","image":{"@type":"ImageObject","inLanguage":"es","@id":"https:\/\/www.sonoraenequipo.com.mx\/#\/schema\/person\/image\/","url":"https:\/\/secure.gravatar.com\/avatar\/049821681b589dabc0bc20695993ccebb09f5b5d4d790cd9251b97faac7c652b?s=96&d=blank&r=g","contentUrl":"https:\/\/secure.gravatar.com\/avatar\/049821681b589dabc0bc20695993ccebb09f5b5d4d790cd9251b97faac7c652b?s=96&d=blank&r=g","caption":"enequipo"},"sameAs":["https:\/\/www.facebook.com\/SonoraEE"]}]}},"jetpack_featured_media_url":"https:\/\/www.sonoraenequipo.com.mx\/storage\/2024\/12\/itesca-vivienda.jpg","_links":{"self":[{"href":"https:\/\/www.sonoraenequipo.com.mx\/api\/wp\/v2\/posts\/206269","targetHints":{"allow":["GET"]}}],"collection":[{"href":"https:\/\/www.sonoraenequipo.com.mx\/api\/wp\/v2\/posts"}],"about":[{"href":"https:\/\/www.sonoraenequipo.com.mx\/api\/wp\/v2\/types\/post"}],"author":[{"embeddable":true,"href":"https:\/\/www.sonoraenequipo.com.mx\/api\/wp\/v2\/users\/1"}],"replies":[{"embeddable":true,"href":"https:\/\/www.sonoraenequipo.com.mx\/api\/wp\/v2\/comments?post=206269"}],"version-history":[{"count":1,"href":"https:\/\/www.sonoraenequipo.com.mx\/api\/wp\/v2\/posts\/206269\/revisions"}],"predecessor-version":[{"id":206271,"href":"https:\/\/www.sonoraenequipo.com.mx\/api\/wp\/v2\/posts\/206269\/revisions\/206271"}],"wp:featuredmedia":[{"embeddable":true,"href":"https:\/\/www.sonoraenequipo.com.mx\/api\/wp\/v2\/media\/206270"}],"wp:attachment":[{"href":"https:\/\/www.sonoraenequipo.com.mx\/api\/wp\/v2\/media?parent=206269"}],"wp:term":[{"taxonomy":"category","embeddable":true,"href":"https:\/\/www.sonoraenequipo.com.mx\/api\/wp\/v2\/categories?post=206269"},{"taxonomy":"post_tag","embeddable":true,"href":"https:\/\/www.sonoraenequipo.com.mx\/api\/wp\/v2\/tags?post=206269"}],"curies":[{"name":"wp","href":"https:\/\/api.w.org\/{rel}","templated":true}]}}