{"id":206272,"date":"2024-12-15T16:34:21","date_gmt":"2024-12-15T23:34:21","guid":{"rendered":"https:\/\/www.sonoraenequipo.com.mx\/?p=206272"},"modified":"2024-12-15T16:34:21","modified_gmt":"2024-12-15T23:34:21","slug":"sentencian-a-50-anos-de-prision-a-feminicida-en-imuris","status":"publish","type":"post","link":"https:\/\/www.sonoraenequipo.com.mx\/sentencian-a-50-anos-de-prision-a-feminicida-en-imuris\/","title":{"rendered":"Sentencian a 50 a\u00f1os de prisi\u00f3n a feminicida en \u00cdmuris"},"content":{"rendered":"<p><strong>\u00cdMURIS, SONORA, MX.<\/strong><strong> \u0336 \u0336\u00a0 <\/strong>Dada su probada responsabilidad por el delito de feminicidio en perjuicio de Petra Martina \u201cN\u201d, la Fiscal\u00eda General de Justicia del Estado de Sonora (FGJES) obtuvo una sentencia de 50 a\u00f1os de prisi\u00f3n para Leopoldo Mois\u00e9s \u201cN\u201d, de 53 a\u00f1os.<\/p>\n<p>&nbsp;<\/p>\n<p>Esta representaci\u00f3n social logr\u00f3 acreditar ante los tribunales la responsabilidad del se\u00f1alado por los hechos que tuvieron lugar el 10 de noviembre del a\u00f1o en curso, en \u00cdmuris, Sonora.<\/p>\n<p>&nbsp;<\/p>\n<p>De acuerdo con la investigaci\u00f3n, se suscit\u00f3 una discusi\u00f3n entre la pareja en el interior de un veh\u00edculo Nissan Sentra, modelo 2007, de color gris, posteriormente el sujeto la golpe\u00f3 y termin\u00f3 con su vida usando un objeto punzocortante y deshacerse del cuerpo en un barranco en el kil\u00f3metro 149 de la carretera \u00cdmuris\u2013Cananea.<\/p>\n<p>&nbsp;<\/p>\n<p>Ante la contundencia de las investigaciones, pruebas y argumentos de la Fiscal\u00eda de Sonora, el imputado reconoci\u00f3 su responsabilidad ante el Juez, por lo que el proceso se llev\u00f3 de forma abreviada, con una sentencia de 50 a\u00f1os de prisi\u00f3n.<\/p>\n<p>&nbsp;<\/p>\n<p>La Fiscal\u00eda General de Justicia del Estado de Sonora (FGJES) reitera su compromiso con la procuraci\u00f3n de justicia en favor de las v\u00edctimas de feminicidio y sus familias, garantizando que estos actos no queden impunes y aplicando todo el peso de la ley en cada caso.<\/p>\n<p><strong>Fecha de publicaci\u00f3n domingo 15 de diciembre de 2024 \/<\/strong><\/p>\n<p>&nbsp;<\/p>\n","protected":false},"excerpt":{"rendered":"<p>\u00cdMURIS, SONORA, MX. \u0336 \u0336\u00a0 Dada su probada responsabilidad por el delito de feminicidio en&#8230;<\/p>\n","protected":false},"author":1,"featured_media":206273,"comment_status":"open","ping_status":"open","sticky":false,"template":"","format":"standard","meta":{"_monsterinsights_skip_tracking":false,"_monsterinsights_sitenote_active":false,"_monsterinsights_sitenote_note":"","_monsterinsights_sitenote_category":0,"footnotes":""},"categories":[3144],"tags":[3533,15],"class_list":["post"],"yoast_head":" \n<title>Sonora en Equipo. Sentencian a 50 a\u00f1os de prisi\u00f3n a feminicida en \u00cdmuris Polic\u00edaca<\/title>\n<meta name=\"description\" content=\"\u00cdMURIS, SONORA, MX. \u0336 \u0336\u00a0 Dada su probada responsabilidad por el delito de feminicidio en perjuicio de Petra Martina \u201cN\u201d, la Fiscal\u00eda General de Justicia En Sonora en Equipo publicamos toda la informaci\u00f3n de Sonora, M\u00e9xico y el Mundo de manera oportuna y busca que la libertad de expresi\u00f3n sea real. Visita nuestro medio informativo publicado desde Hermosillo, Sonora. %\" \/>\n<meta name=\"robots\" content=\"index, follow, max-snippet:-1, max-image-preview:large, max-video-preview:-1\" \/>\n<link rel=\"canonical\" href=\"https:\/\/www.sonoraenequipo.com.mx\/sentencian-a-50-anos-de-prision-a-feminicida-en-imuris\/\" \/>\n<meta property=\"og:locale\" content=\"es_ES\" \/>\n<meta property=\"og:type\" content=\"article\" \/>\n<meta property=\"og:title\" content=\"Sonora en Equipo. Sentencian a 50 a\u00f1os de prisi\u00f3n a feminicida en \u00cdmuris Polic\u00edaca\" \/>\n<meta property=\"og:description\" content=\"\u00cdMURIS, SONORA, MX. \u0336 \u0336\u00a0 Dada su probada responsabilidad por el delito de feminicidio en perjuicio de Petra Martina \u201cN\u201d, la Fiscal\u00eda General de Justicia En Sonora en Equipo publicamos toda la informaci\u00f3n de Sonora, M\u00e9xico y el Mundo de manera oportuna y busca que la libertad de expresi\u00f3n sea real. Visita nuestro medio informativo publicado desde Hermosillo, Sonora. %\" \/>\n<meta property=\"og:url\" content=\"https:\/\/www.sonoraenequipo.com.mx\/sentencian-a-50-anos-de-prision-a-feminicida-en-imuris\/\" \/>\n<meta property=\"og:site_name\" content=\"Sonora en Equipo.\" \/>\n<meta property=\"article:publisher\" content=\"https:\/\/www.facebook.com\/SonoraEE\/\" \/>\n<meta property=\"article:author\" content=\"https:\/\/www.facebook.com\/SonoraEE\" \/>\n<meta property=\"article:published_time\" content=\"2024-12-15T23:34:21+00:00\" \/>\n<meta property=\"og:image\" content=\"https:\/\/www.sonoraenequipo.com.mx\/storage\/2024\/12\/feminicida-imuris.jpg\" \/>\n\t<meta property=\"og:image:width\" content=\"600\" \/>\n\t<meta property=\"og:image:height\" content=\"400\" \/>\n\t<meta property=\"og:image:type\" content=\"image\/jpeg\" \/>\n<meta name=\"author\" content=\"enequipo\" \/>\n<meta name=\"twitter:card\" content=\"summary_large_image\" \/>\n<meta name=\"twitter:creator\" content=\"@sonoraenequipo\" \/>\n<meta name=\"twitter:site\" content=\"@sonoraenequipo\" \/>\n<meta name=\"twitter:label1\" content=\"Escrito por\" \/>\n\t<meta name=\"twitter:data1\" content=\"enequipo\" \/>\n\t<meta name=\"twitter:label2\" content=\"Tiempo de lectura\" \/>\n\t<meta name=\"twitter:data2\" content=\"1 minuto\" \/>\n<script type=\"application\/ld+json\" class=\"yoast-schema-graph\">{\"@context\":\"https:\/\/schema.org\",\"@graph\":[{\"@type\":\"Article\",\"@id\":\"https:\/\/www.sonoraenequipo.com.mx\/sentencian-a-50-anos-de-prision-a-feminicida-en-imuris\/#article\",\"isPartOf\":{\"@id\":\"https:\/\/www.sonoraenequipo.com.mx\/sentencian-a-50-anos-de-prision-a-feminicida-en-imuris\/\"},\"author\":{\"name\":\"enequipo\",\"@id\":\"https:\/\/www.sonoraenequipo.com.mx\/#\/schema\/person\/50102df0fb23a8fa9e8effad8fa81386\"},\"headline\":\"Sentencian a 50 a\u00f1os de prisi\u00f3n a feminicida en \u00cdmuris\",\"datePublished\":\"2024-12-15T23:34:21+00:00\",\"mainEntityOfPage\":{\"@id\":\"https:\/\/www.sonoraenequipo.com.mx\/sentencian-a-50-anos-de-prision-a-feminicida-en-imuris\/\"},\"wordCount\":249,\"commentCount\":0,\"publisher\":{\"@id\":\"https:\/\/www.sonoraenequipo.com.mx\/#organization\"},\"image\":{\"@id\":\"https:\/\/www.sonoraenequipo.com.mx\/sentencian-a-50-anos-de-prision-a-feminicida-en-imuris\/#primaryimage\"},\"thumbnailUrl\":\"https:\/\/www.sonoraenequipo.com.mx\/storage\/2024\/12\/feminicida-imuris.jpg\",\"keywords\":[\"FEMINICIDIO\",\"Sonora\"],\"articleSection\":[\"Polic\u00edaca\"],\"inLanguage\":\"es\",\"potentialAction\":[{\"@type\":\"CommentAction\",\"name\":\"Comment\",\"target\":[\"https:\/\/www.sonoraenequipo.com.mx\/sentencian-a-50-anos-de-prision-a-feminicida-en-imuris\/#respond\"]}]},{\"@type\":\"WebPage\",\"@id\":\"https:\/\/www.sonoraenequipo.com.mx\/sentencian-a-50-anos-de-prision-a-feminicida-en-imuris\/\",\"url\":\"https:\/\/www.sonoraenequipo.com.mx\/sentencian-a-50-anos-de-prision-a-feminicida-en-imuris\/\",\"name\":\"Sonora en Equipo. Sentencian a 50 a\u00f1os de prisi\u00f3n a feminicida en \u00cdmuris Polic\u00edaca\",\"isPartOf\":{\"@id\":\"https:\/\/www.sonoraenequipo.com.mx\/#website\"},\"primaryImageOfPage\":{\"@id\":\"https:\/\/www.sonoraenequipo.com.mx\/sentencian-a-50-anos-de-prision-a-feminicida-en-imuris\/#primaryimage\"},\"image\":{\"@id\":\"https:\/\/www.sonoraenequipo.com.mx\/sentencian-a-50-anos-de-prision-a-feminicida-en-imuris\/#primaryimage\"},\"thumbnailUrl\":\"https:\/\/www.sonoraenequipo.com.mx\/storage\/2024\/12\/feminicida-imuris.jpg\",\"datePublished\":\"2024-12-15T23:34:21+00:00\",\"description\":\"\u00cdMURIS, SONORA, MX. \u0336 \u0336\u00a0 Dada su probada responsabilidad por el delito de feminicidio en perjuicio de Petra Martina \u201cN\u201d, la Fiscal\u00eda General de Justicia En Sonora en Equipo publicamos toda la informaci\u00f3n de Sonora, M\u00e9xico y el Mundo de manera oportuna y busca que la libertad de expresi\u00f3n sea real. Visita nuestro medio informativo publicado desde Hermosillo, Sonora. %\",\"breadcrumb\":{\"@id\":\"https:\/\/www.sonoraenequipo.com.mx\/sentencian-a-50-anos-de-prision-a-feminicida-en-imuris\/#breadcrumb\"},\"inLanguage\":\"es\",\"potentialAction\":[{\"@type\":\"ReadAction\",\"target\":[\"https:\/\/www.sonoraenequipo.com.mx\/sentencian-a-50-anos-de-prision-a-feminicida-en-imuris\/\"]}]},{\"@type\":\"ImageObject\",\"inLanguage\":\"es\",\"@id\":\"https:\/\/www.sonoraenequipo.com.mx\/sentencian-a-50-anos-de-prision-a-feminicida-en-imuris\/#primaryimage\",\"url\":\"https:\/\/www.sonoraenequipo.com.mx\/storage\/2024\/12\/feminicida-imuris.jpg\",\"contentUrl\":\"https:\/\/www.sonoraenequipo.com.mx\/storage\/2024\/12\/feminicida-imuris.jpg\",\"width\":600,\"height\":400},{\"@type\":\"BreadcrumbList\",\"@id\":\"https:\/\/www.sonoraenequipo.com.mx\/sentencian-a-50-anos-de-prision-a-feminicida-en-imuris\/#breadcrumb\",\"itemListElement\":[{\"@type\":\"ListItem\",\"position\":1,\"name\":\"Portada\",\"item\":\"https:\/\/www.sonoraenequipo.com.mx\/\"},{\"@type\":\"ListItem\",\"position\":2,\"name\":\"Sentencian a 50 a\u00f1os de prisi\u00f3n a feminicida en \u00cdmuris\"}]},{\"@type\":\"WebSite\",\"@id\":\"https:\/\/www.sonoraenequipo.com.mx\/#website\",\"url\":\"https:\/\/www.sonoraenequipo.com.mx\/\",\"name\":\"Sonora en Equipo.\",\"description\":\"Diario en l\u00ednea con Noticias desde Hermosillo, Sonora\",\"publisher\":{\"@id\":\"https:\/\/www.sonoraenequipo.com.mx\/#organization\"},\"potentialAction\":[{\"@type\":\"SearchAction\",\"target\":{\"@type\":\"EntryPoint\",\"urlTemplate\":\"https:\/\/www.sonoraenequipo.com.mx\/?s={search_term_string}\"},\"query-input\":{\"@type\":\"PropertyValueSpecification\",\"valueRequired\":true,\"valueName\":\"search_term_string\"}}],\"inLanguage\":\"es\"},{\"@type\":\"Organization\",\"@id\":\"https:\/\/www.sonoraenequipo.com.mx\/#organization\",\"name\":\"Sonoraenequipo.com.mx\",\"url\":\"https:\/\/www.sonoraenequipo.com.mx\/\",\"logo\":{\"@type\":\"ImageObject\",\"inLanguage\":\"es\",\"@id\":\"https:\/\/www.sonoraenequipo.com.mx\/#\/schema\/logo\/image\/\",\"url\":\"https:\/\/www.sonoraenequipo.com.mx\/storage\/2019\/01\/sonoraenequipo_opt.png\",\"contentUrl\":\"https:\/\/www.sonoraenequipo.com.mx\/storage\/2019\/01\/sonoraenequipo_opt.png\",\"width\":375,\"height\":125,\"caption\":\"Sonoraenequipo.com.mx\"},\"image\":{\"@id\":\"https:\/\/www.sonoraenequipo.com.mx\/#\/schema\/logo\/image\/\"},\"sameAs\":[\"https:\/\/www.facebook.com\/SonoraEE\/\",\"https:\/\/x.com\/sonoraenequipo\",\"https:\/\/www.youtube.com\/channel\/UC338nW-lPEYmJQs4ZABQ1SQ\"]},{\"@type\":\"Person\",\"@id\":\"https:\/\/www.sonoraenequipo.com.mx\/#\/schema\/person\/50102df0fb23a8fa9e8effad8fa81386\",\"name\":\"enequipo\",\"image\":{\"@type\":\"ImageObject\",\"inLanguage\":\"es\",\"@id\":\"https:\/\/www.sonoraenequipo.com.mx\/#\/schema\/person\/image\/\",\"url\":\"https:\/\/secure.gravatar.com\/avatar\/049821681b589dabc0bc20695993ccebb09f5b5d4d790cd9251b97faac7c652b?s=96&d=blank&r=g\",\"contentUrl\":\"https:\/\/secure.gravatar.com\/avatar\/049821681b589dabc0bc20695993ccebb09f5b5d4d790cd9251b97faac7c652b?s=96&d=blank&r=g\",\"caption\":\"enequipo\"},\"sameAs\":[\"https:\/\/www.facebook.com\/SonoraEE\"]}]}<\/script>\n ","yoast_head_json":{"title":"Sonora en Equipo. Sentencian a 50 a\u00f1os de prisi\u00f3n a feminicida en \u00cdmuris Polic\u00edaca","description":"\u00cdMURIS, SONORA, MX. \u0336 \u0336\u00a0 Dada su probada responsabilidad por el delito de feminicidio en perjuicio de Petra Martina \u201cN\u201d, la Fiscal\u00eda General de Justicia En Sonora en Equipo publicamos toda la informaci\u00f3n de Sonora, M\u00e9xico y el Mundo de manera oportuna y busca que la libertad de expresi\u00f3n sea real. Visita nuestro medio informativo publicado desde Hermosillo, Sonora. %","robots":{"index":"index","follow":"follow","max-snippet":"max-snippet:-1","max-image-preview":"max-image-preview:large","max-video-preview":"max-video-preview:-1"},"canonical":"https:\/\/www.sonoraenequipo.com.mx\/sentencian-a-50-anos-de-prision-a-feminicida-en-imuris\/","og_locale":"es_ES","og_type":"article","og_title":"Sonora en Equipo. Sentencian a 50 a\u00f1os de prisi\u00f3n a feminicida en \u00cdmuris Polic\u00edaca","og_description":"\u00cdMURIS, SONORA, MX. \u0336 \u0336\u00a0 Dada su probada responsabilidad por el delito de feminicidio en perjuicio de Petra Martina \u201cN\u201d, la Fiscal\u00eda General de Justicia En Sonora en Equipo publicamos toda la informaci\u00f3n de Sonora, M\u00e9xico y el Mundo de manera oportuna y busca que la libertad de expresi\u00f3n sea real. Visita nuestro medio informativo publicado desde Hermosillo, Sonora. %","og_url":"https:\/\/www.sonoraenequipo.com.mx\/sentencian-a-50-anos-de-prision-a-feminicida-en-imuris\/","og_site_name":"Sonora en Equipo.","article_publisher":"https:\/\/www.facebook.com\/SonoraEE\/","article_author":"https:\/\/www.facebook.com\/SonoraEE","article_published_time":"2024-12-15T23:34:21+00:00","og_image":[{"width":600,"height":400,"url":"https:\/\/www.sonoraenequipo.com.mx\/storage\/2024\/12\/feminicida-imuris.jpg","type":"image\/jpeg"}],"author":"enequipo","twitter_card":"summary_large_image","twitter_creator":"@sonoraenequipo","twitter_site":"@sonoraenequipo","twitter_misc":{"Escrito por":"enequipo","Tiempo de lectura":"1 minuto"},"schema":{"@context":"https:\/\/schema.org","@graph":[{"@type":"Article","@id":"https:\/\/www.sonoraenequipo.com.mx\/sentencian-a-50-anos-de-prision-a-feminicida-en-imuris\/#article","isPartOf":{"@id":"https:\/\/www.sonoraenequipo.com.mx\/sentencian-a-50-anos-de-prision-a-feminicida-en-imuris\/"},"author":{"name":"enequipo","@id":"https:\/\/www.sonoraenequipo.com.mx\/#\/schema\/person\/50102df0fb23a8fa9e8effad8fa81386"},"headline":"Sentencian a 50 a\u00f1os de prisi\u00f3n a feminicida en \u00cdmuris","datePublished":"2024-12-15T23:34:21+00:00","mainEntityOfPage":{"@id":"https:\/\/www.sonoraenequipo.com.mx\/sentencian-a-50-anos-de-prision-a-feminicida-en-imuris\/"},"wordCount":249,"commentCount":0,"publisher":{"@id":"https:\/\/www.sonoraenequipo.com.mx\/#organization"},"image":{"@id":"https:\/\/www.sonoraenequipo.com.mx\/sentencian-a-50-anos-de-prision-a-feminicida-en-imuris\/#primaryimage"},"thumbnailUrl":"https:\/\/www.sonoraenequipo.com.mx\/storage\/2024\/12\/feminicida-imuris.jpg","keywords":["FEMINICIDIO","Sonora"],"articleSection":["Polic\u00edaca"],"inLanguage":"es","potentialAction":[{"@type":"CommentAction","name":"Comment","target":["https:\/\/www.sonoraenequipo.com.mx\/sentencian-a-50-anos-de-prision-a-feminicida-en-imuris\/#respond"]}]},{"@type":"WebPage","@id":"https:\/\/www.sonoraenequipo.com.mx\/sentencian-a-50-anos-de-prision-a-feminicida-en-imuris\/","url":"https:\/\/www.sonoraenequipo.com.mx\/sentencian-a-50-anos-de-prision-a-feminicida-en-imuris\/","name":"Sonora en Equipo. Sentencian a 50 a\u00f1os de prisi\u00f3n a feminicida en \u00cdmuris Polic\u00edaca","isPartOf":{"@id":"https:\/\/www.sonoraenequipo.com.mx\/#website"},"primaryImageOfPage":{"@id":"https:\/\/www.sonoraenequipo.com.mx\/sentencian-a-50-anos-de-prision-a-feminicida-en-imuris\/#primaryimage"},"image":{"@id":"https:\/\/www.sonoraenequipo.com.mx\/sentencian-a-50-anos-de-prision-a-feminicida-en-imuris\/#primaryimage"},"thumbnailUrl":"https:\/\/www.sonoraenequipo.com.mx\/storage\/2024\/12\/feminicida-imuris.jpg","datePublished":"2024-12-15T23:34:21+00:00","description":"\u00cdMURIS, SONORA, MX. \u0336 \u0336\u00a0 Dada su probada responsabilidad por el delito de feminicidio en perjuicio de Petra Martina \u201cN\u201d, la Fiscal\u00eda General de Justicia En Sonora en Equipo publicamos toda la informaci\u00f3n de Sonora, M\u00e9xico y el Mundo de manera oportuna y busca que la libertad de expresi\u00f3n sea real. Visita nuestro medio informativo publicado desde Hermosillo, Sonora. %","breadcrumb":{"@id":"https:\/\/www.sonoraenequipo.com.mx\/sentencian-a-50-anos-de-prision-a-feminicida-en-imuris\/#breadcrumb"},"inLanguage":"es","potentialAction":[{"@type":"ReadAction","target":["https:\/\/www.sonoraenequipo.com.mx\/sentencian-a-50-anos-de-prision-a-feminicida-en-imuris\/"]}]},{"@type":"ImageObject","inLanguage":"es","@id":"https:\/\/www.sonoraenequipo.com.mx\/sentencian-a-50-anos-de-prision-a-feminicida-en-imuris\/#primaryimage","url":"https:\/\/www.sonoraenequipo.com.mx\/storage\/2024\/12\/feminicida-imuris.jpg","contentUrl":"https:\/\/www.sonoraenequipo.com.mx\/storage\/2024\/12\/feminicida-imuris.jpg","width":600,"height":400},{"@type":"BreadcrumbList","@id":"https:\/\/www.sonoraenequipo.com.mx\/sentencian-a-50-anos-de-prision-a-feminicida-en-imuris\/#breadcrumb","itemListElement":[{"@type":"ListItem","position":1,"name":"Portada","item":"https:\/\/www.sonoraenequipo.com.mx\/"},{"@type":"ListItem","position":2,"name":"Sentencian a 50 a\u00f1os de prisi\u00f3n a feminicida en \u00cdmuris"}]},{"@type":"WebSite","@id":"https:\/\/www.sonoraenequipo.com.mx\/#website","url":"https:\/\/www.sonoraenequipo.com.mx\/","name":"Sonora en Equipo.","description":"Diario en l\u00ednea con Noticias desde Hermosillo, Sonora","publisher":{"@id":"https:\/\/www.sonoraenequipo.com.mx\/#organization"},"potentialAction":[{"@type":"SearchAction","target":{"@type":"EntryPoint","urlTemplate":"https:\/\/www.sonoraenequipo.com.mx\/?s={search_term_string}"},"query-input":{"@type":"PropertyValueSpecification","valueRequired":true,"valueName":"search_term_string"}}],"inLanguage":"es"},{"@type":"Organization","@id":"https:\/\/www.sonoraenequipo.com.mx\/#organization","name":"Sonoraenequipo.com.mx","url":"https:\/\/www.sonoraenequipo.com.mx\/","logo":{"@type":"ImageObject","inLanguage":"es","@id":"https:\/\/www.sonoraenequipo.com.mx\/#\/schema\/logo\/image\/","url":"https:\/\/www.sonoraenequipo.com.mx\/storage\/2019\/01\/sonoraenequipo_opt.png","contentUrl":"https:\/\/www.sonoraenequipo.com.mx\/storage\/2019\/01\/sonoraenequipo_opt.png","width":375,"height":125,"caption":"Sonoraenequipo.com.mx"},"image":{"@id":"https:\/\/www.sonoraenequipo.com.mx\/#\/schema\/logo\/image\/"},"sameAs":["https:\/\/www.facebook.com\/SonoraEE\/","https:\/\/x.com\/sonoraenequipo","https:\/\/www.youtube.com\/channel\/UC338nW-lPEYmJQs4ZABQ1SQ"]},{"@type":"Person","@id":"https:\/\/www.sonoraenequipo.com.mx\/#\/schema\/person\/50102df0fb23a8fa9e8effad8fa81386","name":"enequipo","image":{"@type":"ImageObject","inLanguage":"es","@id":"https:\/\/www.sonoraenequipo.com.mx\/#\/schema\/person\/image\/","url":"https:\/\/secure.gravatar.com\/avatar\/049821681b589dabc0bc20695993ccebb09f5b5d4d790cd9251b97faac7c652b?s=96&d=blank&r=g","contentUrl":"https:\/\/secure.gravatar.com\/avatar\/049821681b589dabc0bc20695993ccebb09f5b5d4d790cd9251b97faac7c652b?s=96&d=blank&r=g","caption":"enequipo"},"sameAs":["https:\/\/www.facebook.com\/SonoraEE"]}]}},"jetpack_featured_media_url":"https:\/\/www.sonoraenequipo.com.mx\/storage\/2024\/12\/feminicida-imuris.jpg","_links":{"self":[{"href":"https:\/\/www.sonoraenequipo.com.mx\/api\/wp\/v2\/posts\/206272","targetHints":{"allow":["GET"]}}],"collection":[{"href":"https:\/\/www.sonoraenequipo.com.mx\/api\/wp\/v2\/posts"}],"about":[{"href":"https:\/\/www.sonoraenequipo.com.mx\/api\/wp\/v2\/types\/post"}],"author":[{"embeddable":true,"href":"https:\/\/www.sonoraenequipo.com.mx\/api\/wp\/v2\/users\/1"}],"replies":[{"embeddable":true,"href":"https:\/\/www.sonoraenequipo.com.mx\/api\/wp\/v2\/comments?post=206272"}],"version-history":[{"count":1,"href":"https:\/\/www.sonoraenequipo.com.mx\/api\/wp\/v2\/posts\/206272\/revisions"}],"predecessor-version":[{"id":206274,"href":"https:\/\/www.sonoraenequipo.com.mx\/api\/wp\/v2\/posts\/206272\/revisions\/206274"}],"wp:featuredmedia":[{"embeddable":true,"href":"https:\/\/www.sonoraenequipo.com.mx\/api\/wp\/v2\/media\/206273"}],"wp:attachment":[{"href":"https:\/\/www.sonoraenequipo.com.mx\/api\/wp\/v2\/media?parent=206272"}],"wp:term":[{"taxonomy":"category","embeddable":true,"href":"https:\/\/www.sonoraenequipo.com.mx\/api\/wp\/v2\/categories?post=206272"},{"taxonomy":"post_tag","embeddable":true,"href":"https:\/\/www.sonoraenequipo.com.mx\/api\/wp\/v2\/tags?post=206272"}],"curies":[{"name":"wp","href":"https:\/\/api.w.org\/{rel}","templated":true}]}}