{"id":206275,"date":"2024-12-15T17:30:19","date_gmt":"2024-12-16T00:30:19","guid":{"rendered":"https:\/\/www.sonoraenequipo.com.mx\/?p=206275"},"modified":"2024-12-15T17:30:19","modified_gmt":"2024-12-16T00:30:19","slug":"ciclon-chido-habria-causado-centenares-de-muertos-en-mayotte","status":"publish","type":"post","link":"https:\/\/www.sonoraenequipo.com.mx\/ciclon-chido-habria-causado-centenares-de-muertos-en-mayotte\/","title":{"rendered":"Cicl\u00f3n Chido habr\u00eda causado centenares de muertos en Mayotte"},"content":{"rendered":"<p>El cicl\u00f3n Chido podr\u00eda haber causado \u00abvarios centenares\u00bb de\u00a0 muertos en Mayotte, en el Oc\u00e9ano \u00cdndico, territorio incorporado a Francia en 2009, declar\u00f3 el domingo (15.12.2024) el prefecto local, y a\u00f1adi\u00f3 que ser\u00e1 \u00abmuy dif\u00edcil\u00bb tener un balance final. El \u00faltimo balance de una fuente de seguridad suministrado a AFP este domingo era de 14 fallecidos.<\/p>\n<p>&nbsp;<\/p>\n<p>\u00abPienso que habr\u00e1 seguramente varios centenares, tal vez nos acercaremos al millar, o a algunos miles\u00bb de muertos, dijo Fran\u00e7ois-Xavier Bieuville a la cadena p\u00fablica Mayotte la Premi\u00e8re. Ser\u00e1 \u00abmuy dif\u00edcil tener un balance final\u00bb dada la tradici\u00f3n musulmana, muy anclada en las zonas devastadas, seg\u00fan la cual se deben enterrar los muertos en menos de \u00ab24 horas\u00bb.<\/p>\n<p>&nbsp;<\/p>\n<p>Adem\u00e1s de los 14 decesos confirmados, se registran nueve heridos en estado cr\u00edtico y otros 246 con heridas graves, dijo el alcalde de Mamoudzou, la capital de Mayotte, Ambdilwahedou Soumaila.<\/p>\n<p>&nbsp;<\/p>\n<p>Con r\u00e1fagas de m\u00e1s de 220 km\/h, el cicl\u00f3n tropical fue el m\u00e1s intenso que ha azotado este territorio desde hace m\u00e1s de 90 a\u00f1os, seg\u00fan el instituto meteorol\u00f3gico franc\u00e9s. Los servicios de emergencia fueron desplegados por mar y aire, pero sus intervenciones se han visto entorpecidas por los da\u00f1os en los aeropuertos y los problemas de electricidad.<\/p>\n<p><strong>Fecha de publicaci\u00f3n domingo 15 de diciembre de 2024 \/ DW<\/strong><\/p>\n<p>&nbsp;<\/p>\n<p>&nbsp;<\/p>\n<p>lgc (afp, efe)<\/p>\n","protected":false},"excerpt":{"rendered":"<p>El cicl\u00f3n Chido podr\u00eda haber causado \u00abvarios centenares\u00bb de\u00a0 muertos en Mayotte, en el Oc\u00e9ano&#8230;<\/p>\n","protected":false},"author":1,"featured_media":206276,"comment_status":"open","ping_status":"open","sticky":false,"template":"","format":"standard","meta":{"_monsterinsights_skip_tracking":false,"_monsterinsights_sitenote_active":false,"_monsterinsights_sitenote_note":"","_monsterinsights_sitenote_category":0,"footnotes":""},"categories":[3],"tags":[10629,8932,10630],"class_list":["post"],"yoast_head":" \n<title>Sonora en Equipo. Cicl\u00f3n Chido habr\u00eda causado centenares de muertos en Mayotte MUNDO<\/title>\n<meta name=\"description\" content=\"El cicl\u00f3n Chido podr\u00eda haber causado &quot;varios centenares&quot; de\u00a0 muertos en Mayotte, en el Oc\u00e9ano \u00cdndico, territorio incorporado a Francia en 2009, declar\u00f3 el En Sonora en Equipo publicamos toda la informaci\u00f3n de Sonora, M\u00e9xico y el Mundo de manera oportuna y busca que la libertad de expresi\u00f3n sea real. Visita nuestro medio informativo publicado desde Hermosillo, Sonora. %\" \/>\n<meta name=\"robots\" content=\"index, follow, max-snippet:-1, max-image-preview:large, max-video-preview:-1\" \/>\n<link rel=\"canonical\" href=\"https:\/\/www.sonoraenequipo.com.mx\/ciclon-chido-habria-causado-centenares-de-muertos-en-mayotte\/\" \/>\n<meta property=\"og:locale\" content=\"es_ES\" \/>\n<meta property=\"og:type\" content=\"article\" \/>\n<meta property=\"og:title\" content=\"Sonora en Equipo. Cicl\u00f3n Chido habr\u00eda causado centenares de muertos en Mayotte MUNDO\" \/>\n<meta property=\"og:description\" content=\"El cicl\u00f3n Chido podr\u00eda haber causado &quot;varios centenares&quot; de\u00a0 muertos en Mayotte, en el Oc\u00e9ano \u00cdndico, territorio incorporado a Francia en 2009, declar\u00f3 el En Sonora en Equipo publicamos toda la informaci\u00f3n de Sonora, M\u00e9xico y el Mundo de manera oportuna y busca que la libertad de expresi\u00f3n sea real. Visita nuestro medio informativo publicado desde Hermosillo, Sonora. %\" \/>\n<meta property=\"og:url\" content=\"https:\/\/www.sonoraenequipo.com.mx\/ciclon-chido-habria-causado-centenares-de-muertos-en-mayotte\/\" \/>\n<meta property=\"og:site_name\" content=\"Sonora en Equipo.\" \/>\n<meta property=\"article:publisher\" content=\"https:\/\/www.facebook.com\/SonoraEE\/\" \/>\n<meta property=\"article:author\" content=\"https:\/\/www.facebook.com\/SonoraEE\" \/>\n<meta property=\"article:published_time\" content=\"2024-12-16T00:30:19+00:00\" \/>\n<meta property=\"og:image\" content=\"https:\/\/www.sonoraenequipo.com.mx\/storage\/2024\/12\/mayotte.jpg\" \/>\n\t<meta property=\"og:image:width\" content=\"600\" \/>\n\t<meta property=\"og:image:height\" content=\"400\" \/>\n\t<meta property=\"og:image:type\" content=\"image\/jpeg\" \/>\n<meta name=\"author\" content=\"enequipo\" \/>\n<meta name=\"twitter:card\" content=\"summary_large_image\" \/>\n<meta name=\"twitter:creator\" content=\"@sonoraenequipo\" \/>\n<meta name=\"twitter:site\" content=\"@sonoraenequipo\" \/>\n<meta name=\"twitter:label1\" content=\"Escrito por\" \/>\n\t<meta name=\"twitter:data1\" content=\"enequipo\" \/>\n\t<meta name=\"twitter:label2\" content=\"Tiempo de lectura\" \/>\n\t<meta name=\"twitter:data2\" content=\"1 minuto\" \/>\n<script type=\"application\/ld+json\" class=\"yoast-schema-graph\">{\"@context\":\"https:\/\/schema.org\",\"@graph\":[{\"@type\":\"Article\",\"@id\":\"https:\/\/www.sonoraenequipo.com.mx\/ciclon-chido-habria-causado-centenares-de-muertos-en-mayotte\/#article\",\"isPartOf\":{\"@id\":\"https:\/\/www.sonoraenequipo.com.mx\/ciclon-chido-habria-causado-centenares-de-muertos-en-mayotte\/\"},\"author\":{\"name\":\"enequipo\",\"@id\":\"https:\/\/www.sonoraenequipo.com.mx\/#\/schema\/person\/50102df0fb23a8fa9e8effad8fa81386\"},\"headline\":\"Cicl\u00f3n Chido habr\u00eda causado centenares de muertos en Mayotte\",\"datePublished\":\"2024-12-16T00:30:19+00:00\",\"mainEntityOfPage\":{\"@id\":\"https:\/\/www.sonoraenequipo.com.mx\/ciclon-chido-habria-causado-centenares-de-muertos-en-mayotte\/\"},\"wordCount\":246,\"commentCount\":0,\"publisher\":{\"@id\":\"https:\/\/www.sonoraenequipo.com.mx\/#organization\"},\"image\":{\"@id\":\"https:\/\/www.sonoraenequipo.com.mx\/ciclon-chido-habria-causado-centenares-de-muertos-en-mayotte\/#primaryimage\"},\"thumbnailUrl\":\"https:\/\/www.sonoraenequipo.com.mx\/storage\/2024\/12\/mayotte.jpg\",\"keywords\":[\"chido\",\"cicl\u00f3n\",\"mayotte\"],\"articleSection\":[\"MUNDO\"],\"inLanguage\":\"es\",\"potentialAction\":[{\"@type\":\"CommentAction\",\"name\":\"Comment\",\"target\":[\"https:\/\/www.sonoraenequipo.com.mx\/ciclon-chido-habria-causado-centenares-de-muertos-en-mayotte\/#respond\"]}]},{\"@type\":\"WebPage\",\"@id\":\"https:\/\/www.sonoraenequipo.com.mx\/ciclon-chido-habria-causado-centenares-de-muertos-en-mayotte\/\",\"url\":\"https:\/\/www.sonoraenequipo.com.mx\/ciclon-chido-habria-causado-centenares-de-muertos-en-mayotte\/\",\"name\":\"Sonora en Equipo. Cicl\u00f3n Chido habr\u00eda causado centenares de muertos en Mayotte MUNDO\",\"isPartOf\":{\"@id\":\"https:\/\/www.sonoraenequipo.com.mx\/#website\"},\"primaryImageOfPage\":{\"@id\":\"https:\/\/www.sonoraenequipo.com.mx\/ciclon-chido-habria-causado-centenares-de-muertos-en-mayotte\/#primaryimage\"},\"image\":{\"@id\":\"https:\/\/www.sonoraenequipo.com.mx\/ciclon-chido-habria-causado-centenares-de-muertos-en-mayotte\/#primaryimage\"},\"thumbnailUrl\":\"https:\/\/www.sonoraenequipo.com.mx\/storage\/2024\/12\/mayotte.jpg\",\"datePublished\":\"2024-12-16T00:30:19+00:00\",\"description\":\"El cicl\u00f3n Chido podr\u00eda haber causado \\\"varios centenares\\\" de\u00a0 muertos en Mayotte, en el Oc\u00e9ano \u00cdndico, territorio incorporado a Francia en 2009, declar\u00f3 el En Sonora en Equipo publicamos toda la informaci\u00f3n de Sonora, M\u00e9xico y el Mundo de manera oportuna y busca que la libertad de expresi\u00f3n sea real. Visita nuestro medio informativo publicado desde Hermosillo, Sonora. %\",\"breadcrumb\":{\"@id\":\"https:\/\/www.sonoraenequipo.com.mx\/ciclon-chido-habria-causado-centenares-de-muertos-en-mayotte\/#breadcrumb\"},\"inLanguage\":\"es\",\"potentialAction\":[{\"@type\":\"ReadAction\",\"target\":[\"https:\/\/www.sonoraenequipo.com.mx\/ciclon-chido-habria-causado-centenares-de-muertos-en-mayotte\/\"]}]},{\"@type\":\"ImageObject\",\"inLanguage\":\"es\",\"@id\":\"https:\/\/www.sonoraenequipo.com.mx\/ciclon-chido-habria-causado-centenares-de-muertos-en-mayotte\/#primaryimage\",\"url\":\"https:\/\/www.sonoraenequipo.com.mx\/storage\/2024\/12\/mayotte.jpg\",\"contentUrl\":\"https:\/\/www.sonoraenequipo.com.mx\/storage\/2024\/12\/mayotte.jpg\",\"width\":600,\"height\":400,\"caption\":\"Imagen de la destrucci\u00f3n en Mayotte causada por el cicl\u00f3n Chido proporcionada por la ONG M\u00e9dicos del Mundo.Imagen: Medecins du Monde via AP\/picture alliance\"},{\"@type\":\"BreadcrumbList\",\"@id\":\"https:\/\/www.sonoraenequipo.com.mx\/ciclon-chido-habria-causado-centenares-de-muertos-en-mayotte\/#breadcrumb\",\"itemListElement\":[{\"@type\":\"ListItem\",\"position\":1,\"name\":\"Portada\",\"item\":\"https:\/\/www.sonoraenequipo.com.mx\/\"},{\"@type\":\"ListItem\",\"position\":2,\"name\":\"Cicl\u00f3n Chido habr\u00eda causado centenares de muertos en Mayotte\"}]},{\"@type\":\"WebSite\",\"@id\":\"https:\/\/www.sonoraenequipo.com.mx\/#website\",\"url\":\"https:\/\/www.sonoraenequipo.com.mx\/\",\"name\":\"Sonora en Equipo.\",\"description\":\"Diario en l\u00ednea con Noticias desde Hermosillo, Sonora\",\"publisher\":{\"@id\":\"https:\/\/www.sonoraenequipo.com.mx\/#organization\"},\"potentialAction\":[{\"@type\":\"SearchAction\",\"target\":{\"@type\":\"EntryPoint\",\"urlTemplate\":\"https:\/\/www.sonoraenequipo.com.mx\/?s={search_term_string}\"},\"query-input\":{\"@type\":\"PropertyValueSpecification\",\"valueRequired\":true,\"valueName\":\"search_term_string\"}}],\"inLanguage\":\"es\"},{\"@type\":\"Organization\",\"@id\":\"https:\/\/www.sonoraenequipo.com.mx\/#organization\",\"name\":\"Sonoraenequipo.com.mx\",\"url\":\"https:\/\/www.sonoraenequipo.com.mx\/\",\"logo\":{\"@type\":\"ImageObject\",\"inLanguage\":\"es\",\"@id\":\"https:\/\/www.sonoraenequipo.com.mx\/#\/schema\/logo\/image\/\",\"url\":\"https:\/\/www.sonoraenequipo.com.mx\/storage\/2019\/01\/sonoraenequipo_opt.png\",\"contentUrl\":\"https:\/\/www.sonoraenequipo.com.mx\/storage\/2019\/01\/sonoraenequipo_opt.png\",\"width\":375,\"height\":125,\"caption\":\"Sonoraenequipo.com.mx\"},\"image\":{\"@id\":\"https:\/\/www.sonoraenequipo.com.mx\/#\/schema\/logo\/image\/\"},\"sameAs\":[\"https:\/\/www.facebook.com\/SonoraEE\/\",\"https:\/\/x.com\/sonoraenequipo\",\"https:\/\/www.youtube.com\/channel\/UC338nW-lPEYmJQs4ZABQ1SQ\"]},{\"@type\":\"Person\",\"@id\":\"https:\/\/www.sonoraenequipo.com.mx\/#\/schema\/person\/50102df0fb23a8fa9e8effad8fa81386\",\"name\":\"enequipo\",\"image\":{\"@type\":\"ImageObject\",\"inLanguage\":\"es\",\"@id\":\"https:\/\/www.sonoraenequipo.com.mx\/#\/schema\/person\/image\/\",\"url\":\"https:\/\/secure.gravatar.com\/avatar\/049821681b589dabc0bc20695993ccebb09f5b5d4d790cd9251b97faac7c652b?s=96&d=blank&r=g\",\"contentUrl\":\"https:\/\/secure.gravatar.com\/avatar\/049821681b589dabc0bc20695993ccebb09f5b5d4d790cd9251b97faac7c652b?s=96&d=blank&r=g\",\"caption\":\"enequipo\"},\"sameAs\":[\"https:\/\/www.facebook.com\/SonoraEE\"]}]}<\/script>\n ","yoast_head_json":{"title":"Sonora en Equipo. Cicl\u00f3n Chido habr\u00eda causado centenares de muertos en Mayotte MUNDO","description":"El cicl\u00f3n Chido podr\u00eda haber causado \"varios centenares\" de\u00a0 muertos en Mayotte, en el Oc\u00e9ano \u00cdndico, territorio incorporado a Francia en 2009, declar\u00f3 el En Sonora en Equipo publicamos toda la informaci\u00f3n de Sonora, M\u00e9xico y el Mundo de manera oportuna y busca que la libertad de expresi\u00f3n sea real. Visita nuestro medio informativo publicado desde Hermosillo, Sonora. %","robots":{"index":"index","follow":"follow","max-snippet":"max-snippet:-1","max-image-preview":"max-image-preview:large","max-video-preview":"max-video-preview:-1"},"canonical":"https:\/\/www.sonoraenequipo.com.mx\/ciclon-chido-habria-causado-centenares-de-muertos-en-mayotte\/","og_locale":"es_ES","og_type":"article","og_title":"Sonora en Equipo. Cicl\u00f3n Chido habr\u00eda causado centenares de muertos en Mayotte MUNDO","og_description":"El cicl\u00f3n Chido podr\u00eda haber causado \"varios centenares\" de\u00a0 muertos en Mayotte, en el Oc\u00e9ano \u00cdndico, territorio incorporado a Francia en 2009, declar\u00f3 el En Sonora en Equipo publicamos toda la informaci\u00f3n de Sonora, M\u00e9xico y el Mundo de manera oportuna y busca que la libertad de expresi\u00f3n sea real. Visita nuestro medio informativo publicado desde Hermosillo, Sonora. %","og_url":"https:\/\/www.sonoraenequipo.com.mx\/ciclon-chido-habria-causado-centenares-de-muertos-en-mayotte\/","og_site_name":"Sonora en Equipo.","article_publisher":"https:\/\/www.facebook.com\/SonoraEE\/","article_author":"https:\/\/www.facebook.com\/SonoraEE","article_published_time":"2024-12-16T00:30:19+00:00","og_image":[{"width":600,"height":400,"url":"https:\/\/www.sonoraenequipo.com.mx\/storage\/2024\/12\/mayotte.jpg","type":"image\/jpeg"}],"author":"enequipo","twitter_card":"summary_large_image","twitter_creator":"@sonoraenequipo","twitter_site":"@sonoraenequipo","twitter_misc":{"Escrito por":"enequipo","Tiempo de lectura":"1 minuto"},"schema":{"@context":"https:\/\/schema.org","@graph":[{"@type":"Article","@id":"https:\/\/www.sonoraenequipo.com.mx\/ciclon-chido-habria-causado-centenares-de-muertos-en-mayotte\/#article","isPartOf":{"@id":"https:\/\/www.sonoraenequipo.com.mx\/ciclon-chido-habria-causado-centenares-de-muertos-en-mayotte\/"},"author":{"name":"enequipo","@id":"https:\/\/www.sonoraenequipo.com.mx\/#\/schema\/person\/50102df0fb23a8fa9e8effad8fa81386"},"headline":"Cicl\u00f3n Chido habr\u00eda causado centenares de muertos en Mayotte","datePublished":"2024-12-16T00:30:19+00:00","mainEntityOfPage":{"@id":"https:\/\/www.sonoraenequipo.com.mx\/ciclon-chido-habria-causado-centenares-de-muertos-en-mayotte\/"},"wordCount":246,"commentCount":0,"publisher":{"@id":"https:\/\/www.sonoraenequipo.com.mx\/#organization"},"image":{"@id":"https:\/\/www.sonoraenequipo.com.mx\/ciclon-chido-habria-causado-centenares-de-muertos-en-mayotte\/#primaryimage"},"thumbnailUrl":"https:\/\/www.sonoraenequipo.com.mx\/storage\/2024\/12\/mayotte.jpg","keywords":["chido","cicl\u00f3n","mayotte"],"articleSection":["MUNDO"],"inLanguage":"es","potentialAction":[{"@type":"CommentAction","name":"Comment","target":["https:\/\/www.sonoraenequipo.com.mx\/ciclon-chido-habria-causado-centenares-de-muertos-en-mayotte\/#respond"]}]},{"@type":"WebPage","@id":"https:\/\/www.sonoraenequipo.com.mx\/ciclon-chido-habria-causado-centenares-de-muertos-en-mayotte\/","url":"https:\/\/www.sonoraenequipo.com.mx\/ciclon-chido-habria-causado-centenares-de-muertos-en-mayotte\/","name":"Sonora en Equipo. Cicl\u00f3n Chido habr\u00eda causado centenares de muertos en Mayotte MUNDO","isPartOf":{"@id":"https:\/\/www.sonoraenequipo.com.mx\/#website"},"primaryImageOfPage":{"@id":"https:\/\/www.sonoraenequipo.com.mx\/ciclon-chido-habria-causado-centenares-de-muertos-en-mayotte\/#primaryimage"},"image":{"@id":"https:\/\/www.sonoraenequipo.com.mx\/ciclon-chido-habria-causado-centenares-de-muertos-en-mayotte\/#primaryimage"},"thumbnailUrl":"https:\/\/www.sonoraenequipo.com.mx\/storage\/2024\/12\/mayotte.jpg","datePublished":"2024-12-16T00:30:19+00:00","description":"El cicl\u00f3n Chido podr\u00eda haber causado \"varios centenares\" de\u00a0 muertos en Mayotte, en el Oc\u00e9ano \u00cdndico, territorio incorporado a Francia en 2009, declar\u00f3 el En Sonora en Equipo publicamos toda la informaci\u00f3n de Sonora, M\u00e9xico y el Mundo de manera oportuna y busca que la libertad de expresi\u00f3n sea real. Visita nuestro medio informativo publicado desde Hermosillo, Sonora. %","breadcrumb":{"@id":"https:\/\/www.sonoraenequipo.com.mx\/ciclon-chido-habria-causado-centenares-de-muertos-en-mayotte\/#breadcrumb"},"inLanguage":"es","potentialAction":[{"@type":"ReadAction","target":["https:\/\/www.sonoraenequipo.com.mx\/ciclon-chido-habria-causado-centenares-de-muertos-en-mayotte\/"]}]},{"@type":"ImageObject","inLanguage":"es","@id":"https:\/\/www.sonoraenequipo.com.mx\/ciclon-chido-habria-causado-centenares-de-muertos-en-mayotte\/#primaryimage","url":"https:\/\/www.sonoraenequipo.com.mx\/storage\/2024\/12\/mayotte.jpg","contentUrl":"https:\/\/www.sonoraenequipo.com.mx\/storage\/2024\/12\/mayotte.jpg","width":600,"height":400,"caption":"Imagen de la destrucci\u00f3n en Mayotte causada por el cicl\u00f3n Chido proporcionada por la ONG M\u00e9dicos del Mundo.Imagen: Medecins du Monde via AP\/picture alliance"},{"@type":"BreadcrumbList","@id":"https:\/\/www.sonoraenequipo.com.mx\/ciclon-chido-habria-causado-centenares-de-muertos-en-mayotte\/#breadcrumb","itemListElement":[{"@type":"ListItem","position":1,"name":"Portada","item":"https:\/\/www.sonoraenequipo.com.mx\/"},{"@type":"ListItem","position":2,"name":"Cicl\u00f3n Chido habr\u00eda causado centenares de muertos en Mayotte"}]},{"@type":"WebSite","@id":"https:\/\/www.sonoraenequipo.com.mx\/#website","url":"https:\/\/www.sonoraenequipo.com.mx\/","name":"Sonora en Equipo.","description":"Diario en l\u00ednea con Noticias desde Hermosillo, Sonora","publisher":{"@id":"https:\/\/www.sonoraenequipo.com.mx\/#organization"},"potentialAction":[{"@type":"SearchAction","target":{"@type":"EntryPoint","urlTemplate":"https:\/\/www.sonoraenequipo.com.mx\/?s={search_term_string}"},"query-input":{"@type":"PropertyValueSpecification","valueRequired":true,"valueName":"search_term_string"}}],"inLanguage":"es"},{"@type":"Organization","@id":"https:\/\/www.sonoraenequipo.com.mx\/#organization","name":"Sonoraenequipo.com.mx","url":"https:\/\/www.sonoraenequipo.com.mx\/","logo":{"@type":"ImageObject","inLanguage":"es","@id":"https:\/\/www.sonoraenequipo.com.mx\/#\/schema\/logo\/image\/","url":"https:\/\/www.sonoraenequipo.com.mx\/storage\/2019\/01\/sonoraenequipo_opt.png","contentUrl":"https:\/\/www.sonoraenequipo.com.mx\/storage\/2019\/01\/sonoraenequipo_opt.png","width":375,"height":125,"caption":"Sonoraenequipo.com.mx"},"image":{"@id":"https:\/\/www.sonoraenequipo.com.mx\/#\/schema\/logo\/image\/"},"sameAs":["https:\/\/www.facebook.com\/SonoraEE\/","https:\/\/x.com\/sonoraenequipo","https:\/\/www.youtube.com\/channel\/UC338nW-lPEYmJQs4ZABQ1SQ"]},{"@type":"Person","@id":"https:\/\/www.sonoraenequipo.com.mx\/#\/schema\/person\/50102df0fb23a8fa9e8effad8fa81386","name":"enequipo","image":{"@type":"ImageObject","inLanguage":"es","@id":"https:\/\/www.sonoraenequipo.com.mx\/#\/schema\/person\/image\/","url":"https:\/\/secure.gravatar.com\/avatar\/049821681b589dabc0bc20695993ccebb09f5b5d4d790cd9251b97faac7c652b?s=96&d=blank&r=g","contentUrl":"https:\/\/secure.gravatar.com\/avatar\/049821681b589dabc0bc20695993ccebb09f5b5d4d790cd9251b97faac7c652b?s=96&d=blank&r=g","caption":"enequipo"},"sameAs":["https:\/\/www.facebook.com\/SonoraEE"]}]}},"jetpack_featured_media_url":"https:\/\/www.sonoraenequipo.com.mx\/storage\/2024\/12\/mayotte.jpg","_links":{"self":[{"href":"https:\/\/www.sonoraenequipo.com.mx\/api\/wp\/v2\/posts\/206275","targetHints":{"allow":["GET"]}}],"collection":[{"href":"https:\/\/www.sonoraenequipo.com.mx\/api\/wp\/v2\/posts"}],"about":[{"href":"https:\/\/www.sonoraenequipo.com.mx\/api\/wp\/v2\/types\/post"}],"author":[{"embeddable":true,"href":"https:\/\/www.sonoraenequipo.com.mx\/api\/wp\/v2\/users\/1"}],"replies":[{"embeddable":true,"href":"https:\/\/www.sonoraenequipo.com.mx\/api\/wp\/v2\/comments?post=206275"}],"version-history":[{"count":1,"href":"https:\/\/www.sonoraenequipo.com.mx\/api\/wp\/v2\/posts\/206275\/revisions"}],"predecessor-version":[{"id":206277,"href":"https:\/\/www.sonoraenequipo.com.mx\/api\/wp\/v2\/posts\/206275\/revisions\/206277"}],"wp:featuredmedia":[{"embeddable":true,"href":"https:\/\/www.sonoraenequipo.com.mx\/api\/wp\/v2\/media\/206276"}],"wp:attachment":[{"href":"https:\/\/www.sonoraenequipo.com.mx\/api\/wp\/v2\/media?parent=206275"}],"wp:term":[{"taxonomy":"category","embeddable":true,"href":"https:\/\/www.sonoraenequipo.com.mx\/api\/wp\/v2\/categories?post=206275"},{"taxonomy":"post_tag","embeddable":true,"href":"https:\/\/www.sonoraenequipo.com.mx\/api\/wp\/v2\/tags?post=206275"}],"curies":[{"name":"wp","href":"https:\/\/api.w.org\/{rel}","templated":true}]}}