{"id":206278,"date":"2024-12-15T17:50:33","date_gmt":"2024-12-16T00:50:33","guid":{"rendered":"https:\/\/www.sonoraenequipo.com.mx\/?p=206278"},"modified":"2024-12-15T17:50:33","modified_gmt":"2024-12-16T00:50:33","slug":"macron-nombra-a-francois-bayrou-primer-ministro-de-francia","status":"publish","type":"post","link":"https:\/\/www.sonoraenequipo.com.mx\/macron-nombra-a-francois-bayrou-primer-ministro-de-francia\/","title":{"rendered":"Macron nombra a Fran\u00e7ois Bayrou primer ministro de Francia"},"content":{"rendered":"<p>El presidente franc\u00e9s Emmanuel Macron nombr\u00f3 el viernes (13.12.2024) primer ministro a su aliado centrista y veterano pol\u00edtico Fran\u00e7ois Bayrou, de 73 a\u00f1os, con el reto de aglutinar una mayor\u00eda parlamentaria que impida su ca\u00edda, anunci\u00f3 la presidencia.<\/p>\n<p>&nbsp;<\/p>\n<p>El alcalde de Pau, en el suroeste de Francia, suceder\u00e1 al conservador Michel Barnier, de 73 a\u00f1os, quien cay\u00f3 el 4 de diciembre en una moci\u00f3n de censura en el Parlamento cuando intentaba aprobar los presupuestos para 2025.<\/p>\n<p>&nbsp;<\/p>\n<p>Larga carrera pol\u00edtica<\/p>\n<p>Bayrou es un viejo conocido de la clase pol\u00edtica. Su consagraci\u00f3n en la pol\u00edtica nacional lleg\u00f3 con su nombramiento en 1993 como ministro de Educaci\u00f3n, en un gobierno de derecha durante la presidencia del socialista Fran\u00e7ois Mitterrand.<\/p>\n<p>&nbsp;<\/p>\n<p>Desde entonces, fue diputado, eurodiputado, alcalde como l\u00edder de su formaci\u00f3n centrista llamada Movimiento Dem\u00f3crata (MoDem) desde 2007, y se present\u00f3 en 2002, 2007 y 2012 a las elecciones presidenciales en Francia, sin \u00e9xito.<\/p>\n<p>&nbsp;<\/p>\n<p>En los comicios de 2017 decidi\u00f3 apoyar a Macron, quien irrumpi\u00f3 desde el centro con un discurso reformista \u00abni de izquierda ni de derecha\u00bb, y este le correspondi\u00f3 nombr\u00e1ndolo ministro de Justicia, cargo en el que estuvo solo 34 d\u00edas.<\/p>\n<p>&nbsp;<\/p>\n<p>Investigaci\u00f3n sobre corrupci\u00f3n no impidi\u00f3 nombramiento de Bayrou<\/p>\n<p>Una investigaci\u00f3n judicial sobre la contrataci\u00f3n fraudulenta de asistentes en el Parlamento Europeo lo forz\u00f3 a dejar el cargo. En febrero de este a\u00f1o, la justicia conden\u00f3 a MoDem, pero absolvi\u00f3 a su fundador en nombre del \u00abbeneficio de la duda\u00bb.<\/p>\n<p>&nbsp;<\/p>\n<p>Aunque el caso sigue abierto despu\u00e9s que la fiscal\u00eda recurriera la sentencia, esto no impidi\u00f3 su nombramiento. La incertidumbre ahora es saber si lograr\u00e1 una mayor\u00eda parlamentaria. La composici\u00f3n del futuro gobierno y sus prioridades ser\u00e1n claves.<\/p>\n<p><strong>Fecha de publicaci\u00f3n domingo 15 de diciembre de 2024 \/ DW<\/strong><\/p>\n<p>rr (afp\/reuters)<\/p>\n","protected":false},"excerpt":{"rendered":"<p>El presidente franc\u00e9s Emmanuel Macron nombr\u00f3 el viernes (13.12.2024) primer ministro a su aliado centrista&#8230;<\/p>\n","protected":false},"author":1,"featured_media":206279,"comment_status":"open","ping_status":"open","sticky":false,"template":"","format":"standard","meta":{"_monsterinsights_skip_tracking":false,"_monsterinsights_sitenote_active":false,"_monsterinsights_sitenote_note":"","_monsterinsights_sitenote_category":0,"footnotes":""},"categories":[3],"tags":[155,4817],"class_list":["post"],"yoast_head":" \n<title>Sonora en Equipo. Macron nombra a Fran\u00e7ois Bayrou primer ministro de Francia MUNDO<\/title>\n<meta name=\"description\" content=\"El presidente franc\u00e9s Emmanuel Macron nombr\u00f3 el viernes (13.12.2024) primer ministro a su aliado centrista y veterano pol\u00edtico Fran\u00e7ois Bayrou, de 73 En Sonora en Equipo publicamos toda la informaci\u00f3n de Sonora, M\u00e9xico y el Mundo de manera oportuna y busca que la libertad de expresi\u00f3n sea real. Visita nuestro medio informativo publicado desde Hermosillo, Sonora. %\" \/>\n<meta name=\"robots\" content=\"index, follow, max-snippet:-1, max-image-preview:large, max-video-preview:-1\" \/>\n<link rel=\"canonical\" href=\"https:\/\/www.sonoraenequipo.com.mx\/macron-nombra-a-francois-bayrou-primer-ministro-de-francia\/\" \/>\n<meta property=\"og:locale\" content=\"es_ES\" \/>\n<meta property=\"og:type\" content=\"article\" \/>\n<meta property=\"og:title\" content=\"Sonora en Equipo. Macron nombra a Fran\u00e7ois Bayrou primer ministro de Francia MUNDO\" \/>\n<meta property=\"og:description\" content=\"El presidente franc\u00e9s Emmanuel Macron nombr\u00f3 el viernes (13.12.2024) primer ministro a su aliado centrista y veterano pol\u00edtico Fran\u00e7ois Bayrou, de 73 En Sonora en Equipo publicamos toda la informaci\u00f3n de Sonora, M\u00e9xico y el Mundo de manera oportuna y busca que la libertad de expresi\u00f3n sea real. Visita nuestro medio informativo publicado desde Hermosillo, Sonora. %\" \/>\n<meta property=\"og:url\" content=\"https:\/\/www.sonoraenequipo.com.mx\/macron-nombra-a-francois-bayrou-primer-ministro-de-francia\/\" \/>\n<meta property=\"og:site_name\" content=\"Sonora en Equipo.\" \/>\n<meta property=\"article:publisher\" content=\"https:\/\/www.facebook.com\/SonoraEE\/\" \/>\n<meta property=\"article:author\" content=\"https:\/\/www.facebook.com\/SonoraEE\" \/>\n<meta property=\"article:published_time\" content=\"2024-12-16T00:50:33+00:00\" \/>\n<meta property=\"og:image\" content=\"https:\/\/www.sonoraenequipo.com.mx\/storage\/2024\/12\/bayrou.jpg\" \/>\n\t<meta property=\"og:image:width\" content=\"600\" \/>\n\t<meta property=\"og:image:height\" content=\"400\" \/>\n\t<meta property=\"og:image:type\" content=\"image\/jpeg\" \/>\n<meta name=\"author\" content=\"enequipo\" \/>\n<meta name=\"twitter:card\" content=\"summary_large_image\" \/>\n<meta name=\"twitter:creator\" content=\"@sonoraenequipo\" \/>\n<meta name=\"twitter:site\" content=\"@sonoraenequipo\" \/>\n<meta name=\"twitter:label1\" content=\"Escrito por\" \/>\n\t<meta name=\"twitter:data1\" content=\"enequipo\" \/>\n\t<meta name=\"twitter:label2\" content=\"Tiempo de lectura\" \/>\n\t<meta name=\"twitter:data2\" content=\"2 minutos\" \/>\n<script type=\"application\/ld+json\" class=\"yoast-schema-graph\">{\"@context\":\"https:\/\/schema.org\",\"@graph\":[{\"@type\":\"Article\",\"@id\":\"https:\/\/www.sonoraenequipo.com.mx\/macron-nombra-a-francois-bayrou-primer-ministro-de-francia\/#article\",\"isPartOf\":{\"@id\":\"https:\/\/www.sonoraenequipo.com.mx\/macron-nombra-a-francois-bayrou-primer-ministro-de-francia\/\"},\"author\":{\"name\":\"enequipo\",\"@id\":\"https:\/\/www.sonoraenequipo.com.mx\/#\/schema\/person\/50102df0fb23a8fa9e8effad8fa81386\"},\"headline\":\"Macron nombra a Fran\u00e7ois Bayrou primer ministro de Francia\",\"datePublished\":\"2024-12-16T00:50:33+00:00\",\"mainEntityOfPage\":{\"@id\":\"https:\/\/www.sonoraenequipo.com.mx\/macron-nombra-a-francois-bayrou-primer-ministro-de-francia\/\"},\"wordCount\":321,\"commentCount\":0,\"publisher\":{\"@id\":\"https:\/\/www.sonoraenequipo.com.mx\/#organization\"},\"image\":{\"@id\":\"https:\/\/www.sonoraenequipo.com.mx\/macron-nombra-a-francois-bayrou-primer-ministro-de-francia\/#primaryimage\"},\"thumbnailUrl\":\"https:\/\/www.sonoraenequipo.com.mx\/storage\/2024\/12\/bayrou.jpg\",\"keywords\":[\"Francia\",\"Macron\"],\"articleSection\":[\"MUNDO\"],\"inLanguage\":\"es\",\"potentialAction\":[{\"@type\":\"CommentAction\",\"name\":\"Comment\",\"target\":[\"https:\/\/www.sonoraenequipo.com.mx\/macron-nombra-a-francois-bayrou-primer-ministro-de-francia\/#respond\"]}]},{\"@type\":\"WebPage\",\"@id\":\"https:\/\/www.sonoraenequipo.com.mx\/macron-nombra-a-francois-bayrou-primer-ministro-de-francia\/\",\"url\":\"https:\/\/www.sonoraenequipo.com.mx\/macron-nombra-a-francois-bayrou-primer-ministro-de-francia\/\",\"name\":\"Sonora en Equipo. Macron nombra a Fran\u00e7ois Bayrou primer ministro de Francia MUNDO\",\"isPartOf\":{\"@id\":\"https:\/\/www.sonoraenequipo.com.mx\/#website\"},\"primaryImageOfPage\":{\"@id\":\"https:\/\/www.sonoraenequipo.com.mx\/macron-nombra-a-francois-bayrou-primer-ministro-de-francia\/#primaryimage\"},\"image\":{\"@id\":\"https:\/\/www.sonoraenequipo.com.mx\/macron-nombra-a-francois-bayrou-primer-ministro-de-francia\/#primaryimage\"},\"thumbnailUrl\":\"https:\/\/www.sonoraenequipo.com.mx\/storage\/2024\/12\/bayrou.jpg\",\"datePublished\":\"2024-12-16T00:50:33+00:00\",\"description\":\"El presidente franc\u00e9s Emmanuel Macron nombr\u00f3 el viernes (13.12.2024) primer ministro a su aliado centrista y veterano pol\u00edtico Fran\u00e7ois Bayrou, de 73 En Sonora en Equipo publicamos toda la informaci\u00f3n de Sonora, M\u00e9xico y el Mundo de manera oportuna y busca que la libertad de expresi\u00f3n sea real. Visita nuestro medio informativo publicado desde Hermosillo, Sonora. %\",\"breadcrumb\":{\"@id\":\"https:\/\/www.sonoraenequipo.com.mx\/macron-nombra-a-francois-bayrou-primer-ministro-de-francia\/#breadcrumb\"},\"inLanguage\":\"es\",\"potentialAction\":[{\"@type\":\"ReadAction\",\"target\":[\"https:\/\/www.sonoraenequipo.com.mx\/macron-nombra-a-francois-bayrou-primer-ministro-de-francia\/\"]}]},{\"@type\":\"ImageObject\",\"inLanguage\":\"es\",\"@id\":\"https:\/\/www.sonoraenequipo.com.mx\/macron-nombra-a-francois-bayrou-primer-ministro-de-francia\/#primaryimage\",\"url\":\"https:\/\/www.sonoraenequipo.com.mx\/storage\/2024\/12\/bayrou.jpg\",\"contentUrl\":\"https:\/\/www.sonoraenequipo.com.mx\/storage\/2024\/12\/bayrou.jpg\",\"width\":600,\"height\":400,\"caption\":\"Fran\u00e7ois BayrouImagen: Eliot Blondet\/abaca\/picture alliance\"},{\"@type\":\"BreadcrumbList\",\"@id\":\"https:\/\/www.sonoraenequipo.com.mx\/macron-nombra-a-francois-bayrou-primer-ministro-de-francia\/#breadcrumb\",\"itemListElement\":[{\"@type\":\"ListItem\",\"position\":1,\"name\":\"Portada\",\"item\":\"https:\/\/www.sonoraenequipo.com.mx\/\"},{\"@type\":\"ListItem\",\"position\":2,\"name\":\"Macron nombra a Fran\u00e7ois Bayrou primer ministro de Francia\"}]},{\"@type\":\"WebSite\",\"@id\":\"https:\/\/www.sonoraenequipo.com.mx\/#website\",\"url\":\"https:\/\/www.sonoraenequipo.com.mx\/\",\"name\":\"Sonora en Equipo.\",\"description\":\"Diario en l\u00ednea con Noticias desde Hermosillo, Sonora\",\"publisher\":{\"@id\":\"https:\/\/www.sonoraenequipo.com.mx\/#organization\"},\"potentialAction\":[{\"@type\":\"SearchAction\",\"target\":{\"@type\":\"EntryPoint\",\"urlTemplate\":\"https:\/\/www.sonoraenequipo.com.mx\/?s={search_term_string}\"},\"query-input\":{\"@type\":\"PropertyValueSpecification\",\"valueRequired\":true,\"valueName\":\"search_term_string\"}}],\"inLanguage\":\"es\"},{\"@type\":\"Organization\",\"@id\":\"https:\/\/www.sonoraenequipo.com.mx\/#organization\",\"name\":\"Sonoraenequipo.com.mx\",\"url\":\"https:\/\/www.sonoraenequipo.com.mx\/\",\"logo\":{\"@type\":\"ImageObject\",\"inLanguage\":\"es\",\"@id\":\"https:\/\/www.sonoraenequipo.com.mx\/#\/schema\/logo\/image\/\",\"url\":\"https:\/\/www.sonoraenequipo.com.mx\/storage\/2019\/01\/sonoraenequipo_opt.png\",\"contentUrl\":\"https:\/\/www.sonoraenequipo.com.mx\/storage\/2019\/01\/sonoraenequipo_opt.png\",\"width\":375,\"height\":125,\"caption\":\"Sonoraenequipo.com.mx\"},\"image\":{\"@id\":\"https:\/\/www.sonoraenequipo.com.mx\/#\/schema\/logo\/image\/\"},\"sameAs\":[\"https:\/\/www.facebook.com\/SonoraEE\/\",\"https:\/\/x.com\/sonoraenequipo\",\"https:\/\/www.youtube.com\/channel\/UC338nW-lPEYmJQs4ZABQ1SQ\"]},{\"@type\":\"Person\",\"@id\":\"https:\/\/www.sonoraenequipo.com.mx\/#\/schema\/person\/50102df0fb23a8fa9e8effad8fa81386\",\"name\":\"enequipo\",\"image\":{\"@type\":\"ImageObject\",\"inLanguage\":\"es\",\"@id\":\"https:\/\/www.sonoraenequipo.com.mx\/#\/schema\/person\/image\/\",\"url\":\"https:\/\/secure.gravatar.com\/avatar\/049821681b589dabc0bc20695993ccebb09f5b5d4d790cd9251b97faac7c652b?s=96&d=blank&r=g\",\"contentUrl\":\"https:\/\/secure.gravatar.com\/avatar\/049821681b589dabc0bc20695993ccebb09f5b5d4d790cd9251b97faac7c652b?s=96&d=blank&r=g\",\"caption\":\"enequipo\"},\"sameAs\":[\"https:\/\/www.facebook.com\/SonoraEE\"]}]}<\/script>\n ","yoast_head_json":{"title":"Sonora en Equipo. Macron nombra a Fran\u00e7ois Bayrou primer ministro de Francia MUNDO","description":"El presidente franc\u00e9s Emmanuel Macron nombr\u00f3 el viernes (13.12.2024) primer ministro a su aliado centrista y veterano pol\u00edtico Fran\u00e7ois Bayrou, de 73 En Sonora en Equipo publicamos toda la informaci\u00f3n de Sonora, M\u00e9xico y el Mundo de manera oportuna y busca que la libertad de expresi\u00f3n sea real. Visita nuestro medio informativo publicado desde Hermosillo, Sonora. %","robots":{"index":"index","follow":"follow","max-snippet":"max-snippet:-1","max-image-preview":"max-image-preview:large","max-video-preview":"max-video-preview:-1"},"canonical":"https:\/\/www.sonoraenequipo.com.mx\/macron-nombra-a-francois-bayrou-primer-ministro-de-francia\/","og_locale":"es_ES","og_type":"article","og_title":"Sonora en Equipo. Macron nombra a Fran\u00e7ois Bayrou primer ministro de Francia MUNDO","og_description":"El presidente franc\u00e9s Emmanuel Macron nombr\u00f3 el viernes (13.12.2024) primer ministro a su aliado centrista y veterano pol\u00edtico Fran\u00e7ois Bayrou, de 73 En Sonora en Equipo publicamos toda la informaci\u00f3n de Sonora, M\u00e9xico y el Mundo de manera oportuna y busca que la libertad de expresi\u00f3n sea real. Visita nuestro medio informativo publicado desde Hermosillo, Sonora. %","og_url":"https:\/\/www.sonoraenequipo.com.mx\/macron-nombra-a-francois-bayrou-primer-ministro-de-francia\/","og_site_name":"Sonora en Equipo.","article_publisher":"https:\/\/www.facebook.com\/SonoraEE\/","article_author":"https:\/\/www.facebook.com\/SonoraEE","article_published_time":"2024-12-16T00:50:33+00:00","og_image":[{"width":600,"height":400,"url":"https:\/\/www.sonoraenequipo.com.mx\/storage\/2024\/12\/bayrou.jpg","type":"image\/jpeg"}],"author":"enequipo","twitter_card":"summary_large_image","twitter_creator":"@sonoraenequipo","twitter_site":"@sonoraenequipo","twitter_misc":{"Escrito por":"enequipo","Tiempo de lectura":"2 minutos"},"schema":{"@context":"https:\/\/schema.org","@graph":[{"@type":"Article","@id":"https:\/\/www.sonoraenequipo.com.mx\/macron-nombra-a-francois-bayrou-primer-ministro-de-francia\/#article","isPartOf":{"@id":"https:\/\/www.sonoraenequipo.com.mx\/macron-nombra-a-francois-bayrou-primer-ministro-de-francia\/"},"author":{"name":"enequipo","@id":"https:\/\/www.sonoraenequipo.com.mx\/#\/schema\/person\/50102df0fb23a8fa9e8effad8fa81386"},"headline":"Macron nombra a Fran\u00e7ois Bayrou primer ministro de Francia","datePublished":"2024-12-16T00:50:33+00:00","mainEntityOfPage":{"@id":"https:\/\/www.sonoraenequipo.com.mx\/macron-nombra-a-francois-bayrou-primer-ministro-de-francia\/"},"wordCount":321,"commentCount":0,"publisher":{"@id":"https:\/\/www.sonoraenequipo.com.mx\/#organization"},"image":{"@id":"https:\/\/www.sonoraenequipo.com.mx\/macron-nombra-a-francois-bayrou-primer-ministro-de-francia\/#primaryimage"},"thumbnailUrl":"https:\/\/www.sonoraenequipo.com.mx\/storage\/2024\/12\/bayrou.jpg","keywords":["Francia","Macron"],"articleSection":["MUNDO"],"inLanguage":"es","potentialAction":[{"@type":"CommentAction","name":"Comment","target":["https:\/\/www.sonoraenequipo.com.mx\/macron-nombra-a-francois-bayrou-primer-ministro-de-francia\/#respond"]}]},{"@type":"WebPage","@id":"https:\/\/www.sonoraenequipo.com.mx\/macron-nombra-a-francois-bayrou-primer-ministro-de-francia\/","url":"https:\/\/www.sonoraenequipo.com.mx\/macron-nombra-a-francois-bayrou-primer-ministro-de-francia\/","name":"Sonora en Equipo. Macron nombra a Fran\u00e7ois Bayrou primer ministro de Francia MUNDO","isPartOf":{"@id":"https:\/\/www.sonoraenequipo.com.mx\/#website"},"primaryImageOfPage":{"@id":"https:\/\/www.sonoraenequipo.com.mx\/macron-nombra-a-francois-bayrou-primer-ministro-de-francia\/#primaryimage"},"image":{"@id":"https:\/\/www.sonoraenequipo.com.mx\/macron-nombra-a-francois-bayrou-primer-ministro-de-francia\/#primaryimage"},"thumbnailUrl":"https:\/\/www.sonoraenequipo.com.mx\/storage\/2024\/12\/bayrou.jpg","datePublished":"2024-12-16T00:50:33+00:00","description":"El presidente franc\u00e9s Emmanuel Macron nombr\u00f3 el viernes (13.12.2024) primer ministro a su aliado centrista y veterano pol\u00edtico Fran\u00e7ois Bayrou, de 73 En Sonora en Equipo publicamos toda la informaci\u00f3n de Sonora, M\u00e9xico y el Mundo de manera oportuna y busca que la libertad de expresi\u00f3n sea real. Visita nuestro medio informativo publicado desde Hermosillo, Sonora. %","breadcrumb":{"@id":"https:\/\/www.sonoraenequipo.com.mx\/macron-nombra-a-francois-bayrou-primer-ministro-de-francia\/#breadcrumb"},"inLanguage":"es","potentialAction":[{"@type":"ReadAction","target":["https:\/\/www.sonoraenequipo.com.mx\/macron-nombra-a-francois-bayrou-primer-ministro-de-francia\/"]}]},{"@type":"ImageObject","inLanguage":"es","@id":"https:\/\/www.sonoraenequipo.com.mx\/macron-nombra-a-francois-bayrou-primer-ministro-de-francia\/#primaryimage","url":"https:\/\/www.sonoraenequipo.com.mx\/storage\/2024\/12\/bayrou.jpg","contentUrl":"https:\/\/www.sonoraenequipo.com.mx\/storage\/2024\/12\/bayrou.jpg","width":600,"height":400,"caption":"Fran\u00e7ois BayrouImagen: Eliot Blondet\/abaca\/picture alliance"},{"@type":"BreadcrumbList","@id":"https:\/\/www.sonoraenequipo.com.mx\/macron-nombra-a-francois-bayrou-primer-ministro-de-francia\/#breadcrumb","itemListElement":[{"@type":"ListItem","position":1,"name":"Portada","item":"https:\/\/www.sonoraenequipo.com.mx\/"},{"@type":"ListItem","position":2,"name":"Macron nombra a Fran\u00e7ois Bayrou primer ministro de Francia"}]},{"@type":"WebSite","@id":"https:\/\/www.sonoraenequipo.com.mx\/#website","url":"https:\/\/www.sonoraenequipo.com.mx\/","name":"Sonora en Equipo.","description":"Diario en l\u00ednea con Noticias desde Hermosillo, Sonora","publisher":{"@id":"https:\/\/www.sonoraenequipo.com.mx\/#organization"},"potentialAction":[{"@type":"SearchAction","target":{"@type":"EntryPoint","urlTemplate":"https:\/\/www.sonoraenequipo.com.mx\/?s={search_term_string}"},"query-input":{"@type":"PropertyValueSpecification","valueRequired":true,"valueName":"search_term_string"}}],"inLanguage":"es"},{"@type":"Organization","@id":"https:\/\/www.sonoraenequipo.com.mx\/#organization","name":"Sonoraenequipo.com.mx","url":"https:\/\/www.sonoraenequipo.com.mx\/","logo":{"@type":"ImageObject","inLanguage":"es","@id":"https:\/\/www.sonoraenequipo.com.mx\/#\/schema\/logo\/image\/","url":"https:\/\/www.sonoraenequipo.com.mx\/storage\/2019\/01\/sonoraenequipo_opt.png","contentUrl":"https:\/\/www.sonoraenequipo.com.mx\/storage\/2019\/01\/sonoraenequipo_opt.png","width":375,"height":125,"caption":"Sonoraenequipo.com.mx"},"image":{"@id":"https:\/\/www.sonoraenequipo.com.mx\/#\/schema\/logo\/image\/"},"sameAs":["https:\/\/www.facebook.com\/SonoraEE\/","https:\/\/x.com\/sonoraenequipo","https:\/\/www.youtube.com\/channel\/UC338nW-lPEYmJQs4ZABQ1SQ"]},{"@type":"Person","@id":"https:\/\/www.sonoraenequipo.com.mx\/#\/schema\/person\/50102df0fb23a8fa9e8effad8fa81386","name":"enequipo","image":{"@type":"ImageObject","inLanguage":"es","@id":"https:\/\/www.sonoraenequipo.com.mx\/#\/schema\/person\/image\/","url":"https:\/\/secure.gravatar.com\/avatar\/049821681b589dabc0bc20695993ccebb09f5b5d4d790cd9251b97faac7c652b?s=96&d=blank&r=g","contentUrl":"https:\/\/secure.gravatar.com\/avatar\/049821681b589dabc0bc20695993ccebb09f5b5d4d790cd9251b97faac7c652b?s=96&d=blank&r=g","caption":"enequipo"},"sameAs":["https:\/\/www.facebook.com\/SonoraEE"]}]}},"jetpack_featured_media_url":"https:\/\/www.sonoraenequipo.com.mx\/storage\/2024\/12\/bayrou.jpg","_links":{"self":[{"href":"https:\/\/www.sonoraenequipo.com.mx\/api\/wp\/v2\/posts\/206278","targetHints":{"allow":["GET"]}}],"collection":[{"href":"https:\/\/www.sonoraenequipo.com.mx\/api\/wp\/v2\/posts"}],"about":[{"href":"https:\/\/www.sonoraenequipo.com.mx\/api\/wp\/v2\/types\/post"}],"author":[{"embeddable":true,"href":"https:\/\/www.sonoraenequipo.com.mx\/api\/wp\/v2\/users\/1"}],"replies":[{"embeddable":true,"href":"https:\/\/www.sonoraenequipo.com.mx\/api\/wp\/v2\/comments?post=206278"}],"version-history":[{"count":1,"href":"https:\/\/www.sonoraenequipo.com.mx\/api\/wp\/v2\/posts\/206278\/revisions"}],"predecessor-version":[{"id":206280,"href":"https:\/\/www.sonoraenequipo.com.mx\/api\/wp\/v2\/posts\/206278\/revisions\/206280"}],"wp:featuredmedia":[{"embeddable":true,"href":"https:\/\/www.sonoraenequipo.com.mx\/api\/wp\/v2\/media\/206279"}],"wp:attachment":[{"href":"https:\/\/www.sonoraenequipo.com.mx\/api\/wp\/v2\/media?parent=206278"}],"wp:term":[{"taxonomy":"category","embeddable":true,"href":"https:\/\/www.sonoraenequipo.com.mx\/api\/wp\/v2\/categories?post=206278"},{"taxonomy":"post_tag","embeddable":true,"href":"https:\/\/www.sonoraenequipo.com.mx\/api\/wp\/v2\/tags?post=206278"}],"curies":[{"name":"wp","href":"https:\/\/api.w.org\/{rel}","templated":true}]}}