{"id":206286,"date":"2024-12-15T19:24:18","date_gmt":"2024-12-16T02:24:18","guid":{"rendered":"https:\/\/www.sonoraenequipo.com.mx\/?p=206286"},"modified":"2024-12-15T19:35:55","modified_gmt":"2024-12-16T02:35:55","slug":"sec-potencia-aptitudes-de-ninas-y-ninos-sobresalientes","status":"publish","type":"post","link":"https:\/\/www.sonoraenequipo.com.mx\/sec-potencia-aptitudes-de-ninas-y-ninos-sobresalientes\/","title":{"rendered":"SEC potencia aptitudes de ni\u00f1as y ni\u00f1os sobresalientes"},"content":{"rendered":"<p>HERMOSILLO, SONORA. MX. \u2014\u00a0 Madres y padres de familia de todo el estado se reunieron para intercambiar experiencias positivas y de \u00e9xito al seguimiento educativo de sus hijos e hijas con diagn\u00f3stico de Aptitud Sobresaliente y que estudian en escuelas p\u00fablicas de preescolar, primaria y secundaria, inform\u00f3 la Secretar\u00eda de Educaci\u00f3n y Cultura (SEC).<\/p>\n<p> <\/p>\n<p>La dependencia educativa estatal indic\u00f3 que los asistentes, acompa\u00f1ados de los estudiantes, fueron convocados a trav\u00e9s de la Coordinaci\u00f3n General de Programas Federales y el Programa de Fortalecimiento de los Servicios de Educaci\u00f3n Especial para participar en el taller \u201cRed de padres para estudiantes con Aptitudes Sobresalientes\u00bb y en la Feria de Arte, Ciencia y Tecnolog\u00eda.<\/p>\n<p>El prop\u00f3sito del taller fue potenciar las aptitudes de las ni\u00f1as y ni\u00f1os diagnosticados como sobresalientes y enriquecer las experiencias educativas que han tenido los padres de familia para generar nuevas oportunidades de aprendizaje en sus hijos, mientras que la Feria les brind\u00f3 la oportunidad de participar en diversas estaciones con presentaci\u00f3n de proyectos y exposiciones con enfoque STEAM.<\/p>\n<p>La SEC refrend\u00f3 el compromiso de fortalecer el enriquecimiento del entorno de las y los educandos con aptitudes sobresalientes, mediante el acercamiento entre instituciones, especialistas de la comunidad y el sector educativo para dar respuestas a las potencialidades y necesidades que presentan.<\/p>\n<p>Los alumnos diagnosticados con Aptitudes Sobresalientes tienen y muestran una capacidad destacada en lo intelectual, art\u00edstico, creativo y socioafectivo, entre otras \u00e1reas, por lo que son canalizados para atenci\u00f3n por parte de los equipos multidisciplinarios que integran las Unidades de Servicios de Apoyo a la Educaci\u00f3n Regular (Usaer) con el objetivo de que sigan descubriendo y desarrollando sus capacidades.<\/p>\n<p>PUBLICADO EL 15 DE DICIEMBRE DE 2024 Con informaci\u00f3n de GOBSON 1224\/090)<\/p>\n","protected":false},"excerpt":{"rendered":"<p>HERMOSILLO, SONORA. MX. \u2014\u00a0 Madres y padres de familia de todo el estado se reunieron&#8230;<\/p>\n","protected":false},"author":1,"featured_media":206287,"comment_status":"open","ping_status":"open","sticky":false,"template":"","format":"standard","meta":{"_monsterinsights_skip_tracking":false,"_monsterinsights_sitenote_active":false,"_monsterinsights_sitenote_note":"","_monsterinsights_sitenote_category":0,"footnotes":""},"categories":[22],"tags":[],"class_list":["post"],"yoast_head":" \n<title>Sonora en Equipo. SEC potencia aptitudes de ni\u00f1as y ni\u00f1os sobresalientes Sonora<\/title>\n<meta name=\"description\" content=\"HERMOSILLO, SONORA. MX. \u2014\u00a0 Madres y padres de familia de todo el estado se reunieron para intercambiar experiencias positivas y de \u00e9xito al seguimiento En Sonora en Equipo publicamos toda la informaci\u00f3n de Sonora, M\u00e9xico y el Mundo de manera oportuna y busca que la libertad de expresi\u00f3n sea real. Visita nuestro medio informativo publicado desde Hermosillo, Sonora. %\" \/>\n<meta name=\"robots\" content=\"index, follow, max-snippet:-1, max-image-preview:large, max-video-preview:-1\" \/>\n<link rel=\"canonical\" href=\"https:\/\/www.sonoraenequipo.com.mx\/sec-potencia-aptitudes-de-ninas-y-ninos-sobresalientes\/\" \/>\n<meta property=\"og:locale\" content=\"es_ES\" \/>\n<meta property=\"og:type\" content=\"article\" \/>\n<meta property=\"og:title\" content=\"Sonora en Equipo. SEC potencia aptitudes de ni\u00f1as y ni\u00f1os sobresalientes Sonora\" \/>\n<meta property=\"og:description\" content=\"HERMOSILLO, SONORA. MX. \u2014\u00a0 Madres y padres de familia de todo el estado se reunieron para intercambiar experiencias positivas y de \u00e9xito al seguimiento En Sonora en Equipo publicamos toda la informaci\u00f3n de Sonora, M\u00e9xico y el Mundo de manera oportuna y busca que la libertad de expresi\u00f3n sea real. Visita nuestro medio informativo publicado desde Hermosillo, Sonora. %\" \/>\n<meta property=\"og:url\" content=\"https:\/\/www.sonoraenequipo.com.mx\/sec-potencia-aptitudes-de-ninas-y-ninos-sobresalientes\/\" \/>\n<meta property=\"og:site_name\" content=\"Sonora en Equipo.\" \/>\n<meta property=\"article:publisher\" content=\"https:\/\/www.facebook.com\/SonoraEE\/\" \/>\n<meta property=\"article:author\" content=\"https:\/\/www.facebook.com\/SonoraEE\" \/>\n<meta property=\"article:published_time\" content=\"2024-12-16T02:24:18+00:00\" \/>\n<meta property=\"article:modified_time\" content=\"2024-12-16T02:35:55+00:00\" \/>\n<meta property=\"og:image\" content=\"https:\/\/www.sonoraenequipo.com.mx\/storage\/2024\/12\/SEC-potencia-aptitudes-de-ninas-y-ninos-min.jpg\" \/>\n\t<meta property=\"og:image:width\" content=\"1100\" \/>\n\t<meta property=\"og:image:height\" content=\"587\" \/>\n\t<meta property=\"og:image:type\" content=\"image\/jpeg\" \/>\n<meta name=\"author\" content=\"enequipo\" \/>\n<meta name=\"twitter:card\" content=\"summary_large_image\" \/>\n<meta name=\"twitter:creator\" content=\"@sonoraenequipo\" \/>\n<meta name=\"twitter:site\" content=\"@sonoraenequipo\" \/>\n<meta name=\"twitter:label1\" content=\"Escrito por\" \/>\n\t<meta name=\"twitter:data1\" content=\"enequipo\" \/>\n\t<meta name=\"twitter:label2\" content=\"Tiempo de lectura\" \/>\n\t<meta name=\"twitter:data2\" content=\"1 minuto\" \/>\n<script type=\"application\/ld+json\" class=\"yoast-schema-graph\">{\"@context\":\"https:\/\/schema.org\",\"@graph\":[{\"@type\":\"Article\",\"@id\":\"https:\/\/www.sonoraenequipo.com.mx\/sec-potencia-aptitudes-de-ninas-y-ninos-sobresalientes\/#article\",\"isPartOf\":{\"@id\":\"https:\/\/www.sonoraenequipo.com.mx\/sec-potencia-aptitudes-de-ninas-y-ninos-sobresalientes\/\"},\"author\":{\"name\":\"enequipo\",\"@id\":\"https:\/\/www.sonoraenequipo.com.mx\/#\/schema\/person\/50102df0fb23a8fa9e8effad8fa81386\"},\"headline\":\"SEC potencia aptitudes de ni\u00f1as y ni\u00f1os sobresalientes\",\"datePublished\":\"2024-12-16T02:24:18+00:00\",\"dateModified\":\"2024-12-16T02:35:55+00:00\",\"mainEntityOfPage\":{\"@id\":\"https:\/\/www.sonoraenequipo.com.mx\/sec-potencia-aptitudes-de-ninas-y-ninos-sobresalientes\/\"},\"wordCount\":305,\"commentCount\":0,\"publisher\":{\"@id\":\"https:\/\/www.sonoraenequipo.com.mx\/#organization\"},\"image\":{\"@id\":\"https:\/\/www.sonoraenequipo.com.mx\/sec-potencia-aptitudes-de-ninas-y-ninos-sobresalientes\/#primaryimage\"},\"thumbnailUrl\":\"https:\/\/www.sonoraenequipo.com.mx\/storage\/2024\/12\/SEC-potencia-aptitudes-de-ninas-y-ninos-min.jpg\",\"articleSection\":[\"Sonora\"],\"inLanguage\":\"es\",\"potentialAction\":[{\"@type\":\"CommentAction\",\"name\":\"Comment\",\"target\":[\"https:\/\/www.sonoraenequipo.com.mx\/sec-potencia-aptitudes-de-ninas-y-ninos-sobresalientes\/#respond\"]}]},{\"@type\":\"WebPage\",\"@id\":\"https:\/\/www.sonoraenequipo.com.mx\/sec-potencia-aptitudes-de-ninas-y-ninos-sobresalientes\/\",\"url\":\"https:\/\/www.sonoraenequipo.com.mx\/sec-potencia-aptitudes-de-ninas-y-ninos-sobresalientes\/\",\"name\":\"Sonora en Equipo. SEC potencia aptitudes de ni\u00f1as y ni\u00f1os sobresalientes Sonora\",\"isPartOf\":{\"@id\":\"https:\/\/www.sonoraenequipo.com.mx\/#website\"},\"primaryImageOfPage\":{\"@id\":\"https:\/\/www.sonoraenequipo.com.mx\/sec-potencia-aptitudes-de-ninas-y-ninos-sobresalientes\/#primaryimage\"},\"image\":{\"@id\":\"https:\/\/www.sonoraenequipo.com.mx\/sec-potencia-aptitudes-de-ninas-y-ninos-sobresalientes\/#primaryimage\"},\"thumbnailUrl\":\"https:\/\/www.sonoraenequipo.com.mx\/storage\/2024\/12\/SEC-potencia-aptitudes-de-ninas-y-ninos-min.jpg\",\"datePublished\":\"2024-12-16T02:24:18+00:00\",\"dateModified\":\"2024-12-16T02:35:55+00:00\",\"description\":\"HERMOSILLO, SONORA. MX. \u2014\u00a0 Madres y padres de familia de todo el estado se reunieron para intercambiar experiencias positivas y de \u00e9xito al seguimiento En Sonora en Equipo publicamos toda la informaci\u00f3n de Sonora, M\u00e9xico y el Mundo de manera oportuna y busca que la libertad de expresi\u00f3n sea real. Visita nuestro medio informativo publicado desde Hermosillo, Sonora. %\",\"breadcrumb\":{\"@id\":\"https:\/\/www.sonoraenequipo.com.mx\/sec-potencia-aptitudes-de-ninas-y-ninos-sobresalientes\/#breadcrumb\"},\"inLanguage\":\"es\",\"potentialAction\":[{\"@type\":\"ReadAction\",\"target\":[\"https:\/\/www.sonoraenequipo.com.mx\/sec-potencia-aptitudes-de-ninas-y-ninos-sobresalientes\/\"]}]},{\"@type\":\"ImageObject\",\"inLanguage\":\"es\",\"@id\":\"https:\/\/www.sonoraenequipo.com.mx\/sec-potencia-aptitudes-de-ninas-y-ninos-sobresalientes\/#primaryimage\",\"url\":\"https:\/\/www.sonoraenequipo.com.mx\/storage\/2024\/12\/SEC-potencia-aptitudes-de-ninas-y-ninos-min.jpg\",\"contentUrl\":\"https:\/\/www.sonoraenequipo.com.mx\/storage\/2024\/12\/SEC-potencia-aptitudes-de-ninas-y-ninos-min.jpg\",\"width\":1100,\"height\":587},{\"@type\":\"BreadcrumbList\",\"@id\":\"https:\/\/www.sonoraenequipo.com.mx\/sec-potencia-aptitudes-de-ninas-y-ninos-sobresalientes\/#breadcrumb\",\"itemListElement\":[{\"@type\":\"ListItem\",\"position\":1,\"name\":\"Portada\",\"item\":\"https:\/\/www.sonoraenequipo.com.mx\/\"},{\"@type\":\"ListItem\",\"position\":2,\"name\":\"SEC potencia aptitudes de ni\u00f1as y ni\u00f1os sobresalientes\"}]},{\"@type\":\"WebSite\",\"@id\":\"https:\/\/www.sonoraenequipo.com.mx\/#website\",\"url\":\"https:\/\/www.sonoraenequipo.com.mx\/\",\"name\":\"Sonora en Equipo.\",\"description\":\"Diario en l\u00ednea con Noticias desde Hermosillo, Sonora\",\"publisher\":{\"@id\":\"https:\/\/www.sonoraenequipo.com.mx\/#organization\"},\"potentialAction\":[{\"@type\":\"SearchAction\",\"target\":{\"@type\":\"EntryPoint\",\"urlTemplate\":\"https:\/\/www.sonoraenequipo.com.mx\/?s={search_term_string}\"},\"query-input\":{\"@type\":\"PropertyValueSpecification\",\"valueRequired\":true,\"valueName\":\"search_term_string\"}}],\"inLanguage\":\"es\"},{\"@type\":\"Organization\",\"@id\":\"https:\/\/www.sonoraenequipo.com.mx\/#organization\",\"name\":\"Sonoraenequipo.com.mx\",\"url\":\"https:\/\/www.sonoraenequipo.com.mx\/\",\"logo\":{\"@type\":\"ImageObject\",\"inLanguage\":\"es\",\"@id\":\"https:\/\/www.sonoraenequipo.com.mx\/#\/schema\/logo\/image\/\",\"url\":\"https:\/\/www.sonoraenequipo.com.mx\/storage\/2019\/01\/sonoraenequipo_opt.png\",\"contentUrl\":\"https:\/\/www.sonoraenequipo.com.mx\/storage\/2019\/01\/sonoraenequipo_opt.png\",\"width\":375,\"height\":125,\"caption\":\"Sonoraenequipo.com.mx\"},\"image\":{\"@id\":\"https:\/\/www.sonoraenequipo.com.mx\/#\/schema\/logo\/image\/\"},\"sameAs\":[\"https:\/\/www.facebook.com\/SonoraEE\/\",\"https:\/\/x.com\/sonoraenequipo\",\"https:\/\/www.youtube.com\/channel\/UC338nW-lPEYmJQs4ZABQ1SQ\"]},{\"@type\":\"Person\",\"@id\":\"https:\/\/www.sonoraenequipo.com.mx\/#\/schema\/person\/50102df0fb23a8fa9e8effad8fa81386\",\"name\":\"enequipo\",\"image\":{\"@type\":\"ImageObject\",\"inLanguage\":\"es\",\"@id\":\"https:\/\/www.sonoraenequipo.com.mx\/#\/schema\/person\/image\/\",\"url\":\"https:\/\/secure.gravatar.com\/avatar\/049821681b589dabc0bc20695993ccebb09f5b5d4d790cd9251b97faac7c652b?s=96&d=blank&r=g\",\"contentUrl\":\"https:\/\/secure.gravatar.com\/avatar\/049821681b589dabc0bc20695993ccebb09f5b5d4d790cd9251b97faac7c652b?s=96&d=blank&r=g\",\"caption\":\"enequipo\"},\"sameAs\":[\"https:\/\/www.facebook.com\/SonoraEE\"]}]}<\/script>\n ","yoast_head_json":{"title":"Sonora en Equipo. SEC potencia aptitudes de ni\u00f1as y ni\u00f1os sobresalientes Sonora","description":"HERMOSILLO, SONORA. MX. \u2014\u00a0 Madres y padres de familia de todo el estado se reunieron para intercambiar experiencias positivas y de \u00e9xito al seguimiento En Sonora en Equipo publicamos toda la informaci\u00f3n de Sonora, M\u00e9xico y el Mundo de manera oportuna y busca que la libertad de expresi\u00f3n sea real. Visita nuestro medio informativo publicado desde Hermosillo, Sonora. %","robots":{"index":"index","follow":"follow","max-snippet":"max-snippet:-1","max-image-preview":"max-image-preview:large","max-video-preview":"max-video-preview:-1"},"canonical":"https:\/\/www.sonoraenequipo.com.mx\/sec-potencia-aptitudes-de-ninas-y-ninos-sobresalientes\/","og_locale":"es_ES","og_type":"article","og_title":"Sonora en Equipo. SEC potencia aptitudes de ni\u00f1as y ni\u00f1os sobresalientes Sonora","og_description":"HERMOSILLO, SONORA. MX. \u2014\u00a0 Madres y padres de familia de todo el estado se reunieron para intercambiar experiencias positivas y de \u00e9xito al seguimiento En Sonora en Equipo publicamos toda la informaci\u00f3n de Sonora, M\u00e9xico y el Mundo de manera oportuna y busca que la libertad de expresi\u00f3n sea real. Visita nuestro medio informativo publicado desde Hermosillo, Sonora. %","og_url":"https:\/\/www.sonoraenequipo.com.mx\/sec-potencia-aptitudes-de-ninas-y-ninos-sobresalientes\/","og_site_name":"Sonora en Equipo.","article_publisher":"https:\/\/www.facebook.com\/SonoraEE\/","article_author":"https:\/\/www.facebook.com\/SonoraEE","article_published_time":"2024-12-16T02:24:18+00:00","article_modified_time":"2024-12-16T02:35:55+00:00","og_image":[{"width":1100,"height":587,"url":"https:\/\/www.sonoraenequipo.com.mx\/storage\/2024\/12\/SEC-potencia-aptitudes-de-ninas-y-ninos-min.jpg","type":"image\/jpeg"}],"author":"enequipo","twitter_card":"summary_large_image","twitter_creator":"@sonoraenequipo","twitter_site":"@sonoraenequipo","twitter_misc":{"Escrito por":"enequipo","Tiempo de lectura":"1 minuto"},"schema":{"@context":"https:\/\/schema.org","@graph":[{"@type":"Article","@id":"https:\/\/www.sonoraenequipo.com.mx\/sec-potencia-aptitudes-de-ninas-y-ninos-sobresalientes\/#article","isPartOf":{"@id":"https:\/\/www.sonoraenequipo.com.mx\/sec-potencia-aptitudes-de-ninas-y-ninos-sobresalientes\/"},"author":{"name":"enequipo","@id":"https:\/\/www.sonoraenequipo.com.mx\/#\/schema\/person\/50102df0fb23a8fa9e8effad8fa81386"},"headline":"SEC potencia aptitudes de ni\u00f1as y ni\u00f1os sobresalientes","datePublished":"2024-12-16T02:24:18+00:00","dateModified":"2024-12-16T02:35:55+00:00","mainEntityOfPage":{"@id":"https:\/\/www.sonoraenequipo.com.mx\/sec-potencia-aptitudes-de-ninas-y-ninos-sobresalientes\/"},"wordCount":305,"commentCount":0,"publisher":{"@id":"https:\/\/www.sonoraenequipo.com.mx\/#organization"},"image":{"@id":"https:\/\/www.sonoraenequipo.com.mx\/sec-potencia-aptitudes-de-ninas-y-ninos-sobresalientes\/#primaryimage"},"thumbnailUrl":"https:\/\/www.sonoraenequipo.com.mx\/storage\/2024\/12\/SEC-potencia-aptitudes-de-ninas-y-ninos-min.jpg","articleSection":["Sonora"],"inLanguage":"es","potentialAction":[{"@type":"CommentAction","name":"Comment","target":["https:\/\/www.sonoraenequipo.com.mx\/sec-potencia-aptitudes-de-ninas-y-ninos-sobresalientes\/#respond"]}]},{"@type":"WebPage","@id":"https:\/\/www.sonoraenequipo.com.mx\/sec-potencia-aptitudes-de-ninas-y-ninos-sobresalientes\/","url":"https:\/\/www.sonoraenequipo.com.mx\/sec-potencia-aptitudes-de-ninas-y-ninos-sobresalientes\/","name":"Sonora en Equipo. SEC potencia aptitudes de ni\u00f1as y ni\u00f1os sobresalientes Sonora","isPartOf":{"@id":"https:\/\/www.sonoraenequipo.com.mx\/#website"},"primaryImageOfPage":{"@id":"https:\/\/www.sonoraenequipo.com.mx\/sec-potencia-aptitudes-de-ninas-y-ninos-sobresalientes\/#primaryimage"},"image":{"@id":"https:\/\/www.sonoraenequipo.com.mx\/sec-potencia-aptitudes-de-ninas-y-ninos-sobresalientes\/#primaryimage"},"thumbnailUrl":"https:\/\/www.sonoraenequipo.com.mx\/storage\/2024\/12\/SEC-potencia-aptitudes-de-ninas-y-ninos-min.jpg","datePublished":"2024-12-16T02:24:18+00:00","dateModified":"2024-12-16T02:35:55+00:00","description":"HERMOSILLO, SONORA. MX. \u2014\u00a0 Madres y padres de familia de todo el estado se reunieron para intercambiar experiencias positivas y de \u00e9xito al seguimiento En Sonora en Equipo publicamos toda la informaci\u00f3n de Sonora, M\u00e9xico y el Mundo de manera oportuna y busca que la libertad de expresi\u00f3n sea real. Visita nuestro medio informativo publicado desde Hermosillo, Sonora. %","breadcrumb":{"@id":"https:\/\/www.sonoraenequipo.com.mx\/sec-potencia-aptitudes-de-ninas-y-ninos-sobresalientes\/#breadcrumb"},"inLanguage":"es","potentialAction":[{"@type":"ReadAction","target":["https:\/\/www.sonoraenequipo.com.mx\/sec-potencia-aptitudes-de-ninas-y-ninos-sobresalientes\/"]}]},{"@type":"ImageObject","inLanguage":"es","@id":"https:\/\/www.sonoraenequipo.com.mx\/sec-potencia-aptitudes-de-ninas-y-ninos-sobresalientes\/#primaryimage","url":"https:\/\/www.sonoraenequipo.com.mx\/storage\/2024\/12\/SEC-potencia-aptitudes-de-ninas-y-ninos-min.jpg","contentUrl":"https:\/\/www.sonoraenequipo.com.mx\/storage\/2024\/12\/SEC-potencia-aptitudes-de-ninas-y-ninos-min.jpg","width":1100,"height":587},{"@type":"BreadcrumbList","@id":"https:\/\/www.sonoraenequipo.com.mx\/sec-potencia-aptitudes-de-ninas-y-ninos-sobresalientes\/#breadcrumb","itemListElement":[{"@type":"ListItem","position":1,"name":"Portada","item":"https:\/\/www.sonoraenequipo.com.mx\/"},{"@type":"ListItem","position":2,"name":"SEC potencia aptitudes de ni\u00f1as y ni\u00f1os sobresalientes"}]},{"@type":"WebSite","@id":"https:\/\/www.sonoraenequipo.com.mx\/#website","url":"https:\/\/www.sonoraenequipo.com.mx\/","name":"Sonora en Equipo.","description":"Diario en l\u00ednea con Noticias desde Hermosillo, Sonora","publisher":{"@id":"https:\/\/www.sonoraenequipo.com.mx\/#organization"},"potentialAction":[{"@type":"SearchAction","target":{"@type":"EntryPoint","urlTemplate":"https:\/\/www.sonoraenequipo.com.mx\/?s={search_term_string}"},"query-input":{"@type":"PropertyValueSpecification","valueRequired":true,"valueName":"search_term_string"}}],"inLanguage":"es"},{"@type":"Organization","@id":"https:\/\/www.sonoraenequipo.com.mx\/#organization","name":"Sonoraenequipo.com.mx","url":"https:\/\/www.sonoraenequipo.com.mx\/","logo":{"@type":"ImageObject","inLanguage":"es","@id":"https:\/\/www.sonoraenequipo.com.mx\/#\/schema\/logo\/image\/","url":"https:\/\/www.sonoraenequipo.com.mx\/storage\/2019\/01\/sonoraenequipo_opt.png","contentUrl":"https:\/\/www.sonoraenequipo.com.mx\/storage\/2019\/01\/sonoraenequipo_opt.png","width":375,"height":125,"caption":"Sonoraenequipo.com.mx"},"image":{"@id":"https:\/\/www.sonoraenequipo.com.mx\/#\/schema\/logo\/image\/"},"sameAs":["https:\/\/www.facebook.com\/SonoraEE\/","https:\/\/x.com\/sonoraenequipo","https:\/\/www.youtube.com\/channel\/UC338nW-lPEYmJQs4ZABQ1SQ"]},{"@type":"Person","@id":"https:\/\/www.sonoraenequipo.com.mx\/#\/schema\/person\/50102df0fb23a8fa9e8effad8fa81386","name":"enequipo","image":{"@type":"ImageObject","inLanguage":"es","@id":"https:\/\/www.sonoraenequipo.com.mx\/#\/schema\/person\/image\/","url":"https:\/\/secure.gravatar.com\/avatar\/049821681b589dabc0bc20695993ccebb09f5b5d4d790cd9251b97faac7c652b?s=96&d=blank&r=g","contentUrl":"https:\/\/secure.gravatar.com\/avatar\/049821681b589dabc0bc20695993ccebb09f5b5d4d790cd9251b97faac7c652b?s=96&d=blank&r=g","caption":"enequipo"},"sameAs":["https:\/\/www.facebook.com\/SonoraEE"]}]}},"jetpack_featured_media_url":"https:\/\/www.sonoraenequipo.com.mx\/storage\/2024\/12\/SEC-potencia-aptitudes-de-ninas-y-ninos-min.jpg","_links":{"self":[{"href":"https:\/\/www.sonoraenequipo.com.mx\/api\/wp\/v2\/posts\/206286","targetHints":{"allow":["GET"]}}],"collection":[{"href":"https:\/\/www.sonoraenequipo.com.mx\/api\/wp\/v2\/posts"}],"about":[{"href":"https:\/\/www.sonoraenequipo.com.mx\/api\/wp\/v2\/types\/post"}],"author":[{"embeddable":true,"href":"https:\/\/www.sonoraenequipo.com.mx\/api\/wp\/v2\/users\/1"}],"replies":[{"embeddable":true,"href":"https:\/\/www.sonoraenequipo.com.mx\/api\/wp\/v2\/comments?post=206286"}],"version-history":[{"count":2,"href":"https:\/\/www.sonoraenequipo.com.mx\/api\/wp\/v2\/posts\/206286\/revisions"}],"predecessor-version":[{"id":206290,"href":"https:\/\/www.sonoraenequipo.com.mx\/api\/wp\/v2\/posts\/206286\/revisions\/206290"}],"wp:featuredmedia":[{"embeddable":true,"href":"https:\/\/www.sonoraenequipo.com.mx\/api\/wp\/v2\/media\/206287"}],"wp:attachment":[{"href":"https:\/\/www.sonoraenequipo.com.mx\/api\/wp\/v2\/media?parent=206286"}],"wp:term":[{"taxonomy":"category","embeddable":true,"href":"https:\/\/www.sonoraenequipo.com.mx\/api\/wp\/v2\/categories?post=206286"},{"taxonomy":"post_tag","embeddable":true,"href":"https:\/\/www.sonoraenequipo.com.mx\/api\/wp\/v2\/tags?post=206286"}],"curies":[{"name":"wp","href":"https:\/\/api.w.org\/{rel}","templated":true}]}}