{"id":206291,"date":"2024-12-15T10:36:51","date_gmt":"2024-12-15T17:36:51","guid":{"rendered":"https:\/\/www.sonoraenequipo.com.mx\/?p=206291"},"modified":"2024-12-15T22:43:11","modified_gmt":"2024-12-16T05:43:11","slug":"lula-da-silva-recibe-el-alta-hospitalaria-tras-cirugia-por-hemorragia-intracraneal","status":"publish","type":"post","link":"https:\/\/www.sonoraenequipo.com.mx\/lula-da-silva-recibe-el-alta-hospitalaria-tras-cirugia-por-hemorragia-intracraneal\/","title":{"rendered":"Lula da Silva recibe el alta hospitalaria tras cirug\u00eda por hemorragia intracraneal"},"content":{"rendered":"<p>BRASIL. \u2014 El presidente de Brasil, Luiz In\u00e1cio Lula da Silva, de 79 a\u00f1os, recibi\u00f3 este domingo el alta m\u00e9dica tras someterse a una cirug\u00eda de emergencia por una hemorragia intracraneal en el Hospital Sirio-Liban\u00e9s de S\u00e3o Paulo. Los m\u00e9dicos informaron que su recuperaci\u00f3n ha sido mejor de lo esperado, aunque deber\u00e1 mantener ciertos cuidados durante los pr\u00f3ximos 15 d\u00edas.<\/p>\n<p>&nbsp;<\/p>\n<p>&nbsp;<\/p>\n<p>&nbsp;<\/p>\n<p>&nbsp;<\/p>\n<p>&nbsp;<\/p>\n<p>&nbsp;<\/p>\n<p>\u00abEstoy aqu\u00ed entero [&#8230;] volviendo a casa\u00bb, declar\u00f3 Lula durante una aparici\u00f3n sorpresa en la rueda de prensa ofrecida por sus m\u00e9dicos. Vestido con una chaqueta y un sombrero que cubr\u00eda las secuelas de la operaci\u00f3n, el mandatario agradeci\u00f3 al equipo m\u00e9dico y se mostr\u00f3 optimista por su recuperaci\u00f3n.<\/p>\n<p>&nbsp;<\/p>\n<p>&nbsp;<\/p>\n<p>&nbsp;<\/p>\n<p>&nbsp;<\/p>\n<p>La intervenci\u00f3n quir\u00fargica fue necesaria debido a una hemorragia causada por un golpe en la cabeza ocurrido el pasado 19 de octubre, cuando Lula se cay\u00f3 en el ba\u00f1o de la residencia oficial en Brasilia. Aunque inicialmente fue tratado con puntos de sutura y seguimientos m\u00e9dicos, la acumulaci\u00f3n de sangre requiri\u00f3 la cirug\u00eda urgente.<\/p>\n<p>&nbsp;<\/p>\n<p>&nbsp;<\/p>\n<p>&nbsp;<\/p>\n<p>&nbsp;<\/p>\n<p>El cardi\u00f3logo Roberto Kalil, parte del equipo m\u00e9dico que atendi\u00f3 a Lula, explic\u00f3 que el mandatario podr\u00e1 retomar sus actividades, aunque con ciertas restricciones. \u00abLa \u00fanica limitaci\u00f3n ser\u00e1 el ejercicio f\u00edsico\u00bb, detall\u00f3. Lula deber\u00e1 permanecer en S\u00e3o Paulo hasta el jueves, cuando se someter\u00e1 a nuevos ex\u00e1menes. Posteriormente, regresar\u00e1 a Brasilia para continuar su agenda oficial.<\/p>\n<p>&nbsp;<\/p>\n<p>&nbsp;<\/p>\n<p>&nbsp;<\/p>\n<p>&nbsp;<\/p>\n<p>Ana Helena Germoglio, otra de las m\u00e9dicas encargadas, destac\u00f3 que la recuperaci\u00f3n de Lula super\u00f3 las expectativas del equipo m\u00e9dico.<\/p>\n<p>&nbsp;<\/p>\n<p>&nbsp;<\/p>\n<p>&nbsp;<\/p>\n<p>&nbsp;<\/p>\n<p>PUBLICADO EL 15 DE DICIEMBRE DE 2024 Con informaci\u00f3n de AFP)<\/p>\n","protected":false},"excerpt":{"rendered":"<p>BRASIL. \u2014 El presidente de Brasil, Luiz In\u00e1cio Lula da Silva, de 79 a\u00f1os, recibi\u00f3&#8230;<\/p>\n","protected":false},"author":1,"featured_media":206293,"comment_status":"open","ping_status":"open","sticky":false,"template":"","format":"standard","meta":{"_monsterinsights_skip_tracking":false,"_monsterinsights_sitenote_active":false,"_monsterinsights_sitenote_note":"","_monsterinsights_sitenote_category":0,"footnotes":""},"categories":[3],"tags":[],"class_list":["post"],"yoast_head":" \n<title>Sonora en Equipo. Lula da Silva recibe el alta hospitalaria tras cirug\u00eda por hemorragia intracraneal MUNDO<\/title>\n<meta name=\"description\" content=\"BRASIL. \u2014 El presidente de Brasil, Luiz In\u00e1cio Lula da Silva, de 79 a\u00f1os, recibi\u00f3 este domingo el alta m\u00e9dica tras someterse a una cirug\u00eda de emergencia En Sonora en Equipo publicamos toda la informaci\u00f3n de Sonora, M\u00e9xico y el Mundo de manera oportuna y busca que la libertad de expresi\u00f3n sea real. Visita nuestro medio informativo publicado desde Hermosillo, Sonora. %\" \/>\n<meta name=\"robots\" content=\"index, follow, max-snippet:-1, max-image-preview:large, max-video-preview:-1\" \/>\n<link rel=\"canonical\" href=\"https:\/\/www.sonoraenequipo.com.mx\/lula-da-silva-recibe-el-alta-hospitalaria-tras-cirugia-por-hemorragia-intracraneal\/\" \/>\n<meta property=\"og:locale\" content=\"es_ES\" \/>\n<meta property=\"og:type\" content=\"article\" \/>\n<meta property=\"og:title\" content=\"Sonora en Equipo. Lula da Silva recibe el alta hospitalaria tras cirug\u00eda por hemorragia intracraneal MUNDO\" \/>\n<meta property=\"og:description\" content=\"BRASIL. \u2014 El presidente de Brasil, Luiz In\u00e1cio Lula da Silva, de 79 a\u00f1os, recibi\u00f3 este domingo el alta m\u00e9dica tras someterse a una cirug\u00eda de emergencia En Sonora en Equipo publicamos toda la informaci\u00f3n de Sonora, M\u00e9xico y el Mundo de manera oportuna y busca que la libertad de expresi\u00f3n sea real. Visita nuestro medio informativo publicado desde Hermosillo, Sonora. %\" \/>\n<meta property=\"og:url\" content=\"https:\/\/www.sonoraenequipo.com.mx\/lula-da-silva-recibe-el-alta-hospitalaria-tras-cirugia-por-hemorragia-intracraneal\/\" \/>\n<meta property=\"og:site_name\" content=\"Sonora en Equipo.\" \/>\n<meta property=\"article:publisher\" content=\"https:\/\/www.facebook.com\/SonoraEE\/\" \/>\n<meta property=\"article:author\" content=\"https:\/\/www.facebook.com\/SonoraEE\" \/>\n<meta property=\"article:published_time\" content=\"2024-12-15T17:36:51+00:00\" \/>\n<meta property=\"article:modified_time\" content=\"2024-12-16T05:43:11+00:00\" \/>\n<meta property=\"og:image\" content=\"https:\/\/www.sonoraenequipo.com.mx\/storage\/2024\/12\/Lula-recuperandose-min-1.jpg\" \/>\n\t<meta property=\"og:image:width\" content=\"1200\" \/>\n\t<meta property=\"og:image:height\" content=\"800\" \/>\n\t<meta property=\"og:image:type\" content=\"image\/jpeg\" \/>\n<meta name=\"author\" content=\"enequipo\" \/>\n<meta name=\"twitter:card\" content=\"summary_large_image\" \/>\n<meta name=\"twitter:creator\" content=\"@sonoraenequipo\" \/>\n<meta name=\"twitter:site\" content=\"@sonoraenequipo\" \/>\n<meta name=\"twitter:label1\" content=\"Escrito por\" \/>\n\t<meta name=\"twitter:data1\" content=\"enequipo\" \/>\n\t<meta name=\"twitter:label2\" content=\"Tiempo de lectura\" \/>\n\t<meta name=\"twitter:data2\" content=\"1 minuto\" \/>\n<script type=\"application\/ld+json\" class=\"yoast-schema-graph\">{\"@context\":\"https:\/\/schema.org\",\"@graph\":[{\"@type\":\"Article\",\"@id\":\"https:\/\/www.sonoraenequipo.com.mx\/lula-da-silva-recibe-el-alta-hospitalaria-tras-cirugia-por-hemorragia-intracraneal\/#article\",\"isPartOf\":{\"@id\":\"https:\/\/www.sonoraenequipo.com.mx\/lula-da-silva-recibe-el-alta-hospitalaria-tras-cirugia-por-hemorragia-intracraneal\/\"},\"author\":{\"name\":\"enequipo\",\"@id\":\"https:\/\/www.sonoraenequipo.com.mx\/#\/schema\/person\/50102df0fb23a8fa9e8effad8fa81386\"},\"headline\":\"Lula da Silva recibe el alta hospitalaria tras cirug\u00eda por hemorragia intracraneal\",\"datePublished\":\"2024-12-15T17:36:51+00:00\",\"dateModified\":\"2024-12-16T05:43:11+00:00\",\"mainEntityOfPage\":{\"@id\":\"https:\/\/www.sonoraenequipo.com.mx\/lula-da-silva-recibe-el-alta-hospitalaria-tras-cirugia-por-hemorragia-intracraneal\/\"},\"wordCount\":310,\"commentCount\":0,\"publisher\":{\"@id\":\"https:\/\/www.sonoraenequipo.com.mx\/#organization\"},\"image\":{\"@id\":\"https:\/\/www.sonoraenequipo.com.mx\/lula-da-silva-recibe-el-alta-hospitalaria-tras-cirugia-por-hemorragia-intracraneal\/#primaryimage\"},\"thumbnailUrl\":\"https:\/\/www.sonoraenequipo.com.mx\/storage\/2024\/12\/Lula-recuperandose-min-1.jpg\",\"articleSection\":[\"MUNDO\"],\"inLanguage\":\"es\",\"potentialAction\":[{\"@type\":\"CommentAction\",\"name\":\"Comment\",\"target\":[\"https:\/\/www.sonoraenequipo.com.mx\/lula-da-silva-recibe-el-alta-hospitalaria-tras-cirugia-por-hemorragia-intracraneal\/#respond\"]}]},{\"@type\":\"WebPage\",\"@id\":\"https:\/\/www.sonoraenequipo.com.mx\/lula-da-silva-recibe-el-alta-hospitalaria-tras-cirugia-por-hemorragia-intracraneal\/\",\"url\":\"https:\/\/www.sonoraenequipo.com.mx\/lula-da-silva-recibe-el-alta-hospitalaria-tras-cirugia-por-hemorragia-intracraneal\/\",\"name\":\"Sonora en Equipo. Lula da Silva recibe el alta hospitalaria tras cirug\u00eda por hemorragia intracraneal MUNDO\",\"isPartOf\":{\"@id\":\"https:\/\/www.sonoraenequipo.com.mx\/#website\"},\"primaryImageOfPage\":{\"@id\":\"https:\/\/www.sonoraenequipo.com.mx\/lula-da-silva-recibe-el-alta-hospitalaria-tras-cirugia-por-hemorragia-intracraneal\/#primaryimage\"},\"image\":{\"@id\":\"https:\/\/www.sonoraenequipo.com.mx\/lula-da-silva-recibe-el-alta-hospitalaria-tras-cirugia-por-hemorragia-intracraneal\/#primaryimage\"},\"thumbnailUrl\":\"https:\/\/www.sonoraenequipo.com.mx\/storage\/2024\/12\/Lula-recuperandose-min-1.jpg\",\"datePublished\":\"2024-12-15T17:36:51+00:00\",\"dateModified\":\"2024-12-16T05:43:11+00:00\",\"description\":\"BRASIL. \u2014 El presidente de Brasil, Luiz In\u00e1cio Lula da Silva, de 79 a\u00f1os, recibi\u00f3 este domingo el alta m\u00e9dica tras someterse a una cirug\u00eda de emergencia En Sonora en Equipo publicamos toda la informaci\u00f3n de Sonora, M\u00e9xico y el Mundo de manera oportuna y busca que la libertad de expresi\u00f3n sea real. Visita nuestro medio informativo publicado desde Hermosillo, Sonora. %\",\"breadcrumb\":{\"@id\":\"https:\/\/www.sonoraenequipo.com.mx\/lula-da-silva-recibe-el-alta-hospitalaria-tras-cirugia-por-hemorragia-intracraneal\/#breadcrumb\"},\"inLanguage\":\"es\",\"potentialAction\":[{\"@type\":\"ReadAction\",\"target\":[\"https:\/\/www.sonoraenequipo.com.mx\/lula-da-silva-recibe-el-alta-hospitalaria-tras-cirugia-por-hemorragia-intracraneal\/\"]}]},{\"@type\":\"ImageObject\",\"inLanguage\":\"es\",\"@id\":\"https:\/\/www.sonoraenequipo.com.mx\/lula-da-silva-recibe-el-alta-hospitalaria-tras-cirugia-por-hemorragia-intracraneal\/#primaryimage\",\"url\":\"https:\/\/www.sonoraenequipo.com.mx\/storage\/2024\/12\/Lula-recuperandose-min-1.jpg\",\"contentUrl\":\"https:\/\/www.sonoraenequipo.com.mx\/storage\/2024\/12\/Lula-recuperandose-min-1.jpg\",\"width\":1200,\"height\":800},{\"@type\":\"BreadcrumbList\",\"@id\":\"https:\/\/www.sonoraenequipo.com.mx\/lula-da-silva-recibe-el-alta-hospitalaria-tras-cirugia-por-hemorragia-intracraneal\/#breadcrumb\",\"itemListElement\":[{\"@type\":\"ListItem\",\"position\":1,\"name\":\"Portada\",\"item\":\"https:\/\/www.sonoraenequipo.com.mx\/\"},{\"@type\":\"ListItem\",\"position\":2,\"name\":\"Lula da Silva recibe el alta hospitalaria tras cirug\u00eda por hemorragia intracraneal\"}]},{\"@type\":\"WebSite\",\"@id\":\"https:\/\/www.sonoraenequipo.com.mx\/#website\",\"url\":\"https:\/\/www.sonoraenequipo.com.mx\/\",\"name\":\"Sonora en Equipo.\",\"description\":\"Diario en l\u00ednea con Noticias desde Hermosillo, Sonora\",\"publisher\":{\"@id\":\"https:\/\/www.sonoraenequipo.com.mx\/#organization\"},\"potentialAction\":[{\"@type\":\"SearchAction\",\"target\":{\"@type\":\"EntryPoint\",\"urlTemplate\":\"https:\/\/www.sonoraenequipo.com.mx\/?s={search_term_string}\"},\"query-input\":{\"@type\":\"PropertyValueSpecification\",\"valueRequired\":true,\"valueName\":\"search_term_string\"}}],\"inLanguage\":\"es\"},{\"@type\":\"Organization\",\"@id\":\"https:\/\/www.sonoraenequipo.com.mx\/#organization\",\"name\":\"Sonoraenequipo.com.mx\",\"url\":\"https:\/\/www.sonoraenequipo.com.mx\/\",\"logo\":{\"@type\":\"ImageObject\",\"inLanguage\":\"es\",\"@id\":\"https:\/\/www.sonoraenequipo.com.mx\/#\/schema\/logo\/image\/\",\"url\":\"https:\/\/www.sonoraenequipo.com.mx\/storage\/2019\/01\/sonoraenequipo_opt.png\",\"contentUrl\":\"https:\/\/www.sonoraenequipo.com.mx\/storage\/2019\/01\/sonoraenequipo_opt.png\",\"width\":375,\"height\":125,\"caption\":\"Sonoraenequipo.com.mx\"},\"image\":{\"@id\":\"https:\/\/www.sonoraenequipo.com.mx\/#\/schema\/logo\/image\/\"},\"sameAs\":[\"https:\/\/www.facebook.com\/SonoraEE\/\",\"https:\/\/x.com\/sonoraenequipo\",\"https:\/\/www.youtube.com\/channel\/UC338nW-lPEYmJQs4ZABQ1SQ\"]},{\"@type\":\"Person\",\"@id\":\"https:\/\/www.sonoraenequipo.com.mx\/#\/schema\/person\/50102df0fb23a8fa9e8effad8fa81386\",\"name\":\"enequipo\",\"image\":{\"@type\":\"ImageObject\",\"inLanguage\":\"es\",\"@id\":\"https:\/\/www.sonoraenequipo.com.mx\/#\/schema\/person\/image\/\",\"url\":\"https:\/\/secure.gravatar.com\/avatar\/049821681b589dabc0bc20695993ccebb09f5b5d4d790cd9251b97faac7c652b?s=96&d=blank&r=g\",\"contentUrl\":\"https:\/\/secure.gravatar.com\/avatar\/049821681b589dabc0bc20695993ccebb09f5b5d4d790cd9251b97faac7c652b?s=96&d=blank&r=g\",\"caption\":\"enequipo\"},\"sameAs\":[\"https:\/\/www.facebook.com\/SonoraEE\"]}]}<\/script>\n ","yoast_head_json":{"title":"Sonora en Equipo. Lula da Silva recibe el alta hospitalaria tras cirug\u00eda por hemorragia intracraneal MUNDO","description":"BRASIL. \u2014 El presidente de Brasil, Luiz In\u00e1cio Lula da Silva, de 79 a\u00f1os, recibi\u00f3 este domingo el alta m\u00e9dica tras someterse a una cirug\u00eda de emergencia En Sonora en Equipo publicamos toda la informaci\u00f3n de Sonora, M\u00e9xico y el Mundo de manera oportuna y busca que la libertad de expresi\u00f3n sea real. Visita nuestro medio informativo publicado desde Hermosillo, Sonora. %","robots":{"index":"index","follow":"follow","max-snippet":"max-snippet:-1","max-image-preview":"max-image-preview:large","max-video-preview":"max-video-preview:-1"},"canonical":"https:\/\/www.sonoraenequipo.com.mx\/lula-da-silva-recibe-el-alta-hospitalaria-tras-cirugia-por-hemorragia-intracraneal\/","og_locale":"es_ES","og_type":"article","og_title":"Sonora en Equipo. Lula da Silva recibe el alta hospitalaria tras cirug\u00eda por hemorragia intracraneal MUNDO","og_description":"BRASIL. \u2014 El presidente de Brasil, Luiz In\u00e1cio Lula da Silva, de 79 a\u00f1os, recibi\u00f3 este domingo el alta m\u00e9dica tras someterse a una cirug\u00eda de emergencia En Sonora en Equipo publicamos toda la informaci\u00f3n de Sonora, M\u00e9xico y el Mundo de manera oportuna y busca que la libertad de expresi\u00f3n sea real. Visita nuestro medio informativo publicado desde Hermosillo, Sonora. %","og_url":"https:\/\/www.sonoraenequipo.com.mx\/lula-da-silva-recibe-el-alta-hospitalaria-tras-cirugia-por-hemorragia-intracraneal\/","og_site_name":"Sonora en Equipo.","article_publisher":"https:\/\/www.facebook.com\/SonoraEE\/","article_author":"https:\/\/www.facebook.com\/SonoraEE","article_published_time":"2024-12-15T17:36:51+00:00","article_modified_time":"2024-12-16T05:43:11+00:00","og_image":[{"width":1200,"height":800,"url":"https:\/\/www.sonoraenequipo.com.mx\/storage\/2024\/12\/Lula-recuperandose-min-1.jpg","type":"image\/jpeg"}],"author":"enequipo","twitter_card":"summary_large_image","twitter_creator":"@sonoraenequipo","twitter_site":"@sonoraenequipo","twitter_misc":{"Escrito por":"enequipo","Tiempo de lectura":"1 minuto"},"schema":{"@context":"https:\/\/schema.org","@graph":[{"@type":"Article","@id":"https:\/\/www.sonoraenequipo.com.mx\/lula-da-silva-recibe-el-alta-hospitalaria-tras-cirugia-por-hemorragia-intracraneal\/#article","isPartOf":{"@id":"https:\/\/www.sonoraenequipo.com.mx\/lula-da-silva-recibe-el-alta-hospitalaria-tras-cirugia-por-hemorragia-intracraneal\/"},"author":{"name":"enequipo","@id":"https:\/\/www.sonoraenequipo.com.mx\/#\/schema\/person\/50102df0fb23a8fa9e8effad8fa81386"},"headline":"Lula da Silva recibe el alta hospitalaria tras cirug\u00eda por hemorragia intracraneal","datePublished":"2024-12-15T17:36:51+00:00","dateModified":"2024-12-16T05:43:11+00:00","mainEntityOfPage":{"@id":"https:\/\/www.sonoraenequipo.com.mx\/lula-da-silva-recibe-el-alta-hospitalaria-tras-cirugia-por-hemorragia-intracraneal\/"},"wordCount":310,"commentCount":0,"publisher":{"@id":"https:\/\/www.sonoraenequipo.com.mx\/#organization"},"image":{"@id":"https:\/\/www.sonoraenequipo.com.mx\/lula-da-silva-recibe-el-alta-hospitalaria-tras-cirugia-por-hemorragia-intracraneal\/#primaryimage"},"thumbnailUrl":"https:\/\/www.sonoraenequipo.com.mx\/storage\/2024\/12\/Lula-recuperandose-min-1.jpg","articleSection":["MUNDO"],"inLanguage":"es","potentialAction":[{"@type":"CommentAction","name":"Comment","target":["https:\/\/www.sonoraenequipo.com.mx\/lula-da-silva-recibe-el-alta-hospitalaria-tras-cirugia-por-hemorragia-intracraneal\/#respond"]}]},{"@type":"WebPage","@id":"https:\/\/www.sonoraenequipo.com.mx\/lula-da-silva-recibe-el-alta-hospitalaria-tras-cirugia-por-hemorragia-intracraneal\/","url":"https:\/\/www.sonoraenequipo.com.mx\/lula-da-silva-recibe-el-alta-hospitalaria-tras-cirugia-por-hemorragia-intracraneal\/","name":"Sonora en Equipo. Lula da Silva recibe el alta hospitalaria tras cirug\u00eda por hemorragia intracraneal MUNDO","isPartOf":{"@id":"https:\/\/www.sonoraenequipo.com.mx\/#website"},"primaryImageOfPage":{"@id":"https:\/\/www.sonoraenequipo.com.mx\/lula-da-silva-recibe-el-alta-hospitalaria-tras-cirugia-por-hemorragia-intracraneal\/#primaryimage"},"image":{"@id":"https:\/\/www.sonoraenequipo.com.mx\/lula-da-silva-recibe-el-alta-hospitalaria-tras-cirugia-por-hemorragia-intracraneal\/#primaryimage"},"thumbnailUrl":"https:\/\/www.sonoraenequipo.com.mx\/storage\/2024\/12\/Lula-recuperandose-min-1.jpg","datePublished":"2024-12-15T17:36:51+00:00","dateModified":"2024-12-16T05:43:11+00:00","description":"BRASIL. \u2014 El presidente de Brasil, Luiz In\u00e1cio Lula da Silva, de 79 a\u00f1os, recibi\u00f3 este domingo el alta m\u00e9dica tras someterse a una cirug\u00eda de emergencia En Sonora en Equipo publicamos toda la informaci\u00f3n de Sonora, M\u00e9xico y el Mundo de manera oportuna y busca que la libertad de expresi\u00f3n sea real. Visita nuestro medio informativo publicado desde Hermosillo, Sonora. %","breadcrumb":{"@id":"https:\/\/www.sonoraenequipo.com.mx\/lula-da-silva-recibe-el-alta-hospitalaria-tras-cirugia-por-hemorragia-intracraneal\/#breadcrumb"},"inLanguage":"es","potentialAction":[{"@type":"ReadAction","target":["https:\/\/www.sonoraenequipo.com.mx\/lula-da-silva-recibe-el-alta-hospitalaria-tras-cirugia-por-hemorragia-intracraneal\/"]}]},{"@type":"ImageObject","inLanguage":"es","@id":"https:\/\/www.sonoraenequipo.com.mx\/lula-da-silva-recibe-el-alta-hospitalaria-tras-cirugia-por-hemorragia-intracraneal\/#primaryimage","url":"https:\/\/www.sonoraenequipo.com.mx\/storage\/2024\/12\/Lula-recuperandose-min-1.jpg","contentUrl":"https:\/\/www.sonoraenequipo.com.mx\/storage\/2024\/12\/Lula-recuperandose-min-1.jpg","width":1200,"height":800},{"@type":"BreadcrumbList","@id":"https:\/\/www.sonoraenequipo.com.mx\/lula-da-silva-recibe-el-alta-hospitalaria-tras-cirugia-por-hemorragia-intracraneal\/#breadcrumb","itemListElement":[{"@type":"ListItem","position":1,"name":"Portada","item":"https:\/\/www.sonoraenequipo.com.mx\/"},{"@type":"ListItem","position":2,"name":"Lula da Silva recibe el alta hospitalaria tras cirug\u00eda por hemorragia intracraneal"}]},{"@type":"WebSite","@id":"https:\/\/www.sonoraenequipo.com.mx\/#website","url":"https:\/\/www.sonoraenequipo.com.mx\/","name":"Sonora en Equipo.","description":"Diario en l\u00ednea con Noticias desde Hermosillo, Sonora","publisher":{"@id":"https:\/\/www.sonoraenequipo.com.mx\/#organization"},"potentialAction":[{"@type":"SearchAction","target":{"@type":"EntryPoint","urlTemplate":"https:\/\/www.sonoraenequipo.com.mx\/?s={search_term_string}"},"query-input":{"@type":"PropertyValueSpecification","valueRequired":true,"valueName":"search_term_string"}}],"inLanguage":"es"},{"@type":"Organization","@id":"https:\/\/www.sonoraenequipo.com.mx\/#organization","name":"Sonoraenequipo.com.mx","url":"https:\/\/www.sonoraenequipo.com.mx\/","logo":{"@type":"ImageObject","inLanguage":"es","@id":"https:\/\/www.sonoraenequipo.com.mx\/#\/schema\/logo\/image\/","url":"https:\/\/www.sonoraenequipo.com.mx\/storage\/2019\/01\/sonoraenequipo_opt.png","contentUrl":"https:\/\/www.sonoraenequipo.com.mx\/storage\/2019\/01\/sonoraenequipo_opt.png","width":375,"height":125,"caption":"Sonoraenequipo.com.mx"},"image":{"@id":"https:\/\/www.sonoraenequipo.com.mx\/#\/schema\/logo\/image\/"},"sameAs":["https:\/\/www.facebook.com\/SonoraEE\/","https:\/\/x.com\/sonoraenequipo","https:\/\/www.youtube.com\/channel\/UC338nW-lPEYmJQs4ZABQ1SQ"]},{"@type":"Person","@id":"https:\/\/www.sonoraenequipo.com.mx\/#\/schema\/person\/50102df0fb23a8fa9e8effad8fa81386","name":"enequipo","image":{"@type":"ImageObject","inLanguage":"es","@id":"https:\/\/www.sonoraenequipo.com.mx\/#\/schema\/person\/image\/","url":"https:\/\/secure.gravatar.com\/avatar\/049821681b589dabc0bc20695993ccebb09f5b5d4d790cd9251b97faac7c652b?s=96&d=blank&r=g","contentUrl":"https:\/\/secure.gravatar.com\/avatar\/049821681b589dabc0bc20695993ccebb09f5b5d4d790cd9251b97faac7c652b?s=96&d=blank&r=g","caption":"enequipo"},"sameAs":["https:\/\/www.facebook.com\/SonoraEE"]}]}},"jetpack_featured_media_url":"https:\/\/www.sonoraenequipo.com.mx\/storage\/2024\/12\/Lula-recuperandose-min-1.jpg","_links":{"self":[{"href":"https:\/\/www.sonoraenequipo.com.mx\/api\/wp\/v2\/posts\/206291","targetHints":{"allow":["GET"]}}],"collection":[{"href":"https:\/\/www.sonoraenequipo.com.mx\/api\/wp\/v2\/posts"}],"about":[{"href":"https:\/\/www.sonoraenequipo.com.mx\/api\/wp\/v2\/types\/post"}],"author":[{"embeddable":true,"href":"https:\/\/www.sonoraenequipo.com.mx\/api\/wp\/v2\/users\/1"}],"replies":[{"embeddable":true,"href":"https:\/\/www.sonoraenequipo.com.mx\/api\/wp\/v2\/comments?post=206291"}],"version-history":[{"count":1,"href":"https:\/\/www.sonoraenequipo.com.mx\/api\/wp\/v2\/posts\/206291\/revisions"}],"predecessor-version":[{"id":206294,"href":"https:\/\/www.sonoraenequipo.com.mx\/api\/wp\/v2\/posts\/206291\/revisions\/206294"}],"wp:featuredmedia":[{"embeddable":true,"href":"https:\/\/www.sonoraenequipo.com.mx\/api\/wp\/v2\/media\/206293"}],"wp:attachment":[{"href":"https:\/\/www.sonoraenequipo.com.mx\/api\/wp\/v2\/media?parent=206291"}],"wp:term":[{"taxonomy":"category","embeddable":true,"href":"https:\/\/www.sonoraenequipo.com.mx\/api\/wp\/v2\/categories?post=206291"},{"taxonomy":"post_tag","embeddable":true,"href":"https:\/\/www.sonoraenequipo.com.mx\/api\/wp\/v2\/tags?post=206291"}],"curies":[{"name":"wp","href":"https:\/\/api.w.org\/{rel}","templated":true}]}}