{"id":206330,"date":"2024-12-16T15:48:19","date_gmt":"2024-12-16T22:48:19","guid":{"rendered":"https:\/\/www.sonoraenequipo.com.mx\/?p=206330"},"modified":"2024-12-16T15:48:19","modified_gmt":"2024-12-16T22:48:19","slug":"ministra-finanzas-canadiense-dimite-por-oposicion-a-trudeau","status":"publish","type":"post","link":"https:\/\/www.sonoraenequipo.com.mx\/ministra-finanzas-canadiense-dimite-por-oposicion-a-trudeau\/","title":{"rendered":"Ministra Finanzas canadiense dimite por oposici\u00f3n a Trudeau"},"content":{"rendered":"<p>&nbsp;<\/p>\n<p>Freeland, elegida diputada por primera vez en 2013, se incorpor\u00f3 al gabinete de Trudeau dos a\u00f1os despu\u00e9s, cuando los liberales llegaron al poder, y ocup\u00f3 varios puestos clave, entre ellos el de ministra de Comercio y Asuntos Exteriores, y lider\u00f3 las negociaciones de libre comercio con la UE y Estados Unidos.<\/p>\n<p>&nbsp;<\/p>\n<p>En su carta de dimisi\u00f3n, Freeland se\u00f1al\u00f3 que Trudeau quer\u00eda recolocarla en otro puesto, a lo que ella respondi\u00f3: \u00abHe llegado a la conclusi\u00f3n de que el \u00fanico camino honesto y viable es que dimita del gabinete\u00bb.<\/p>\n<p>&nbsp;<\/p>\n<p>Como ministra de Finanzas, Freeland explic\u00f3 la necesidad de tomarse \u00abextremadamente en serio\u00bb las amenazas arancelarias de Trump.<\/p>\n<p>&nbsp;<\/p>\n<p>\u00abEso significa mantener nuestra p\u00f3lvora fiscal seca hoy, para que tengamos las reservas que podamos necesitar para una pr\u00f3xima guerra arancelaria. Eso significa evitar costosos trucos pol\u00edticos, que mal podemos permitirnos y que hacen dudar a los canadienses de que reconozcamos la gravedad del momento\u00bb, dijo.<\/p>\n<p>&nbsp;<\/p>\n<p>El principal socio comercial de Canad\u00e1 es Estados Unidos, con el 75% de sus exportaciones destinadas a su vecino del sur.<\/p>\n<p><strong>Fecha de publicaci\u00f3n lunes 16 de diciembre de 2024 \/DW<\/strong><\/p>\n","protected":false},"excerpt":{"rendered":"<p>&nbsp; Freeland, elegida diputada por primera vez en 2013, se incorpor\u00f3 al gabinete de Trudeau&#8230;<\/p>\n","protected":false},"author":1,"featured_media":206331,"comment_status":"open","ping_status":"open","sticky":false,"template":"","format":"standard","meta":{"_monsterinsights_skip_tracking":false,"_monsterinsights_sitenote_active":false,"_monsterinsights_sitenote_note":"","_monsterinsights_sitenote_category":0,"footnotes":""},"categories":[3],"tags":[1557,10632,1952],"class_list":["post"],"yoast_head":" \n<title>Sonora en Equipo. Ministra Finanzas canadiense dimite por oposici\u00f3n a Trudeau MUNDO<\/title>\n<meta name=\"description\" content=\"&nbsp; Freeland, elegida diputada por primera vez en 2013, se incorpor\u00f3 al gabinete de Trudeau dos a\u00f1os despu\u00e9s, cuando los liberales llegaron al poder, y En Sonora en Equipo publicamos toda la informaci\u00f3n de Sonora, M\u00e9xico y el Mundo de manera oportuna y busca que la libertad de expresi\u00f3n sea real. Visita nuestro medio informativo publicado desde Hermosillo, Sonora. %\" \/>\n<meta name=\"robots\" content=\"index, follow, max-snippet:-1, max-image-preview:large, max-video-preview:-1\" \/>\n<link rel=\"canonical\" href=\"https:\/\/www.sonoraenequipo.com.mx\/ministra-finanzas-canadiense-dimite-por-oposicion-a-trudeau\/\" \/>\n<meta property=\"og:locale\" content=\"es_ES\" \/>\n<meta property=\"og:type\" content=\"article\" \/>\n<meta property=\"og:title\" content=\"Sonora en Equipo. Ministra Finanzas canadiense dimite por oposici\u00f3n a Trudeau MUNDO\" \/>\n<meta property=\"og:description\" content=\"&nbsp; Freeland, elegida diputada por primera vez en 2013, se incorpor\u00f3 al gabinete de Trudeau dos a\u00f1os despu\u00e9s, cuando los liberales llegaron al poder, y En Sonora en Equipo publicamos toda la informaci\u00f3n de Sonora, M\u00e9xico y el Mundo de manera oportuna y busca que la libertad de expresi\u00f3n sea real. Visita nuestro medio informativo publicado desde Hermosillo, Sonora. %\" \/>\n<meta property=\"og:url\" content=\"https:\/\/www.sonoraenequipo.com.mx\/ministra-finanzas-canadiense-dimite-por-oposicion-a-trudeau\/\" \/>\n<meta property=\"og:site_name\" content=\"Sonora en Equipo.\" \/>\n<meta property=\"article:publisher\" content=\"https:\/\/www.facebook.com\/SonoraEE\/\" \/>\n<meta property=\"article:author\" content=\"https:\/\/www.facebook.com\/SonoraEE\" \/>\n<meta property=\"article:published_time\" content=\"2024-12-16T22:48:19+00:00\" \/>\n<meta property=\"og:image\" content=\"https:\/\/www.sonoraenequipo.com.mx\/storage\/2024\/12\/chrystia.jpg\" \/>\n\t<meta property=\"og:image:width\" content=\"600\" \/>\n\t<meta property=\"og:image:height\" content=\"400\" \/>\n\t<meta property=\"og:image:type\" content=\"image\/jpeg\" \/>\n<meta name=\"author\" content=\"enequipo\" \/>\n<meta name=\"twitter:card\" content=\"summary_large_image\" \/>\n<meta name=\"twitter:creator\" content=\"@sonoraenequipo\" \/>\n<meta name=\"twitter:site\" content=\"@sonoraenequipo\" \/>\n<meta name=\"twitter:label1\" content=\"Escrito por\" \/>\n\t<meta name=\"twitter:data1\" content=\"enequipo\" \/>\n\t<meta name=\"twitter:label2\" content=\"Tiempo de lectura\" \/>\n\t<meta name=\"twitter:data2\" content=\"1 minuto\" \/>\n<script type=\"application\/ld+json\" class=\"yoast-schema-graph\">{\"@context\":\"https:\/\/schema.org\",\"@graph\":[{\"@type\":\"Article\",\"@id\":\"https:\/\/www.sonoraenequipo.com.mx\/ministra-finanzas-canadiense-dimite-por-oposicion-a-trudeau\/#article\",\"isPartOf\":{\"@id\":\"https:\/\/www.sonoraenequipo.com.mx\/ministra-finanzas-canadiense-dimite-por-oposicion-a-trudeau\/\"},\"author\":{\"name\":\"enequipo\",\"@id\":\"https:\/\/www.sonoraenequipo.com.mx\/#\/schema\/person\/50102df0fb23a8fa9e8effad8fa81386\"},\"headline\":\"Ministra Finanzas canadiense dimite por oposici\u00f3n a Trudeau\",\"datePublished\":\"2024-12-16T22:48:19+00:00\",\"mainEntityOfPage\":{\"@id\":\"https:\/\/www.sonoraenequipo.com.mx\/ministra-finanzas-canadiense-dimite-por-oposicion-a-trudeau\/\"},\"wordCount\":203,\"commentCount\":0,\"publisher\":{\"@id\":\"https:\/\/www.sonoraenequipo.com.mx\/#organization\"},\"image\":{\"@id\":\"https:\/\/www.sonoraenequipo.com.mx\/ministra-finanzas-canadiense-dimite-por-oposicion-a-trudeau\/#primaryimage\"},\"thumbnailUrl\":\"https:\/\/www.sonoraenequipo.com.mx\/storage\/2024\/12\/chrystia.jpg\",\"keywords\":[\"CANAD\u00c1\",\"Freeland\",\"Trudeau\"],\"articleSection\":[\"MUNDO\"],\"inLanguage\":\"es\",\"potentialAction\":[{\"@type\":\"CommentAction\",\"name\":\"Comment\",\"target\":[\"https:\/\/www.sonoraenequipo.com.mx\/ministra-finanzas-canadiense-dimite-por-oposicion-a-trudeau\/#respond\"]}]},{\"@type\":\"WebPage\",\"@id\":\"https:\/\/www.sonoraenequipo.com.mx\/ministra-finanzas-canadiense-dimite-por-oposicion-a-trudeau\/\",\"url\":\"https:\/\/www.sonoraenequipo.com.mx\/ministra-finanzas-canadiense-dimite-por-oposicion-a-trudeau\/\",\"name\":\"Sonora en Equipo. Ministra Finanzas canadiense dimite por oposici\u00f3n a Trudeau MUNDO\",\"isPartOf\":{\"@id\":\"https:\/\/www.sonoraenequipo.com.mx\/#website\"},\"primaryImageOfPage\":{\"@id\":\"https:\/\/www.sonoraenequipo.com.mx\/ministra-finanzas-canadiense-dimite-por-oposicion-a-trudeau\/#primaryimage\"},\"image\":{\"@id\":\"https:\/\/www.sonoraenequipo.com.mx\/ministra-finanzas-canadiense-dimite-por-oposicion-a-trudeau\/#primaryimage\"},\"thumbnailUrl\":\"https:\/\/www.sonoraenequipo.com.mx\/storage\/2024\/12\/chrystia.jpg\",\"datePublished\":\"2024-12-16T22:48:19+00:00\",\"description\":\"&nbsp; Freeland, elegida diputada por primera vez en 2013, se incorpor\u00f3 al gabinete de Trudeau dos a\u00f1os despu\u00e9s, cuando los liberales llegaron al poder, y En Sonora en Equipo publicamos toda la informaci\u00f3n de Sonora, M\u00e9xico y el Mundo de manera oportuna y busca que la libertad de expresi\u00f3n sea real. Visita nuestro medio informativo publicado desde Hermosillo, Sonora. %\",\"breadcrumb\":{\"@id\":\"https:\/\/www.sonoraenequipo.com.mx\/ministra-finanzas-canadiense-dimite-por-oposicion-a-trudeau\/#breadcrumb\"},\"inLanguage\":\"es\",\"potentialAction\":[{\"@type\":\"ReadAction\",\"target\":[\"https:\/\/www.sonoraenequipo.com.mx\/ministra-finanzas-canadiense-dimite-por-oposicion-a-trudeau\/\"]}]},{\"@type\":\"ImageObject\",\"inLanguage\":\"es\",\"@id\":\"https:\/\/www.sonoraenequipo.com.mx\/ministra-finanzas-canadiense-dimite-por-oposicion-a-trudeau\/#primaryimage\",\"url\":\"https:\/\/www.sonoraenequipo.com.mx\/storage\/2024\/12\/chrystia.jpg\",\"contentUrl\":\"https:\/\/www.sonoraenequipo.com.mx\/storage\/2024\/12\/chrystia.jpg\",\"width\":600,\"height\":400,\"caption\":\"La vice primera ministra y ministra de Finanzas de Canad\u00e1, Chrystia Freeland, en una rueda de prensa en Ottawa, el pasado 10 de diciembre de 2024.Imagen: Adrian Wyld\/The Canadian Press\/ZUMA Press\/picture alliance\"},{\"@type\":\"BreadcrumbList\",\"@id\":\"https:\/\/www.sonoraenequipo.com.mx\/ministra-finanzas-canadiense-dimite-por-oposicion-a-trudeau\/#breadcrumb\",\"itemListElement\":[{\"@type\":\"ListItem\",\"position\":1,\"name\":\"Portada\",\"item\":\"https:\/\/www.sonoraenequipo.com.mx\/\"},{\"@type\":\"ListItem\",\"position\":2,\"name\":\"Ministra Finanzas canadiense dimite por oposici\u00f3n a Trudeau\"}]},{\"@type\":\"WebSite\",\"@id\":\"https:\/\/www.sonoraenequipo.com.mx\/#website\",\"url\":\"https:\/\/www.sonoraenequipo.com.mx\/\",\"name\":\"Sonora en Equipo.\",\"description\":\"Diario en l\u00ednea con Noticias desde Hermosillo, Sonora\",\"publisher\":{\"@id\":\"https:\/\/www.sonoraenequipo.com.mx\/#organization\"},\"potentialAction\":[{\"@type\":\"SearchAction\",\"target\":{\"@type\":\"EntryPoint\",\"urlTemplate\":\"https:\/\/www.sonoraenequipo.com.mx\/?s={search_term_string}\"},\"query-input\":{\"@type\":\"PropertyValueSpecification\",\"valueRequired\":true,\"valueName\":\"search_term_string\"}}],\"inLanguage\":\"es\"},{\"@type\":\"Organization\",\"@id\":\"https:\/\/www.sonoraenequipo.com.mx\/#organization\",\"name\":\"Sonoraenequipo.com.mx\",\"url\":\"https:\/\/www.sonoraenequipo.com.mx\/\",\"logo\":{\"@type\":\"ImageObject\",\"inLanguage\":\"es\",\"@id\":\"https:\/\/www.sonoraenequipo.com.mx\/#\/schema\/logo\/image\/\",\"url\":\"https:\/\/www.sonoraenequipo.com.mx\/storage\/2019\/01\/sonoraenequipo_opt.png\",\"contentUrl\":\"https:\/\/www.sonoraenequipo.com.mx\/storage\/2019\/01\/sonoraenequipo_opt.png\",\"width\":375,\"height\":125,\"caption\":\"Sonoraenequipo.com.mx\"},\"image\":{\"@id\":\"https:\/\/www.sonoraenequipo.com.mx\/#\/schema\/logo\/image\/\"},\"sameAs\":[\"https:\/\/www.facebook.com\/SonoraEE\/\",\"https:\/\/x.com\/sonoraenequipo\",\"https:\/\/www.youtube.com\/channel\/UC338nW-lPEYmJQs4ZABQ1SQ\"]},{\"@type\":\"Person\",\"@id\":\"https:\/\/www.sonoraenequipo.com.mx\/#\/schema\/person\/50102df0fb23a8fa9e8effad8fa81386\",\"name\":\"enequipo\",\"image\":{\"@type\":\"ImageObject\",\"inLanguage\":\"es\",\"@id\":\"https:\/\/www.sonoraenequipo.com.mx\/#\/schema\/person\/image\/\",\"url\":\"https:\/\/secure.gravatar.com\/avatar\/049821681b589dabc0bc20695993ccebb09f5b5d4d790cd9251b97faac7c652b?s=96&d=blank&r=g\",\"contentUrl\":\"https:\/\/secure.gravatar.com\/avatar\/049821681b589dabc0bc20695993ccebb09f5b5d4d790cd9251b97faac7c652b?s=96&d=blank&r=g\",\"caption\":\"enequipo\"},\"sameAs\":[\"https:\/\/www.facebook.com\/SonoraEE\"]}]}<\/script>\n ","yoast_head_json":{"title":"Sonora en Equipo. Ministra Finanzas canadiense dimite por oposici\u00f3n a Trudeau MUNDO","description":"&nbsp; Freeland, elegida diputada por primera vez en 2013, se incorpor\u00f3 al gabinete de Trudeau dos a\u00f1os despu\u00e9s, cuando los liberales llegaron al poder, y En Sonora en Equipo publicamos toda la informaci\u00f3n de Sonora, M\u00e9xico y el Mundo de manera oportuna y busca que la libertad de expresi\u00f3n sea real. Visita nuestro medio informativo publicado desde Hermosillo, Sonora. %","robots":{"index":"index","follow":"follow","max-snippet":"max-snippet:-1","max-image-preview":"max-image-preview:large","max-video-preview":"max-video-preview:-1"},"canonical":"https:\/\/www.sonoraenequipo.com.mx\/ministra-finanzas-canadiense-dimite-por-oposicion-a-trudeau\/","og_locale":"es_ES","og_type":"article","og_title":"Sonora en Equipo. Ministra Finanzas canadiense dimite por oposici\u00f3n a Trudeau MUNDO","og_description":"&nbsp; Freeland, elegida diputada por primera vez en 2013, se incorpor\u00f3 al gabinete de Trudeau dos a\u00f1os despu\u00e9s, cuando los liberales llegaron al poder, y En Sonora en Equipo publicamos toda la informaci\u00f3n de Sonora, M\u00e9xico y el Mundo de manera oportuna y busca que la libertad de expresi\u00f3n sea real. Visita nuestro medio informativo publicado desde Hermosillo, Sonora. %","og_url":"https:\/\/www.sonoraenequipo.com.mx\/ministra-finanzas-canadiense-dimite-por-oposicion-a-trudeau\/","og_site_name":"Sonora en Equipo.","article_publisher":"https:\/\/www.facebook.com\/SonoraEE\/","article_author":"https:\/\/www.facebook.com\/SonoraEE","article_published_time":"2024-12-16T22:48:19+00:00","og_image":[{"width":600,"height":400,"url":"https:\/\/www.sonoraenequipo.com.mx\/storage\/2024\/12\/chrystia.jpg","type":"image\/jpeg"}],"author":"enequipo","twitter_card":"summary_large_image","twitter_creator":"@sonoraenequipo","twitter_site":"@sonoraenequipo","twitter_misc":{"Escrito por":"enequipo","Tiempo de lectura":"1 minuto"},"schema":{"@context":"https:\/\/schema.org","@graph":[{"@type":"Article","@id":"https:\/\/www.sonoraenequipo.com.mx\/ministra-finanzas-canadiense-dimite-por-oposicion-a-trudeau\/#article","isPartOf":{"@id":"https:\/\/www.sonoraenequipo.com.mx\/ministra-finanzas-canadiense-dimite-por-oposicion-a-trudeau\/"},"author":{"name":"enequipo","@id":"https:\/\/www.sonoraenequipo.com.mx\/#\/schema\/person\/50102df0fb23a8fa9e8effad8fa81386"},"headline":"Ministra Finanzas canadiense dimite por oposici\u00f3n a Trudeau","datePublished":"2024-12-16T22:48:19+00:00","mainEntityOfPage":{"@id":"https:\/\/www.sonoraenequipo.com.mx\/ministra-finanzas-canadiense-dimite-por-oposicion-a-trudeau\/"},"wordCount":203,"commentCount":0,"publisher":{"@id":"https:\/\/www.sonoraenequipo.com.mx\/#organization"},"image":{"@id":"https:\/\/www.sonoraenequipo.com.mx\/ministra-finanzas-canadiense-dimite-por-oposicion-a-trudeau\/#primaryimage"},"thumbnailUrl":"https:\/\/www.sonoraenequipo.com.mx\/storage\/2024\/12\/chrystia.jpg","keywords":["CANAD\u00c1","Freeland","Trudeau"],"articleSection":["MUNDO"],"inLanguage":"es","potentialAction":[{"@type":"CommentAction","name":"Comment","target":["https:\/\/www.sonoraenequipo.com.mx\/ministra-finanzas-canadiense-dimite-por-oposicion-a-trudeau\/#respond"]}]},{"@type":"WebPage","@id":"https:\/\/www.sonoraenequipo.com.mx\/ministra-finanzas-canadiense-dimite-por-oposicion-a-trudeau\/","url":"https:\/\/www.sonoraenequipo.com.mx\/ministra-finanzas-canadiense-dimite-por-oposicion-a-trudeau\/","name":"Sonora en Equipo. Ministra Finanzas canadiense dimite por oposici\u00f3n a Trudeau MUNDO","isPartOf":{"@id":"https:\/\/www.sonoraenequipo.com.mx\/#website"},"primaryImageOfPage":{"@id":"https:\/\/www.sonoraenequipo.com.mx\/ministra-finanzas-canadiense-dimite-por-oposicion-a-trudeau\/#primaryimage"},"image":{"@id":"https:\/\/www.sonoraenequipo.com.mx\/ministra-finanzas-canadiense-dimite-por-oposicion-a-trudeau\/#primaryimage"},"thumbnailUrl":"https:\/\/www.sonoraenequipo.com.mx\/storage\/2024\/12\/chrystia.jpg","datePublished":"2024-12-16T22:48:19+00:00","description":"&nbsp; Freeland, elegida diputada por primera vez en 2013, se incorpor\u00f3 al gabinete de Trudeau dos a\u00f1os despu\u00e9s, cuando los liberales llegaron al poder, y En Sonora en Equipo publicamos toda la informaci\u00f3n de Sonora, M\u00e9xico y el Mundo de manera oportuna y busca que la libertad de expresi\u00f3n sea real. Visita nuestro medio informativo publicado desde Hermosillo, Sonora. %","breadcrumb":{"@id":"https:\/\/www.sonoraenequipo.com.mx\/ministra-finanzas-canadiense-dimite-por-oposicion-a-trudeau\/#breadcrumb"},"inLanguage":"es","potentialAction":[{"@type":"ReadAction","target":["https:\/\/www.sonoraenequipo.com.mx\/ministra-finanzas-canadiense-dimite-por-oposicion-a-trudeau\/"]}]},{"@type":"ImageObject","inLanguage":"es","@id":"https:\/\/www.sonoraenequipo.com.mx\/ministra-finanzas-canadiense-dimite-por-oposicion-a-trudeau\/#primaryimage","url":"https:\/\/www.sonoraenequipo.com.mx\/storage\/2024\/12\/chrystia.jpg","contentUrl":"https:\/\/www.sonoraenequipo.com.mx\/storage\/2024\/12\/chrystia.jpg","width":600,"height":400,"caption":"La vice primera ministra y ministra de Finanzas de Canad\u00e1, Chrystia Freeland, en una rueda de prensa en Ottawa, el pasado 10 de diciembre de 2024.Imagen: Adrian Wyld\/The Canadian Press\/ZUMA Press\/picture alliance"},{"@type":"BreadcrumbList","@id":"https:\/\/www.sonoraenequipo.com.mx\/ministra-finanzas-canadiense-dimite-por-oposicion-a-trudeau\/#breadcrumb","itemListElement":[{"@type":"ListItem","position":1,"name":"Portada","item":"https:\/\/www.sonoraenequipo.com.mx\/"},{"@type":"ListItem","position":2,"name":"Ministra Finanzas canadiense dimite por oposici\u00f3n a Trudeau"}]},{"@type":"WebSite","@id":"https:\/\/www.sonoraenequipo.com.mx\/#website","url":"https:\/\/www.sonoraenequipo.com.mx\/","name":"Sonora en Equipo.","description":"Diario en l\u00ednea con Noticias desde Hermosillo, Sonora","publisher":{"@id":"https:\/\/www.sonoraenequipo.com.mx\/#organization"},"potentialAction":[{"@type":"SearchAction","target":{"@type":"EntryPoint","urlTemplate":"https:\/\/www.sonoraenequipo.com.mx\/?s={search_term_string}"},"query-input":{"@type":"PropertyValueSpecification","valueRequired":true,"valueName":"search_term_string"}}],"inLanguage":"es"},{"@type":"Organization","@id":"https:\/\/www.sonoraenequipo.com.mx\/#organization","name":"Sonoraenequipo.com.mx","url":"https:\/\/www.sonoraenequipo.com.mx\/","logo":{"@type":"ImageObject","inLanguage":"es","@id":"https:\/\/www.sonoraenequipo.com.mx\/#\/schema\/logo\/image\/","url":"https:\/\/www.sonoraenequipo.com.mx\/storage\/2019\/01\/sonoraenequipo_opt.png","contentUrl":"https:\/\/www.sonoraenequipo.com.mx\/storage\/2019\/01\/sonoraenequipo_opt.png","width":375,"height":125,"caption":"Sonoraenequipo.com.mx"},"image":{"@id":"https:\/\/www.sonoraenequipo.com.mx\/#\/schema\/logo\/image\/"},"sameAs":["https:\/\/www.facebook.com\/SonoraEE\/","https:\/\/x.com\/sonoraenequipo","https:\/\/www.youtube.com\/channel\/UC338nW-lPEYmJQs4ZABQ1SQ"]},{"@type":"Person","@id":"https:\/\/www.sonoraenequipo.com.mx\/#\/schema\/person\/50102df0fb23a8fa9e8effad8fa81386","name":"enequipo","image":{"@type":"ImageObject","inLanguage":"es","@id":"https:\/\/www.sonoraenequipo.com.mx\/#\/schema\/person\/image\/","url":"https:\/\/secure.gravatar.com\/avatar\/049821681b589dabc0bc20695993ccebb09f5b5d4d790cd9251b97faac7c652b?s=96&d=blank&r=g","contentUrl":"https:\/\/secure.gravatar.com\/avatar\/049821681b589dabc0bc20695993ccebb09f5b5d4d790cd9251b97faac7c652b?s=96&d=blank&r=g","caption":"enequipo"},"sameAs":["https:\/\/www.facebook.com\/SonoraEE"]}]}},"jetpack_featured_media_url":"https:\/\/www.sonoraenequipo.com.mx\/storage\/2024\/12\/chrystia.jpg","_links":{"self":[{"href":"https:\/\/www.sonoraenequipo.com.mx\/api\/wp\/v2\/posts\/206330","targetHints":{"allow":["GET"]}}],"collection":[{"href":"https:\/\/www.sonoraenequipo.com.mx\/api\/wp\/v2\/posts"}],"about":[{"href":"https:\/\/www.sonoraenequipo.com.mx\/api\/wp\/v2\/types\/post"}],"author":[{"embeddable":true,"href":"https:\/\/www.sonoraenequipo.com.mx\/api\/wp\/v2\/users\/1"}],"replies":[{"embeddable":true,"href":"https:\/\/www.sonoraenequipo.com.mx\/api\/wp\/v2\/comments?post=206330"}],"version-history":[{"count":1,"href":"https:\/\/www.sonoraenequipo.com.mx\/api\/wp\/v2\/posts\/206330\/revisions"}],"predecessor-version":[{"id":206332,"href":"https:\/\/www.sonoraenequipo.com.mx\/api\/wp\/v2\/posts\/206330\/revisions\/206332"}],"wp:featuredmedia":[{"embeddable":true,"href":"https:\/\/www.sonoraenequipo.com.mx\/api\/wp\/v2\/media\/206331"}],"wp:attachment":[{"href":"https:\/\/www.sonoraenequipo.com.mx\/api\/wp\/v2\/media?parent=206330"}],"wp:term":[{"taxonomy":"category","embeddable":true,"href":"https:\/\/www.sonoraenequipo.com.mx\/api\/wp\/v2\/categories?post=206330"},{"taxonomy":"post_tag","embeddable":true,"href":"https:\/\/www.sonoraenequipo.com.mx\/api\/wp\/v2\/tags?post=206330"}],"curies":[{"name":"wp","href":"https:\/\/api.w.org\/{rel}","templated":true}]}}