{"id":206351,"date":"2024-12-17T11:36:44","date_gmt":"2024-12-17T18:36:44","guid":{"rendered":"https:\/\/www.sonoraenequipo.com.mx\/?p=206351"},"modified":"2024-12-17T11:36:44","modified_gmt":"2024-12-17T18:36:44","slug":"fiesta-americana-acapulco-villas-reabre-sus-puertas-a-un-ano-de-huracan-otis","status":"publish","type":"post","link":"https:\/\/www.sonoraenequipo.com.mx\/fiesta-americana-acapulco-villas-reabre-sus-puertas-a-un-ano-de-huracan-otis\/","title":{"rendered":"Fiesta Americana Acapulco Villas reabre sus puertas a un a\u00f1o de hurac\u00e1n Otis"},"content":{"rendered":"<p><strong>CIUDAD DE M\u00c8XICO.<\/strong><strong> \u0336 \u0336\u00a0 <\/strong>La reapertura contempl\u00f3 una inversi\u00f3n de m\u00e1s de 600 millones de pesos, reforzando el compromiso de Posadas con la reactivaci\u00f3n econ\u00f3mica de Acapulco.<\/p>\n<p>&nbsp;<\/p>\n<p>&nbsp;<\/p>\n<p>La remodelaci\u00f3n de las 324 villas que integran el complejo tur\u00edstico se llevar\u00e1 a cabo en dos etapas, la segunda se consolidar\u00e1 en el primer trimestre de 2025, logrando con ello la generaci\u00f3n de m\u00e1s de 750 empleos directos e indirectos.<\/p>\n<p>&nbsp;<\/p>\n<p>&nbsp;<\/p>\n<p>El hotel renueva su oferta gastron\u00f3mica y de cocteler\u00eda con tres restaurantes: Moxaico, Blu y Rosato Bottega Lounge; adem\u00e1s de incorporar el distintivo bar especializado en cocteler\u00eda, Stelaris Cocktail Lounge.<\/p>\n<p>&nbsp;<\/p>\n<p>&nbsp;<\/p>\n<p>Acapulco, Gro. a 17 de diciembre de 2024. Con una imagen renovada y una inversi\u00f3n superior a los 600 millones de pesos (mdp), Posadas, la cadena de hoteles m\u00e1s importante de M\u00e9xico, anuncia la reapertura del emblem\u00e1tico hotel de playa Fiesta Americana Acapulco Villas, ubicado en uno de los lugares preferidos en la Zona Dorada del puerto guerrerense.<\/p>\n<p>&nbsp;<\/p>\n<p>&nbsp;<\/p>\n<p>&nbsp;<\/p>\n<p>El reinicio de operaciones de esta propiedad en la Costera Miguel Alem\u00e1n se da un a\u00f1o despu\u00e9s de que el Hurac\u00e1n Otis impactara al Estado y se llevar\u00e1 a cabo en dos etapas: la segunda se consolidar\u00e1 en el primer trimestre de 2025, logrando la reactivaci\u00f3n total de la cadena productiva y la generaci\u00f3n de m\u00e1s de 750 empleos directos e indirectos en la entidad.<\/p>\n<p>&nbsp;<\/p>\n<p>&nbsp;<\/p>\n<p>&nbsp;<\/p>\n<p>La remodelaci\u00f3n del monumental hotel brind\u00f3 la oportunidad de crear nuevos espacios y mejorar la comodidad de los hu\u00e9spedes. Asimismo, incluy\u00f3 el redise\u00f1o de las 324 villas que cuentan con hermosas vistas a la Bah\u00eda de Acapulco. Las Suites cuentan con una espaciosa sala y un comedor, as\u00ed como una cocineta equipada, lo cual las hace ideales para las familias que visitan el puerto de la mano del Fiesta Americana Vacation Club de Posadas.<\/p>\n<p>&nbsp;<\/p>\n<p>&nbsp;<\/p>\n<p>&nbsp;<\/p>\n<p>Fiesta Americana Acapulco Villas cuenta con dos albercas, playa, actividades recreativas, Health Club con spa y gimnasio; adem\u00e1s de ser un hotel dogfriendly. A estos espacios se incorporar\u00e1 en primavera el Fiesta Kids Club para ni\u00f1os de 4 a 12 a\u00f1os bajo un nuevo concepto que busca brindar de una amplia gama de entretenimiento para los m\u00e1s peque\u00f1os de la casa.<\/p>\n<p>&nbsp;<\/p>\n<p>&nbsp;<\/p>\n<p>&nbsp;<\/p>\n<p>Enrique Calder\u00f3n, Vicepresidente de Operaci\u00f3n Hotelera de Posadas afirm\u00f3 \u201cEn Posadas, estamos orgullosos de contribuir a la reactivaci\u00f3n de Acapulco y qu\u00e9 mejor que hacerlo con la reapertura de uno de nuestros destinos m\u00e1s simb\u00f3licos desde nuestros inicios\u201d.<\/p>\n<p>&nbsp;<\/p>\n<p>&nbsp;<\/p>\n<p>&nbsp;<\/p>\n<p>El hotel, reconocido por su plan europeo, cuenta con tres restaurantes y cuatro bares completamente remodelados, ampliando as\u00ed su oferta gastron\u00f3mica y de cocteler\u00eda. Moxaico, restaurante de comida tradicional mexicana con matices guerrerenses, Rosato Bottega Lounge, de ambiente y sabores italianos, Blu, destacado por servir mariscos y pesca del d\u00eda; adem\u00e1s a los bares del hotel, se suma la llegada de Stelaris Cocktail Lounge, el nuevo bar insignia, especializado en mixolog\u00eda de autor.<\/p>\n<p>&nbsp;<\/p>\n<p>&nbsp;<\/p>\n<p>&nbsp;<\/p>\n<p>Moxaico es una innovadora opci\u00f3n de comida tradicional mexicana, en donde los visitantes podr\u00e1n tener servicio de desayuno buffet y probar un delicioso pan reci\u00e9n horneado o degustar el t\u00edpico bolillo relleno con estofado de cerdo y un irresistible abanico de antojitos mexicanos.<\/p>\n<p>&nbsp;<\/p>\n<p>&nbsp;<\/p>\n<p>&nbsp;<\/p>\n<p>Mientras que en Blu, los hu\u00e9spedes podr\u00e1n disfrutar de mariscos y pesca del d\u00eda, bajo un ambiente relajado en la alberca principal para disfrutar del tradicional huachinango a la talla o un delicioso filete ba\u00f1ado con salsa de chile guajillo y servido con ensalada fresca y gajos de papa al horno.<\/p>\n<p>&nbsp;<\/p>\n<p>&nbsp;<\/p>\n<p>&nbsp;<\/p>\n<p>Por su parte, en Rosato Bottega Lounge, los comensales podr\u00e1n degustar en su pr\u00f3xima apertura en primavera lo mejor de la cocina italiana. Desde exquisitas creaciones de pasta, ensaladas; hasta platillos mar y tierra como el entrecot, un rico filete de cerdo a la parrilla con salsa de champi\u00f1ones y romero o el salm\u00f3n acompa\u00f1ado por esp\u00e1rragos y risotto.<\/p>\n<p>&nbsp;<\/p>\n<p>&nbsp;<\/p>\n<p>&nbsp;<\/p>\n<p>En Stelaris Cocktail Lounge, el nuevo bar especializado en mixolog\u00eda de autor, nuestros hu\u00e9spedes y socios podr\u00e1n experimentar un viaje de sofisticados cocteles preparados con ginebra, tequila, whiskey, ron, as\u00ed como vinos mexicanos e internacionales. Adem\u00e1s, podr\u00e1n degustar un men\u00fa que incluye exquisitos platillos para compartir como tapas y bocadillos.<\/p>\n<p>&nbsp;<\/p>\n<p>&nbsp;<\/p>\n<p>&nbsp;<\/p>\n<p>Durante la recta final del a\u00f1o, Posadas reforz\u00f3 su oferta de servicios, entretenimiento y consumo con el lanzamiento de invitta, plataforma en la que agrupa a todas sus marcas de restaurantes en M\u00e9xico y Rep\u00fablica Dominicana.<\/p>\n<p>&nbsp;<\/p>\n<p>&nbsp;<\/p>\n<p>&nbsp;<\/p>\n<p>A trav\u00e9s de esta remodelaci\u00f3n Posadas contin\u00faa reforzando su compromiso con el impulso al turismo en localidades emblem\u00e1ticas para los visitantes, creando espacios \u00fanicos.<\/p>\n<p>Datos:<\/p>\n<p>Fecha: 22 de octubre de 2023 \u2013 25 de octubre de 2023<\/p>\n<p>Categor\u00eda: Hurac\u00e1n Categor\u00eda 5 (EHSS)<\/p>\n<p>Ubicaci\u00f3n: M\u00e9xico<\/p>\n<p>\u00c1reas afectadas: Suroeste de M\u00e9xico; Estado de Guerrero; Acapulco<\/p>\n<p>Vientos m\u00e1ximos: 270 km\/h (165 mph); (durante 1 minuto)<\/p>\n<p>&nbsp;<\/p>\n<p><strong>Fecha de publicaci\u00f3n martes 17 de diciembre de 2024 \/<\/strong><\/p>\n<p>&nbsp;<\/p>\n","protected":false},"excerpt":{"rendered":"<p>CIUDAD DE M\u00c8XICO. \u0336 \u0336\u00a0 La reapertura contempl\u00f3 una inversi\u00f3n de m\u00e1s de 600 millones&#8230;<\/p>\n","protected":false},"author":1,"featured_media":206352,"comment_status":"open","ping_status":"open","sticky":false,"template":"","format":"standard","meta":{"_monsterinsights_skip_tracking":false,"_monsterinsights_sitenote_active":false,"_monsterinsights_sitenote_note":"","_monsterinsights_sitenote_category":0,"footnotes":""},"categories":[6493],"tags":[8872,29,9070],"class_list":["post"],"yoast_head":" \n<title>Sonora en Equipo. Fiesta Americana Acapulco Villas reabre sus puertas a un a\u00f1o de hurac\u00e1n Otis PALABRAS Y N\u00daMEROS<\/title>\n<meta name=\"description\" content=\"CIUDAD DE M\u00c8XICO. \u0336 \u0336\u00a0 La reapertura contempl\u00f3 una inversi\u00f3n de m\u00e1s de 600 millones de pesos, reforzando el compromiso de Posadas con la reactivaci\u00f3n En Sonora en Equipo publicamos toda la informaci\u00f3n de Sonora, M\u00e9xico y el Mundo de manera oportuna y busca que la libertad de expresi\u00f3n sea real. Visita nuestro medio informativo publicado desde Hermosillo, Sonora. %\" \/>\n<meta name=\"robots\" content=\"index, follow, max-snippet:-1, max-image-preview:large, max-video-preview:-1\" \/>\n<link rel=\"canonical\" href=\"https:\/\/www.sonoraenequipo.com.mx\/fiesta-americana-acapulco-villas-reabre-sus-puertas-a-un-ano-de-huracan-otis\/\" \/>\n<meta property=\"og:locale\" content=\"es_ES\" \/>\n<meta property=\"og:type\" content=\"article\" \/>\n<meta property=\"og:title\" content=\"Sonora en Equipo. Fiesta Americana Acapulco Villas reabre sus puertas a un a\u00f1o de hurac\u00e1n Otis PALABRAS Y N\u00daMEROS\" \/>\n<meta property=\"og:description\" content=\"CIUDAD DE M\u00c8XICO. \u0336 \u0336\u00a0 La reapertura contempl\u00f3 una inversi\u00f3n de m\u00e1s de 600 millones de pesos, reforzando el compromiso de Posadas con la reactivaci\u00f3n En Sonora en Equipo publicamos toda la informaci\u00f3n de Sonora, M\u00e9xico y el Mundo de manera oportuna y busca que la libertad de expresi\u00f3n sea real. Visita nuestro medio informativo publicado desde Hermosillo, Sonora. %\" \/>\n<meta property=\"og:url\" content=\"https:\/\/www.sonoraenequipo.com.mx\/fiesta-americana-acapulco-villas-reabre-sus-puertas-a-un-ano-de-huracan-otis\/\" \/>\n<meta property=\"og:site_name\" content=\"Sonora en Equipo.\" \/>\n<meta property=\"article:publisher\" content=\"https:\/\/www.facebook.com\/SonoraEE\/\" \/>\n<meta property=\"article:author\" content=\"https:\/\/www.facebook.com\/SonoraEE\" \/>\n<meta property=\"article:published_time\" content=\"2024-12-17T18:36:44+00:00\" \/>\n<meta property=\"og:image\" content=\"https:\/\/www.sonoraenequipo.com.mx\/storage\/2024\/12\/lobby-fiesta-americana.jpg\" \/>\n\t<meta property=\"og:image:width\" content=\"600\" \/>\n\t<meta property=\"og:image:height\" content=\"400\" \/>\n\t<meta property=\"og:image:type\" content=\"image\/jpeg\" \/>\n<meta name=\"author\" content=\"enequipo\" \/>\n<meta name=\"twitter:card\" content=\"summary_large_image\" \/>\n<meta name=\"twitter:creator\" content=\"@sonoraenequipo\" \/>\n<meta name=\"twitter:site\" content=\"@sonoraenequipo\" \/>\n<meta name=\"twitter:label1\" content=\"Escrito por\" \/>\n\t<meta name=\"twitter:data1\" content=\"enequipo\" \/>\n\t<meta name=\"twitter:label2\" content=\"Tiempo de lectura\" \/>\n\t<meta name=\"twitter:data2\" content=\"4 minutos\" \/>\n<script type=\"application\/ld+json\" class=\"yoast-schema-graph\">{\"@context\":\"https:\/\/schema.org\",\"@graph\":[{\"@type\":\"Article\",\"@id\":\"https:\/\/www.sonoraenequipo.com.mx\/fiesta-americana-acapulco-villas-reabre-sus-puertas-a-un-ano-de-huracan-otis\/#article\",\"isPartOf\":{\"@id\":\"https:\/\/www.sonoraenequipo.com.mx\/fiesta-americana-acapulco-villas-reabre-sus-puertas-a-un-ano-de-huracan-otis\/\"},\"author\":{\"name\":\"enequipo\",\"@id\":\"https:\/\/www.sonoraenequipo.com.mx\/#\/schema\/person\/50102df0fb23a8fa9e8effad8fa81386\"},\"headline\":\"Fiesta Americana Acapulco Villas reabre sus puertas a un a\u00f1o de hurac\u00e1n Otis\",\"datePublished\":\"2024-12-17T18:36:44+00:00\",\"mainEntityOfPage\":{\"@id\":\"https:\/\/www.sonoraenequipo.com.mx\/fiesta-americana-acapulco-villas-reabre-sus-puertas-a-un-ano-de-huracan-otis\/\"},\"wordCount\":887,\"commentCount\":0,\"publisher\":{\"@id\":\"https:\/\/www.sonoraenequipo.com.mx\/#organization\"},\"image\":{\"@id\":\"https:\/\/www.sonoraenequipo.com.mx\/fiesta-americana-acapulco-villas-reabre-sus-puertas-a-un-ano-de-huracan-otis\/#primaryimage\"},\"thumbnailUrl\":\"https:\/\/www.sonoraenequipo.com.mx\/storage\/2024\/12\/lobby-fiesta-americana.jpg\",\"keywords\":[\"fiesta americana\",\"huracan\",\"otis\"],\"articleSection\":[\"PALABRAS Y N\u00daMEROS\"],\"inLanguage\":\"es\",\"potentialAction\":[{\"@type\":\"CommentAction\",\"name\":\"Comment\",\"target\":[\"https:\/\/www.sonoraenequipo.com.mx\/fiesta-americana-acapulco-villas-reabre-sus-puertas-a-un-ano-de-huracan-otis\/#respond\"]}]},{\"@type\":\"WebPage\",\"@id\":\"https:\/\/www.sonoraenequipo.com.mx\/fiesta-americana-acapulco-villas-reabre-sus-puertas-a-un-ano-de-huracan-otis\/\",\"url\":\"https:\/\/www.sonoraenequipo.com.mx\/fiesta-americana-acapulco-villas-reabre-sus-puertas-a-un-ano-de-huracan-otis\/\",\"name\":\"Sonora en Equipo. Fiesta Americana Acapulco Villas reabre sus puertas a un a\u00f1o de hurac\u00e1n Otis PALABRAS Y N\u00daMEROS\",\"isPartOf\":{\"@id\":\"https:\/\/www.sonoraenequipo.com.mx\/#website\"},\"primaryImageOfPage\":{\"@id\":\"https:\/\/www.sonoraenequipo.com.mx\/fiesta-americana-acapulco-villas-reabre-sus-puertas-a-un-ano-de-huracan-otis\/#primaryimage\"},\"image\":{\"@id\":\"https:\/\/www.sonoraenequipo.com.mx\/fiesta-americana-acapulco-villas-reabre-sus-puertas-a-un-ano-de-huracan-otis\/#primaryimage\"},\"thumbnailUrl\":\"https:\/\/www.sonoraenequipo.com.mx\/storage\/2024\/12\/lobby-fiesta-americana.jpg\",\"datePublished\":\"2024-12-17T18:36:44+00:00\",\"description\":\"CIUDAD DE M\u00c8XICO. \u0336 \u0336\u00a0 La reapertura contempl\u00f3 una inversi\u00f3n de m\u00e1s de 600 millones de pesos, reforzando el compromiso de Posadas con la reactivaci\u00f3n En Sonora en Equipo publicamos toda la informaci\u00f3n de Sonora, M\u00e9xico y el Mundo de manera oportuna y busca que la libertad de expresi\u00f3n sea real. Visita nuestro medio informativo publicado desde Hermosillo, Sonora. %\",\"breadcrumb\":{\"@id\":\"https:\/\/www.sonoraenequipo.com.mx\/fiesta-americana-acapulco-villas-reabre-sus-puertas-a-un-ano-de-huracan-otis\/#breadcrumb\"},\"inLanguage\":\"es\",\"potentialAction\":[{\"@type\":\"ReadAction\",\"target\":[\"https:\/\/www.sonoraenequipo.com.mx\/fiesta-americana-acapulco-villas-reabre-sus-puertas-a-un-ano-de-huracan-otis\/\"]}]},{\"@type\":\"ImageObject\",\"inLanguage\":\"es\",\"@id\":\"https:\/\/www.sonoraenequipo.com.mx\/fiesta-americana-acapulco-villas-reabre-sus-puertas-a-un-ano-de-huracan-otis\/#primaryimage\",\"url\":\"https:\/\/www.sonoraenequipo.com.mx\/storage\/2024\/12\/lobby-fiesta-americana.jpg\",\"contentUrl\":\"https:\/\/www.sonoraenequipo.com.mx\/storage\/2024\/12\/lobby-fiesta-americana.jpg\",\"width\":600,\"height\":400,\"caption\":\"Imagen lobby Fiesta Americana Imagen: cortes\u00eca hotel\"},{\"@type\":\"BreadcrumbList\",\"@id\":\"https:\/\/www.sonoraenequipo.com.mx\/fiesta-americana-acapulco-villas-reabre-sus-puertas-a-un-ano-de-huracan-otis\/#breadcrumb\",\"itemListElement\":[{\"@type\":\"ListItem\",\"position\":1,\"name\":\"Portada\",\"item\":\"https:\/\/www.sonoraenequipo.com.mx\/\"},{\"@type\":\"ListItem\",\"position\":2,\"name\":\"Fiesta Americana Acapulco Villas reabre sus puertas a un a\u00f1o de hurac\u00e1n Otis\"}]},{\"@type\":\"WebSite\",\"@id\":\"https:\/\/www.sonoraenequipo.com.mx\/#website\",\"url\":\"https:\/\/www.sonoraenequipo.com.mx\/\",\"name\":\"Sonora en Equipo.\",\"description\":\"Diario en l\u00ednea con Noticias desde Hermosillo, Sonora\",\"publisher\":{\"@id\":\"https:\/\/www.sonoraenequipo.com.mx\/#organization\"},\"potentialAction\":[{\"@type\":\"SearchAction\",\"target\":{\"@type\":\"EntryPoint\",\"urlTemplate\":\"https:\/\/www.sonoraenequipo.com.mx\/?s={search_term_string}\"},\"query-input\":{\"@type\":\"PropertyValueSpecification\",\"valueRequired\":true,\"valueName\":\"search_term_string\"}}],\"inLanguage\":\"es\"},{\"@type\":\"Organization\",\"@id\":\"https:\/\/www.sonoraenequipo.com.mx\/#organization\",\"name\":\"Sonoraenequipo.com.mx\",\"url\":\"https:\/\/www.sonoraenequipo.com.mx\/\",\"logo\":{\"@type\":\"ImageObject\",\"inLanguage\":\"es\",\"@id\":\"https:\/\/www.sonoraenequipo.com.mx\/#\/schema\/logo\/image\/\",\"url\":\"https:\/\/www.sonoraenequipo.com.mx\/storage\/2019\/01\/sonoraenequipo_opt.png\",\"contentUrl\":\"https:\/\/www.sonoraenequipo.com.mx\/storage\/2019\/01\/sonoraenequipo_opt.png\",\"width\":375,\"height\":125,\"caption\":\"Sonoraenequipo.com.mx\"},\"image\":{\"@id\":\"https:\/\/www.sonoraenequipo.com.mx\/#\/schema\/logo\/image\/\"},\"sameAs\":[\"https:\/\/www.facebook.com\/SonoraEE\/\",\"https:\/\/x.com\/sonoraenequipo\",\"https:\/\/www.youtube.com\/channel\/UC338nW-lPEYmJQs4ZABQ1SQ\"]},{\"@type\":\"Person\",\"@id\":\"https:\/\/www.sonoraenequipo.com.mx\/#\/schema\/person\/50102df0fb23a8fa9e8effad8fa81386\",\"name\":\"enequipo\",\"image\":{\"@type\":\"ImageObject\",\"inLanguage\":\"es\",\"@id\":\"https:\/\/www.sonoraenequipo.com.mx\/#\/schema\/person\/image\/\",\"url\":\"https:\/\/secure.gravatar.com\/avatar\/049821681b589dabc0bc20695993ccebb09f5b5d4d790cd9251b97faac7c652b?s=96&d=blank&r=g\",\"contentUrl\":\"https:\/\/secure.gravatar.com\/avatar\/049821681b589dabc0bc20695993ccebb09f5b5d4d790cd9251b97faac7c652b?s=96&d=blank&r=g\",\"caption\":\"enequipo\"},\"sameAs\":[\"https:\/\/www.facebook.com\/SonoraEE\"]}]}<\/script>\n ","yoast_head_json":{"title":"Sonora en Equipo. Fiesta Americana Acapulco Villas reabre sus puertas a un a\u00f1o de hurac\u00e1n Otis PALABRAS Y N\u00daMEROS","description":"CIUDAD DE M\u00c8XICO. \u0336 \u0336\u00a0 La reapertura contempl\u00f3 una inversi\u00f3n de m\u00e1s de 600 millones de pesos, reforzando el compromiso de Posadas con la reactivaci\u00f3n En Sonora en Equipo publicamos toda la informaci\u00f3n de Sonora, M\u00e9xico y el Mundo de manera oportuna y busca que la libertad de expresi\u00f3n sea real. Visita nuestro medio informativo publicado desde Hermosillo, Sonora. %","robots":{"index":"index","follow":"follow","max-snippet":"max-snippet:-1","max-image-preview":"max-image-preview:large","max-video-preview":"max-video-preview:-1"},"canonical":"https:\/\/www.sonoraenequipo.com.mx\/fiesta-americana-acapulco-villas-reabre-sus-puertas-a-un-ano-de-huracan-otis\/","og_locale":"es_ES","og_type":"article","og_title":"Sonora en Equipo. Fiesta Americana Acapulco Villas reabre sus puertas a un a\u00f1o de hurac\u00e1n Otis PALABRAS Y N\u00daMEROS","og_description":"CIUDAD DE M\u00c8XICO. \u0336 \u0336\u00a0 La reapertura contempl\u00f3 una inversi\u00f3n de m\u00e1s de 600 millones de pesos, reforzando el compromiso de Posadas con la reactivaci\u00f3n En Sonora en Equipo publicamos toda la informaci\u00f3n de Sonora, M\u00e9xico y el Mundo de manera oportuna y busca que la libertad de expresi\u00f3n sea real. Visita nuestro medio informativo publicado desde Hermosillo, Sonora. %","og_url":"https:\/\/www.sonoraenequipo.com.mx\/fiesta-americana-acapulco-villas-reabre-sus-puertas-a-un-ano-de-huracan-otis\/","og_site_name":"Sonora en Equipo.","article_publisher":"https:\/\/www.facebook.com\/SonoraEE\/","article_author":"https:\/\/www.facebook.com\/SonoraEE","article_published_time":"2024-12-17T18:36:44+00:00","og_image":[{"width":600,"height":400,"url":"https:\/\/www.sonoraenequipo.com.mx\/storage\/2024\/12\/lobby-fiesta-americana.jpg","type":"image\/jpeg"}],"author":"enequipo","twitter_card":"summary_large_image","twitter_creator":"@sonoraenequipo","twitter_site":"@sonoraenequipo","twitter_misc":{"Escrito por":"enequipo","Tiempo de lectura":"4 minutos"},"schema":{"@context":"https:\/\/schema.org","@graph":[{"@type":"Article","@id":"https:\/\/www.sonoraenequipo.com.mx\/fiesta-americana-acapulco-villas-reabre-sus-puertas-a-un-ano-de-huracan-otis\/#article","isPartOf":{"@id":"https:\/\/www.sonoraenequipo.com.mx\/fiesta-americana-acapulco-villas-reabre-sus-puertas-a-un-ano-de-huracan-otis\/"},"author":{"name":"enequipo","@id":"https:\/\/www.sonoraenequipo.com.mx\/#\/schema\/person\/50102df0fb23a8fa9e8effad8fa81386"},"headline":"Fiesta Americana Acapulco Villas reabre sus puertas a un a\u00f1o de hurac\u00e1n Otis","datePublished":"2024-12-17T18:36:44+00:00","mainEntityOfPage":{"@id":"https:\/\/www.sonoraenequipo.com.mx\/fiesta-americana-acapulco-villas-reabre-sus-puertas-a-un-ano-de-huracan-otis\/"},"wordCount":887,"commentCount":0,"publisher":{"@id":"https:\/\/www.sonoraenequipo.com.mx\/#organization"},"image":{"@id":"https:\/\/www.sonoraenequipo.com.mx\/fiesta-americana-acapulco-villas-reabre-sus-puertas-a-un-ano-de-huracan-otis\/#primaryimage"},"thumbnailUrl":"https:\/\/www.sonoraenequipo.com.mx\/storage\/2024\/12\/lobby-fiesta-americana.jpg","keywords":["fiesta americana","huracan","otis"],"articleSection":["PALABRAS Y N\u00daMEROS"],"inLanguage":"es","potentialAction":[{"@type":"CommentAction","name":"Comment","target":["https:\/\/www.sonoraenequipo.com.mx\/fiesta-americana-acapulco-villas-reabre-sus-puertas-a-un-ano-de-huracan-otis\/#respond"]}]},{"@type":"WebPage","@id":"https:\/\/www.sonoraenequipo.com.mx\/fiesta-americana-acapulco-villas-reabre-sus-puertas-a-un-ano-de-huracan-otis\/","url":"https:\/\/www.sonoraenequipo.com.mx\/fiesta-americana-acapulco-villas-reabre-sus-puertas-a-un-ano-de-huracan-otis\/","name":"Sonora en Equipo. Fiesta Americana Acapulco Villas reabre sus puertas a un a\u00f1o de hurac\u00e1n Otis PALABRAS Y N\u00daMEROS","isPartOf":{"@id":"https:\/\/www.sonoraenequipo.com.mx\/#website"},"primaryImageOfPage":{"@id":"https:\/\/www.sonoraenequipo.com.mx\/fiesta-americana-acapulco-villas-reabre-sus-puertas-a-un-ano-de-huracan-otis\/#primaryimage"},"image":{"@id":"https:\/\/www.sonoraenequipo.com.mx\/fiesta-americana-acapulco-villas-reabre-sus-puertas-a-un-ano-de-huracan-otis\/#primaryimage"},"thumbnailUrl":"https:\/\/www.sonoraenequipo.com.mx\/storage\/2024\/12\/lobby-fiesta-americana.jpg","datePublished":"2024-12-17T18:36:44+00:00","description":"CIUDAD DE M\u00c8XICO. \u0336 \u0336\u00a0 La reapertura contempl\u00f3 una inversi\u00f3n de m\u00e1s de 600 millones de pesos, reforzando el compromiso de Posadas con la reactivaci\u00f3n En Sonora en Equipo publicamos toda la informaci\u00f3n de Sonora, M\u00e9xico y el Mundo de manera oportuna y busca que la libertad de expresi\u00f3n sea real. Visita nuestro medio informativo publicado desde Hermosillo, Sonora. %","breadcrumb":{"@id":"https:\/\/www.sonoraenequipo.com.mx\/fiesta-americana-acapulco-villas-reabre-sus-puertas-a-un-ano-de-huracan-otis\/#breadcrumb"},"inLanguage":"es","potentialAction":[{"@type":"ReadAction","target":["https:\/\/www.sonoraenequipo.com.mx\/fiesta-americana-acapulco-villas-reabre-sus-puertas-a-un-ano-de-huracan-otis\/"]}]},{"@type":"ImageObject","inLanguage":"es","@id":"https:\/\/www.sonoraenequipo.com.mx\/fiesta-americana-acapulco-villas-reabre-sus-puertas-a-un-ano-de-huracan-otis\/#primaryimage","url":"https:\/\/www.sonoraenequipo.com.mx\/storage\/2024\/12\/lobby-fiesta-americana.jpg","contentUrl":"https:\/\/www.sonoraenequipo.com.mx\/storage\/2024\/12\/lobby-fiesta-americana.jpg","width":600,"height":400,"caption":"Imagen lobby Fiesta Americana Imagen: cortes\u00eca hotel"},{"@type":"BreadcrumbList","@id":"https:\/\/www.sonoraenequipo.com.mx\/fiesta-americana-acapulco-villas-reabre-sus-puertas-a-un-ano-de-huracan-otis\/#breadcrumb","itemListElement":[{"@type":"ListItem","position":1,"name":"Portada","item":"https:\/\/www.sonoraenequipo.com.mx\/"},{"@type":"ListItem","position":2,"name":"Fiesta Americana Acapulco Villas reabre sus puertas a un a\u00f1o de hurac\u00e1n Otis"}]},{"@type":"WebSite","@id":"https:\/\/www.sonoraenequipo.com.mx\/#website","url":"https:\/\/www.sonoraenequipo.com.mx\/","name":"Sonora en Equipo.","description":"Diario en l\u00ednea con Noticias desde Hermosillo, Sonora","publisher":{"@id":"https:\/\/www.sonoraenequipo.com.mx\/#organization"},"potentialAction":[{"@type":"SearchAction","target":{"@type":"EntryPoint","urlTemplate":"https:\/\/www.sonoraenequipo.com.mx\/?s={search_term_string}"},"query-input":{"@type":"PropertyValueSpecification","valueRequired":true,"valueName":"search_term_string"}}],"inLanguage":"es"},{"@type":"Organization","@id":"https:\/\/www.sonoraenequipo.com.mx\/#organization","name":"Sonoraenequipo.com.mx","url":"https:\/\/www.sonoraenequipo.com.mx\/","logo":{"@type":"ImageObject","inLanguage":"es","@id":"https:\/\/www.sonoraenequipo.com.mx\/#\/schema\/logo\/image\/","url":"https:\/\/www.sonoraenequipo.com.mx\/storage\/2019\/01\/sonoraenequipo_opt.png","contentUrl":"https:\/\/www.sonoraenequipo.com.mx\/storage\/2019\/01\/sonoraenequipo_opt.png","width":375,"height":125,"caption":"Sonoraenequipo.com.mx"},"image":{"@id":"https:\/\/www.sonoraenequipo.com.mx\/#\/schema\/logo\/image\/"},"sameAs":["https:\/\/www.facebook.com\/SonoraEE\/","https:\/\/x.com\/sonoraenequipo","https:\/\/www.youtube.com\/channel\/UC338nW-lPEYmJQs4ZABQ1SQ"]},{"@type":"Person","@id":"https:\/\/www.sonoraenequipo.com.mx\/#\/schema\/person\/50102df0fb23a8fa9e8effad8fa81386","name":"enequipo","image":{"@type":"ImageObject","inLanguage":"es","@id":"https:\/\/www.sonoraenequipo.com.mx\/#\/schema\/person\/image\/","url":"https:\/\/secure.gravatar.com\/avatar\/049821681b589dabc0bc20695993ccebb09f5b5d4d790cd9251b97faac7c652b?s=96&d=blank&r=g","contentUrl":"https:\/\/secure.gravatar.com\/avatar\/049821681b589dabc0bc20695993ccebb09f5b5d4d790cd9251b97faac7c652b?s=96&d=blank&r=g","caption":"enequipo"},"sameAs":["https:\/\/www.facebook.com\/SonoraEE"]}]}},"jetpack_featured_media_url":"https:\/\/www.sonoraenequipo.com.mx\/storage\/2024\/12\/lobby-fiesta-americana.jpg","_links":{"self":[{"href":"https:\/\/www.sonoraenequipo.com.mx\/api\/wp\/v2\/posts\/206351","targetHints":{"allow":["GET"]}}],"collection":[{"href":"https:\/\/www.sonoraenequipo.com.mx\/api\/wp\/v2\/posts"}],"about":[{"href":"https:\/\/www.sonoraenequipo.com.mx\/api\/wp\/v2\/types\/post"}],"author":[{"embeddable":true,"href":"https:\/\/www.sonoraenequipo.com.mx\/api\/wp\/v2\/users\/1"}],"replies":[{"embeddable":true,"href":"https:\/\/www.sonoraenequipo.com.mx\/api\/wp\/v2\/comments?post=206351"}],"version-history":[{"count":1,"href":"https:\/\/www.sonoraenequipo.com.mx\/api\/wp\/v2\/posts\/206351\/revisions"}],"predecessor-version":[{"id":206353,"href":"https:\/\/www.sonoraenequipo.com.mx\/api\/wp\/v2\/posts\/206351\/revisions\/206353"}],"wp:featuredmedia":[{"embeddable":true,"href":"https:\/\/www.sonoraenequipo.com.mx\/api\/wp\/v2\/media\/206352"}],"wp:attachment":[{"href":"https:\/\/www.sonoraenequipo.com.mx\/api\/wp\/v2\/media?parent=206351"}],"wp:term":[{"taxonomy":"category","embeddable":true,"href":"https:\/\/www.sonoraenequipo.com.mx\/api\/wp\/v2\/categories?post=206351"},{"taxonomy":"post_tag","embeddable":true,"href":"https:\/\/www.sonoraenequipo.com.mx\/api\/wp\/v2\/tags?post=206351"}],"curies":[{"name":"wp","href":"https:\/\/api.w.org\/{rel}","templated":true}]}}