{"id":206356,"date":"2024-12-17T12:44:04","date_gmt":"2024-12-17T19:44:04","guid":{"rendered":"https:\/\/www.sonoraenequipo.com.mx\/?p=206356"},"modified":"2024-12-17T12:44:04","modified_gmt":"2024-12-17T19:44:04","slug":"88-curiosidades-del-papa-francisco-en-su-88-cumpleanos","status":"publish","type":"post","link":"https:\/\/www.sonoraenequipo.com.mx\/88-curiosidades-del-papa-francisco-en-su-88-cumpleanos\/","title":{"rendered":"8+8 curiosidades del Papa Francisco en su 88 cumplea\u00f1os"},"content":{"rendered":"<p>El Papa Francisco recibe una tarta de cumplea\u00f1os durante el vuelo de regreso de C\u00f3rcega el 15 de diciembre Imagen EWTN<\/p>\n<p>&nbsp;<\/p>\n<p>\u00bfSab\u00edas que el Papa Francisco fue portero de discoteca, le falta un pulm\u00f3n y que su comida favorita es un t\u00edpico plato piamont\u00e9s? Recordamos algunas curiosidades de la vida del Papa Francisco en su 88 cumplea\u00f1os.<\/p>\n<p>&nbsp;<\/p>\n<ol>\n<li><strong> \u00bfC\u00f3mo descubri\u00f3 su vocaci\u00f3n?<\/strong><\/li>\n<\/ol>\n<p>En la fiesta de San Mateo Ap\u00f3stol, el Papa Francisco descubri\u00f3 su vocaci\u00f3n al sacerdocio tras una Confesi\u00f3n cuando ten\u00eda 16 a\u00f1os. Ocurri\u00f3 el 21 de septiembre de 1953. Era el d\u00eda del estudiante en Argentina, que coincide con el d\u00eda en que empieza la primavera en el hemisferio sur, y que se celebra con una gran fiesta.<\/p>\n<p>&nbsp;<\/p>\n<p>\u201cAntes de ir a la fiesta, pas\u00e9 por la parroquia a la que asist\u00eda y encontr\u00e9 a un sacerdote al que no conoc\u00eda y sent\u00ed la necesidad de confesarme. Esta fue para m\u00ed una experiencia de encuentro: encontr\u00e9 a alguien que me esperaba\u201d.<\/p>\n<p>&nbsp;<\/p>\n<p>\u201cNo s\u00e9 qu\u00e9 pas\u00f3, no lo recuerdo, no s\u00e9 por qu\u00e9 estaba aquel sacerdote all\u00ed, a quien no conoc\u00eda, por qu\u00e9 hab\u00eda sentido ese deseo de confesarme, pero la verdad es que Alguien me esperaba. Me estaba esperando desde hac\u00eda tiempo. Despu\u00e9s de la Confesi\u00f3n sent\u00ed que algo hab\u00eda cambiado\u201d, comparti\u00f3 el Santo Padre.<\/p>\n<p>&nbsp;<\/p>\n<p>Despu\u00e9s de esa confesi\u00f3n asegur\u00f3 que ya no era \u00e9l mismo: \u201cHab\u00eda o\u00eddo justamente como una voz, una llamada: estaba convencido de que ten\u00eda que ser sacerdote\u201d.<\/p>\n<ol start=\"2\">\n<li><strong> \u00bfCu\u00e1l es su plato favorito?<\/strong><\/li>\n<\/ol>\n<p>El 19 de noviembre del 2022 fue una de esas contadas ocasiones en las que el Papa Francisco sali\u00f3 del Vaticano sin programa oficial. \u00bfEl motivo? Una reuni\u00f3n familiar en Asti, ciudad italiana donde vive su prima Daniela di Tiglione, quien celebraba su 90 cumplea\u00f1os.<\/p>\n<p>&nbsp;<\/p>\n<p>En aquella ocasi\u00f3n, el Papa Francisco pudo disfrutar de su plato favorito: la Bagna Cauda, un plato t\u00edpico del Piamonte preparado con anchoas, aceite y ajo y utilizado como salsa para las verduras.<\/p>\n<p>&nbsp;<\/p>\n<p>&nbsp;<\/p>\n<p>Imagen referencial del Papa Francisco. Cr\u00e9dito: Vatican Media<\/p>\n<ol start=\"3\">\n<li><strong> Su pasi\u00f3n por el tango<\/strong><\/li>\n<\/ol>\n<p>Antes de ordenarse sacerdote, especialmente durante su juventud, el Papa Francisco disfrutaba del tango, el baile popular de Argentina. Aunque en ocasiones prefer\u00eda la milonga, otro t\u00edpico baile de su tierra natal.<\/p>\n<p>&nbsp;<\/p>\n<p>&nbsp;<\/p>\n<ol start=\"4\">\n<li><strong> Fue portero de discoteca<\/strong><\/li>\n<\/ol>\n<p>Como cualquier joven, Jorge Bergoglio realiz\u00f3 diferentes trabajos para ganarse su primer sueldo. Aunque su primer trabajo consisti\u00f3 en fregar los suelos de la empresa de medias donde trabajaba su padre, en 2013 confes\u00f3 a un grupo de j\u00f3venes que tambi\u00e9n fue portero de discoteca. Gracias a aquella experiencia, comenz\u00f3 \u201ca guiar a los a los desencantados a la Iglesia\u201d.<\/p>\n<p>&nbsp;<\/p>\n<ol start=\"5\">\n<li><strong> Le falta un pulm\u00f3n<\/strong><\/li>\n<\/ol>\n<p>Cuando ten\u00eda 21 a\u00f1os, le tuvieron que extirpar un pulm\u00f3n debido a una infecci\u00f3n, lo que ha provocado que en los \u00faltimos a\u00f1os haya padecido algunas dificultades respiratorias.<\/p>\n<p>&nbsp;<\/p>\n<p>&nbsp;<\/p>\n<ol start=\"6\">\n<li><strong> Ha negado el perd\u00f3n tan s\u00f3lo una vez<\/strong><\/li>\n<\/ol>\n<p>En m\u00e1s de una ocasi\u00f3n, el Papa Francisco ha animado a los sacerdotes a perdonar \u201ctodo\u201d en el confesionario y no a \u201cno torturar\u201d a los fieles en el confesionario.<\/p>\n<p>&nbsp;<\/p>\n<p>Durante una entrevista en la televisi\u00f3n italiana en enero de 2024, afirm\u00f3 que en sus m\u00e1s de 50 a\u00f1os de sacerdote ha negado el perd\u00f3n solamente una vez, \u201cpor la hipocres\u00eda de la persona\u201d.<\/p>\n<p>&nbsp;<\/p>\n<ol start=\"7\">\n<li><strong> La oraci\u00f3n que reza todos los d\u00edas para conservar el buen humor<\/strong><\/li>\n<\/ol>\n<p>&nbsp;<\/p>\n<p>Son varias las ocasiones en las que el Papa Francisco ha ensalzado el buen sentido del humor y remarcado que la tristeza no es una actitud cristiana. Incluso ha llegado a afirmar que el \u201csello del cristiano\u201d es la alegr\u00eda y no la cara \u201cde pimiento avinagrado\u201d.<\/p>\n<p>&nbsp;<\/p>\n<p>Por ello, reza cada d\u00eda una oraci\u00f3n de Santo Tom\u00e1s Moro para conservar el sentido del humor, una plegaria a la que ha hecho referencia en numerosas apariciones p\u00fablicas. La \u00faltima, con el presidente de Francia, Emmanuel Macron.<\/p>\n<p>&nbsp;<\/p>\n<p>\u201cDame, Se\u00f1or, el sentido del humor. Conc\u00e9deme la gracia de comprender las bromas, para que conozca en la vida un poco de alegr\u00eda y pueda comunic\u00e1rsela a los dem\u00e1s\u201d, reza el Santo Padre cada d\u00eda.<\/p>\n<p>&nbsp;<\/p>\n<ol start=\"8\">\n<li><strong> San Jos\u00e9, su ayuda en las dificultades<\/strong><\/li>\n<\/ol>\n<p>Hay una imagen de San Jos\u00e9 por la que el Papa Francisco siente un gran cari\u00f1o. Se trata de una figura en la que el santo \u201csilencioso\u201d aparece acostado y dormido.<\/p>\n<p>&nbsp;<\/p>\n<p>Durante su viaje apost\u00f3lico a Filipinas, el Pont\u00edfice se refiri\u00f3 a San Jos\u00e9 como \u201cun hombre fuerte de silencio\u201d y asegur\u00f3 que guarda esta imagen en su escritorio. \u201cIncluso cuando duerme, cuida de la Iglesia\u201d, expres\u00f3.<\/p>\n<p>&nbsp;<\/p>\n<p>\u201cCuando tengo un problema, una dificultad, escribo una peque\u00f1a nota y la pongo debajo de San Jos\u00e9 para que pueda so\u00f1ar con eso. En otras palabras, le digo: \u00a1Ore por este problema!\u201d, confes\u00f3 el Santo Padre.<\/p>\n<p>&nbsp;<\/p>\n<p>Imagen del Papa Francisco rezando a la Virgen de la Inmaculada en Roma el pasado 8 de diciembre. Cr\u00e9dito: Daniel Ib\u00e1\u00f1ez\/EWTN News<\/p>\n<p>Imagen del Papa Francisco rezando a la Virgen de la Inmaculada en Roma el pasado 8 de diciembre. Cr\u00e9dito: Daniel Ib\u00e1\u00f1ez\/EWTN News<\/p>\n<ol start=\"9\">\n<li><strong> El Papa Francisco duerme la siesta <\/strong><\/li>\n<\/ol>\n<p>El Papa Francisco suele acostarse a las 21 horas y amanece en torno a las 4 de la ma\u00f1ana. Duerme unas seis horas diarias, ya que suele leer durante una hora, hasta las 22 horas.<\/p>\n<p>&nbsp;<\/p>\n<p>\u201cDespu\u00e9s necesito la siesta. Tengo que dormir de 40 minutos a una hora, ah\u00ed me saco los zapatos y me tiro en la cama. Y tambi\u00e9n duermo profundamente y me despierto solo. Los d\u00edas que no duermo la siesta, lo noto\u201d, afirm\u00f3 en una ocasi\u00f3n.<\/p>\n<p>&nbsp;<\/p>\n<ol start=\"10\">\n<li><strong> \u00bfCu\u00e1l es su equipo de f\u00fatbol?<\/strong><\/li>\n<\/ol>\n<p>A pesar de que ya no vive en Argentina, el Papa Francisco sigue animando al equipo San Lorenzo de Almagro, de Buenos Aires. Se mantiene actualizado gracias a un Guardia Suizo que cada semana le informa sobre las novedades del equipo, ya que el Pont\u00edfice no ve los partidos.<\/p>\n<p>&nbsp;<\/p>\n<p>De hecho, durante una audiencia en el Vaticano en septiembre de 2024, los directivos de San Lorenzo pidieron al Santo Padre su bendici\u00f3n para que el pr\u00f3ximo estadio del club lleve su nombre.<\/p>\n<p>&nbsp;<\/p>\n<ol start=\"11\">\n<li><strong> El d\u00eda que le salvaron la vida<\/strong><\/li>\n<\/ol>\n<p>A los 44 a\u00f1os, el Papa Francisco sufri\u00f3 una gangrena de ves\u00edcula, una complicaci\u00f3n grave que se da cuando el tejido de este \u00f3rgano del sistema digestivo se necrosa debido a una interrupci\u00f3n del flujo sangu\u00edneo.<\/p>\n<p>&nbsp;<\/p>\n<p>\u201cSent\u00ed que me mor\u00eda\u201d, dijo el Santo Padre al referirse a la noche de 1980 en la que fue operado por Juan Carlos Parodi, un eminente cirujano argentino que salv\u00f3 la vida del entonces P. Jorge Mario Bergoglio. En 2014, 34 a\u00f1os despu\u00e9s, ambos mantuvieron un encuentro privado en el Vaticano.<\/p>\n<p>&nbsp;<\/p>\n<ol start=\"12\">\n<li><strong> \u00bfD\u00f3nde desea ser enterrado?<\/strong><\/li>\n<\/ol>\n<p>A diferencia de muchos pont\u00edfices a lo largo de la historia de la Iglesia, cuyos f\u00e9retros se encuentran en las criptas del Vaticano, en el subsuelo de la Bas\u00edlica de San Pedro, el Santo Padre explic\u00f3 que tiene su tumba preparada en la Bas\u00edlica de Santa Mar\u00eda la Mayor de Roma, debido a la gran devoci\u00f3n que le tiene a la Virgen Salus Populi Romani (protectora del pueblo romano), a quien le hizo una promesa.<\/p>\n<p>&nbsp;<\/p>\n<p>Adem\u00e1s, en diciembre de 2022, el Pont\u00edfice concedi\u00f3 una entrevista en la que revel\u00f3 que hab\u00eda firmado su renuncia en caso de que su salud no le permitiera seguir ejerciendo su ministerio.<\/p>\n<p>&nbsp;<\/p>\n<ol start=\"13\">\n<li><strong> \u00bfCu\u00e1l es su pel\u00edcula favorita?<\/strong><\/li>\n<\/ol>\n<p>\u201cLa strada\u201d, de Federico Fellini, ganadora del \u00f3scar a la mejor pel\u00edcula extranjera en 1957.<\/p>\n<p>&nbsp;<\/p>\n<ol start=\"14\">\n<li><strong> No ve la televisi\u00f3n por una promesa a la Virgen del Carmen<\/strong><\/li>\n<\/ol>\n<p>El Papa Francisco asegura que no ve la televisi\u00f3n desde el 15 de julio de 1990, cuando le prometi\u00f3 a la Virgen del Carmen que no lo har\u00eda m\u00e1s. El Santo Padre realiz\u00f3 esta promesa porque \u201csinti\u00f3 que Dios me lo ped\u00eda\u201d.<\/p>\n<p>&nbsp;<\/p>\n<ol start=\"15\">\n<li><strong> Fue a terapia con 42 a\u00f1os<\/strong><\/li>\n<\/ol>\n<p>En el libro-entrevista Pol\u00edtica y sociedad del franc\u00e9s Dominique Wolton, el Papa Francisco cont\u00f3 que, cuando era provincial de la Compa\u00f1\u00eda de Jes\u00fas en Argentina, acudi\u00f3 durante seis meses a terapia con una psic\u00f3loga jud\u00eda. \u201cFue muy buena, muy profesional\u201d, expres\u00f3 el Santo Padre.<\/p>\n<p>&nbsp;<\/p>\n<ol start=\"16\">\n<li><strong> Un Papa de \u201cinc\u00f3gnito\u201d por las calles de Roma<\/strong><\/li>\n<\/ol>\n<p>En 2013, a\u00f1o en el que fue elegido Obispo de Roma, una fuente vaticana inform\u00f3 al diario The Huffington Post de que el Papa Francisco sal\u00eda por las noches vestido de sacerdote para dar limosna y ayudar a los pobres de las calles de Roma.<\/p>\n<p><strong>Fecha de publicaci\u00f3n martes 17 de diciembre de 2024 \/ACI Prensa Por Almudena Mart\u00ednez-Bordi\u00fa<\/strong><\/p>\n<p><strong>\u00a0<\/strong><\/p>\n<p>&nbsp;<\/p>\n","protected":false},"excerpt":{"rendered":"<p>El Papa Francisco recibe una tarta de cumplea\u00f1os durante el vuelo de regreso de C\u00f3rcega&#8230;<\/p>\n","protected":false},"author":1,"featured_media":206357,"comment_status":"open","ping_status":"open","sticky":false,"template":"","format":"standard","meta":{"_monsterinsights_skip_tracking":false,"_monsterinsights_sitenote_active":false,"_monsterinsights_sitenote_note":"","_monsterinsights_sitenote_category":0,"footnotes":""},"categories":[1],"tags":[579],"class_list":["post"],"yoast_head":" \n<title>Sonora en Equipo. 8+8 curiosidades del Papa Francisco en su 88 cumplea\u00f1os<\/title>\n<meta name=\"description\" content=\"El Papa Francisco recibe una tarta de cumplea\u00f1os durante el vuelo de regreso de C\u00f3rcega el 15 de diciembre Imagen EWTN &nbsp; \u00bfSab\u00edas que el Papa En Sonora en Equipo publicamos toda la informaci\u00f3n de Sonora, M\u00e9xico y el Mundo de manera oportuna y busca que la libertad de expresi\u00f3n sea real. Visita nuestro medio informativo publicado desde Hermosillo, Sonora. %\" \/>\n<meta name=\"robots\" content=\"index, follow, max-snippet:-1, max-image-preview:large, max-video-preview:-1\" \/>\n<link rel=\"canonical\" href=\"https:\/\/www.sonoraenequipo.com.mx\/88-curiosidades-del-papa-francisco-en-su-88-cumpleanos\/\" \/>\n<meta property=\"og:locale\" content=\"es_ES\" \/>\n<meta property=\"og:type\" content=\"article\" \/>\n<meta property=\"og:title\" content=\"Sonora en Equipo. 8+8 curiosidades del Papa Francisco en su 88 cumplea\u00f1os\" \/>\n<meta property=\"og:description\" content=\"El Papa Francisco recibe una tarta de cumplea\u00f1os durante el vuelo de regreso de C\u00f3rcega el 15 de diciembre Imagen EWTN &nbsp; \u00bfSab\u00edas que el Papa En Sonora en Equipo publicamos toda la informaci\u00f3n de Sonora, M\u00e9xico y el Mundo de manera oportuna y busca que la libertad de expresi\u00f3n sea real. Visita nuestro medio informativo publicado desde Hermosillo, Sonora. %\" \/>\n<meta property=\"og:url\" content=\"https:\/\/www.sonoraenequipo.com.mx\/88-curiosidades-del-papa-francisco-en-su-88-cumpleanos\/\" \/>\n<meta property=\"og:site_name\" content=\"Sonora en Equipo.\" \/>\n<meta property=\"article:publisher\" content=\"https:\/\/www.facebook.com\/SonoraEE\/\" \/>\n<meta property=\"article:author\" content=\"https:\/\/www.facebook.com\/SonoraEE\" \/>\n<meta property=\"article:published_time\" content=\"2024-12-17T19:44:04+00:00\" \/>\n<meta property=\"og:image\" content=\"https:\/\/www.sonoraenequipo.com.mx\/storage\/2024\/12\/papa88.jpg\" \/>\n\t<meta property=\"og:image:width\" content=\"600\" \/>\n\t<meta property=\"og:image:height\" content=\"400\" \/>\n\t<meta property=\"og:image:type\" content=\"image\/jpeg\" \/>\n<meta name=\"author\" content=\"enequipo\" \/>\n<meta name=\"twitter:card\" content=\"summary_large_image\" \/>\n<meta name=\"twitter:creator\" content=\"@sonoraenequipo\" \/>\n<meta name=\"twitter:site\" content=\"@sonoraenequipo\" \/>\n<meta name=\"twitter:label1\" content=\"Escrito por\" \/>\n\t<meta name=\"twitter:data1\" content=\"enequipo\" \/>\n\t<meta name=\"twitter:label2\" content=\"Tiempo de lectura\" \/>\n\t<meta name=\"twitter:data2\" content=\"8 minutos\" \/>\n<script type=\"application\/ld+json\" class=\"yoast-schema-graph\">{\"@context\":\"https:\/\/schema.org\",\"@graph\":[{\"@type\":\"Article\",\"@id\":\"https:\/\/www.sonoraenequipo.com.mx\/88-curiosidades-del-papa-francisco-en-su-88-cumpleanos\/#article\",\"isPartOf\":{\"@id\":\"https:\/\/www.sonoraenequipo.com.mx\/88-curiosidades-del-papa-francisco-en-su-88-cumpleanos\/\"},\"author\":{\"name\":\"enequipo\",\"@id\":\"https:\/\/www.sonoraenequipo.com.mx\/#\/schema\/person\/50102df0fb23a8fa9e8effad8fa81386\"},\"headline\":\"8+8 curiosidades del Papa Francisco en su 88 cumplea\u00f1os\",\"datePublished\":\"2024-12-17T19:44:04+00:00\",\"mainEntityOfPage\":{\"@id\":\"https:\/\/www.sonoraenequipo.com.mx\/88-curiosidades-del-papa-francisco-en-su-88-cumpleanos\/\"},\"wordCount\":1535,\"commentCount\":0,\"publisher\":{\"@id\":\"https:\/\/www.sonoraenequipo.com.mx\/#organization\"},\"image\":{\"@id\":\"https:\/\/www.sonoraenequipo.com.mx\/88-curiosidades-del-papa-francisco-en-su-88-cumpleanos\/#primaryimage\"},\"thumbnailUrl\":\"https:\/\/www.sonoraenequipo.com.mx\/storage\/2024\/12\/papa88.jpg\",\"keywords\":[\"PAPA FRANCISCO\"],\"articleSection\":[\"Sin categorizar\"],\"inLanguage\":\"es\",\"potentialAction\":[{\"@type\":\"CommentAction\",\"name\":\"Comment\",\"target\":[\"https:\/\/www.sonoraenequipo.com.mx\/88-curiosidades-del-papa-francisco-en-su-88-cumpleanos\/#respond\"]}]},{\"@type\":\"WebPage\",\"@id\":\"https:\/\/www.sonoraenequipo.com.mx\/88-curiosidades-del-papa-francisco-en-su-88-cumpleanos\/\",\"url\":\"https:\/\/www.sonoraenequipo.com.mx\/88-curiosidades-del-papa-francisco-en-su-88-cumpleanos\/\",\"name\":\"Sonora en Equipo. 8+8 curiosidades del Papa Francisco en su 88 cumplea\u00f1os\",\"isPartOf\":{\"@id\":\"https:\/\/www.sonoraenequipo.com.mx\/#website\"},\"primaryImageOfPage\":{\"@id\":\"https:\/\/www.sonoraenequipo.com.mx\/88-curiosidades-del-papa-francisco-en-su-88-cumpleanos\/#primaryimage\"},\"image\":{\"@id\":\"https:\/\/www.sonoraenequipo.com.mx\/88-curiosidades-del-papa-francisco-en-su-88-cumpleanos\/#primaryimage\"},\"thumbnailUrl\":\"https:\/\/www.sonoraenequipo.com.mx\/storage\/2024\/12\/papa88.jpg\",\"datePublished\":\"2024-12-17T19:44:04+00:00\",\"description\":\"El Papa Francisco recibe una tarta de cumplea\u00f1os durante el vuelo de regreso de C\u00f3rcega el 15 de diciembre Imagen EWTN &nbsp; \u00bfSab\u00edas que el Papa En Sonora en Equipo publicamos toda la informaci\u00f3n de Sonora, M\u00e9xico y el Mundo de manera oportuna y busca que la libertad de expresi\u00f3n sea real. Visita nuestro medio informativo publicado desde Hermosillo, Sonora. %\",\"breadcrumb\":{\"@id\":\"https:\/\/www.sonoraenequipo.com.mx\/88-curiosidades-del-papa-francisco-en-su-88-cumpleanos\/#breadcrumb\"},\"inLanguage\":\"es\",\"potentialAction\":[{\"@type\":\"ReadAction\",\"target\":[\"https:\/\/www.sonoraenequipo.com.mx\/88-curiosidades-del-papa-francisco-en-su-88-cumpleanos\/\"]}]},{\"@type\":\"ImageObject\",\"inLanguage\":\"es\",\"@id\":\"https:\/\/www.sonoraenequipo.com.mx\/88-curiosidades-del-papa-francisco-en-su-88-cumpleanos\/#primaryimage\",\"url\":\"https:\/\/www.sonoraenequipo.com.mx\/storage\/2024\/12\/papa88.jpg\",\"contentUrl\":\"https:\/\/www.sonoraenequipo.com.mx\/storage\/2024\/12\/papa88.jpg\",\"width\":600,\"height\":400,\"caption\":\"El Papa Francisco recibe una tarta de cumplea\u00f1os durante el vuelo de regreso de C\u00f3rcega el 15 de diciembre Imagen EWTN\"},{\"@type\":\"BreadcrumbList\",\"@id\":\"https:\/\/www.sonoraenequipo.com.mx\/88-curiosidades-del-papa-francisco-en-su-88-cumpleanos\/#breadcrumb\",\"itemListElement\":[{\"@type\":\"ListItem\",\"position\":1,\"name\":\"Portada\",\"item\":\"https:\/\/www.sonoraenequipo.com.mx\/\"},{\"@type\":\"ListItem\",\"position\":2,\"name\":\"8+8 curiosidades del Papa Francisco en su 88 cumplea\u00f1os\"}]},{\"@type\":\"WebSite\",\"@id\":\"https:\/\/www.sonoraenequipo.com.mx\/#website\",\"url\":\"https:\/\/www.sonoraenequipo.com.mx\/\",\"name\":\"Sonora en Equipo.\",\"description\":\"Diario en l\u00ednea con Noticias desde Hermosillo, Sonora\",\"publisher\":{\"@id\":\"https:\/\/www.sonoraenequipo.com.mx\/#organization\"},\"potentialAction\":[{\"@type\":\"SearchAction\",\"target\":{\"@type\":\"EntryPoint\",\"urlTemplate\":\"https:\/\/www.sonoraenequipo.com.mx\/?s={search_term_string}\"},\"query-input\":{\"@type\":\"PropertyValueSpecification\",\"valueRequired\":true,\"valueName\":\"search_term_string\"}}],\"inLanguage\":\"es\"},{\"@type\":\"Organization\",\"@id\":\"https:\/\/www.sonoraenequipo.com.mx\/#organization\",\"name\":\"Sonoraenequipo.com.mx\",\"url\":\"https:\/\/www.sonoraenequipo.com.mx\/\",\"logo\":{\"@type\":\"ImageObject\",\"inLanguage\":\"es\",\"@id\":\"https:\/\/www.sonoraenequipo.com.mx\/#\/schema\/logo\/image\/\",\"url\":\"https:\/\/www.sonoraenequipo.com.mx\/storage\/2019\/01\/sonoraenequipo_opt.png\",\"contentUrl\":\"https:\/\/www.sonoraenequipo.com.mx\/storage\/2019\/01\/sonoraenequipo_opt.png\",\"width\":375,\"height\":125,\"caption\":\"Sonoraenequipo.com.mx\"},\"image\":{\"@id\":\"https:\/\/www.sonoraenequipo.com.mx\/#\/schema\/logo\/image\/\"},\"sameAs\":[\"https:\/\/www.facebook.com\/SonoraEE\/\",\"https:\/\/x.com\/sonoraenequipo\",\"https:\/\/www.youtube.com\/channel\/UC338nW-lPEYmJQs4ZABQ1SQ\"]},{\"@type\":\"Person\",\"@id\":\"https:\/\/www.sonoraenequipo.com.mx\/#\/schema\/person\/50102df0fb23a8fa9e8effad8fa81386\",\"name\":\"enequipo\",\"image\":{\"@type\":\"ImageObject\",\"inLanguage\":\"es\",\"@id\":\"https:\/\/www.sonoraenequipo.com.mx\/#\/schema\/person\/image\/\",\"url\":\"https:\/\/secure.gravatar.com\/avatar\/049821681b589dabc0bc20695993ccebb09f5b5d4d790cd9251b97faac7c652b?s=96&d=blank&r=g\",\"contentUrl\":\"https:\/\/secure.gravatar.com\/avatar\/049821681b589dabc0bc20695993ccebb09f5b5d4d790cd9251b97faac7c652b?s=96&d=blank&r=g\",\"caption\":\"enequipo\"},\"sameAs\":[\"https:\/\/www.facebook.com\/SonoraEE\"]}]}<\/script>\n ","yoast_head_json":{"title":"Sonora en Equipo. 8+8 curiosidades del Papa Francisco en su 88 cumplea\u00f1os","description":"El Papa Francisco recibe una tarta de cumplea\u00f1os durante el vuelo de regreso de C\u00f3rcega el 15 de diciembre Imagen EWTN &nbsp; \u00bfSab\u00edas que el Papa En Sonora en Equipo publicamos toda la informaci\u00f3n de Sonora, M\u00e9xico y el Mundo de manera oportuna y busca que la libertad de expresi\u00f3n sea real. Visita nuestro medio informativo publicado desde Hermosillo, Sonora. %","robots":{"index":"index","follow":"follow","max-snippet":"max-snippet:-1","max-image-preview":"max-image-preview:large","max-video-preview":"max-video-preview:-1"},"canonical":"https:\/\/www.sonoraenequipo.com.mx\/88-curiosidades-del-papa-francisco-en-su-88-cumpleanos\/","og_locale":"es_ES","og_type":"article","og_title":"Sonora en Equipo. 8+8 curiosidades del Papa Francisco en su 88 cumplea\u00f1os","og_description":"El Papa Francisco recibe una tarta de cumplea\u00f1os durante el vuelo de regreso de C\u00f3rcega el 15 de diciembre Imagen EWTN &nbsp; \u00bfSab\u00edas que el Papa En Sonora en Equipo publicamos toda la informaci\u00f3n de Sonora, M\u00e9xico y el Mundo de manera oportuna y busca que la libertad de expresi\u00f3n sea real. Visita nuestro medio informativo publicado desde Hermosillo, Sonora. %","og_url":"https:\/\/www.sonoraenequipo.com.mx\/88-curiosidades-del-papa-francisco-en-su-88-cumpleanos\/","og_site_name":"Sonora en Equipo.","article_publisher":"https:\/\/www.facebook.com\/SonoraEE\/","article_author":"https:\/\/www.facebook.com\/SonoraEE","article_published_time":"2024-12-17T19:44:04+00:00","og_image":[{"width":600,"height":400,"url":"https:\/\/www.sonoraenequipo.com.mx\/storage\/2024\/12\/papa88.jpg","type":"image\/jpeg"}],"author":"enequipo","twitter_card":"summary_large_image","twitter_creator":"@sonoraenequipo","twitter_site":"@sonoraenequipo","twitter_misc":{"Escrito por":"enequipo","Tiempo de lectura":"8 minutos"},"schema":{"@context":"https:\/\/schema.org","@graph":[{"@type":"Article","@id":"https:\/\/www.sonoraenequipo.com.mx\/88-curiosidades-del-papa-francisco-en-su-88-cumpleanos\/#article","isPartOf":{"@id":"https:\/\/www.sonoraenequipo.com.mx\/88-curiosidades-del-papa-francisco-en-su-88-cumpleanos\/"},"author":{"name":"enequipo","@id":"https:\/\/www.sonoraenequipo.com.mx\/#\/schema\/person\/50102df0fb23a8fa9e8effad8fa81386"},"headline":"8+8 curiosidades del Papa Francisco en su 88 cumplea\u00f1os","datePublished":"2024-12-17T19:44:04+00:00","mainEntityOfPage":{"@id":"https:\/\/www.sonoraenequipo.com.mx\/88-curiosidades-del-papa-francisco-en-su-88-cumpleanos\/"},"wordCount":1535,"commentCount":0,"publisher":{"@id":"https:\/\/www.sonoraenequipo.com.mx\/#organization"},"image":{"@id":"https:\/\/www.sonoraenequipo.com.mx\/88-curiosidades-del-papa-francisco-en-su-88-cumpleanos\/#primaryimage"},"thumbnailUrl":"https:\/\/www.sonoraenequipo.com.mx\/storage\/2024\/12\/papa88.jpg","keywords":["PAPA FRANCISCO"],"articleSection":["Sin categorizar"],"inLanguage":"es","potentialAction":[{"@type":"CommentAction","name":"Comment","target":["https:\/\/www.sonoraenequipo.com.mx\/88-curiosidades-del-papa-francisco-en-su-88-cumpleanos\/#respond"]}]},{"@type":"WebPage","@id":"https:\/\/www.sonoraenequipo.com.mx\/88-curiosidades-del-papa-francisco-en-su-88-cumpleanos\/","url":"https:\/\/www.sonoraenequipo.com.mx\/88-curiosidades-del-papa-francisco-en-su-88-cumpleanos\/","name":"Sonora en Equipo. 8+8 curiosidades del Papa Francisco en su 88 cumplea\u00f1os","isPartOf":{"@id":"https:\/\/www.sonoraenequipo.com.mx\/#website"},"primaryImageOfPage":{"@id":"https:\/\/www.sonoraenequipo.com.mx\/88-curiosidades-del-papa-francisco-en-su-88-cumpleanos\/#primaryimage"},"image":{"@id":"https:\/\/www.sonoraenequipo.com.mx\/88-curiosidades-del-papa-francisco-en-su-88-cumpleanos\/#primaryimage"},"thumbnailUrl":"https:\/\/www.sonoraenequipo.com.mx\/storage\/2024\/12\/papa88.jpg","datePublished":"2024-12-17T19:44:04+00:00","description":"El Papa Francisco recibe una tarta de cumplea\u00f1os durante el vuelo de regreso de C\u00f3rcega el 15 de diciembre Imagen EWTN &nbsp; \u00bfSab\u00edas que el Papa En Sonora en Equipo publicamos toda la informaci\u00f3n de Sonora, M\u00e9xico y el Mundo de manera oportuna y busca que la libertad de expresi\u00f3n sea real. Visita nuestro medio informativo publicado desde Hermosillo, Sonora. %","breadcrumb":{"@id":"https:\/\/www.sonoraenequipo.com.mx\/88-curiosidades-del-papa-francisco-en-su-88-cumpleanos\/#breadcrumb"},"inLanguage":"es","potentialAction":[{"@type":"ReadAction","target":["https:\/\/www.sonoraenequipo.com.mx\/88-curiosidades-del-papa-francisco-en-su-88-cumpleanos\/"]}]},{"@type":"ImageObject","inLanguage":"es","@id":"https:\/\/www.sonoraenequipo.com.mx\/88-curiosidades-del-papa-francisco-en-su-88-cumpleanos\/#primaryimage","url":"https:\/\/www.sonoraenequipo.com.mx\/storage\/2024\/12\/papa88.jpg","contentUrl":"https:\/\/www.sonoraenequipo.com.mx\/storage\/2024\/12\/papa88.jpg","width":600,"height":400,"caption":"El Papa Francisco recibe una tarta de cumplea\u00f1os durante el vuelo de regreso de C\u00f3rcega el 15 de diciembre Imagen EWTN"},{"@type":"BreadcrumbList","@id":"https:\/\/www.sonoraenequipo.com.mx\/88-curiosidades-del-papa-francisco-en-su-88-cumpleanos\/#breadcrumb","itemListElement":[{"@type":"ListItem","position":1,"name":"Portada","item":"https:\/\/www.sonoraenequipo.com.mx\/"},{"@type":"ListItem","position":2,"name":"8+8 curiosidades del Papa Francisco en su 88 cumplea\u00f1os"}]},{"@type":"WebSite","@id":"https:\/\/www.sonoraenequipo.com.mx\/#website","url":"https:\/\/www.sonoraenequipo.com.mx\/","name":"Sonora en Equipo.","description":"Diario en l\u00ednea con Noticias desde Hermosillo, Sonora","publisher":{"@id":"https:\/\/www.sonoraenequipo.com.mx\/#organization"},"potentialAction":[{"@type":"SearchAction","target":{"@type":"EntryPoint","urlTemplate":"https:\/\/www.sonoraenequipo.com.mx\/?s={search_term_string}"},"query-input":{"@type":"PropertyValueSpecification","valueRequired":true,"valueName":"search_term_string"}}],"inLanguage":"es"},{"@type":"Organization","@id":"https:\/\/www.sonoraenequipo.com.mx\/#organization","name":"Sonoraenequipo.com.mx","url":"https:\/\/www.sonoraenequipo.com.mx\/","logo":{"@type":"ImageObject","inLanguage":"es","@id":"https:\/\/www.sonoraenequipo.com.mx\/#\/schema\/logo\/image\/","url":"https:\/\/www.sonoraenequipo.com.mx\/storage\/2019\/01\/sonoraenequipo_opt.png","contentUrl":"https:\/\/www.sonoraenequipo.com.mx\/storage\/2019\/01\/sonoraenequipo_opt.png","width":375,"height":125,"caption":"Sonoraenequipo.com.mx"},"image":{"@id":"https:\/\/www.sonoraenequipo.com.mx\/#\/schema\/logo\/image\/"},"sameAs":["https:\/\/www.facebook.com\/SonoraEE\/","https:\/\/x.com\/sonoraenequipo","https:\/\/www.youtube.com\/channel\/UC338nW-lPEYmJQs4ZABQ1SQ"]},{"@type":"Person","@id":"https:\/\/www.sonoraenequipo.com.mx\/#\/schema\/person\/50102df0fb23a8fa9e8effad8fa81386","name":"enequipo","image":{"@type":"ImageObject","inLanguage":"es","@id":"https:\/\/www.sonoraenequipo.com.mx\/#\/schema\/person\/image\/","url":"https:\/\/secure.gravatar.com\/avatar\/049821681b589dabc0bc20695993ccebb09f5b5d4d790cd9251b97faac7c652b?s=96&d=blank&r=g","contentUrl":"https:\/\/secure.gravatar.com\/avatar\/049821681b589dabc0bc20695993ccebb09f5b5d4d790cd9251b97faac7c652b?s=96&d=blank&r=g","caption":"enequipo"},"sameAs":["https:\/\/www.facebook.com\/SonoraEE"]}]}},"jetpack_featured_media_url":"https:\/\/www.sonoraenequipo.com.mx\/storage\/2024\/12\/papa88.jpg","_links":{"self":[{"href":"https:\/\/www.sonoraenequipo.com.mx\/api\/wp\/v2\/posts\/206356","targetHints":{"allow":["GET"]}}],"collection":[{"href":"https:\/\/www.sonoraenequipo.com.mx\/api\/wp\/v2\/posts"}],"about":[{"href":"https:\/\/www.sonoraenequipo.com.mx\/api\/wp\/v2\/types\/post"}],"author":[{"embeddable":true,"href":"https:\/\/www.sonoraenequipo.com.mx\/api\/wp\/v2\/users\/1"}],"replies":[{"embeddable":true,"href":"https:\/\/www.sonoraenequipo.com.mx\/api\/wp\/v2\/comments?post=206356"}],"version-history":[{"count":1,"href":"https:\/\/www.sonoraenequipo.com.mx\/api\/wp\/v2\/posts\/206356\/revisions"}],"predecessor-version":[{"id":206358,"href":"https:\/\/www.sonoraenequipo.com.mx\/api\/wp\/v2\/posts\/206356\/revisions\/206358"}],"wp:featuredmedia":[{"embeddable":true,"href":"https:\/\/www.sonoraenequipo.com.mx\/api\/wp\/v2\/media\/206357"}],"wp:attachment":[{"href":"https:\/\/www.sonoraenequipo.com.mx\/api\/wp\/v2\/media?parent=206356"}],"wp:term":[{"taxonomy":"category","embeddable":true,"href":"https:\/\/www.sonoraenequipo.com.mx\/api\/wp\/v2\/categories?post=206356"},{"taxonomy":"post_tag","embeddable":true,"href":"https:\/\/www.sonoraenequipo.com.mx\/api\/wp\/v2\/tags?post=206356"}],"curies":[{"name":"wp","href":"https:\/\/api.w.org\/{rel}","templated":true}]}}