{"id":206362,"date":"2024-12-17T14:17:17","date_gmt":"2024-12-17T21:17:17","guid":{"rendered":"https:\/\/www.sonoraenequipo.com.mx\/?p=206362"},"modified":"2024-12-17T14:17:17","modified_gmt":"2024-12-17T21:17:17","slug":"participan-mas-de-230-mil-menores-en-la-cij-sonora-2024-ine","status":"publish","type":"post","link":"https:\/\/www.sonoraenequipo.com.mx\/participan-mas-de-230-mil-menores-en-la-cij-sonora-2024-ine\/","title":{"rendered":"Participan m\u00e1s de 230 mil menores en la CIJ Sonora 2024: INE"},"content":{"rendered":"<p>&gt;&gt;En Sonora se instalaron 1,431 casillas y con corte al 16 de diciembre de 2024 se ha obtenido una participaci\u00f3n de 233,231 ni\u00f1as, ni\u00f1os y adolescentes sonorense.<\/p>\n<p>&nbsp;<\/p>\n<p>&nbsp;<\/p>\n<p>&nbsp;<\/p>\n<p><strong>HERMOSILLO, SONORA, MX.<\/strong> \u2014 La Consulta Infantil y Juvenil (CIJ) 2024 es un medio para que ni\u00f1as, ni\u00f1os y adolescentes puedan ejercer sus derechos a la participaci\u00f3n y la expresi\u00f3n. Este a\u00f1o alcanz\u00f3 su d\u00e9cima edici\u00f3n, siguiendo una l\u00ednea de continuidad desde las elecciones infantiles organizadas por el entonces Instituto Federal Electoral (IFE) en 1997. A partir de entonces, cada tres a\u00f1os, coincidiendo con la celebraci\u00f3n de un proceso electoral federal, se convoca a este grupo de la poblaci\u00f3n a emitir su opini\u00f3n sobre temas que est\u00e1n directamente relacionados con su vida cotidiana y las condiciones en las que se ejercen sus derechos.<\/p>\n<p>&nbsp;<\/p>\n<p>&nbsp;<\/p>\n<p>&nbsp;<\/p>\n<p>Las consultas organizadas por el actual Instituto Nacional Electoral (INE) han hecho visible para la sociedad en su conjunto lo mucho que ni\u00f1as, ni\u00f1os y adolescentes tienen que decir sobre el espacio p\u00fablico y los temas que les resultan cercanos. Lo que expresan sirve para que las instituciones p\u00fablicas, con el acompa\u00f1amiento que se haga desde el Instituto, impulsen acciones o medidas que atiendan sus necesidades y opiniones.<\/p>\n<p>&nbsp;<\/p>\n<p>&nbsp;<\/p>\n<p>&nbsp;<\/p>\n<p>Es importante se\u00f1alar que en el dise\u00f1o y la organizaci\u00f3n de estos ejercicios de participaci\u00f3n se ha incorporado expresamente la perspectiva de infancias, y se ha procurado incluir la experiencia de instituciones, organizaciones de la sociedad civil, acad\u00e9micas y personas expertas en materia de derechos de ni\u00f1as, ni\u00f1os y adolescentes, cuidando con ello que los mecanismos puestos en marcha y, sobre todo, los temas sobre los que se consulta respondan a las necesidades e intereses espec\u00edficos de este segmento de la sociedad mexicana.<\/p>\n<p>&nbsp;<\/p>\n<p>&nbsp;<\/p>\n<p>&nbsp;<\/p>\n<p>En el marco de esta d\u00e9cima edici\u00f3n y con el objetivo de dar a conocer un avance preliminar de la participaci\u00f3n de ni\u00f1as, ni\u00f1os y adolescentes sonorenses en la Consulta Infantil y Juvenil (CIJ) 2024, la Junta Local Ejecutiva (JLE) del INE en Sonora, llev\u00f3 a cabo en rueda de prensa, la presentaci\u00f3n preliminar de la participaci\u00f3n estatal con corte al 16 de diciembre de 2024, ante medios de comunicaci\u00f3n, autoridades y representantes de instituciones y agrupaciones integrantes del Grupo Coordinador Interinstitucional,<\/p>\n<p>&nbsp;<\/p>\n<p>&nbsp;<\/p>\n<p>&nbsp;<\/p>\n<p>Ver\u00f3nica Sandoval Casta\u00f1eda, Vocal Ejecutiva de la JLE del INE en Sonora, dio la bienvenida a los asistentes, y en su mensaje se\u00f1al\u00f3 que la Consulta Infantil y Juvenil (CIJ) 2024 es un medio para que ni\u00f1as, ni\u00f1os y adolescentes puedan ejercer sus derechos a la participaci\u00f3n y la expresi\u00f3n.<\/p>\n<p>&nbsp;<\/p>\n<p>Enfatiz\u00f3 que la CIJ 2024 se realiz\u00f3 a lo largo de todo el mes de noviembre pasado, tanto por medios digitales como mediante boletas impresas, superando las expectativas planteadas por el INE y que la informaci\u00f3n que a continuaci\u00f3n se presenta tiene car\u00e1cter preliminar. Ello porque hasta el momento contin\u00faa el proceso de captura de las opiniones emitidas mediante boletas impresas.<\/p>\n<p>&nbsp;<\/p>\n<p>&nbsp;<\/p>\n<p>&nbsp;<\/p>\n<p><strong>1.Informaci\u00f3n de la entidad<\/strong><\/p>\n<p>&nbsp;<\/p>\n<p>&nbsp;<\/p>\n<p>&nbsp;<\/p>\n<p>Espec\u00edficamente en Sonora, la Consulta Infantil y Juvenil se organiz\u00f3 con la colaboraci\u00f3n de un Grupo Coordinador Interinstitucional, integrado por Secretar\u00eda de Educaci\u00f3n P\u00fablica (SEP), la Secretar\u00eda de Educaci\u00f3n y Cultura (SEC), la Procuradur\u00eda de Protecci\u00f3n a Ni\u00f1as, Ni\u00f1os y Adolescentes (PPNNA), DIF Sonora y el Sistema de Protecci\u00f3n Integral de Ni\u00f1as, Ni\u00f1os y Adolescentes (SIPINNA),<\/p>\n<p>&nbsp;<\/p>\n<p>&nbsp;<\/p>\n<p>&nbsp;<\/p>\n<p>As\u00ed como tambi\u00e9n, el Instituto Sonorense de la Juventud (ISJ), el Instituto Estatal Electoral y de Participaci\u00f3n Ciudadana (IEEyPC), el Colegio de Bachilleres (COBACH), el Colegio de Estudios Cient\u00edficos y Tecnol\u00f3gicos del Estado de Sonora (CECyTE), el Colegio Nacional de Educaci\u00f3n Profesional T\u00e9cnica (CONALEP), la\u00a0 General de Educaci\u00f3n Tecnol\u00f3gica Industrial (DGETI), la Direcci\u00f3n General de Educaci\u00f3n Tecnol\u00f3gica Agropecuaria y Ciencias del Mar (DGETAyCM, la Direcci\u00f3n General de Educaci\u00f3n Tecnol\u00f3gica Agropecuaria (DGTA), y el Consejo Nacional de Fomento Educativo (CONAFE), cuyos equipos de trabajo colaboraron con el INE en la difusi\u00f3n del ejercicio, la designaci\u00f3n de personas voluntarias, colaboraci\u00f3n en la gesti\u00f3n y ubicaci\u00f3n de las casillas, organizando y dando seguimiento a las actividades inherentes de este ejercicio de participaci\u00f3n, garantizando la participaci\u00f3n de ni\u00f1as, ni\u00f1os y adolescentes.<\/p>\n<p>&nbsp;<\/p>\n<p>&nbsp;<\/p>\n<p>&nbsp;<\/p>\n<p>Resultado de este esfuerzo, a lo largo del pasado mes de noviembre se instalaron en territorio sonorense un total de mil 451 casillas, de las cuales mil 304 fueron en escuelas, 89 en espacios p\u00fablicos (incluyendo la casilla asignada al ISJ), 32 itinerantes, 7 en las Juntas Distritales del estado, 7 en sedes de CONAFE, 11 en m\u00f3dulos de atenci\u00f3n ciudadana del INE en Sonora, y 1 en el IEEyPC.<\/p>\n<p>&nbsp;<\/p>\n<p>&nbsp;<\/p>\n<p>&nbsp;<\/p>\n<p>En \u00e9stas, de acuerdo con los datos preliminares, se recibi\u00f3 una participaci\u00f3n general de 233 mil 231 ni\u00f1as, ni\u00f1os y adolescentes, lo que en proporci\u00f3n equivale a 31% de la poblaci\u00f3n de la entidad entre 3 y 17 a\u00f1os, seg\u00fan la informaci\u00f3n publicada por el Instituto Nacional de Geograf\u00eda y Estad\u00edstica (INEGI) en el Censo de Poblaci\u00f3n y Vivienda 2020. Ello indica que en esta edici\u00f3n se super\u00f3 en 31% la meta de 177 mil 639 participaciones establecida para Sonora.<\/p>\n<p>&nbsp;<\/p>\n<p>Del conjunto de las y los participantes en la CIJ 2024 se puede informar lo siguiente:<\/p>\n<p><img loading=\"lazy\" decoding=\"async\" class=\"x-none size-full \" src=\"https:\/\/www.sonoraenequipo.com.mx\/storage\/2024\/12\/encuesta-juvenil.jpg\" alt=\"\" width=\"937\" height=\"174\" \/><\/p>\n<p>Asimismo, de las participaciones recabadas en Sonora el 49.46% fueron de ni\u00f1as y mujeres; 48.55%, de ni\u00f1os y hombres; 1.51% se\u00f1al\u00f3 no ser de ninguno de los dos g\u00e9neros o identificarse de una manera distinta; y 1.11% no especific\u00f3 su identidad sexogen\u00e9rica.<\/p>\n<p>&nbsp;<\/p>\n<p>&nbsp;<\/p>\n<p>&nbsp;<\/p>\n<p>Finalmente, en nuestro estado se identific\u00f3 que el 7.79% de las y los participantes viven con alguna condici\u00f3n de discapacidad; 7.3% son parte de alg\u00fan pueblo ind\u00edgena; 2.11% hablan alguna lengua ind\u00edgena; y 4.1% son afrodescendientes.<\/p>\n<p>&nbsp;<\/p>\n<p>&nbsp;<\/p>\n<p>&nbsp;<\/p>\n<p>La participaci\u00f3n de las instituciones integrantes de Grupo Coordinador Interinstitucional fue la siguiente:<\/p>\n<p><img loading=\"lazy\" decoding=\"async\" class=\"size-full  x-center\" src=\"https:\/\/www.sonoraenequipo.com.mx\/storage\/2024\/12\/consulta-participacion-nacional.jpg\" alt=\"\" width=\"883\" height=\"162\" \/><\/p>\n<p>&nbsp;<\/p>\n<p>&nbsp;<\/p>\n<p>&nbsp;<\/p>\n<p>Secretar\u00eda de Educaci\u00f3n y Cultura (SEC)<\/p>\n<p>&nbsp;<\/p>\n<p>En el marco del convenio de colaboraci\u00f3n signado por JLE del INE y la SEC en Sonora para Promover la Educaci\u00f3n C\u00edvica en el estado, el cual incluye varios ejercicios participativos comprendidos durante el presente a\u00f1o, dicha dependencia estatal apoy\u00f3 el desarrollo de la CIJ 2024 con la instalaci\u00f3n de mil 075 casillas en onescuelas p\u00fablicas de los niveles preescolar, primaria, secundaria y medio superior de las distintas localidades de la entidad, en las que se recab\u00f3 una participaci\u00f3n de 128 mil 754, lo que representa un 55% del total de participaciones en el estado.<\/p>\n<p>&nbsp;<\/p>\n<p>&nbsp;<\/p>\n<p>&nbsp;<\/p>\n<p><strong>Procuradur\u00eda de Protecci\u00f3n a Ni\u00f1as, Ni\u00f1os y Adolescentes (PPNNA)<\/strong><\/p>\n<p>&nbsp;<\/p>\n<p>Para incluir a la poblaci\u00f3n de entre 3 y 17 a\u00f1os bajo tutela del Estado, con alguna condici\u00f3n de discapacidad o en situaci\u00f3n de migraci\u00f3n, la PPNNA instal\u00f3 35 casillas en casas hogar, albergues y centros de asistencia social en seis municipios (San Luis R\u00edo Colorado, Nogales, Hermosillo, Guaymas, Cajeme y Navojoa); en las que se recab\u00f3 una participaci\u00f3n de 475 ni\u00f1as, ni\u00f1os y adolescentes.<\/p>\n<p><strong>Instituto Sonorense de la Juventud (ISJ)<\/strong><\/p>\n<p>&nbsp;<\/p>\n<p>En tanto que para atender a las ni\u00f1as, ni\u00f1os y adolescentes que habitan en localidades de dif\u00edcil acceso o alejadas, el ISJ instal\u00f3 1 casilla itinerante que cubri\u00f3 localidades ubicadas en Bacanora, Bacad\u00e9huachi, Granados, Hermosillo, Huachinera y Hu\u00e1sabas, donde se registraron mil 744 participaciones.<\/p>\n<p>&nbsp;<\/p>\n<p><strong>Instituto Estatal Electoral y de Participaci\u00f3n Ciudadana (IEEyPC)<\/strong><\/p>\n<p>&nbsp;<\/p>\n<p>El Organismo P\u00fablico Local Electoral coadyuv\u00f3 con una casilla que habilit\u00f3 en sus instalaciones y dos casillas m\u00e1s en la capital sonorense, donde se logr\u00f3 reunir 912 participaciones. Asimismo, contribuy\u00f3 con la aportaci\u00f3n de 2 mil 470 boletas impresas que fueron destinadas a las casillas operadas por CONAFE.<\/p>\n<p>&nbsp;<\/p>\n<p>&nbsp;<\/p>\n<p>&nbsp;<\/p>\n<p><strong>Consejo Nacional de Fomento Educativo (CONAFE)<\/strong><\/p>\n<p>&nbsp;<\/p>\n<p>A fin de garantizar el derecho a expresarse de ni\u00f1as, ni\u00f1os y adolescentes que asisten a centros escolares del CONAFE, \u00e9ste instal\u00f3 7 casillas, una en cada uno de los siguientes municipios: Hermosillo, Moctezuma, Santa Ana, Cajeme, \u00c1lamos, Huatabampo y Navojoa, que en su conjunto recopilaron la participaci\u00f3n de 2 mil 150 menores. Capacitando a 10 personas voluntarias que se encargaron de operar dichas casillas.<\/p>\n<p>&nbsp;<\/p>\n<p>&nbsp;<\/p>\n<p>&nbsp;<\/p>\n<p><strong>Colegio de Bachilleres (COBACH)<\/strong><\/p>\n<p>&nbsp;<\/p>\n<p>Por su parte el COBACH apoy\u00f3 este ejercicio c\u00edvico con la instalaci\u00f3n de 25 casillas entre los planteles localizados en Agua Prieta, \u00c1lamos, Caborca, Cajeme, Empalme, Etchojoa, General Plutarco El\u00edas Calles, Guaymas, Hermosillo, Huatabampo, Nacozari de Garc\u00eda, Navojoa, Nogales, Puerto Pe\u00f1asco y San Ignacio R\u00edo Muerto, con la participaci\u00f3n de 11mil 573 alumnas y alumnos.<\/p>\n<p>&nbsp;<\/p>\n<p>&nbsp;<\/p>\n<p><strong>Colegio de Estudios Cient\u00edficos y Tecnol\u00f3gicos del Estado de Sonora (CECyTE)<\/strong><\/p>\n<p>&nbsp;<\/p>\n<p>Mientras tanto, el CECyTE Sonora logr\u00f3 recabar la participaci\u00f3n de 5 mil 564 estudiantes en las 22 casillas que operaron en sus planteles ubicados en B\u00e1cum, Ban\u00e1michi, Benjam\u00edn Hill, Caborca, Cajeme, Fronteras, Guaymas, Hermosillo, Navojoa, Nogales, Quiriego, Rosario, San Luis R\u00edo Colorado, Santa Ana y Y\u00e9cora.<\/p>\n<p>&nbsp;<\/p>\n<p>&nbsp;<\/p>\n<p>&nbsp;<\/p>\n<p><strong>Colegio Nacional de Educaci\u00f3n Profesional T\u00e9cnica (CONALEP)<\/strong><\/p>\n<p>&nbsp;<\/p>\n<p>A trav\u00e9s de las 14 casillas que fueron instaladas en planteles de CONALEP que se encuentran en Agua Prieta, Caborca, Cajeme, Empalme, Guaymas, Hermosillo, Huatabampo, Magdalena, Nacozari de Garc\u00eda, Navojoa, Nogales y San Luis R\u00edo Colorado se recabaron 6 mil 626 participaciones.<\/p>\n<p>&nbsp;<\/p>\n<p>&nbsp;<\/p>\n<p>&nbsp;<\/p>\n<p><strong>Secretar\u00eda de Educaci\u00f3n P\u00fablica (SEP)<\/strong><\/p>\n<p>&nbsp;<\/p>\n<p>La SEP, a trav\u00e9s de DGETI, la DGETAyCM y la DGETA, contribuy\u00f3 con la instalaci\u00f3n de 25 casillas en planteles de los subsistemas educativos CBTIS, CETMAR, CETIS y CBTA localizados en Agua Prieta, Benito Ju\u00e1rez, Cajeme, Cananea, Empalme, Guaymas, Hermosillo, Huatabampo, Mazat\u00e1n, Moctezuma, Navojoa, Nogales, Puerto Pe\u00f1asco, San Luis R\u00edo Colorado y Ures, donde se logr\u00f3 reunir la participaci\u00f3n de 11 mil 311 adolescentes.<\/p>\n<p>&nbsp;<\/p>\n<p>&nbsp;<\/p>\n<p>&nbsp;<\/p>\n<p>Es importante destacar que en el segundo trimestre de 2025 se presentar\u00e1n a la opini\u00f3n p\u00fablica los resultados consolidados de lo que expresaron ni\u00f1as, ni\u00f1os y adolescentes en la CIJ 2024.<\/p>\n<p>&nbsp;<\/p>\n<p><strong>1 Informaci\u00f3n nacional<\/strong><\/p>\n<p>&nbsp;<\/p>\n<p>&nbsp;<\/p>\n<p>&nbsp;<\/p>\n<p>La CIJ 2024 se realiz\u00f3 a lo largo de todo el mes de noviembre pasado principalmente por medios digitales, as\u00ed como mediante boletas impresas en aquellas localidades donde fue necesaria esta modalidad, superando las expectativas planteadas por el INE, cuya meta nacional era de 7 millones 674 mil 523 participaciones.<\/p>\n<p>&nbsp;<\/p>\n<p>&nbsp;<\/p>\n<p>&nbsp;<\/p>\n<p>Cabe aclarar que la informaci\u00f3n que a continuaci\u00f3n se presenta tiene car\u00e1cter preliminar. Ello porque reci\u00e9n concluy\u00f3 el proceso de captura de las opiniones emitidas a trav\u00e9s de boletas impresas y la sincronizaci\u00f3n e incorporaci\u00f3n de dichos resultados en el sistema no es inmediata.<\/p>\n<p>&nbsp;<\/p>\n<p>&nbsp;<\/p>\n<p>&nbsp;<\/p>\n<p>El total de participantes al 16 de diciembre es de 10 millones 703 mil 505 ni\u00f1as, ni\u00f1os y adolescentes de todo el pa\u00eds entre 3 y 17 a\u00f1os, lo que significa 32.9% del total de la poblaci\u00f3n mexicana en esas edades, seg\u00fan el Censo de Poblaci\u00f3n y Vivienda 2020 del INEGI (32 millones 483 mil 904).<\/p>\n<p>&nbsp;<\/p>\n<p>&nbsp;<\/p>\n<p>&nbsp;<\/p>\n<p>Este resultado equivale a un aumento en la participaci\u00f3n aproximadamente del 35% respecto a la CIJ de 2021 (6 millones 976 mil 839), aunque conviene recordar que ese ejercicio se realiz\u00f3 en el contexto de la pandemia por COVID-19.<\/p>\n<p>&nbsp;<\/p>\n<p>Para captarlas, el INE con la colaboraci\u00f3n de diversas instituciones aliadas, dispusieron de un total de 70,703 casillas en todo el territorio nacional y tambi\u00e9n se recibieron participaciones a trav\u00e9s del portal p\u00fablico electr\u00f3nico de participaciones.<\/p>\n<p>&nbsp;<\/p>\n<p>&nbsp;<\/p>\n<p>&nbsp;<\/p>\n<p>Si se observa seg\u00fan los rangos de edad, que corresponden a las distintas versiones de boletas empleadas en la Consulta, el total de participantes se distribuye de la siguiente manera:<\/p>\n<p>&nbsp;<\/p>\n<p>&nbsp;<\/p>\n<p>&nbsp;<\/p>\n<p>Cabe mencionar que, con la boleta de 3 a 5 a\u00f1os, tambi\u00e9n pudieron participar ni\u00f1as, ni\u00f1os y adolescentes que no han desarrollado la lectoescritura o que viven con alg\u00fan tipo de discapacidad intelectual.<\/p>\n<p>&nbsp;<\/p>\n<p>&nbsp;<\/p>\n<p>&nbsp;<\/p>\n<p>De los m\u00e1s de 10 millones de participantes, el 49.7% fueron ni\u00f1as y mujeres; 48.3%, ni\u00f1os y hombres; 1.4% se\u00f1al\u00f3 no ser de ninguno de los dos g\u00e9neros o identificarse de una manera distinta; y 1.3% no especific\u00f3 su identidad sexogen\u00e9rica. Cabe precisar que las sumas de los porcentajes no arrojan un 100% cerrado debido a que, de forma libre, las y los participantes pudieron elegir m\u00e1s de una opci\u00f3n de respuesta.<\/p>\n<p>&nbsp;<\/p>\n<p>&nbsp;<\/p>\n<p>&nbsp;<\/p>\n<p>Asimismo, dentro de las ni\u00f1as, ni\u00f1os y adolescentes participantes, se identific\u00f3 que el 7.7% viven con alguna condici\u00f3n de discapacidad; 8% son parte de alg\u00fan pueblo ind\u00edgena; 3.3% hablan alguna ind\u00edgena; y 4.8% son afrodescendientes.<\/p>\n<p><strong>Fecha de publicaci\u00f3n martes 17 de diciembre de 2024 \/<\/strong><\/p>\n","protected":false},"excerpt":{"rendered":"<p>&gt;&gt;En Sonora se instalaron 1,431 casillas y con corte al 16 de diciembre de 2024&#8230;<\/p>\n","protected":false},"author":1,"featured_media":206365,"comment_status":"open","ping_status":"open","sticky":false,"template":"","format":"standard","meta":{"_monsterinsights_skip_tracking":false,"_monsterinsights_sitenote_active":false,"_monsterinsights_sitenote_note":"","_monsterinsights_sitenote_category":0,"footnotes":""},"categories":[6493],"tags":[7497,10638,15],"class_list":["post"],"yoast_head":" \n<title>Sonora en Equipo. Participan m\u00e1s de 230 mil menores en la CIJ Sonora 2024: INE PALABRAS Y N\u00daMEROS<\/title>\n<meta name=\"description\" content=\"&gt;&gt;En Sonora se instalaron 1,431 casillas y con corte al 16 de diciembre de 2024 se ha obtenido una participaci\u00f3n de 233,231 ni\u00f1as, ni\u00f1os y En Sonora en Equipo publicamos toda la informaci\u00f3n de Sonora, M\u00e9xico y el Mundo de manera oportuna y busca que la libertad de expresi\u00f3n sea real. Visita nuestro medio informativo publicado desde Hermosillo, Sonora. %\" \/>\n<meta name=\"robots\" content=\"index, follow, max-snippet:-1, max-image-preview:large, max-video-preview:-1\" \/>\n<link rel=\"canonical\" href=\"https:\/\/www.sonoraenequipo.com.mx\/participan-mas-de-230-mil-menores-en-la-cij-sonora-2024-ine\/\" \/>\n<meta property=\"og:locale\" content=\"es_ES\" \/>\n<meta property=\"og:type\" content=\"article\" \/>\n<meta property=\"og:title\" content=\"Sonora en Equipo. Participan m\u00e1s de 230 mil menores en la CIJ Sonora 2024: INE PALABRAS Y N\u00daMEROS\" \/>\n<meta property=\"og:description\" content=\"&gt;&gt;En Sonora se instalaron 1,431 casillas y con corte al 16 de diciembre de 2024 se ha obtenido una participaci\u00f3n de 233,231 ni\u00f1as, ni\u00f1os y En Sonora en Equipo publicamos toda la informaci\u00f3n de Sonora, M\u00e9xico y el Mundo de manera oportuna y busca que la libertad de expresi\u00f3n sea real. Visita nuestro medio informativo publicado desde Hermosillo, Sonora. %\" \/>\n<meta property=\"og:url\" content=\"https:\/\/www.sonoraenequipo.com.mx\/participan-mas-de-230-mil-menores-en-la-cij-sonora-2024-ine\/\" \/>\n<meta property=\"og:site_name\" content=\"Sonora en Equipo.\" \/>\n<meta property=\"article:publisher\" content=\"https:\/\/www.facebook.com\/SonoraEE\/\" \/>\n<meta property=\"article:author\" content=\"https:\/\/www.facebook.com\/SonoraEE\" \/>\n<meta property=\"article:published_time\" content=\"2024-12-17T21:17:17+00:00\" \/>\n<meta property=\"og:image\" content=\"https:\/\/www.sonoraenequipo.com.mx\/storage\/2024\/12\/ine-sonora.jpg\" \/>\n\t<meta property=\"og:image:width\" content=\"600\" \/>\n\t<meta property=\"og:image:height\" content=\"400\" \/>\n\t<meta property=\"og:image:type\" content=\"image\/jpeg\" \/>\n<meta name=\"author\" content=\"enequipo\" \/>\n<meta name=\"twitter:card\" content=\"summary_large_image\" \/>\n<meta name=\"twitter:creator\" content=\"@sonoraenequipo\" \/>\n<meta name=\"twitter:site\" content=\"@sonoraenequipo\" \/>\n<meta name=\"twitter:label1\" content=\"Escrito por\" \/>\n\t<meta name=\"twitter:data1\" content=\"enequipo\" \/>\n\t<meta name=\"twitter:label2\" content=\"Tiempo de lectura\" \/>\n\t<meta name=\"twitter:data2\" content=\"11 minutos\" \/>\n<script type=\"application\/ld+json\" class=\"yoast-schema-graph\">{\"@context\":\"https:\/\/schema.org\",\"@graph\":[{\"@type\":\"Article\",\"@id\":\"https:\/\/www.sonoraenequipo.com.mx\/participan-mas-de-230-mil-menores-en-la-cij-sonora-2024-ine\/#article\",\"isPartOf\":{\"@id\":\"https:\/\/www.sonoraenequipo.com.mx\/participan-mas-de-230-mil-menores-en-la-cij-sonora-2024-ine\/\"},\"author\":{\"name\":\"enequipo\",\"@id\":\"https:\/\/www.sonoraenequipo.com.mx\/#\/schema\/person\/50102df0fb23a8fa9e8effad8fa81386\"},\"headline\":\"Participan m\u00e1s de 230 mil menores en la CIJ Sonora 2024: INE\",\"datePublished\":\"2024-12-17T21:17:17+00:00\",\"mainEntityOfPage\":{\"@id\":\"https:\/\/www.sonoraenequipo.com.mx\/participan-mas-de-230-mil-menores-en-la-cij-sonora-2024-ine\/\"},\"wordCount\":2169,\"commentCount\":0,\"publisher\":{\"@id\":\"https:\/\/www.sonoraenequipo.com.mx\/#organization\"},\"image\":{\"@id\":\"https:\/\/www.sonoraenequipo.com.mx\/participan-mas-de-230-mil-menores-en-la-cij-sonora-2024-ine\/#primaryimage\"},\"thumbnailUrl\":\"https:\/\/www.sonoraenequipo.com.mx\/storage\/2024\/12\/ine-sonora.jpg\",\"keywords\":[\"2024\",\"cij\",\"Sonora\"],\"articleSection\":[\"PALABRAS Y N\u00daMEROS\"],\"inLanguage\":\"es\",\"potentialAction\":[{\"@type\":\"CommentAction\",\"name\":\"Comment\",\"target\":[\"https:\/\/www.sonoraenequipo.com.mx\/participan-mas-de-230-mil-menores-en-la-cij-sonora-2024-ine\/#respond\"]}]},{\"@type\":\"WebPage\",\"@id\":\"https:\/\/www.sonoraenequipo.com.mx\/participan-mas-de-230-mil-menores-en-la-cij-sonora-2024-ine\/\",\"url\":\"https:\/\/www.sonoraenequipo.com.mx\/participan-mas-de-230-mil-menores-en-la-cij-sonora-2024-ine\/\",\"name\":\"Sonora en Equipo. Participan m\u00e1s de 230 mil menores en la CIJ Sonora 2024: INE PALABRAS Y N\u00daMEROS\",\"isPartOf\":{\"@id\":\"https:\/\/www.sonoraenequipo.com.mx\/#website\"},\"primaryImageOfPage\":{\"@id\":\"https:\/\/www.sonoraenequipo.com.mx\/participan-mas-de-230-mil-menores-en-la-cij-sonora-2024-ine\/#primaryimage\"},\"image\":{\"@id\":\"https:\/\/www.sonoraenequipo.com.mx\/participan-mas-de-230-mil-menores-en-la-cij-sonora-2024-ine\/#primaryimage\"},\"thumbnailUrl\":\"https:\/\/www.sonoraenequipo.com.mx\/storage\/2024\/12\/ine-sonora.jpg\",\"datePublished\":\"2024-12-17T21:17:17+00:00\",\"description\":\"&gt;&gt;En Sonora se instalaron 1,431 casillas y con corte al 16 de diciembre de 2024 se ha obtenido una participaci\u00f3n de 233,231 ni\u00f1as, ni\u00f1os y En Sonora en Equipo publicamos toda la informaci\u00f3n de Sonora, M\u00e9xico y el Mundo de manera oportuna y busca que la libertad de expresi\u00f3n sea real. Visita nuestro medio informativo publicado desde Hermosillo, Sonora. %\",\"breadcrumb\":{\"@id\":\"https:\/\/www.sonoraenequipo.com.mx\/participan-mas-de-230-mil-menores-en-la-cij-sonora-2024-ine\/#breadcrumb\"},\"inLanguage\":\"es\",\"potentialAction\":[{\"@type\":\"ReadAction\",\"target\":[\"https:\/\/www.sonoraenequipo.com.mx\/participan-mas-de-230-mil-menores-en-la-cij-sonora-2024-ine\/\"]}]},{\"@type\":\"ImageObject\",\"inLanguage\":\"es\",\"@id\":\"https:\/\/www.sonoraenequipo.com.mx\/participan-mas-de-230-mil-menores-en-la-cij-sonora-2024-ine\/#primaryimage\",\"url\":\"https:\/\/www.sonoraenequipo.com.mx\/storage\/2024\/12\/ine-sonora.jpg\",\"contentUrl\":\"https:\/\/www.sonoraenequipo.com.mx\/storage\/2024\/12\/ine-sonora.jpg\",\"width\":600,\"height\":400},{\"@type\":\"BreadcrumbList\",\"@id\":\"https:\/\/www.sonoraenequipo.com.mx\/participan-mas-de-230-mil-menores-en-la-cij-sonora-2024-ine\/#breadcrumb\",\"itemListElement\":[{\"@type\":\"ListItem\",\"position\":1,\"name\":\"Portada\",\"item\":\"https:\/\/www.sonoraenequipo.com.mx\/\"},{\"@type\":\"ListItem\",\"position\":2,\"name\":\"Participan m\u00e1s de 230 mil menores en la CIJ Sonora 2024: INE\"}]},{\"@type\":\"WebSite\",\"@id\":\"https:\/\/www.sonoraenequipo.com.mx\/#website\",\"url\":\"https:\/\/www.sonoraenequipo.com.mx\/\",\"name\":\"Sonora en Equipo.\",\"description\":\"Diario en l\u00ednea con Noticias desde Hermosillo, Sonora\",\"publisher\":{\"@id\":\"https:\/\/www.sonoraenequipo.com.mx\/#organization\"},\"potentialAction\":[{\"@type\":\"SearchAction\",\"target\":{\"@type\":\"EntryPoint\",\"urlTemplate\":\"https:\/\/www.sonoraenequipo.com.mx\/?s={search_term_string}\"},\"query-input\":{\"@type\":\"PropertyValueSpecification\",\"valueRequired\":true,\"valueName\":\"search_term_string\"}}],\"inLanguage\":\"es\"},{\"@type\":\"Organization\",\"@id\":\"https:\/\/www.sonoraenequipo.com.mx\/#organization\",\"name\":\"Sonoraenequipo.com.mx\",\"url\":\"https:\/\/www.sonoraenequipo.com.mx\/\",\"logo\":{\"@type\":\"ImageObject\",\"inLanguage\":\"es\",\"@id\":\"https:\/\/www.sonoraenequipo.com.mx\/#\/schema\/logo\/image\/\",\"url\":\"https:\/\/www.sonoraenequipo.com.mx\/storage\/2019\/01\/sonoraenequipo_opt.png\",\"contentUrl\":\"https:\/\/www.sonoraenequipo.com.mx\/storage\/2019\/01\/sonoraenequipo_opt.png\",\"width\":375,\"height\":125,\"caption\":\"Sonoraenequipo.com.mx\"},\"image\":{\"@id\":\"https:\/\/www.sonoraenequipo.com.mx\/#\/schema\/logo\/image\/\"},\"sameAs\":[\"https:\/\/www.facebook.com\/SonoraEE\/\",\"https:\/\/x.com\/sonoraenequipo\",\"https:\/\/www.youtube.com\/channel\/UC338nW-lPEYmJQs4ZABQ1SQ\"]},{\"@type\":\"Person\",\"@id\":\"https:\/\/www.sonoraenequipo.com.mx\/#\/schema\/person\/50102df0fb23a8fa9e8effad8fa81386\",\"name\":\"enequipo\",\"image\":{\"@type\":\"ImageObject\",\"inLanguage\":\"es\",\"@id\":\"https:\/\/www.sonoraenequipo.com.mx\/#\/schema\/person\/image\/\",\"url\":\"https:\/\/secure.gravatar.com\/avatar\/049821681b589dabc0bc20695993ccebb09f5b5d4d790cd9251b97faac7c652b?s=96&d=blank&r=g\",\"contentUrl\":\"https:\/\/secure.gravatar.com\/avatar\/049821681b589dabc0bc20695993ccebb09f5b5d4d790cd9251b97faac7c652b?s=96&d=blank&r=g\",\"caption\":\"enequipo\"},\"sameAs\":[\"https:\/\/www.facebook.com\/SonoraEE\"]}]}<\/script>\n ","yoast_head_json":{"title":"Sonora en Equipo. Participan m\u00e1s de 230 mil menores en la CIJ Sonora 2024: INE PALABRAS Y N\u00daMEROS","description":"&gt;&gt;En Sonora se instalaron 1,431 casillas y con corte al 16 de diciembre de 2024 se ha obtenido una participaci\u00f3n de 233,231 ni\u00f1as, ni\u00f1os y En Sonora en Equipo publicamos toda la informaci\u00f3n de Sonora, M\u00e9xico y el Mundo de manera oportuna y busca que la libertad de expresi\u00f3n sea real. Visita nuestro medio informativo publicado desde Hermosillo, Sonora. %","robots":{"index":"index","follow":"follow","max-snippet":"max-snippet:-1","max-image-preview":"max-image-preview:large","max-video-preview":"max-video-preview:-1"},"canonical":"https:\/\/www.sonoraenequipo.com.mx\/participan-mas-de-230-mil-menores-en-la-cij-sonora-2024-ine\/","og_locale":"es_ES","og_type":"article","og_title":"Sonora en Equipo. Participan m\u00e1s de 230 mil menores en la CIJ Sonora 2024: INE PALABRAS Y N\u00daMEROS","og_description":"&gt;&gt;En Sonora se instalaron 1,431 casillas y con corte al 16 de diciembre de 2024 se ha obtenido una participaci\u00f3n de 233,231 ni\u00f1as, ni\u00f1os y En Sonora en Equipo publicamos toda la informaci\u00f3n de Sonora, M\u00e9xico y el Mundo de manera oportuna y busca que la libertad de expresi\u00f3n sea real. Visita nuestro medio informativo publicado desde Hermosillo, Sonora. %","og_url":"https:\/\/www.sonoraenequipo.com.mx\/participan-mas-de-230-mil-menores-en-la-cij-sonora-2024-ine\/","og_site_name":"Sonora en Equipo.","article_publisher":"https:\/\/www.facebook.com\/SonoraEE\/","article_author":"https:\/\/www.facebook.com\/SonoraEE","article_published_time":"2024-12-17T21:17:17+00:00","og_image":[{"width":600,"height":400,"url":"https:\/\/www.sonoraenequipo.com.mx\/storage\/2024\/12\/ine-sonora.jpg","type":"image\/jpeg"}],"author":"enequipo","twitter_card":"summary_large_image","twitter_creator":"@sonoraenequipo","twitter_site":"@sonoraenequipo","twitter_misc":{"Escrito por":"enequipo","Tiempo de lectura":"11 minutos"},"schema":{"@context":"https:\/\/schema.org","@graph":[{"@type":"Article","@id":"https:\/\/www.sonoraenequipo.com.mx\/participan-mas-de-230-mil-menores-en-la-cij-sonora-2024-ine\/#article","isPartOf":{"@id":"https:\/\/www.sonoraenequipo.com.mx\/participan-mas-de-230-mil-menores-en-la-cij-sonora-2024-ine\/"},"author":{"name":"enequipo","@id":"https:\/\/www.sonoraenequipo.com.mx\/#\/schema\/person\/50102df0fb23a8fa9e8effad8fa81386"},"headline":"Participan m\u00e1s de 230 mil menores en la CIJ Sonora 2024: INE","datePublished":"2024-12-17T21:17:17+00:00","mainEntityOfPage":{"@id":"https:\/\/www.sonoraenequipo.com.mx\/participan-mas-de-230-mil-menores-en-la-cij-sonora-2024-ine\/"},"wordCount":2169,"commentCount":0,"publisher":{"@id":"https:\/\/www.sonoraenequipo.com.mx\/#organization"},"image":{"@id":"https:\/\/www.sonoraenequipo.com.mx\/participan-mas-de-230-mil-menores-en-la-cij-sonora-2024-ine\/#primaryimage"},"thumbnailUrl":"https:\/\/www.sonoraenequipo.com.mx\/storage\/2024\/12\/ine-sonora.jpg","keywords":["2024","cij","Sonora"],"articleSection":["PALABRAS Y N\u00daMEROS"],"inLanguage":"es","potentialAction":[{"@type":"CommentAction","name":"Comment","target":["https:\/\/www.sonoraenequipo.com.mx\/participan-mas-de-230-mil-menores-en-la-cij-sonora-2024-ine\/#respond"]}]},{"@type":"WebPage","@id":"https:\/\/www.sonoraenequipo.com.mx\/participan-mas-de-230-mil-menores-en-la-cij-sonora-2024-ine\/","url":"https:\/\/www.sonoraenequipo.com.mx\/participan-mas-de-230-mil-menores-en-la-cij-sonora-2024-ine\/","name":"Sonora en Equipo. Participan m\u00e1s de 230 mil menores en la CIJ Sonora 2024: INE PALABRAS Y N\u00daMEROS","isPartOf":{"@id":"https:\/\/www.sonoraenequipo.com.mx\/#website"},"primaryImageOfPage":{"@id":"https:\/\/www.sonoraenequipo.com.mx\/participan-mas-de-230-mil-menores-en-la-cij-sonora-2024-ine\/#primaryimage"},"image":{"@id":"https:\/\/www.sonoraenequipo.com.mx\/participan-mas-de-230-mil-menores-en-la-cij-sonora-2024-ine\/#primaryimage"},"thumbnailUrl":"https:\/\/www.sonoraenequipo.com.mx\/storage\/2024\/12\/ine-sonora.jpg","datePublished":"2024-12-17T21:17:17+00:00","description":"&gt;&gt;En Sonora se instalaron 1,431 casillas y con corte al 16 de diciembre de 2024 se ha obtenido una participaci\u00f3n de 233,231 ni\u00f1as, ni\u00f1os y En Sonora en Equipo publicamos toda la informaci\u00f3n de Sonora, M\u00e9xico y el Mundo de manera oportuna y busca que la libertad de expresi\u00f3n sea real. Visita nuestro medio informativo publicado desde Hermosillo, Sonora. %","breadcrumb":{"@id":"https:\/\/www.sonoraenequipo.com.mx\/participan-mas-de-230-mil-menores-en-la-cij-sonora-2024-ine\/#breadcrumb"},"inLanguage":"es","potentialAction":[{"@type":"ReadAction","target":["https:\/\/www.sonoraenequipo.com.mx\/participan-mas-de-230-mil-menores-en-la-cij-sonora-2024-ine\/"]}]},{"@type":"ImageObject","inLanguage":"es","@id":"https:\/\/www.sonoraenequipo.com.mx\/participan-mas-de-230-mil-menores-en-la-cij-sonora-2024-ine\/#primaryimage","url":"https:\/\/www.sonoraenequipo.com.mx\/storage\/2024\/12\/ine-sonora.jpg","contentUrl":"https:\/\/www.sonoraenequipo.com.mx\/storage\/2024\/12\/ine-sonora.jpg","width":600,"height":400},{"@type":"BreadcrumbList","@id":"https:\/\/www.sonoraenequipo.com.mx\/participan-mas-de-230-mil-menores-en-la-cij-sonora-2024-ine\/#breadcrumb","itemListElement":[{"@type":"ListItem","position":1,"name":"Portada","item":"https:\/\/www.sonoraenequipo.com.mx\/"},{"@type":"ListItem","position":2,"name":"Participan m\u00e1s de 230 mil menores en la CIJ Sonora 2024: INE"}]},{"@type":"WebSite","@id":"https:\/\/www.sonoraenequipo.com.mx\/#website","url":"https:\/\/www.sonoraenequipo.com.mx\/","name":"Sonora en Equipo.","description":"Diario en l\u00ednea con Noticias desde Hermosillo, Sonora","publisher":{"@id":"https:\/\/www.sonoraenequipo.com.mx\/#organization"},"potentialAction":[{"@type":"SearchAction","target":{"@type":"EntryPoint","urlTemplate":"https:\/\/www.sonoraenequipo.com.mx\/?s={search_term_string}"},"query-input":{"@type":"PropertyValueSpecification","valueRequired":true,"valueName":"search_term_string"}}],"inLanguage":"es"},{"@type":"Organization","@id":"https:\/\/www.sonoraenequipo.com.mx\/#organization","name":"Sonoraenequipo.com.mx","url":"https:\/\/www.sonoraenequipo.com.mx\/","logo":{"@type":"ImageObject","inLanguage":"es","@id":"https:\/\/www.sonoraenequipo.com.mx\/#\/schema\/logo\/image\/","url":"https:\/\/www.sonoraenequipo.com.mx\/storage\/2019\/01\/sonoraenequipo_opt.png","contentUrl":"https:\/\/www.sonoraenequipo.com.mx\/storage\/2019\/01\/sonoraenequipo_opt.png","width":375,"height":125,"caption":"Sonoraenequipo.com.mx"},"image":{"@id":"https:\/\/www.sonoraenequipo.com.mx\/#\/schema\/logo\/image\/"},"sameAs":["https:\/\/www.facebook.com\/SonoraEE\/","https:\/\/x.com\/sonoraenequipo","https:\/\/www.youtube.com\/channel\/UC338nW-lPEYmJQs4ZABQ1SQ"]},{"@type":"Person","@id":"https:\/\/www.sonoraenequipo.com.mx\/#\/schema\/person\/50102df0fb23a8fa9e8effad8fa81386","name":"enequipo","image":{"@type":"ImageObject","inLanguage":"es","@id":"https:\/\/www.sonoraenequipo.com.mx\/#\/schema\/person\/image\/","url":"https:\/\/secure.gravatar.com\/avatar\/049821681b589dabc0bc20695993ccebb09f5b5d4d790cd9251b97faac7c652b?s=96&d=blank&r=g","contentUrl":"https:\/\/secure.gravatar.com\/avatar\/049821681b589dabc0bc20695993ccebb09f5b5d4d790cd9251b97faac7c652b?s=96&d=blank&r=g","caption":"enequipo"},"sameAs":["https:\/\/www.facebook.com\/SonoraEE"]}]}},"jetpack_featured_media_url":"https:\/\/www.sonoraenequipo.com.mx\/storage\/2024\/12\/ine-sonora.jpg","_links":{"self":[{"href":"https:\/\/www.sonoraenequipo.com.mx\/api\/wp\/v2\/posts\/206362","targetHints":{"allow":["GET"]}}],"collection":[{"href":"https:\/\/www.sonoraenequipo.com.mx\/api\/wp\/v2\/posts"}],"about":[{"href":"https:\/\/www.sonoraenequipo.com.mx\/api\/wp\/v2\/types\/post"}],"author":[{"embeddable":true,"href":"https:\/\/www.sonoraenequipo.com.mx\/api\/wp\/v2\/users\/1"}],"replies":[{"embeddable":true,"href":"https:\/\/www.sonoraenequipo.com.mx\/api\/wp\/v2\/comments?post=206362"}],"version-history":[{"count":1,"href":"https:\/\/www.sonoraenequipo.com.mx\/api\/wp\/v2\/posts\/206362\/revisions"}],"predecessor-version":[{"id":206366,"href":"https:\/\/www.sonoraenequipo.com.mx\/api\/wp\/v2\/posts\/206362\/revisions\/206366"}],"wp:featuredmedia":[{"embeddable":true,"href":"https:\/\/www.sonoraenequipo.com.mx\/api\/wp\/v2\/media\/206365"}],"wp:attachment":[{"href":"https:\/\/www.sonoraenequipo.com.mx\/api\/wp\/v2\/media?parent=206362"}],"wp:term":[{"taxonomy":"category","embeddable":true,"href":"https:\/\/www.sonoraenequipo.com.mx\/api\/wp\/v2\/categories?post=206362"},{"taxonomy":"post_tag","embeddable":true,"href":"https:\/\/www.sonoraenequipo.com.mx\/api\/wp\/v2\/tags?post=206362"}],"curies":[{"name":"wp","href":"https:\/\/api.w.org\/{rel}","templated":true}]}}