{"id":206394,"date":"2024-12-17T20:25:00","date_gmt":"2024-12-18T03:25:00","guid":{"rendered":"https:\/\/www.sonoraenequipo.com.mx\/?p=206394"},"modified":"2024-12-18T11:12:44","modified_gmt":"2024-12-18T18:12:44","slug":"alcalde-electo-de-santo-tomas-de-los-platanos-del-edo-de-mexico-toma-protesta-y-huye","status":"publish","type":"post","link":"https:\/\/www.sonoraenequipo.com.mx\/alcalde-electo-de-santo-tomas-de-los-platanos-del-edo-de-mexico-toma-protesta-y-huye\/","title":{"rendered":"Alcalde electo de Santo Tom\u00e1s de los Pl\u00e1tanos del Edo de M\u00e9xico toma protesta y huye"},"content":{"rendered":"<p><strong>SANTO TOM\u00c1S DE LOS PL\u00c1TANOS. ESTADO DE M\u00c9XICO. MX.<\/strong> \u2014 Como si fuera una pel\u00edcula, Luis Hern\u00e1ndez De Paz tom\u00f3 protesta como presidente de Santo Tom\u00e1s de los Pl\u00e1tanos, en el Estado de M\u00e9xico y, para no ser detenido por una orden de aprehensi\u00f3n en su contra, tuvo que huir con su esposa Mar\u00eda del Rosario Mat\u00edas, actual alcaldesa de dicho municipio.<\/p>\n<p>&nbsp;<\/p>\n<p>&nbsp;<\/p>\n<p>&nbsp;<\/p>\n<p> <\/p>\n<p>El evento se llev\u00f3 a cabo en la plaza c\u00edvica del Ayuntamiento, donde autoridades de la Fiscal\u00eda General de Justicia del Estado de M\u00e9xico (FGJEM) y fuerzas de seguridad ya lo esperaban para proceder a su arresto, esto como parte del \u00abOperativo Enjambre\u00bb, del cual se han derivado detenciones de una alcaldesa y jefes de polic\u00eda de diversos municipios en dicha entidad federativa.<\/p>\n<p>&nbsp;<\/p>\n<p>&nbsp;<\/p>\n<p>No obstante, Hern\u00e1ndez De Paz burl\u00f3 a las autoridades y tras forcejear con varias personas, logr\u00f3 huir. Ahora est\u00e1 pr\u00f3fugo.<\/p>\n<p>&nbsp;<\/p>\n<p>&nbsp;<\/p>\n<p>&nbsp;<\/p>\n<p>&nbsp;<\/p>\n<p>En redes sociales se hizo viral el momento en el que el alcalde electo Hern\u00e1ndez de Paz -perredista- logr\u00f3 huir de las autoridades de seguridad. Se sabe que el evento estaba convocado a iniciar a las 8:00 horas de este 17 de diciembre y que Luis Hern\u00e1ndez De Paz logr\u00f3 rendir protesta.<\/p>\n<p>&nbsp;<\/p>\n<p>&nbsp;<\/p>\n<p>Al momento, autoridades estatales no han dado informaci\u00f3n o declaraci\u00f3n al respecto sobre esta fallida detenci\u00f3n.<\/p>\n<p>&nbsp;<\/p>\n<p>&nbsp;<\/p>\n<p>De acuerdo con los reportes, Hern\u00e1ndez De Paz y su esposa, Mar\u00eda del Rosario Mat\u00edas, estaban pr\u00f3fugos de la justicia. Ambos fueron se\u00f1alados por sus presuntos v\u00ednculos con la c\u00e9lula delictiva La Familia Michoacana, la cual, seg\u00fan las autoridades, habr\u00eda financiado su campa\u00f1a con 15 millones de pesos.<\/p>\n<p>&nbsp;<\/p>\n<p>&nbsp;<\/p>\n<p>&nbsp;<\/p>\n<p><strong>Luis Hern\u00e1ndez De Paz gan\u00f3 las elecciones de junio de 2024 representando a la coalici\u00f3n conformada por los partidos PAN-PRI-PRD-NA<\/strong><\/p>\n<p>&nbsp;<\/p>\n<p>&nbsp;<\/p>\n<p>PUBLICADO EL 17 DE DICIEMBRE DE 2024 Con informaci\u00f3n de EE\/Medios nacionales)<\/p>\n","protected":false},"excerpt":{"rendered":"<p>SANTO TOM\u00c1S DE LOS PL\u00c1TANOS. ESTADO DE M\u00c9XICO. MX. \u2014 Como si fuera una pel\u00edcula,&#8230;<\/p>\n","protected":false},"author":1,"featured_media":206400,"comment_status":"open","ping_status":"open","sticky":false,"template":"","format":"standard","meta":{"_monsterinsights_skip_tracking":false,"_monsterinsights_sitenote_active":false,"_monsterinsights_sitenote_note":"","_monsterinsights_sitenote_category":0,"footnotes":""},"categories":[5],"tags":[],"class_list":["post"],"yoast_head":" \n<title>Sonora en Equipo. Alcalde electo de Santo Tom\u00e1s de los Pl\u00e1tanos del Edo de M\u00e9xico toma protesta y huye Rep\u00fablica<\/title>\n<meta name=\"description\" content=\"SANTO TOM\u00c1S DE LOS PL\u00c1TANOS. ESTADO DE M\u00c9XICO. MX. \u2014 Como si fuera una pel\u00edcula, Luis Hern\u00e1ndez De Paz tom\u00f3 protesta como presidente de Santo Tom\u00e1s de los En Sonora en Equipo publicamos toda la informaci\u00f3n de Sonora, M\u00e9xico y el Mundo de manera oportuna y busca que la libertad de expresi\u00f3n sea real. Visita nuestro medio informativo publicado desde Hermosillo, Sonora. %\" \/>\n<meta name=\"robots\" content=\"index, follow, max-snippet:-1, max-image-preview:large, max-video-preview:-1\" \/>\n<link rel=\"canonical\" href=\"https:\/\/www.sonoraenequipo.com.mx\/alcalde-electo-de-santo-tomas-de-los-platanos-del-edo-de-mexico-toma-protesta-y-huye\/\" \/>\n<meta property=\"og:locale\" content=\"es_ES\" \/>\n<meta property=\"og:type\" content=\"article\" \/>\n<meta property=\"og:title\" content=\"Sonora en Equipo. Alcalde electo de Santo Tom\u00e1s de los Pl\u00e1tanos del Edo de M\u00e9xico toma protesta y huye Rep\u00fablica\" \/>\n<meta property=\"og:description\" content=\"SANTO TOM\u00c1S DE LOS PL\u00c1TANOS. ESTADO DE M\u00c9XICO. MX. \u2014 Como si fuera una pel\u00edcula, Luis Hern\u00e1ndez De Paz tom\u00f3 protesta como presidente de Santo Tom\u00e1s de los En Sonora en Equipo publicamos toda la informaci\u00f3n de Sonora, M\u00e9xico y el Mundo de manera oportuna y busca que la libertad de expresi\u00f3n sea real. Visita nuestro medio informativo publicado desde Hermosillo, Sonora. %\" \/>\n<meta property=\"og:url\" content=\"https:\/\/www.sonoraenequipo.com.mx\/alcalde-electo-de-santo-tomas-de-los-platanos-del-edo-de-mexico-toma-protesta-y-huye\/\" \/>\n<meta property=\"og:site_name\" content=\"Sonora en Equipo.\" \/>\n<meta property=\"article:publisher\" content=\"https:\/\/www.facebook.com\/SonoraEE\/\" \/>\n<meta property=\"article:author\" content=\"https:\/\/www.facebook.com\/SonoraEE\" \/>\n<meta property=\"article:published_time\" content=\"2024-12-18T03:25:00+00:00\" \/>\n<meta property=\"article:modified_time\" content=\"2024-12-18T18:12:44+00:00\" \/>\n<meta property=\"og:image\" content=\"https:\/\/www.sonoraenequipo.com.mx\/storage\/2024\/12\/Luis-Hernandez-se-fuga-alcalde-min-1.jpg\" \/>\n\t<meta property=\"og:image:width\" content=\"1200\" \/>\n\t<meta property=\"og:image:height\" content=\"800\" \/>\n\t<meta property=\"og:image:type\" content=\"image\/jpeg\" \/>\n<meta name=\"author\" content=\"enequipo\" \/>\n<meta name=\"twitter:card\" content=\"summary_large_image\" \/>\n<meta name=\"twitter:creator\" content=\"@sonoraenequipo\" \/>\n<meta name=\"twitter:site\" content=\"@sonoraenequipo\" \/>\n<meta name=\"twitter:label1\" content=\"Escrito por\" \/>\n\t<meta name=\"twitter:data1\" content=\"enequipo\" \/>\n\t<meta name=\"twitter:label2\" content=\"Tiempo de lectura\" \/>\n\t<meta name=\"twitter:data2\" content=\"2 minutos\" \/>\n<script type=\"application\/ld+json\" class=\"yoast-schema-graph\">{\"@context\":\"https:\/\/schema.org\",\"@graph\":[{\"@type\":\"Article\",\"@id\":\"https:\/\/www.sonoraenequipo.com.mx\/alcalde-electo-de-santo-tomas-de-los-platanos-del-edo-de-mexico-toma-protesta-y-huye\/#article\",\"isPartOf\":{\"@id\":\"https:\/\/www.sonoraenequipo.com.mx\/alcalde-electo-de-santo-tomas-de-los-platanos-del-edo-de-mexico-toma-protesta-y-huye\/\"},\"author\":{\"name\":\"enequipo\",\"@id\":\"https:\/\/www.sonoraenequipo.com.mx\/#\/schema\/person\/50102df0fb23a8fa9e8effad8fa81386\"},\"headline\":\"Alcalde electo de Santo Tom\u00e1s de los Pl\u00e1tanos del Edo de M\u00e9xico toma protesta y huye\",\"datePublished\":\"2024-12-18T03:25:00+00:00\",\"dateModified\":\"2024-12-18T18:12:44+00:00\",\"mainEntityOfPage\":{\"@id\":\"https:\/\/www.sonoraenequipo.com.mx\/alcalde-electo-de-santo-tomas-de-los-platanos-del-edo-de-mexico-toma-protesta-y-huye\/\"},\"wordCount\":359,\"commentCount\":0,\"publisher\":{\"@id\":\"https:\/\/www.sonoraenequipo.com.mx\/#organization\"},\"image\":{\"@id\":\"https:\/\/www.sonoraenequipo.com.mx\/alcalde-electo-de-santo-tomas-de-los-platanos-del-edo-de-mexico-toma-protesta-y-huye\/#primaryimage\"},\"thumbnailUrl\":\"https:\/\/www.sonoraenequipo.com.mx\/storage\/2024\/12\/Luis-Hernandez-se-fuga-alcalde-min-1.jpg\",\"articleSection\":[\"Rep\u00fablica\"],\"inLanguage\":\"es\",\"potentialAction\":[{\"@type\":\"CommentAction\",\"name\":\"Comment\",\"target\":[\"https:\/\/www.sonoraenequipo.com.mx\/alcalde-electo-de-santo-tomas-de-los-platanos-del-edo-de-mexico-toma-protesta-y-huye\/#respond\"]}]},{\"@type\":\"WebPage\",\"@id\":\"https:\/\/www.sonoraenequipo.com.mx\/alcalde-electo-de-santo-tomas-de-los-platanos-del-edo-de-mexico-toma-protesta-y-huye\/\",\"url\":\"https:\/\/www.sonoraenequipo.com.mx\/alcalde-electo-de-santo-tomas-de-los-platanos-del-edo-de-mexico-toma-protesta-y-huye\/\",\"name\":\"Sonora en Equipo. Alcalde electo de Santo Tom\u00e1s de los Pl\u00e1tanos del Edo de M\u00e9xico toma protesta y huye Rep\u00fablica\",\"isPartOf\":{\"@id\":\"https:\/\/www.sonoraenequipo.com.mx\/#website\"},\"primaryImageOfPage\":{\"@id\":\"https:\/\/www.sonoraenequipo.com.mx\/alcalde-electo-de-santo-tomas-de-los-platanos-del-edo-de-mexico-toma-protesta-y-huye\/#primaryimage\"},\"image\":{\"@id\":\"https:\/\/www.sonoraenequipo.com.mx\/alcalde-electo-de-santo-tomas-de-los-platanos-del-edo-de-mexico-toma-protesta-y-huye\/#primaryimage\"},\"thumbnailUrl\":\"https:\/\/www.sonoraenequipo.com.mx\/storage\/2024\/12\/Luis-Hernandez-se-fuga-alcalde-min-1.jpg\",\"datePublished\":\"2024-12-18T03:25:00+00:00\",\"dateModified\":\"2024-12-18T18:12:44+00:00\",\"description\":\"SANTO TOM\u00c1S DE LOS PL\u00c1TANOS. ESTADO DE M\u00c9XICO. MX. \u2014 Como si fuera una pel\u00edcula, Luis Hern\u00e1ndez De Paz tom\u00f3 protesta como presidente de Santo Tom\u00e1s de los En Sonora en Equipo publicamos toda la informaci\u00f3n de Sonora, M\u00e9xico y el Mundo de manera oportuna y busca que la libertad de expresi\u00f3n sea real. Visita nuestro medio informativo publicado desde Hermosillo, Sonora. %\",\"breadcrumb\":{\"@id\":\"https:\/\/www.sonoraenequipo.com.mx\/alcalde-electo-de-santo-tomas-de-los-platanos-del-edo-de-mexico-toma-protesta-y-huye\/#breadcrumb\"},\"inLanguage\":\"es\",\"potentialAction\":[{\"@type\":\"ReadAction\",\"target\":[\"https:\/\/www.sonoraenequipo.com.mx\/alcalde-electo-de-santo-tomas-de-los-platanos-del-edo-de-mexico-toma-protesta-y-huye\/\"]}]},{\"@type\":\"ImageObject\",\"inLanguage\":\"es\",\"@id\":\"https:\/\/www.sonoraenequipo.com.mx\/alcalde-electo-de-santo-tomas-de-los-platanos-del-edo-de-mexico-toma-protesta-y-huye\/#primaryimage\",\"url\":\"https:\/\/www.sonoraenequipo.com.mx\/storage\/2024\/12\/Luis-Hernandez-se-fuga-alcalde-min-1.jpg\",\"contentUrl\":\"https:\/\/www.sonoraenequipo.com.mx\/storage\/2024\/12\/Luis-Hernandez-se-fuga-alcalde-min-1.jpg\",\"width\":1200,\"height\":800},{\"@type\":\"BreadcrumbList\",\"@id\":\"https:\/\/www.sonoraenequipo.com.mx\/alcalde-electo-de-santo-tomas-de-los-platanos-del-edo-de-mexico-toma-protesta-y-huye\/#breadcrumb\",\"itemListElement\":[{\"@type\":\"ListItem\",\"position\":1,\"name\":\"Portada\",\"item\":\"https:\/\/www.sonoraenequipo.com.mx\/\"},{\"@type\":\"ListItem\",\"position\":2,\"name\":\"Alcalde electo de Santo Tom\u00e1s de los Pl\u00e1tanos del Edo de M\u00e9xico toma protesta y huye\"}]},{\"@type\":\"WebSite\",\"@id\":\"https:\/\/www.sonoraenequipo.com.mx\/#website\",\"url\":\"https:\/\/www.sonoraenequipo.com.mx\/\",\"name\":\"Sonora en Equipo.\",\"description\":\"Diario en l\u00ednea con Noticias desde Hermosillo, Sonora\",\"publisher\":{\"@id\":\"https:\/\/www.sonoraenequipo.com.mx\/#organization\"},\"potentialAction\":[{\"@type\":\"SearchAction\",\"target\":{\"@type\":\"EntryPoint\",\"urlTemplate\":\"https:\/\/www.sonoraenequipo.com.mx\/?s={search_term_string}\"},\"query-input\":{\"@type\":\"PropertyValueSpecification\",\"valueRequired\":true,\"valueName\":\"search_term_string\"}}],\"inLanguage\":\"es\"},{\"@type\":\"Organization\",\"@id\":\"https:\/\/www.sonoraenequipo.com.mx\/#organization\",\"name\":\"Sonoraenequipo.com.mx\",\"url\":\"https:\/\/www.sonoraenequipo.com.mx\/\",\"logo\":{\"@type\":\"ImageObject\",\"inLanguage\":\"es\",\"@id\":\"https:\/\/www.sonoraenequipo.com.mx\/#\/schema\/logo\/image\/\",\"url\":\"https:\/\/www.sonoraenequipo.com.mx\/storage\/2019\/01\/sonoraenequipo_opt.png\",\"contentUrl\":\"https:\/\/www.sonoraenequipo.com.mx\/storage\/2019\/01\/sonoraenequipo_opt.png\",\"width\":375,\"height\":125,\"caption\":\"Sonoraenequipo.com.mx\"},\"image\":{\"@id\":\"https:\/\/www.sonoraenequipo.com.mx\/#\/schema\/logo\/image\/\"},\"sameAs\":[\"https:\/\/www.facebook.com\/SonoraEE\/\",\"https:\/\/x.com\/sonoraenequipo\",\"https:\/\/www.youtube.com\/channel\/UC338nW-lPEYmJQs4ZABQ1SQ\"]},{\"@type\":\"Person\",\"@id\":\"https:\/\/www.sonoraenequipo.com.mx\/#\/schema\/person\/50102df0fb23a8fa9e8effad8fa81386\",\"name\":\"enequipo\",\"image\":{\"@type\":\"ImageObject\",\"inLanguage\":\"es\",\"@id\":\"https:\/\/www.sonoraenequipo.com.mx\/#\/schema\/person\/image\/\",\"url\":\"https:\/\/secure.gravatar.com\/avatar\/049821681b589dabc0bc20695993ccebb09f5b5d4d790cd9251b97faac7c652b?s=96&d=blank&r=g\",\"contentUrl\":\"https:\/\/secure.gravatar.com\/avatar\/049821681b589dabc0bc20695993ccebb09f5b5d4d790cd9251b97faac7c652b?s=96&d=blank&r=g\",\"caption\":\"enequipo\"},\"sameAs\":[\"https:\/\/www.facebook.com\/SonoraEE\"]}]}<\/script>\n ","yoast_head_json":{"title":"Sonora en Equipo. Alcalde electo de Santo Tom\u00e1s de los Pl\u00e1tanos del Edo de M\u00e9xico toma protesta y huye Rep\u00fablica","description":"SANTO TOM\u00c1S DE LOS PL\u00c1TANOS. ESTADO DE M\u00c9XICO. MX. \u2014 Como si fuera una pel\u00edcula, Luis Hern\u00e1ndez De Paz tom\u00f3 protesta como presidente de Santo Tom\u00e1s de los En Sonora en Equipo publicamos toda la informaci\u00f3n de Sonora, M\u00e9xico y el Mundo de manera oportuna y busca que la libertad de expresi\u00f3n sea real. Visita nuestro medio informativo publicado desde Hermosillo, Sonora. %","robots":{"index":"index","follow":"follow","max-snippet":"max-snippet:-1","max-image-preview":"max-image-preview:large","max-video-preview":"max-video-preview:-1"},"canonical":"https:\/\/www.sonoraenequipo.com.mx\/alcalde-electo-de-santo-tomas-de-los-platanos-del-edo-de-mexico-toma-protesta-y-huye\/","og_locale":"es_ES","og_type":"article","og_title":"Sonora en Equipo. Alcalde electo de Santo Tom\u00e1s de los Pl\u00e1tanos del Edo de M\u00e9xico toma protesta y huye Rep\u00fablica","og_description":"SANTO TOM\u00c1S DE LOS PL\u00c1TANOS. ESTADO DE M\u00c9XICO. MX. \u2014 Como si fuera una pel\u00edcula, Luis Hern\u00e1ndez De Paz tom\u00f3 protesta como presidente de Santo Tom\u00e1s de los En Sonora en Equipo publicamos toda la informaci\u00f3n de Sonora, M\u00e9xico y el Mundo de manera oportuna y busca que la libertad de expresi\u00f3n sea real. Visita nuestro medio informativo publicado desde Hermosillo, Sonora. %","og_url":"https:\/\/www.sonoraenequipo.com.mx\/alcalde-electo-de-santo-tomas-de-los-platanos-del-edo-de-mexico-toma-protesta-y-huye\/","og_site_name":"Sonora en Equipo.","article_publisher":"https:\/\/www.facebook.com\/SonoraEE\/","article_author":"https:\/\/www.facebook.com\/SonoraEE","article_published_time":"2024-12-18T03:25:00+00:00","article_modified_time":"2024-12-18T18:12:44+00:00","og_image":[{"width":1200,"height":800,"url":"https:\/\/www.sonoraenequipo.com.mx\/storage\/2024\/12\/Luis-Hernandez-se-fuga-alcalde-min-1.jpg","type":"image\/jpeg"}],"author":"enequipo","twitter_card":"summary_large_image","twitter_creator":"@sonoraenequipo","twitter_site":"@sonoraenequipo","twitter_misc":{"Escrito por":"enequipo","Tiempo de lectura":"2 minutos"},"schema":{"@context":"https:\/\/schema.org","@graph":[{"@type":"Article","@id":"https:\/\/www.sonoraenequipo.com.mx\/alcalde-electo-de-santo-tomas-de-los-platanos-del-edo-de-mexico-toma-protesta-y-huye\/#article","isPartOf":{"@id":"https:\/\/www.sonoraenequipo.com.mx\/alcalde-electo-de-santo-tomas-de-los-platanos-del-edo-de-mexico-toma-protesta-y-huye\/"},"author":{"name":"enequipo","@id":"https:\/\/www.sonoraenequipo.com.mx\/#\/schema\/person\/50102df0fb23a8fa9e8effad8fa81386"},"headline":"Alcalde electo de Santo Tom\u00e1s de los Pl\u00e1tanos del Edo de M\u00e9xico toma protesta y huye","datePublished":"2024-12-18T03:25:00+00:00","dateModified":"2024-12-18T18:12:44+00:00","mainEntityOfPage":{"@id":"https:\/\/www.sonoraenequipo.com.mx\/alcalde-electo-de-santo-tomas-de-los-platanos-del-edo-de-mexico-toma-protesta-y-huye\/"},"wordCount":359,"commentCount":0,"publisher":{"@id":"https:\/\/www.sonoraenequipo.com.mx\/#organization"},"image":{"@id":"https:\/\/www.sonoraenequipo.com.mx\/alcalde-electo-de-santo-tomas-de-los-platanos-del-edo-de-mexico-toma-protesta-y-huye\/#primaryimage"},"thumbnailUrl":"https:\/\/www.sonoraenequipo.com.mx\/storage\/2024\/12\/Luis-Hernandez-se-fuga-alcalde-min-1.jpg","articleSection":["Rep\u00fablica"],"inLanguage":"es","potentialAction":[{"@type":"CommentAction","name":"Comment","target":["https:\/\/www.sonoraenequipo.com.mx\/alcalde-electo-de-santo-tomas-de-los-platanos-del-edo-de-mexico-toma-protesta-y-huye\/#respond"]}]},{"@type":"WebPage","@id":"https:\/\/www.sonoraenequipo.com.mx\/alcalde-electo-de-santo-tomas-de-los-platanos-del-edo-de-mexico-toma-protesta-y-huye\/","url":"https:\/\/www.sonoraenequipo.com.mx\/alcalde-electo-de-santo-tomas-de-los-platanos-del-edo-de-mexico-toma-protesta-y-huye\/","name":"Sonora en Equipo. Alcalde electo de Santo Tom\u00e1s de los Pl\u00e1tanos del Edo de M\u00e9xico toma protesta y huye Rep\u00fablica","isPartOf":{"@id":"https:\/\/www.sonoraenequipo.com.mx\/#website"},"primaryImageOfPage":{"@id":"https:\/\/www.sonoraenequipo.com.mx\/alcalde-electo-de-santo-tomas-de-los-platanos-del-edo-de-mexico-toma-protesta-y-huye\/#primaryimage"},"image":{"@id":"https:\/\/www.sonoraenequipo.com.mx\/alcalde-electo-de-santo-tomas-de-los-platanos-del-edo-de-mexico-toma-protesta-y-huye\/#primaryimage"},"thumbnailUrl":"https:\/\/www.sonoraenequipo.com.mx\/storage\/2024\/12\/Luis-Hernandez-se-fuga-alcalde-min-1.jpg","datePublished":"2024-12-18T03:25:00+00:00","dateModified":"2024-12-18T18:12:44+00:00","description":"SANTO TOM\u00c1S DE LOS PL\u00c1TANOS. ESTADO DE M\u00c9XICO. MX. \u2014 Como si fuera una pel\u00edcula, Luis Hern\u00e1ndez De Paz tom\u00f3 protesta como presidente de Santo Tom\u00e1s de los En Sonora en Equipo publicamos toda la informaci\u00f3n de Sonora, M\u00e9xico y el Mundo de manera oportuna y busca que la libertad de expresi\u00f3n sea real. Visita nuestro medio informativo publicado desde Hermosillo, Sonora. %","breadcrumb":{"@id":"https:\/\/www.sonoraenequipo.com.mx\/alcalde-electo-de-santo-tomas-de-los-platanos-del-edo-de-mexico-toma-protesta-y-huye\/#breadcrumb"},"inLanguage":"es","potentialAction":[{"@type":"ReadAction","target":["https:\/\/www.sonoraenequipo.com.mx\/alcalde-electo-de-santo-tomas-de-los-platanos-del-edo-de-mexico-toma-protesta-y-huye\/"]}]},{"@type":"ImageObject","inLanguage":"es","@id":"https:\/\/www.sonoraenequipo.com.mx\/alcalde-electo-de-santo-tomas-de-los-platanos-del-edo-de-mexico-toma-protesta-y-huye\/#primaryimage","url":"https:\/\/www.sonoraenequipo.com.mx\/storage\/2024\/12\/Luis-Hernandez-se-fuga-alcalde-min-1.jpg","contentUrl":"https:\/\/www.sonoraenequipo.com.mx\/storage\/2024\/12\/Luis-Hernandez-se-fuga-alcalde-min-1.jpg","width":1200,"height":800},{"@type":"BreadcrumbList","@id":"https:\/\/www.sonoraenequipo.com.mx\/alcalde-electo-de-santo-tomas-de-los-platanos-del-edo-de-mexico-toma-protesta-y-huye\/#breadcrumb","itemListElement":[{"@type":"ListItem","position":1,"name":"Portada","item":"https:\/\/www.sonoraenequipo.com.mx\/"},{"@type":"ListItem","position":2,"name":"Alcalde electo de Santo Tom\u00e1s de los Pl\u00e1tanos del Edo de M\u00e9xico toma protesta y huye"}]},{"@type":"WebSite","@id":"https:\/\/www.sonoraenequipo.com.mx\/#website","url":"https:\/\/www.sonoraenequipo.com.mx\/","name":"Sonora en Equipo.","description":"Diario en l\u00ednea con Noticias desde Hermosillo, Sonora","publisher":{"@id":"https:\/\/www.sonoraenequipo.com.mx\/#organization"},"potentialAction":[{"@type":"SearchAction","target":{"@type":"EntryPoint","urlTemplate":"https:\/\/www.sonoraenequipo.com.mx\/?s={search_term_string}"},"query-input":{"@type":"PropertyValueSpecification","valueRequired":true,"valueName":"search_term_string"}}],"inLanguage":"es"},{"@type":"Organization","@id":"https:\/\/www.sonoraenequipo.com.mx\/#organization","name":"Sonoraenequipo.com.mx","url":"https:\/\/www.sonoraenequipo.com.mx\/","logo":{"@type":"ImageObject","inLanguage":"es","@id":"https:\/\/www.sonoraenequipo.com.mx\/#\/schema\/logo\/image\/","url":"https:\/\/www.sonoraenequipo.com.mx\/storage\/2019\/01\/sonoraenequipo_opt.png","contentUrl":"https:\/\/www.sonoraenequipo.com.mx\/storage\/2019\/01\/sonoraenequipo_opt.png","width":375,"height":125,"caption":"Sonoraenequipo.com.mx"},"image":{"@id":"https:\/\/www.sonoraenequipo.com.mx\/#\/schema\/logo\/image\/"},"sameAs":["https:\/\/www.facebook.com\/SonoraEE\/","https:\/\/x.com\/sonoraenequipo","https:\/\/www.youtube.com\/channel\/UC338nW-lPEYmJQs4ZABQ1SQ"]},{"@type":"Person","@id":"https:\/\/www.sonoraenequipo.com.mx\/#\/schema\/person\/50102df0fb23a8fa9e8effad8fa81386","name":"enequipo","image":{"@type":"ImageObject","inLanguage":"es","@id":"https:\/\/www.sonoraenequipo.com.mx\/#\/schema\/person\/image\/","url":"https:\/\/secure.gravatar.com\/avatar\/049821681b589dabc0bc20695993ccebb09f5b5d4d790cd9251b97faac7c652b?s=96&d=blank&r=g","contentUrl":"https:\/\/secure.gravatar.com\/avatar\/049821681b589dabc0bc20695993ccebb09f5b5d4d790cd9251b97faac7c652b?s=96&d=blank&r=g","caption":"enequipo"},"sameAs":["https:\/\/www.facebook.com\/SonoraEE"]}]}},"jetpack_featured_media_url":"https:\/\/www.sonoraenequipo.com.mx\/storage\/2024\/12\/Luis-Hernandez-se-fuga-alcalde-min-1.jpg","_links":{"self":[{"href":"https:\/\/www.sonoraenequipo.com.mx\/api\/wp\/v2\/posts\/206394","targetHints":{"allow":["GET"]}}],"collection":[{"href":"https:\/\/www.sonoraenequipo.com.mx\/api\/wp\/v2\/posts"}],"about":[{"href":"https:\/\/www.sonoraenequipo.com.mx\/api\/wp\/v2\/types\/post"}],"author":[{"embeddable":true,"href":"https:\/\/www.sonoraenequipo.com.mx\/api\/wp\/v2\/users\/1"}],"replies":[{"embeddable":true,"href":"https:\/\/www.sonoraenequipo.com.mx\/api\/wp\/v2\/comments?post=206394"}],"version-history":[{"count":1,"href":"https:\/\/www.sonoraenequipo.com.mx\/api\/wp\/v2\/posts\/206394\/revisions"}],"predecessor-version":[{"id":206401,"href":"https:\/\/www.sonoraenequipo.com.mx\/api\/wp\/v2\/posts\/206394\/revisions\/206401"}],"wp:featuredmedia":[{"embeddable":true,"href":"https:\/\/www.sonoraenequipo.com.mx\/api\/wp\/v2\/media\/206400"}],"wp:attachment":[{"href":"https:\/\/www.sonoraenequipo.com.mx\/api\/wp\/v2\/media?parent=206394"}],"wp:term":[{"taxonomy":"category","embeddable":true,"href":"https:\/\/www.sonoraenequipo.com.mx\/api\/wp\/v2\/categories?post=206394"},{"taxonomy":"post_tag","embeddable":true,"href":"https:\/\/www.sonoraenequipo.com.mx\/api\/wp\/v2\/tags?post=206394"}],"curies":[{"name":"wp","href":"https:\/\/api.w.org\/{rel}","templated":true}]}}