{"id":206407,"date":"2024-12-17T22:54:05","date_gmt":"2024-12-18T05:54:05","guid":{"rendered":"https:\/\/www.sonoraenequipo.com.mx\/?p=206407"},"modified":"2024-12-18T11:38:49","modified_gmt":"2024-12-18T18:38:49","slug":"fgr-pide-extraditar-a-el-mini-lic-por-el-asesinato-del-periodista-javier","status":"publish","type":"post","link":"https:\/\/www.sonoraenequipo.com.mx\/fgr-pide-extraditar-a-el-mini-lic-por-el-asesinato-del-periodista-javier\/","title":{"rendered":"FGR pide extraditar a \u2018El Mini Lic\u2019 por el asesinato del periodista Javier"},"content":{"rendered":"<p><strong>CIUDAD DE M\u00c9XICO. MX. \u2014<\/strong> La fiscal\u00eda general de la Rep\u00fablica (FGR) solicit\u00f3 a Estados Unidos extraditar a D\u00e1maso L\u00f3pez Serrano, mejor conocido como \u2018El Mini Lic\u2019, por el asesinato del periodista Javier Valdez que ocurri\u00f3 el 15 de mayo de 2017 en Culiac\u00e1n, Sinaloa.<\/p>\n<p>&nbsp;<\/p>\n<p>&nbsp;<\/p>\n<p>&nbsp;<\/p>\n<p> <\/p>\n<p>Durante la conferencia de la presidenta Claudia Sheinbaum, el fiscal Alejandro Gertz Manero record\u00f3 que L\u00f3pez Serrado es el autor intelectual del homicidio del periodista y record\u00f3 que a los dem\u00e1s autores ya los tiene detenidos.<\/p>\n<p>&nbsp;<\/p>\n<p>&nbsp;<\/p>\n<p>&nbsp;<\/p>\n<p>\u201c\u00c9l es el autor intelectual de ese asesinato, a los otros autores ya los tenemos detenidos y procesados y le hemos insistido en innumerables ocasiones (a Estados Unidos) esta entrega (de \u2018El Mini Lic\u2019)\u201d, sostuvo.<\/p>\n<p>&nbsp;<\/p>\n<p>&nbsp;<\/p>\n<p>Esto despu\u00e9s de que el pasado viernes, D\u00e1maso L\u00f3pez Serrano fuera recapturado en el estado de Virgina, Estados Unidos, por cargos como tr\u00e1fico de fentanilo.<\/p>\n<p>&nbsp;<\/p>\n<p>&nbsp;<\/p>\n<h3>\u00bfQui\u00e9n es \u2018El Mini Lic\u2019?<\/h3>\n<p>&nbsp;<\/p>\n<p>Su padre es D\u00e1maso L\u00f3pez N\u00fa\u00f1ez, \u2018El Licenciado\u2019, a quien se le consider\u00f3 sucesos de Joaqu\u00edn \u2018El Chapo\u2019 Guzm\u00e1n\u2019 al frente del C\u00e1rtel de Sinaloa.<\/p>\n<p>&nbsp;<\/p>\n<p>&nbsp;<\/p>\n<p>&nbsp;<\/p>\n<p>En julio de 2017, \u2018El Mini Lic\u2019, de entonces 29 a\u00f1os, se entreg\u00f3 a las autoridades de Estados Unidos, en Calexico, California, lo cual fue calificado por el Departamento de Justicia como un hecho hist\u00f3rico por su rango dentro del c\u00e1rtel.<\/p>\n<p>&nbsp;<\/p>\n<p>&nbsp;<\/p>\n<p>&nbsp;<\/p>\n<p>Despu\u00e9s de entregarse, en enero de 2018 se declar\u00f3 culpable por delitos relacionado con la conspiraci\u00f3n para distribuir drogas, espec\u00edficamente coca\u00edna, metanfetamina y hero\u00edna, por lo que recibi\u00f3 una sentencia de 6 a\u00f1os de prisi\u00f3n.<\/p>\n<p>&nbsp;<\/p>\n<p>&nbsp;<\/p>\n<p>En el tiempo que permaneci\u00f3 en la c\u00e1rcel, D\u00e1maso L\u00f3pez Serrano colabor\u00f3 con las autoridades estadounidenses, por lo que obtuvo una reducci\u00f3n de su condena y le otorgaron la libertad condicional en 2022.<\/p>\n<p>&nbsp;<\/p>\n<p>&nbsp;<\/p>\n<p>PUBLICADO EL 17 DE DICIEMBRE DE 2024 Con informaci\u00f3n de prensa nacional)<\/p>\n","protected":false},"excerpt":{"rendered":"<p>CIUDAD DE M\u00c9XICO. MX. \u2014 La fiscal\u00eda general de la Rep\u00fablica (FGR) solicit\u00f3 a Estados&#8230;<\/p>\n","protected":false},"author":1,"featured_media":206397,"comment_status":"open","ping_status":"open","sticky":false,"template":"","format":"standard","meta":{"_monsterinsights_skip_tracking":false,"_monsterinsights_sitenote_active":false,"_monsterinsights_sitenote_note":"","_monsterinsights_sitenote_category":0,"footnotes":""},"categories":[3144],"tags":[],"class_list":["post"],"yoast_head":" \n<title>Sonora en Equipo. FGR pide extraditar a \u2018El Mini Lic\u2019 por el asesinato del periodista Javier Polic\u00edaca<\/title>\n<meta name=\"description\" content=\"CIUDAD DE M\u00c9XICO. MX. \u2014 La fiscal\u00eda general de la Rep\u00fablica (FGR) solicit\u00f3 a Estados Unidos extraditar a D\u00e1maso L\u00f3pez Serrano, mejor conocido como \u2018El En Sonora en Equipo publicamos toda la informaci\u00f3n de Sonora, M\u00e9xico y el Mundo de manera oportuna y busca que la libertad de expresi\u00f3n sea real. Visita nuestro medio informativo publicado desde Hermosillo, Sonora. %\" \/>\n<meta name=\"robots\" content=\"index, follow, max-snippet:-1, max-image-preview:large, max-video-preview:-1\" \/>\n<link rel=\"canonical\" href=\"https:\/\/www.sonoraenequipo.com.mx\/fgr-pide-extraditar-a-el-mini-lic-por-el-asesinato-del-periodista-javier\/\" \/>\n<meta property=\"og:locale\" content=\"es_ES\" \/>\n<meta property=\"og:type\" content=\"article\" \/>\n<meta property=\"og:title\" content=\"Sonora en Equipo. FGR pide extraditar a \u2018El Mini Lic\u2019 por el asesinato del periodista Javier Polic\u00edaca\" \/>\n<meta property=\"og:description\" content=\"CIUDAD DE M\u00c9XICO. MX. \u2014 La fiscal\u00eda general de la Rep\u00fablica (FGR) solicit\u00f3 a Estados Unidos extraditar a D\u00e1maso L\u00f3pez Serrano, mejor conocido como \u2018El En Sonora en Equipo publicamos toda la informaci\u00f3n de Sonora, M\u00e9xico y el Mundo de manera oportuna y busca que la libertad de expresi\u00f3n sea real. Visita nuestro medio informativo publicado desde Hermosillo, Sonora. %\" \/>\n<meta property=\"og:url\" content=\"https:\/\/www.sonoraenequipo.com.mx\/fgr-pide-extraditar-a-el-mini-lic-por-el-asesinato-del-periodista-javier\/\" \/>\n<meta property=\"og:site_name\" content=\"Sonora en Equipo.\" \/>\n<meta property=\"article:publisher\" content=\"https:\/\/www.facebook.com\/SonoraEE\/\" \/>\n<meta property=\"article:author\" content=\"https:\/\/www.facebook.com\/SonoraEE\" \/>\n<meta property=\"article:published_time\" content=\"2024-12-18T05:54:05+00:00\" \/>\n<meta property=\"article:modified_time\" content=\"2024-12-18T18:38:49+00:00\" \/>\n<meta property=\"og:image\" content=\"https:\/\/www.sonoraenequipo.com.mx\/storage\/2024\/12\/FGR-Mini-min-3.jpg\" \/>\n\t<meta property=\"og:image:width\" content=\"900\" \/>\n\t<meta property=\"og:image:height\" content=\"506\" \/>\n\t<meta property=\"og:image:type\" content=\"image\/jpeg\" \/>\n<meta name=\"author\" content=\"enequipo\" \/>\n<meta name=\"twitter:card\" content=\"summary_large_image\" \/>\n<meta name=\"twitter:creator\" content=\"@sonoraenequipo\" \/>\n<meta name=\"twitter:site\" content=\"@sonoraenequipo\" \/>\n<meta name=\"twitter:label1\" content=\"Escrito por\" \/>\n\t<meta name=\"twitter:data1\" content=\"enequipo\" \/>\n\t<meta name=\"twitter:label2\" content=\"Tiempo de lectura\" \/>\n\t<meta name=\"twitter:data2\" content=\"2 minutos\" \/>\n<script type=\"application\/ld+json\" class=\"yoast-schema-graph\">{\"@context\":\"https:\/\/schema.org\",\"@graph\":[{\"@type\":\"Article\",\"@id\":\"https:\/\/www.sonoraenequipo.com.mx\/fgr-pide-extraditar-a-el-mini-lic-por-el-asesinato-del-periodista-javier\/#article\",\"isPartOf\":{\"@id\":\"https:\/\/www.sonoraenequipo.com.mx\/fgr-pide-extraditar-a-el-mini-lic-por-el-asesinato-del-periodista-javier\/\"},\"author\":{\"name\":\"enequipo\",\"@id\":\"https:\/\/www.sonoraenequipo.com.mx\/#\/schema\/person\/50102df0fb23a8fa9e8effad8fa81386\"},\"headline\":\"FGR pide extraditar a \u2018El Mini Lic\u2019 por el asesinato del periodista Javier\",\"datePublished\":\"2024-12-18T05:54:05+00:00\",\"dateModified\":\"2024-12-18T18:38:49+00:00\",\"mainEntityOfPage\":{\"@id\":\"https:\/\/www.sonoraenequipo.com.mx\/fgr-pide-extraditar-a-el-mini-lic-por-el-asesinato-del-periodista-javier\/\"},\"wordCount\":350,\"commentCount\":0,\"publisher\":{\"@id\":\"https:\/\/www.sonoraenequipo.com.mx\/#organization\"},\"image\":{\"@id\":\"https:\/\/www.sonoraenequipo.com.mx\/fgr-pide-extraditar-a-el-mini-lic-por-el-asesinato-del-periodista-javier\/#primaryimage\"},\"thumbnailUrl\":\"https:\/\/www.sonoraenequipo.com.mx\/storage\/2024\/12\/FGR-Mini-min-3.jpg\",\"articleSection\":[\"Polic\u00edaca\"],\"inLanguage\":\"es\",\"potentialAction\":[{\"@type\":\"CommentAction\",\"name\":\"Comment\",\"target\":[\"https:\/\/www.sonoraenequipo.com.mx\/fgr-pide-extraditar-a-el-mini-lic-por-el-asesinato-del-periodista-javier\/#respond\"]}]},{\"@type\":\"WebPage\",\"@id\":\"https:\/\/www.sonoraenequipo.com.mx\/fgr-pide-extraditar-a-el-mini-lic-por-el-asesinato-del-periodista-javier\/\",\"url\":\"https:\/\/www.sonoraenequipo.com.mx\/fgr-pide-extraditar-a-el-mini-lic-por-el-asesinato-del-periodista-javier\/\",\"name\":\"Sonora en Equipo. FGR pide extraditar a \u2018El Mini Lic\u2019 por el asesinato del periodista Javier Polic\u00edaca\",\"isPartOf\":{\"@id\":\"https:\/\/www.sonoraenequipo.com.mx\/#website\"},\"primaryImageOfPage\":{\"@id\":\"https:\/\/www.sonoraenequipo.com.mx\/fgr-pide-extraditar-a-el-mini-lic-por-el-asesinato-del-periodista-javier\/#primaryimage\"},\"image\":{\"@id\":\"https:\/\/www.sonoraenequipo.com.mx\/fgr-pide-extraditar-a-el-mini-lic-por-el-asesinato-del-periodista-javier\/#primaryimage\"},\"thumbnailUrl\":\"https:\/\/www.sonoraenequipo.com.mx\/storage\/2024\/12\/FGR-Mini-min-3.jpg\",\"datePublished\":\"2024-12-18T05:54:05+00:00\",\"dateModified\":\"2024-12-18T18:38:49+00:00\",\"description\":\"CIUDAD DE M\u00c9XICO. MX. \u2014 La fiscal\u00eda general de la Rep\u00fablica (FGR) solicit\u00f3 a Estados Unidos extraditar a D\u00e1maso L\u00f3pez Serrano, mejor conocido como \u2018El En Sonora en Equipo publicamos toda la informaci\u00f3n de Sonora, M\u00e9xico y el Mundo de manera oportuna y busca que la libertad de expresi\u00f3n sea real. Visita nuestro medio informativo publicado desde Hermosillo, Sonora. %\",\"breadcrumb\":{\"@id\":\"https:\/\/www.sonoraenequipo.com.mx\/fgr-pide-extraditar-a-el-mini-lic-por-el-asesinato-del-periodista-javier\/#breadcrumb\"},\"inLanguage\":\"es\",\"potentialAction\":[{\"@type\":\"ReadAction\",\"target\":[\"https:\/\/www.sonoraenequipo.com.mx\/fgr-pide-extraditar-a-el-mini-lic-por-el-asesinato-del-periodista-javier\/\"]}]},{\"@type\":\"ImageObject\",\"inLanguage\":\"es\",\"@id\":\"https:\/\/www.sonoraenequipo.com.mx\/fgr-pide-extraditar-a-el-mini-lic-por-el-asesinato-del-periodista-javier\/#primaryimage\",\"url\":\"https:\/\/www.sonoraenequipo.com.mx\/storage\/2024\/12\/FGR-Mini-min-3.jpg\",\"contentUrl\":\"https:\/\/www.sonoraenequipo.com.mx\/storage\/2024\/12\/FGR-Mini-min-3.jpg\",\"width\":900,\"height\":506},{\"@type\":\"BreadcrumbList\",\"@id\":\"https:\/\/www.sonoraenequipo.com.mx\/fgr-pide-extraditar-a-el-mini-lic-por-el-asesinato-del-periodista-javier\/#breadcrumb\",\"itemListElement\":[{\"@type\":\"ListItem\",\"position\":1,\"name\":\"Portada\",\"item\":\"https:\/\/www.sonoraenequipo.com.mx\/\"},{\"@type\":\"ListItem\",\"position\":2,\"name\":\"FGR pide extraditar a \u2018El Mini Lic\u2019 por el asesinato del periodista Javier\"}]},{\"@type\":\"WebSite\",\"@id\":\"https:\/\/www.sonoraenequipo.com.mx\/#website\",\"url\":\"https:\/\/www.sonoraenequipo.com.mx\/\",\"name\":\"Sonora en Equipo.\",\"description\":\"Diario en l\u00ednea con Noticias desde Hermosillo, Sonora\",\"publisher\":{\"@id\":\"https:\/\/www.sonoraenequipo.com.mx\/#organization\"},\"potentialAction\":[{\"@type\":\"SearchAction\",\"target\":{\"@type\":\"EntryPoint\",\"urlTemplate\":\"https:\/\/www.sonoraenequipo.com.mx\/?s={search_term_string}\"},\"query-input\":{\"@type\":\"PropertyValueSpecification\",\"valueRequired\":true,\"valueName\":\"search_term_string\"}}],\"inLanguage\":\"es\"},{\"@type\":\"Organization\",\"@id\":\"https:\/\/www.sonoraenequipo.com.mx\/#organization\",\"name\":\"Sonoraenequipo.com.mx\",\"url\":\"https:\/\/www.sonoraenequipo.com.mx\/\",\"logo\":{\"@type\":\"ImageObject\",\"inLanguage\":\"es\",\"@id\":\"https:\/\/www.sonoraenequipo.com.mx\/#\/schema\/logo\/image\/\",\"url\":\"https:\/\/www.sonoraenequipo.com.mx\/storage\/2019\/01\/sonoraenequipo_opt.png\",\"contentUrl\":\"https:\/\/www.sonoraenequipo.com.mx\/storage\/2019\/01\/sonoraenequipo_opt.png\",\"width\":375,\"height\":125,\"caption\":\"Sonoraenequipo.com.mx\"},\"image\":{\"@id\":\"https:\/\/www.sonoraenequipo.com.mx\/#\/schema\/logo\/image\/\"},\"sameAs\":[\"https:\/\/www.facebook.com\/SonoraEE\/\",\"https:\/\/x.com\/sonoraenequipo\",\"https:\/\/www.youtube.com\/channel\/UC338nW-lPEYmJQs4ZABQ1SQ\"]},{\"@type\":\"Person\",\"@id\":\"https:\/\/www.sonoraenequipo.com.mx\/#\/schema\/person\/50102df0fb23a8fa9e8effad8fa81386\",\"name\":\"enequipo\",\"image\":{\"@type\":\"ImageObject\",\"inLanguage\":\"es\",\"@id\":\"https:\/\/www.sonoraenequipo.com.mx\/#\/schema\/person\/image\/\",\"url\":\"https:\/\/secure.gravatar.com\/avatar\/049821681b589dabc0bc20695993ccebb09f5b5d4d790cd9251b97faac7c652b?s=96&d=blank&r=g\",\"contentUrl\":\"https:\/\/secure.gravatar.com\/avatar\/049821681b589dabc0bc20695993ccebb09f5b5d4d790cd9251b97faac7c652b?s=96&d=blank&r=g\",\"caption\":\"enequipo\"},\"sameAs\":[\"https:\/\/www.facebook.com\/SonoraEE\"]}]}<\/script>\n ","yoast_head_json":{"title":"Sonora en Equipo. FGR pide extraditar a \u2018El Mini Lic\u2019 por el asesinato del periodista Javier Polic\u00edaca","description":"CIUDAD DE M\u00c9XICO. MX. \u2014 La fiscal\u00eda general de la Rep\u00fablica (FGR) solicit\u00f3 a Estados Unidos extraditar a D\u00e1maso L\u00f3pez Serrano, mejor conocido como \u2018El En Sonora en Equipo publicamos toda la informaci\u00f3n de Sonora, M\u00e9xico y el Mundo de manera oportuna y busca que la libertad de expresi\u00f3n sea real. Visita nuestro medio informativo publicado desde Hermosillo, Sonora. %","robots":{"index":"index","follow":"follow","max-snippet":"max-snippet:-1","max-image-preview":"max-image-preview:large","max-video-preview":"max-video-preview:-1"},"canonical":"https:\/\/www.sonoraenequipo.com.mx\/fgr-pide-extraditar-a-el-mini-lic-por-el-asesinato-del-periodista-javier\/","og_locale":"es_ES","og_type":"article","og_title":"Sonora en Equipo. FGR pide extraditar a \u2018El Mini Lic\u2019 por el asesinato del periodista Javier Polic\u00edaca","og_description":"CIUDAD DE M\u00c9XICO. MX. \u2014 La fiscal\u00eda general de la Rep\u00fablica (FGR) solicit\u00f3 a Estados Unidos extraditar a D\u00e1maso L\u00f3pez Serrano, mejor conocido como \u2018El En Sonora en Equipo publicamos toda la informaci\u00f3n de Sonora, M\u00e9xico y el Mundo de manera oportuna y busca que la libertad de expresi\u00f3n sea real. Visita nuestro medio informativo publicado desde Hermosillo, Sonora. %","og_url":"https:\/\/www.sonoraenequipo.com.mx\/fgr-pide-extraditar-a-el-mini-lic-por-el-asesinato-del-periodista-javier\/","og_site_name":"Sonora en Equipo.","article_publisher":"https:\/\/www.facebook.com\/SonoraEE\/","article_author":"https:\/\/www.facebook.com\/SonoraEE","article_published_time":"2024-12-18T05:54:05+00:00","article_modified_time":"2024-12-18T18:38:49+00:00","og_image":[{"width":900,"height":506,"url":"https:\/\/www.sonoraenequipo.com.mx\/storage\/2024\/12\/FGR-Mini-min-3.jpg","type":"image\/jpeg"}],"author":"enequipo","twitter_card":"summary_large_image","twitter_creator":"@sonoraenequipo","twitter_site":"@sonoraenequipo","twitter_misc":{"Escrito por":"enequipo","Tiempo de lectura":"2 minutos"},"schema":{"@context":"https:\/\/schema.org","@graph":[{"@type":"Article","@id":"https:\/\/www.sonoraenequipo.com.mx\/fgr-pide-extraditar-a-el-mini-lic-por-el-asesinato-del-periodista-javier\/#article","isPartOf":{"@id":"https:\/\/www.sonoraenequipo.com.mx\/fgr-pide-extraditar-a-el-mini-lic-por-el-asesinato-del-periodista-javier\/"},"author":{"name":"enequipo","@id":"https:\/\/www.sonoraenequipo.com.mx\/#\/schema\/person\/50102df0fb23a8fa9e8effad8fa81386"},"headline":"FGR pide extraditar a \u2018El Mini Lic\u2019 por el asesinato del periodista Javier","datePublished":"2024-12-18T05:54:05+00:00","dateModified":"2024-12-18T18:38:49+00:00","mainEntityOfPage":{"@id":"https:\/\/www.sonoraenequipo.com.mx\/fgr-pide-extraditar-a-el-mini-lic-por-el-asesinato-del-periodista-javier\/"},"wordCount":350,"commentCount":0,"publisher":{"@id":"https:\/\/www.sonoraenequipo.com.mx\/#organization"},"image":{"@id":"https:\/\/www.sonoraenequipo.com.mx\/fgr-pide-extraditar-a-el-mini-lic-por-el-asesinato-del-periodista-javier\/#primaryimage"},"thumbnailUrl":"https:\/\/www.sonoraenequipo.com.mx\/storage\/2024\/12\/FGR-Mini-min-3.jpg","articleSection":["Polic\u00edaca"],"inLanguage":"es","potentialAction":[{"@type":"CommentAction","name":"Comment","target":["https:\/\/www.sonoraenequipo.com.mx\/fgr-pide-extraditar-a-el-mini-lic-por-el-asesinato-del-periodista-javier\/#respond"]}]},{"@type":"WebPage","@id":"https:\/\/www.sonoraenequipo.com.mx\/fgr-pide-extraditar-a-el-mini-lic-por-el-asesinato-del-periodista-javier\/","url":"https:\/\/www.sonoraenequipo.com.mx\/fgr-pide-extraditar-a-el-mini-lic-por-el-asesinato-del-periodista-javier\/","name":"Sonora en Equipo. FGR pide extraditar a \u2018El Mini Lic\u2019 por el asesinato del periodista Javier Polic\u00edaca","isPartOf":{"@id":"https:\/\/www.sonoraenequipo.com.mx\/#website"},"primaryImageOfPage":{"@id":"https:\/\/www.sonoraenequipo.com.mx\/fgr-pide-extraditar-a-el-mini-lic-por-el-asesinato-del-periodista-javier\/#primaryimage"},"image":{"@id":"https:\/\/www.sonoraenequipo.com.mx\/fgr-pide-extraditar-a-el-mini-lic-por-el-asesinato-del-periodista-javier\/#primaryimage"},"thumbnailUrl":"https:\/\/www.sonoraenequipo.com.mx\/storage\/2024\/12\/FGR-Mini-min-3.jpg","datePublished":"2024-12-18T05:54:05+00:00","dateModified":"2024-12-18T18:38:49+00:00","description":"CIUDAD DE M\u00c9XICO. MX. \u2014 La fiscal\u00eda general de la Rep\u00fablica (FGR) solicit\u00f3 a Estados Unidos extraditar a D\u00e1maso L\u00f3pez Serrano, mejor conocido como \u2018El En Sonora en Equipo publicamos toda la informaci\u00f3n de Sonora, M\u00e9xico y el Mundo de manera oportuna y busca que la libertad de expresi\u00f3n sea real. Visita nuestro medio informativo publicado desde Hermosillo, Sonora. %","breadcrumb":{"@id":"https:\/\/www.sonoraenequipo.com.mx\/fgr-pide-extraditar-a-el-mini-lic-por-el-asesinato-del-periodista-javier\/#breadcrumb"},"inLanguage":"es","potentialAction":[{"@type":"ReadAction","target":["https:\/\/www.sonoraenequipo.com.mx\/fgr-pide-extraditar-a-el-mini-lic-por-el-asesinato-del-periodista-javier\/"]}]},{"@type":"ImageObject","inLanguage":"es","@id":"https:\/\/www.sonoraenequipo.com.mx\/fgr-pide-extraditar-a-el-mini-lic-por-el-asesinato-del-periodista-javier\/#primaryimage","url":"https:\/\/www.sonoraenequipo.com.mx\/storage\/2024\/12\/FGR-Mini-min-3.jpg","contentUrl":"https:\/\/www.sonoraenequipo.com.mx\/storage\/2024\/12\/FGR-Mini-min-3.jpg","width":900,"height":506},{"@type":"BreadcrumbList","@id":"https:\/\/www.sonoraenequipo.com.mx\/fgr-pide-extraditar-a-el-mini-lic-por-el-asesinato-del-periodista-javier\/#breadcrumb","itemListElement":[{"@type":"ListItem","position":1,"name":"Portada","item":"https:\/\/www.sonoraenequipo.com.mx\/"},{"@type":"ListItem","position":2,"name":"FGR pide extraditar a \u2018El Mini Lic\u2019 por el asesinato del periodista Javier"}]},{"@type":"WebSite","@id":"https:\/\/www.sonoraenequipo.com.mx\/#website","url":"https:\/\/www.sonoraenequipo.com.mx\/","name":"Sonora en Equipo.","description":"Diario en l\u00ednea con Noticias desde Hermosillo, Sonora","publisher":{"@id":"https:\/\/www.sonoraenequipo.com.mx\/#organization"},"potentialAction":[{"@type":"SearchAction","target":{"@type":"EntryPoint","urlTemplate":"https:\/\/www.sonoraenequipo.com.mx\/?s={search_term_string}"},"query-input":{"@type":"PropertyValueSpecification","valueRequired":true,"valueName":"search_term_string"}}],"inLanguage":"es"},{"@type":"Organization","@id":"https:\/\/www.sonoraenequipo.com.mx\/#organization","name":"Sonoraenequipo.com.mx","url":"https:\/\/www.sonoraenequipo.com.mx\/","logo":{"@type":"ImageObject","inLanguage":"es","@id":"https:\/\/www.sonoraenequipo.com.mx\/#\/schema\/logo\/image\/","url":"https:\/\/www.sonoraenequipo.com.mx\/storage\/2019\/01\/sonoraenequipo_opt.png","contentUrl":"https:\/\/www.sonoraenequipo.com.mx\/storage\/2019\/01\/sonoraenequipo_opt.png","width":375,"height":125,"caption":"Sonoraenequipo.com.mx"},"image":{"@id":"https:\/\/www.sonoraenequipo.com.mx\/#\/schema\/logo\/image\/"},"sameAs":["https:\/\/www.facebook.com\/SonoraEE\/","https:\/\/x.com\/sonoraenequipo","https:\/\/www.youtube.com\/channel\/UC338nW-lPEYmJQs4ZABQ1SQ"]},{"@type":"Person","@id":"https:\/\/www.sonoraenequipo.com.mx\/#\/schema\/person\/50102df0fb23a8fa9e8effad8fa81386","name":"enequipo","image":{"@type":"ImageObject","inLanguage":"es","@id":"https:\/\/www.sonoraenequipo.com.mx\/#\/schema\/person\/image\/","url":"https:\/\/secure.gravatar.com\/avatar\/049821681b589dabc0bc20695993ccebb09f5b5d4d790cd9251b97faac7c652b?s=96&d=blank&r=g","contentUrl":"https:\/\/secure.gravatar.com\/avatar\/049821681b589dabc0bc20695993ccebb09f5b5d4d790cd9251b97faac7c652b?s=96&d=blank&r=g","caption":"enequipo"},"sameAs":["https:\/\/www.facebook.com\/SonoraEE"]}]}},"jetpack_featured_media_url":"https:\/\/www.sonoraenequipo.com.mx\/storage\/2024\/12\/FGR-Mini-min-3.jpg","_links":{"self":[{"href":"https:\/\/www.sonoraenequipo.com.mx\/api\/wp\/v2\/posts\/206407","targetHints":{"allow":["GET"]}}],"collection":[{"href":"https:\/\/www.sonoraenequipo.com.mx\/api\/wp\/v2\/posts"}],"about":[{"href":"https:\/\/www.sonoraenequipo.com.mx\/api\/wp\/v2\/types\/post"}],"author":[{"embeddable":true,"href":"https:\/\/www.sonoraenequipo.com.mx\/api\/wp\/v2\/users\/1"}],"replies":[{"embeddable":true,"href":"https:\/\/www.sonoraenequipo.com.mx\/api\/wp\/v2\/comments?post=206407"}],"version-history":[{"count":1,"href":"https:\/\/www.sonoraenequipo.com.mx\/api\/wp\/v2\/posts\/206407\/revisions"}],"predecessor-version":[{"id":206411,"href":"https:\/\/www.sonoraenequipo.com.mx\/api\/wp\/v2\/posts\/206407\/revisions\/206411"}],"wp:featuredmedia":[{"embeddable":true,"href":"https:\/\/www.sonoraenequipo.com.mx\/api\/wp\/v2\/media\/206397"}],"wp:attachment":[{"href":"https:\/\/www.sonoraenequipo.com.mx\/api\/wp\/v2\/media?parent=206407"}],"wp:term":[{"taxonomy":"category","embeddable":true,"href":"https:\/\/www.sonoraenequipo.com.mx\/api\/wp\/v2\/categories?post=206407"},{"taxonomy":"post_tag","embeddable":true,"href":"https:\/\/www.sonoraenequipo.com.mx\/api\/wp\/v2\/tags?post=206407"}],"curies":[{"name":"wp","href":"https:\/\/api.w.org\/{rel}","templated":true}]}}