{"id":206582,"date":"2024-12-21T13:07:03","date_gmt":"2024-12-21T20:07:03","guid":{"rendered":"https:\/\/www.sonoraenequipo.com.mx\/?p=206582"},"modified":"2024-12-21T13:07:03","modified_gmt":"2024-12-21T20:07:03","slug":"presidenta-sheinbaum-restituye-tierras-a-tarahumaras","status":"publish","type":"post","link":"https:\/\/www.sonoraenequipo.com.mx\/presidenta-sheinbaum-restituye-tierras-a-tarahumaras\/","title":{"rendered":"Presidenta Sheinbaum restituye tierras a tarahumaras"},"content":{"rendered":"<p><strong>CIUDAD DE M\u00c9XICO.<\/strong><strong> \u0336 \u0336\u00a0 <\/strong>La Presidenta de M\u00e9xico, Claudia Sheinbaum, reconoci\u00f3 y restituy\u00f3 tierras a las comunidades rar\u00e1muris(tarahumaras). en la Sierra Tarahumara de Chihuahua. Se otorgaron 1,485 hect\u00e1reas a la comunidad de Guasachique y 693 hect\u00e1reas a la comunidad de Bosques de San El\u00edas Repechique. Se invirtieron 4,720 millones de pesos en el Plan de Justicia de los pueblos de la Sierra Tarahumara. Sheinbaum destac\u00f3 la importancia de devolver tierras a las comunidades ind\u00edgenas y enfatiz\u00f3 en la justicia social y el respeto hacia los pueblos originarios. Se promueve el trabajo conjunto, el di\u00e1logo y la participaci\u00f3n entre las comunidades y el Gobierno de M\u00e9xico.<\/p>\n<p>&nbsp;<\/p>\n<p>Se continuar\u00e1 con los Planes de Justicia y Desarrollo Integral de los Pueblos y Comunidades Ind\u00edgenas en Chihuahua, construyendo carreteras y caminos artesanales en la Sierra Tarahumara. Se destinar\u00e1n recursos al programa La Escuela es Nuestra y Centros de Salud, como respuesta a las demandas de las comunidades rar\u00e1muris. Se hizo una titulaci\u00f3n a favor de las comunidades de Bosques de San El\u00edas Repechique y Guasachique, reconociendo su propiedad colectiva. Se han invertido 4,720 millones de pesos en acciones de Justicia Ambiental y Proyectos Productivos; Salud y Medicina Ambiental; Educaci\u00f3n Ind\u00edgena; Cultura, lengua e identidad; Infraestructura y servicios b\u00e1sicos.<\/p>\n<p>&nbsp;<\/p>\n<p>Se implementar\u00e1n tres nuevos programas de apoyo en la Sierra Tarahumara: la Pensi\u00f3n Mujeres Bienestar de 60 a 64 a\u00f1os, el programa Salud Casa por Casa y la beca universal \u00abRita Cetina Guti\u00e9rrez\u00bb. Los programas del Bienestar creados en la administraci\u00f3n de Andr\u00e9s Manuel L\u00f3pez Obrador continuar\u00e1n. La Presidenta Sheinbaum recibi\u00f3 reconocimiento de los l\u00edderes de las comunidades y del gobernador de Chihuahua por su iniciativa de justicia hacia las comunidades de la Sierra Tarahumara. Junto a Sheinbaum estuvieron presentes varios funcionarios y l\u00edderes tradicionales de las comunidades rar\u00e1muris.<\/p>\n<p><strong>Fecha de publicaci\u00f3n viernes 20 de diciembre de 2024 \/<\/strong><\/p>\n<p>&nbsp;<\/p>\n","protected":false},"excerpt":{"rendered":"<p>CIUDAD DE M\u00c9XICO. \u0336 \u0336\u00a0 La Presidenta de M\u00e9xico, Claudia Sheinbaum, reconoci\u00f3 y restituy\u00f3 tierras&#8230;<\/p>\n","protected":false},"author":1,"featured_media":206583,"comment_status":"open","ping_status":"open","sticky":false,"template":"","format":"standard","meta":{"_monsterinsights_skip_tracking":false,"_monsterinsights_sitenote_active":false,"_monsterinsights_sitenote_note":"","_monsterinsights_sitenote_category":0,"footnotes":""},"categories":[5],"tags":[2432,10660],"class_list":["post"],"yoast_head":" \n<title>Sonora en Equipo. Presidenta Sheinbaum restituye tierras a tarahumaras Rep\u00fablica<\/title>\n<meta name=\"description\" content=\"CIUDAD DE M\u00c9XICO. \u0336 \u0336\u00a0 La Presidenta de M\u00e9xico, Claudia Sheinbaum, reconoci\u00f3 y restituy\u00f3 tierras a las comunidades rar\u00e1muris(tarahumaras). en la Sierra En Sonora en Equipo publicamos toda la informaci\u00f3n de Sonora, M\u00e9xico y el Mundo de manera oportuna y busca que la libertad de expresi\u00f3n sea real. Visita nuestro medio informativo publicado desde Hermosillo, Sonora. %\" \/>\n<meta name=\"robots\" content=\"index, follow, max-snippet:-1, max-image-preview:large, max-video-preview:-1\" \/>\n<link rel=\"canonical\" href=\"https:\/\/www.sonoraenequipo.com.mx\/presidenta-sheinbaum-restituye-tierras-a-tarahumaras\/\" \/>\n<meta property=\"og:locale\" content=\"es_ES\" \/>\n<meta property=\"og:type\" content=\"article\" \/>\n<meta property=\"og:title\" content=\"Sonora en Equipo. Presidenta Sheinbaum restituye tierras a tarahumaras Rep\u00fablica\" \/>\n<meta property=\"og:description\" content=\"CIUDAD DE M\u00c9XICO. \u0336 \u0336\u00a0 La Presidenta de M\u00e9xico, Claudia Sheinbaum, reconoci\u00f3 y restituy\u00f3 tierras a las comunidades rar\u00e1muris(tarahumaras). en la Sierra En Sonora en Equipo publicamos toda la informaci\u00f3n de Sonora, M\u00e9xico y el Mundo de manera oportuna y busca que la libertad de expresi\u00f3n sea real. Visita nuestro medio informativo publicado desde Hermosillo, Sonora. %\" \/>\n<meta property=\"og:url\" content=\"https:\/\/www.sonoraenequipo.com.mx\/presidenta-sheinbaum-restituye-tierras-a-tarahumaras\/\" \/>\n<meta property=\"og:site_name\" content=\"Sonora en Equipo.\" \/>\n<meta property=\"article:publisher\" content=\"https:\/\/www.facebook.com\/SonoraEE\/\" \/>\n<meta property=\"article:author\" content=\"https:\/\/www.facebook.com\/SonoraEE\" \/>\n<meta property=\"article:published_time\" content=\"2024-12-21T20:07:03+00:00\" \/>\n<meta property=\"og:image\" content=\"https:\/\/www.sonoraenequipo.com.mx\/storage\/2024\/12\/csp-tarahumaras.jpg\" \/>\n\t<meta property=\"og:image:width\" content=\"600\" \/>\n\t<meta property=\"og:image:height\" content=\"399\" \/>\n\t<meta property=\"og:image:type\" content=\"image\/jpeg\" \/>\n<meta name=\"author\" content=\"enequipo\" \/>\n<meta name=\"twitter:card\" content=\"summary_large_image\" \/>\n<meta name=\"twitter:creator\" content=\"@sonoraenequipo\" \/>\n<meta name=\"twitter:site\" content=\"@sonoraenequipo\" \/>\n<meta name=\"twitter:label1\" content=\"Escrito por\" \/>\n\t<meta name=\"twitter:data1\" content=\"enequipo\" \/>\n\t<meta name=\"twitter:label2\" content=\"Tiempo de lectura\" \/>\n\t<meta name=\"twitter:data2\" content=\"2 minutos\" \/>\n<script type=\"application\/ld+json\" class=\"yoast-schema-graph\">{\"@context\":\"https:\/\/schema.org\",\"@graph\":[{\"@type\":\"Article\",\"@id\":\"https:\/\/www.sonoraenequipo.com.mx\/presidenta-sheinbaum-restituye-tierras-a-tarahumaras\/#article\",\"isPartOf\":{\"@id\":\"https:\/\/www.sonoraenequipo.com.mx\/presidenta-sheinbaum-restituye-tierras-a-tarahumaras\/\"},\"author\":{\"name\":\"enequipo\",\"@id\":\"https:\/\/www.sonoraenequipo.com.mx\/#\/schema\/person\/50102df0fb23a8fa9e8effad8fa81386\"},\"headline\":\"Presidenta Sheinbaum restituye tierras a tarahumaras\",\"datePublished\":\"2024-12-21T20:07:03+00:00\",\"mainEntityOfPage\":{\"@id\":\"https:\/\/www.sonoraenequipo.com.mx\/presidenta-sheinbaum-restituye-tierras-a-tarahumaras\/\"},\"wordCount\":333,\"commentCount\":0,\"publisher\":{\"@id\":\"https:\/\/www.sonoraenequipo.com.mx\/#organization\"},\"image\":{\"@id\":\"https:\/\/www.sonoraenequipo.com.mx\/presidenta-sheinbaum-restituye-tierras-a-tarahumaras\/#primaryimage\"},\"thumbnailUrl\":\"https:\/\/www.sonoraenequipo.com.mx\/storage\/2024\/12\/csp-tarahumaras.jpg\",\"keywords\":[\"Claudia Sheinbaum\",\"tarahumaras\"],\"articleSection\":[\"Rep\u00fablica\"],\"inLanguage\":\"es\",\"potentialAction\":[{\"@type\":\"CommentAction\",\"name\":\"Comment\",\"target\":[\"https:\/\/www.sonoraenequipo.com.mx\/presidenta-sheinbaum-restituye-tierras-a-tarahumaras\/#respond\"]}]},{\"@type\":\"WebPage\",\"@id\":\"https:\/\/www.sonoraenequipo.com.mx\/presidenta-sheinbaum-restituye-tierras-a-tarahumaras\/\",\"url\":\"https:\/\/www.sonoraenequipo.com.mx\/presidenta-sheinbaum-restituye-tierras-a-tarahumaras\/\",\"name\":\"Sonora en Equipo. Presidenta Sheinbaum restituye tierras a tarahumaras Rep\u00fablica\",\"isPartOf\":{\"@id\":\"https:\/\/www.sonoraenequipo.com.mx\/#website\"},\"primaryImageOfPage\":{\"@id\":\"https:\/\/www.sonoraenequipo.com.mx\/presidenta-sheinbaum-restituye-tierras-a-tarahumaras\/#primaryimage\"},\"image\":{\"@id\":\"https:\/\/www.sonoraenequipo.com.mx\/presidenta-sheinbaum-restituye-tierras-a-tarahumaras\/#primaryimage\"},\"thumbnailUrl\":\"https:\/\/www.sonoraenequipo.com.mx\/storage\/2024\/12\/csp-tarahumaras.jpg\",\"datePublished\":\"2024-12-21T20:07:03+00:00\",\"description\":\"CIUDAD DE M\u00c9XICO. \u0336 \u0336\u00a0 La Presidenta de M\u00e9xico, Claudia Sheinbaum, reconoci\u00f3 y restituy\u00f3 tierras a las comunidades rar\u00e1muris(tarahumaras). en la Sierra En Sonora en Equipo publicamos toda la informaci\u00f3n de Sonora, M\u00e9xico y el Mundo de manera oportuna y busca que la libertad de expresi\u00f3n sea real. Visita nuestro medio informativo publicado desde Hermosillo, Sonora. %\",\"breadcrumb\":{\"@id\":\"https:\/\/www.sonoraenequipo.com.mx\/presidenta-sheinbaum-restituye-tierras-a-tarahumaras\/#breadcrumb\"},\"inLanguage\":\"es\",\"potentialAction\":[{\"@type\":\"ReadAction\",\"target\":[\"https:\/\/www.sonoraenequipo.com.mx\/presidenta-sheinbaum-restituye-tierras-a-tarahumaras\/\"]}]},{\"@type\":\"ImageObject\",\"inLanguage\":\"es\",\"@id\":\"https:\/\/www.sonoraenequipo.com.mx\/presidenta-sheinbaum-restituye-tierras-a-tarahumaras\/#primaryimage\",\"url\":\"https:\/\/www.sonoraenequipo.com.mx\/storage\/2024\/12\/csp-tarahumaras.jpg\",\"contentUrl\":\"https:\/\/www.sonoraenequipo.com.mx\/storage\/2024\/12\/csp-tarahumaras.jpg\",\"width\":600,\"height\":399},{\"@type\":\"BreadcrumbList\",\"@id\":\"https:\/\/www.sonoraenequipo.com.mx\/presidenta-sheinbaum-restituye-tierras-a-tarahumaras\/#breadcrumb\",\"itemListElement\":[{\"@type\":\"ListItem\",\"position\":1,\"name\":\"Portada\",\"item\":\"https:\/\/www.sonoraenequipo.com.mx\/\"},{\"@type\":\"ListItem\",\"position\":2,\"name\":\"Presidenta Sheinbaum restituye tierras a tarahumaras\"}]},{\"@type\":\"WebSite\",\"@id\":\"https:\/\/www.sonoraenequipo.com.mx\/#website\",\"url\":\"https:\/\/www.sonoraenequipo.com.mx\/\",\"name\":\"Sonora en Equipo.\",\"description\":\"Diario en l\u00ednea con Noticias desde Hermosillo, Sonora\",\"publisher\":{\"@id\":\"https:\/\/www.sonoraenequipo.com.mx\/#organization\"},\"potentialAction\":[{\"@type\":\"SearchAction\",\"target\":{\"@type\":\"EntryPoint\",\"urlTemplate\":\"https:\/\/www.sonoraenequipo.com.mx\/?s={search_term_string}\"},\"query-input\":{\"@type\":\"PropertyValueSpecification\",\"valueRequired\":true,\"valueName\":\"search_term_string\"}}],\"inLanguage\":\"es\"},{\"@type\":\"Organization\",\"@id\":\"https:\/\/www.sonoraenequipo.com.mx\/#organization\",\"name\":\"Sonoraenequipo.com.mx\",\"url\":\"https:\/\/www.sonoraenequipo.com.mx\/\",\"logo\":{\"@type\":\"ImageObject\",\"inLanguage\":\"es\",\"@id\":\"https:\/\/www.sonoraenequipo.com.mx\/#\/schema\/logo\/image\/\",\"url\":\"https:\/\/www.sonoraenequipo.com.mx\/storage\/2019\/01\/sonoraenequipo_opt.png\",\"contentUrl\":\"https:\/\/www.sonoraenequipo.com.mx\/storage\/2019\/01\/sonoraenequipo_opt.png\",\"width\":375,\"height\":125,\"caption\":\"Sonoraenequipo.com.mx\"},\"image\":{\"@id\":\"https:\/\/www.sonoraenequipo.com.mx\/#\/schema\/logo\/image\/\"},\"sameAs\":[\"https:\/\/www.facebook.com\/SonoraEE\/\",\"https:\/\/x.com\/sonoraenequipo\",\"https:\/\/www.youtube.com\/channel\/UC338nW-lPEYmJQs4ZABQ1SQ\"]},{\"@type\":\"Person\",\"@id\":\"https:\/\/www.sonoraenequipo.com.mx\/#\/schema\/person\/50102df0fb23a8fa9e8effad8fa81386\",\"name\":\"enequipo\",\"image\":{\"@type\":\"ImageObject\",\"inLanguage\":\"es\",\"@id\":\"https:\/\/www.sonoraenequipo.com.mx\/#\/schema\/person\/image\/\",\"url\":\"https:\/\/secure.gravatar.com\/avatar\/049821681b589dabc0bc20695993ccebb09f5b5d4d790cd9251b97faac7c652b?s=96&d=blank&r=g\",\"contentUrl\":\"https:\/\/secure.gravatar.com\/avatar\/049821681b589dabc0bc20695993ccebb09f5b5d4d790cd9251b97faac7c652b?s=96&d=blank&r=g\",\"caption\":\"enequipo\"},\"sameAs\":[\"https:\/\/www.facebook.com\/SonoraEE\"]}]}<\/script>\n ","yoast_head_json":{"title":"Sonora en Equipo. Presidenta Sheinbaum restituye tierras a tarahumaras Rep\u00fablica","description":"CIUDAD DE M\u00c9XICO. \u0336 \u0336\u00a0 La Presidenta de M\u00e9xico, Claudia Sheinbaum, reconoci\u00f3 y restituy\u00f3 tierras a las comunidades rar\u00e1muris(tarahumaras). en la Sierra En Sonora en Equipo publicamos toda la informaci\u00f3n de Sonora, M\u00e9xico y el Mundo de manera oportuna y busca que la libertad de expresi\u00f3n sea real. Visita nuestro medio informativo publicado desde Hermosillo, Sonora. %","robots":{"index":"index","follow":"follow","max-snippet":"max-snippet:-1","max-image-preview":"max-image-preview:large","max-video-preview":"max-video-preview:-1"},"canonical":"https:\/\/www.sonoraenequipo.com.mx\/presidenta-sheinbaum-restituye-tierras-a-tarahumaras\/","og_locale":"es_ES","og_type":"article","og_title":"Sonora en Equipo. Presidenta Sheinbaum restituye tierras a tarahumaras Rep\u00fablica","og_description":"CIUDAD DE M\u00c9XICO. \u0336 \u0336\u00a0 La Presidenta de M\u00e9xico, Claudia Sheinbaum, reconoci\u00f3 y restituy\u00f3 tierras a las comunidades rar\u00e1muris(tarahumaras). en la Sierra En Sonora en Equipo publicamos toda la informaci\u00f3n de Sonora, M\u00e9xico y el Mundo de manera oportuna y busca que la libertad de expresi\u00f3n sea real. Visita nuestro medio informativo publicado desde Hermosillo, Sonora. %","og_url":"https:\/\/www.sonoraenequipo.com.mx\/presidenta-sheinbaum-restituye-tierras-a-tarahumaras\/","og_site_name":"Sonora en Equipo.","article_publisher":"https:\/\/www.facebook.com\/SonoraEE\/","article_author":"https:\/\/www.facebook.com\/SonoraEE","article_published_time":"2024-12-21T20:07:03+00:00","og_image":[{"width":600,"height":399,"url":"https:\/\/www.sonoraenequipo.com.mx\/storage\/2024\/12\/csp-tarahumaras.jpg","type":"image\/jpeg"}],"author":"enequipo","twitter_card":"summary_large_image","twitter_creator":"@sonoraenequipo","twitter_site":"@sonoraenequipo","twitter_misc":{"Escrito por":"enequipo","Tiempo de lectura":"2 minutos"},"schema":{"@context":"https:\/\/schema.org","@graph":[{"@type":"Article","@id":"https:\/\/www.sonoraenequipo.com.mx\/presidenta-sheinbaum-restituye-tierras-a-tarahumaras\/#article","isPartOf":{"@id":"https:\/\/www.sonoraenequipo.com.mx\/presidenta-sheinbaum-restituye-tierras-a-tarahumaras\/"},"author":{"name":"enequipo","@id":"https:\/\/www.sonoraenequipo.com.mx\/#\/schema\/person\/50102df0fb23a8fa9e8effad8fa81386"},"headline":"Presidenta Sheinbaum restituye tierras a tarahumaras","datePublished":"2024-12-21T20:07:03+00:00","mainEntityOfPage":{"@id":"https:\/\/www.sonoraenequipo.com.mx\/presidenta-sheinbaum-restituye-tierras-a-tarahumaras\/"},"wordCount":333,"commentCount":0,"publisher":{"@id":"https:\/\/www.sonoraenequipo.com.mx\/#organization"},"image":{"@id":"https:\/\/www.sonoraenequipo.com.mx\/presidenta-sheinbaum-restituye-tierras-a-tarahumaras\/#primaryimage"},"thumbnailUrl":"https:\/\/www.sonoraenequipo.com.mx\/storage\/2024\/12\/csp-tarahumaras.jpg","keywords":["Claudia Sheinbaum","tarahumaras"],"articleSection":["Rep\u00fablica"],"inLanguage":"es","potentialAction":[{"@type":"CommentAction","name":"Comment","target":["https:\/\/www.sonoraenequipo.com.mx\/presidenta-sheinbaum-restituye-tierras-a-tarahumaras\/#respond"]}]},{"@type":"WebPage","@id":"https:\/\/www.sonoraenequipo.com.mx\/presidenta-sheinbaum-restituye-tierras-a-tarahumaras\/","url":"https:\/\/www.sonoraenequipo.com.mx\/presidenta-sheinbaum-restituye-tierras-a-tarahumaras\/","name":"Sonora en Equipo. Presidenta Sheinbaum restituye tierras a tarahumaras Rep\u00fablica","isPartOf":{"@id":"https:\/\/www.sonoraenequipo.com.mx\/#website"},"primaryImageOfPage":{"@id":"https:\/\/www.sonoraenequipo.com.mx\/presidenta-sheinbaum-restituye-tierras-a-tarahumaras\/#primaryimage"},"image":{"@id":"https:\/\/www.sonoraenequipo.com.mx\/presidenta-sheinbaum-restituye-tierras-a-tarahumaras\/#primaryimage"},"thumbnailUrl":"https:\/\/www.sonoraenequipo.com.mx\/storage\/2024\/12\/csp-tarahumaras.jpg","datePublished":"2024-12-21T20:07:03+00:00","description":"CIUDAD DE M\u00c9XICO. \u0336 \u0336\u00a0 La Presidenta de M\u00e9xico, Claudia Sheinbaum, reconoci\u00f3 y restituy\u00f3 tierras a las comunidades rar\u00e1muris(tarahumaras). en la Sierra En Sonora en Equipo publicamos toda la informaci\u00f3n de Sonora, M\u00e9xico y el Mundo de manera oportuna y busca que la libertad de expresi\u00f3n sea real. Visita nuestro medio informativo publicado desde Hermosillo, Sonora. %","breadcrumb":{"@id":"https:\/\/www.sonoraenequipo.com.mx\/presidenta-sheinbaum-restituye-tierras-a-tarahumaras\/#breadcrumb"},"inLanguage":"es","potentialAction":[{"@type":"ReadAction","target":["https:\/\/www.sonoraenequipo.com.mx\/presidenta-sheinbaum-restituye-tierras-a-tarahumaras\/"]}]},{"@type":"ImageObject","inLanguage":"es","@id":"https:\/\/www.sonoraenequipo.com.mx\/presidenta-sheinbaum-restituye-tierras-a-tarahumaras\/#primaryimage","url":"https:\/\/www.sonoraenequipo.com.mx\/storage\/2024\/12\/csp-tarahumaras.jpg","contentUrl":"https:\/\/www.sonoraenequipo.com.mx\/storage\/2024\/12\/csp-tarahumaras.jpg","width":600,"height":399},{"@type":"BreadcrumbList","@id":"https:\/\/www.sonoraenequipo.com.mx\/presidenta-sheinbaum-restituye-tierras-a-tarahumaras\/#breadcrumb","itemListElement":[{"@type":"ListItem","position":1,"name":"Portada","item":"https:\/\/www.sonoraenequipo.com.mx\/"},{"@type":"ListItem","position":2,"name":"Presidenta Sheinbaum restituye tierras a tarahumaras"}]},{"@type":"WebSite","@id":"https:\/\/www.sonoraenequipo.com.mx\/#website","url":"https:\/\/www.sonoraenequipo.com.mx\/","name":"Sonora en Equipo.","description":"Diario en l\u00ednea con Noticias desde Hermosillo, Sonora","publisher":{"@id":"https:\/\/www.sonoraenequipo.com.mx\/#organization"},"potentialAction":[{"@type":"SearchAction","target":{"@type":"EntryPoint","urlTemplate":"https:\/\/www.sonoraenequipo.com.mx\/?s={search_term_string}"},"query-input":{"@type":"PropertyValueSpecification","valueRequired":true,"valueName":"search_term_string"}}],"inLanguage":"es"},{"@type":"Organization","@id":"https:\/\/www.sonoraenequipo.com.mx\/#organization","name":"Sonoraenequipo.com.mx","url":"https:\/\/www.sonoraenequipo.com.mx\/","logo":{"@type":"ImageObject","inLanguage":"es","@id":"https:\/\/www.sonoraenequipo.com.mx\/#\/schema\/logo\/image\/","url":"https:\/\/www.sonoraenequipo.com.mx\/storage\/2019\/01\/sonoraenequipo_opt.png","contentUrl":"https:\/\/www.sonoraenequipo.com.mx\/storage\/2019\/01\/sonoraenequipo_opt.png","width":375,"height":125,"caption":"Sonoraenequipo.com.mx"},"image":{"@id":"https:\/\/www.sonoraenequipo.com.mx\/#\/schema\/logo\/image\/"},"sameAs":["https:\/\/www.facebook.com\/SonoraEE\/","https:\/\/x.com\/sonoraenequipo","https:\/\/www.youtube.com\/channel\/UC338nW-lPEYmJQs4ZABQ1SQ"]},{"@type":"Person","@id":"https:\/\/www.sonoraenequipo.com.mx\/#\/schema\/person\/50102df0fb23a8fa9e8effad8fa81386","name":"enequipo","image":{"@type":"ImageObject","inLanguage":"es","@id":"https:\/\/www.sonoraenequipo.com.mx\/#\/schema\/person\/image\/","url":"https:\/\/secure.gravatar.com\/avatar\/049821681b589dabc0bc20695993ccebb09f5b5d4d790cd9251b97faac7c652b?s=96&d=blank&r=g","contentUrl":"https:\/\/secure.gravatar.com\/avatar\/049821681b589dabc0bc20695993ccebb09f5b5d4d790cd9251b97faac7c652b?s=96&d=blank&r=g","caption":"enequipo"},"sameAs":["https:\/\/www.facebook.com\/SonoraEE"]}]}},"jetpack_featured_media_url":"https:\/\/www.sonoraenequipo.com.mx\/storage\/2024\/12\/csp-tarahumaras.jpg","_links":{"self":[{"href":"https:\/\/www.sonoraenequipo.com.mx\/api\/wp\/v2\/posts\/206582","targetHints":{"allow":["GET"]}}],"collection":[{"href":"https:\/\/www.sonoraenequipo.com.mx\/api\/wp\/v2\/posts"}],"about":[{"href":"https:\/\/www.sonoraenequipo.com.mx\/api\/wp\/v2\/types\/post"}],"author":[{"embeddable":true,"href":"https:\/\/www.sonoraenequipo.com.mx\/api\/wp\/v2\/users\/1"}],"replies":[{"embeddable":true,"href":"https:\/\/www.sonoraenequipo.com.mx\/api\/wp\/v2\/comments?post=206582"}],"version-history":[{"count":1,"href":"https:\/\/www.sonoraenequipo.com.mx\/api\/wp\/v2\/posts\/206582\/revisions"}],"predecessor-version":[{"id":206584,"href":"https:\/\/www.sonoraenequipo.com.mx\/api\/wp\/v2\/posts\/206582\/revisions\/206584"}],"wp:featuredmedia":[{"embeddable":true,"href":"https:\/\/www.sonoraenequipo.com.mx\/api\/wp\/v2\/media\/206583"}],"wp:attachment":[{"href":"https:\/\/www.sonoraenequipo.com.mx\/api\/wp\/v2\/media?parent=206582"}],"wp:term":[{"taxonomy":"category","embeddable":true,"href":"https:\/\/www.sonoraenequipo.com.mx\/api\/wp\/v2\/categories?post=206582"},{"taxonomy":"post_tag","embeddable":true,"href":"https:\/\/www.sonoraenequipo.com.mx\/api\/wp\/v2\/tags?post=206582"}],"curies":[{"name":"wp","href":"https:\/\/api.w.org\/{rel}","templated":true}]}}