{"id":206585,"date":"2024-12-21T13:17:47","date_gmt":"2024-12-21T20:17:47","guid":{"rendered":"https:\/\/www.sonoraenequipo.com.mx\/?p=206585"},"modified":"2024-12-21T13:17:47","modified_gmt":"2024-12-21T20:17:47","slug":"ine-aprueba-voto-anticipado-para-eleccion-en-pjf","status":"publish","type":"post","link":"https:\/\/www.sonoraenequipo.com.mx\/ine-aprueba-voto-anticipado-para-eleccion-en-pjf\/","title":{"rendered":"INE aprueba voto anticipado para elecci\u00f3n en PJF"},"content":{"rendered":"<p>El Consejo General del Instituto Nacional Electoral (INE) aprob\u00f3 la implementaci\u00f3n del voto anticipado s\u00f3lo para la elecci\u00f3n de las ministras y ministros de la Suprema Corte de Justicia de la Naci\u00f3n y magistraturas del Tribunal de Disciplina Judicial, as\u00ed como de la Sala Superior del Tribunal Electoral del Poder Judicial de la Federaci\u00f3n )PJF.<\/p>\n<p>&nbsp;<\/p>\n<p>En sesi\u00f3n extraordinaria aval\u00f3 los Lineamientos y el modelo de operaci\u00f3n para la organizaci\u00f3n del voto anticipado para personas con discapacidad imposibilitadas para asistir a votar, y personas cuidadoras primarias, en el Proceso Electoral Extraordinario para la elecci\u00f3n de diversos cargos del Poder Judicial de la Federaci\u00f3n 2024-2025 y, en su caso, las Elecciones Extraordinarias que de \u00e9ste deriven.<\/p>\n<p>&nbsp;<\/p>\n<p>El Consejero y presidente de la Comisi\u00f3n Temporal del Proceso Electoral Extraordinario para la Elecci\u00f3n de diversos cargos del Poder Judicial de la Federaci\u00f3n, Jorge Monta\u00f1o Ventura, aclar\u00f3 que ante lo in\u00e9dito de este proceso, el voto anticipado s\u00f3lo aplicar\u00e1 para la elecci\u00f3n de las ministras y ministros de la Suprema Corte de Justicia de la Naci\u00f3n y magistraturas del Tribunal de Disciplina Judicial, as\u00ed como de la Sala Superior del Tribunal Electoral del Poder Judicial de la Federaci\u00f3n, que son los \u00fanicos cuyo \u00e1mbito de elecci\u00f3n es en todo el territorio nacional.<\/p>\n<p>&nbsp;<\/p>\n<p>Precis\u00f3 que las boletas tambi\u00e9n ser\u00e1n diferentes, por lo que las persones que opten por esta modalidad de votaci\u00f3n, tambi\u00e9n dispondr\u00e1n de m\u00e1s tiempo para que las analicen, identifiquen la candidatura de su preferencia y marquen o escriban su elecci\u00f3n en el espacio correspondiente.<\/p>\n<p>&nbsp;<\/p>\n<p>El voto anticipado, dijo, tiene como fin garantizar el ejercicio de los derechos pol\u00edticos en cumplimiento con diversas convenciones internacionales que promueven la igualdad y la no discriminaci\u00f3n.<\/p>\n<p>&nbsp;<\/p>\n<p>En los Lineamientos se establece que, en la Jornada Electoral del 1 de junio del 2025, podr\u00e1n participar en el ejercicio del voto anticipado las y los ciudadanos residentes en territorio nacional que por incapacidad f\u00edsica no puedan acudir a inscribirse en las oficinas de la Direcci\u00f3n Ejecutiva del Registro Federal de Electores y que, a m\u00e1s tardar el 10 de febrero, obtengan su Credencial para Votar o bien las personas cuidadoras primarias con registro vigente en la Lista Nominal de Electores.<\/p>\n<p>&nbsp;<\/p>\n<p><strong>Credenciales para Votar 2024 continuar\u00e1n vigentes<\/strong><\/p>\n<p>&nbsp;<\/p>\n<p>En seguida, el pleno aval\u00f3 que las credenciales para votar cuyo \u00faltimo d\u00eda de vigencia es el 31 de diciembre de 2024, contin\u00faen vigentes hasta el d\u00eda de la Jornada Electoral de las elecciones que tengan verificativo el 1 de junio de 2025.<\/p>\n<p>&nbsp;<\/p>\n<p>Debido que la Credencial para Votar con Fotograf\u00eda es un documento indispensable para que las y los ciudadanos puedan ejercer su derecho al voto, el acuerdo atiende el principio propersona en beneficio de las y los ciudadanos que puedan participar en el Proceso Electoral Extraordinario para la Elecci\u00f3n de diversos cargos del Poder Judicial de la Federaci\u00f3n 2024-2025 y de los procesos electorales de los poderes judiciales locales 2024-2025.<\/p>\n<p>&nbsp;<\/p>\n<p>Se establecen plazos y t\u00e9rminos para uso del Padr\u00f3n Electoral<\/p>\n<p>&nbsp;<\/p>\n<p>En otro punto de la sesi\u00f3n extraordinaria, se aprobaron los Lineamientos que establecen los plazos y t\u00e9rminos para el uso del Padr\u00f3n Electoral y las listas nominales de electores para el Proceso Electoral Extraordinario para la Elecci\u00f3n de diversos cargos del Poder Judicial de la Federaci\u00f3n 2024-2025 y de los procesos electorales de los poderes judiciales locales 2024-2025, as\u00ed como de las elecciones extraordinarias que de \u00e9stos deriven<\/p>\n<p>&nbsp;<\/p>\n<p>Algunos de los plazos aprobados, son los siguientes: Las campa\u00f1as de actualizaci\u00f3n del Padr\u00f3n Electoral comprenden del 20 de noviembre de 2024 al 10 de febrero de 2025; el periodo para solicitar la reposici\u00f3n de Credencial para Votar concluir\u00e1 el 28 de febrero de 2025; el periodo para solicitar la reimpresi\u00f3n de la Credencial para Votar se realizar\u00e1 del 1 de marzo al 20 de mayo de 2025; el periodo de inscripci\u00f3n de las y los j\u00f3venes mexicanos que cumplan 18 a\u00f1os de edad antes o, bien, inclusive el d\u00eda de la Jornada Electoral del 1 de junio de 2025, comprende del 20 de noviembre de 2024 al 10 de febrero de 2025.<\/p>\n<p>&nbsp;<\/p>\n<p>En seguida, consejeras y consejeros aprobaron el acuerdo que se\u00f1ala las fechas m\u00e1ximas que permitan contar con viabilidad material y operativa para la realizaci\u00f3n de las actividades a cargo del Instituto Nacional Electoral respecto de las elecciones extraordinarias de los poderes judiciales locales concurrentes con la elecci\u00f3n extraordinaria del Poder Judicial Federal en el a\u00f1o 2025.<\/p>\n<p>&nbsp;<\/p>\n<p>La definici\u00f3n de plazos no s\u00f3lo armoniza y sienta bases de coordinaci\u00f3n entre las autoridades locales y nacionales, sino que, adem\u00e1s prioriza la observancia de los principios de seguridad jur\u00eddica y certeza ante los poderes p\u00fablicos.<\/p>\n<p>&nbsp;<\/p>\n<p>Finalmente, dieron por recibidos el Primer Informe de la Direcci\u00f3n Ejecutiva de Organizaci\u00f3n Electoral sobre el cumplimiento del Plan Integral y Calendario del Proceso Electoral Extraordinario para la elecci\u00f3n de diversos cargos del Poder Judicial de la Federaci\u00f3n 2024-2025 y el\u00a0 Informe sobre las vacantes generadas en los Consejos Locales y su ocupaci\u00f3n, en cumplimiento del Punto Resolutivo Segundo del Acuerdo INE\/CG2240\/2024, para el Proceso Electoral Extraordinario para la elecci\u00f3n de diversos cargos del Poder Judicial de la Federaci\u00f3n 2024-2025.<\/p>\n<p><strong>Fecha de publicaci\u00f3n s\u00e1bado 21 de diciembre de 2024 \/<\/strong><\/p>\n","protected":false},"excerpt":{"rendered":"<p>El Consejo General del Instituto Nacional Electoral (INE) aprob\u00f3 la implementaci\u00f3n del voto anticipado s\u00f3lo&#8230;<\/p>\n","protected":false},"author":1,"featured_media":206365,"comment_status":"open","ping_status":"open","sticky":false,"template":"","format":"standard","meta":{"_monsterinsights_skip_tracking":false,"_monsterinsights_sitenote_active":false,"_monsterinsights_sitenote_note":"","_monsterinsights_sitenote_category":0,"footnotes":""},"categories":[1],"tags":[5339,8019],"class_list":["post"],"yoast_head":" \n<title>Sonora en Equipo. INE aprueba voto anticipado para elecci\u00f3n en PJF<\/title>\n<meta name=\"description\" content=\"El Consejo General del Instituto Nacional Electoral (INE) aprob\u00f3 la implementaci\u00f3n del voto anticipado s\u00f3lo para la elecci\u00f3n de las ministras y ministros En Sonora en Equipo publicamos toda la informaci\u00f3n de Sonora, M\u00e9xico y el Mundo de manera oportuna y busca que la libertad de expresi\u00f3n sea real. Visita nuestro medio informativo publicado desde Hermosillo, Sonora. %\" \/>\n<meta name=\"robots\" content=\"index, follow, max-snippet:-1, max-image-preview:large, max-video-preview:-1\" \/>\n<link rel=\"canonical\" href=\"https:\/\/www.sonoraenequipo.com.mx\/ine-aprueba-voto-anticipado-para-eleccion-en-pjf\/\" \/>\n<meta property=\"og:locale\" content=\"es_ES\" \/>\n<meta property=\"og:type\" content=\"article\" \/>\n<meta property=\"og:title\" content=\"Sonora en Equipo. INE aprueba voto anticipado para elecci\u00f3n en PJF\" \/>\n<meta property=\"og:description\" content=\"El Consejo General del Instituto Nacional Electoral (INE) aprob\u00f3 la implementaci\u00f3n del voto anticipado s\u00f3lo para la elecci\u00f3n de las ministras y ministros En Sonora en Equipo publicamos toda la informaci\u00f3n de Sonora, M\u00e9xico y el Mundo de manera oportuna y busca que la libertad de expresi\u00f3n sea real. Visita nuestro medio informativo publicado desde Hermosillo, Sonora. %\" \/>\n<meta property=\"og:url\" content=\"https:\/\/www.sonoraenequipo.com.mx\/ine-aprueba-voto-anticipado-para-eleccion-en-pjf\/\" \/>\n<meta property=\"og:site_name\" content=\"Sonora en Equipo.\" \/>\n<meta property=\"article:publisher\" content=\"https:\/\/www.facebook.com\/SonoraEE\/\" \/>\n<meta property=\"article:author\" content=\"https:\/\/www.facebook.com\/SonoraEE\" \/>\n<meta property=\"article:published_time\" content=\"2024-12-21T20:17:47+00:00\" \/>\n<meta property=\"og:image\" content=\"https:\/\/www.sonoraenequipo.com.mx\/storage\/2024\/12\/ine-sonora.jpg\" \/>\n\t<meta property=\"og:image:width\" content=\"600\" \/>\n\t<meta property=\"og:image:height\" content=\"400\" \/>\n\t<meta property=\"og:image:type\" content=\"image\/jpeg\" \/>\n<meta name=\"author\" content=\"enequipo\" \/>\n<meta name=\"twitter:card\" content=\"summary_large_image\" \/>\n<meta name=\"twitter:creator\" content=\"@sonoraenequipo\" \/>\n<meta name=\"twitter:site\" content=\"@sonoraenequipo\" \/>\n<meta name=\"twitter:label1\" content=\"Escrito por\" \/>\n\t<meta name=\"twitter:data1\" content=\"enequipo\" \/>\n\t<meta name=\"twitter:label2\" content=\"Tiempo de lectura\" \/>\n\t<meta name=\"twitter:data2\" content=\"5 minutos\" \/>\n<script type=\"application\/ld+json\" class=\"yoast-schema-graph\">{\"@context\":\"https:\/\/schema.org\",\"@graph\":[{\"@type\":\"Article\",\"@id\":\"https:\/\/www.sonoraenequipo.com.mx\/ine-aprueba-voto-anticipado-para-eleccion-en-pjf\/#article\",\"isPartOf\":{\"@id\":\"https:\/\/www.sonoraenequipo.com.mx\/ine-aprueba-voto-anticipado-para-eleccion-en-pjf\/\"},\"author\":{\"name\":\"enequipo\",\"@id\":\"https:\/\/www.sonoraenequipo.com.mx\/#\/schema\/person\/50102df0fb23a8fa9e8effad8fa81386\"},\"headline\":\"INE aprueba voto anticipado para elecci\u00f3n en PJF\",\"datePublished\":\"2024-12-21T20:17:47+00:00\",\"mainEntityOfPage\":{\"@id\":\"https:\/\/www.sonoraenequipo.com.mx\/ine-aprueba-voto-anticipado-para-eleccion-en-pjf\/\"},\"wordCount\":924,\"commentCount\":0,\"publisher\":{\"@id\":\"https:\/\/www.sonoraenequipo.com.mx\/#organization\"},\"image\":{\"@id\":\"https:\/\/www.sonoraenequipo.com.mx\/ine-aprueba-voto-anticipado-para-eleccion-en-pjf\/#primaryimage\"},\"thumbnailUrl\":\"https:\/\/www.sonoraenequipo.com.mx\/storage\/2024\/12\/ine-sonora.jpg\",\"keywords\":[\"eleccion\",\"PJF\"],\"articleSection\":[\"Sin categorizar\"],\"inLanguage\":\"es\",\"potentialAction\":[{\"@type\":\"CommentAction\",\"name\":\"Comment\",\"target\":[\"https:\/\/www.sonoraenequipo.com.mx\/ine-aprueba-voto-anticipado-para-eleccion-en-pjf\/#respond\"]}]},{\"@type\":\"WebPage\",\"@id\":\"https:\/\/www.sonoraenequipo.com.mx\/ine-aprueba-voto-anticipado-para-eleccion-en-pjf\/\",\"url\":\"https:\/\/www.sonoraenequipo.com.mx\/ine-aprueba-voto-anticipado-para-eleccion-en-pjf\/\",\"name\":\"Sonora en Equipo. INE aprueba voto anticipado para elecci\u00f3n en PJF\",\"isPartOf\":{\"@id\":\"https:\/\/www.sonoraenequipo.com.mx\/#website\"},\"primaryImageOfPage\":{\"@id\":\"https:\/\/www.sonoraenequipo.com.mx\/ine-aprueba-voto-anticipado-para-eleccion-en-pjf\/#primaryimage\"},\"image\":{\"@id\":\"https:\/\/www.sonoraenequipo.com.mx\/ine-aprueba-voto-anticipado-para-eleccion-en-pjf\/#primaryimage\"},\"thumbnailUrl\":\"https:\/\/www.sonoraenequipo.com.mx\/storage\/2024\/12\/ine-sonora.jpg\",\"datePublished\":\"2024-12-21T20:17:47+00:00\",\"description\":\"El Consejo General del Instituto Nacional Electoral (INE) aprob\u00f3 la implementaci\u00f3n del voto anticipado s\u00f3lo para la elecci\u00f3n de las ministras y ministros En Sonora en Equipo publicamos toda la informaci\u00f3n de Sonora, M\u00e9xico y el Mundo de manera oportuna y busca que la libertad de expresi\u00f3n sea real. Visita nuestro medio informativo publicado desde Hermosillo, Sonora. %\",\"breadcrumb\":{\"@id\":\"https:\/\/www.sonoraenequipo.com.mx\/ine-aprueba-voto-anticipado-para-eleccion-en-pjf\/#breadcrumb\"},\"inLanguage\":\"es\",\"potentialAction\":[{\"@type\":\"ReadAction\",\"target\":[\"https:\/\/www.sonoraenequipo.com.mx\/ine-aprueba-voto-anticipado-para-eleccion-en-pjf\/\"]}]},{\"@type\":\"ImageObject\",\"inLanguage\":\"es\",\"@id\":\"https:\/\/www.sonoraenequipo.com.mx\/ine-aprueba-voto-anticipado-para-eleccion-en-pjf\/#primaryimage\",\"url\":\"https:\/\/www.sonoraenequipo.com.mx\/storage\/2024\/12\/ine-sonora.jpg\",\"contentUrl\":\"https:\/\/www.sonoraenequipo.com.mx\/storage\/2024\/12\/ine-sonora.jpg\",\"width\":600,\"height\":400},{\"@type\":\"BreadcrumbList\",\"@id\":\"https:\/\/www.sonoraenequipo.com.mx\/ine-aprueba-voto-anticipado-para-eleccion-en-pjf\/#breadcrumb\",\"itemListElement\":[{\"@type\":\"ListItem\",\"position\":1,\"name\":\"Portada\",\"item\":\"https:\/\/www.sonoraenequipo.com.mx\/\"},{\"@type\":\"ListItem\",\"position\":2,\"name\":\"INE aprueba voto anticipado para elecci\u00f3n en PJF\"}]},{\"@type\":\"WebSite\",\"@id\":\"https:\/\/www.sonoraenequipo.com.mx\/#website\",\"url\":\"https:\/\/www.sonoraenequipo.com.mx\/\",\"name\":\"Sonora en Equipo.\",\"description\":\"Diario en l\u00ednea con Noticias desde Hermosillo, Sonora\",\"publisher\":{\"@id\":\"https:\/\/www.sonoraenequipo.com.mx\/#organization\"},\"potentialAction\":[{\"@type\":\"SearchAction\",\"target\":{\"@type\":\"EntryPoint\",\"urlTemplate\":\"https:\/\/www.sonoraenequipo.com.mx\/?s={search_term_string}\"},\"query-input\":{\"@type\":\"PropertyValueSpecification\",\"valueRequired\":true,\"valueName\":\"search_term_string\"}}],\"inLanguage\":\"es\"},{\"@type\":\"Organization\",\"@id\":\"https:\/\/www.sonoraenequipo.com.mx\/#organization\",\"name\":\"Sonoraenequipo.com.mx\",\"url\":\"https:\/\/www.sonoraenequipo.com.mx\/\",\"logo\":{\"@type\":\"ImageObject\",\"inLanguage\":\"es\",\"@id\":\"https:\/\/www.sonoraenequipo.com.mx\/#\/schema\/logo\/image\/\",\"url\":\"https:\/\/www.sonoraenequipo.com.mx\/storage\/2019\/01\/sonoraenequipo_opt.png\",\"contentUrl\":\"https:\/\/www.sonoraenequipo.com.mx\/storage\/2019\/01\/sonoraenequipo_opt.png\",\"width\":375,\"height\":125,\"caption\":\"Sonoraenequipo.com.mx\"},\"image\":{\"@id\":\"https:\/\/www.sonoraenequipo.com.mx\/#\/schema\/logo\/image\/\"},\"sameAs\":[\"https:\/\/www.facebook.com\/SonoraEE\/\",\"https:\/\/x.com\/sonoraenequipo\",\"https:\/\/www.youtube.com\/channel\/UC338nW-lPEYmJQs4ZABQ1SQ\"]},{\"@type\":\"Person\",\"@id\":\"https:\/\/www.sonoraenequipo.com.mx\/#\/schema\/person\/50102df0fb23a8fa9e8effad8fa81386\",\"name\":\"enequipo\",\"image\":{\"@type\":\"ImageObject\",\"inLanguage\":\"es\",\"@id\":\"https:\/\/www.sonoraenequipo.com.mx\/#\/schema\/person\/image\/\",\"url\":\"https:\/\/secure.gravatar.com\/avatar\/049821681b589dabc0bc20695993ccebb09f5b5d4d790cd9251b97faac7c652b?s=96&d=blank&r=g\",\"contentUrl\":\"https:\/\/secure.gravatar.com\/avatar\/049821681b589dabc0bc20695993ccebb09f5b5d4d790cd9251b97faac7c652b?s=96&d=blank&r=g\",\"caption\":\"enequipo\"},\"sameAs\":[\"https:\/\/www.facebook.com\/SonoraEE\"]}]}<\/script>\n ","yoast_head_json":{"title":"Sonora en Equipo. INE aprueba voto anticipado para elecci\u00f3n en PJF","description":"El Consejo General del Instituto Nacional Electoral (INE) aprob\u00f3 la implementaci\u00f3n del voto anticipado s\u00f3lo para la elecci\u00f3n de las ministras y ministros En Sonora en Equipo publicamos toda la informaci\u00f3n de Sonora, M\u00e9xico y el Mundo de manera oportuna y busca que la libertad de expresi\u00f3n sea real. Visita nuestro medio informativo publicado desde Hermosillo, Sonora. %","robots":{"index":"index","follow":"follow","max-snippet":"max-snippet:-1","max-image-preview":"max-image-preview:large","max-video-preview":"max-video-preview:-1"},"canonical":"https:\/\/www.sonoraenequipo.com.mx\/ine-aprueba-voto-anticipado-para-eleccion-en-pjf\/","og_locale":"es_ES","og_type":"article","og_title":"Sonora en Equipo. INE aprueba voto anticipado para elecci\u00f3n en PJF","og_description":"El Consejo General del Instituto Nacional Electoral (INE) aprob\u00f3 la implementaci\u00f3n del voto anticipado s\u00f3lo para la elecci\u00f3n de las ministras y ministros En Sonora en Equipo publicamos toda la informaci\u00f3n de Sonora, M\u00e9xico y el Mundo de manera oportuna y busca que la libertad de expresi\u00f3n sea real. Visita nuestro medio informativo publicado desde Hermosillo, Sonora. %","og_url":"https:\/\/www.sonoraenequipo.com.mx\/ine-aprueba-voto-anticipado-para-eleccion-en-pjf\/","og_site_name":"Sonora en Equipo.","article_publisher":"https:\/\/www.facebook.com\/SonoraEE\/","article_author":"https:\/\/www.facebook.com\/SonoraEE","article_published_time":"2024-12-21T20:17:47+00:00","og_image":[{"width":600,"height":400,"url":"https:\/\/www.sonoraenequipo.com.mx\/storage\/2024\/12\/ine-sonora.jpg","type":"image\/jpeg"}],"author":"enequipo","twitter_card":"summary_large_image","twitter_creator":"@sonoraenequipo","twitter_site":"@sonoraenequipo","twitter_misc":{"Escrito por":"enequipo","Tiempo de lectura":"5 minutos"},"schema":{"@context":"https:\/\/schema.org","@graph":[{"@type":"Article","@id":"https:\/\/www.sonoraenequipo.com.mx\/ine-aprueba-voto-anticipado-para-eleccion-en-pjf\/#article","isPartOf":{"@id":"https:\/\/www.sonoraenequipo.com.mx\/ine-aprueba-voto-anticipado-para-eleccion-en-pjf\/"},"author":{"name":"enequipo","@id":"https:\/\/www.sonoraenequipo.com.mx\/#\/schema\/person\/50102df0fb23a8fa9e8effad8fa81386"},"headline":"INE aprueba voto anticipado para elecci\u00f3n en PJF","datePublished":"2024-12-21T20:17:47+00:00","mainEntityOfPage":{"@id":"https:\/\/www.sonoraenequipo.com.mx\/ine-aprueba-voto-anticipado-para-eleccion-en-pjf\/"},"wordCount":924,"commentCount":0,"publisher":{"@id":"https:\/\/www.sonoraenequipo.com.mx\/#organization"},"image":{"@id":"https:\/\/www.sonoraenequipo.com.mx\/ine-aprueba-voto-anticipado-para-eleccion-en-pjf\/#primaryimage"},"thumbnailUrl":"https:\/\/www.sonoraenequipo.com.mx\/storage\/2024\/12\/ine-sonora.jpg","keywords":["eleccion","PJF"],"articleSection":["Sin categorizar"],"inLanguage":"es","potentialAction":[{"@type":"CommentAction","name":"Comment","target":["https:\/\/www.sonoraenequipo.com.mx\/ine-aprueba-voto-anticipado-para-eleccion-en-pjf\/#respond"]}]},{"@type":"WebPage","@id":"https:\/\/www.sonoraenequipo.com.mx\/ine-aprueba-voto-anticipado-para-eleccion-en-pjf\/","url":"https:\/\/www.sonoraenequipo.com.mx\/ine-aprueba-voto-anticipado-para-eleccion-en-pjf\/","name":"Sonora en Equipo. INE aprueba voto anticipado para elecci\u00f3n en PJF","isPartOf":{"@id":"https:\/\/www.sonoraenequipo.com.mx\/#website"},"primaryImageOfPage":{"@id":"https:\/\/www.sonoraenequipo.com.mx\/ine-aprueba-voto-anticipado-para-eleccion-en-pjf\/#primaryimage"},"image":{"@id":"https:\/\/www.sonoraenequipo.com.mx\/ine-aprueba-voto-anticipado-para-eleccion-en-pjf\/#primaryimage"},"thumbnailUrl":"https:\/\/www.sonoraenequipo.com.mx\/storage\/2024\/12\/ine-sonora.jpg","datePublished":"2024-12-21T20:17:47+00:00","description":"El Consejo General del Instituto Nacional Electoral (INE) aprob\u00f3 la implementaci\u00f3n del voto anticipado s\u00f3lo para la elecci\u00f3n de las ministras y ministros En Sonora en Equipo publicamos toda la informaci\u00f3n de Sonora, M\u00e9xico y el Mundo de manera oportuna y busca que la libertad de expresi\u00f3n sea real. Visita nuestro medio informativo publicado desde Hermosillo, Sonora. %","breadcrumb":{"@id":"https:\/\/www.sonoraenequipo.com.mx\/ine-aprueba-voto-anticipado-para-eleccion-en-pjf\/#breadcrumb"},"inLanguage":"es","potentialAction":[{"@type":"ReadAction","target":["https:\/\/www.sonoraenequipo.com.mx\/ine-aprueba-voto-anticipado-para-eleccion-en-pjf\/"]}]},{"@type":"ImageObject","inLanguage":"es","@id":"https:\/\/www.sonoraenequipo.com.mx\/ine-aprueba-voto-anticipado-para-eleccion-en-pjf\/#primaryimage","url":"https:\/\/www.sonoraenequipo.com.mx\/storage\/2024\/12\/ine-sonora.jpg","contentUrl":"https:\/\/www.sonoraenequipo.com.mx\/storage\/2024\/12\/ine-sonora.jpg","width":600,"height":400},{"@type":"BreadcrumbList","@id":"https:\/\/www.sonoraenequipo.com.mx\/ine-aprueba-voto-anticipado-para-eleccion-en-pjf\/#breadcrumb","itemListElement":[{"@type":"ListItem","position":1,"name":"Portada","item":"https:\/\/www.sonoraenequipo.com.mx\/"},{"@type":"ListItem","position":2,"name":"INE aprueba voto anticipado para elecci\u00f3n en PJF"}]},{"@type":"WebSite","@id":"https:\/\/www.sonoraenequipo.com.mx\/#website","url":"https:\/\/www.sonoraenequipo.com.mx\/","name":"Sonora en Equipo.","description":"Diario en l\u00ednea con Noticias desde Hermosillo, Sonora","publisher":{"@id":"https:\/\/www.sonoraenequipo.com.mx\/#organization"},"potentialAction":[{"@type":"SearchAction","target":{"@type":"EntryPoint","urlTemplate":"https:\/\/www.sonoraenequipo.com.mx\/?s={search_term_string}"},"query-input":{"@type":"PropertyValueSpecification","valueRequired":true,"valueName":"search_term_string"}}],"inLanguage":"es"},{"@type":"Organization","@id":"https:\/\/www.sonoraenequipo.com.mx\/#organization","name":"Sonoraenequipo.com.mx","url":"https:\/\/www.sonoraenequipo.com.mx\/","logo":{"@type":"ImageObject","inLanguage":"es","@id":"https:\/\/www.sonoraenequipo.com.mx\/#\/schema\/logo\/image\/","url":"https:\/\/www.sonoraenequipo.com.mx\/storage\/2019\/01\/sonoraenequipo_opt.png","contentUrl":"https:\/\/www.sonoraenequipo.com.mx\/storage\/2019\/01\/sonoraenequipo_opt.png","width":375,"height":125,"caption":"Sonoraenequipo.com.mx"},"image":{"@id":"https:\/\/www.sonoraenequipo.com.mx\/#\/schema\/logo\/image\/"},"sameAs":["https:\/\/www.facebook.com\/SonoraEE\/","https:\/\/x.com\/sonoraenequipo","https:\/\/www.youtube.com\/channel\/UC338nW-lPEYmJQs4ZABQ1SQ"]},{"@type":"Person","@id":"https:\/\/www.sonoraenequipo.com.mx\/#\/schema\/person\/50102df0fb23a8fa9e8effad8fa81386","name":"enequipo","image":{"@type":"ImageObject","inLanguage":"es","@id":"https:\/\/www.sonoraenequipo.com.mx\/#\/schema\/person\/image\/","url":"https:\/\/secure.gravatar.com\/avatar\/049821681b589dabc0bc20695993ccebb09f5b5d4d790cd9251b97faac7c652b?s=96&d=blank&r=g","contentUrl":"https:\/\/secure.gravatar.com\/avatar\/049821681b589dabc0bc20695993ccebb09f5b5d4d790cd9251b97faac7c652b?s=96&d=blank&r=g","caption":"enequipo"},"sameAs":["https:\/\/www.facebook.com\/SonoraEE"]}]}},"jetpack_featured_media_url":"https:\/\/www.sonoraenequipo.com.mx\/storage\/2024\/12\/ine-sonora.jpg","_links":{"self":[{"href":"https:\/\/www.sonoraenequipo.com.mx\/api\/wp\/v2\/posts\/206585","targetHints":{"allow":["GET"]}}],"collection":[{"href":"https:\/\/www.sonoraenequipo.com.mx\/api\/wp\/v2\/posts"}],"about":[{"href":"https:\/\/www.sonoraenequipo.com.mx\/api\/wp\/v2\/types\/post"}],"author":[{"embeddable":true,"href":"https:\/\/www.sonoraenequipo.com.mx\/api\/wp\/v2\/users\/1"}],"replies":[{"embeddable":true,"href":"https:\/\/www.sonoraenequipo.com.mx\/api\/wp\/v2\/comments?post=206585"}],"version-history":[{"count":1,"href":"https:\/\/www.sonoraenequipo.com.mx\/api\/wp\/v2\/posts\/206585\/revisions"}],"predecessor-version":[{"id":206586,"href":"https:\/\/www.sonoraenequipo.com.mx\/api\/wp\/v2\/posts\/206585\/revisions\/206586"}],"wp:featuredmedia":[{"embeddable":true,"href":"https:\/\/www.sonoraenequipo.com.mx\/api\/wp\/v2\/media\/206365"}],"wp:attachment":[{"href":"https:\/\/www.sonoraenequipo.com.mx\/api\/wp\/v2\/media?parent=206585"}],"wp:term":[{"taxonomy":"category","embeddable":true,"href":"https:\/\/www.sonoraenequipo.com.mx\/api\/wp\/v2\/categories?post=206585"},{"taxonomy":"post_tag","embeddable":true,"href":"https:\/\/www.sonoraenequipo.com.mx\/api\/wp\/v2\/tags?post=206585"}],"curies":[{"name":"wp","href":"https:\/\/api.w.org\/{rel}","templated":true}]}}