{"id":206590,"date":"2024-12-21T14:46:53","date_gmt":"2024-12-21T21:46:53","guid":{"rendered":"https:\/\/www.sonoraenequipo.com.mx\/?p=206590"},"modified":"2024-12-21T14:46:53","modified_gmt":"2024-12-21T21:46:53","slug":"cinco-muertos-y-200-heridos-deja-atropellamiento-masivo-en-alemania","status":"publish","type":"post","link":"https:\/\/www.sonoraenequipo.com.mx\/cinco-muertos-y-200-heridos-deja-atropellamiento-masivo-en-alemania\/","title":{"rendered":"Cinco muertos y 200 heridos deja atropellamiento masivo en Alemania"},"content":{"rendered":"<p>Horst Nopens, fiscal de Magdeburgo, afirm\u00f3 este s\u00e1bado (21.12.2024) que el ataque vivido en Alemania, en un c\u00e9ntrico mercado navide\u00f1o de la ciudad, fue \u00abun atentado\u00bb, aunque sin determinar todav\u00eda si se trat\u00f3 de terrorismo. \u00abHablamos de un atentado, si ha sido un atentado terrorista no lo sabemos todav\u00eda\u00bb, dijo en una rueda de prensa sobre un ataque cuyo \u00faltimo balance, seg\u00fan las autoridades, incluye cinco muertos -cuatro adultos y un ni\u00f1o de nueve a\u00f1os- y 200 heridos -41 de ellos de gravedad.<\/p>\n<p>&nbsp;<\/p>\n<p>El sospechoso del atentado del viernes es un refugiado saudita de 50 a\u00f1os, de familia musulmana chiita, que se declaraba \u00abateo\u00bb y \u00abantiislamista\u00bb. Taleb J., m\u00e9dico de profesi\u00f3n, viv\u00eda en Alemania desde 2006, recibi\u00f3 el estatus de refugiado diez a\u00f1os despu\u00e9s, en 2016, y ejerc\u00eda como psiquiatra en Bernburgo, cerca de Magdeburgo. No se le conoc\u00edan ning\u00fan tipo de simpat\u00edas por movimientos yihadistas. En una entrevista concedida hace unos a\u00f1os al medio alem\u00e1n Frankfurter Rundschau, cont\u00f3 que hab\u00eda sido \u00abamenazado de muerte por apostas\u00eda del islam\u00bb, un argumento esgrimido a menudo por solicitantes de asilo en Europa.<\/p>\n<p>&nbsp;<\/p>\n<p>\u00abTodo nuestro pa\u00eds est\u00e1 de luto con Magdeburgo\u00bb, dijo el canciller, Olaf Scholz en la visita que realiz\u00f3 a la ciudad, que vivi\u00f3 lo que el jefe del Gobierno germano llam\u00f3 crimen \u00abhorrible\u00bb y \u00abbrutal\u00bb en una intervenci\u00f3n en la que le acompa\u00f1\u00f3 Reiner Haseloff, el primer ministro de Sajonia-Anhalt, estado federado donde se encuentra la ciudad atacada la v\u00edspera.Krug, por su parte, defendi\u00f3 ante la prensa que lo ocurrido resultaba imprevisible para las autoridades. \u00abLo ocurrido es algo con lo que no pod\u00edamos contar\u00bb, se\u00f1al\u00f3 al abordar el sistema de seguridad que velaba por la integridad del mercadillo navide\u00f1o, que inclu\u00eda zonas pensadas para evacuar la plaza en la que se encuentran los puestos del mercado que ofrec\u00edan acceso eventual a ambulancias o veh\u00edculos de bomberos, \u00e1reas que aprovech\u00f3 el atacante. El atentado se produjo casi exactamente ocho a\u00f1os despu\u00e9s de un incidente similar en un mercado navide\u00f1o de Berl\u00edn.<\/p>\n<p>El fiscal no entr\u00f3 en detallar los motivos del detenido, que a\u00fan deben ser investigados para saber qu\u00e9 le llev\u00f3 en realidad a realizar ese atropello. Debemos valorar dispositivos de almacenamiento de datos, ordenadores, dispositivos m\u00f3viles y, al final, sabremos o esperamos saber qu\u00e9 le movi\u00f3\u00bb, se\u00f1al\u00f3 Nopens, acompa\u00f1ado por Tom Oliver Langhans, director de la Comisar\u00eda de Polic\u00eda de Magdeburgo, y Ronni Krug, responsable del Ayuntamiento de la ciudad. Langhans explic\u00f3 c\u00f3mo se desarroll\u00f3 el atentado.<\/p>\n<p>&nbsp;<\/p>\n<p><strong>Fecha de publicaci\u00f3n s\u00e1bado 21 de diciembre de 2024 \/KW<\/strong><\/p>\n","protected":false},"excerpt":{"rendered":"<p>Horst Nopens, fiscal de Magdeburgo, afirm\u00f3 este s\u00e1bado (21.12.2024) que el ataque vivido en Alemania,&#8230;<\/p>\n","protected":false},"author":1,"featured_media":206592,"comment_status":"open","ping_status":"open","sticky":false,"template":"","format":"standard","meta":{"_monsterinsights_skip_tracking":false,"_monsterinsights_sitenote_active":false,"_monsterinsights_sitenote_note":"","_monsterinsights_sitenote_category":0,"footnotes":""},"categories":[3],"tags":[156,10661],"class_list":["post"],"yoast_head":" \n<title>Sonora en Equipo. Cinco muertos y 200 heridos deja atropellamiento masivo en Alemania MUNDO<\/title>\n<meta name=\"description\" content=\"Horst Nopens, fiscal de Magdeburgo, afirm\u00f3 este s\u00e1bado (21.12.2024) que el ataque vivido en Alemania, en un c\u00e9ntrico mercado navide\u00f1o de la ciudad, fue En Sonora en Equipo publicamos toda la informaci\u00f3n de Sonora, M\u00e9xico y el Mundo de manera oportuna y busca que la libertad de expresi\u00f3n sea real. Visita nuestro medio informativo publicado desde Hermosillo, Sonora. %\" \/>\n<meta name=\"robots\" content=\"index, follow, max-snippet:-1, max-image-preview:large, max-video-preview:-1\" \/>\n<link rel=\"canonical\" href=\"https:\/\/www.sonoraenequipo.com.mx\/cinco-muertos-y-200-heridos-deja-atropellamiento-masivo-en-alemania\/\" \/>\n<meta property=\"og:locale\" content=\"es_ES\" \/>\n<meta property=\"og:type\" content=\"article\" \/>\n<meta property=\"og:title\" content=\"Sonora en Equipo. Cinco muertos y 200 heridos deja atropellamiento masivo en Alemania MUNDO\" \/>\n<meta property=\"og:description\" content=\"Horst Nopens, fiscal de Magdeburgo, afirm\u00f3 este s\u00e1bado (21.12.2024) que el ataque vivido en Alemania, en un c\u00e9ntrico mercado navide\u00f1o de la ciudad, fue En Sonora en Equipo publicamos toda la informaci\u00f3n de Sonora, M\u00e9xico y el Mundo de manera oportuna y busca que la libertad de expresi\u00f3n sea real. Visita nuestro medio informativo publicado desde Hermosillo, Sonora. %\" \/>\n<meta property=\"og:url\" content=\"https:\/\/www.sonoraenequipo.com.mx\/cinco-muertos-y-200-heridos-deja-atropellamiento-masivo-en-alemania\/\" \/>\n<meta property=\"og:site_name\" content=\"Sonora en Equipo.\" \/>\n<meta property=\"article:publisher\" content=\"https:\/\/www.facebook.com\/SonoraEE\/\" \/>\n<meta property=\"article:author\" content=\"https:\/\/www.facebook.com\/SonoraEE\" \/>\n<meta property=\"article:published_time\" content=\"2024-12-21T21:46:53+00:00\" \/>\n<meta property=\"og:image\" content=\"https:\/\/www.sonoraenequipo.com.mx\/storage\/2024\/12\/auto-alemania.jpg\" \/>\n\t<meta property=\"og:image:width\" content=\"600\" \/>\n\t<meta property=\"og:image:height\" content=\"337\" \/>\n\t<meta property=\"og:image:type\" content=\"image\/jpeg\" \/>\n<meta name=\"author\" content=\"enequipo\" \/>\n<meta name=\"twitter:card\" content=\"summary_large_image\" \/>\n<meta name=\"twitter:creator\" content=\"@sonoraenequipo\" \/>\n<meta name=\"twitter:site\" content=\"@sonoraenequipo\" \/>\n<meta name=\"twitter:label1\" content=\"Escrito por\" \/>\n\t<meta name=\"twitter:data1\" content=\"enequipo\" \/>\n\t<meta name=\"twitter:label2\" content=\"Tiempo de lectura\" \/>\n\t<meta name=\"twitter:data2\" content=\"2 minutos\" \/>\n<script type=\"application\/ld+json\" class=\"yoast-schema-graph\">{\"@context\":\"https:\/\/schema.org\",\"@graph\":[{\"@type\":\"Article\",\"@id\":\"https:\/\/www.sonoraenequipo.com.mx\/cinco-muertos-y-200-heridos-deja-atropellamiento-masivo-en-alemania\/#article\",\"isPartOf\":{\"@id\":\"https:\/\/www.sonoraenequipo.com.mx\/cinco-muertos-y-200-heridos-deja-atropellamiento-masivo-en-alemania\/\"},\"author\":{\"name\":\"enequipo\",\"@id\":\"https:\/\/www.sonoraenequipo.com.mx\/#\/schema\/person\/50102df0fb23a8fa9e8effad8fa81386\"},\"headline\":\"Cinco muertos y 200 heridos deja atropellamiento masivo en Alemania\",\"datePublished\":\"2024-12-21T21:46:53+00:00\",\"mainEntityOfPage\":{\"@id\":\"https:\/\/www.sonoraenequipo.com.mx\/cinco-muertos-y-200-heridos-deja-atropellamiento-masivo-en-alemania\/\"},\"wordCount\":468,\"commentCount\":0,\"publisher\":{\"@id\":\"https:\/\/www.sonoraenequipo.com.mx\/#organization\"},\"image\":{\"@id\":\"https:\/\/www.sonoraenequipo.com.mx\/cinco-muertos-y-200-heridos-deja-atropellamiento-masivo-en-alemania\/#primaryimage\"},\"thumbnailUrl\":\"https:\/\/www.sonoraenequipo.com.mx\/storage\/2024\/12\/auto-alemania.jpg\",\"keywords\":[\"Alemania\",\"magdeburgo\"],\"articleSection\":[\"MUNDO\"],\"inLanguage\":\"es\",\"potentialAction\":[{\"@type\":\"CommentAction\",\"name\":\"Comment\",\"target\":[\"https:\/\/www.sonoraenequipo.com.mx\/cinco-muertos-y-200-heridos-deja-atropellamiento-masivo-en-alemania\/#respond\"]}]},{\"@type\":\"WebPage\",\"@id\":\"https:\/\/www.sonoraenequipo.com.mx\/cinco-muertos-y-200-heridos-deja-atropellamiento-masivo-en-alemania\/\",\"url\":\"https:\/\/www.sonoraenequipo.com.mx\/cinco-muertos-y-200-heridos-deja-atropellamiento-masivo-en-alemania\/\",\"name\":\"Sonora en Equipo. Cinco muertos y 200 heridos deja atropellamiento masivo en Alemania MUNDO\",\"isPartOf\":{\"@id\":\"https:\/\/www.sonoraenequipo.com.mx\/#website\"},\"primaryImageOfPage\":{\"@id\":\"https:\/\/www.sonoraenequipo.com.mx\/cinco-muertos-y-200-heridos-deja-atropellamiento-masivo-en-alemania\/#primaryimage\"},\"image\":{\"@id\":\"https:\/\/www.sonoraenequipo.com.mx\/cinco-muertos-y-200-heridos-deja-atropellamiento-masivo-en-alemania\/#primaryimage\"},\"thumbnailUrl\":\"https:\/\/www.sonoraenequipo.com.mx\/storage\/2024\/12\/auto-alemania.jpg\",\"datePublished\":\"2024-12-21T21:46:53+00:00\",\"description\":\"Horst Nopens, fiscal de Magdeburgo, afirm\u00f3 este s\u00e1bado (21.12.2024) que el ataque vivido en Alemania, en un c\u00e9ntrico mercado navide\u00f1o de la ciudad, fue En Sonora en Equipo publicamos toda la informaci\u00f3n de Sonora, M\u00e9xico y el Mundo de manera oportuna y busca que la libertad de expresi\u00f3n sea real. Visita nuestro medio informativo publicado desde Hermosillo, Sonora. %\",\"breadcrumb\":{\"@id\":\"https:\/\/www.sonoraenequipo.com.mx\/cinco-muertos-y-200-heridos-deja-atropellamiento-masivo-en-alemania\/#breadcrumb\"},\"inLanguage\":\"es\",\"potentialAction\":[{\"@type\":\"ReadAction\",\"target\":[\"https:\/\/www.sonoraenequipo.com.mx\/cinco-muertos-y-200-heridos-deja-atropellamiento-masivo-en-alemania\/\"]}]},{\"@type\":\"ImageObject\",\"inLanguage\":\"es\",\"@id\":\"https:\/\/www.sonoraenequipo.com.mx\/cinco-muertos-y-200-heridos-deja-atropellamiento-masivo-en-alemania\/#primaryimage\",\"url\":\"https:\/\/www.sonoraenequipo.com.mx\/storage\/2024\/12\/auto-alemania.jpg\",\"contentUrl\":\"https:\/\/www.sonoraenequipo.com.mx\/storage\/2024\/12\/auto-alemania.jpg\",\"width\":600,\"height\":337,\"caption\":\"El veh\u00edculo con el que se realiz\u00f3 el atentado, examinado por la polic\u00eda.Imagen: Hendrik Schmidt\/dpa\/picture alliance\"},{\"@type\":\"BreadcrumbList\",\"@id\":\"https:\/\/www.sonoraenequipo.com.mx\/cinco-muertos-y-200-heridos-deja-atropellamiento-masivo-en-alemania\/#breadcrumb\",\"itemListElement\":[{\"@type\":\"ListItem\",\"position\":1,\"name\":\"Portada\",\"item\":\"https:\/\/www.sonoraenequipo.com.mx\/\"},{\"@type\":\"ListItem\",\"position\":2,\"name\":\"Cinco muertos y 200 heridos deja atropellamiento masivo en Alemania\"}]},{\"@type\":\"WebSite\",\"@id\":\"https:\/\/www.sonoraenequipo.com.mx\/#website\",\"url\":\"https:\/\/www.sonoraenequipo.com.mx\/\",\"name\":\"Sonora en Equipo.\",\"description\":\"Diario en l\u00ednea con Noticias desde Hermosillo, Sonora\",\"publisher\":{\"@id\":\"https:\/\/www.sonoraenequipo.com.mx\/#organization\"},\"potentialAction\":[{\"@type\":\"SearchAction\",\"target\":{\"@type\":\"EntryPoint\",\"urlTemplate\":\"https:\/\/www.sonoraenequipo.com.mx\/?s={search_term_string}\"},\"query-input\":{\"@type\":\"PropertyValueSpecification\",\"valueRequired\":true,\"valueName\":\"search_term_string\"}}],\"inLanguage\":\"es\"},{\"@type\":\"Organization\",\"@id\":\"https:\/\/www.sonoraenequipo.com.mx\/#organization\",\"name\":\"Sonoraenequipo.com.mx\",\"url\":\"https:\/\/www.sonoraenequipo.com.mx\/\",\"logo\":{\"@type\":\"ImageObject\",\"inLanguage\":\"es\",\"@id\":\"https:\/\/www.sonoraenequipo.com.mx\/#\/schema\/logo\/image\/\",\"url\":\"https:\/\/www.sonoraenequipo.com.mx\/storage\/2019\/01\/sonoraenequipo_opt.png\",\"contentUrl\":\"https:\/\/www.sonoraenequipo.com.mx\/storage\/2019\/01\/sonoraenequipo_opt.png\",\"width\":375,\"height\":125,\"caption\":\"Sonoraenequipo.com.mx\"},\"image\":{\"@id\":\"https:\/\/www.sonoraenequipo.com.mx\/#\/schema\/logo\/image\/\"},\"sameAs\":[\"https:\/\/www.facebook.com\/SonoraEE\/\",\"https:\/\/x.com\/sonoraenequipo\",\"https:\/\/www.youtube.com\/channel\/UC338nW-lPEYmJQs4ZABQ1SQ\"]},{\"@type\":\"Person\",\"@id\":\"https:\/\/www.sonoraenequipo.com.mx\/#\/schema\/person\/50102df0fb23a8fa9e8effad8fa81386\",\"name\":\"enequipo\",\"image\":{\"@type\":\"ImageObject\",\"inLanguage\":\"es\",\"@id\":\"https:\/\/www.sonoraenequipo.com.mx\/#\/schema\/person\/image\/\",\"url\":\"https:\/\/secure.gravatar.com\/avatar\/049821681b589dabc0bc20695993ccebb09f5b5d4d790cd9251b97faac7c652b?s=96&d=blank&r=g\",\"contentUrl\":\"https:\/\/secure.gravatar.com\/avatar\/049821681b589dabc0bc20695993ccebb09f5b5d4d790cd9251b97faac7c652b?s=96&d=blank&r=g\",\"caption\":\"enequipo\"},\"sameAs\":[\"https:\/\/www.facebook.com\/SonoraEE\"]}]}<\/script>\n ","yoast_head_json":{"title":"Sonora en Equipo. Cinco muertos y 200 heridos deja atropellamiento masivo en Alemania MUNDO","description":"Horst Nopens, fiscal de Magdeburgo, afirm\u00f3 este s\u00e1bado (21.12.2024) que el ataque vivido en Alemania, en un c\u00e9ntrico mercado navide\u00f1o de la ciudad, fue En Sonora en Equipo publicamos toda la informaci\u00f3n de Sonora, M\u00e9xico y el Mundo de manera oportuna y busca que la libertad de expresi\u00f3n sea real. Visita nuestro medio informativo publicado desde Hermosillo, Sonora. %","robots":{"index":"index","follow":"follow","max-snippet":"max-snippet:-1","max-image-preview":"max-image-preview:large","max-video-preview":"max-video-preview:-1"},"canonical":"https:\/\/www.sonoraenequipo.com.mx\/cinco-muertos-y-200-heridos-deja-atropellamiento-masivo-en-alemania\/","og_locale":"es_ES","og_type":"article","og_title":"Sonora en Equipo. Cinco muertos y 200 heridos deja atropellamiento masivo en Alemania MUNDO","og_description":"Horst Nopens, fiscal de Magdeburgo, afirm\u00f3 este s\u00e1bado (21.12.2024) que el ataque vivido en Alemania, en un c\u00e9ntrico mercado navide\u00f1o de la ciudad, fue En Sonora en Equipo publicamos toda la informaci\u00f3n de Sonora, M\u00e9xico y el Mundo de manera oportuna y busca que la libertad de expresi\u00f3n sea real. Visita nuestro medio informativo publicado desde Hermosillo, Sonora. %","og_url":"https:\/\/www.sonoraenequipo.com.mx\/cinco-muertos-y-200-heridos-deja-atropellamiento-masivo-en-alemania\/","og_site_name":"Sonora en Equipo.","article_publisher":"https:\/\/www.facebook.com\/SonoraEE\/","article_author":"https:\/\/www.facebook.com\/SonoraEE","article_published_time":"2024-12-21T21:46:53+00:00","og_image":[{"width":600,"height":337,"url":"https:\/\/www.sonoraenequipo.com.mx\/storage\/2024\/12\/auto-alemania.jpg","type":"image\/jpeg"}],"author":"enequipo","twitter_card":"summary_large_image","twitter_creator":"@sonoraenequipo","twitter_site":"@sonoraenequipo","twitter_misc":{"Escrito por":"enequipo","Tiempo de lectura":"2 minutos"},"schema":{"@context":"https:\/\/schema.org","@graph":[{"@type":"Article","@id":"https:\/\/www.sonoraenequipo.com.mx\/cinco-muertos-y-200-heridos-deja-atropellamiento-masivo-en-alemania\/#article","isPartOf":{"@id":"https:\/\/www.sonoraenequipo.com.mx\/cinco-muertos-y-200-heridos-deja-atropellamiento-masivo-en-alemania\/"},"author":{"name":"enequipo","@id":"https:\/\/www.sonoraenequipo.com.mx\/#\/schema\/person\/50102df0fb23a8fa9e8effad8fa81386"},"headline":"Cinco muertos y 200 heridos deja atropellamiento masivo en Alemania","datePublished":"2024-12-21T21:46:53+00:00","mainEntityOfPage":{"@id":"https:\/\/www.sonoraenequipo.com.mx\/cinco-muertos-y-200-heridos-deja-atropellamiento-masivo-en-alemania\/"},"wordCount":468,"commentCount":0,"publisher":{"@id":"https:\/\/www.sonoraenequipo.com.mx\/#organization"},"image":{"@id":"https:\/\/www.sonoraenequipo.com.mx\/cinco-muertos-y-200-heridos-deja-atropellamiento-masivo-en-alemania\/#primaryimage"},"thumbnailUrl":"https:\/\/www.sonoraenequipo.com.mx\/storage\/2024\/12\/auto-alemania.jpg","keywords":["Alemania","magdeburgo"],"articleSection":["MUNDO"],"inLanguage":"es","potentialAction":[{"@type":"CommentAction","name":"Comment","target":["https:\/\/www.sonoraenequipo.com.mx\/cinco-muertos-y-200-heridos-deja-atropellamiento-masivo-en-alemania\/#respond"]}]},{"@type":"WebPage","@id":"https:\/\/www.sonoraenequipo.com.mx\/cinco-muertos-y-200-heridos-deja-atropellamiento-masivo-en-alemania\/","url":"https:\/\/www.sonoraenequipo.com.mx\/cinco-muertos-y-200-heridos-deja-atropellamiento-masivo-en-alemania\/","name":"Sonora en Equipo. Cinco muertos y 200 heridos deja atropellamiento masivo en Alemania MUNDO","isPartOf":{"@id":"https:\/\/www.sonoraenequipo.com.mx\/#website"},"primaryImageOfPage":{"@id":"https:\/\/www.sonoraenequipo.com.mx\/cinco-muertos-y-200-heridos-deja-atropellamiento-masivo-en-alemania\/#primaryimage"},"image":{"@id":"https:\/\/www.sonoraenequipo.com.mx\/cinco-muertos-y-200-heridos-deja-atropellamiento-masivo-en-alemania\/#primaryimage"},"thumbnailUrl":"https:\/\/www.sonoraenequipo.com.mx\/storage\/2024\/12\/auto-alemania.jpg","datePublished":"2024-12-21T21:46:53+00:00","description":"Horst Nopens, fiscal de Magdeburgo, afirm\u00f3 este s\u00e1bado (21.12.2024) que el ataque vivido en Alemania, en un c\u00e9ntrico mercado navide\u00f1o de la ciudad, fue En Sonora en Equipo publicamos toda la informaci\u00f3n de Sonora, M\u00e9xico y el Mundo de manera oportuna y busca que la libertad de expresi\u00f3n sea real. Visita nuestro medio informativo publicado desde Hermosillo, Sonora. %","breadcrumb":{"@id":"https:\/\/www.sonoraenequipo.com.mx\/cinco-muertos-y-200-heridos-deja-atropellamiento-masivo-en-alemania\/#breadcrumb"},"inLanguage":"es","potentialAction":[{"@type":"ReadAction","target":["https:\/\/www.sonoraenequipo.com.mx\/cinco-muertos-y-200-heridos-deja-atropellamiento-masivo-en-alemania\/"]}]},{"@type":"ImageObject","inLanguage":"es","@id":"https:\/\/www.sonoraenequipo.com.mx\/cinco-muertos-y-200-heridos-deja-atropellamiento-masivo-en-alemania\/#primaryimage","url":"https:\/\/www.sonoraenequipo.com.mx\/storage\/2024\/12\/auto-alemania.jpg","contentUrl":"https:\/\/www.sonoraenequipo.com.mx\/storage\/2024\/12\/auto-alemania.jpg","width":600,"height":337,"caption":"El veh\u00edculo con el que se realiz\u00f3 el atentado, examinado por la polic\u00eda.Imagen: Hendrik Schmidt\/dpa\/picture alliance"},{"@type":"BreadcrumbList","@id":"https:\/\/www.sonoraenequipo.com.mx\/cinco-muertos-y-200-heridos-deja-atropellamiento-masivo-en-alemania\/#breadcrumb","itemListElement":[{"@type":"ListItem","position":1,"name":"Portada","item":"https:\/\/www.sonoraenequipo.com.mx\/"},{"@type":"ListItem","position":2,"name":"Cinco muertos y 200 heridos deja atropellamiento masivo en Alemania"}]},{"@type":"WebSite","@id":"https:\/\/www.sonoraenequipo.com.mx\/#website","url":"https:\/\/www.sonoraenequipo.com.mx\/","name":"Sonora en Equipo.","description":"Diario en l\u00ednea con Noticias desde Hermosillo, Sonora","publisher":{"@id":"https:\/\/www.sonoraenequipo.com.mx\/#organization"},"potentialAction":[{"@type":"SearchAction","target":{"@type":"EntryPoint","urlTemplate":"https:\/\/www.sonoraenequipo.com.mx\/?s={search_term_string}"},"query-input":{"@type":"PropertyValueSpecification","valueRequired":true,"valueName":"search_term_string"}}],"inLanguage":"es"},{"@type":"Organization","@id":"https:\/\/www.sonoraenequipo.com.mx\/#organization","name":"Sonoraenequipo.com.mx","url":"https:\/\/www.sonoraenequipo.com.mx\/","logo":{"@type":"ImageObject","inLanguage":"es","@id":"https:\/\/www.sonoraenequipo.com.mx\/#\/schema\/logo\/image\/","url":"https:\/\/www.sonoraenequipo.com.mx\/storage\/2019\/01\/sonoraenequipo_opt.png","contentUrl":"https:\/\/www.sonoraenequipo.com.mx\/storage\/2019\/01\/sonoraenequipo_opt.png","width":375,"height":125,"caption":"Sonoraenequipo.com.mx"},"image":{"@id":"https:\/\/www.sonoraenequipo.com.mx\/#\/schema\/logo\/image\/"},"sameAs":["https:\/\/www.facebook.com\/SonoraEE\/","https:\/\/x.com\/sonoraenequipo","https:\/\/www.youtube.com\/channel\/UC338nW-lPEYmJQs4ZABQ1SQ"]},{"@type":"Person","@id":"https:\/\/www.sonoraenequipo.com.mx\/#\/schema\/person\/50102df0fb23a8fa9e8effad8fa81386","name":"enequipo","image":{"@type":"ImageObject","inLanguage":"es","@id":"https:\/\/www.sonoraenequipo.com.mx\/#\/schema\/person\/image\/","url":"https:\/\/secure.gravatar.com\/avatar\/049821681b589dabc0bc20695993ccebb09f5b5d4d790cd9251b97faac7c652b?s=96&d=blank&r=g","contentUrl":"https:\/\/secure.gravatar.com\/avatar\/049821681b589dabc0bc20695993ccebb09f5b5d4d790cd9251b97faac7c652b?s=96&d=blank&r=g","caption":"enequipo"},"sameAs":["https:\/\/www.facebook.com\/SonoraEE"]}]}},"jetpack_featured_media_url":"https:\/\/www.sonoraenequipo.com.mx\/storage\/2024\/12\/auto-alemania.jpg","_links":{"self":[{"href":"https:\/\/www.sonoraenequipo.com.mx\/api\/wp\/v2\/posts\/206590","targetHints":{"allow":["GET"]}}],"collection":[{"href":"https:\/\/www.sonoraenequipo.com.mx\/api\/wp\/v2\/posts"}],"about":[{"href":"https:\/\/www.sonoraenequipo.com.mx\/api\/wp\/v2\/types\/post"}],"author":[{"embeddable":true,"href":"https:\/\/www.sonoraenequipo.com.mx\/api\/wp\/v2\/users\/1"}],"replies":[{"embeddable":true,"href":"https:\/\/www.sonoraenequipo.com.mx\/api\/wp\/v2\/comments?post=206590"}],"version-history":[{"count":2,"href":"https:\/\/www.sonoraenequipo.com.mx\/api\/wp\/v2\/posts\/206590\/revisions"}],"predecessor-version":[{"id":206594,"href":"https:\/\/www.sonoraenequipo.com.mx\/api\/wp\/v2\/posts\/206590\/revisions\/206594"}],"wp:featuredmedia":[{"embeddable":true,"href":"https:\/\/www.sonoraenequipo.com.mx\/api\/wp\/v2\/media\/206592"}],"wp:attachment":[{"href":"https:\/\/www.sonoraenequipo.com.mx\/api\/wp\/v2\/media?parent=206590"}],"wp:term":[{"taxonomy":"category","embeddable":true,"href":"https:\/\/www.sonoraenequipo.com.mx\/api\/wp\/v2\/categories?post=206590"},{"taxonomy":"post_tag","embeddable":true,"href":"https:\/\/www.sonoraenequipo.com.mx\/api\/wp\/v2\/tags?post=206590"}],"curies":[{"name":"wp","href":"https:\/\/api.w.org\/{rel}","templated":true}]}}