{"id":206595,"date":"2024-12-21T15:24:16","date_gmt":"2024-12-21T22:24:16","guid":{"rendered":"https:\/\/www.sonoraenequipo.com.mx\/?p=206595"},"modified":"2024-12-21T15:24:17","modified_gmt":"2024-12-21T22:24:17","slug":"vaticano-inicia-beatificacion-de-balduino-rey-belga-que-abdico-para-no-firmar-ley-pro-aborto","status":"publish","type":"post","link":"https:\/\/www.sonoraenequipo.com.mx\/vaticano-inicia-beatificacion-de-balduino-rey-belga-que-abdico-para-no-firmar-ley-pro-aborto\/","title":{"rendered":"Vaticano inicia beatificaci\u00f3n de Balduino, rey belga que abdic\u00f3 para no firmar ley pro aborto"},"content":{"rendered":"<figure id=\"attachment_206598\" aria-describedby=\"caption-attachment-206598\" style=\"width: 600px\" class=\"wp-caption x-none\"><a href=\"https:\/\/www.sonoraenequipo.com.mx\/vaticano-inicia-beatificacion-de-balduino-rey-belga-que-abdico-para-no-firmar-ley-pro-aborto\/balduino-3\/\" rel=\"attachment \"><img loading=\"lazy\" decoding=\"async\" class=\"size-full \" src=\"https:\/\/www.sonoraenequipo.com.mx\/storage\/2024\/12\/balduino-2.jpg\" alt=\"\" width=\"600\" height=\"420\" \/><\/a><figcaption id=\"caption-attachment-206598\" class=\"wp-caption-text\">Rey Balduino de B\u00e9lgica, con su esposa Fabiola de Mora y Arag\u00f3n<\/figcaption><\/figure>\n<p>El Vaticano ha iniciado oficialmente el proceso de beatificaci\u00f3n y canonizaci\u00f3n de Balduino, el quinto rey de los belgas, recordado por haber preferido abdicar al trono antes que firmar la legalizaci\u00f3n del aborto en su pa\u00eds.<\/p>\n<p>&nbsp;<\/p>\n<p>En un comunicado emitido el 21 de diciembre, el Vaticano inform\u00f3 que el Dicasterio para las Causas de los Santos ha comenzado el proceso siguiendo los procedimientos habituales. \u201cEn cumplimiento de lo dispuesto, el Dicasterio ha comenzado el proceso previsto, constituyendo el 17 de diciembre de 2024 la Comisi\u00f3n hist\u00f3rica regular\u201d.<\/p>\n<p>\u201cEsta comisi\u00f3n est\u00e1 integrada por distinguidos expertos en investigaci\u00f3n archiv\u00edstica y en la historia de B\u00e9lgica, con el objetivo de recopilar y evaluar la documentaci\u00f3n relativa al Rey Balduino\u201d, a\u00f1ade el comunicado.<\/p>\n<p>&nbsp;<\/p>\n<p>El Papa Francisco hab\u00eda anunciado la decisi\u00f3n de iniciar este proceso durante su visita a B\u00e9lgica en septiembre de este a\u00f1o.<\/p>\n<p>&nbsp;<\/p>\n<p>El reinado de Balduino dur\u00f3 m\u00e1s de 40 a\u00f1os (1951-1993), fue testigo de una B\u00e9lgica transformada por el secularismo y la agitaci\u00f3n social. A pesar de los desaf\u00edos, Balduino se destac\u00f3 por su firme fe cat\u00f3lica y su compromiso con el servicio p\u00fablico.<\/p>\n<p>&nbsp;<\/p>\n<p>En 1960, se cas\u00f3 con la princesa Fabiola de Mora y Arag\u00f3n, una devota cat\u00f3lica como \u00e9l. Aunque el matrimonio no tuvo hijos debido a los repetidos abortos espont\u00e1neos de Fabiola, la pareja encontr\u00f3 consuelo y fortaleza en su fe, asistiendo diariamente a la Eucarist\u00eda y promoviendo activamente el movimiento carism\u00e1tico cat\u00f3lico.<\/p>\n<p>El 3 de abril de 1990, el rey Balduino se neg\u00f3 a firmar una ley que despenalizaba el aborto en B\u00e9lgica, y por ello fue destituido del trono con su consentimiento. Sin embargo, debido a su enorme popularidad, el Parlamento le devolvi\u00f3 la corona tan solo 36 horas despu\u00e9s, el 5 de abril.<\/p>\n<p>&nbsp;<\/p>\n<p>Balduino falleci\u00f3 el 31 de julio de 1993 a los 63 a\u00f1os. Fue recordado como un l\u00edder humilde y un defensor de los m\u00e1s vulnerables, especialmente los ni\u00f1os por nacer. San Juan Pablo II destac\u00f3 su ejemplo como un \u201cgran promotor de los derechos de la conciencia humana\u201d y del respeto a la vida.<\/p>\n<p>&nbsp;<\/p>\n<p>El proceso de beatificaci\u00f3n, que comienza ahora formalmente, requiere una rigurosa investigaci\u00f3n sobre su vida, virtudes y posibles milagros atribuidos a su intercesi\u00f3n. La Comisi\u00f3n hist\u00f3rica tendr\u00e1 un papel clave en esta etapa inicial. Seg\u00fan el Dicasterio, la comisi\u00f3n estar\u00e1 compuesta por \u201cilustres expertos\u201d que trabajar\u00e1n para garantizar que toda la documentaci\u00f3n relevante sea analizada rigurosamente.<\/p>\n<p><strong>Fecha de publicaci\u00f3n s\u00e1bado 21 de diciembre de 2024 \/Por Diego L\u00f3pez Marina ACI Prensa<\/strong><\/p>\n","protected":false},"excerpt":{"rendered":"<p>El Vaticano ha iniciado oficialmente el proceso de beatificaci\u00f3n y canonizaci\u00f3n de Balduino, el quinto&#8230;<\/p>\n","protected":false},"author":1,"featured_media":206599,"comment_status":"open","ping_status":"open","sticky":false,"template":"","format":"standard","meta":{"_monsterinsights_skip_tracking":false,"_monsterinsights_sitenote_active":false,"_monsterinsights_sitenote_note":"","_monsterinsights_sitenote_category":0,"footnotes":""},"categories":[9],"tags":[10662,9803],"class_list":["post"],"yoast_head":" \n<title>Sonora en Equipo. Vaticano inicia beatificaci\u00f3n de Balduino, rey belga que abdic\u00f3 para no firmar ley pro aborto Etc\u00e9tera<\/title>\n<meta name=\"description\" content=\"El Vaticano ha iniciado oficialmente el proceso de beatificaci\u00f3n y canonizaci\u00f3n de Balduino, el quinto rey de los belgas, recordado por haber preferido En Sonora en Equipo publicamos toda la informaci\u00f3n de Sonora, M\u00e9xico y el Mundo de manera oportuna y busca que la libertad de expresi\u00f3n sea real. Visita nuestro medio informativo publicado desde Hermosillo, Sonora. %\" \/>\n<meta name=\"robots\" content=\"index, follow, max-snippet:-1, max-image-preview:large, max-video-preview:-1\" \/>\n<link rel=\"canonical\" href=\"https:\/\/www.sonoraenequipo.com.mx\/vaticano-inicia-beatificacion-de-balduino-rey-belga-que-abdico-para-no-firmar-ley-pro-aborto\/\" \/>\n<meta property=\"og:locale\" content=\"es_ES\" \/>\n<meta property=\"og:type\" content=\"article\" \/>\n<meta property=\"og:title\" content=\"Sonora en Equipo. Vaticano inicia beatificaci\u00f3n de Balduino, rey belga que abdic\u00f3 para no firmar ley pro aborto Etc\u00e9tera\" \/>\n<meta property=\"og:description\" content=\"El Vaticano ha iniciado oficialmente el proceso de beatificaci\u00f3n y canonizaci\u00f3n de Balduino, el quinto rey de los belgas, recordado por haber preferido En Sonora en Equipo publicamos toda la informaci\u00f3n de Sonora, M\u00e9xico y el Mundo de manera oportuna y busca que la libertad de expresi\u00f3n sea real. Visita nuestro medio informativo publicado desde Hermosillo, Sonora. %\" \/>\n<meta property=\"og:url\" content=\"https:\/\/www.sonoraenequipo.com.mx\/vaticano-inicia-beatificacion-de-balduino-rey-belga-que-abdico-para-no-firmar-ley-pro-aborto\/\" \/>\n<meta property=\"og:site_name\" content=\"Sonora en Equipo.\" \/>\n<meta property=\"article:publisher\" content=\"https:\/\/www.facebook.com\/SonoraEE\/\" \/>\n<meta property=\"article:author\" content=\"https:\/\/www.facebook.com\/SonoraEE\" \/>\n<meta property=\"article:published_time\" content=\"2024-12-21T22:24:16+00:00\" \/>\n<meta property=\"article:modified_time\" content=\"2024-12-21T22:24:17+00:00\" \/>\n<meta property=\"og:image\" content=\"https:\/\/www.sonoraenequipo.com.mx\/storage\/2024\/12\/balduino-3.jpg\" \/>\n\t<meta property=\"og:image:width\" content=\"600\" \/>\n\t<meta property=\"og:image:height\" content=\"420\" \/>\n\t<meta property=\"og:image:type\" content=\"image\/jpeg\" \/>\n<meta name=\"author\" content=\"enequipo\" \/>\n<meta name=\"twitter:card\" content=\"summary_large_image\" \/>\n<meta name=\"twitter:creator\" content=\"@sonoraenequipo\" \/>\n<meta name=\"twitter:site\" content=\"@sonoraenequipo\" \/>\n<meta name=\"twitter:label1\" content=\"Escrito por\" \/>\n\t<meta name=\"twitter:data1\" content=\"enequipo\" \/>\n\t<meta name=\"twitter:label2\" content=\"Tiempo de lectura\" \/>\n\t<meta name=\"twitter:data2\" content=\"2 minutos\" \/>\n<script type=\"application\/ld+json\" class=\"yoast-schema-graph\">{\"@context\":\"https:\/\/schema.org\",\"@graph\":[{\"@type\":\"Article\",\"@id\":\"https:\/\/www.sonoraenequipo.com.mx\/vaticano-inicia-beatificacion-de-balduino-rey-belga-que-abdico-para-no-firmar-ley-pro-aborto\/#article\",\"isPartOf\":{\"@id\":\"https:\/\/www.sonoraenequipo.com.mx\/vaticano-inicia-beatificacion-de-balduino-rey-belga-que-abdico-para-no-firmar-ley-pro-aborto\/\"},\"author\":{\"name\":\"enequipo\",\"@id\":\"https:\/\/www.sonoraenequipo.com.mx\/#\/schema\/person\/50102df0fb23a8fa9e8effad8fa81386\"},\"headline\":\"Vaticano inicia beatificaci\u00f3n de Balduino, rey belga que abdic\u00f3 para no firmar ley pro aborto\",\"datePublished\":\"2024-12-21T22:24:16+00:00\",\"dateModified\":\"2024-12-21T22:24:17+00:00\",\"mainEntityOfPage\":{\"@id\":\"https:\/\/www.sonoraenequipo.com.mx\/vaticano-inicia-beatificacion-de-balduino-rey-belga-que-abdico-para-no-firmar-ley-pro-aborto\/\"},\"wordCount\":489,\"commentCount\":0,\"publisher\":{\"@id\":\"https:\/\/www.sonoraenequipo.com.mx\/#organization\"},\"image\":{\"@id\":\"https:\/\/www.sonoraenequipo.com.mx\/vaticano-inicia-beatificacion-de-balduino-rey-belga-que-abdico-para-no-firmar-ley-pro-aborto\/#primaryimage\"},\"thumbnailUrl\":\"https:\/\/www.sonoraenequipo.com.mx\/storage\/2024\/12\/balduino-3.jpg\",\"keywords\":[\"balduino\",\"belgica\"],\"articleSection\":[\"Etc\u00e9tera\"],\"inLanguage\":\"es\",\"potentialAction\":[{\"@type\":\"CommentAction\",\"name\":\"Comment\",\"target\":[\"https:\/\/www.sonoraenequipo.com.mx\/vaticano-inicia-beatificacion-de-balduino-rey-belga-que-abdico-para-no-firmar-ley-pro-aborto\/#respond\"]}]},{\"@type\":\"WebPage\",\"@id\":\"https:\/\/www.sonoraenequipo.com.mx\/vaticano-inicia-beatificacion-de-balduino-rey-belga-que-abdico-para-no-firmar-ley-pro-aborto\/\",\"url\":\"https:\/\/www.sonoraenequipo.com.mx\/vaticano-inicia-beatificacion-de-balduino-rey-belga-que-abdico-para-no-firmar-ley-pro-aborto\/\",\"name\":\"Sonora en Equipo. Vaticano inicia beatificaci\u00f3n de Balduino, rey belga que abdic\u00f3 para no firmar ley pro aborto Etc\u00e9tera\",\"isPartOf\":{\"@id\":\"https:\/\/www.sonoraenequipo.com.mx\/#website\"},\"primaryImageOfPage\":{\"@id\":\"https:\/\/www.sonoraenequipo.com.mx\/vaticano-inicia-beatificacion-de-balduino-rey-belga-que-abdico-para-no-firmar-ley-pro-aborto\/#primaryimage\"},\"image\":{\"@id\":\"https:\/\/www.sonoraenequipo.com.mx\/vaticano-inicia-beatificacion-de-balduino-rey-belga-que-abdico-para-no-firmar-ley-pro-aborto\/#primaryimage\"},\"thumbnailUrl\":\"https:\/\/www.sonoraenequipo.com.mx\/storage\/2024\/12\/balduino-3.jpg\",\"datePublished\":\"2024-12-21T22:24:16+00:00\",\"dateModified\":\"2024-12-21T22:24:17+00:00\",\"description\":\"El Vaticano ha iniciado oficialmente el proceso de beatificaci\u00f3n y canonizaci\u00f3n de Balduino, el quinto rey de los belgas, recordado por haber preferido En Sonora en Equipo publicamos toda la informaci\u00f3n de Sonora, M\u00e9xico y el Mundo de manera oportuna y busca que la libertad de expresi\u00f3n sea real. Visita nuestro medio informativo publicado desde Hermosillo, Sonora. %\",\"breadcrumb\":{\"@id\":\"https:\/\/www.sonoraenequipo.com.mx\/vaticano-inicia-beatificacion-de-balduino-rey-belga-que-abdico-para-no-firmar-ley-pro-aborto\/#breadcrumb\"},\"inLanguage\":\"es\",\"potentialAction\":[{\"@type\":\"ReadAction\",\"target\":[\"https:\/\/www.sonoraenequipo.com.mx\/vaticano-inicia-beatificacion-de-balduino-rey-belga-que-abdico-para-no-firmar-ley-pro-aborto\/\"]}]},{\"@type\":\"ImageObject\",\"inLanguage\":\"es\",\"@id\":\"https:\/\/www.sonoraenequipo.com.mx\/vaticano-inicia-beatificacion-de-balduino-rey-belga-que-abdico-para-no-firmar-ley-pro-aborto\/#primaryimage\",\"url\":\"https:\/\/www.sonoraenequipo.com.mx\/storage\/2024\/12\/balduino-3.jpg\",\"contentUrl\":\"https:\/\/www.sonoraenequipo.com.mx\/storage\/2024\/12\/balduino-3.jpg\",\"width\":600,\"height\":420},{\"@type\":\"BreadcrumbList\",\"@id\":\"https:\/\/www.sonoraenequipo.com.mx\/vaticano-inicia-beatificacion-de-balduino-rey-belga-que-abdico-para-no-firmar-ley-pro-aborto\/#breadcrumb\",\"itemListElement\":[{\"@type\":\"ListItem\",\"position\":1,\"name\":\"Portada\",\"item\":\"https:\/\/www.sonoraenequipo.com.mx\/\"},{\"@type\":\"ListItem\",\"position\":2,\"name\":\"Vaticano inicia beatificaci\u00f3n de Balduino, rey belga que abdic\u00f3 para no firmar ley pro aborto\"}]},{\"@type\":\"WebSite\",\"@id\":\"https:\/\/www.sonoraenequipo.com.mx\/#website\",\"url\":\"https:\/\/www.sonoraenequipo.com.mx\/\",\"name\":\"Sonora en Equipo.\",\"description\":\"Diario en l\u00ednea con Noticias desde Hermosillo, Sonora\",\"publisher\":{\"@id\":\"https:\/\/www.sonoraenequipo.com.mx\/#organization\"},\"potentialAction\":[{\"@type\":\"SearchAction\",\"target\":{\"@type\":\"EntryPoint\",\"urlTemplate\":\"https:\/\/www.sonoraenequipo.com.mx\/?s={search_term_string}\"},\"query-input\":{\"@type\":\"PropertyValueSpecification\",\"valueRequired\":true,\"valueName\":\"search_term_string\"}}],\"inLanguage\":\"es\"},{\"@type\":\"Organization\",\"@id\":\"https:\/\/www.sonoraenequipo.com.mx\/#organization\",\"name\":\"Sonoraenequipo.com.mx\",\"url\":\"https:\/\/www.sonoraenequipo.com.mx\/\",\"logo\":{\"@type\":\"ImageObject\",\"inLanguage\":\"es\",\"@id\":\"https:\/\/www.sonoraenequipo.com.mx\/#\/schema\/logo\/image\/\",\"url\":\"https:\/\/www.sonoraenequipo.com.mx\/storage\/2019\/01\/sonoraenequipo_opt.png\",\"contentUrl\":\"https:\/\/www.sonoraenequipo.com.mx\/storage\/2019\/01\/sonoraenequipo_opt.png\",\"width\":375,\"height\":125,\"caption\":\"Sonoraenequipo.com.mx\"},\"image\":{\"@id\":\"https:\/\/www.sonoraenequipo.com.mx\/#\/schema\/logo\/image\/\"},\"sameAs\":[\"https:\/\/www.facebook.com\/SonoraEE\/\",\"https:\/\/x.com\/sonoraenequipo\",\"https:\/\/www.youtube.com\/channel\/UC338nW-lPEYmJQs4ZABQ1SQ\"]},{\"@type\":\"Person\",\"@id\":\"https:\/\/www.sonoraenequipo.com.mx\/#\/schema\/person\/50102df0fb23a8fa9e8effad8fa81386\",\"name\":\"enequipo\",\"image\":{\"@type\":\"ImageObject\",\"inLanguage\":\"es\",\"@id\":\"https:\/\/www.sonoraenequipo.com.mx\/#\/schema\/person\/image\/\",\"url\":\"https:\/\/secure.gravatar.com\/avatar\/049821681b589dabc0bc20695993ccebb09f5b5d4d790cd9251b97faac7c652b?s=96&d=blank&r=g\",\"contentUrl\":\"https:\/\/secure.gravatar.com\/avatar\/049821681b589dabc0bc20695993ccebb09f5b5d4d790cd9251b97faac7c652b?s=96&d=blank&r=g\",\"caption\":\"enequipo\"},\"sameAs\":[\"https:\/\/www.facebook.com\/SonoraEE\"]}]}<\/script>\n ","yoast_head_json":{"title":"Sonora en Equipo. Vaticano inicia beatificaci\u00f3n de Balduino, rey belga que abdic\u00f3 para no firmar ley pro aborto Etc\u00e9tera","description":"El Vaticano ha iniciado oficialmente el proceso de beatificaci\u00f3n y canonizaci\u00f3n de Balduino, el quinto rey de los belgas, recordado por haber preferido En Sonora en Equipo publicamos toda la informaci\u00f3n de Sonora, M\u00e9xico y el Mundo de manera oportuna y busca que la libertad de expresi\u00f3n sea real. Visita nuestro medio informativo publicado desde Hermosillo, Sonora. %","robots":{"index":"index","follow":"follow","max-snippet":"max-snippet:-1","max-image-preview":"max-image-preview:large","max-video-preview":"max-video-preview:-1"},"canonical":"https:\/\/www.sonoraenequipo.com.mx\/vaticano-inicia-beatificacion-de-balduino-rey-belga-que-abdico-para-no-firmar-ley-pro-aborto\/","og_locale":"es_ES","og_type":"article","og_title":"Sonora en Equipo. Vaticano inicia beatificaci\u00f3n de Balduino, rey belga que abdic\u00f3 para no firmar ley pro aborto Etc\u00e9tera","og_description":"El Vaticano ha iniciado oficialmente el proceso de beatificaci\u00f3n y canonizaci\u00f3n de Balduino, el quinto rey de los belgas, recordado por haber preferido En Sonora en Equipo publicamos toda la informaci\u00f3n de Sonora, M\u00e9xico y el Mundo de manera oportuna y busca que la libertad de expresi\u00f3n sea real. Visita nuestro medio informativo publicado desde Hermosillo, Sonora. %","og_url":"https:\/\/www.sonoraenequipo.com.mx\/vaticano-inicia-beatificacion-de-balduino-rey-belga-que-abdico-para-no-firmar-ley-pro-aborto\/","og_site_name":"Sonora en Equipo.","article_publisher":"https:\/\/www.facebook.com\/SonoraEE\/","article_author":"https:\/\/www.facebook.com\/SonoraEE","article_published_time":"2024-12-21T22:24:16+00:00","article_modified_time":"2024-12-21T22:24:17+00:00","og_image":[{"width":600,"height":420,"url":"https:\/\/www.sonoraenequipo.com.mx\/storage\/2024\/12\/balduino-3.jpg","type":"image\/jpeg"}],"author":"enequipo","twitter_card":"summary_large_image","twitter_creator":"@sonoraenequipo","twitter_site":"@sonoraenequipo","twitter_misc":{"Escrito por":"enequipo","Tiempo de lectura":"2 minutos"},"schema":{"@context":"https:\/\/schema.org","@graph":[{"@type":"Article","@id":"https:\/\/www.sonoraenequipo.com.mx\/vaticano-inicia-beatificacion-de-balduino-rey-belga-que-abdico-para-no-firmar-ley-pro-aborto\/#article","isPartOf":{"@id":"https:\/\/www.sonoraenequipo.com.mx\/vaticano-inicia-beatificacion-de-balduino-rey-belga-que-abdico-para-no-firmar-ley-pro-aborto\/"},"author":{"name":"enequipo","@id":"https:\/\/www.sonoraenequipo.com.mx\/#\/schema\/person\/50102df0fb23a8fa9e8effad8fa81386"},"headline":"Vaticano inicia beatificaci\u00f3n de Balduino, rey belga que abdic\u00f3 para no firmar ley pro aborto","datePublished":"2024-12-21T22:24:16+00:00","dateModified":"2024-12-21T22:24:17+00:00","mainEntityOfPage":{"@id":"https:\/\/www.sonoraenequipo.com.mx\/vaticano-inicia-beatificacion-de-balduino-rey-belga-que-abdico-para-no-firmar-ley-pro-aborto\/"},"wordCount":489,"commentCount":0,"publisher":{"@id":"https:\/\/www.sonoraenequipo.com.mx\/#organization"},"image":{"@id":"https:\/\/www.sonoraenequipo.com.mx\/vaticano-inicia-beatificacion-de-balduino-rey-belga-que-abdico-para-no-firmar-ley-pro-aborto\/#primaryimage"},"thumbnailUrl":"https:\/\/www.sonoraenequipo.com.mx\/storage\/2024\/12\/balduino-3.jpg","keywords":["balduino","belgica"],"articleSection":["Etc\u00e9tera"],"inLanguage":"es","potentialAction":[{"@type":"CommentAction","name":"Comment","target":["https:\/\/www.sonoraenequipo.com.mx\/vaticano-inicia-beatificacion-de-balduino-rey-belga-que-abdico-para-no-firmar-ley-pro-aborto\/#respond"]}]},{"@type":"WebPage","@id":"https:\/\/www.sonoraenequipo.com.mx\/vaticano-inicia-beatificacion-de-balduino-rey-belga-que-abdico-para-no-firmar-ley-pro-aborto\/","url":"https:\/\/www.sonoraenequipo.com.mx\/vaticano-inicia-beatificacion-de-balduino-rey-belga-que-abdico-para-no-firmar-ley-pro-aborto\/","name":"Sonora en Equipo. Vaticano inicia beatificaci\u00f3n de Balduino, rey belga que abdic\u00f3 para no firmar ley pro aborto Etc\u00e9tera","isPartOf":{"@id":"https:\/\/www.sonoraenequipo.com.mx\/#website"},"primaryImageOfPage":{"@id":"https:\/\/www.sonoraenequipo.com.mx\/vaticano-inicia-beatificacion-de-balduino-rey-belga-que-abdico-para-no-firmar-ley-pro-aborto\/#primaryimage"},"image":{"@id":"https:\/\/www.sonoraenequipo.com.mx\/vaticano-inicia-beatificacion-de-balduino-rey-belga-que-abdico-para-no-firmar-ley-pro-aborto\/#primaryimage"},"thumbnailUrl":"https:\/\/www.sonoraenequipo.com.mx\/storage\/2024\/12\/balduino-3.jpg","datePublished":"2024-12-21T22:24:16+00:00","dateModified":"2024-12-21T22:24:17+00:00","description":"El Vaticano ha iniciado oficialmente el proceso de beatificaci\u00f3n y canonizaci\u00f3n de Balduino, el quinto rey de los belgas, recordado por haber preferido En Sonora en Equipo publicamos toda la informaci\u00f3n de Sonora, M\u00e9xico y el Mundo de manera oportuna y busca que la libertad de expresi\u00f3n sea real. Visita nuestro medio informativo publicado desde Hermosillo, Sonora. %","breadcrumb":{"@id":"https:\/\/www.sonoraenequipo.com.mx\/vaticano-inicia-beatificacion-de-balduino-rey-belga-que-abdico-para-no-firmar-ley-pro-aborto\/#breadcrumb"},"inLanguage":"es","potentialAction":[{"@type":"ReadAction","target":["https:\/\/www.sonoraenequipo.com.mx\/vaticano-inicia-beatificacion-de-balduino-rey-belga-que-abdico-para-no-firmar-ley-pro-aborto\/"]}]},{"@type":"ImageObject","inLanguage":"es","@id":"https:\/\/www.sonoraenequipo.com.mx\/vaticano-inicia-beatificacion-de-balduino-rey-belga-que-abdico-para-no-firmar-ley-pro-aborto\/#primaryimage","url":"https:\/\/www.sonoraenequipo.com.mx\/storage\/2024\/12\/balduino-3.jpg","contentUrl":"https:\/\/www.sonoraenequipo.com.mx\/storage\/2024\/12\/balduino-3.jpg","width":600,"height":420},{"@type":"BreadcrumbList","@id":"https:\/\/www.sonoraenequipo.com.mx\/vaticano-inicia-beatificacion-de-balduino-rey-belga-que-abdico-para-no-firmar-ley-pro-aborto\/#breadcrumb","itemListElement":[{"@type":"ListItem","position":1,"name":"Portada","item":"https:\/\/www.sonoraenequipo.com.mx\/"},{"@type":"ListItem","position":2,"name":"Vaticano inicia beatificaci\u00f3n de Balduino, rey belga que abdic\u00f3 para no firmar ley pro aborto"}]},{"@type":"WebSite","@id":"https:\/\/www.sonoraenequipo.com.mx\/#website","url":"https:\/\/www.sonoraenequipo.com.mx\/","name":"Sonora en Equipo.","description":"Diario en l\u00ednea con Noticias desde Hermosillo, Sonora","publisher":{"@id":"https:\/\/www.sonoraenequipo.com.mx\/#organization"},"potentialAction":[{"@type":"SearchAction","target":{"@type":"EntryPoint","urlTemplate":"https:\/\/www.sonoraenequipo.com.mx\/?s={search_term_string}"},"query-input":{"@type":"PropertyValueSpecification","valueRequired":true,"valueName":"search_term_string"}}],"inLanguage":"es"},{"@type":"Organization","@id":"https:\/\/www.sonoraenequipo.com.mx\/#organization","name":"Sonoraenequipo.com.mx","url":"https:\/\/www.sonoraenequipo.com.mx\/","logo":{"@type":"ImageObject","inLanguage":"es","@id":"https:\/\/www.sonoraenequipo.com.mx\/#\/schema\/logo\/image\/","url":"https:\/\/www.sonoraenequipo.com.mx\/storage\/2019\/01\/sonoraenequipo_opt.png","contentUrl":"https:\/\/www.sonoraenequipo.com.mx\/storage\/2019\/01\/sonoraenequipo_opt.png","width":375,"height":125,"caption":"Sonoraenequipo.com.mx"},"image":{"@id":"https:\/\/www.sonoraenequipo.com.mx\/#\/schema\/logo\/image\/"},"sameAs":["https:\/\/www.facebook.com\/SonoraEE\/","https:\/\/x.com\/sonoraenequipo","https:\/\/www.youtube.com\/channel\/UC338nW-lPEYmJQs4ZABQ1SQ"]},{"@type":"Person","@id":"https:\/\/www.sonoraenequipo.com.mx\/#\/schema\/person\/50102df0fb23a8fa9e8effad8fa81386","name":"enequipo","image":{"@type":"ImageObject","inLanguage":"es","@id":"https:\/\/www.sonoraenequipo.com.mx\/#\/schema\/person\/image\/","url":"https:\/\/secure.gravatar.com\/avatar\/049821681b589dabc0bc20695993ccebb09f5b5d4d790cd9251b97faac7c652b?s=96&d=blank&r=g","contentUrl":"https:\/\/secure.gravatar.com\/avatar\/049821681b589dabc0bc20695993ccebb09f5b5d4d790cd9251b97faac7c652b?s=96&d=blank&r=g","caption":"enequipo"},"sameAs":["https:\/\/www.facebook.com\/SonoraEE"]}]}},"jetpack_featured_media_url":"https:\/\/www.sonoraenequipo.com.mx\/storage\/2024\/12\/balduino-3.jpg","_links":{"self":[{"href":"https:\/\/www.sonoraenequipo.com.mx\/api\/wp\/v2\/posts\/206595","targetHints":{"allow":["GET"]}}],"collection":[{"href":"https:\/\/www.sonoraenequipo.com.mx\/api\/wp\/v2\/posts"}],"about":[{"href":"https:\/\/www.sonoraenequipo.com.mx\/api\/wp\/v2\/types\/post"}],"author":[{"embeddable":true,"href":"https:\/\/www.sonoraenequipo.com.mx\/api\/wp\/v2\/users\/1"}],"replies":[{"embeddable":true,"href":"https:\/\/www.sonoraenequipo.com.mx\/api\/wp\/v2\/comments?post=206595"}],"version-history":[{"count":2,"href":"https:\/\/www.sonoraenequipo.com.mx\/api\/wp\/v2\/posts\/206595\/revisions"}],"predecessor-version":[{"id":206601,"href":"https:\/\/www.sonoraenequipo.com.mx\/api\/wp\/v2\/posts\/206595\/revisions\/206601"}],"wp:featuredmedia":[{"embeddable":true,"href":"https:\/\/www.sonoraenequipo.com.mx\/api\/wp\/v2\/media\/206599"}],"wp:attachment":[{"href":"https:\/\/www.sonoraenequipo.com.mx\/api\/wp\/v2\/media?parent=206595"}],"wp:term":[{"taxonomy":"category","embeddable":true,"href":"https:\/\/www.sonoraenequipo.com.mx\/api\/wp\/v2\/categories?post=206595"},{"taxonomy":"post_tag","embeddable":true,"href":"https:\/\/www.sonoraenequipo.com.mx\/api\/wp\/v2\/tags?post=206595"}],"curies":[{"name":"wp","href":"https:\/\/api.w.org\/{rel}","templated":true}]}}