{"id":206606,"date":"2024-12-21T17:03:31","date_gmt":"2024-12-22T00:03:31","guid":{"rendered":"https:\/\/www.sonoraenequipo.com.mx\/?p=206606"},"modified":"2024-12-21T17:03:31","modified_gmt":"2024-12-22T00:03:31","slug":"fgjes-imputa-a-jonathan-n-por-secuestro-agravado-y-asociacion-delictuosa-en-hermosillo","status":"publish","type":"post","link":"https:\/\/www.sonoraenequipo.com.mx\/fgjes-imputa-a-jonathan-n-por-secuestro-agravado-y-asociacion-delictuosa-en-hermosillo\/","title":{"rendered":"FGJES imputa a Jonathan \u201cN\u201d por secuestro agravado y asociaci\u00f3n delictuosa en Hermosillo"},"content":{"rendered":"<p>&nbsp;<\/p>\n<p>&nbsp;<\/p>\n<p><strong>HERMOSILLO, SONORA, MX.<\/strong> \u2014 La Fiscal\u00eda General de Justicia del Estado de Sonora (FGJES) formul\u00f3 imputaci\u00f3n contra Jonathan \u201cN\u201d, de 16 a\u00f1os, por los delitos de secuestro agravado y asociaci\u00f3n delictuosa, derivado de los hechos registrados el pasado 19 de noviembre en Hermosillo, en agravio de un masculino de identidad reservada.<\/p>\n<p>&nbsp;<\/p>\n<p>En la audiencia ante el Juez Especializado en Justicia para Adolescentes, el agente del Ministerio P\u00fablico solicit\u00f3 la vinculaci\u00f3n a proceso del imputado, pero se otorg\u00f3 una ampliaci\u00f3n del t\u00e9rmino constitucional para su resoluci\u00f3n, imponiendo como medida cautelar el internamiento preventivo del adolescente.<\/p>\n<p>&nbsp;<\/p>\n<p>El joven permanece recluido en el Centro Especializado de Internamiento para Adolescentes \u201cHermosillo I\u201d, donde ingres\u00f3 tras recibir el alta m\u00e9dica en el Hospital Infantil del Estado de Sonora (HIES). Dentro de la misma carpeta de investigaci\u00f3n, ya se encuentran vinculados a proceso Irving \u201cN\u201d, de 16 a\u00f1os, y Melanie \u201cN\u201d, de 28.<\/p>\n<p>&nbsp;<\/p>\n<p>La Fiscal\u00eda General de Justicia del Estado de Sonora (FGJES) reitera su compromiso con la salvaguarda de los derechos de las v\u00edctimas y con el cumplimiento de la ley, en estricto apego al debido proceso, promoviendo un Sistema Integral de Justicia Penal para Adolescentes firme y transparente.<\/p>\n<p><strong>Fecha de publicaci\u00f3n s\u00e1bado 21 de diciembre de 2024 \/<\/strong><\/p>\n","protected":false},"excerpt":{"rendered":"<p>&nbsp; &nbsp; HERMOSILLO, SONORA, MX. \u2014 La Fiscal\u00eda General de Justicia del Estado de Sonora&#8230;<\/p>\n","protected":false},"author":1,"featured_media":109281,"comment_status":"open","ping_status":"open","sticky":false,"template":"","format":"standard","meta":{"_monsterinsights_skip_tracking":false,"_monsterinsights_sitenote_active":false,"_monsterinsights_sitenote_note":"","_monsterinsights_sitenote_category":0,"footnotes":""},"categories":[3144],"tags":[10556],"class_list":["post"],"yoast_head":" \n<title>Sonora en Equipo. FGJES imputa a Jonathan \u201cN\u201d por secuestro agravado y asociaci\u00f3n delictuosa en Hermosillo Polic\u00edaca<\/title>\n<meta name=\"description\" content=\"&nbsp; &nbsp; HERMOSILLO, SONORA, MX. \u2014 La Fiscal\u00eda General de Justicia del Estado de Sonora (FGJES) formul\u00f3 imputaci\u00f3n contra Jonathan \u201cN\u201d, de 16 a\u00f1os, En Sonora en Equipo publicamos toda la informaci\u00f3n de Sonora, M\u00e9xico y el Mundo de manera oportuna y busca que la libertad de expresi\u00f3n sea real. Visita nuestro medio informativo publicado desde Hermosillo, Sonora. %\" \/>\n<meta name=\"robots\" content=\"index, follow, max-snippet:-1, max-image-preview:large, max-video-preview:-1\" \/>\n<link rel=\"canonical\" href=\"https:\/\/www.sonoraenequipo.com.mx\/fgjes-imputa-a-jonathan-n-por-secuestro-agravado-y-asociacion-delictuosa-en-hermosillo\/\" \/>\n<meta property=\"og:locale\" content=\"es_ES\" \/>\n<meta property=\"og:type\" content=\"article\" \/>\n<meta property=\"og:title\" content=\"Sonora en Equipo. FGJES imputa a Jonathan \u201cN\u201d por secuestro agravado y asociaci\u00f3n delictuosa en Hermosillo Polic\u00edaca\" \/>\n<meta property=\"og:description\" content=\"&nbsp; &nbsp; HERMOSILLO, SONORA, MX. \u2014 La Fiscal\u00eda General de Justicia del Estado de Sonora (FGJES) formul\u00f3 imputaci\u00f3n contra Jonathan \u201cN\u201d, de 16 a\u00f1os, En Sonora en Equipo publicamos toda la informaci\u00f3n de Sonora, M\u00e9xico y el Mundo de manera oportuna y busca que la libertad de expresi\u00f3n sea real. Visita nuestro medio informativo publicado desde Hermosillo, Sonora. %\" \/>\n<meta property=\"og:url\" content=\"https:\/\/www.sonoraenequipo.com.mx\/fgjes-imputa-a-jonathan-n-por-secuestro-agravado-y-asociacion-delictuosa-en-hermosillo\/\" \/>\n<meta property=\"og:site_name\" content=\"Sonora en Equipo.\" \/>\n<meta property=\"article:publisher\" content=\"https:\/\/www.facebook.com\/SonoraEE\/\" \/>\n<meta property=\"article:author\" content=\"https:\/\/www.facebook.com\/SonoraEE\" \/>\n<meta property=\"article:published_time\" content=\"2024-12-22T00:03:31+00:00\" \/>\n<meta property=\"og:image\" content=\"https:\/\/www.sonoraenequipo.com.mx\/storage\/2021\/03\/edificio-fgjsonora.jpg\" \/>\n\t<meta property=\"og:image:width\" content=\"500\" \/>\n\t<meta property=\"og:image:height\" content=\"300\" \/>\n\t<meta property=\"og:image:type\" content=\"image\/jpeg\" \/>\n<meta name=\"author\" content=\"enequipo\" \/>\n<meta name=\"twitter:card\" content=\"summary_large_image\" \/>\n<meta name=\"twitter:creator\" content=\"@sonoraenequipo\" \/>\n<meta name=\"twitter:site\" content=\"@sonoraenequipo\" \/>\n<meta name=\"twitter:label1\" content=\"Escrito por\" \/>\n\t<meta name=\"twitter:data1\" content=\"enequipo\" \/>\n\t<meta name=\"twitter:label2\" content=\"Tiempo de lectura\" \/>\n\t<meta name=\"twitter:data2\" content=\"1 minuto\" \/>\n<script type=\"application\/ld+json\" class=\"yoast-schema-graph\">{\"@context\":\"https:\/\/schema.org\",\"@graph\":[{\"@type\":\"Article\",\"@id\":\"https:\/\/www.sonoraenequipo.com.mx\/fgjes-imputa-a-jonathan-n-por-secuestro-agravado-y-asociacion-delictuosa-en-hermosillo\/#article\",\"isPartOf\":{\"@id\":\"https:\/\/www.sonoraenequipo.com.mx\/fgjes-imputa-a-jonathan-n-por-secuestro-agravado-y-asociacion-delictuosa-en-hermosillo\/\"},\"author\":{\"name\":\"enequipo\",\"@id\":\"https:\/\/www.sonoraenequipo.com.mx\/#\/schema\/person\/50102df0fb23a8fa9e8effad8fa81386\"},\"headline\":\"FGJES imputa a Jonathan \u201cN\u201d por secuestro agravado y asociaci\u00f3n delictuosa en Hermosillo\",\"datePublished\":\"2024-12-22T00:03:31+00:00\",\"mainEntityOfPage\":{\"@id\":\"https:\/\/www.sonoraenequipo.com.mx\/fgjes-imputa-a-jonathan-n-por-secuestro-agravado-y-asociacion-delictuosa-en-hermosillo\/\"},\"wordCount\":231,\"commentCount\":0,\"publisher\":{\"@id\":\"https:\/\/www.sonoraenequipo.com.mx\/#organization\"},\"image\":{\"@id\":\"https:\/\/www.sonoraenequipo.com.mx\/fgjes-imputa-a-jonathan-n-por-secuestro-agravado-y-asociacion-delictuosa-en-hermosillo\/#primaryimage\"},\"thumbnailUrl\":\"https:\/\/www.sonoraenequipo.com.mx\/storage\/2021\/03\/edificio-fgjsonora.jpg\",\"keywords\":[\"jonathan islas\"],\"articleSection\":[\"Polic\u00edaca\"],\"inLanguage\":\"es\",\"potentialAction\":[{\"@type\":\"CommentAction\",\"name\":\"Comment\",\"target\":[\"https:\/\/www.sonoraenequipo.com.mx\/fgjes-imputa-a-jonathan-n-por-secuestro-agravado-y-asociacion-delictuosa-en-hermosillo\/#respond\"]}]},{\"@type\":\"WebPage\",\"@id\":\"https:\/\/www.sonoraenequipo.com.mx\/fgjes-imputa-a-jonathan-n-por-secuestro-agravado-y-asociacion-delictuosa-en-hermosillo\/\",\"url\":\"https:\/\/www.sonoraenequipo.com.mx\/fgjes-imputa-a-jonathan-n-por-secuestro-agravado-y-asociacion-delictuosa-en-hermosillo\/\",\"name\":\"Sonora en Equipo. FGJES imputa a Jonathan \u201cN\u201d por secuestro agravado y asociaci\u00f3n delictuosa en Hermosillo Polic\u00edaca\",\"isPartOf\":{\"@id\":\"https:\/\/www.sonoraenequipo.com.mx\/#website\"},\"primaryImageOfPage\":{\"@id\":\"https:\/\/www.sonoraenequipo.com.mx\/fgjes-imputa-a-jonathan-n-por-secuestro-agravado-y-asociacion-delictuosa-en-hermosillo\/#primaryimage\"},\"image\":{\"@id\":\"https:\/\/www.sonoraenequipo.com.mx\/fgjes-imputa-a-jonathan-n-por-secuestro-agravado-y-asociacion-delictuosa-en-hermosillo\/#primaryimage\"},\"thumbnailUrl\":\"https:\/\/www.sonoraenequipo.com.mx\/storage\/2021\/03\/edificio-fgjsonora.jpg\",\"datePublished\":\"2024-12-22T00:03:31+00:00\",\"description\":\"&nbsp; &nbsp; HERMOSILLO, SONORA, MX. \u2014 La Fiscal\u00eda General de Justicia del Estado de Sonora (FGJES) formul\u00f3 imputaci\u00f3n contra Jonathan \u201cN\u201d, de 16 a\u00f1os, En Sonora en Equipo publicamos toda la informaci\u00f3n de Sonora, M\u00e9xico y el Mundo de manera oportuna y busca que la libertad de expresi\u00f3n sea real. Visita nuestro medio informativo publicado desde Hermosillo, Sonora. %\",\"breadcrumb\":{\"@id\":\"https:\/\/www.sonoraenequipo.com.mx\/fgjes-imputa-a-jonathan-n-por-secuestro-agravado-y-asociacion-delictuosa-en-hermosillo\/#breadcrumb\"},\"inLanguage\":\"es\",\"potentialAction\":[{\"@type\":\"ReadAction\",\"target\":[\"https:\/\/www.sonoraenequipo.com.mx\/fgjes-imputa-a-jonathan-n-por-secuestro-agravado-y-asociacion-delictuosa-en-hermosillo\/\"]}]},{\"@type\":\"ImageObject\",\"inLanguage\":\"es\",\"@id\":\"https:\/\/www.sonoraenequipo.com.mx\/fgjes-imputa-a-jonathan-n-por-secuestro-agravado-y-asociacion-delictuosa-en-hermosillo\/#primaryimage\",\"url\":\"https:\/\/www.sonoraenequipo.com.mx\/storage\/2021\/03\/edificio-fgjsonora.jpg\",\"contentUrl\":\"https:\/\/www.sonoraenequipo.com.mx\/storage\/2021\/03\/edificio-fgjsonora.jpg\",\"width\":500,\"height\":300,\"caption\":\"fachada del edificio de la fiscal\u00eda\"},{\"@type\":\"BreadcrumbList\",\"@id\":\"https:\/\/www.sonoraenequipo.com.mx\/fgjes-imputa-a-jonathan-n-por-secuestro-agravado-y-asociacion-delictuosa-en-hermosillo\/#breadcrumb\",\"itemListElement\":[{\"@type\":\"ListItem\",\"position\":1,\"name\":\"Portada\",\"item\":\"https:\/\/www.sonoraenequipo.com.mx\/\"},{\"@type\":\"ListItem\",\"position\":2,\"name\":\"FGJES imputa a Jonathan \u201cN\u201d por secuestro agravado y asociaci\u00f3n delictuosa en Hermosillo\"}]},{\"@type\":\"WebSite\",\"@id\":\"https:\/\/www.sonoraenequipo.com.mx\/#website\",\"url\":\"https:\/\/www.sonoraenequipo.com.mx\/\",\"name\":\"Sonora en Equipo.\",\"description\":\"Diario en l\u00ednea con Noticias desde Hermosillo, Sonora\",\"publisher\":{\"@id\":\"https:\/\/www.sonoraenequipo.com.mx\/#organization\"},\"potentialAction\":[{\"@type\":\"SearchAction\",\"target\":{\"@type\":\"EntryPoint\",\"urlTemplate\":\"https:\/\/www.sonoraenequipo.com.mx\/?s={search_term_string}\"},\"query-input\":{\"@type\":\"PropertyValueSpecification\",\"valueRequired\":true,\"valueName\":\"search_term_string\"}}],\"inLanguage\":\"es\"},{\"@type\":\"Organization\",\"@id\":\"https:\/\/www.sonoraenequipo.com.mx\/#organization\",\"name\":\"Sonoraenequipo.com.mx\",\"url\":\"https:\/\/www.sonoraenequipo.com.mx\/\",\"logo\":{\"@type\":\"ImageObject\",\"inLanguage\":\"es\",\"@id\":\"https:\/\/www.sonoraenequipo.com.mx\/#\/schema\/logo\/image\/\",\"url\":\"https:\/\/www.sonoraenequipo.com.mx\/storage\/2019\/01\/sonoraenequipo_opt.png\",\"contentUrl\":\"https:\/\/www.sonoraenequipo.com.mx\/storage\/2019\/01\/sonoraenequipo_opt.png\",\"width\":375,\"height\":125,\"caption\":\"Sonoraenequipo.com.mx\"},\"image\":{\"@id\":\"https:\/\/www.sonoraenequipo.com.mx\/#\/schema\/logo\/image\/\"},\"sameAs\":[\"https:\/\/www.facebook.com\/SonoraEE\/\",\"https:\/\/x.com\/sonoraenequipo\",\"https:\/\/www.youtube.com\/channel\/UC338nW-lPEYmJQs4ZABQ1SQ\"]},{\"@type\":\"Person\",\"@id\":\"https:\/\/www.sonoraenequipo.com.mx\/#\/schema\/person\/50102df0fb23a8fa9e8effad8fa81386\",\"name\":\"enequipo\",\"image\":{\"@type\":\"ImageObject\",\"inLanguage\":\"es\",\"@id\":\"https:\/\/www.sonoraenequipo.com.mx\/#\/schema\/person\/image\/\",\"url\":\"https:\/\/secure.gravatar.com\/avatar\/049821681b589dabc0bc20695993ccebb09f5b5d4d790cd9251b97faac7c652b?s=96&d=blank&r=g\",\"contentUrl\":\"https:\/\/secure.gravatar.com\/avatar\/049821681b589dabc0bc20695993ccebb09f5b5d4d790cd9251b97faac7c652b?s=96&d=blank&r=g\",\"caption\":\"enequipo\"},\"sameAs\":[\"https:\/\/www.facebook.com\/SonoraEE\"]}]}<\/script>\n ","yoast_head_json":{"title":"Sonora en Equipo. FGJES imputa a Jonathan \u201cN\u201d por secuestro agravado y asociaci\u00f3n delictuosa en Hermosillo Polic\u00edaca","description":"&nbsp; &nbsp; HERMOSILLO, SONORA, MX. \u2014 La Fiscal\u00eda General de Justicia del Estado de Sonora (FGJES) formul\u00f3 imputaci\u00f3n contra Jonathan \u201cN\u201d, de 16 a\u00f1os, En Sonora en Equipo publicamos toda la informaci\u00f3n de Sonora, M\u00e9xico y el Mundo de manera oportuna y busca que la libertad de expresi\u00f3n sea real. Visita nuestro medio informativo publicado desde Hermosillo, Sonora. %","robots":{"index":"index","follow":"follow","max-snippet":"max-snippet:-1","max-image-preview":"max-image-preview:large","max-video-preview":"max-video-preview:-1"},"canonical":"https:\/\/www.sonoraenequipo.com.mx\/fgjes-imputa-a-jonathan-n-por-secuestro-agravado-y-asociacion-delictuosa-en-hermosillo\/","og_locale":"es_ES","og_type":"article","og_title":"Sonora en Equipo. FGJES imputa a Jonathan \u201cN\u201d por secuestro agravado y asociaci\u00f3n delictuosa en Hermosillo Polic\u00edaca","og_description":"&nbsp; &nbsp; HERMOSILLO, SONORA, MX. \u2014 La Fiscal\u00eda General de Justicia del Estado de Sonora (FGJES) formul\u00f3 imputaci\u00f3n contra Jonathan \u201cN\u201d, de 16 a\u00f1os, En Sonora en Equipo publicamos toda la informaci\u00f3n de Sonora, M\u00e9xico y el Mundo de manera oportuna y busca que la libertad de expresi\u00f3n sea real. Visita nuestro medio informativo publicado desde Hermosillo, Sonora. %","og_url":"https:\/\/www.sonoraenequipo.com.mx\/fgjes-imputa-a-jonathan-n-por-secuestro-agravado-y-asociacion-delictuosa-en-hermosillo\/","og_site_name":"Sonora en Equipo.","article_publisher":"https:\/\/www.facebook.com\/SonoraEE\/","article_author":"https:\/\/www.facebook.com\/SonoraEE","article_published_time":"2024-12-22T00:03:31+00:00","og_image":[{"width":500,"height":300,"url":"https:\/\/www.sonoraenequipo.com.mx\/storage\/2021\/03\/edificio-fgjsonora.jpg","type":"image\/jpeg"}],"author":"enequipo","twitter_card":"summary_large_image","twitter_creator":"@sonoraenequipo","twitter_site":"@sonoraenequipo","twitter_misc":{"Escrito por":"enequipo","Tiempo de lectura":"1 minuto"},"schema":{"@context":"https:\/\/schema.org","@graph":[{"@type":"Article","@id":"https:\/\/www.sonoraenequipo.com.mx\/fgjes-imputa-a-jonathan-n-por-secuestro-agravado-y-asociacion-delictuosa-en-hermosillo\/#article","isPartOf":{"@id":"https:\/\/www.sonoraenequipo.com.mx\/fgjes-imputa-a-jonathan-n-por-secuestro-agravado-y-asociacion-delictuosa-en-hermosillo\/"},"author":{"name":"enequipo","@id":"https:\/\/www.sonoraenequipo.com.mx\/#\/schema\/person\/50102df0fb23a8fa9e8effad8fa81386"},"headline":"FGJES imputa a Jonathan \u201cN\u201d por secuestro agravado y asociaci\u00f3n delictuosa en Hermosillo","datePublished":"2024-12-22T00:03:31+00:00","mainEntityOfPage":{"@id":"https:\/\/www.sonoraenequipo.com.mx\/fgjes-imputa-a-jonathan-n-por-secuestro-agravado-y-asociacion-delictuosa-en-hermosillo\/"},"wordCount":231,"commentCount":0,"publisher":{"@id":"https:\/\/www.sonoraenequipo.com.mx\/#organization"},"image":{"@id":"https:\/\/www.sonoraenequipo.com.mx\/fgjes-imputa-a-jonathan-n-por-secuestro-agravado-y-asociacion-delictuosa-en-hermosillo\/#primaryimage"},"thumbnailUrl":"https:\/\/www.sonoraenequipo.com.mx\/storage\/2021\/03\/edificio-fgjsonora.jpg","keywords":["jonathan islas"],"articleSection":["Polic\u00edaca"],"inLanguage":"es","potentialAction":[{"@type":"CommentAction","name":"Comment","target":["https:\/\/www.sonoraenequipo.com.mx\/fgjes-imputa-a-jonathan-n-por-secuestro-agravado-y-asociacion-delictuosa-en-hermosillo\/#respond"]}]},{"@type":"WebPage","@id":"https:\/\/www.sonoraenequipo.com.mx\/fgjes-imputa-a-jonathan-n-por-secuestro-agravado-y-asociacion-delictuosa-en-hermosillo\/","url":"https:\/\/www.sonoraenequipo.com.mx\/fgjes-imputa-a-jonathan-n-por-secuestro-agravado-y-asociacion-delictuosa-en-hermosillo\/","name":"Sonora en Equipo. FGJES imputa a Jonathan \u201cN\u201d por secuestro agravado y asociaci\u00f3n delictuosa en Hermosillo Polic\u00edaca","isPartOf":{"@id":"https:\/\/www.sonoraenequipo.com.mx\/#website"},"primaryImageOfPage":{"@id":"https:\/\/www.sonoraenequipo.com.mx\/fgjes-imputa-a-jonathan-n-por-secuestro-agravado-y-asociacion-delictuosa-en-hermosillo\/#primaryimage"},"image":{"@id":"https:\/\/www.sonoraenequipo.com.mx\/fgjes-imputa-a-jonathan-n-por-secuestro-agravado-y-asociacion-delictuosa-en-hermosillo\/#primaryimage"},"thumbnailUrl":"https:\/\/www.sonoraenequipo.com.mx\/storage\/2021\/03\/edificio-fgjsonora.jpg","datePublished":"2024-12-22T00:03:31+00:00","description":"&nbsp; &nbsp; HERMOSILLO, SONORA, MX. \u2014 La Fiscal\u00eda General de Justicia del Estado de Sonora (FGJES) formul\u00f3 imputaci\u00f3n contra Jonathan \u201cN\u201d, de 16 a\u00f1os, En Sonora en Equipo publicamos toda la informaci\u00f3n de Sonora, M\u00e9xico y el Mundo de manera oportuna y busca que la libertad de expresi\u00f3n sea real. Visita nuestro medio informativo publicado desde Hermosillo, Sonora. %","breadcrumb":{"@id":"https:\/\/www.sonoraenequipo.com.mx\/fgjes-imputa-a-jonathan-n-por-secuestro-agravado-y-asociacion-delictuosa-en-hermosillo\/#breadcrumb"},"inLanguage":"es","potentialAction":[{"@type":"ReadAction","target":["https:\/\/www.sonoraenequipo.com.mx\/fgjes-imputa-a-jonathan-n-por-secuestro-agravado-y-asociacion-delictuosa-en-hermosillo\/"]}]},{"@type":"ImageObject","inLanguage":"es","@id":"https:\/\/www.sonoraenequipo.com.mx\/fgjes-imputa-a-jonathan-n-por-secuestro-agravado-y-asociacion-delictuosa-en-hermosillo\/#primaryimage","url":"https:\/\/www.sonoraenequipo.com.mx\/storage\/2021\/03\/edificio-fgjsonora.jpg","contentUrl":"https:\/\/www.sonoraenequipo.com.mx\/storage\/2021\/03\/edificio-fgjsonora.jpg","width":500,"height":300,"caption":"fachada del edificio de la fiscal\u00eda"},{"@type":"BreadcrumbList","@id":"https:\/\/www.sonoraenequipo.com.mx\/fgjes-imputa-a-jonathan-n-por-secuestro-agravado-y-asociacion-delictuosa-en-hermosillo\/#breadcrumb","itemListElement":[{"@type":"ListItem","position":1,"name":"Portada","item":"https:\/\/www.sonoraenequipo.com.mx\/"},{"@type":"ListItem","position":2,"name":"FGJES imputa a Jonathan \u201cN\u201d por secuestro agravado y asociaci\u00f3n delictuosa en Hermosillo"}]},{"@type":"WebSite","@id":"https:\/\/www.sonoraenequipo.com.mx\/#website","url":"https:\/\/www.sonoraenequipo.com.mx\/","name":"Sonora en Equipo.","description":"Diario en l\u00ednea con Noticias desde Hermosillo, Sonora","publisher":{"@id":"https:\/\/www.sonoraenequipo.com.mx\/#organization"},"potentialAction":[{"@type":"SearchAction","target":{"@type":"EntryPoint","urlTemplate":"https:\/\/www.sonoraenequipo.com.mx\/?s={search_term_string}"},"query-input":{"@type":"PropertyValueSpecification","valueRequired":true,"valueName":"search_term_string"}}],"inLanguage":"es"},{"@type":"Organization","@id":"https:\/\/www.sonoraenequipo.com.mx\/#organization","name":"Sonoraenequipo.com.mx","url":"https:\/\/www.sonoraenequipo.com.mx\/","logo":{"@type":"ImageObject","inLanguage":"es","@id":"https:\/\/www.sonoraenequipo.com.mx\/#\/schema\/logo\/image\/","url":"https:\/\/www.sonoraenequipo.com.mx\/storage\/2019\/01\/sonoraenequipo_opt.png","contentUrl":"https:\/\/www.sonoraenequipo.com.mx\/storage\/2019\/01\/sonoraenequipo_opt.png","width":375,"height":125,"caption":"Sonoraenequipo.com.mx"},"image":{"@id":"https:\/\/www.sonoraenequipo.com.mx\/#\/schema\/logo\/image\/"},"sameAs":["https:\/\/www.facebook.com\/SonoraEE\/","https:\/\/x.com\/sonoraenequipo","https:\/\/www.youtube.com\/channel\/UC338nW-lPEYmJQs4ZABQ1SQ"]},{"@type":"Person","@id":"https:\/\/www.sonoraenequipo.com.mx\/#\/schema\/person\/50102df0fb23a8fa9e8effad8fa81386","name":"enequipo","image":{"@type":"ImageObject","inLanguage":"es","@id":"https:\/\/www.sonoraenequipo.com.mx\/#\/schema\/person\/image\/","url":"https:\/\/secure.gravatar.com\/avatar\/049821681b589dabc0bc20695993ccebb09f5b5d4d790cd9251b97faac7c652b?s=96&d=blank&r=g","contentUrl":"https:\/\/secure.gravatar.com\/avatar\/049821681b589dabc0bc20695993ccebb09f5b5d4d790cd9251b97faac7c652b?s=96&d=blank&r=g","caption":"enequipo"},"sameAs":["https:\/\/www.facebook.com\/SonoraEE"]}]}},"jetpack_featured_media_url":"https:\/\/www.sonoraenequipo.com.mx\/storage\/2021\/03\/edificio-fgjsonora.jpg","_links":{"self":[{"href":"https:\/\/www.sonoraenequipo.com.mx\/api\/wp\/v2\/posts\/206606","targetHints":{"allow":["GET"]}}],"collection":[{"href":"https:\/\/www.sonoraenequipo.com.mx\/api\/wp\/v2\/posts"}],"about":[{"href":"https:\/\/www.sonoraenequipo.com.mx\/api\/wp\/v2\/types\/post"}],"author":[{"embeddable":true,"href":"https:\/\/www.sonoraenequipo.com.mx\/api\/wp\/v2\/users\/1"}],"replies":[{"embeddable":true,"href":"https:\/\/www.sonoraenequipo.com.mx\/api\/wp\/v2\/comments?post=206606"}],"version-history":[{"count":1,"href":"https:\/\/www.sonoraenequipo.com.mx\/api\/wp\/v2\/posts\/206606\/revisions"}],"predecessor-version":[{"id":206607,"href":"https:\/\/www.sonoraenequipo.com.mx\/api\/wp\/v2\/posts\/206606\/revisions\/206607"}],"wp:featuredmedia":[{"embeddable":true,"href":"https:\/\/www.sonoraenequipo.com.mx\/api\/wp\/v2\/media\/109281"}],"wp:attachment":[{"href":"https:\/\/www.sonoraenequipo.com.mx\/api\/wp\/v2\/media?parent=206606"}],"wp:term":[{"taxonomy":"category","embeddable":true,"href":"https:\/\/www.sonoraenequipo.com.mx\/api\/wp\/v2\/categories?post=206606"},{"taxonomy":"post_tag","embeddable":true,"href":"https:\/\/www.sonoraenequipo.com.mx\/api\/wp\/v2\/tags?post=206606"}],"curies":[{"name":"wp","href":"https:\/\/api.w.org\/{rel}","templated":true}]}}