{"id":206613,"date":"2024-12-22T14:13:16","date_gmt":"2024-12-22T21:13:16","guid":{"rendered":"https:\/\/www.sonoraenequipo.com.mx\/?p=206613"},"modified":"2024-12-22T14:13:16","modified_gmt":"2024-12-22T21:13:16","slug":"consolida-cobach-sonora-programa-internacional-de-escuela-agroecologica","status":"publish","type":"post","link":"https:\/\/www.sonoraenequipo.com.mx\/consolida-cobach-sonora-programa-internacional-de-escuela-agroecologica\/","title":{"rendered":"Consolida Cobach Sonora programa internacional de Escuela Agroecol\u00f3gica"},"content":{"rendered":"<p><strong>HERMOSILLO, SONORA, MX.<\/strong> \u2014 Como parte de un programa internacional para la restauraci\u00f3n de la biodiversidad, el Colegio de Bachilleres del Estado de Sonora (Cobach) avanza en la consolidaci\u00f3n del plantel San Ignacio R\u00edo Muerto como Escuela Agroecol\u00f3gica, con un huerto escolar en el que participan estudiantes y maestros.<\/p>\n<p>&nbsp;<\/p>\n<p>&nbsp;<\/p>\n<p>&nbsp;<\/p>\n<p>El director general de Cobach, Rodrigo Arturo Rosas Burgos, destac\u00f3 que el subsistema y el plantel fueron seleccionados en el 2023 para participar con uno de los 14 proyectos elegidos entre m\u00e1s de 300, ubicados en Estados Unidos, Canad\u00e1 y M\u00e9xico, con patrocinio de la Comisi\u00f3n para la Cooperaci\u00f3n Ambiental, organizaci\u00f3n intergubernamental establecida por los gobiernos de dichos pa\u00edses.<\/p>\n<p>&nbsp;<\/p>\n<p>&nbsp;<\/p>\n<p>&nbsp;<\/p>\n<p>La iniciativa \u201cEscuelas para la vida agroecol\u00f3gica: resiliencia de ecosistemas rurales del Valle del Yaqui\u201d, describi\u00f3, incluye la implementaci\u00f3n de huertos integrales para la salud humana y ambiental, capacitaci\u00f3n en t\u00e9cnicas de monitoreo biol\u00f3gico de insectos, aves y murci\u00e9lagos, un \u201chotel\u201d de insectos polinizadores, entre otras buenas pr\u00e1cticas para la agricultura.<\/p>\n<p>&nbsp;<\/p>\n<p>&nbsp;<\/p>\n<p>&nbsp;<\/p>\n<p>Manuel M\u00e1rquez Roon, director del plantel, resalt\u00f3 que en la Escuela Agroecol\u00f3gica se fomenta el respeto por la naturaleza ya que a trav\u00e9s de la pr\u00e1ctica se siembran las bases para un futuro m\u00e1s sostenible en el que alumnos tomen decisiones responsables para el equilibrio del medio ambiente, con una diversidad de cultivos y la construcci\u00f3n de refugios para la fauna como murci\u00e9lagos y lechuzas.<\/p>\n<p>&nbsp;<\/p>\n<p>&nbsp;<\/p>\n<p>&nbsp;<\/p>\n<p>En coordinaci\u00f3n con la Fundaci\u00f3n Ambiental del Valle del Yaqui A.C. alrededor de 30 alumnos, con el maestro Luis Enrique D\u00edaz Robles, del \u00e1rea de Ciencias Experimentales, participan en este proyecto transversal y han sembrado y cosechado calabaza, chile serrano y verde, betabel, zanahoria, tomate, cebolla cambray, ma\u00edz criollo y rojo, ajonjol\u00ed, r\u00e1banos, repollo, coliflor, lechuga y okra.<\/p>\n<p><strong>Fecha de publicaci\u00f3n domingo 22 de diciembre de 2024 \/<\/strong><\/p>\n<p>&nbsp;<\/p>\n","protected":false},"excerpt":{"rendered":"<p>HERMOSILLO, SONORA, MX. \u2014 Como parte de un programa internacional para la restauraci\u00f3n de la&#8230;<\/p>\n","protected":false},"author":1,"featured_media":206614,"comment_status":"open","ping_status":"open","sticky":false,"template":"","format":"standard","meta":{"_monsterinsights_skip_tracking":false,"_monsterinsights_sitenote_active":false,"_monsterinsights_sitenote_note":"","_monsterinsights_sitenote_category":0,"footnotes":""},"categories":[2216],"tags":[10665,3304],"class_list":["post"],"yoast_head":" \n<title>Sonora en Equipo. Consolida Cobach Sonora programa internacional de Escuela Agroecol\u00f3gica Ciencia y Tecnolog\u00eda<\/title>\n<meta name=\"description\" content=\"HERMOSILLO, SONORA, MX. \u2014 Como parte de un programa internacional para la restauraci\u00f3n de la biodiversidad, el Colegio de Bachilleres del Estado de Sonora En Sonora en Equipo publicamos toda la informaci\u00f3n de Sonora, M\u00e9xico y el Mundo de manera oportuna y busca que la libertad de expresi\u00f3n sea real. Visita nuestro medio informativo publicado desde Hermosillo, Sonora. %\" \/>\n<meta name=\"robots\" content=\"index, follow, max-snippet:-1, max-image-preview:large, max-video-preview:-1\" \/>\n<link rel=\"canonical\" href=\"https:\/\/www.sonoraenequipo.com.mx\/consolida-cobach-sonora-programa-internacional-de-escuela-agroecologica\/\" \/>\n<meta property=\"og:locale\" content=\"es_ES\" \/>\n<meta property=\"og:type\" content=\"article\" \/>\n<meta property=\"og:title\" content=\"Sonora en Equipo. Consolida Cobach Sonora programa internacional de Escuela Agroecol\u00f3gica Ciencia y Tecnolog\u00eda\" \/>\n<meta property=\"og:description\" content=\"HERMOSILLO, SONORA, MX. \u2014 Como parte de un programa internacional para la restauraci\u00f3n de la biodiversidad, el Colegio de Bachilleres del Estado de Sonora En Sonora en Equipo publicamos toda la informaci\u00f3n de Sonora, M\u00e9xico y el Mundo de manera oportuna y busca que la libertad de expresi\u00f3n sea real. Visita nuestro medio informativo publicado desde Hermosillo, Sonora. %\" \/>\n<meta property=\"og:url\" content=\"https:\/\/www.sonoraenequipo.com.mx\/consolida-cobach-sonora-programa-internacional-de-escuela-agroecologica\/\" \/>\n<meta property=\"og:site_name\" content=\"Sonora en Equipo.\" \/>\n<meta property=\"article:publisher\" content=\"https:\/\/www.facebook.com\/SonoraEE\/\" \/>\n<meta property=\"article:author\" content=\"https:\/\/www.facebook.com\/SonoraEE\" \/>\n<meta property=\"article:published_time\" content=\"2024-12-22T21:13:16+00:00\" \/>\n<meta property=\"og:image\" content=\"https:\/\/www.sonoraenequipo.com.mx\/storage\/2024\/12\/cobach-agroecologia.jpg\" \/>\n\t<meta property=\"og:image:width\" content=\"600\" \/>\n\t<meta property=\"og:image:height\" content=\"450\" \/>\n\t<meta property=\"og:image:type\" content=\"image\/jpeg\" \/>\n<meta name=\"author\" content=\"enequipo\" \/>\n<meta name=\"twitter:card\" content=\"summary_large_image\" \/>\n<meta name=\"twitter:creator\" content=\"@sonoraenequipo\" \/>\n<meta name=\"twitter:site\" content=\"@sonoraenequipo\" \/>\n<meta name=\"twitter:label1\" content=\"Escrito por\" \/>\n\t<meta name=\"twitter:data1\" content=\"enequipo\" \/>\n\t<meta name=\"twitter:label2\" content=\"Tiempo de lectura\" \/>\n\t<meta name=\"twitter:data2\" content=\"2 minutos\" \/>\n<script type=\"application\/ld+json\" class=\"yoast-schema-graph\">{\"@context\":\"https:\/\/schema.org\",\"@graph\":[{\"@type\":\"Article\",\"@id\":\"https:\/\/www.sonoraenequipo.com.mx\/consolida-cobach-sonora-programa-internacional-de-escuela-agroecologica\/#article\",\"isPartOf\":{\"@id\":\"https:\/\/www.sonoraenequipo.com.mx\/consolida-cobach-sonora-programa-internacional-de-escuela-agroecologica\/\"},\"author\":{\"name\":\"enequipo\",\"@id\":\"https:\/\/www.sonoraenequipo.com.mx\/#\/schema\/person\/50102df0fb23a8fa9e8effad8fa81386\"},\"headline\":\"Consolida Cobach Sonora programa internacional de Escuela Agroecol\u00f3gica\",\"datePublished\":\"2024-12-22T21:13:16+00:00\",\"mainEntityOfPage\":{\"@id\":\"https:\/\/www.sonoraenequipo.com.mx\/consolida-cobach-sonora-programa-internacional-de-escuela-agroecologica\/\"},\"wordCount\":337,\"commentCount\":0,\"publisher\":{\"@id\":\"https:\/\/www.sonoraenequipo.com.mx\/#organization\"},\"image\":{\"@id\":\"https:\/\/www.sonoraenequipo.com.mx\/consolida-cobach-sonora-programa-internacional-de-escuela-agroecologica\/#primaryimage\"},\"thumbnailUrl\":\"https:\/\/www.sonoraenequipo.com.mx\/storage\/2024\/12\/cobach-agroecologia.jpg\",\"keywords\":[\"agrobiologia\",\"COBACH\"],\"articleSection\":[\"Ciencia y Tecnolog\u00eda\"],\"inLanguage\":\"es\",\"potentialAction\":[{\"@type\":\"CommentAction\",\"name\":\"Comment\",\"target\":[\"https:\/\/www.sonoraenequipo.com.mx\/consolida-cobach-sonora-programa-internacional-de-escuela-agroecologica\/#respond\"]}]},{\"@type\":\"WebPage\",\"@id\":\"https:\/\/www.sonoraenequipo.com.mx\/consolida-cobach-sonora-programa-internacional-de-escuela-agroecologica\/\",\"url\":\"https:\/\/www.sonoraenequipo.com.mx\/consolida-cobach-sonora-programa-internacional-de-escuela-agroecologica\/\",\"name\":\"Sonora en Equipo. Consolida Cobach Sonora programa internacional de Escuela Agroecol\u00f3gica Ciencia y Tecnolog\u00eda\",\"isPartOf\":{\"@id\":\"https:\/\/www.sonoraenequipo.com.mx\/#website\"},\"primaryImageOfPage\":{\"@id\":\"https:\/\/www.sonoraenequipo.com.mx\/consolida-cobach-sonora-programa-internacional-de-escuela-agroecologica\/#primaryimage\"},\"image\":{\"@id\":\"https:\/\/www.sonoraenequipo.com.mx\/consolida-cobach-sonora-programa-internacional-de-escuela-agroecologica\/#primaryimage\"},\"thumbnailUrl\":\"https:\/\/www.sonoraenequipo.com.mx\/storage\/2024\/12\/cobach-agroecologia.jpg\",\"datePublished\":\"2024-12-22T21:13:16+00:00\",\"description\":\"HERMOSILLO, SONORA, MX. \u2014 Como parte de un programa internacional para la restauraci\u00f3n de la biodiversidad, el Colegio de Bachilleres del Estado de Sonora En Sonora en Equipo publicamos toda la informaci\u00f3n de Sonora, M\u00e9xico y el Mundo de manera oportuna y busca que la libertad de expresi\u00f3n sea real. Visita nuestro medio informativo publicado desde Hermosillo, Sonora. %\",\"breadcrumb\":{\"@id\":\"https:\/\/www.sonoraenequipo.com.mx\/consolida-cobach-sonora-programa-internacional-de-escuela-agroecologica\/#breadcrumb\"},\"inLanguage\":\"es\",\"potentialAction\":[{\"@type\":\"ReadAction\",\"target\":[\"https:\/\/www.sonoraenequipo.com.mx\/consolida-cobach-sonora-programa-internacional-de-escuela-agroecologica\/\"]}]},{\"@type\":\"ImageObject\",\"inLanguage\":\"es\",\"@id\":\"https:\/\/www.sonoraenequipo.com.mx\/consolida-cobach-sonora-programa-internacional-de-escuela-agroecologica\/#primaryimage\",\"url\":\"https:\/\/www.sonoraenequipo.com.mx\/storage\/2024\/12\/cobach-agroecologia.jpg\",\"contentUrl\":\"https:\/\/www.sonoraenequipo.com.mx\/storage\/2024\/12\/cobach-agroecologia.jpg\",\"width\":600,\"height\":450},{\"@type\":\"BreadcrumbList\",\"@id\":\"https:\/\/www.sonoraenequipo.com.mx\/consolida-cobach-sonora-programa-internacional-de-escuela-agroecologica\/#breadcrumb\",\"itemListElement\":[{\"@type\":\"ListItem\",\"position\":1,\"name\":\"Portada\",\"item\":\"https:\/\/www.sonoraenequipo.com.mx\/\"},{\"@type\":\"ListItem\",\"position\":2,\"name\":\"Consolida Cobach Sonora programa internacional de Escuela Agroecol\u00f3gica\"}]},{\"@type\":\"WebSite\",\"@id\":\"https:\/\/www.sonoraenequipo.com.mx\/#website\",\"url\":\"https:\/\/www.sonoraenequipo.com.mx\/\",\"name\":\"Sonora en Equipo.\",\"description\":\"Diario en l\u00ednea con Noticias desde Hermosillo, Sonora\",\"publisher\":{\"@id\":\"https:\/\/www.sonoraenequipo.com.mx\/#organization\"},\"potentialAction\":[{\"@type\":\"SearchAction\",\"target\":{\"@type\":\"EntryPoint\",\"urlTemplate\":\"https:\/\/www.sonoraenequipo.com.mx\/?s={search_term_string}\"},\"query-input\":{\"@type\":\"PropertyValueSpecification\",\"valueRequired\":true,\"valueName\":\"search_term_string\"}}],\"inLanguage\":\"es\"},{\"@type\":\"Organization\",\"@id\":\"https:\/\/www.sonoraenequipo.com.mx\/#organization\",\"name\":\"Sonoraenequipo.com.mx\",\"url\":\"https:\/\/www.sonoraenequipo.com.mx\/\",\"logo\":{\"@type\":\"ImageObject\",\"inLanguage\":\"es\",\"@id\":\"https:\/\/www.sonoraenequipo.com.mx\/#\/schema\/logo\/image\/\",\"url\":\"https:\/\/www.sonoraenequipo.com.mx\/storage\/2019\/01\/sonoraenequipo_opt.png\",\"contentUrl\":\"https:\/\/www.sonoraenequipo.com.mx\/storage\/2019\/01\/sonoraenequipo_opt.png\",\"width\":375,\"height\":125,\"caption\":\"Sonoraenequipo.com.mx\"},\"image\":{\"@id\":\"https:\/\/www.sonoraenequipo.com.mx\/#\/schema\/logo\/image\/\"},\"sameAs\":[\"https:\/\/www.facebook.com\/SonoraEE\/\",\"https:\/\/x.com\/sonoraenequipo\",\"https:\/\/www.youtube.com\/channel\/UC338nW-lPEYmJQs4ZABQ1SQ\"]},{\"@type\":\"Person\",\"@id\":\"https:\/\/www.sonoraenequipo.com.mx\/#\/schema\/person\/50102df0fb23a8fa9e8effad8fa81386\",\"name\":\"enequipo\",\"image\":{\"@type\":\"ImageObject\",\"inLanguage\":\"es\",\"@id\":\"https:\/\/www.sonoraenequipo.com.mx\/#\/schema\/person\/image\/\",\"url\":\"https:\/\/secure.gravatar.com\/avatar\/049821681b589dabc0bc20695993ccebb09f5b5d4d790cd9251b97faac7c652b?s=96&d=blank&r=g\",\"contentUrl\":\"https:\/\/secure.gravatar.com\/avatar\/049821681b589dabc0bc20695993ccebb09f5b5d4d790cd9251b97faac7c652b?s=96&d=blank&r=g\",\"caption\":\"enequipo\"},\"sameAs\":[\"https:\/\/www.facebook.com\/SonoraEE\"]}]}<\/script>\n ","yoast_head_json":{"title":"Sonora en Equipo. Consolida Cobach Sonora programa internacional de Escuela Agroecol\u00f3gica Ciencia y Tecnolog\u00eda","description":"HERMOSILLO, SONORA, MX. \u2014 Como parte de un programa internacional para la restauraci\u00f3n de la biodiversidad, el Colegio de Bachilleres del Estado de Sonora En Sonora en Equipo publicamos toda la informaci\u00f3n de Sonora, M\u00e9xico y el Mundo de manera oportuna y busca que la libertad de expresi\u00f3n sea real. Visita nuestro medio informativo publicado desde Hermosillo, Sonora. %","robots":{"index":"index","follow":"follow","max-snippet":"max-snippet:-1","max-image-preview":"max-image-preview:large","max-video-preview":"max-video-preview:-1"},"canonical":"https:\/\/www.sonoraenequipo.com.mx\/consolida-cobach-sonora-programa-internacional-de-escuela-agroecologica\/","og_locale":"es_ES","og_type":"article","og_title":"Sonora en Equipo. Consolida Cobach Sonora programa internacional de Escuela Agroecol\u00f3gica Ciencia y Tecnolog\u00eda","og_description":"HERMOSILLO, SONORA, MX. \u2014 Como parte de un programa internacional para la restauraci\u00f3n de la biodiversidad, el Colegio de Bachilleres del Estado de Sonora En Sonora en Equipo publicamos toda la informaci\u00f3n de Sonora, M\u00e9xico y el Mundo de manera oportuna y busca que la libertad de expresi\u00f3n sea real. Visita nuestro medio informativo publicado desde Hermosillo, Sonora. %","og_url":"https:\/\/www.sonoraenequipo.com.mx\/consolida-cobach-sonora-programa-internacional-de-escuela-agroecologica\/","og_site_name":"Sonora en Equipo.","article_publisher":"https:\/\/www.facebook.com\/SonoraEE\/","article_author":"https:\/\/www.facebook.com\/SonoraEE","article_published_time":"2024-12-22T21:13:16+00:00","og_image":[{"width":600,"height":450,"url":"https:\/\/www.sonoraenequipo.com.mx\/storage\/2024\/12\/cobach-agroecologia.jpg","type":"image\/jpeg"}],"author":"enequipo","twitter_card":"summary_large_image","twitter_creator":"@sonoraenequipo","twitter_site":"@sonoraenequipo","twitter_misc":{"Escrito por":"enequipo","Tiempo de lectura":"2 minutos"},"schema":{"@context":"https:\/\/schema.org","@graph":[{"@type":"Article","@id":"https:\/\/www.sonoraenequipo.com.mx\/consolida-cobach-sonora-programa-internacional-de-escuela-agroecologica\/#article","isPartOf":{"@id":"https:\/\/www.sonoraenequipo.com.mx\/consolida-cobach-sonora-programa-internacional-de-escuela-agroecologica\/"},"author":{"name":"enequipo","@id":"https:\/\/www.sonoraenequipo.com.mx\/#\/schema\/person\/50102df0fb23a8fa9e8effad8fa81386"},"headline":"Consolida Cobach Sonora programa internacional de Escuela Agroecol\u00f3gica","datePublished":"2024-12-22T21:13:16+00:00","mainEntityOfPage":{"@id":"https:\/\/www.sonoraenequipo.com.mx\/consolida-cobach-sonora-programa-internacional-de-escuela-agroecologica\/"},"wordCount":337,"commentCount":0,"publisher":{"@id":"https:\/\/www.sonoraenequipo.com.mx\/#organization"},"image":{"@id":"https:\/\/www.sonoraenequipo.com.mx\/consolida-cobach-sonora-programa-internacional-de-escuela-agroecologica\/#primaryimage"},"thumbnailUrl":"https:\/\/www.sonoraenequipo.com.mx\/storage\/2024\/12\/cobach-agroecologia.jpg","keywords":["agrobiologia","COBACH"],"articleSection":["Ciencia y Tecnolog\u00eda"],"inLanguage":"es","potentialAction":[{"@type":"CommentAction","name":"Comment","target":["https:\/\/www.sonoraenequipo.com.mx\/consolida-cobach-sonora-programa-internacional-de-escuela-agroecologica\/#respond"]}]},{"@type":"WebPage","@id":"https:\/\/www.sonoraenequipo.com.mx\/consolida-cobach-sonora-programa-internacional-de-escuela-agroecologica\/","url":"https:\/\/www.sonoraenequipo.com.mx\/consolida-cobach-sonora-programa-internacional-de-escuela-agroecologica\/","name":"Sonora en Equipo. Consolida Cobach Sonora programa internacional de Escuela Agroecol\u00f3gica Ciencia y Tecnolog\u00eda","isPartOf":{"@id":"https:\/\/www.sonoraenequipo.com.mx\/#website"},"primaryImageOfPage":{"@id":"https:\/\/www.sonoraenequipo.com.mx\/consolida-cobach-sonora-programa-internacional-de-escuela-agroecologica\/#primaryimage"},"image":{"@id":"https:\/\/www.sonoraenequipo.com.mx\/consolida-cobach-sonora-programa-internacional-de-escuela-agroecologica\/#primaryimage"},"thumbnailUrl":"https:\/\/www.sonoraenequipo.com.mx\/storage\/2024\/12\/cobach-agroecologia.jpg","datePublished":"2024-12-22T21:13:16+00:00","description":"HERMOSILLO, SONORA, MX. \u2014 Como parte de un programa internacional para la restauraci\u00f3n de la biodiversidad, el Colegio de Bachilleres del Estado de Sonora En Sonora en Equipo publicamos toda la informaci\u00f3n de Sonora, M\u00e9xico y el Mundo de manera oportuna y busca que la libertad de expresi\u00f3n sea real. Visita nuestro medio informativo publicado desde Hermosillo, Sonora. %","breadcrumb":{"@id":"https:\/\/www.sonoraenequipo.com.mx\/consolida-cobach-sonora-programa-internacional-de-escuela-agroecologica\/#breadcrumb"},"inLanguage":"es","potentialAction":[{"@type":"ReadAction","target":["https:\/\/www.sonoraenequipo.com.mx\/consolida-cobach-sonora-programa-internacional-de-escuela-agroecologica\/"]}]},{"@type":"ImageObject","inLanguage":"es","@id":"https:\/\/www.sonoraenequipo.com.mx\/consolida-cobach-sonora-programa-internacional-de-escuela-agroecologica\/#primaryimage","url":"https:\/\/www.sonoraenequipo.com.mx\/storage\/2024\/12\/cobach-agroecologia.jpg","contentUrl":"https:\/\/www.sonoraenequipo.com.mx\/storage\/2024\/12\/cobach-agroecologia.jpg","width":600,"height":450},{"@type":"BreadcrumbList","@id":"https:\/\/www.sonoraenequipo.com.mx\/consolida-cobach-sonora-programa-internacional-de-escuela-agroecologica\/#breadcrumb","itemListElement":[{"@type":"ListItem","position":1,"name":"Portada","item":"https:\/\/www.sonoraenequipo.com.mx\/"},{"@type":"ListItem","position":2,"name":"Consolida Cobach Sonora programa internacional de Escuela Agroecol\u00f3gica"}]},{"@type":"WebSite","@id":"https:\/\/www.sonoraenequipo.com.mx\/#website","url":"https:\/\/www.sonoraenequipo.com.mx\/","name":"Sonora en Equipo.","description":"Diario en l\u00ednea con Noticias desde Hermosillo, Sonora","publisher":{"@id":"https:\/\/www.sonoraenequipo.com.mx\/#organization"},"potentialAction":[{"@type":"SearchAction","target":{"@type":"EntryPoint","urlTemplate":"https:\/\/www.sonoraenequipo.com.mx\/?s={search_term_string}"},"query-input":{"@type":"PropertyValueSpecification","valueRequired":true,"valueName":"search_term_string"}}],"inLanguage":"es"},{"@type":"Organization","@id":"https:\/\/www.sonoraenequipo.com.mx\/#organization","name":"Sonoraenequipo.com.mx","url":"https:\/\/www.sonoraenequipo.com.mx\/","logo":{"@type":"ImageObject","inLanguage":"es","@id":"https:\/\/www.sonoraenequipo.com.mx\/#\/schema\/logo\/image\/","url":"https:\/\/www.sonoraenequipo.com.mx\/storage\/2019\/01\/sonoraenequipo_opt.png","contentUrl":"https:\/\/www.sonoraenequipo.com.mx\/storage\/2019\/01\/sonoraenequipo_opt.png","width":375,"height":125,"caption":"Sonoraenequipo.com.mx"},"image":{"@id":"https:\/\/www.sonoraenequipo.com.mx\/#\/schema\/logo\/image\/"},"sameAs":["https:\/\/www.facebook.com\/SonoraEE\/","https:\/\/x.com\/sonoraenequipo","https:\/\/www.youtube.com\/channel\/UC338nW-lPEYmJQs4ZABQ1SQ"]},{"@type":"Person","@id":"https:\/\/www.sonoraenequipo.com.mx\/#\/schema\/person\/50102df0fb23a8fa9e8effad8fa81386","name":"enequipo","image":{"@type":"ImageObject","inLanguage":"es","@id":"https:\/\/www.sonoraenequipo.com.mx\/#\/schema\/person\/image\/","url":"https:\/\/secure.gravatar.com\/avatar\/049821681b589dabc0bc20695993ccebb09f5b5d4d790cd9251b97faac7c652b?s=96&d=blank&r=g","contentUrl":"https:\/\/secure.gravatar.com\/avatar\/049821681b589dabc0bc20695993ccebb09f5b5d4d790cd9251b97faac7c652b?s=96&d=blank&r=g","caption":"enequipo"},"sameAs":["https:\/\/www.facebook.com\/SonoraEE"]}]}},"jetpack_featured_media_url":"https:\/\/www.sonoraenequipo.com.mx\/storage\/2024\/12\/cobach-agroecologia.jpg","_links":{"self":[{"href":"https:\/\/www.sonoraenequipo.com.mx\/api\/wp\/v2\/posts\/206613","targetHints":{"allow":["GET"]}}],"collection":[{"href":"https:\/\/www.sonoraenequipo.com.mx\/api\/wp\/v2\/posts"}],"about":[{"href":"https:\/\/www.sonoraenequipo.com.mx\/api\/wp\/v2\/types\/post"}],"author":[{"embeddable":true,"href":"https:\/\/www.sonoraenequipo.com.mx\/api\/wp\/v2\/users\/1"}],"replies":[{"embeddable":true,"href":"https:\/\/www.sonoraenequipo.com.mx\/api\/wp\/v2\/comments?post=206613"}],"version-history":[{"count":1,"href":"https:\/\/www.sonoraenequipo.com.mx\/api\/wp\/v2\/posts\/206613\/revisions"}],"predecessor-version":[{"id":206615,"href":"https:\/\/www.sonoraenequipo.com.mx\/api\/wp\/v2\/posts\/206613\/revisions\/206615"}],"wp:featuredmedia":[{"embeddable":true,"href":"https:\/\/www.sonoraenequipo.com.mx\/api\/wp\/v2\/media\/206614"}],"wp:attachment":[{"href":"https:\/\/www.sonoraenequipo.com.mx\/api\/wp\/v2\/media?parent=206613"}],"wp:term":[{"taxonomy":"category","embeddable":true,"href":"https:\/\/www.sonoraenequipo.com.mx\/api\/wp\/v2\/categories?post=206613"},{"taxonomy":"post_tag","embeddable":true,"href":"https:\/\/www.sonoraenequipo.com.mx\/api\/wp\/v2\/tags?post=206613"}],"curies":[{"name":"wp","href":"https:\/\/api.w.org\/{rel}","templated":true}]}}