{"id":206616,"date":"2024-12-22T14:40:53","date_gmt":"2024-12-22T21:40:53","guid":{"rendered":"https:\/\/www.sonoraenequipo.com.mx\/?p=206616"},"modified":"2024-12-22T14:40:53","modified_gmt":"2024-12-22T21:40:53","slug":"durazo-y-sheinbaum-inauguran-universidad-yaqui-y-becan-a-toda-la-matricula","status":"publish","type":"post","link":"https:\/\/www.sonoraenequipo.com.mx\/durazo-y-sheinbaum-inauguran-universidad-yaqui-y-becan-a-toda-la-matricula\/","title":{"rendered":"Durazo y Sheinbaum inauguran Universidad Yaqui y becan a toda la matr\u00edcula"},"content":{"rendered":"<p><strong>GUAYMAS, SONORA, MX.<\/strong><strong> \u0336 \u0336\u00a0 <\/strong>En un acto hist\u00f3rico que fortalece la lengua, la cultura y las tradiciones de la comunidad yaqui desde una perspectiva de respeto a su autonom\u00eda, el gobernador Alfonso Durazo Monta\u00f1o y la presidenta Claudia Sheinbaum, dentro de su primera visita a Sonora en su mandato, inauguraronayer (21\/12\/24) la Universidad del Pueblo Yaqui, para la cual se destin\u00f3 una inversi\u00f3n de 56.5 millones de pesos.<\/p>\n<p>&nbsp;<\/p>\n<p>&nbsp;<\/p>\n<p>&nbsp;<\/p>\n<p>El jefe del Ejecutivo estatal enfatiz\u00f3 que esta obra representa una muestra del trabajo coordinado y de la nueva relaci\u00f3n de di\u00e1logo entre el Gobierno de M\u00e9xico, el Gobierno de Sonora y el Plan de Justicia del Pueblo Yaqui.<\/p>\n<p>&nbsp;<\/p>\n<p>&nbsp;<\/p>\n<p>&nbsp;<\/p>\n<p>\u00abLa Universidad del Pueblo Yaqui, que es luz para el futuro de los j\u00f3venes de esta comunidad que debe ser fuente de unidad y prosperidad para todos los integrantes de la etnia yaqui y debe ser no solo semillero de profesionistas, sino fuente de unidad, necesitamos una comunidad unida\u00bb, resalt\u00f3.<\/p>\n<p>&nbsp;<\/p>\n<p>&nbsp;<\/p>\n<p>&nbsp;<\/p>\n<p>La presidenta Claudia Sheinbaum destac\u00f3 que el derecho a la educaci\u00f3n es un eje fundamental de la Cuarta Transformaci\u00f3n, el cual se conjuga con los derechos del pueblo de M\u00e9xico.<\/p>\n<p>&nbsp;<\/p>\n<p>&nbsp;<\/p>\n<p>&nbsp;<\/p>\n<p>\u00abVamos a apoyar con todo a esta universidad del pueblo yaqui a seguir ampli\u00e1ndola y d\u00e1ndole todos los recursos que necesite. As\u00ed como la universidad del Pueblo Yaqui, en todo Sonora y en todo el pais, Mario que es el secretario de Educaci\u00f3n tiene la instrucci\u00f3n de seguir encontrando espacios para que los j\u00f3venes tengan la posibilidad de estudiar la preparatoria y la universidad, que puedan desarrollarse como quieran desarrollarse y hacer realidad el derecho a la educaci\u00f3n\u00bb, sentenci\u00f3.<\/p>\n<p>&nbsp;<\/p>\n<p>&nbsp;<\/p>\n<p>&nbsp;<\/p>\n<p>La universidad cuenta con 11 aulas, tres laboratorios, un m\u00f3dulo de servicios, tres \u00e1reas de talleres y un edificio de administraci\u00f3n.<\/p>\n<p>&nbsp;<\/p>\n<p>En total, son tres mil metros cuadrados de construcci\u00f3n que incluyen conectividad con la carretera mediante un andador peatonal, paraderos de autob\u00fas, estacionamientos para bicicletas y luminarias solares. Adem\u00e1s, dispone de espacios deportivos en un \u00e1rea de 15 mil metros cuadrados.<\/p>\n<p>&nbsp;<\/p>\n<p>&nbsp;<\/p>\n<p>&nbsp;<\/p>\n<p>Las licenciaturas que se imparten son: Educaci\u00f3n Comunitaria Ind\u00edgena Intercultural; Medicina y Salud Comunitaria; Procesos de Producci\u00f3n Sostenible; Econom\u00eda Social Comunitaria, y Derechos Ind\u00edgenas. En cuanto a artes y oficios, se ofrecen clases de corte y confecci\u00f3n, danza y m\u00fasica.<\/p>\n<p>&nbsp;<\/p>\n<p>&nbsp;<\/p>\n<p>&nbsp;<\/p>\n<p>Durante el periodo reportado, se atendi\u00f3 a un total de 208 alumnos que cursaron y finalizaron el a\u00f1o 2023. Actualmente, en 2024, la matr\u00edcula ha aumentado a un total de 356 alumnos.<\/p>\n<p>&nbsp;<\/p>\n<p>&nbsp;<\/p>\n<p>&nbsp;<\/p>\n<p>Durante el a\u00f1o 2023, un total de 186 estudiantes, es decir, el 82.6% de la matr\u00edcula inscrita durante ese periodo, se benefici\u00f3 con el apoyo de una o m\u00e1s becas tanto estatales como federales. Para el a\u00f1o 2024, el n\u00famero de becados aument\u00f3 a 316 estudiantes, lo que equivale al 88.7% de la matr\u00edcula.<\/p>\n<p><strong>Fecha de publicaci\u00f3n domingo 22 de diciembre de 2024 \/<\/strong><\/p>\n<p>&nbsp;<\/p>\n","protected":false},"excerpt":{"rendered":"<p>GUAYMAS, SONORA, MX. \u0336 \u0336\u00a0 En un acto hist\u00f3rico que fortalece la lengua, la cultura&#8230;<\/p>\n","protected":false},"author":1,"featured_media":206617,"comment_status":"open","ping_status":"open","sticky":false,"template":"","format":"standard","meta":{"_monsterinsights_skip_tracking":false,"_monsterinsights_sitenote_active":false,"_monsterinsights_sitenote_note":"","_monsterinsights_sitenote_category":0,"footnotes":""},"categories":[22],"tags":[10666],"class_list":["post"],"yoast_head":" \n<title>Sonora en Equipo. Durazo y Sheinbaum inauguran Universidad Yaqui y becan a toda la matr\u00edcula Sonora<\/title>\n<meta name=\"description\" content=\"GUAYMAS, SONORA, MX. \u0336 \u0336\u00a0 En un acto hist\u00f3rico que fortalece la lengua, la cultura y las tradiciones de la comunidad yaqui desde una perspectiva de En Sonora en Equipo publicamos toda la informaci\u00f3n de Sonora, M\u00e9xico y el Mundo de manera oportuna y busca que la libertad de expresi\u00f3n sea real. Visita nuestro medio informativo publicado desde Hermosillo, Sonora. %\" \/>\n<meta name=\"robots\" content=\"index, follow, max-snippet:-1, max-image-preview:large, max-video-preview:-1\" \/>\n<link rel=\"canonical\" href=\"https:\/\/www.sonoraenequipo.com.mx\/durazo-y-sheinbaum-inauguran-universidad-yaqui-y-becan-a-toda-la-matricula\/\" \/>\n<meta property=\"og:locale\" content=\"es_ES\" \/>\n<meta property=\"og:type\" content=\"article\" \/>\n<meta property=\"og:title\" content=\"Sonora en Equipo. Durazo y Sheinbaum inauguran Universidad Yaqui y becan a toda la matr\u00edcula Sonora\" \/>\n<meta property=\"og:description\" content=\"GUAYMAS, SONORA, MX. \u0336 \u0336\u00a0 En un acto hist\u00f3rico que fortalece la lengua, la cultura y las tradiciones de la comunidad yaqui desde una perspectiva de En Sonora en Equipo publicamos toda la informaci\u00f3n de Sonora, M\u00e9xico y el Mundo de manera oportuna y busca que la libertad de expresi\u00f3n sea real. Visita nuestro medio informativo publicado desde Hermosillo, Sonora. %\" \/>\n<meta property=\"og:url\" content=\"https:\/\/www.sonoraenequipo.com.mx\/durazo-y-sheinbaum-inauguran-universidad-yaqui-y-becan-a-toda-la-matricula\/\" \/>\n<meta property=\"og:site_name\" content=\"Sonora en Equipo.\" \/>\n<meta property=\"article:publisher\" content=\"https:\/\/www.facebook.com\/SonoraEE\/\" \/>\n<meta property=\"article:author\" content=\"https:\/\/www.facebook.com\/SonoraEE\" \/>\n<meta property=\"article:published_time\" content=\"2024-12-22T21:40:53+00:00\" \/>\n<meta property=\"og:image\" content=\"https:\/\/www.sonoraenequipo.com.mx\/storage\/2024\/12\/universidad-yaqui.jpg\" \/>\n\t<meta property=\"og:image:width\" content=\"600\" \/>\n\t<meta property=\"og:image:height\" content=\"400\" \/>\n\t<meta property=\"og:image:type\" content=\"image\/jpeg\" \/>\n<meta name=\"author\" content=\"enequipo\" \/>\n<meta name=\"twitter:card\" content=\"summary_large_image\" \/>\n<meta name=\"twitter:creator\" content=\"@sonoraenequipo\" \/>\n<meta name=\"twitter:site\" content=\"@sonoraenequipo\" \/>\n<meta name=\"twitter:label1\" content=\"Escrito por\" \/>\n\t<meta name=\"twitter:data1\" content=\"enequipo\" \/>\n\t<meta name=\"twitter:label2\" content=\"Tiempo de lectura\" \/>\n\t<meta name=\"twitter:data2\" content=\"3 minutos\" \/>\n<script type=\"application\/ld+json\" class=\"yoast-schema-graph\">{\"@context\":\"https:\/\/schema.org\",\"@graph\":[{\"@type\":\"Article\",\"@id\":\"https:\/\/www.sonoraenequipo.com.mx\/durazo-y-sheinbaum-inauguran-universidad-yaqui-y-becan-a-toda-la-matricula\/#article\",\"isPartOf\":{\"@id\":\"https:\/\/www.sonoraenequipo.com.mx\/durazo-y-sheinbaum-inauguran-universidad-yaqui-y-becan-a-toda-la-matricula\/\"},\"author\":{\"name\":\"enequipo\",\"@id\":\"https:\/\/www.sonoraenequipo.com.mx\/#\/schema\/person\/50102df0fb23a8fa9e8effad8fa81386\"},\"headline\":\"Durazo y Sheinbaum inauguran Universidad Yaqui y becan a toda la matr\u00edcula\",\"datePublished\":\"2024-12-22T21:40:53+00:00\",\"mainEntityOfPage\":{\"@id\":\"https:\/\/www.sonoraenequipo.com.mx\/durazo-y-sheinbaum-inauguran-universidad-yaqui-y-becan-a-toda-la-matricula\/\"},\"wordCount\":523,\"commentCount\":0,\"publisher\":{\"@id\":\"https:\/\/www.sonoraenequipo.com.mx\/#organization\"},\"image\":{\"@id\":\"https:\/\/www.sonoraenequipo.com.mx\/durazo-y-sheinbaum-inauguran-universidad-yaqui-y-becan-a-toda-la-matricula\/#primaryimage\"},\"thumbnailUrl\":\"https:\/\/www.sonoraenequipo.com.mx\/storage\/2024\/12\/universidad-yaqui.jpg\",\"keywords\":[\"universidad yaqui\"],\"articleSection\":[\"Sonora\"],\"inLanguage\":\"es\",\"potentialAction\":[{\"@type\":\"CommentAction\",\"name\":\"Comment\",\"target\":[\"https:\/\/www.sonoraenequipo.com.mx\/durazo-y-sheinbaum-inauguran-universidad-yaqui-y-becan-a-toda-la-matricula\/#respond\"]}]},{\"@type\":\"WebPage\",\"@id\":\"https:\/\/www.sonoraenequipo.com.mx\/durazo-y-sheinbaum-inauguran-universidad-yaqui-y-becan-a-toda-la-matricula\/\",\"url\":\"https:\/\/www.sonoraenequipo.com.mx\/durazo-y-sheinbaum-inauguran-universidad-yaqui-y-becan-a-toda-la-matricula\/\",\"name\":\"Sonora en Equipo. Durazo y Sheinbaum inauguran Universidad Yaqui y becan a toda la matr\u00edcula Sonora\",\"isPartOf\":{\"@id\":\"https:\/\/www.sonoraenequipo.com.mx\/#website\"},\"primaryImageOfPage\":{\"@id\":\"https:\/\/www.sonoraenequipo.com.mx\/durazo-y-sheinbaum-inauguran-universidad-yaqui-y-becan-a-toda-la-matricula\/#primaryimage\"},\"image\":{\"@id\":\"https:\/\/www.sonoraenequipo.com.mx\/durazo-y-sheinbaum-inauguran-universidad-yaqui-y-becan-a-toda-la-matricula\/#primaryimage\"},\"thumbnailUrl\":\"https:\/\/www.sonoraenequipo.com.mx\/storage\/2024\/12\/universidad-yaqui.jpg\",\"datePublished\":\"2024-12-22T21:40:53+00:00\",\"description\":\"GUAYMAS, SONORA, MX. \u0336 \u0336\u00a0 En un acto hist\u00f3rico que fortalece la lengua, la cultura y las tradiciones de la comunidad yaqui desde una perspectiva de En Sonora en Equipo publicamos toda la informaci\u00f3n de Sonora, M\u00e9xico y el Mundo de manera oportuna y busca que la libertad de expresi\u00f3n sea real. Visita nuestro medio informativo publicado desde Hermosillo, Sonora. %\",\"breadcrumb\":{\"@id\":\"https:\/\/www.sonoraenequipo.com.mx\/durazo-y-sheinbaum-inauguran-universidad-yaqui-y-becan-a-toda-la-matricula\/#breadcrumb\"},\"inLanguage\":\"es\",\"potentialAction\":[{\"@type\":\"ReadAction\",\"target\":[\"https:\/\/www.sonoraenequipo.com.mx\/durazo-y-sheinbaum-inauguran-universidad-yaqui-y-becan-a-toda-la-matricula\/\"]}]},{\"@type\":\"ImageObject\",\"inLanguage\":\"es\",\"@id\":\"https:\/\/www.sonoraenequipo.com.mx\/durazo-y-sheinbaum-inauguran-universidad-yaqui-y-becan-a-toda-la-matricula\/#primaryimage\",\"url\":\"https:\/\/www.sonoraenequipo.com.mx\/storage\/2024\/12\/universidad-yaqui.jpg\",\"contentUrl\":\"https:\/\/www.sonoraenequipo.com.mx\/storage\/2024\/12\/universidad-yaqui.jpg\",\"width\":600,\"height\":400},{\"@type\":\"BreadcrumbList\",\"@id\":\"https:\/\/www.sonoraenequipo.com.mx\/durazo-y-sheinbaum-inauguran-universidad-yaqui-y-becan-a-toda-la-matricula\/#breadcrumb\",\"itemListElement\":[{\"@type\":\"ListItem\",\"position\":1,\"name\":\"Portada\",\"item\":\"https:\/\/www.sonoraenequipo.com.mx\/\"},{\"@type\":\"ListItem\",\"position\":2,\"name\":\"Durazo y Sheinbaum inauguran Universidad Yaqui y becan a toda la matr\u00edcula\"}]},{\"@type\":\"WebSite\",\"@id\":\"https:\/\/www.sonoraenequipo.com.mx\/#website\",\"url\":\"https:\/\/www.sonoraenequipo.com.mx\/\",\"name\":\"Sonora en Equipo.\",\"description\":\"Diario en l\u00ednea con Noticias desde Hermosillo, Sonora\",\"publisher\":{\"@id\":\"https:\/\/www.sonoraenequipo.com.mx\/#organization\"},\"potentialAction\":[{\"@type\":\"SearchAction\",\"target\":{\"@type\":\"EntryPoint\",\"urlTemplate\":\"https:\/\/www.sonoraenequipo.com.mx\/?s={search_term_string}\"},\"query-input\":{\"@type\":\"PropertyValueSpecification\",\"valueRequired\":true,\"valueName\":\"search_term_string\"}}],\"inLanguage\":\"es\"},{\"@type\":\"Organization\",\"@id\":\"https:\/\/www.sonoraenequipo.com.mx\/#organization\",\"name\":\"Sonoraenequipo.com.mx\",\"url\":\"https:\/\/www.sonoraenequipo.com.mx\/\",\"logo\":{\"@type\":\"ImageObject\",\"inLanguage\":\"es\",\"@id\":\"https:\/\/www.sonoraenequipo.com.mx\/#\/schema\/logo\/image\/\",\"url\":\"https:\/\/www.sonoraenequipo.com.mx\/storage\/2019\/01\/sonoraenequipo_opt.png\",\"contentUrl\":\"https:\/\/www.sonoraenequipo.com.mx\/storage\/2019\/01\/sonoraenequipo_opt.png\",\"width\":375,\"height\":125,\"caption\":\"Sonoraenequipo.com.mx\"},\"image\":{\"@id\":\"https:\/\/www.sonoraenequipo.com.mx\/#\/schema\/logo\/image\/\"},\"sameAs\":[\"https:\/\/www.facebook.com\/SonoraEE\/\",\"https:\/\/x.com\/sonoraenequipo\",\"https:\/\/www.youtube.com\/channel\/UC338nW-lPEYmJQs4ZABQ1SQ\"]},{\"@type\":\"Person\",\"@id\":\"https:\/\/www.sonoraenequipo.com.mx\/#\/schema\/person\/50102df0fb23a8fa9e8effad8fa81386\",\"name\":\"enequipo\",\"image\":{\"@type\":\"ImageObject\",\"inLanguage\":\"es\",\"@id\":\"https:\/\/www.sonoraenequipo.com.mx\/#\/schema\/person\/image\/\",\"url\":\"https:\/\/secure.gravatar.com\/avatar\/049821681b589dabc0bc20695993ccebb09f5b5d4d790cd9251b97faac7c652b?s=96&d=blank&r=g\",\"contentUrl\":\"https:\/\/secure.gravatar.com\/avatar\/049821681b589dabc0bc20695993ccebb09f5b5d4d790cd9251b97faac7c652b?s=96&d=blank&r=g\",\"caption\":\"enequipo\"},\"sameAs\":[\"https:\/\/www.facebook.com\/SonoraEE\"]}]}<\/script>\n ","yoast_head_json":{"title":"Sonora en Equipo. Durazo y Sheinbaum inauguran Universidad Yaqui y becan a toda la matr\u00edcula Sonora","description":"GUAYMAS, SONORA, MX. \u0336 \u0336\u00a0 En un acto hist\u00f3rico que fortalece la lengua, la cultura y las tradiciones de la comunidad yaqui desde una perspectiva de En Sonora en Equipo publicamos toda la informaci\u00f3n de Sonora, M\u00e9xico y el Mundo de manera oportuna y busca que la libertad de expresi\u00f3n sea real. Visita nuestro medio informativo publicado desde Hermosillo, Sonora. %","robots":{"index":"index","follow":"follow","max-snippet":"max-snippet:-1","max-image-preview":"max-image-preview:large","max-video-preview":"max-video-preview:-1"},"canonical":"https:\/\/www.sonoraenequipo.com.mx\/durazo-y-sheinbaum-inauguran-universidad-yaqui-y-becan-a-toda-la-matricula\/","og_locale":"es_ES","og_type":"article","og_title":"Sonora en Equipo. Durazo y Sheinbaum inauguran Universidad Yaqui y becan a toda la matr\u00edcula Sonora","og_description":"GUAYMAS, SONORA, MX. \u0336 \u0336\u00a0 En un acto hist\u00f3rico que fortalece la lengua, la cultura y las tradiciones de la comunidad yaqui desde una perspectiva de En Sonora en Equipo publicamos toda la informaci\u00f3n de Sonora, M\u00e9xico y el Mundo de manera oportuna y busca que la libertad de expresi\u00f3n sea real. Visita nuestro medio informativo publicado desde Hermosillo, Sonora. %","og_url":"https:\/\/www.sonoraenequipo.com.mx\/durazo-y-sheinbaum-inauguran-universidad-yaqui-y-becan-a-toda-la-matricula\/","og_site_name":"Sonora en Equipo.","article_publisher":"https:\/\/www.facebook.com\/SonoraEE\/","article_author":"https:\/\/www.facebook.com\/SonoraEE","article_published_time":"2024-12-22T21:40:53+00:00","og_image":[{"width":600,"height":400,"url":"https:\/\/www.sonoraenequipo.com.mx\/storage\/2024\/12\/universidad-yaqui.jpg","type":"image\/jpeg"}],"author":"enequipo","twitter_card":"summary_large_image","twitter_creator":"@sonoraenequipo","twitter_site":"@sonoraenequipo","twitter_misc":{"Escrito por":"enequipo","Tiempo de lectura":"3 minutos"},"schema":{"@context":"https:\/\/schema.org","@graph":[{"@type":"Article","@id":"https:\/\/www.sonoraenequipo.com.mx\/durazo-y-sheinbaum-inauguran-universidad-yaqui-y-becan-a-toda-la-matricula\/#article","isPartOf":{"@id":"https:\/\/www.sonoraenequipo.com.mx\/durazo-y-sheinbaum-inauguran-universidad-yaqui-y-becan-a-toda-la-matricula\/"},"author":{"name":"enequipo","@id":"https:\/\/www.sonoraenequipo.com.mx\/#\/schema\/person\/50102df0fb23a8fa9e8effad8fa81386"},"headline":"Durazo y Sheinbaum inauguran Universidad Yaqui y becan a toda la matr\u00edcula","datePublished":"2024-12-22T21:40:53+00:00","mainEntityOfPage":{"@id":"https:\/\/www.sonoraenequipo.com.mx\/durazo-y-sheinbaum-inauguran-universidad-yaqui-y-becan-a-toda-la-matricula\/"},"wordCount":523,"commentCount":0,"publisher":{"@id":"https:\/\/www.sonoraenequipo.com.mx\/#organization"},"image":{"@id":"https:\/\/www.sonoraenequipo.com.mx\/durazo-y-sheinbaum-inauguran-universidad-yaqui-y-becan-a-toda-la-matricula\/#primaryimage"},"thumbnailUrl":"https:\/\/www.sonoraenequipo.com.mx\/storage\/2024\/12\/universidad-yaqui.jpg","keywords":["universidad yaqui"],"articleSection":["Sonora"],"inLanguage":"es","potentialAction":[{"@type":"CommentAction","name":"Comment","target":["https:\/\/www.sonoraenequipo.com.mx\/durazo-y-sheinbaum-inauguran-universidad-yaqui-y-becan-a-toda-la-matricula\/#respond"]}]},{"@type":"WebPage","@id":"https:\/\/www.sonoraenequipo.com.mx\/durazo-y-sheinbaum-inauguran-universidad-yaqui-y-becan-a-toda-la-matricula\/","url":"https:\/\/www.sonoraenequipo.com.mx\/durazo-y-sheinbaum-inauguran-universidad-yaqui-y-becan-a-toda-la-matricula\/","name":"Sonora en Equipo. Durazo y Sheinbaum inauguran Universidad Yaqui y becan a toda la matr\u00edcula Sonora","isPartOf":{"@id":"https:\/\/www.sonoraenequipo.com.mx\/#website"},"primaryImageOfPage":{"@id":"https:\/\/www.sonoraenequipo.com.mx\/durazo-y-sheinbaum-inauguran-universidad-yaqui-y-becan-a-toda-la-matricula\/#primaryimage"},"image":{"@id":"https:\/\/www.sonoraenequipo.com.mx\/durazo-y-sheinbaum-inauguran-universidad-yaqui-y-becan-a-toda-la-matricula\/#primaryimage"},"thumbnailUrl":"https:\/\/www.sonoraenequipo.com.mx\/storage\/2024\/12\/universidad-yaqui.jpg","datePublished":"2024-12-22T21:40:53+00:00","description":"GUAYMAS, SONORA, MX. \u0336 \u0336\u00a0 En un acto hist\u00f3rico que fortalece la lengua, la cultura y las tradiciones de la comunidad yaqui desde una perspectiva de En Sonora en Equipo publicamos toda la informaci\u00f3n de Sonora, M\u00e9xico y el Mundo de manera oportuna y busca que la libertad de expresi\u00f3n sea real. Visita nuestro medio informativo publicado desde Hermosillo, Sonora. %","breadcrumb":{"@id":"https:\/\/www.sonoraenequipo.com.mx\/durazo-y-sheinbaum-inauguran-universidad-yaqui-y-becan-a-toda-la-matricula\/#breadcrumb"},"inLanguage":"es","potentialAction":[{"@type":"ReadAction","target":["https:\/\/www.sonoraenequipo.com.mx\/durazo-y-sheinbaum-inauguran-universidad-yaqui-y-becan-a-toda-la-matricula\/"]}]},{"@type":"ImageObject","inLanguage":"es","@id":"https:\/\/www.sonoraenequipo.com.mx\/durazo-y-sheinbaum-inauguran-universidad-yaqui-y-becan-a-toda-la-matricula\/#primaryimage","url":"https:\/\/www.sonoraenequipo.com.mx\/storage\/2024\/12\/universidad-yaqui.jpg","contentUrl":"https:\/\/www.sonoraenequipo.com.mx\/storage\/2024\/12\/universidad-yaqui.jpg","width":600,"height":400},{"@type":"BreadcrumbList","@id":"https:\/\/www.sonoraenequipo.com.mx\/durazo-y-sheinbaum-inauguran-universidad-yaqui-y-becan-a-toda-la-matricula\/#breadcrumb","itemListElement":[{"@type":"ListItem","position":1,"name":"Portada","item":"https:\/\/www.sonoraenequipo.com.mx\/"},{"@type":"ListItem","position":2,"name":"Durazo y Sheinbaum inauguran Universidad Yaqui y becan a toda la matr\u00edcula"}]},{"@type":"WebSite","@id":"https:\/\/www.sonoraenequipo.com.mx\/#website","url":"https:\/\/www.sonoraenequipo.com.mx\/","name":"Sonora en Equipo.","description":"Diario en l\u00ednea con Noticias desde Hermosillo, Sonora","publisher":{"@id":"https:\/\/www.sonoraenequipo.com.mx\/#organization"},"potentialAction":[{"@type":"SearchAction","target":{"@type":"EntryPoint","urlTemplate":"https:\/\/www.sonoraenequipo.com.mx\/?s={search_term_string}"},"query-input":{"@type":"PropertyValueSpecification","valueRequired":true,"valueName":"search_term_string"}}],"inLanguage":"es"},{"@type":"Organization","@id":"https:\/\/www.sonoraenequipo.com.mx\/#organization","name":"Sonoraenequipo.com.mx","url":"https:\/\/www.sonoraenequipo.com.mx\/","logo":{"@type":"ImageObject","inLanguage":"es","@id":"https:\/\/www.sonoraenequipo.com.mx\/#\/schema\/logo\/image\/","url":"https:\/\/www.sonoraenequipo.com.mx\/storage\/2019\/01\/sonoraenequipo_opt.png","contentUrl":"https:\/\/www.sonoraenequipo.com.mx\/storage\/2019\/01\/sonoraenequipo_opt.png","width":375,"height":125,"caption":"Sonoraenequipo.com.mx"},"image":{"@id":"https:\/\/www.sonoraenequipo.com.mx\/#\/schema\/logo\/image\/"},"sameAs":["https:\/\/www.facebook.com\/SonoraEE\/","https:\/\/x.com\/sonoraenequipo","https:\/\/www.youtube.com\/channel\/UC338nW-lPEYmJQs4ZABQ1SQ"]},{"@type":"Person","@id":"https:\/\/www.sonoraenequipo.com.mx\/#\/schema\/person\/50102df0fb23a8fa9e8effad8fa81386","name":"enequipo","image":{"@type":"ImageObject","inLanguage":"es","@id":"https:\/\/www.sonoraenequipo.com.mx\/#\/schema\/person\/image\/","url":"https:\/\/secure.gravatar.com\/avatar\/049821681b589dabc0bc20695993ccebb09f5b5d4d790cd9251b97faac7c652b?s=96&d=blank&r=g","contentUrl":"https:\/\/secure.gravatar.com\/avatar\/049821681b589dabc0bc20695993ccebb09f5b5d4d790cd9251b97faac7c652b?s=96&d=blank&r=g","caption":"enequipo"},"sameAs":["https:\/\/www.facebook.com\/SonoraEE"]}]}},"jetpack_featured_media_url":"https:\/\/www.sonoraenequipo.com.mx\/storage\/2024\/12\/universidad-yaqui.jpg","_links":{"self":[{"href":"https:\/\/www.sonoraenequipo.com.mx\/api\/wp\/v2\/posts\/206616","targetHints":{"allow":["GET"]}}],"collection":[{"href":"https:\/\/www.sonoraenequipo.com.mx\/api\/wp\/v2\/posts"}],"about":[{"href":"https:\/\/www.sonoraenequipo.com.mx\/api\/wp\/v2\/types\/post"}],"author":[{"embeddable":true,"href":"https:\/\/www.sonoraenequipo.com.mx\/api\/wp\/v2\/users\/1"}],"replies":[{"embeddable":true,"href":"https:\/\/www.sonoraenequipo.com.mx\/api\/wp\/v2\/comments?post=206616"}],"version-history":[{"count":1,"href":"https:\/\/www.sonoraenequipo.com.mx\/api\/wp\/v2\/posts\/206616\/revisions"}],"predecessor-version":[{"id":206618,"href":"https:\/\/www.sonoraenequipo.com.mx\/api\/wp\/v2\/posts\/206616\/revisions\/206618"}],"wp:featuredmedia":[{"embeddable":true,"href":"https:\/\/www.sonoraenequipo.com.mx\/api\/wp\/v2\/media\/206617"}],"wp:attachment":[{"href":"https:\/\/www.sonoraenequipo.com.mx\/api\/wp\/v2\/media?parent=206616"}],"wp:term":[{"taxonomy":"category","embeddable":true,"href":"https:\/\/www.sonoraenequipo.com.mx\/api\/wp\/v2\/categories?post=206616"},{"taxonomy":"post_tag","embeddable":true,"href":"https:\/\/www.sonoraenequipo.com.mx\/api\/wp\/v2\/tags?post=206616"}],"curies":[{"name":"wp","href":"https:\/\/api.w.org\/{rel}","templated":true}]}}