{"id":206619,"date":"2024-12-22T15:21:13","date_gmt":"2024-12-22T22:21:13","guid":{"rendered":"https:\/\/www.sonoraenequipo.com.mx\/?p=206619"},"modified":"2024-12-22T15:21:13","modified_gmt":"2024-12-22T22:21:13","slug":"magdeburgo-tras-el-atentado-una-ciudad-de-luto","status":"publish","type":"post","link":"https:\/\/www.sonoraenequipo.com.mx\/magdeburgo-tras-el-atentado-una-ciudad-de-luto\/","title":{"rendered":"Magdeburgo tras el atentado: una ciudad de luto"},"content":{"rendered":"<p><strong>BERL\u00cdN, ALEMANIA.<\/strong><strong> \u0336 \u0336\u00a0 <\/strong>En las dif\u00edciles horas que han pasado desde el ataque en el mercado navide\u00f1o de Magdeburgo que dej\u00f3 cinco muertos y unos 200 heridos, una iglesia se ha convertido en el punto de encuentro de los ciudadanos. La de San Juan es la iglesia parroquial m\u00e1s antigua de la ciudad, y all\u00ed predic\u00f3 Martin Lutero hace 500 a\u00f1os. Aunque en ella ya no se ofrecen servicios religiosos, en su frontis se re\u00fanen los que quieren recordar o tratar de entender qu\u00e9 sucedi\u00f3. Otros simplemente buscan consuelo. Flores y velas, un mar de ellas, han sido puestas en el lugar por cientos de manos an\u00f3nimas.<\/p>\n<p>&nbsp;<\/p>\n<p><strong>El terror, m\u00e1s \u00abdenso y palpable\u00bb<\/strong><\/p>\n<p>\u00abNo tengo palabras. El terror siempre ha estado ah\u00ed, pero de forma abstracta. Ahora es algo denso y palpable. Simplemente siento tristeza e impotencia\u00bb, dice a DW una mujer que se identifica como Jutta. Dice que tiene muchos amigos m\u00e9dicos, como el atacante. A diferencia de \u00e9ste, empero, sus amigos intentaron ayudar a los heridos.<\/p>\n<p>&nbsp;<\/p>\n<p>Jutta siente que el terror ahora es \u00abdenso y palpable\u00bb en Magdeburgo, tras el ataque.Jutta siente que el terror ahora es \u00abdenso y palpable\u00bb en Magdeburgo, tras el ataque.<\/p>\n<p>La iglesia se encuentra a pocos metros del mercado navide\u00f1o donde la noche del viernes ocurri\u00f3 la tragedia. Un hombre atropell\u00f3 con un coche reci\u00e9n alquilado a la gente que estaba pac\u00edficamente reunida en el centro de la capital de Sajonia-Anhalt. En cuesti\u00f3n de segundos, todo cambi\u00f3 para cientos de personas que experimentaron terror y odio. Ni hablar de las v\u00edctimas, m\u00e9dicos, amigos y conocidos. En realidad todo Magdeburgo cambi\u00f3 de golpe.<\/p>\n<p>&nbsp;<\/p>\n<p>La ma\u00f1ana del s\u00e1bado, a diferencia de lo que deb\u00eda ocurrir en un d\u00eda normal, el mercado navide\u00f1o est\u00e1 cerrado. Y as\u00ed seguir\u00e1. A\u00fan hay patrullas policiales desplegadas por esta ciudad de 240.000 habitantes. Al frente, en cambio, hay un centro comercial que ya abri\u00f3 sus puertas. All\u00ed muchos lesionados y personas traumatizadas encontraron refugio tras el ataque.<\/p>\n<p>&nbsp;<\/p>\n<p>La ciudad luce extra\u00f1amente tranquila, quiz\u00e1s paralizada por el estado de shock. En el centro hay periodistas de distintos pa\u00edses, porque est\u00e1 anunciada la visita del canciller Olaf Scholz. Poco antes del mediod\u00eda el dirigente camina por el callej\u00f3n que el atacante convirti\u00f3 en escena del crimen. Lo acompa\u00f1an el ministro presidente de Sajonia-Anhalt, Reiner Haseloff (Uni\u00f3n Cristianodem\u00f3crata, CDU), la ministra federal del Interior, Nancy Faeser (SPD) y el jefe de la CDU, Friedrich Merz. Todos visten de negro y lucen rostros adustos. Dejan rosas frente a las puertas de la iglesia y permanecen en silencio unos instantes.<\/p>\n<p>&nbsp;<\/p>\n<p>&nbsp;<\/p>\n<p>Luego se re\u00fanen a puertas cerradas con los m\u00e9dicos, param\u00e9dicos y algunos afectados. No a todos les parece bien que lleguen los pol\u00edticos y algunos critican la puesta en escena como parte de la campa\u00f1a electoral. Unos cuantos lo dejan en claro grit\u00e1ndolo a viva voz. Haseloff es el primero que enfrenta a los medios. Se ve muy afectado. Hoy es jornada de luto, advierte, \u00abm\u00e1s adelante hablaremos de seguridad\u00bb.<\/p>\n<p><strong>\u00abMagdeburgo est\u00e1 unido\u00bb<\/strong><\/p>\n<p>El canciller habla de un acto \u00abterrible y demencial\u00bb, y pide al pa\u00eds permanecer unido. Scholz, que no se caracteriza precisamente por ser muy emocional, apoy\u00f3 a quienes trabajan tras la tragedia, diciendo que no se quedar\u00e1n solos. Pidi\u00f3 que no sea el \u00abodio\u00bb lo que se impregne ahora en la sociedad, sino la \u00abunidad\u00bb.<\/p>\n<p>&nbsp;<\/p>\n<p>Para Mandy Bode el impacto a\u00fan es profundo. Apenas unos minutos antes del ataque hab\u00eda salido del mercado navide\u00f1o. Cuando habla con DW rompe en llanto. El s\u00e1bado lleg\u00f3 frente a la iglesia de San Juan para \u00abmostrar a todos que Magdeburgo est\u00e1 unido\u00bb. No le importa que tambi\u00e9n hayan llegado pol\u00edticos, pero los considera responsables de lo sucedido. \u00abQue esas personas hayan muerto tambi\u00e9n pesa sobre los hombros de esos pol\u00edticos\u00bb, apunta.<\/p>\n<p>&nbsp;<\/p>\n<p>Frente a la iglesia tambi\u00e9n se congregan ultraderechistas que exigen a voz de cuello que los extranjeros sean deportados. Uno de ellos lleva una pulsera con la bandera del Reich alem\u00e1n. Pero personas como Jutta y Mandy no quieren que la jornada se vea empa\u00f1ada y ocupada por extremistas, y los expulsan del lugar resueltamente. El d\u00eda es en memoria de quienes partieron, y para nada m\u00e1s.<\/p>\n<p><strong>Fecha de publicaci\u00f3n domingo 22 de diciembre de 2024 \/DW<\/strong><\/p>\n<p>(dzc\/lgc)<\/p>\n","protected":false},"excerpt":{"rendered":"<p>BERL\u00cdN, ALEMANIA. \u0336 \u0336\u00a0 En las dif\u00edciles horas que han pasado desde el ataque en&#8230;<\/p>\n","protected":false},"author":1,"featured_media":206620,"comment_status":"open","ping_status":"open","sticky":false,"template":"","format":"standard","meta":{"_monsterinsights_skip_tracking":false,"_monsterinsights_sitenote_active":false,"_monsterinsights_sitenote_note":"","_monsterinsights_sitenote_category":0,"footnotes":""},"categories":[3],"tags":[156,10661],"class_list":["post"],"yoast_head":" \n<title>Sonora en Equipo. Magdeburgo tras el atentado: una ciudad de luto MUNDO<\/title>\n<meta name=\"description\" content=\"BERL\u00cdN, ALEMANIA. \u0336 \u0336\u00a0 En las dif\u00edciles horas que han pasado desde el ataque en el mercado navide\u00f1o de Magdeburgo que dej\u00f3 cinco muertos y unos 200 En Sonora en Equipo publicamos toda la informaci\u00f3n de Sonora, M\u00e9xico y el Mundo de manera oportuna y busca que la libertad de expresi\u00f3n sea real. Visita nuestro medio informativo publicado desde Hermosillo, Sonora. %\" \/>\n<meta name=\"robots\" content=\"index, follow, max-snippet:-1, max-image-preview:large, max-video-preview:-1\" \/>\n<link rel=\"canonical\" href=\"https:\/\/www.sonoraenequipo.com.mx\/magdeburgo-tras-el-atentado-una-ciudad-de-luto\/\" \/>\n<meta property=\"og:locale\" content=\"es_ES\" \/>\n<meta property=\"og:type\" content=\"article\" \/>\n<meta property=\"og:title\" content=\"Sonora en Equipo. Magdeburgo tras el atentado: una ciudad de luto MUNDO\" \/>\n<meta property=\"og:description\" content=\"BERL\u00cdN, ALEMANIA. \u0336 \u0336\u00a0 En las dif\u00edciles horas que han pasado desde el ataque en el mercado navide\u00f1o de Magdeburgo que dej\u00f3 cinco muertos y unos 200 En Sonora en Equipo publicamos toda la informaci\u00f3n de Sonora, M\u00e9xico y el Mundo de manera oportuna y busca que la libertad de expresi\u00f3n sea real. Visita nuestro medio informativo publicado desde Hermosillo, Sonora. %\" \/>\n<meta property=\"og:url\" content=\"https:\/\/www.sonoraenequipo.com.mx\/magdeburgo-tras-el-atentado-una-ciudad-de-luto\/\" \/>\n<meta property=\"og:site_name\" content=\"Sonora en Equipo.\" \/>\n<meta property=\"article:publisher\" content=\"https:\/\/www.facebook.com\/SonoraEE\/\" \/>\n<meta property=\"article:author\" content=\"https:\/\/www.facebook.com\/SonoraEE\" \/>\n<meta property=\"article:published_time\" content=\"2024-12-22T22:21:13+00:00\" \/>\n<meta property=\"og:image\" content=\"https:\/\/www.sonoraenequipo.com.mx\/storage\/2024\/12\/magdeburgo.jpg\" \/>\n\t<meta property=\"og:image:width\" content=\"600\" \/>\n\t<meta property=\"og:image:height\" content=\"400\" \/>\n\t<meta property=\"og:image:type\" content=\"image\/jpeg\" \/>\n<meta name=\"author\" content=\"enequipo\" \/>\n<meta name=\"twitter:card\" content=\"summary_large_image\" \/>\n<meta name=\"twitter:creator\" content=\"@sonoraenequipo\" \/>\n<meta name=\"twitter:site\" content=\"@sonoraenequipo\" \/>\n<meta name=\"twitter:label1\" content=\"Escrito por\" \/>\n\t<meta name=\"twitter:data1\" content=\"enequipo\" \/>\n\t<meta name=\"twitter:label2\" content=\"Tiempo de lectura\" \/>\n\t<meta name=\"twitter:data2\" content=\"4 minutos\" \/>\n<script type=\"application\/ld+json\" class=\"yoast-schema-graph\">{\"@context\":\"https:\/\/schema.org\",\"@graph\":[{\"@type\":\"Article\",\"@id\":\"https:\/\/www.sonoraenequipo.com.mx\/magdeburgo-tras-el-atentado-una-ciudad-de-luto\/#article\",\"isPartOf\":{\"@id\":\"https:\/\/www.sonoraenequipo.com.mx\/magdeburgo-tras-el-atentado-una-ciudad-de-luto\/\"},\"author\":{\"name\":\"enequipo\",\"@id\":\"https:\/\/www.sonoraenequipo.com.mx\/#\/schema\/person\/50102df0fb23a8fa9e8effad8fa81386\"},\"headline\":\"Magdeburgo tras el atentado: una ciudad de luto\",\"datePublished\":\"2024-12-22T22:21:13+00:00\",\"mainEntityOfPage\":{\"@id\":\"https:\/\/www.sonoraenequipo.com.mx\/magdeburgo-tras-el-atentado-una-ciudad-de-luto\/\"},\"wordCount\":768,\"commentCount\":0,\"publisher\":{\"@id\":\"https:\/\/www.sonoraenequipo.com.mx\/#organization\"},\"image\":{\"@id\":\"https:\/\/www.sonoraenequipo.com.mx\/magdeburgo-tras-el-atentado-una-ciudad-de-luto\/#primaryimage\"},\"thumbnailUrl\":\"https:\/\/www.sonoraenequipo.com.mx\/storage\/2024\/12\/magdeburgo.jpg\",\"keywords\":[\"Alemania\",\"magdeburgo\"],\"articleSection\":[\"MUNDO\"],\"inLanguage\":\"es\",\"potentialAction\":[{\"@type\":\"CommentAction\",\"name\":\"Comment\",\"target\":[\"https:\/\/www.sonoraenequipo.com.mx\/magdeburgo-tras-el-atentado-una-ciudad-de-luto\/#respond\"]}]},{\"@type\":\"WebPage\",\"@id\":\"https:\/\/www.sonoraenequipo.com.mx\/magdeburgo-tras-el-atentado-una-ciudad-de-luto\/\",\"url\":\"https:\/\/www.sonoraenequipo.com.mx\/magdeburgo-tras-el-atentado-una-ciudad-de-luto\/\",\"name\":\"Sonora en Equipo. Magdeburgo tras el atentado: una ciudad de luto MUNDO\",\"isPartOf\":{\"@id\":\"https:\/\/www.sonoraenequipo.com.mx\/#website\"},\"primaryImageOfPage\":{\"@id\":\"https:\/\/www.sonoraenequipo.com.mx\/magdeburgo-tras-el-atentado-una-ciudad-de-luto\/#primaryimage\"},\"image\":{\"@id\":\"https:\/\/www.sonoraenequipo.com.mx\/magdeburgo-tras-el-atentado-una-ciudad-de-luto\/#primaryimage\"},\"thumbnailUrl\":\"https:\/\/www.sonoraenequipo.com.mx\/storage\/2024\/12\/magdeburgo.jpg\",\"datePublished\":\"2024-12-22T22:21:13+00:00\",\"description\":\"BERL\u00cdN, ALEMANIA. \u0336 \u0336\u00a0 En las dif\u00edciles horas que han pasado desde el ataque en el mercado navide\u00f1o de Magdeburgo que dej\u00f3 cinco muertos y unos 200 En Sonora en Equipo publicamos toda la informaci\u00f3n de Sonora, M\u00e9xico y el Mundo de manera oportuna y busca que la libertad de expresi\u00f3n sea real. Visita nuestro medio informativo publicado desde Hermosillo, Sonora. %\",\"breadcrumb\":{\"@id\":\"https:\/\/www.sonoraenequipo.com.mx\/magdeburgo-tras-el-atentado-una-ciudad-de-luto\/#breadcrumb\"},\"inLanguage\":\"es\",\"potentialAction\":[{\"@type\":\"ReadAction\",\"target\":[\"https:\/\/www.sonoraenequipo.com.mx\/magdeburgo-tras-el-atentado-una-ciudad-de-luto\/\"]}]},{\"@type\":\"ImageObject\",\"inLanguage\":\"es\",\"@id\":\"https:\/\/www.sonoraenequipo.com.mx\/magdeburgo-tras-el-atentado-una-ciudad-de-luto\/#primaryimage\",\"url\":\"https:\/\/www.sonoraenequipo.com.mx\/storage\/2024\/12\/magdeburgo.jpg\",\"contentUrl\":\"https:\/\/www.sonoraenequipo.com.mx\/storage\/2024\/12\/magdeburgo.jpg\",\"width\":600,\"height\":400},{\"@type\":\"BreadcrumbList\",\"@id\":\"https:\/\/www.sonoraenequipo.com.mx\/magdeburgo-tras-el-atentado-una-ciudad-de-luto\/#breadcrumb\",\"itemListElement\":[{\"@type\":\"ListItem\",\"position\":1,\"name\":\"Portada\",\"item\":\"https:\/\/www.sonoraenequipo.com.mx\/\"},{\"@type\":\"ListItem\",\"position\":2,\"name\":\"Magdeburgo tras el atentado: una ciudad de luto\"}]},{\"@type\":\"WebSite\",\"@id\":\"https:\/\/www.sonoraenequipo.com.mx\/#website\",\"url\":\"https:\/\/www.sonoraenequipo.com.mx\/\",\"name\":\"Sonora en Equipo.\",\"description\":\"Diario en l\u00ednea con Noticias desde Hermosillo, Sonora\",\"publisher\":{\"@id\":\"https:\/\/www.sonoraenequipo.com.mx\/#organization\"},\"potentialAction\":[{\"@type\":\"SearchAction\",\"target\":{\"@type\":\"EntryPoint\",\"urlTemplate\":\"https:\/\/www.sonoraenequipo.com.mx\/?s={search_term_string}\"},\"query-input\":{\"@type\":\"PropertyValueSpecification\",\"valueRequired\":true,\"valueName\":\"search_term_string\"}}],\"inLanguage\":\"es\"},{\"@type\":\"Organization\",\"@id\":\"https:\/\/www.sonoraenequipo.com.mx\/#organization\",\"name\":\"Sonoraenequipo.com.mx\",\"url\":\"https:\/\/www.sonoraenequipo.com.mx\/\",\"logo\":{\"@type\":\"ImageObject\",\"inLanguage\":\"es\",\"@id\":\"https:\/\/www.sonoraenequipo.com.mx\/#\/schema\/logo\/image\/\",\"url\":\"https:\/\/www.sonoraenequipo.com.mx\/storage\/2019\/01\/sonoraenequipo_opt.png\",\"contentUrl\":\"https:\/\/www.sonoraenequipo.com.mx\/storage\/2019\/01\/sonoraenequipo_opt.png\",\"width\":375,\"height\":125,\"caption\":\"Sonoraenequipo.com.mx\"},\"image\":{\"@id\":\"https:\/\/www.sonoraenequipo.com.mx\/#\/schema\/logo\/image\/\"},\"sameAs\":[\"https:\/\/www.facebook.com\/SonoraEE\/\",\"https:\/\/x.com\/sonoraenequipo\",\"https:\/\/www.youtube.com\/channel\/UC338nW-lPEYmJQs4ZABQ1SQ\"]},{\"@type\":\"Person\",\"@id\":\"https:\/\/www.sonoraenequipo.com.mx\/#\/schema\/person\/50102df0fb23a8fa9e8effad8fa81386\",\"name\":\"enequipo\",\"image\":{\"@type\":\"ImageObject\",\"inLanguage\":\"es\",\"@id\":\"https:\/\/www.sonoraenequipo.com.mx\/#\/schema\/person\/image\/\",\"url\":\"https:\/\/secure.gravatar.com\/avatar\/049821681b589dabc0bc20695993ccebb09f5b5d4d790cd9251b97faac7c652b?s=96&d=blank&r=g\",\"contentUrl\":\"https:\/\/secure.gravatar.com\/avatar\/049821681b589dabc0bc20695993ccebb09f5b5d4d790cd9251b97faac7c652b?s=96&d=blank&r=g\",\"caption\":\"enequipo\"},\"sameAs\":[\"https:\/\/www.facebook.com\/SonoraEE\"]}]}<\/script>\n ","yoast_head_json":{"title":"Sonora en Equipo. Magdeburgo tras el atentado: una ciudad de luto MUNDO","description":"BERL\u00cdN, ALEMANIA. \u0336 \u0336\u00a0 En las dif\u00edciles horas que han pasado desde el ataque en el mercado navide\u00f1o de Magdeburgo que dej\u00f3 cinco muertos y unos 200 En Sonora en Equipo publicamos toda la informaci\u00f3n de Sonora, M\u00e9xico y el Mundo de manera oportuna y busca que la libertad de expresi\u00f3n sea real. Visita nuestro medio informativo publicado desde Hermosillo, Sonora. %","robots":{"index":"index","follow":"follow","max-snippet":"max-snippet:-1","max-image-preview":"max-image-preview:large","max-video-preview":"max-video-preview:-1"},"canonical":"https:\/\/www.sonoraenequipo.com.mx\/magdeburgo-tras-el-atentado-una-ciudad-de-luto\/","og_locale":"es_ES","og_type":"article","og_title":"Sonora en Equipo. Magdeburgo tras el atentado: una ciudad de luto MUNDO","og_description":"BERL\u00cdN, ALEMANIA. \u0336 \u0336\u00a0 En las dif\u00edciles horas que han pasado desde el ataque en el mercado navide\u00f1o de Magdeburgo que dej\u00f3 cinco muertos y unos 200 En Sonora en Equipo publicamos toda la informaci\u00f3n de Sonora, M\u00e9xico y el Mundo de manera oportuna y busca que la libertad de expresi\u00f3n sea real. Visita nuestro medio informativo publicado desde Hermosillo, Sonora. %","og_url":"https:\/\/www.sonoraenequipo.com.mx\/magdeburgo-tras-el-atentado-una-ciudad-de-luto\/","og_site_name":"Sonora en Equipo.","article_publisher":"https:\/\/www.facebook.com\/SonoraEE\/","article_author":"https:\/\/www.facebook.com\/SonoraEE","article_published_time":"2024-12-22T22:21:13+00:00","og_image":[{"width":600,"height":400,"url":"https:\/\/www.sonoraenequipo.com.mx\/storage\/2024\/12\/magdeburgo.jpg","type":"image\/jpeg"}],"author":"enequipo","twitter_card":"summary_large_image","twitter_creator":"@sonoraenequipo","twitter_site":"@sonoraenequipo","twitter_misc":{"Escrito por":"enequipo","Tiempo de lectura":"4 minutos"},"schema":{"@context":"https:\/\/schema.org","@graph":[{"@type":"Article","@id":"https:\/\/www.sonoraenequipo.com.mx\/magdeburgo-tras-el-atentado-una-ciudad-de-luto\/#article","isPartOf":{"@id":"https:\/\/www.sonoraenequipo.com.mx\/magdeburgo-tras-el-atentado-una-ciudad-de-luto\/"},"author":{"name":"enequipo","@id":"https:\/\/www.sonoraenequipo.com.mx\/#\/schema\/person\/50102df0fb23a8fa9e8effad8fa81386"},"headline":"Magdeburgo tras el atentado: una ciudad de luto","datePublished":"2024-12-22T22:21:13+00:00","mainEntityOfPage":{"@id":"https:\/\/www.sonoraenequipo.com.mx\/magdeburgo-tras-el-atentado-una-ciudad-de-luto\/"},"wordCount":768,"commentCount":0,"publisher":{"@id":"https:\/\/www.sonoraenequipo.com.mx\/#organization"},"image":{"@id":"https:\/\/www.sonoraenequipo.com.mx\/magdeburgo-tras-el-atentado-una-ciudad-de-luto\/#primaryimage"},"thumbnailUrl":"https:\/\/www.sonoraenequipo.com.mx\/storage\/2024\/12\/magdeburgo.jpg","keywords":["Alemania","magdeburgo"],"articleSection":["MUNDO"],"inLanguage":"es","potentialAction":[{"@type":"CommentAction","name":"Comment","target":["https:\/\/www.sonoraenequipo.com.mx\/magdeburgo-tras-el-atentado-una-ciudad-de-luto\/#respond"]}]},{"@type":"WebPage","@id":"https:\/\/www.sonoraenequipo.com.mx\/magdeburgo-tras-el-atentado-una-ciudad-de-luto\/","url":"https:\/\/www.sonoraenequipo.com.mx\/magdeburgo-tras-el-atentado-una-ciudad-de-luto\/","name":"Sonora en Equipo. Magdeburgo tras el atentado: una ciudad de luto MUNDO","isPartOf":{"@id":"https:\/\/www.sonoraenequipo.com.mx\/#website"},"primaryImageOfPage":{"@id":"https:\/\/www.sonoraenequipo.com.mx\/magdeburgo-tras-el-atentado-una-ciudad-de-luto\/#primaryimage"},"image":{"@id":"https:\/\/www.sonoraenequipo.com.mx\/magdeburgo-tras-el-atentado-una-ciudad-de-luto\/#primaryimage"},"thumbnailUrl":"https:\/\/www.sonoraenequipo.com.mx\/storage\/2024\/12\/magdeburgo.jpg","datePublished":"2024-12-22T22:21:13+00:00","description":"BERL\u00cdN, ALEMANIA. \u0336 \u0336\u00a0 En las dif\u00edciles horas que han pasado desde el ataque en el mercado navide\u00f1o de Magdeburgo que dej\u00f3 cinco muertos y unos 200 En Sonora en Equipo publicamos toda la informaci\u00f3n de Sonora, M\u00e9xico y el Mundo de manera oportuna y busca que la libertad de expresi\u00f3n sea real. Visita nuestro medio informativo publicado desde Hermosillo, Sonora. %","breadcrumb":{"@id":"https:\/\/www.sonoraenequipo.com.mx\/magdeburgo-tras-el-atentado-una-ciudad-de-luto\/#breadcrumb"},"inLanguage":"es","potentialAction":[{"@type":"ReadAction","target":["https:\/\/www.sonoraenequipo.com.mx\/magdeburgo-tras-el-atentado-una-ciudad-de-luto\/"]}]},{"@type":"ImageObject","inLanguage":"es","@id":"https:\/\/www.sonoraenequipo.com.mx\/magdeburgo-tras-el-atentado-una-ciudad-de-luto\/#primaryimage","url":"https:\/\/www.sonoraenequipo.com.mx\/storage\/2024\/12\/magdeburgo.jpg","contentUrl":"https:\/\/www.sonoraenequipo.com.mx\/storage\/2024\/12\/magdeburgo.jpg","width":600,"height":400},{"@type":"BreadcrumbList","@id":"https:\/\/www.sonoraenequipo.com.mx\/magdeburgo-tras-el-atentado-una-ciudad-de-luto\/#breadcrumb","itemListElement":[{"@type":"ListItem","position":1,"name":"Portada","item":"https:\/\/www.sonoraenequipo.com.mx\/"},{"@type":"ListItem","position":2,"name":"Magdeburgo tras el atentado: una ciudad de luto"}]},{"@type":"WebSite","@id":"https:\/\/www.sonoraenequipo.com.mx\/#website","url":"https:\/\/www.sonoraenequipo.com.mx\/","name":"Sonora en Equipo.","description":"Diario en l\u00ednea con Noticias desde Hermosillo, Sonora","publisher":{"@id":"https:\/\/www.sonoraenequipo.com.mx\/#organization"},"potentialAction":[{"@type":"SearchAction","target":{"@type":"EntryPoint","urlTemplate":"https:\/\/www.sonoraenequipo.com.mx\/?s={search_term_string}"},"query-input":{"@type":"PropertyValueSpecification","valueRequired":true,"valueName":"search_term_string"}}],"inLanguage":"es"},{"@type":"Organization","@id":"https:\/\/www.sonoraenequipo.com.mx\/#organization","name":"Sonoraenequipo.com.mx","url":"https:\/\/www.sonoraenequipo.com.mx\/","logo":{"@type":"ImageObject","inLanguage":"es","@id":"https:\/\/www.sonoraenequipo.com.mx\/#\/schema\/logo\/image\/","url":"https:\/\/www.sonoraenequipo.com.mx\/storage\/2019\/01\/sonoraenequipo_opt.png","contentUrl":"https:\/\/www.sonoraenequipo.com.mx\/storage\/2019\/01\/sonoraenequipo_opt.png","width":375,"height":125,"caption":"Sonoraenequipo.com.mx"},"image":{"@id":"https:\/\/www.sonoraenequipo.com.mx\/#\/schema\/logo\/image\/"},"sameAs":["https:\/\/www.facebook.com\/SonoraEE\/","https:\/\/x.com\/sonoraenequipo","https:\/\/www.youtube.com\/channel\/UC338nW-lPEYmJQs4ZABQ1SQ"]},{"@type":"Person","@id":"https:\/\/www.sonoraenequipo.com.mx\/#\/schema\/person\/50102df0fb23a8fa9e8effad8fa81386","name":"enequipo","image":{"@type":"ImageObject","inLanguage":"es","@id":"https:\/\/www.sonoraenequipo.com.mx\/#\/schema\/person\/image\/","url":"https:\/\/secure.gravatar.com\/avatar\/049821681b589dabc0bc20695993ccebb09f5b5d4d790cd9251b97faac7c652b?s=96&d=blank&r=g","contentUrl":"https:\/\/secure.gravatar.com\/avatar\/049821681b589dabc0bc20695993ccebb09f5b5d4d790cd9251b97faac7c652b?s=96&d=blank&r=g","caption":"enequipo"},"sameAs":["https:\/\/www.facebook.com\/SonoraEE"]}]}},"jetpack_featured_media_url":"https:\/\/www.sonoraenequipo.com.mx\/storage\/2024\/12\/magdeburgo.jpg","_links":{"self":[{"href":"https:\/\/www.sonoraenequipo.com.mx\/api\/wp\/v2\/posts\/206619","targetHints":{"allow":["GET"]}}],"collection":[{"href":"https:\/\/www.sonoraenequipo.com.mx\/api\/wp\/v2\/posts"}],"about":[{"href":"https:\/\/www.sonoraenequipo.com.mx\/api\/wp\/v2\/types\/post"}],"author":[{"embeddable":true,"href":"https:\/\/www.sonoraenequipo.com.mx\/api\/wp\/v2\/users\/1"}],"replies":[{"embeddable":true,"href":"https:\/\/www.sonoraenequipo.com.mx\/api\/wp\/v2\/comments?post=206619"}],"version-history":[{"count":1,"href":"https:\/\/www.sonoraenequipo.com.mx\/api\/wp\/v2\/posts\/206619\/revisions"}],"predecessor-version":[{"id":206621,"href":"https:\/\/www.sonoraenequipo.com.mx\/api\/wp\/v2\/posts\/206619\/revisions\/206621"}],"wp:featuredmedia":[{"embeddable":true,"href":"https:\/\/www.sonoraenequipo.com.mx\/api\/wp\/v2\/media\/206620"}],"wp:attachment":[{"href":"https:\/\/www.sonoraenequipo.com.mx\/api\/wp\/v2\/media?parent=206619"}],"wp:term":[{"taxonomy":"category","embeddable":true,"href":"https:\/\/www.sonoraenequipo.com.mx\/api\/wp\/v2\/categories?post=206619"},{"taxonomy":"post_tag","embeddable":true,"href":"https:\/\/www.sonoraenequipo.com.mx\/api\/wp\/v2\/tags?post=206619"}],"curies":[{"name":"wp","href":"https:\/\/api.w.org\/{rel}","templated":true}]}}