{"id":2067,"date":"2016-01-07T06:17:00","date_gmt":"2016-01-07T06:17:00","guid":{"rendered":"http:\/\/www.sonoraenequipo.com.mx\/?p=2067"},"modified":"2016-01-07T13:24:12","modified_gmt":"2016-01-07T13:24:12","slug":"agilizaran-cruce-de-mercancias-a-e-u-a-traves-de-la-frontera-de-nogales","status":"publish","type":"post","link":"https:\/\/www.sonoraenequipo.com.mx\/agilizaran-cruce-de-mercancias-a-e-u-a-traves-de-la-frontera-de-nogales\/","title":{"rendered":"Agilizar\u00e1n cruce de mercanc\u00edas a E.U. a trav\u00e9s de la frontera de Nogales"},"content":{"rendered":"<p>06012016. NOGALES, SONORA.MX.\u2014\u00a0 Con el firme compromiso de la Gobernadora Claudia Pavlovich Arellano de recuperar niveles de competitividad en Sonora, el Secretario de Gobierno, Miguel Ernesto Pompa Corella, encabez\u00f3 la instalaci\u00f3n del Comit\u00e9 T\u00e9cnico de Operaciones de Comercio Internacional para agilizar el cruce de mercanc\u00edas a Estados Unidos. <\/p>\n<p><em>\u201cEste comit\u00e9 busca que Nogales, el puerto de mayor importancia en Sonora, d\u00e9 la competitividad que necesitamos como Estado para recuperar el crecimiento que todos los sonorenses merecemos\u201d,<\/em> expres\u00f3 el Secretario de Gobierno.<\/p>\n<p>Ante representantes de los distintos niveles de Gobierno y organismos empresariales, Pompa Corella agradeci\u00f3 la invitaci\u00f3n y se\u00f1al\u00f3 que la Gobernadora Claudia Pavlovich Arellano est\u00e1 enterada de la problem\u00e1tica que se vive en el cruce de mercanc\u00edas al vecino pa\u00eds, y es la primera interesada en que esto se resuelva.<\/p>\n<p>Durante el evento, Francisco Soto, presidente de la Asociaci\u00f3n de Maquiladoras de Sonora (AMS), dio a conocer un estudio sobre los tiempos en los cruces de mercanc\u00eda a Estados Unidos.<\/p>\n<p>Hip\u00f3lito Sedano Ruiz, presidente de Canacintra en Nogales, reconoci\u00f3 la presencia del Secretario de Gobierno, pues asegur\u00f3 que en otros tiempos no se hab\u00eda visto el inter\u00e9s de una autoridad de ese nivel y critic\u00f3 el nulo crecimiento del Estado en los \u00faltimos a\u00f1os por no hacerse las cosas bien.<\/p>\n<p>El Secretario de Gobierno dijo que esta reuni\u00f3n manda una se\u00f1al clara a los inversionistas de que no se est\u00e1n quedando sentados cada quien en su oficina imaginando qu\u00e9 se puede hacer para mejorar lo relacionado a los cruces de mercanc\u00eda, sino que lo est\u00e1n haciendo de manera conjunta como una muestra clara de que esto sea negocio para quienes est\u00e1n en el comercio leg\u00edtimo.<\/p>\n<p><em>\u201cQueremos lograr que esto sea negocio para la industria maquiladora, para la industria exportadora, pero que no sea negocio para el crimen organizado, que esto sea un atractivo para la gente de bien y que sea una barrera para quienes sean gente de mal\u201d,<\/em> expres\u00f3 Pompa Corella.<\/p>\n<p>El Secretario de Gobierno dijo que a la Gobernadora siempre le ha interesado el comunicar a Sonora y que el levantamiento del bloqueo de V\u00edcam no fue una casualidad, sino que fue algo en lo que se trabaj\u00f3 fuertemente para evitar la p\u00e9rdida de inversionistas.<\/p>\n<p><em>\u201cNosotros vamos a sumarnos a esta mesa t\u00e9cnica cuantas veces sea necesario, adem\u00e1s, es el trabajo nuestro y me da mucho gusto ver la disposici\u00f3n de las distintas autoridades, pues hay buena coordinaci\u00f3n con la autoridad municipal, la cual est\u00e1 preocupada porque Nogales no deje de ser competitivo, porque no se puede entender a un Sonora competitivo, sin un Nogales competitivo\u201d,<\/em> mencion\u00f3 el Secretario de Gobierno.<\/p>\n<p>En la reuni\u00f3n estuvieron presentes tambi\u00e9n el General de Brigada de Estado Mayor, Celestino \u00c1vila, comandante de la 45 Zona Militar; el Administrador de la Aduana en Nogales, Gerardo Omar Celis; el Administrador del CAADES, Werner Cota L\u00f3pez; el Presidente de la Asociaci\u00f3n de Agentes Aduanales, Marcel Joffroy; el Director de la Coordinaci\u00f3n Ejecutiva de Verificaci\u00f3n al Comercio Exterior (CEVCE), Jorge Freig Carrillo; el Director de Desarrollo Econ\u00f3mico Municipal en Nogales, Rafael Pacheco; as\u00ed como representantes de la Polic\u00eda Federal Preventiva (PFP), Secretar\u00eda de Gobernaci\u00f3n, CANACO, entre otros.<\/p>\n","protected":false},"excerpt":{"rendered":"<p>06012016. NOGALES, SONORA.MX.\u2014\u00a0 Con el firme compromiso de la Gobernadora Claudia Pavlovich Arellano de recuperar&#8230;<\/p>\n","protected":false},"author":1,"featured_media":0,"comment_status":"open","ping_status":"open","sticky":false,"template":"","format":"standard","meta":{"_monsterinsights_skip_tracking":false,"_monsterinsights_sitenote_active":false,"_monsterinsights_sitenote_note":"","_monsterinsights_sitenote_category":0,"footnotes":""},"categories":[13,22],"tags":[1485,1484,1486],"class_list":["post"],"yoast_head":" \n<title>Sonora en Equipo. Agilizar\u00e1n cruce de mercanc\u00edas a E.U. a trav\u00e9s de la frontera de Nogales<\/title>\n<meta name=\"description\" content=\"06012016. NOGALES, SONORA.MX.\u2014\u00a0 Con el firme compromiso de la Gobernadora Claudia Pavlovich Arellano de recuperar niveles de competitividad en Sonora, el En Sonora en Equipo publicamos toda la informaci\u00f3n de Sonora, M\u00e9xico y el Mundo de manera oportuna y busca que la libertad de expresi\u00f3n sea real. Visita nuestro medio informativo publicado desde Hermosillo, Sonora. %\" \/>\n<meta name=\"robots\" content=\"index, follow, max-snippet:-1, max-image-preview:large, max-video-preview:-1\" \/>\n<link rel=\"canonical\" href=\"https:\/\/www.sonoraenequipo.com.mx\/agilizaran-cruce-de-mercancias-a-e-u-a-traves-de-la-frontera-de-nogales\/\" \/>\n<meta property=\"og:locale\" content=\"es_ES\" \/>\n<meta property=\"og:type\" content=\"article\" \/>\n<meta property=\"og:title\" content=\"Sonora en Equipo. Agilizar\u00e1n cruce de mercanc\u00edas a E.U. a trav\u00e9s de la frontera de Nogales\" \/>\n<meta property=\"og:description\" content=\"06012016. NOGALES, SONORA.MX.\u2014\u00a0 Con el firme compromiso de la Gobernadora Claudia Pavlovich Arellano de recuperar niveles de competitividad en Sonora, el En Sonora en Equipo publicamos toda la informaci\u00f3n de Sonora, M\u00e9xico y el Mundo de manera oportuna y busca que la libertad de expresi\u00f3n sea real. Visita nuestro medio informativo publicado desde Hermosillo, Sonora. %\" \/>\n<meta property=\"og:url\" content=\"https:\/\/www.sonoraenequipo.com.mx\/agilizaran-cruce-de-mercancias-a-e-u-a-traves-de-la-frontera-de-nogales\/\" \/>\n<meta property=\"og:site_name\" content=\"Sonora en Equipo.\" \/>\n<meta property=\"article:publisher\" content=\"https:\/\/www.facebook.com\/SonoraEE\/\" \/>\n<meta property=\"article:author\" content=\"https:\/\/www.facebook.com\/SonoraEE\" \/>\n<meta property=\"article:published_time\" content=\"2016-01-07T06:17:00+00:00\" \/>\n<meta property=\"article:modified_time\" content=\"2016-01-07T13:24:12+00:00\" \/>\n<meta name=\"author\" content=\"enequipo\" \/>\n<meta name=\"twitter:card\" content=\"summary_large_image\" \/>\n<meta name=\"twitter:creator\" content=\"@sonoraenequipo\" \/>\n<meta name=\"twitter:site\" content=\"@sonoraenequipo\" \/>\n<meta name=\"twitter:label1\" content=\"Escrito por\" \/>\n\t<meta name=\"twitter:data1\" content=\"enequipo\" \/>\n\t<meta name=\"twitter:label2\" content=\"Tiempo de lectura\" \/>\n\t<meta name=\"twitter:data2\" content=\"3 minutos\" \/>\n<script type=\"application\/ld+json\" class=\"yoast-schema-graph\">{\"@context\":\"https:\/\/schema.org\",\"@graph\":[{\"@type\":\"Article\",\"@id\":\"https:\/\/www.sonoraenequipo.com.mx\/agilizaran-cruce-de-mercancias-a-e-u-a-traves-de-la-frontera-de-nogales\/#article\",\"isPartOf\":{\"@id\":\"https:\/\/www.sonoraenequipo.com.mx\/agilizaran-cruce-de-mercancias-a-e-u-a-traves-de-la-frontera-de-nogales\/\"},\"author\":{\"name\":\"enequipo\",\"@id\":\"https:\/\/www.sonoraenequipo.com.mx\/#\/schema\/person\/50102df0fb23a8fa9e8effad8fa81386\"},\"headline\":\"Agilizar\u00e1n cruce de mercanc\u00edas a E.U. a trav\u00e9s de la frontera de Nogales\",\"datePublished\":\"2016-01-07T06:17:00+00:00\",\"dateModified\":\"2016-01-07T13:24:12+00:00\",\"mainEntityOfPage\":{\"@id\":\"https:\/\/www.sonoraenequipo.com.mx\/agilizaran-cruce-de-mercancias-a-e-u-a-traves-de-la-frontera-de-nogales\/\"},\"wordCount\":575,\"commentCount\":0,\"publisher\":{\"@id\":\"https:\/\/www.sonoraenequipo.com.mx\/#organization\"},\"keywords\":[\"AMS\",\"ASOCIACION DE MAQUILADORAS DE SONORA\",\"CANACINTRA NOGALES\"],\"articleSection\":[\"Destacadas\",\"Sonora\"],\"inLanguage\":\"es\",\"potentialAction\":[{\"@type\":\"CommentAction\",\"name\":\"Comment\",\"target\":[\"https:\/\/www.sonoraenequipo.com.mx\/agilizaran-cruce-de-mercancias-a-e-u-a-traves-de-la-frontera-de-nogales\/#respond\"]}]},{\"@type\":\"WebPage\",\"@id\":\"https:\/\/www.sonoraenequipo.com.mx\/agilizaran-cruce-de-mercancias-a-e-u-a-traves-de-la-frontera-de-nogales\/\",\"url\":\"https:\/\/www.sonoraenequipo.com.mx\/agilizaran-cruce-de-mercancias-a-e-u-a-traves-de-la-frontera-de-nogales\/\",\"name\":\"Sonora en Equipo. Agilizar\u00e1n cruce de mercanc\u00edas a E.U. a trav\u00e9s de la frontera de Nogales\",\"isPartOf\":{\"@id\":\"https:\/\/www.sonoraenequipo.com.mx\/#website\"},\"datePublished\":\"2016-01-07T06:17:00+00:00\",\"dateModified\":\"2016-01-07T13:24:12+00:00\",\"description\":\"06012016. NOGALES, SONORA.MX.\u2014\u00a0 Con el firme compromiso de la Gobernadora Claudia Pavlovich Arellano de recuperar niveles de competitividad en Sonora, el En Sonora en Equipo publicamos toda la informaci\u00f3n de Sonora, M\u00e9xico y el Mundo de manera oportuna y busca que la libertad de expresi\u00f3n sea real. Visita nuestro medio informativo publicado desde Hermosillo, Sonora. %\",\"breadcrumb\":{\"@id\":\"https:\/\/www.sonoraenequipo.com.mx\/agilizaran-cruce-de-mercancias-a-e-u-a-traves-de-la-frontera-de-nogales\/#breadcrumb\"},\"inLanguage\":\"es\",\"potentialAction\":[{\"@type\":\"ReadAction\",\"target\":[\"https:\/\/www.sonoraenequipo.com.mx\/agilizaran-cruce-de-mercancias-a-e-u-a-traves-de-la-frontera-de-nogales\/\"]}]},{\"@type\":\"BreadcrumbList\",\"@id\":\"https:\/\/www.sonoraenequipo.com.mx\/agilizaran-cruce-de-mercancias-a-e-u-a-traves-de-la-frontera-de-nogales\/#breadcrumb\",\"itemListElement\":[{\"@type\":\"ListItem\",\"position\":1,\"name\":\"Portada\",\"item\":\"https:\/\/www.sonoraenequipo.com.mx\/\"},{\"@type\":\"ListItem\",\"position\":2,\"name\":\"Agilizar\u00e1n cruce de mercanc\u00edas a E.U. a trav\u00e9s de la frontera de Nogales\"}]},{\"@type\":\"WebSite\",\"@id\":\"https:\/\/www.sonoraenequipo.com.mx\/#website\",\"url\":\"https:\/\/www.sonoraenequipo.com.mx\/\",\"name\":\"Sonora en Equipo.\",\"description\":\"Diario en l\u00ednea con Noticias desde Hermosillo, Sonora\",\"publisher\":{\"@id\":\"https:\/\/www.sonoraenequipo.com.mx\/#organization\"},\"potentialAction\":[{\"@type\":\"SearchAction\",\"target\":{\"@type\":\"EntryPoint\",\"urlTemplate\":\"https:\/\/www.sonoraenequipo.com.mx\/?s={search_term_string}\"},\"query-input\":{\"@type\":\"PropertyValueSpecification\",\"valueRequired\":true,\"valueName\":\"search_term_string\"}}],\"inLanguage\":\"es\"},{\"@type\":\"Organization\",\"@id\":\"https:\/\/www.sonoraenequipo.com.mx\/#organization\",\"name\":\"Sonoraenequipo.com.mx\",\"url\":\"https:\/\/www.sonoraenequipo.com.mx\/\",\"logo\":{\"@type\":\"ImageObject\",\"inLanguage\":\"es\",\"@id\":\"https:\/\/www.sonoraenequipo.com.mx\/#\/schema\/logo\/image\/\",\"url\":\"https:\/\/www.sonoraenequipo.com.mx\/storage\/2019\/01\/sonoraenequipo_opt.png\",\"contentUrl\":\"https:\/\/www.sonoraenequipo.com.mx\/storage\/2019\/01\/sonoraenequipo_opt.png\",\"width\":375,\"height\":125,\"caption\":\"Sonoraenequipo.com.mx\"},\"image\":{\"@id\":\"https:\/\/www.sonoraenequipo.com.mx\/#\/schema\/logo\/image\/\"},\"sameAs\":[\"https:\/\/www.facebook.com\/SonoraEE\/\",\"https:\/\/x.com\/sonoraenequipo\",\"https:\/\/www.youtube.com\/channel\/UC338nW-lPEYmJQs4ZABQ1SQ\"]},{\"@type\":\"Person\",\"@id\":\"https:\/\/www.sonoraenequipo.com.mx\/#\/schema\/person\/50102df0fb23a8fa9e8effad8fa81386\",\"name\":\"enequipo\",\"image\":{\"@type\":\"ImageObject\",\"inLanguage\":\"es\",\"@id\":\"https:\/\/www.sonoraenequipo.com.mx\/#\/schema\/person\/image\/\",\"url\":\"https:\/\/secure.gravatar.com\/avatar\/049821681b589dabc0bc20695993ccebb09f5b5d4d790cd9251b97faac7c652b?s=96&d=blank&r=g\",\"contentUrl\":\"https:\/\/secure.gravatar.com\/avatar\/049821681b589dabc0bc20695993ccebb09f5b5d4d790cd9251b97faac7c652b?s=96&d=blank&r=g\",\"caption\":\"enequipo\"},\"sameAs\":[\"https:\/\/www.facebook.com\/SonoraEE\"]}]}<\/script>\n ","yoast_head_json":{"title":"Sonora en Equipo. Agilizar\u00e1n cruce de mercanc\u00edas a E.U. a trav\u00e9s de la frontera de Nogales","description":"06012016. NOGALES, SONORA.MX.\u2014\u00a0 Con el firme compromiso de la Gobernadora Claudia Pavlovich Arellano de recuperar niveles de competitividad en Sonora, el En Sonora en Equipo publicamos toda la informaci\u00f3n de Sonora, M\u00e9xico y el Mundo de manera oportuna y busca que la libertad de expresi\u00f3n sea real. Visita nuestro medio informativo publicado desde Hermosillo, Sonora. %","robots":{"index":"index","follow":"follow","max-snippet":"max-snippet:-1","max-image-preview":"max-image-preview:large","max-video-preview":"max-video-preview:-1"},"canonical":"https:\/\/www.sonoraenequipo.com.mx\/agilizaran-cruce-de-mercancias-a-e-u-a-traves-de-la-frontera-de-nogales\/","og_locale":"es_ES","og_type":"article","og_title":"Sonora en Equipo. Agilizar\u00e1n cruce de mercanc\u00edas a E.U. a trav\u00e9s de la frontera de Nogales","og_description":"06012016. NOGALES, SONORA.MX.\u2014\u00a0 Con el firme compromiso de la Gobernadora Claudia Pavlovich Arellano de recuperar niveles de competitividad en Sonora, el En Sonora en Equipo publicamos toda la informaci\u00f3n de Sonora, M\u00e9xico y el Mundo de manera oportuna y busca que la libertad de expresi\u00f3n sea real. Visita nuestro medio informativo publicado desde Hermosillo, Sonora. %","og_url":"https:\/\/www.sonoraenequipo.com.mx\/agilizaran-cruce-de-mercancias-a-e-u-a-traves-de-la-frontera-de-nogales\/","og_site_name":"Sonora en Equipo.","article_publisher":"https:\/\/www.facebook.com\/SonoraEE\/","article_author":"https:\/\/www.facebook.com\/SonoraEE","article_published_time":"2016-01-07T06:17:00+00:00","article_modified_time":"2016-01-07T13:24:12+00:00","author":"enequipo","twitter_card":"summary_large_image","twitter_creator":"@sonoraenequipo","twitter_site":"@sonoraenequipo","twitter_misc":{"Escrito por":"enequipo","Tiempo de lectura":"3 minutos"},"schema":{"@context":"https:\/\/schema.org","@graph":[{"@type":"Article","@id":"https:\/\/www.sonoraenequipo.com.mx\/agilizaran-cruce-de-mercancias-a-e-u-a-traves-de-la-frontera-de-nogales\/#article","isPartOf":{"@id":"https:\/\/www.sonoraenequipo.com.mx\/agilizaran-cruce-de-mercancias-a-e-u-a-traves-de-la-frontera-de-nogales\/"},"author":{"name":"enequipo","@id":"https:\/\/www.sonoraenequipo.com.mx\/#\/schema\/person\/50102df0fb23a8fa9e8effad8fa81386"},"headline":"Agilizar\u00e1n cruce de mercanc\u00edas a E.U. a trav\u00e9s de la frontera de Nogales","datePublished":"2016-01-07T06:17:00+00:00","dateModified":"2016-01-07T13:24:12+00:00","mainEntityOfPage":{"@id":"https:\/\/www.sonoraenequipo.com.mx\/agilizaran-cruce-de-mercancias-a-e-u-a-traves-de-la-frontera-de-nogales\/"},"wordCount":575,"commentCount":0,"publisher":{"@id":"https:\/\/www.sonoraenequipo.com.mx\/#organization"},"keywords":["AMS","ASOCIACION DE MAQUILADORAS DE SONORA","CANACINTRA NOGALES"],"articleSection":["Destacadas","Sonora"],"inLanguage":"es","potentialAction":[{"@type":"CommentAction","name":"Comment","target":["https:\/\/www.sonoraenequipo.com.mx\/agilizaran-cruce-de-mercancias-a-e-u-a-traves-de-la-frontera-de-nogales\/#respond"]}]},{"@type":"WebPage","@id":"https:\/\/www.sonoraenequipo.com.mx\/agilizaran-cruce-de-mercancias-a-e-u-a-traves-de-la-frontera-de-nogales\/","url":"https:\/\/www.sonoraenequipo.com.mx\/agilizaran-cruce-de-mercancias-a-e-u-a-traves-de-la-frontera-de-nogales\/","name":"Sonora en Equipo. Agilizar\u00e1n cruce de mercanc\u00edas a E.U. a trav\u00e9s de la frontera de Nogales","isPartOf":{"@id":"https:\/\/www.sonoraenequipo.com.mx\/#website"},"datePublished":"2016-01-07T06:17:00+00:00","dateModified":"2016-01-07T13:24:12+00:00","description":"06012016. NOGALES, SONORA.MX.\u2014\u00a0 Con el firme compromiso de la Gobernadora Claudia Pavlovich Arellano de recuperar niveles de competitividad en Sonora, el En Sonora en Equipo publicamos toda la informaci\u00f3n de Sonora, M\u00e9xico y el Mundo de manera oportuna y busca que la libertad de expresi\u00f3n sea real. Visita nuestro medio informativo publicado desde Hermosillo, Sonora. %","breadcrumb":{"@id":"https:\/\/www.sonoraenequipo.com.mx\/agilizaran-cruce-de-mercancias-a-e-u-a-traves-de-la-frontera-de-nogales\/#breadcrumb"},"inLanguage":"es","potentialAction":[{"@type":"ReadAction","target":["https:\/\/www.sonoraenequipo.com.mx\/agilizaran-cruce-de-mercancias-a-e-u-a-traves-de-la-frontera-de-nogales\/"]}]},{"@type":"BreadcrumbList","@id":"https:\/\/www.sonoraenequipo.com.mx\/agilizaran-cruce-de-mercancias-a-e-u-a-traves-de-la-frontera-de-nogales\/#breadcrumb","itemListElement":[{"@type":"ListItem","position":1,"name":"Portada","item":"https:\/\/www.sonoraenequipo.com.mx\/"},{"@type":"ListItem","position":2,"name":"Agilizar\u00e1n cruce de mercanc\u00edas a E.U. a trav\u00e9s de la frontera de Nogales"}]},{"@type":"WebSite","@id":"https:\/\/www.sonoraenequipo.com.mx\/#website","url":"https:\/\/www.sonoraenequipo.com.mx\/","name":"Sonora en Equipo.","description":"Diario en l\u00ednea con Noticias desde Hermosillo, Sonora","publisher":{"@id":"https:\/\/www.sonoraenequipo.com.mx\/#organization"},"potentialAction":[{"@type":"SearchAction","target":{"@type":"EntryPoint","urlTemplate":"https:\/\/www.sonoraenequipo.com.mx\/?s={search_term_string}"},"query-input":{"@type":"PropertyValueSpecification","valueRequired":true,"valueName":"search_term_string"}}],"inLanguage":"es"},{"@type":"Organization","@id":"https:\/\/www.sonoraenequipo.com.mx\/#organization","name":"Sonoraenequipo.com.mx","url":"https:\/\/www.sonoraenequipo.com.mx\/","logo":{"@type":"ImageObject","inLanguage":"es","@id":"https:\/\/www.sonoraenequipo.com.mx\/#\/schema\/logo\/image\/","url":"https:\/\/www.sonoraenequipo.com.mx\/storage\/2019\/01\/sonoraenequipo_opt.png","contentUrl":"https:\/\/www.sonoraenequipo.com.mx\/storage\/2019\/01\/sonoraenequipo_opt.png","width":375,"height":125,"caption":"Sonoraenequipo.com.mx"},"image":{"@id":"https:\/\/www.sonoraenequipo.com.mx\/#\/schema\/logo\/image\/"},"sameAs":["https:\/\/www.facebook.com\/SonoraEE\/","https:\/\/x.com\/sonoraenequipo","https:\/\/www.youtube.com\/channel\/UC338nW-lPEYmJQs4ZABQ1SQ"]},{"@type":"Person","@id":"https:\/\/www.sonoraenequipo.com.mx\/#\/schema\/person\/50102df0fb23a8fa9e8effad8fa81386","name":"enequipo","image":{"@type":"ImageObject","inLanguage":"es","@id":"https:\/\/www.sonoraenequipo.com.mx\/#\/schema\/person\/image\/","url":"https:\/\/secure.gravatar.com\/avatar\/049821681b589dabc0bc20695993ccebb09f5b5d4d790cd9251b97faac7c652b?s=96&d=blank&r=g","contentUrl":"https:\/\/secure.gravatar.com\/avatar\/049821681b589dabc0bc20695993ccebb09f5b5d4d790cd9251b97faac7c652b?s=96&d=blank&r=g","caption":"enequipo"},"sameAs":["https:\/\/www.facebook.com\/SonoraEE"]}]}},"jetpack_featured_media_url":"","_links":{"self":[{"href":"https:\/\/www.sonoraenequipo.com.mx\/api\/wp\/v2\/posts\/2067","targetHints":{"allow":["GET"]}}],"collection":[{"href":"https:\/\/www.sonoraenequipo.com.mx\/api\/wp\/v2\/posts"}],"about":[{"href":"https:\/\/www.sonoraenequipo.com.mx\/api\/wp\/v2\/types\/post"}],"author":[{"embeddable":true,"href":"https:\/\/www.sonoraenequipo.com.mx\/api\/wp\/v2\/users\/1"}],"replies":[{"embeddable":true,"href":"https:\/\/www.sonoraenequipo.com.mx\/api\/wp\/v2\/comments?post=2067"}],"version-history":[{"count":0,"href":"https:\/\/www.sonoraenequipo.com.mx\/api\/wp\/v2\/posts\/2067\/revisions"}],"wp:attachment":[{"href":"https:\/\/www.sonoraenequipo.com.mx\/api\/wp\/v2\/media?parent=2067"}],"wp:term":[{"taxonomy":"category","embeddable":true,"href":"https:\/\/www.sonoraenequipo.com.mx\/api\/wp\/v2\/categories?post=2067"},{"taxonomy":"post_tag","embeddable":true,"href":"https:\/\/www.sonoraenequipo.com.mx\/api\/wp\/v2\/tags?post=2067"}],"curies":[{"name":"wp","href":"https:\/\/api.w.org\/{rel}","templated":true}]}}