{"id":206991,"date":"2025-01-02T16:25:46","date_gmt":"2025-01-02T23:25:46","guid":{"rendered":"https:\/\/www.sonoraenequipo.com.mx\/?p=206991"},"modified":"2025-01-02T19:18:25","modified_gmt":"2025-01-03T02:18:25","slug":"unisierra-organiza-congreso-internacional-sobre-conservacion-de-ecosistemas","status":"publish","type":"post","link":"https:\/\/www.sonoraenequipo.com.mx\/unisierra-organiza-congreso-internacional-sobre-conservacion-de-ecosistemas\/","title":{"rendered":"Unisierra organiza congreso internacional sobre conservaci\u00f3n de ecosistemas"},"content":{"rendered":"<p><strong>MOCTEZUMA, SONORA, MX.<\/strong> <strong>\u0336 \u0336\u00a0 <\/strong>La Universidad de la Sierra (Unisierra) ser\u00e1 sede del Congreso Internacional sobre Conservaci\u00f3n de la Biodiversidad en el Norte de M\u00e9xico (Norceb) anteriormente llamado Cicem, en coordinaci\u00f3n con la Universidad Estatal de Sonora (UES), anunci\u00f3 Juan Carlos Avil\u00e9s Miranda.<\/p>\n<p>El rector de la Unisierra detall\u00f3 que el evento se llevar\u00e1 a cabo del 10 al 13 de marzo e invit\u00f3 a las personas interesadas en participar con ponencias o carteles a registrar sus propuestas a m\u00e1s tardar el 2 de febrero.<\/p>\n<p>Detall\u00f3 que se busca congregar a expertos, acad\u00e9micos, estudiantes, organizaciones y sectores productivos, con el fin de abordar temas fundamentales en biolog\u00eda, ecolog\u00eda, tecnolog\u00edas ambientales, ecoturismo y agronegocios sostenibles, entre otros.<\/p>\n<p>Las \u00e1reas tem\u00e1ticas que se abordar\u00e1n en el congreso son ecolog\u00eda y ambiente, agronegocios e industrias sostenibles, tecnolog\u00edas ambientales y verdes, ecoturismo y manejo sustentable, as\u00ed como ecolog\u00eda y ambiente.<\/p>\n<p>De esta manera, enfatiz\u00f3 Avil\u00e9s Miranda, la Unisierra se fortalece como un referente acad\u00e9mico en temas ambientales, destacando su capacidad para liderar iniciativas que promuevan la conservaci\u00f3n de la biodiversidad de la regi\u00f3n serrana de Sonora y las entidades vecinas.<\/p>\n<p>\u201cReafirmamos el compromiso de promover la creaci\u00f3n de soluciones innovadoras y el fortalecimiento de redes colaborativas, lo cual es crucial para asegurar un manejo sostenible de los recursos naturales, indispensables tanto para las personas como para las especies de vida silvestre con las que compartimos el territorio\u201d, puntualiz\u00f3.<\/p>\n<p><strong>Fecha de publicaci\u00f3n<\/strong><strong> jueves 2 de enero de 2025 \/<\/strong><\/p>\n","protected":false},"excerpt":{"rendered":"<p>MOCTEZUMA, SONORA, MX. \u0336 \u0336\u00a0 La Universidad de la Sierra (Unisierra) ser\u00e1 sede del Congreso&#8230;<\/p>\n","protected":false},"author":1,"featured_media":206992,"comment_status":"open","ping_status":"open","sticky":false,"template":"","format":"standard","meta":{"_monsterinsights_skip_tracking":false,"_monsterinsights_sitenote_active":false,"_monsterinsights_sitenote_note":"","_monsterinsights_sitenote_category":0,"footnotes":""},"categories":[2216],"tags":[10688,7562],"class_list":["post"],"yoast_head":" \n<title>Sonora en Equipo. Unisierra organiza congreso internacional sobre conservaci\u00f3n de ecosistemas Ciencia y Tecnolog\u00eda<\/title>\n<meta name=\"description\" content=\"MOCTEZUMA, SONORA, MX. \u0336 \u0336\u00a0 La Universidad de la Sierra (Unisierra) ser\u00e1 sede del Congreso Internacional sobre Conservaci\u00f3n de la Biodiversidad en el En Sonora en Equipo publicamos toda la informaci\u00f3n de Sonora, M\u00e9xico y el Mundo de manera oportuna y busca que la libertad de expresi\u00f3n sea real. Visita nuestro medio informativo publicado desde Hermosillo, Sonora. %\" \/>\n<meta name=\"robots\" content=\"index, follow, max-snippet:-1, max-image-preview:large, max-video-preview:-1\" \/>\n<link rel=\"canonical\" href=\"https:\/\/www.sonoraenequipo.com.mx\/unisierra-organiza-congreso-internacional-sobre-conservacion-de-ecosistemas\/\" \/>\n<meta property=\"og:locale\" content=\"es_ES\" \/>\n<meta property=\"og:type\" content=\"article\" \/>\n<meta property=\"og:title\" content=\"Sonora en Equipo. Unisierra organiza congreso internacional sobre conservaci\u00f3n de ecosistemas Ciencia y Tecnolog\u00eda\" \/>\n<meta property=\"og:description\" content=\"MOCTEZUMA, SONORA, MX. \u0336 \u0336\u00a0 La Universidad de la Sierra (Unisierra) ser\u00e1 sede del Congreso Internacional sobre Conservaci\u00f3n de la Biodiversidad en el En Sonora en Equipo publicamos toda la informaci\u00f3n de Sonora, M\u00e9xico y el Mundo de manera oportuna y busca que la libertad de expresi\u00f3n sea real. Visita nuestro medio informativo publicado desde Hermosillo, Sonora. %\" \/>\n<meta property=\"og:url\" content=\"https:\/\/www.sonoraenequipo.com.mx\/unisierra-organiza-congreso-internacional-sobre-conservacion-de-ecosistemas\/\" \/>\n<meta property=\"og:site_name\" content=\"Sonora en Equipo.\" \/>\n<meta property=\"article:publisher\" content=\"https:\/\/www.facebook.com\/SonoraEE\/\" \/>\n<meta property=\"article:author\" content=\"https:\/\/www.facebook.com\/SonoraEE\" \/>\n<meta property=\"article:published_time\" content=\"2025-01-02T23:25:46+00:00\" \/>\n<meta property=\"article:modified_time\" content=\"2025-01-03T02:18:25+00:00\" \/>\n<meta property=\"og:image\" content=\"https:\/\/www.sonoraenequipo.com.mx\/storage\/2025\/01\/unisierra.jpg\" \/>\n\t<meta property=\"og:image:width\" content=\"600\" \/>\n\t<meta property=\"og:image:height\" content=\"480\" \/>\n\t<meta property=\"og:image:type\" content=\"image\/jpeg\" \/>\n<meta name=\"author\" content=\"enequipo\" \/>\n<meta name=\"twitter:card\" content=\"summary_large_image\" \/>\n<meta name=\"twitter:creator\" content=\"@sonoraenequipo\" \/>\n<meta name=\"twitter:site\" content=\"@sonoraenequipo\" \/>\n<meta name=\"twitter:label1\" content=\"Escrito por\" \/>\n\t<meta name=\"twitter:data1\" content=\"enequipo\" \/>\n\t<meta name=\"twitter:label2\" content=\"Tiempo de lectura\" \/>\n\t<meta name=\"twitter:data2\" content=\"1 minuto\" \/>\n<script type=\"application\/ld+json\" class=\"yoast-schema-graph\">{\"@context\":\"https:\/\/schema.org\",\"@graph\":[{\"@type\":\"Article\",\"@id\":\"https:\/\/www.sonoraenequipo.com.mx\/unisierra-organiza-congreso-internacional-sobre-conservacion-de-ecosistemas\/#article\",\"isPartOf\":{\"@id\":\"https:\/\/www.sonoraenequipo.com.mx\/unisierra-organiza-congreso-internacional-sobre-conservacion-de-ecosistemas\/\"},\"author\":{\"name\":\"enequipo\",\"@id\":\"https:\/\/www.sonoraenequipo.com.mx\/#\/schema\/person\/50102df0fb23a8fa9e8effad8fa81386\"},\"headline\":\"Unisierra organiza congreso internacional sobre conservaci\u00f3n de ecosistemas\",\"datePublished\":\"2025-01-02T23:25:46+00:00\",\"dateModified\":\"2025-01-03T02:18:25+00:00\",\"mainEntityOfPage\":{\"@id\":\"https:\/\/www.sonoraenequipo.com.mx\/unisierra-organiza-congreso-internacional-sobre-conservacion-de-ecosistemas\/\"},\"wordCount\":266,\"commentCount\":0,\"publisher\":{\"@id\":\"https:\/\/www.sonoraenequipo.com.mx\/#organization\"},\"image\":{\"@id\":\"https:\/\/www.sonoraenequipo.com.mx\/unisierra-organiza-congreso-internacional-sobre-conservacion-de-ecosistemas\/#primaryimage\"},\"thumbnailUrl\":\"https:\/\/www.sonoraenequipo.com.mx\/storage\/2025\/01\/unisierra.jpg\",\"keywords\":[\"ecosistemas\",\"unisierra\"],\"articleSection\":[\"Ciencia y Tecnolog\u00eda\"],\"inLanguage\":\"es\",\"potentialAction\":[{\"@type\":\"CommentAction\",\"name\":\"Comment\",\"target\":[\"https:\/\/www.sonoraenequipo.com.mx\/unisierra-organiza-congreso-internacional-sobre-conservacion-de-ecosistemas\/#respond\"]}]},{\"@type\":\"WebPage\",\"@id\":\"https:\/\/www.sonoraenequipo.com.mx\/unisierra-organiza-congreso-internacional-sobre-conservacion-de-ecosistemas\/\",\"url\":\"https:\/\/www.sonoraenequipo.com.mx\/unisierra-organiza-congreso-internacional-sobre-conservacion-de-ecosistemas\/\",\"name\":\"Sonora en Equipo. Unisierra organiza congreso internacional sobre conservaci\u00f3n de ecosistemas Ciencia y Tecnolog\u00eda\",\"isPartOf\":{\"@id\":\"https:\/\/www.sonoraenequipo.com.mx\/#website\"},\"primaryImageOfPage\":{\"@id\":\"https:\/\/www.sonoraenequipo.com.mx\/unisierra-organiza-congreso-internacional-sobre-conservacion-de-ecosistemas\/#primaryimage\"},\"image\":{\"@id\":\"https:\/\/www.sonoraenequipo.com.mx\/unisierra-organiza-congreso-internacional-sobre-conservacion-de-ecosistemas\/#primaryimage\"},\"thumbnailUrl\":\"https:\/\/www.sonoraenequipo.com.mx\/storage\/2025\/01\/unisierra.jpg\",\"datePublished\":\"2025-01-02T23:25:46+00:00\",\"dateModified\":\"2025-01-03T02:18:25+00:00\",\"description\":\"MOCTEZUMA, SONORA, MX. \u0336 \u0336\u00a0 La Universidad de la Sierra (Unisierra) ser\u00e1 sede del Congreso Internacional sobre Conservaci\u00f3n de la Biodiversidad en el En Sonora en Equipo publicamos toda la informaci\u00f3n de Sonora, M\u00e9xico y el Mundo de manera oportuna y busca que la libertad de expresi\u00f3n sea real. Visita nuestro medio informativo publicado desde Hermosillo, Sonora. %\",\"breadcrumb\":{\"@id\":\"https:\/\/www.sonoraenequipo.com.mx\/unisierra-organiza-congreso-internacional-sobre-conservacion-de-ecosistemas\/#breadcrumb\"},\"inLanguage\":\"es\",\"potentialAction\":[{\"@type\":\"ReadAction\",\"target\":[\"https:\/\/www.sonoraenequipo.com.mx\/unisierra-organiza-congreso-internacional-sobre-conservacion-de-ecosistemas\/\"]}]},{\"@type\":\"ImageObject\",\"inLanguage\":\"es\",\"@id\":\"https:\/\/www.sonoraenequipo.com.mx\/unisierra-organiza-congreso-internacional-sobre-conservacion-de-ecosistemas\/#primaryimage\",\"url\":\"https:\/\/www.sonoraenequipo.com.mx\/storage\/2025\/01\/unisierra.jpg\",\"contentUrl\":\"https:\/\/www.sonoraenequipo.com.mx\/storage\/2025\/01\/unisierra.jpg\",\"width\":600,\"height\":480},{\"@type\":\"BreadcrumbList\",\"@id\":\"https:\/\/www.sonoraenequipo.com.mx\/unisierra-organiza-congreso-internacional-sobre-conservacion-de-ecosistemas\/#breadcrumb\",\"itemListElement\":[{\"@type\":\"ListItem\",\"position\":1,\"name\":\"Portada\",\"item\":\"https:\/\/www.sonoraenequipo.com.mx\/\"},{\"@type\":\"ListItem\",\"position\":2,\"name\":\"Unisierra organiza congreso internacional sobre conservaci\u00f3n de ecosistemas\"}]},{\"@type\":\"WebSite\",\"@id\":\"https:\/\/www.sonoraenequipo.com.mx\/#website\",\"url\":\"https:\/\/www.sonoraenequipo.com.mx\/\",\"name\":\"Sonora en Equipo.\",\"description\":\"Diario en l\u00ednea con Noticias desde Hermosillo, Sonora\",\"publisher\":{\"@id\":\"https:\/\/www.sonoraenequipo.com.mx\/#organization\"},\"potentialAction\":[{\"@type\":\"SearchAction\",\"target\":{\"@type\":\"EntryPoint\",\"urlTemplate\":\"https:\/\/www.sonoraenequipo.com.mx\/?s={search_term_string}\"},\"query-input\":{\"@type\":\"PropertyValueSpecification\",\"valueRequired\":true,\"valueName\":\"search_term_string\"}}],\"inLanguage\":\"es\"},{\"@type\":\"Organization\",\"@id\":\"https:\/\/www.sonoraenequipo.com.mx\/#organization\",\"name\":\"Sonoraenequipo.com.mx\",\"url\":\"https:\/\/www.sonoraenequipo.com.mx\/\",\"logo\":{\"@type\":\"ImageObject\",\"inLanguage\":\"es\",\"@id\":\"https:\/\/www.sonoraenequipo.com.mx\/#\/schema\/logo\/image\/\",\"url\":\"https:\/\/www.sonoraenequipo.com.mx\/storage\/2019\/01\/sonoraenequipo_opt.png\",\"contentUrl\":\"https:\/\/www.sonoraenequipo.com.mx\/storage\/2019\/01\/sonoraenequipo_opt.png\",\"width\":375,\"height\":125,\"caption\":\"Sonoraenequipo.com.mx\"},\"image\":{\"@id\":\"https:\/\/www.sonoraenequipo.com.mx\/#\/schema\/logo\/image\/\"},\"sameAs\":[\"https:\/\/www.facebook.com\/SonoraEE\/\",\"https:\/\/x.com\/sonoraenequipo\",\"https:\/\/www.youtube.com\/channel\/UC338nW-lPEYmJQs4ZABQ1SQ\"]},{\"@type\":\"Person\",\"@id\":\"https:\/\/www.sonoraenequipo.com.mx\/#\/schema\/person\/50102df0fb23a8fa9e8effad8fa81386\",\"name\":\"enequipo\",\"image\":{\"@type\":\"ImageObject\",\"inLanguage\":\"es\",\"@id\":\"https:\/\/www.sonoraenequipo.com.mx\/#\/schema\/person\/image\/\",\"url\":\"https:\/\/secure.gravatar.com\/avatar\/049821681b589dabc0bc20695993ccebb09f5b5d4d790cd9251b97faac7c652b?s=96&d=blank&r=g\",\"contentUrl\":\"https:\/\/secure.gravatar.com\/avatar\/049821681b589dabc0bc20695993ccebb09f5b5d4d790cd9251b97faac7c652b?s=96&d=blank&r=g\",\"caption\":\"enequipo\"},\"sameAs\":[\"https:\/\/www.facebook.com\/SonoraEE\"]}]}<\/script>\n ","yoast_head_json":{"title":"Sonora en Equipo. Unisierra organiza congreso internacional sobre conservaci\u00f3n de ecosistemas Ciencia y Tecnolog\u00eda","description":"MOCTEZUMA, SONORA, MX. \u0336 \u0336\u00a0 La Universidad de la Sierra (Unisierra) ser\u00e1 sede del Congreso Internacional sobre Conservaci\u00f3n de la Biodiversidad en el En Sonora en Equipo publicamos toda la informaci\u00f3n de Sonora, M\u00e9xico y el Mundo de manera oportuna y busca que la libertad de expresi\u00f3n sea real. Visita nuestro medio informativo publicado desde Hermosillo, Sonora. %","robots":{"index":"index","follow":"follow","max-snippet":"max-snippet:-1","max-image-preview":"max-image-preview:large","max-video-preview":"max-video-preview:-1"},"canonical":"https:\/\/www.sonoraenequipo.com.mx\/unisierra-organiza-congreso-internacional-sobre-conservacion-de-ecosistemas\/","og_locale":"es_ES","og_type":"article","og_title":"Sonora en Equipo. Unisierra organiza congreso internacional sobre conservaci\u00f3n de ecosistemas Ciencia y Tecnolog\u00eda","og_description":"MOCTEZUMA, SONORA, MX. \u0336 \u0336\u00a0 La Universidad de la Sierra (Unisierra) ser\u00e1 sede del Congreso Internacional sobre Conservaci\u00f3n de la Biodiversidad en el En Sonora en Equipo publicamos toda la informaci\u00f3n de Sonora, M\u00e9xico y el Mundo de manera oportuna y busca que la libertad de expresi\u00f3n sea real. Visita nuestro medio informativo publicado desde Hermosillo, Sonora. %","og_url":"https:\/\/www.sonoraenequipo.com.mx\/unisierra-organiza-congreso-internacional-sobre-conservacion-de-ecosistemas\/","og_site_name":"Sonora en Equipo.","article_publisher":"https:\/\/www.facebook.com\/SonoraEE\/","article_author":"https:\/\/www.facebook.com\/SonoraEE","article_published_time":"2025-01-02T23:25:46+00:00","article_modified_time":"2025-01-03T02:18:25+00:00","og_image":[{"width":600,"height":480,"url":"https:\/\/www.sonoraenequipo.com.mx\/storage\/2025\/01\/unisierra.jpg","type":"image\/jpeg"}],"author":"enequipo","twitter_card":"summary_large_image","twitter_creator":"@sonoraenequipo","twitter_site":"@sonoraenequipo","twitter_misc":{"Escrito por":"enequipo","Tiempo de lectura":"1 minuto"},"schema":{"@context":"https:\/\/schema.org","@graph":[{"@type":"Article","@id":"https:\/\/www.sonoraenequipo.com.mx\/unisierra-organiza-congreso-internacional-sobre-conservacion-de-ecosistemas\/#article","isPartOf":{"@id":"https:\/\/www.sonoraenequipo.com.mx\/unisierra-organiza-congreso-internacional-sobre-conservacion-de-ecosistemas\/"},"author":{"name":"enequipo","@id":"https:\/\/www.sonoraenequipo.com.mx\/#\/schema\/person\/50102df0fb23a8fa9e8effad8fa81386"},"headline":"Unisierra organiza congreso internacional sobre conservaci\u00f3n de ecosistemas","datePublished":"2025-01-02T23:25:46+00:00","dateModified":"2025-01-03T02:18:25+00:00","mainEntityOfPage":{"@id":"https:\/\/www.sonoraenequipo.com.mx\/unisierra-organiza-congreso-internacional-sobre-conservacion-de-ecosistemas\/"},"wordCount":266,"commentCount":0,"publisher":{"@id":"https:\/\/www.sonoraenequipo.com.mx\/#organization"},"image":{"@id":"https:\/\/www.sonoraenequipo.com.mx\/unisierra-organiza-congreso-internacional-sobre-conservacion-de-ecosistemas\/#primaryimage"},"thumbnailUrl":"https:\/\/www.sonoraenequipo.com.mx\/storage\/2025\/01\/unisierra.jpg","keywords":["ecosistemas","unisierra"],"articleSection":["Ciencia y Tecnolog\u00eda"],"inLanguage":"es","potentialAction":[{"@type":"CommentAction","name":"Comment","target":["https:\/\/www.sonoraenequipo.com.mx\/unisierra-organiza-congreso-internacional-sobre-conservacion-de-ecosistemas\/#respond"]}]},{"@type":"WebPage","@id":"https:\/\/www.sonoraenequipo.com.mx\/unisierra-organiza-congreso-internacional-sobre-conservacion-de-ecosistemas\/","url":"https:\/\/www.sonoraenequipo.com.mx\/unisierra-organiza-congreso-internacional-sobre-conservacion-de-ecosistemas\/","name":"Sonora en Equipo. Unisierra organiza congreso internacional sobre conservaci\u00f3n de ecosistemas Ciencia y Tecnolog\u00eda","isPartOf":{"@id":"https:\/\/www.sonoraenequipo.com.mx\/#website"},"primaryImageOfPage":{"@id":"https:\/\/www.sonoraenequipo.com.mx\/unisierra-organiza-congreso-internacional-sobre-conservacion-de-ecosistemas\/#primaryimage"},"image":{"@id":"https:\/\/www.sonoraenequipo.com.mx\/unisierra-organiza-congreso-internacional-sobre-conservacion-de-ecosistemas\/#primaryimage"},"thumbnailUrl":"https:\/\/www.sonoraenequipo.com.mx\/storage\/2025\/01\/unisierra.jpg","datePublished":"2025-01-02T23:25:46+00:00","dateModified":"2025-01-03T02:18:25+00:00","description":"MOCTEZUMA, SONORA, MX. \u0336 \u0336\u00a0 La Universidad de la Sierra (Unisierra) ser\u00e1 sede del Congreso Internacional sobre Conservaci\u00f3n de la Biodiversidad en el En Sonora en Equipo publicamos toda la informaci\u00f3n de Sonora, M\u00e9xico y el Mundo de manera oportuna y busca que la libertad de expresi\u00f3n sea real. Visita nuestro medio informativo publicado desde Hermosillo, Sonora. %","breadcrumb":{"@id":"https:\/\/www.sonoraenequipo.com.mx\/unisierra-organiza-congreso-internacional-sobre-conservacion-de-ecosistemas\/#breadcrumb"},"inLanguage":"es","potentialAction":[{"@type":"ReadAction","target":["https:\/\/www.sonoraenequipo.com.mx\/unisierra-organiza-congreso-internacional-sobre-conservacion-de-ecosistemas\/"]}]},{"@type":"ImageObject","inLanguage":"es","@id":"https:\/\/www.sonoraenequipo.com.mx\/unisierra-organiza-congreso-internacional-sobre-conservacion-de-ecosistemas\/#primaryimage","url":"https:\/\/www.sonoraenequipo.com.mx\/storage\/2025\/01\/unisierra.jpg","contentUrl":"https:\/\/www.sonoraenequipo.com.mx\/storage\/2025\/01\/unisierra.jpg","width":600,"height":480},{"@type":"BreadcrumbList","@id":"https:\/\/www.sonoraenequipo.com.mx\/unisierra-organiza-congreso-internacional-sobre-conservacion-de-ecosistemas\/#breadcrumb","itemListElement":[{"@type":"ListItem","position":1,"name":"Portada","item":"https:\/\/www.sonoraenequipo.com.mx\/"},{"@type":"ListItem","position":2,"name":"Unisierra organiza congreso internacional sobre conservaci\u00f3n de ecosistemas"}]},{"@type":"WebSite","@id":"https:\/\/www.sonoraenequipo.com.mx\/#website","url":"https:\/\/www.sonoraenequipo.com.mx\/","name":"Sonora en Equipo.","description":"Diario en l\u00ednea con Noticias desde Hermosillo, Sonora","publisher":{"@id":"https:\/\/www.sonoraenequipo.com.mx\/#organization"},"potentialAction":[{"@type":"SearchAction","target":{"@type":"EntryPoint","urlTemplate":"https:\/\/www.sonoraenequipo.com.mx\/?s={search_term_string}"},"query-input":{"@type":"PropertyValueSpecification","valueRequired":true,"valueName":"search_term_string"}}],"inLanguage":"es"},{"@type":"Organization","@id":"https:\/\/www.sonoraenequipo.com.mx\/#organization","name":"Sonoraenequipo.com.mx","url":"https:\/\/www.sonoraenequipo.com.mx\/","logo":{"@type":"ImageObject","inLanguage":"es","@id":"https:\/\/www.sonoraenequipo.com.mx\/#\/schema\/logo\/image\/","url":"https:\/\/www.sonoraenequipo.com.mx\/storage\/2019\/01\/sonoraenequipo_opt.png","contentUrl":"https:\/\/www.sonoraenequipo.com.mx\/storage\/2019\/01\/sonoraenequipo_opt.png","width":375,"height":125,"caption":"Sonoraenequipo.com.mx"},"image":{"@id":"https:\/\/www.sonoraenequipo.com.mx\/#\/schema\/logo\/image\/"},"sameAs":["https:\/\/www.facebook.com\/SonoraEE\/","https:\/\/x.com\/sonoraenequipo","https:\/\/www.youtube.com\/channel\/UC338nW-lPEYmJQs4ZABQ1SQ"]},{"@type":"Person","@id":"https:\/\/www.sonoraenequipo.com.mx\/#\/schema\/person\/50102df0fb23a8fa9e8effad8fa81386","name":"enequipo","image":{"@type":"ImageObject","inLanguage":"es","@id":"https:\/\/www.sonoraenequipo.com.mx\/#\/schema\/person\/image\/","url":"https:\/\/secure.gravatar.com\/avatar\/049821681b589dabc0bc20695993ccebb09f5b5d4d790cd9251b97faac7c652b?s=96&d=blank&r=g","contentUrl":"https:\/\/secure.gravatar.com\/avatar\/049821681b589dabc0bc20695993ccebb09f5b5d4d790cd9251b97faac7c652b?s=96&d=blank&r=g","caption":"enequipo"},"sameAs":["https:\/\/www.facebook.com\/SonoraEE"]}]}},"jetpack_featured_media_url":"https:\/\/www.sonoraenequipo.com.mx\/storage\/2025\/01\/unisierra.jpg","_links":{"self":[{"href":"https:\/\/www.sonoraenequipo.com.mx\/api\/wp\/v2\/posts\/206991","targetHints":{"allow":["GET"]}}],"collection":[{"href":"https:\/\/www.sonoraenequipo.com.mx\/api\/wp\/v2\/posts"}],"about":[{"href":"https:\/\/www.sonoraenequipo.com.mx\/api\/wp\/v2\/types\/post"}],"author":[{"embeddable":true,"href":"https:\/\/www.sonoraenequipo.com.mx\/api\/wp\/v2\/users\/1"}],"replies":[{"embeddable":true,"href":"https:\/\/www.sonoraenequipo.com.mx\/api\/wp\/v2\/comments?post=206991"}],"version-history":[{"count":2,"href":"https:\/\/www.sonoraenequipo.com.mx\/api\/wp\/v2\/posts\/206991\/revisions"}],"predecessor-version":[{"id":207014,"href":"https:\/\/www.sonoraenequipo.com.mx\/api\/wp\/v2\/posts\/206991\/revisions\/207014"}],"wp:featuredmedia":[{"embeddable":true,"href":"https:\/\/www.sonoraenequipo.com.mx\/api\/wp\/v2\/media\/206992"}],"wp:attachment":[{"href":"https:\/\/www.sonoraenequipo.com.mx\/api\/wp\/v2\/media?parent=206991"}],"wp:term":[{"taxonomy":"category","embeddable":true,"href":"https:\/\/www.sonoraenequipo.com.mx\/api\/wp\/v2\/categories?post=206991"},{"taxonomy":"post_tag","embeddable":true,"href":"https:\/\/www.sonoraenequipo.com.mx\/api\/wp\/v2\/tags?post=206991"}],"curies":[{"name":"wp","href":"https:\/\/api.w.org\/{rel}","templated":true}]}}